{"id":10151,"date":"2023-01-03T19:30:00","date_gmt":"2023-01-03T17:30:00","guid":{"rendered":"https:\/\/espiritodacomporta.com\/?p=10151"},"modified":"2026-02-06T12:43:53","modified_gmt":"2026-02-06T10:43:53","slug":"melides-portugal","status":"publish","type":"post","link":"https:\/\/espiritodacomporta.com\/de\/melides-portugal\/","title":{"rendered":"Die Geheimnisse der Melides in Portugal"},"content":{"rendered":"\n<p class=\"is-style-text-intro\">Die wachsende Beliebtheit von <a href=\"https:\/\/espiritodacomporta.com\/de\/\">Comporta<\/a> zieht die St\u00e4dte und D\u00f6rfer rund um die Herdade da Comporta in ihren Sog. Dies ist der Fall von Melides, einer charmanten H\u00fctte, die etwas weiter s\u00fcdlich liegt, 20 Minuten entfernt. Hier finden Sie eine h\u00fcbsche wei\u00dfget\u00fcnchte Stadt, blaue H\u00e4user, einen \u00fcberdachten Markt im Herzen des Zentrums und, im Westen, eine sch\u00f6ne Lagune und die gleichen langen, unber\u00fchrten <a href=\"https:\/\/espiritodacomporta.com\/de\/comporta-strande-die-schonsten-orte\/\">Str\u00e4nde<\/a> wie in Comporta. <\/p>\n\n\n<section class=\"homeblocks   \">\n    <section class=\"homeblocks-image \">\n                  <!-- <img decoding=\"async\" src=\"https:\/\/espiritodacomporta.com\/app\/uploads\/2019\/05\/melides-beach-1-scaled.webp\" alt=\"melides-beach\"> -->\n          <img decoding=\"async\" width=\"2560\" height=\"1440\" src=\"https:\/\/espiritodacomporta.com\/app\/uploads\/2019\/05\/melides-beach-1-scaled.webp\" class=\"attachment-full size-full\" alt=\"melides-beach\" loading=\"lazy\" srcset=\"https:\/\/espiritodacomporta.com\/app\/uploads\/2019\/05\/melides-beach-1-scaled.webp 2560w, https:\/\/espiritodacomporta.com\/app\/uploads\/2019\/05\/melides-beach-1-300x169.webp 300w, https:\/\/espiritodacomporta.com\/app\/uploads\/2019\/05\/melides-beach-1-1024x576.webp 1024w, https:\/\/espiritodacomporta.com\/app\/uploads\/2019\/05\/melides-beach-1-768x432.webp 768w, https:\/\/espiritodacomporta.com\/app\/uploads\/2019\/05\/melides-beach-1-1536x864.webp 1536w, https:\/\/espiritodacomporta.com\/app\/uploads\/2019\/05\/melides-beach-1-2048x1152.webp 2048w\" sizes=\"auto, (max-width: 2560px) 100vw, 2560px\" data-attachment-id=\"29112\" data-permalink=\"https:\/\/espiritodacomporta.com\/de\/comporta-strande-die-schonsten-orte\/melides-beach-2-2\/\" data-orig-file=\"https:\/\/espiritodacomporta.com\/app\/uploads\/2019\/05\/melides-beach-1-scaled.webp\" data-orig-size=\"2560,1440\" data-comments-opened=\"0\" data-image-meta=\"{&quot;aperture&quot;:&quot;0&quot;,&quot;credit&quot;:&quot;&quot;,&quot;camera&quot;:&quot;&quot;,&quot;caption&quot;:&quot;&quot;,&quot;created_timestamp&quot;:&quot;0&quot;,&quot;copyright&quot;:&quot;&quot;,&quot;focal_length&quot;:&quot;0&quot;,&quot;iso&quot;:&quot;0&quot;,&quot;shutter_speed&quot;:&quot;0&quot;,&quot;title&quot;:&quot;&quot;,&quot;orientation&quot;:&quot;0&quot;}\" data-image-title=\"melides-beach\" data-image-description=\"\" data-image-caption=\"\" data-medium-file=\"https:\/\/espiritodacomporta.com\/app\/uploads\/2019\/05\/melides-beach-1-300x169.webp\" data-large-file=\"https:\/\/espiritodacomporta.com\/app\/uploads\/2019\/05\/melides-beach-1-1024x576.webp\" \/>\n            <\/section>\n    <section class=\"homeblocks-content\">\n        <div class=\"homeblocks-content-inside\">\n            <h2 style=\"text-align: left;\"><strong>Melides in Portugal, authentisches Dorf im Alentejo<\/strong><\/h2>\n<p style=\"text-align: left;\">Das Dorf Melides geh\u00f6rt zur Gemeinde Gr\u00e2ndola. Es liegt an der K\u00fcste des Alentejo 130 km s\u00fcdlich von Lissabon. Melides wird in den letzten Jahren dank der touristischen Entwicklung der Region und dank seiner vielen Vorz\u00fcge immer bekannter: Ruhe, wilde Natur, charmantes Dorf, Aktivit\u00e4ten und gutes <a href=\"https:\/\/espiritodacomporta.com\/de\/wann-sollten-sie-comporta-in-portugal-am-besten-besuchen\/\">Wetter<\/a> das ganze Jahr \u00fcber.<\/p>\n\n\n            \n                    <\/div>\n    <\/section>\n<\/section>\n\n\n<section class=\"homeblocks   \">\n    <section class=\"homeblocks-image  homeblocks-right \">\n                  <!-- <img decoding=\"async\" src=\"https:\/\/espiritodacomporta.com\/app\/uploads\/2023\/09\/01ef73f6-dfd8-437a-828e-bfd4dcc473ab.webp\" alt=\"Melides_beach\"> -->\n          <img decoding=\"async\" width=\"2048\" height=\"1536\" src=\"https:\/\/espiritodacomporta.com\/app\/uploads\/2023\/09\/01ef73f6-dfd8-437a-828e-bfd4dcc473ab.webp\" class=\"attachment-full size-full\" alt=\"Melides_beach\" loading=\"lazy\" srcset=\"https:\/\/espiritodacomporta.com\/app\/uploads\/2023\/09\/01ef73f6-dfd8-437a-828e-bfd4dcc473ab.webp 2048w, https:\/\/espiritodacomporta.com\/app\/uploads\/2023\/09\/01ef73f6-dfd8-437a-828e-bfd4dcc473ab-300x225.webp 300w, https:\/\/espiritodacomporta.com\/app\/uploads\/2023\/09\/01ef73f6-dfd8-437a-828e-bfd4dcc473ab-1024x768.webp 1024w, https:\/\/espiritodacomporta.com\/app\/uploads\/2023\/09\/01ef73f6-dfd8-437a-828e-bfd4dcc473ab-768x576.webp 768w, https:\/\/espiritodacomporta.com\/app\/uploads\/2023\/09\/01ef73f6-dfd8-437a-828e-bfd4dcc473ab-1536x1152.webp 1536w\" sizes=\"auto, (max-width: 2048px) 100vw, 2048px\" data-attachment-id=\"54271\" data-permalink=\"https:\/\/espiritodacomporta.com\/de\/comporta-erkundung-der-vicentina-kueste\/01ef73f6-dfd8-437a-828e-bfd4dcc473ab-2\/\" data-orig-file=\"https:\/\/espiritodacomporta.com\/app\/uploads\/2023\/09\/01ef73f6-dfd8-437a-828e-bfd4dcc473ab.webp\" data-orig-size=\"2048,1536\" data-comments-opened=\"0\" data-image-meta=\"{&quot;aperture&quot;:&quot;0&quot;,&quot;credit&quot;:&quot;&quot;,&quot;camera&quot;:&quot;&quot;,&quot;caption&quot;:&quot;&quot;,&quot;created_timestamp&quot;:&quot;0&quot;,&quot;copyright&quot;:&quot;&quot;,&quot;focal_length&quot;:&quot;0&quot;,&quot;iso&quot;:&quot;0&quot;,&quot;shutter_speed&quot;:&quot;0&quot;,&quot;title&quot;:&quot;&quot;,&quot;orientation&quot;:&quot;0&quot;}\" data-image-title=\"Melides_beach\" data-image-description=\"\" data-image-caption=\"\" data-medium-file=\"https:\/\/espiritodacomporta.com\/app\/uploads\/2023\/09\/01ef73f6-dfd8-437a-828e-bfd4dcc473ab-300x225.webp\" data-large-file=\"https:\/\/espiritodacomporta.com\/app\/uploads\/2023\/09\/01ef73f6-dfd8-437a-828e-bfd4dcc473ab-1024x768.webp\" \/>\n            <\/section>\n    <section class=\"homeblocks-content\">\n        <div class=\"homeblocks-content-inside\">\n            <p style=\"text-align: left;\">Das Dorf Melides in Portugal ist nicht sehr gro\u00df, aber besonders charmant. Die Atmosph\u00e4re ist ruhig, freundlich und sehr angenehm. Eine traditionelle, wei\u00df get\u00fcnchte Kirche und eine Markthalle beleben das \u00f6rtliche Leben. Bauern und Fischer verkaufen frischen Fisch sowie Obst und Gem\u00fcse von ihren H\u00f6fen. Wenn man durch die Gassen des alten Ortskerns schlendert, kann man H\u00e4user aus dem 18. und 19. Jahrhundert mit Holzarbeiten und schmiedeeisernen Balkonen aus dieser Zeit entdecken. Auch die Ruinen der alten Kirche &#8220;Santa Marinha&#8221; (Ende des 15. Jahrhunderts) sind einen Abstecher wert. Ihre beeindruckenden S\u00e4ulen, Mauern und Strebepfeiler sind noch gut zu erkennen.<\/p>\n\n\n            \n                    <\/div>\n    <\/section>\n<\/section>\n\n\n<section class=\"homeblocks   \">\n    <section class=\"homeblocks-image \">\n                  <!-- <img decoding=\"async\" src=\"https:\/\/espiritodacomporta.com\/app\/uploads\/2019\/08\/melides2-e1566676206359.jpg\" alt=\"melides_lagoon\"> -->\n          <img decoding=\"async\" width=\"1100\" height=\"619\" src=\"https:\/\/espiritodacomporta.com\/app\/uploads\/2019\/08\/melides2-e1566676206359.jpg\" class=\"attachment-full size-full\" alt=\"melides_lagoon\" loading=\"lazy\" data-attachment-id=\"7173\" data-permalink=\"https:\/\/espiritodacomporta.com\/de\/melides-portugal\/melides2-2\/\" data-orig-file=\"https:\/\/espiritodacomporta.com\/app\/uploads\/2019\/08\/melides2-e1566676206359.jpg\" data-orig-size=\"1100,619\" data-comments-opened=\"0\" data-image-meta=\"{&quot;aperture&quot;:&quot;1.7&quot;,&quot;credit&quot;:&quot;&quot;,&quot;camera&quot;:&quot;SM-G955F&quot;,&quot;caption&quot;:&quot;&quot;,&quot;created_timestamp&quot;:&quot;1548337166&quot;,&quot;copyright&quot;:&quot;&quot;,&quot;focal_length&quot;:&quot;4.2&quot;,&quot;iso&quot;:&quot;40&quot;,&quot;shutter_speed&quot;:&quot;0.000625&quot;,&quot;title&quot;:&quot;&quot;,&quot;orientation&quot;:&quot;0&quot;}\" data-image-title=\"melides2\" data-image-description=\"\" data-image-caption=\"\" data-medium-file=\"https:\/\/espiritodacomporta.com\/app\/uploads\/2019\/08\/melides2-300x169.jpg\" data-large-file=\"https:\/\/espiritodacomporta.com\/app\/uploads\/2019\/08\/melides2-1024x576.jpg\" \/>\n            <\/section>\n    <section class=\"homeblocks-content\">\n        <div class=\"homeblocks-content-inside\">\n            <p><!-- wp:heading --><\/p>\n<h2 id=\"h-die-melides-lagune-in-portugal\" class=\"wp-block-heading\" style=\"text-align: left;\"><strong>Die Melides Lagune in Portugal<\/strong><\/h2>\n<p style=\"text-align: left;\"><!-- \/wp:heading --> <!-- wp:paragraph --><\/p>\n<p style=\"text-align: left;\">Die Besonderheit von Melides ist die gro\u00dfe Lagune, die das Land durchzieht und bis zum Strand flie\u00dft. Diese Wasserfl\u00e4che durchzieht den Pinienwald, die Reisfelder und die Wiesen von Melides. So schafft sie ein Naturgebiet, das reich an Flora und Fauna ist, die es beherbergt. Seit 2010 ist sie \u00fcbrigens als &#8220;Schutzgebiet von nationalem Interesse&#8221; eingestuft. Im Herzen der Lagune wurde ein Vogelobservatorium eingerichtet. Hier kann man in aller Ruhe nach Enten, Greifv\u00f6geln oder Watv\u00f6geln Ausschau halten, die hier ihre Nahrung finden. Au\u00dferdem gibt es Informationen \u00fcber die Arten, die man in der Lagune antreffen kann, wie z. B. die Bekassine, den Haubentaucher oder den gemeinen Steinschm\u00e4tzer.<\/p>\n<p><!-- \/wp:paragraph --><\/p>\n\n\n            \n                    <\/div>\n    <\/section>\n<\/section>\n\n\n<section class=\"homeblocks   \">\n    <section class=\"homeblocks-image  homeblocks-right \">\n                  <!-- <img decoding=\"async\" src=\"https:\/\/espiritodacomporta.com\/app\/uploads\/2023\/01\/a8a13bc2-17b1-44f3-9aa7-ee8bccab6146.webp\" alt=\"Melides_Dunes\"> -->\n          <img decoding=\"async\" width=\"2048\" height=\"1536\" src=\"https:\/\/espiritodacomporta.com\/app\/uploads\/2023\/01\/a8a13bc2-17b1-44f3-9aa7-ee8bccab6146.webp\" class=\"attachment-full size-full\" alt=\"Melides_Dunes\" loading=\"lazy\" srcset=\"https:\/\/espiritodacomporta.com\/app\/uploads\/2023\/01\/a8a13bc2-17b1-44f3-9aa7-ee8bccab6146.webp 2048w, https:\/\/espiritodacomporta.com\/app\/uploads\/2023\/01\/a8a13bc2-17b1-44f3-9aa7-ee8bccab6146-300x225.webp 300w, https:\/\/espiritodacomporta.com\/app\/uploads\/2023\/01\/a8a13bc2-17b1-44f3-9aa7-ee8bccab6146-1024x768.webp 1024w, https:\/\/espiritodacomporta.com\/app\/uploads\/2023\/01\/a8a13bc2-17b1-44f3-9aa7-ee8bccab6146-768x576.webp 768w, https:\/\/espiritodacomporta.com\/app\/uploads\/2023\/01\/a8a13bc2-17b1-44f3-9aa7-ee8bccab6146-1536x1152.webp 1536w\" sizes=\"auto, (max-width: 2048px) 100vw, 2048px\" data-attachment-id=\"53978\" data-permalink=\"https:\/\/espiritodacomporta.com\/de\/melides-portugal\/a8a13bc2-17b1-44f3-9aa7-ee8bccab6146-2\/\" data-orig-file=\"https:\/\/espiritodacomporta.com\/app\/uploads\/2023\/01\/a8a13bc2-17b1-44f3-9aa7-ee8bccab6146.webp\" data-orig-size=\"2048,1536\" data-comments-opened=\"0\" data-image-meta=\"{&quot;aperture&quot;:&quot;0&quot;,&quot;credit&quot;:&quot;&quot;,&quot;camera&quot;:&quot;&quot;,&quot;caption&quot;:&quot;&quot;,&quot;created_timestamp&quot;:&quot;0&quot;,&quot;copyright&quot;:&quot;&quot;,&quot;focal_length&quot;:&quot;0&quot;,&quot;iso&quot;:&quot;0&quot;,&quot;shutter_speed&quot;:&quot;0&quot;,&quot;title&quot;:&quot;&quot;,&quot;orientation&quot;:&quot;0&quot;}\" data-image-title=\"Melides_Dunes\" data-image-description=\"\" data-image-caption=\"\" data-medium-file=\"https:\/\/espiritodacomporta.com\/app\/uploads\/2023\/01\/a8a13bc2-17b1-44f3-9aa7-ee8bccab6146-300x225.webp\" data-large-file=\"https:\/\/espiritodacomporta.com\/app\/uploads\/2023\/01\/a8a13bc2-17b1-44f3-9aa7-ee8bccab6146-1024x768.webp\" \/>\n            <\/section>\n    <section class=\"homeblocks-content\">\n        <div class=\"homeblocks-content-inside\">\n            <p style=\"text-align: left;\">Die Lagune von Melides in Portugal ist von beiden Ufern aus zug\u00e4nglich. Das S\u00fcdufer ist \u00fcber eine asphaltierte Stra\u00dfe erreichbar, das Nordufer \u00fcber einen Weg. Eine andere originelle Art, die Lagune zu entdecken, ist eine Fahrt mit dem Stand-up-Paddleboard. Ana und Daniel von <a href=\"https:\/\/espiritodacomporta.com\/de\/surfen-in-portugal\/\">Surf in Comporta<\/a> bieten unvergessliche SUP-Ritte in der Lagune von Melides bei Sonnenuntergang an. Eine Gelegenheit, den Sport in einer einzigartigen und unber\u00fchrten Umgebung auszu\u00fcben, was diese Aktivit\u00e4t zu einem der <a href=\"https:\/\/espiritodacomporta.com\/de\/10-dinge-comporta\/\">10 besten Dinge<\/a> macht, die man in Comporta tun kann.<\/p>\n\n\n            \n                    <\/div>\n    <\/section>\n<\/section>\n\n\n\n<h2 class=\"wp-block-heading\" id=\"h-\"> <\/h2>\n\n\n\n<h2 class=\"wp-block-heading\" id=\"h-\"><\/h2>\n\n\n\n<div class=\"wp-block-columns is-layout-flex wp-container-core-columns-is-layout-9d6595d7 wp-block-columns-is-layout-flex\">\n<div class=\"wp-block-column is-layout-flow wp-block-column-is-layout-flow\">\n<h2 class=\"wp-block-heading is-style-big-title\" id=\"h-die-wilden-strande-von-melides-in-portugal\"><strong>Die wilden Str\u00e4nde von Melides in Portugal<\/strong><\/h2>\n<\/div>\n<\/div>\n\n\n\n<h3 class=\"wp-block-heading\" id=\"h-melides-strand\">Melides Strand<\/h3>\n\n\n\n<p class=\"is-style-text-intro\">Melides Beach ist eine lange Sandbucht, die das Meer von der Melides Lagune trennt. Zwischen diesen beiden Gew\u00e4ssern bietet der Praia de Melides eine herrliche und wilde Umgebung, die man nicht m\u00fcde wird, zu betrachten. <\/p>\n\n\n<section class=\"homeblocks   \">\n    <section class=\"homeblocks-image \">\n                  <!-- <img decoding=\"async\" src=\"https:\/\/espiritodacomporta.com\/app\/uploads\/2023\/02\/aTOA.webp\" alt=\"melides-restaurantes\"> -->\n          <img decoding=\"async\" width=\"1920\" height=\"1008\" src=\"https:\/\/espiritodacomporta.com\/app\/uploads\/2023\/02\/aTOA.webp\" class=\"attachment-full size-full\" alt=\"melides-restaurantes\" loading=\"lazy\" srcset=\"https:\/\/espiritodacomporta.com\/app\/uploads\/2023\/02\/aTOA.webp 1920w, https:\/\/espiritodacomporta.com\/app\/uploads\/2023\/02\/aTOA-300x158.webp 300w, https:\/\/espiritodacomporta.com\/app\/uploads\/2023\/02\/aTOA-1024x538.webp 1024w, https:\/\/espiritodacomporta.com\/app\/uploads\/2023\/02\/aTOA-768x403.webp 768w, https:\/\/espiritodacomporta.com\/app\/uploads\/2023\/02\/aTOA-1536x806.webp 1536w\" sizes=\"auto, (max-width: 1920px) 100vw, 1920px\" data-attachment-id=\"48887\" data-permalink=\"https:\/\/espiritodacomporta.com\/de\/sommer-2023-neues-in-comporta\/atoa-2\/\" data-orig-file=\"https:\/\/espiritodacomporta.com\/app\/uploads\/2023\/02\/aTOA.webp\" data-orig-size=\"1920,1008\" data-comments-opened=\"0\" data-image-meta=\"{&quot;aperture&quot;:&quot;0&quot;,&quot;credit&quot;:&quot;&quot;,&quot;camera&quot;:&quot;&quot;,&quot;caption&quot;:&quot;&quot;,&quot;created_timestamp&quot;:&quot;0&quot;,&quot;copyright&quot;:&quot;&quot;,&quot;focal_length&quot;:&quot;0&quot;,&quot;iso&quot;:&quot;0&quot;,&quot;shutter_speed&quot;:&quot;0&quot;,&quot;title&quot;:&quot;&quot;,&quot;orientation&quot;:&quot;0&quot;}\" data-image-title=\"aTOA\" data-image-description=\"\" data-image-caption=\"\" data-medium-file=\"https:\/\/espiritodacomporta.com\/app\/uploads\/2023\/02\/aTOA-300x158.webp\" data-large-file=\"https:\/\/espiritodacomporta.com\/app\/uploads\/2023\/02\/aTOA-1024x538.webp\" \/>\n            <\/section>\n    <section class=\"homeblocks-content\">\n        <div class=\"homeblocks-content-inside\">\n            <p style=\"text-align: left;\">Der Sonnenuntergang ist herrlich. Ein idealer Moment f\u00fcr Fotoliebhaber, wenn sich die letzten Sonnenstrahlen in der Lagune spiegeln. Am Strand bietet das Restaurant Lagoa o Mar Snacks und aufw\u00e4ndigere Gerichte in einer entspannten Atmosph\u00e4re, mit den F\u00fc\u00dfen im Sand. Ideal mit Kindern! Liegest\u00fchle und Sonnenschirme k\u00f6nnen den ganzen Sommer \u00fcber gemietet werden. Zehn Minuten vom Stadtzentrum von Melides in Richtung S\u00fcden, der Zugang \u00fcber die Stra\u00dfe ist einfach. Dieser Strand profitiert auch von einem gro\u00dfen Parkplatz.<\/p>\n\n\n            \n                    <\/div>\n    <\/section>\n<\/section>\n\n\n<section class=\"homeblocks   \">\n    <section class=\"homeblocks-image \">\n                  <!-- <img decoding=\"async\" src=\"https:\/\/espiritodacomporta.com\/app\/uploads\/2022\/05\/comporta-melides.webp\" alt=\"comporta-melides\"> -->\n          <img decoding=\"async\" width=\"754\" height=\"394\" src=\"https:\/\/espiritodacomporta.com\/app\/uploads\/2022\/05\/comporta-melides.webp\" class=\"attachment-full size-full\" alt=\"comporta-melides\" loading=\"lazy\" srcset=\"https:\/\/espiritodacomporta.com\/app\/uploads\/2022\/05\/comporta-melides.webp 754w, https:\/\/espiritodacomporta.com\/app\/uploads\/2022\/05\/comporta-melides-300x157.webp 300w\" sizes=\"auto, (max-width: 754px) 100vw, 754px\" data-attachment-id=\"28813\" data-permalink=\"https:\/\/espiritodacomporta.com\/de\/comporta-doerfer\/comporta-melides-2\/\" data-orig-file=\"https:\/\/espiritodacomporta.com\/app\/uploads\/2022\/05\/comporta-melides.webp\" data-orig-size=\"754,394\" data-comments-opened=\"0\" data-image-meta=\"{&quot;aperture&quot;:&quot;0&quot;,&quot;credit&quot;:&quot;&quot;,&quot;camera&quot;:&quot;&quot;,&quot;caption&quot;:&quot;&quot;,&quot;created_timestamp&quot;:&quot;0&quot;,&quot;copyright&quot;:&quot;&quot;,&quot;focal_length&quot;:&quot;0&quot;,&quot;iso&quot;:&quot;0&quot;,&quot;shutter_speed&quot;:&quot;0&quot;,&quot;title&quot;:&quot;&quot;,&quot;orientation&quot;:&quot;0&quot;}\" data-image-title=\"comporta-melides\" data-image-description=\"\" data-image-caption=\"\" data-medium-file=\"https:\/\/espiritodacomporta.com\/app\/uploads\/2022\/05\/comporta-melides-300x157.webp\" data-large-file=\"https:\/\/espiritodacomporta.com\/app\/uploads\/2022\/05\/comporta-melides.webp\" \/>\n            <\/section>\n    <section class=\"homeblocks-content\">\n        <div class=\"homeblocks-content-inside\">\n            <h3 id=\"h-viga-strand\" class=\"wp-block-heading\" style=\"text-align: left;\">Viga Strand<\/h3>\n<p style=\"text-align: left;\"><!-- \/wp:heading --> <!-- wp:paragraph --><\/p>\n<p style=\"text-align: left;\">Vor dem Praia de Melides, auf der anderen Seite der Lagune, befindet sich einer der letzten v\u00f6llig unber\u00fchrten Str\u00e4nde des Alentejo: Praia da Vigia. Hier finden Sie transparentes Wasser und feinen wei\u00dfen Sand, soweit das Auge reicht. Er wird besonders von Gleitschirmfliegern gesch\u00e4tzt, die hier einen Steilhang von mehr als f\u00fcnf Metern und einen starken Wind vorfinden. Es ist ein idealer Ort, um Ihren Flug zu starten und die au\u00dfergew\u00f6hnliche Landschaft zu bewundern.Auf der EN261, Richtung S\u00fcden, nehmen Sie die Stra\u00dfe, die den Friedhof anzeigt und fahren Sie weiter, bis die D\u00fcne vor dem Friedhof erscheint. \u00dcberqueren Sie es und genie\u00dfen Sie Ihre Entdeckung.<\/p>\n<p><!-- \/wp:paragraph --><\/p>\n\n\n            \n                    <\/div>\n    <\/section>\n<\/section>\n\n\n\n<h3 class=\"wp-block-heading\" id=\"h-\"><\/h3>\n\n\n\n<div class=\"wp-block-columns is-layout-flex wp-container-core-columns-is-layout-9d6595d7 wp-block-columns-is-layout-flex\">\n<div class=\"wp-block-column is-layout-flow wp-block-column-is-layout-flow\">\n<h2 class=\"wp-block-heading is-style-big-title\" id=\"h-aktivitaten-fur-alle-geschmacker\"><strong>Aktivit\u00e4ten f\u00fcr alle Geschm\u00e4cker<\/strong><\/h2>\n<\/div>\n<\/div>\n\n\n\n<h3 class=\"wp-block-heading\" id=\"h-reiten-auf-dem-pferd\">Reiten auf dem Pferd<\/h3>\n\n\n\n<p class=\"is-style-text-intro\">Das ganze Jahr \u00fcber bietet &#8220;Passeios a Cavalo&#8221; in Melides einzigartige Reitausfl\u00fcge an, die Sie die wilden Landschaften des Alentejo entdecken lassen. Sie k\u00f6nnen Spazierg\u00e4nge am Strand oder in den H\u00fcgeln der Serra de Gr\u00e2ndola w\u00e4hlen, die sowohl f\u00fcr Anf\u00e4nger als auch f\u00fcr erfahrene Reiter geeignet sind. Dies ist eine ausgezeichnete M\u00f6glichkeit, um atemberaubende Panoramablicke auf die Landschaft und die K\u00fcste zu entdecken.  Lu\u00eds Lamas: +351 917 474 865 \/ info@passeiosacavalomelides.com<\/p>\n\n\n\n<figure class=\"wp-block-image size-large\"><img loading=\"lazy\" decoding=\"async\" width=\"1024\" height=\"576\" data-attachment-id=\"25940\" data-permalink=\"https:\/\/espiritodacomporta.com\/de\/comporta-aktivitaten\/comporta-horseriding-2\/\" data-orig-file=\"https:\/\/espiritodacomporta.com\/app\/uploads\/2022\/02\/comporta-horseriding.png\" data-orig-size=\"1366,768\" data-comments-opened=\"0\" data-image-meta=\"{&quot;aperture&quot;:&quot;0&quot;,&quot;credit&quot;:&quot;&quot;,&quot;camera&quot;:&quot;&quot;,&quot;caption&quot;:&quot;&quot;,&quot;created_timestamp&quot;:&quot;0&quot;,&quot;copyright&quot;:&quot;&quot;,&quot;focal_length&quot;:&quot;0&quot;,&quot;iso&quot;:&quot;0&quot;,&quot;shutter_speed&quot;:&quot;0&quot;,&quot;title&quot;:&quot;&quot;,&quot;orientation&quot;:&quot;0&quot;}\" data-image-title=\"comporta-horseriding\" data-image-description=\"\" data-image-caption=\"\" data-medium-file=\"https:\/\/espiritodacomporta.com\/app\/uploads\/2022\/02\/comporta-horseriding-300x169.png\" data-large-file=\"https:\/\/espiritodacomporta.com\/app\/uploads\/2022\/02\/comporta-horseriding-1024x576.png\" src=\"https:\/\/espiritodacomporta.com\/app\/uploads\/2022\/02\/comporta-horseriding-1024x576.png\" alt=\"comporta-horseriding\" class=\"wp-image-25940\" srcset=\"https:\/\/espiritodacomporta.com\/app\/uploads\/2022\/02\/comporta-horseriding-1024x576.png 1024w, https:\/\/espiritodacomporta.com\/app\/uploads\/2022\/02\/comporta-horseriding-300x169.png 300w, https:\/\/espiritodacomporta.com\/app\/uploads\/2022\/02\/comporta-horseriding-768x432.png 768w, https:\/\/espiritodacomporta.com\/app\/uploads\/2022\/02\/comporta-horseriding.png 1366w\" sizes=\"auto, (max-width: 1024px) 100vw, 1024px\" \/><\/figure>\n\n\n\n<p><\/p>\n\n\n\n<h3 class=\"wp-block-heading\" id=\"h-surfen-in-melides-portugal\">Surfen in Melides, Portugal<\/h3>\n\n\n\n<p class=\"is-style-text-intro\">Das Dreamsea Surf Camp liegt im Pinienwald neben dem wundersch\u00f6nen Strand von Gal\u00e9. Sie bieten Surfprogramme an, die an alle Niveaus und physischen Bedingungen angepasst sind. Das Ziel ist es, Ihre F\u00e4higkeiten zu erlernen und zu verbessern und, was noch wichtiger ist, sich das Wissen anzueignen, das Sie ben\u00f6tigen, um Ihre Ausbildung fortzusetzen und selbstst\u00e4ndig voranzukommen.  Dreamsea Surf Camp: +34 662580012 \/ portugal@dreamseasurfcamp.com<\/p>\n\n\n\n<h3 class=\"wp-block-heading\" id=\"h-messe-feira-von-melides\">Messe (feira) von Melides<\/h3>\n\n\n\n<p class=\"is-style-text-intro\">Die Melides-Messe findet jedes Jahr am dritten Wochenende im November statt. Die Besucher kommen in gro\u00dfer Zahl hierher. Es gibt verschiedene Kunsthandwerke aus dem Alentejo und der Algarve, wie z.B. Weidenk\u00f6rbe, Holzst\u00fchle und Tonskulpturen. Sie k\u00f6nnen auch lokale Spezialit\u00e4ten wie Trockenfr\u00fcchte, Alentejo-Brot, &#8220;Alcomonias&#8221; und &#8220;Pinh\u00e3o Candy&#8221;, zwei typische Kuchen, und regionalen Wein probieren. Shows und folkloristische T\u00e4nze beleben diese Veranstaltung das ganze Wochenende \u00fcber.<\/p>\n\n\n\n<h2 class=\"wp-block-heading\" id=\"h-restaurants-amp-erlebnisgastronomie\"><strong>Restaurants &amp; Erlebnisgastronomie<\/strong><\/h2>\n\n\n\n<h3 class=\"wp-block-heading\" id=\"h-flor-de-sal\">Flor de Sal<\/h3>\n\n\n\n<p class=\"is-style-text-intro\">Diese Einrichtung hebt sich von den anderen Restaurants in der N\u00e4he des Melides-Strandes ab. Besonders angenehm ist es f\u00fcr ein Abendessen bei Sonnenuntergang. Hier k\u00f6nnen Sie die kleinen Gerichte und Tapas der K\u00f6chin Sandra Rito genie\u00dfen. Die K\u00fcche ist portugiesisch und zeitgem\u00e4\u00df, es ist das &#8220;schicke&#8221; Restaurant von Melides. Besonderes Augenmerk wurde auf die Weinkarte gelegt. Flor de Sal : +351 960 311 057. Wir empfehlen Ihnen, eine Reservierung f\u00fcr Ihr Abendessen zu machen.<\/p>\n\n\n\n<h3 class=\"wp-block-heading\" id=\"h-twopack-kitchen-land-picknick\">Twopack kitchen \u2013 Land-Picknick<\/h3>\n\n\n\n<p>Marta &amp; Ant\u00f3nio nehmen Sie mit auf ein Gourmet-Grillfest inmitten der Natur. Sie teilen ihre k\u00f6stliche K\u00fcche, inspiriert von ihren Reisen um die Welt. Ein originelles Erlebnis, das man nicht verpassen sollte! Marta: +351 915 433 788 \/ twopacktravel@gmail.com<\/p>\n\n\n\n<figure class=\"wp-block-image size-large\"><img loading=\"lazy\" decoding=\"async\" width=\"1024\" height=\"682\" data-attachment-id=\"15924\" data-permalink=\"https:\/\/espiritodacomporta.com\/de\/chefkoch-zu-hause-in-comporta\/two-pack-2\/\" data-orig-file=\"https:\/\/espiritodacomporta.com\/app\/uploads\/2020\/08\/two-pack.jpg\" data-orig-size=\"1400,933\" data-comments-opened=\"0\" data-image-meta=\"{&quot;aperture&quot;:&quot;0&quot;,&quot;credit&quot;:&quot;&quot;,&quot;camera&quot;:&quot;&quot;,&quot;caption&quot;:&quot;&quot;,&quot;created_timestamp&quot;:&quot;0&quot;,&quot;copyright&quot;:&quot;Miguel Guedes Ramos&quot;,&quot;focal_length&quot;:&quot;0&quot;,&quot;iso&quot;:&quot;0&quot;,&quot;shutter_speed&quot;:&quot;0&quot;,&quot;title&quot;:&quot;&quot;,&quot;orientation&quot;:&quot;0&quot;}\" data-image-title=\"two-pack\" data-image-description=\"\" data-image-caption=\"\" data-medium-file=\"https:\/\/espiritodacomporta.com\/app\/uploads\/2020\/08\/two-pack-300x200.jpg\" data-large-file=\"https:\/\/espiritodacomporta.com\/app\/uploads\/2020\/08\/two-pack-1024x682.jpg\" src=\"https:\/\/espiritodacomporta.com\/app\/uploads\/2020\/08\/two-pack-1024x682.jpg\" alt=\"two-pack-melides\" class=\"wp-image-15924\" srcset=\"https:\/\/espiritodacomporta.com\/app\/uploads\/2020\/08\/two-pack-1024x682.jpg 1024w, https:\/\/espiritodacomporta.com\/app\/uploads\/2020\/08\/two-pack-300x200.jpg 300w, https:\/\/espiritodacomporta.com\/app\/uploads\/2020\/08\/two-pack-768x512.jpg 768w, https:\/\/espiritodacomporta.com\/app\/uploads\/2020\/08\/two-pack.jpg 1400w\" sizes=\"auto, (max-width: 1024px) 100vw, 1024px\" \/><\/figure>\n\n\n\n<h3 class=\"wp-block-heading\" id=\"h-tia-rosa-rotisserie\">Tia Rosa Rotisserie<\/h3>\n\n\n\n<p class=\"is-style-text-intro\">Tia Rosa ist eine Enten-Churrasqueira. Die Atmosph\u00e4re ist entspannt, die K\u00fcche ist famili\u00e4r und gro\u00dfz\u00fcgig. Wir bestellen gegrillte Enten oder halbe Enten in Orangensauce, begleitet von Bier oder Wein. Die Desserts sind hausgemacht. F\u00fcr diejenigen, die keine Ente m\u00f6gen, werden auch andere Gerichte angeboten, wie: Aaleintopf, Alentejo-Brotsuppe, gebratener Fisch oder gebratener Kabeljau. All diese Gerichte sind typisch f\u00fcr die K\u00fcste des Alentejo. Tia Rosa: Fontainhas do Mar Melides &#8211; Melides \/ +351 269 907 144<\/p>\n\n\n\n<h3 class=\"wp-block-heading\" id=\"h-tia-jesuina-backerei\">Tia Jesu\u00edna B\u00e4ckerei<\/h3>\n\n\n\n<p class=\"is-style-text-intro\">In Vale Figueira finden Sie die B\u00e4ckerei Tia Jesu\u00edna, die authentisches Brot aus dem Alentejo anbietet. Dieses Brot wird in der Region immer schwieriger zu finden, also z\u00f6gern Sie nicht, einen Blick auf diese Adresse zu werfen. <\/p>\n\n\n\n<h3 class=\"wp-block-heading\" id=\"h-quinta-do-lourenco\">Quinta do Louren\u00e7o<\/h3>\n\n\n\n<p class=\"is-style-text-intro\">Es ist ein immer gut besuchtes Restaurant an der EN261. Kommen Sie und probieren Sie die Hausspezialit\u00e4t auf der Basis von Fleisch, gemischt mit Muscheln und Garnelen. Migas mit Fleisch sind k\u00f6stlich, ebenso wie die Fisch- und Meeresfr\u00fcchte-Kataplane. An den Wochenenden stehen die Schnecken im Rampenlicht! Quinta do Louren\u00e7o: Estrada National 261 &#8211; Melides \/ +351 269 907 329<\/p>\n\n\n\n<h3 class=\"wp-block-heading\">Tosca<\/h3>\n\n\n\n<p class=\"is-style-text-intro\">Ein neues Restaurant in Melides, an der EN261 gelegen, mit g\u00f6ttlichen Nudeln und Pizzen. Aber auch die Speisekarte ist vielversprechend: alles ist vielf\u00e4ltig. Fisch, Fleisch, alles mit frischen, biologischen Zutaten. Haustiere sind willkommen und die Einrichtung ist wundersch\u00f6n.<\/p>\n\n\n\n<figure class=\"wp-block-gallery has-nested-images columns-default is-cropped wp-block-gallery-1 is-layout-flex wp-block-gallery-is-layout-flex\">\n<figure class=\"wp-block-image size-large\"><img loading=\"lazy\" decoding=\"async\" width=\"1024\" height=\"682\" data-attachment-id=\"7172\" data-permalink=\"https:\/\/espiritodacomporta.com\/de\/melides-portugal\/eglisemelides\/\" data-orig-file=\"https:\/\/espiritodacomporta.com\/app\/uploads\/2019\/08\/eglisemelides.jpg\" data-orig-size=\"1520,1013\" data-comments-opened=\"0\" data-image-meta=\"{&quot;aperture&quot;:&quot;0&quot;,&quot;credit&quot;:&quot;&quot;,&quot;camera&quot;:&quot;&quot;,&quot;caption&quot;:&quot;&quot;,&quot;created_timestamp&quot;:&quot;0&quot;,&quot;copyright&quot;:&quot;&quot;,&quot;focal_length&quot;:&quot;0&quot;,&quot;iso&quot;:&quot;0&quot;,&quot;shutter_speed&quot;:&quot;0&quot;,&quot;title&quot;:&quot;&quot;,&quot;orientation&quot;:&quot;0&quot;}\" data-image-title=\"eglisemelides\" data-image-description=\"\" data-image-caption=\"\" data-medium-file=\"https:\/\/espiritodacomporta.com\/app\/uploads\/2019\/08\/eglisemelides-300x200.jpg\" data-large-file=\"https:\/\/espiritodacomporta.com\/app\/uploads\/2019\/08\/eglisemelides-1024x682.jpg\" data-id=\"7172\" src=\"https:\/\/espiritodacomporta.com\/app\/uploads\/2019\/08\/eglisemelides-1024x682.jpg\" alt=\"Melides_Village\" class=\"wp-image-7172\" srcset=\"https:\/\/espiritodacomporta.com\/app\/uploads\/2019\/08\/eglisemelides-1024x682.jpg 1024w, https:\/\/espiritodacomporta.com\/app\/uploads\/2019\/08\/eglisemelides-300x200.jpg 300w, https:\/\/espiritodacomporta.com\/app\/uploads\/2019\/08\/eglisemelides-768x512.jpg 768w, https:\/\/espiritodacomporta.com\/app\/uploads\/2019\/08\/eglisemelides.jpg 1520w\" sizes=\"auto, (max-width: 1024px) 100vw, 1024px\" \/><\/figure>\n\n\n\n<figure class=\"wp-block-image size-large\"><img loading=\"lazy\" decoding=\"async\" width=\"800\" height=\"1200\" data-attachment-id=\"7013\" data-permalink=\"https:\/\/espiritodacomporta.com\/de\/two-pack-jan2019-80\/\" data-orig-file=\"https:\/\/espiritodacomporta.com\/app\/uploads\/2019\/03\/two-pack-jan2019-80-e1559042618559.jpg\" data-orig-size=\"800,1200\" data-comments-opened=\"0\" data-image-meta=\"{&quot;aperture&quot;:&quot;0&quot;,&quot;credit&quot;:&quot;&quot;,&quot;camera&quot;:&quot;&quot;,&quot;caption&quot;:&quot;&quot;,&quot;created_timestamp&quot;:&quot;0&quot;,&quot;copyright&quot;:&quot;Miguel Guedes Ramos&quot;,&quot;focal_length&quot;:&quot;0&quot;,&quot;iso&quot;:&quot;0&quot;,&quot;shutter_speed&quot;:&quot;0&quot;,&quot;title&quot;:&quot;&quot;,&quot;orientation&quot;:&quot;0&quot;}\" data-image-title=\"two-pack-melides\" data-image-description=\"\" data-image-caption=\"\" data-medium-file=\"https:\/\/espiritodacomporta.com\/app\/uploads\/2019\/03\/two-pack-jan2019-80-200x300.jpg\" data-large-file=\"https:\/\/espiritodacomporta.com\/app\/uploads\/2019\/03\/two-pack-jan2019-80-683x1024.jpg\" data-id=\"7013\" src=\"https:\/\/espiritodacomporta.com\/app\/uploads\/2019\/03\/two-pack-jan2019-80-e1559042618559.jpg\" alt=\"two-pack-melides\" class=\"wp-image-7013\"\/><\/figure>\n<\/figure>\n\n\n\n<div class=\"wp-block-columns is-layout-flex wp-container-core-columns-is-layout-9d6595d7 wp-block-columns-is-layout-flex\">\n<div class=\"wp-block-column is-layout-flow wp-block-column-is-layout-flow\">\n<h2 class=\"wp-block-heading is-style-big-title\" id=\"h-touristische-informationen\"><strong>Touristische Informationen<\/strong><\/h2>\n<\/div>\n<\/div>\n\n\n\n<h2 class=\"wp-block-heading\" id=\"h-\"><\/h2>\n\n\n\n<p class=\"is-style-text-intro\">Das Fremdenverkehrsamt von Melides in Portugal befindet sich in der alten M\u00fchle, im Zentrum des Dorfes. Es beantwortet Ihre Anfragen nach Informationen \u00fcber Unterkunft, Zimmer, Tourismus, Aktivit\u00e4ten, Wettervorhersage\u2026 Es bietet auch Ausstellungen und Verkauf von Kunsthandwerksprodukten. Fremdenverkehrsb\u00fcro : largo 25 de Abril &#8211; Melides \/ + 351 269 979 066 \/ turismo@cm-grandola.pt<\/p>\n\n\n\n<div class=\"wp-block-columns is-layout-flex wp-container-core-columns-is-layout-9d6595d7 wp-block-columns-is-layout-flex\">\n<div class=\"wp-block-column is-layout-flow wp-block-column-is-layout-flow\">\n<h2 class=\"wp-block-heading is-style-big-title\" id=\"h-unterkunfte\">UNTERK\u00dcNFTE<\/h2>\n\n\n\n<p class=\"is-style-text-intro\">In der gesamten Region gibt es nur wenige Unterk\u00fcnfte. Das Gute daran ist, dass man alles in kurzer Zeit erkunden kann. In der N\u00e4he von Melides befindet sich das ber\u00fchmte Dorf Comporta, das sich ebenfalls hervorragend f\u00fcr eine \u00dcbernachtung eignet. Werfen Sie einen Blick auf die <a href=\"https:\/\/espiritodacomporta.com\/de\/hotels-in-comporta-portugal\/\">Hotels <\/a>und privaten <a href=\"https:\/\/espiritodacomporta.com\/de\/hauser\/\">Ferienh\u00e4user<\/a> von Espirito da Comporta. Wir w\u00fcnschen Ihnen eine gute Reise!<\/p>\n<\/div>\n<\/div>\n","protected":false},"excerpt":{"rendered":"<p>Die wachsende Beliebtheit von Comporta zieht die St\u00e4dte und D\u00f6rfer rund um die Herdade da Comporta in ihren Sog. Dies ist der Fall von Melides, einer charmanten H\u00fctte, die etwas weiter s\u00fcdlich liegt, 20 Minuten entfernt. Hier finden Sie eine h\u00fcbsche wei\u00dfget\u00fcnchte Stadt, blaue H\u00e4user, einen \u00fcberdachten Markt im Herzen des Zentrums und, im Westen, <\/p>\n<div class=\"goto\"><a href=\"https:\/\/espiritodacomporta.com\/de\/melides-portugal\/\">Erfahren Sie mehr<\/a><\/div>\n","protected":false},"author":2,"featured_media":7171,"comment_status":"open","ping_status":"open","sticky":false,"template":"","format":"standard","meta":{"_acf_changed":false,"inline_featured_image":false,"footnotes":""},"categories":[2293],"tags":[],"class_list":["post-10151","post","type-post","status-publish","format-standard","has-post-thumbnail","hentry","category-auf-der-suche-nach-schoenheit"],"acf":[],"yoast_head":"<!-- This site is optimized with the Yoast SEO Premium plugin v27.2 (Yoast SEO v27.2) - https:\/\/yoast.com\/product\/yoast-seo-premium-wordpress\/ -->\n<title>Geheimnisse von Melides, Portugal - Restaurants, Str\u00e4nde &amp; Aktivit\u00e4ten<\/title>\n<meta name=\"description\" content=\"Entdecken Sie alle Geheimnisse von Melides in Portugal: ein charmantes Dorf, die besten Restaurants und Aktivit\u00e4ten und die sch\u00f6nsten Str\u00e4nde.\" \/>\n<meta name=\"robots\" content=\"index, follow, max-snippet:-1, max-image-preview:large, max-video-preview:-1\" \/>\n<link rel=\"canonical\" href=\"https:\/\/espiritodacomporta.com\/de\/melides-portugal\/\" \/>\n<meta property=\"og:locale\" content=\"de_DE\" \/>\n<meta property=\"og:type\" content=\"article\" \/>\n<meta property=\"og:title\" content=\"Die Geheimnisse der Melides in Portugal\" \/>\n<meta property=\"og:description\" content=\"Entdecken Sie alle Geheimnisse von Melides in Portugal: ein charmantes Dorf, die besten Restaurants und Aktivit\u00e4ten und die sch\u00f6nsten Str\u00e4nde.\" \/>\n<meta property=\"og:url\" content=\"https:\/\/espiritodacomporta.com\/de\/melides-portugal\/\" \/>\n<meta property=\"og:site_name\" content=\"Live &amp; Feel Comporta Portugal\" \/>\n<meta property=\"article:published_time\" content=\"2023-01-03T17:30:00+00:00\" \/>\n<meta property=\"article:modified_time\" content=\"2026-02-06T10:43:53+00:00\" \/>\n<meta property=\"og:image\" content=\"https:\/\/espiritodacomporta.com\/app\/uploads\/2019\/08\/melides3.jpg\" \/>\n\t<meta property=\"og:image:width\" content=\"1280\" \/>\n\t<meta property=\"og:image:height\" content=\"853\" \/>\n\t<meta property=\"og:image:type\" content=\"image\/jpeg\" \/>\n<meta name=\"author\" content=\"Charline Noblet\" \/>\n<meta name=\"twitter:card\" content=\"summary_large_image\" \/>\n<meta name=\"twitter:label1\" content=\"Written by\" \/>\n\t<meta name=\"twitter:data1\" content=\"Charline Noblet\" \/>\n\t<meta name=\"twitter:label2\" content=\"Est. reading time\" \/>\n\t<meta name=\"twitter:data2\" content=\"5 minutes\" \/>\n<script type=\"application\/ld+json\" class=\"yoast-schema-graph\">{\"@context\":\"https:\/\/schema.org\",\"@graph\":[{\"@type\":\"Article\",\"@id\":\"https:\/\/espiritodacomporta.com\/de\/melides-portugal\/#article\",\"isPartOf\":{\"@id\":\"https:\/\/espiritodacomporta.com\/de\/melides-portugal\/\"},\"author\":{\"name\":\"Charline Noblet\",\"@id\":\"https:\/\/espiritodacomporta.com\/de\/#\/schema\/person\/6e1c66cf1c46ee5b2e07e9b72600eaee\"},\"headline\":\"Die Geheimnisse der Melides in Portugal\",\"datePublished\":\"2023-01-03T17:30:00+00:00\",\"dateModified\":\"2026-02-06T10:43:53+00:00\",\"mainEntityOfPage\":{\"@id\":\"https:\/\/espiritodacomporta.com\/de\/melides-portugal\/\"},\"wordCount\":840,\"commentCount\":0,\"publisher\":{\"@id\":\"https:\/\/espiritodacomporta.com\/de\/#organization\"},\"image\":{\"@id\":\"https:\/\/espiritodacomporta.com\/de\/melides-portugal\/#primaryimage\"},\"thumbnailUrl\":\"https:\/\/espiritodacomporta.com\/app\/uploads\/2019\/08\/melides3.jpg\",\"articleSection\":[\"Auf der Suche nach Sch\u00f6nheit\"],\"inLanguage\":\"de-DE\",\"potentialAction\":[{\"@type\":\"CommentAction\",\"name\":\"Comment\",\"target\":[\"https:\/\/espiritodacomporta.com\/de\/melides-portugal\/#respond\"]}]},{\"@type\":\"WebPage\",\"@id\":\"https:\/\/espiritodacomporta.com\/de\/melides-portugal\/\",\"url\":\"https:\/\/espiritodacomporta.com\/de\/melides-portugal\/\",\"name\":\"Geheimnisse von Melides, Portugal - Restaurants, Str\u00e4nde & Aktivit\u00e4ten\",\"isPartOf\":{\"@id\":\"https:\/\/espiritodacomporta.com\/de\/#website\"},\"primaryImageOfPage\":{\"@id\":\"https:\/\/espiritodacomporta.com\/de\/melides-portugal\/#primaryimage\"},\"image\":{\"@id\":\"https:\/\/espiritodacomporta.com\/de\/melides-portugal\/#primaryimage\"},\"thumbnailUrl\":\"https:\/\/espiritodacomporta.com\/app\/uploads\/2019\/08\/melides3.jpg\",\"datePublished\":\"2023-01-03T17:30:00+00:00\",\"dateModified\":\"2026-02-06T10:43:53+00:00\",\"description\":\"Entdecken Sie alle Geheimnisse von Melides in Portugal: ein charmantes Dorf, die besten Restaurants und Aktivit\u00e4ten und die sch\u00f6nsten Str\u00e4nde.\",\"breadcrumb\":{\"@id\":\"https:\/\/espiritodacomporta.com\/de\/melides-portugal\/#breadcrumb\"},\"inLanguage\":\"de-DE\",\"potentialAction\":[{\"@type\":\"ReadAction\",\"target\":[\"https:\/\/espiritodacomporta.com\/de\/melides-portugal\/\"]}]},{\"@type\":\"ImageObject\",\"inLanguage\":\"de-DE\",\"@id\":\"https:\/\/espiritodacomporta.com\/de\/melides-portugal\/#primaryimage\",\"url\":\"https:\/\/espiritodacomporta.com\/app\/uploads\/2019\/08\/melides3.jpg\",\"contentUrl\":\"https:\/\/espiritodacomporta.com\/app\/uploads\/2019\/08\/melides3.jpg\",\"width\":1280,\"height\":853},{\"@type\":\"BreadcrumbList\",\"@id\":\"https:\/\/espiritodacomporta.com\/de\/melides-portugal\/#breadcrumb\",\"itemListElement\":[{\"@type\":\"ListItem\",\"position\":1,\"name\":\"Home\",\"item\":\"https:\/\/espiritodacomporta.com\/de\/\"},{\"@type\":\"ListItem\",\"position\":2,\"name\":\"Comporta entdecken\",\"item\":\"https:\/\/espiritodacomporta.com\/de\/category\/comporta-entdecken\/\"},{\"@type\":\"ListItem\",\"position\":3,\"name\":\"Auf der Suche nach Sch\u00f6nheit\",\"item\":\"https:\/\/espiritodacomporta.com\/de\/category\/comporta-entdecken\/auf-der-suche-nach-schoenheit\/\"},{\"@type\":\"ListItem\",\"position\":4,\"name\":\"Die Geheimnisse der Melides in Portugal\"}]},{\"@type\":\"WebSite\",\"@id\":\"https:\/\/espiritodacomporta.com\/de\/#website\",\"url\":\"https:\/\/espiritodacomporta.com\/de\/\",\"name\":\"Live & Feel Comporta Portugal\",\"description\":\"\",\"publisher\":{\"@id\":\"https:\/\/espiritodacomporta.com\/de\/#organization\"},\"potentialAction\":[{\"@type\":\"SearchAction\",\"target\":{\"@type\":\"EntryPoint\",\"urlTemplate\":\"https:\/\/espiritodacomporta.com\/de\/?s={search_term_string}\"},\"query-input\":{\"@type\":\"PropertyValueSpecification\",\"valueRequired\":true,\"valueName\":\"search_term_string\"}}],\"inLanguage\":\"de-DE\"},{\"@type\":\"Organization\",\"@id\":\"https:\/\/espiritodacomporta.com\/de\/#organization\",\"name\":\"Espirito da Comporta\",\"url\":\"https:\/\/espiritodacomporta.com\/de\/\",\"logo\":{\"@type\":\"ImageObject\",\"inLanguage\":\"de-DE\",\"@id\":\"https:\/\/espiritodacomporta.com\/de\/#\/schema\/logo\/image\/\",\"url\":\"https:\/\/espiritodacomporta.com\/app\/uploads\/2023\/09\/LOGO-SIGNATURE@4x.png\",\"contentUrl\":\"https:\/\/espiritodacomporta.com\/app\/uploads\/2023\/09\/LOGO-SIGNATURE@4x.png\",\"width\":321,\"height\":385,\"caption\":\"Espirito da Comporta\"},\"image\":{\"@id\":\"https:\/\/espiritodacomporta.com\/de\/#\/schema\/logo\/image\/\"},\"sameAs\":[\"https:\/\/www.instagram.com\/almadacomporta\/\"]},{\"@type\":\"Person\",\"@id\":\"https:\/\/espiritodacomporta.com\/de\/#\/schema\/person\/6e1c66cf1c46ee5b2e07e9b72600eaee\",\"name\":\"Charline Noblet\",\"image\":{\"@type\":\"ImageObject\",\"inLanguage\":\"de-DE\",\"@id\":\"https:\/\/secure.gravatar.com\/avatar\/1cb8650c0f3cd8a96e31ebc41d5472b4785cb7753c9d361dbcb6ffc123643350?s=96&d=mm&r=g\",\"url\":\"https:\/\/secure.gravatar.com\/avatar\/1cb8650c0f3cd8a96e31ebc41d5472b4785cb7753c9d361dbcb6ffc123643350?s=96&d=mm&r=g\",\"contentUrl\":\"https:\/\/secure.gravatar.com\/avatar\/1cb8650c0f3cd8a96e31ebc41d5472b4785cb7753c9d361dbcb6ffc123643350?s=96&d=mm&r=g\",\"caption\":\"Charline Noblet\"}}]}<\/script>\n<!-- \/ Yoast SEO Premium plugin. -->","yoast_head_json":{"title":"Geheimnisse von Melides, Portugal - Restaurants, Str\u00e4nde & Aktivit\u00e4ten","description":"Entdecken Sie alle Geheimnisse von Melides in Portugal: ein charmantes Dorf, die besten Restaurants und Aktivit\u00e4ten und die sch\u00f6nsten Str\u00e4nde.","robots":{"index":"index","follow":"follow","max-snippet":"max-snippet:-1","max-image-preview":"max-image-preview:large","max-video-preview":"max-video-preview:-1"},"canonical":"https:\/\/espiritodacomporta.com\/de\/melides-portugal\/","og_locale":"de_DE","og_type":"article","og_title":"Die Geheimnisse der Melides in Portugal","og_description":"Entdecken Sie alle Geheimnisse von Melides in Portugal: ein charmantes Dorf, die besten Restaurants und Aktivit\u00e4ten und die sch\u00f6nsten Str\u00e4nde.","og_url":"https:\/\/espiritodacomporta.com\/de\/melides-portugal\/","og_site_name":"Live &amp; Feel Comporta Portugal","article_published_time":"2023-01-03T17:30:00+00:00","article_modified_time":"2026-02-06T10:43:53+00:00","og_image":[{"width":1280,"height":853,"url":"https:\/\/espiritodacomporta.com\/app\/uploads\/2019\/08\/melides3.jpg","type":"image\/jpeg"}],"author":"Charline Noblet","twitter_card":"summary_large_image","twitter_misc":{"Written by":"Charline Noblet","Est. reading time":"5 minutes"},"schema":{"@context":"https:\/\/schema.org","@graph":[{"@type":"Article","@id":"https:\/\/espiritodacomporta.com\/de\/melides-portugal\/#article","isPartOf":{"@id":"https:\/\/espiritodacomporta.com\/de\/melides-portugal\/"},"author":{"name":"Charline Noblet","@id":"https:\/\/espiritodacomporta.com\/de\/#\/schema\/person\/6e1c66cf1c46ee5b2e07e9b72600eaee"},"headline":"Die Geheimnisse der Melides in Portugal","datePublished":"2023-01-03T17:30:00+00:00","dateModified":"2026-02-06T10:43:53+00:00","mainEntityOfPage":{"@id":"https:\/\/espiritodacomporta.com\/de\/melides-portugal\/"},"wordCount":840,"commentCount":0,"publisher":{"@id":"https:\/\/espiritodacomporta.com\/de\/#organization"},"image":{"@id":"https:\/\/espiritodacomporta.com\/de\/melides-portugal\/#primaryimage"},"thumbnailUrl":"https:\/\/espiritodacomporta.com\/app\/uploads\/2019\/08\/melides3.jpg","articleSection":["Auf der Suche nach Sch\u00f6nheit"],"inLanguage":"de-DE","potentialAction":[{"@type":"CommentAction","name":"Comment","target":["https:\/\/espiritodacomporta.com\/de\/melides-portugal\/#respond"]}]},{"@type":"WebPage","@id":"https:\/\/espiritodacomporta.com\/de\/melides-portugal\/","url":"https:\/\/espiritodacomporta.com\/de\/melides-portugal\/","name":"Geheimnisse von Melides, Portugal - Restaurants, Str\u00e4nde & Aktivit\u00e4ten","isPartOf":{"@id":"https:\/\/espiritodacomporta.com\/de\/#website"},"primaryImageOfPage":{"@id":"https:\/\/espiritodacomporta.com\/de\/melides-portugal\/#primaryimage"},"image":{"@id":"https:\/\/espiritodacomporta.com\/de\/melides-portugal\/#primaryimage"},"thumbnailUrl":"https:\/\/espiritodacomporta.com\/app\/uploads\/2019\/08\/melides3.jpg","datePublished":"2023-01-03T17:30:00+00:00","dateModified":"2026-02-06T10:43:53+00:00","description":"Entdecken Sie alle Geheimnisse von Melides in Portugal: ein charmantes Dorf, die besten Restaurants und Aktivit\u00e4ten und die sch\u00f6nsten Str\u00e4nde.","breadcrumb":{"@id":"https:\/\/espiritodacomporta.com\/de\/melides-portugal\/#breadcrumb"},"inLanguage":"de-DE","potentialAction":[{"@type":"ReadAction","target":["https:\/\/espiritodacomporta.com\/de\/melides-portugal\/"]}]},{"@type":"ImageObject","inLanguage":"de-DE","@id":"https:\/\/espiritodacomporta.com\/de\/melides-portugal\/#primaryimage","url":"https:\/\/espiritodacomporta.com\/app\/uploads\/2019\/08\/melides3.jpg","contentUrl":"https:\/\/espiritodacomporta.com\/app\/uploads\/2019\/08\/melides3.jpg","width":1280,"height":853},{"@type":"BreadcrumbList","@id":"https:\/\/espiritodacomporta.com\/de\/melides-portugal\/#breadcrumb","itemListElement":[{"@type":"ListItem","position":1,"name":"Home","item":"https:\/\/espiritodacomporta.com\/de\/"},{"@type":"ListItem","position":2,"name":"Comporta entdecken","item":"https:\/\/espiritodacomporta.com\/de\/category\/comporta-entdecken\/"},{"@type":"ListItem","position":3,"name":"Auf der Suche nach Sch\u00f6nheit","item":"https:\/\/espiritodacomporta.com\/de\/category\/comporta-entdecken\/auf-der-suche-nach-schoenheit\/"},{"@type":"ListItem","position":4,"name":"Die Geheimnisse der Melides in Portugal"}]},{"@type":"WebSite","@id":"https:\/\/espiritodacomporta.com\/de\/#website","url":"https:\/\/espiritodacomporta.com\/de\/","name":"Live & Feel Comporta Portugal","description":"","publisher":{"@id":"https:\/\/espiritodacomporta.com\/de\/#organization"},"potentialAction":[{"@type":"SearchAction","target":{"@type":"EntryPoint","urlTemplate":"https:\/\/espiritodacomporta.com\/de\/?s={search_term_string}"},"query-input":{"@type":"PropertyValueSpecification","valueRequired":true,"valueName":"search_term_string"}}],"inLanguage":"de-DE"},{"@type":"Organization","@id":"https:\/\/espiritodacomporta.com\/de\/#organization","name":"Espirito da Comporta","url":"https:\/\/espiritodacomporta.com\/de\/","logo":{"@type":"ImageObject","inLanguage":"de-DE","@id":"https:\/\/espiritodacomporta.com\/de\/#\/schema\/logo\/image\/","url":"https:\/\/espiritodacomporta.com\/app\/uploads\/2023\/09\/LOGO-SIGNATURE@4x.png","contentUrl":"https:\/\/espiritodacomporta.com\/app\/uploads\/2023\/09\/LOGO-SIGNATURE@4x.png","width":321,"height":385,"caption":"Espirito da Comporta"},"image":{"@id":"https:\/\/espiritodacomporta.com\/de\/#\/schema\/logo\/image\/"},"sameAs":["https:\/\/www.instagram.com\/almadacomporta\/"]},{"@type":"Person","@id":"https:\/\/espiritodacomporta.com\/de\/#\/schema\/person\/6e1c66cf1c46ee5b2e07e9b72600eaee","name":"Charline Noblet","image":{"@type":"ImageObject","inLanguage":"de-DE","@id":"https:\/\/secure.gravatar.com\/avatar\/1cb8650c0f3cd8a96e31ebc41d5472b4785cb7753c9d361dbcb6ffc123643350?s=96&d=mm&r=g","url":"https:\/\/secure.gravatar.com\/avatar\/1cb8650c0f3cd8a96e31ebc41d5472b4785cb7753c9d361dbcb6ffc123643350?s=96&d=mm&r=g","contentUrl":"https:\/\/secure.gravatar.com\/avatar\/1cb8650c0f3cd8a96e31ebc41d5472b4785cb7753c9d361dbcb6ffc123643350?s=96&d=mm&r=g","caption":"Charline Noblet"}}]}},"jetpack_featured_media_url":"https:\/\/espiritodacomporta.com\/app\/uploads\/2019\/08\/melides3.jpg","_links":{"self":[{"href":"https:\/\/espiritodacomporta.com\/de\/wp-json\/wp\/v2\/posts\/10151","targetHints":{"allow":["GET"]}}],"collection":[{"href":"https:\/\/espiritodacomporta.com\/de\/wp-json\/wp\/v2\/posts"}],"about":[{"href":"https:\/\/espiritodacomporta.com\/de\/wp-json\/wp\/v2\/types\/post"}],"author":[{"embeddable":true,"href":"https:\/\/espiritodacomporta.com\/de\/wp-json\/wp\/v2\/users\/2"}],"replies":[{"embeddable":true,"href":"https:\/\/espiritodacomporta.com\/de\/wp-json\/wp\/v2\/comments?post=10151"}],"version-history":[{"count":1,"href":"https:\/\/espiritodacomporta.com\/de\/wp-json\/wp\/v2\/posts\/10151\/revisions"}],"predecessor-version":[{"id":99335,"href":"https:\/\/espiritodacomporta.com\/de\/wp-json\/wp\/v2\/posts\/10151\/revisions\/99335"}],"wp:featuredmedia":[{"embeddable":true,"href":"https:\/\/espiritodacomporta.com\/de\/wp-json\/wp\/v2\/media\/7171"}],"wp:attachment":[{"href":"https:\/\/espiritodacomporta.com\/de\/wp-json\/wp\/v2\/media?parent=10151"}],"wp:term":[{"taxonomy":"category","embeddable":true,"href":"https:\/\/espiritodacomporta.com\/de\/wp-json\/wp\/v2\/categories?post=10151"},{"taxonomy":"post_tag","embeddable":true,"href":"https:\/\/espiritodacomporta.com\/de\/wp-json\/wp\/v2\/tags?post=10151"}],"curies":[{"name":"wp","href":"https:\/\/api.w.org\/{rel}","templated":true}]}}