{"id":11380,"date":"2020-03-02T11:27:34","date_gmt":"2020-03-02T09:27:34","guid":{"rendered":"https:\/\/espiritodacomporta.com\/?p=11380"},"modified":"2020-03-18T18:30:32","modified_gmt":"2020-03-18T16:30:32","slug":"comporta-village-hotel","status":"publish","type":"post","link":"https:\/\/espiritodacomporta.com\/de\/comporta-village-hotel\/","title":{"rendered":"Comporta Village Hotel Apartamento"},"content":{"rendered":"\n<p><a href=\"https:\/\/espiritodacomporta.com\/de\/\">Comporta<\/a>, ein Reiseziel, das viele Reisende zum Tr\u00e4umen bringt! Ein Ort, der uns durch seine Einfachheit und nat\u00fcrliche Sch\u00f6nheit blendet und der es Ihnen erm\u00f6glicht, Ihre Ferien im Kontakt mit der Natur zu verbringen. Dieser Ort ist von Lissabon aus leicht erreichbar (1h15 entfernt) und ist wegen seiner wei\u00dfen Sandstr\u00e4nde sehr begehrt. In Comporta fliehen wir aus der Stadt, um einen erholsamen Urlaub inmitten der wilden Fauna und Flora zu verbringen, den man sich nicht entgehen lassen sollte!<br> Sie k\u00f6nnen hier einen Urlaub genie\u00dfen, um Set\u00fabal und seine kristallklaren Str\u00e4nde zu besuchen. Es ist auch eine Gelegenheit, an der vinzentinischen K\u00fcste entlang zu schlendern, zu den Str\u00e4nden von Sines zu gehen und die atemberaubende Aussicht zu genie\u00dfen. Z\u00f6gern Sie nicht, am Strand von Porto Covo, der Insel Pessegueiro, dem Strand von S\u00e3o Torpes\u2026<br> In Comporta finden Sie verschiedene Arten von Unterk\u00fcnften. Wenn Sie im <a href=\"https:\/\/espiritodacomporta.com\/de\/hotels-in-comporta-portugal\/\">Hotel<\/a> \u00fcbernachten m\u00f6chten, k\u00f6nnen Sie das Comporta Village Hotel Apartamento buchen.<\/p>\n\n\n\n<h2 class=\"wp-block-heading\"><strong><font style=\"vertical-align: inherit;\"><font style=\"vertical-align: inherit;\">Village de Comporta Hotel Apartamento<\/font><\/font><\/strong><\/h2>\n\n\n\n<p>Comporta Village Hotel Apartamento befindet sich im Herzen des Naturschutzgebietes der Sado-M\u00fcndung, nur 5 Autominuten vom Comporta-Strand und etwa 5 m vom Hafen von Carrasqueira auf Stelzen entfernt.<br>Comporta Village Hotel Apartamento verf\u00fcgt \u00fcber 26 T1-Apartments, die vollst\u00e4ndig mit allen notwendigen Ger\u00e4ten f\u00fcr einen gro\u00dfartigen Aufenthalt ausgestattet sind. Dank der ausgezeichneten Lage dieses Hotels k\u00f6nnen Sie auch die F\u00e4hre von Tr\u00f3ia nach Set\u00fabal nehmen und haben die M\u00f6glichkeit, einen anderen Tag mit Ihrer Familie und Ihren Freunden zu verbringen und das Dorf Set\u00fabal zu genie\u00dfen.<br> Die Appartements von Comporta Village Hotel Apartamento sind in fr\u00f6hlichen und einladenden Farben dekoriert. Alle Appartements verf\u00fcgen \u00fcber eine Klimaanlage, eine ausgestattete K\u00fcchenzeile, einen Essbereich, einen kleinen Aufenthaltsraum und ein privates Bad. Sie k\u00f6nnen zwischen 2 und 4 Personen beherbergen. Dieses Hotel denkt auch an die Funktionalit\u00e4t der Zimmer, so dass sie von jedem genutzt werden k\u00f6nnen. Deshalb sind diese Zimmer f\u00fcr G\u00e4ste mit eingeschr\u00e4nkter Mobilit\u00e4t geeignet. Und es ist auch PetFriendly!<br> Im Au\u00dfenbereich bietet dieses Hotel eine Sonnenterrasse mit Badebereich mit Swimmingpool, Sonnenliegen und einer Bar (Anmerkung: die Pool-Bar ist nur im August ge\u00f6ffnet).<\/p>\n\n\n\n<h3 class=\"wp-block-heading\">Einrichtungen von Comporta Village Hotel Apartamento<\/h3>\n\n\n\n<h4 class=\"wp-block-heading\">Allgemein<\/h4>\n\n\n\n<ul class=\"wp-block-list\"><li>Haustiere erlaubt<\/li><li>Nicht-Raucher-Zimmer<\/li><li>R\u00e4ume \/ Einrichtungen f\u00fcr Behinderte<\/li><li>Kostenloses Parken<\/li><li>Tresorfach<\/li><li>Wi-fi<\/li><li>24-Stunden-Rezeption<\/li><li>Lagerung von Gep\u00e4ck<\/li><li>Geldautomat\/ Sie k\u00f6nnen Ihre Karte benutzen<\/li><li>Parken vor dem Hotel<\/li><li>Rauchverbot in allen Bereichen<\/li><\/ul>\n\n\n\n<h4 class=\"wp-block-heading\">Raum-Einrichtungen<\/h4>\n\n\n\n<ul class=\"wp-block-list\"><li>Heizung<\/li><li>Klimaanlage<\/li><li>Tee- und Kaffeemaschine<\/li><li>Spielplatz<\/li><li>AM\/FM-Wecker<\/li><li>Das Wohnzimmer<\/li><li>Terrasse<\/li><li>Esszimmer-Tisch<\/li><li>LCD-FERNSEHER<\/li><li>Waschmaschine<\/li><\/ul>\n\n\n\n<h4 class=\"wp-block-heading\">Dienstleistungen<\/h4>\n\n\n\n<ul class=\"wp-block-list\"><li>Fahrradverleih<\/li><li>Sitzungs-\/Bankettr\u00e4ume<\/li><li>Reinigung<\/li><li>Laden \/ Kommerzieller Service<\/li><\/ul>\n\n\n\n<h4 class=\"wp-block-heading\">Sport und Freizeit<\/h4>\n\n\n\n<ul class=\"wp-block-list\"><li>Fischen<\/li><li>Freibad<\/li><li>Solarium<\/li><li>Pferde<\/li><li>Sonnenterrasse<\/li><li>Wandern<\/li><li>Radfahren<\/li><li>Garten<br>\nDies sind einige der in der Gegend angebotenen Aktivit\u00e4ten im Freien.<\/li><\/ul>\n\n\n\n<h3 class=\"wp-block-heading\">Weitere Informationen<\/h3>\n\n\n\n<p>Alle Kinder unter 3 Jahren k\u00f6nnen f\u00fcr 10 EUR pro Person und Nacht in einem Zusatzbett \u00fcbernachten.<br> \u00c4ltere Kinder\/Erwachsene k\u00f6nnen zum Preis von 35 EUR pro Person und Nacht in einem Zusatzbett \u00fcbernachten.<br> Diese Eigenschaft erlaubt keine Junggesellinnen-Partys und \u00e4hnliche Partys.<br> Massage- und Babysitterdienste sind auf Anfrage und je nach Verf\u00fcgbarkeit verf\u00fcgbar.<\/p>\n\n\n\n<h3 class=\"wp-block-heading\">Preis<\/h3>\n\n\n\n<p>Ab 120 \u20ac \/ Nacht f\u00fcr eine Wohnung f\u00fcr zwei Personen und 180 \u20ac f\u00fcr eine Familienwohnung.<\/p>\n\n\n\n<h3 class=\"wp-block-heading\">Adressen\/ Informationen<\/h3>\n\n\n\n<p>Comporta Village Hotel Apartamento<br>Rua do Secador 6, 7580-680 Comporta<br> +351 912 252 521 \/ comportavillage@gmail.com<\/p>\n\n\n\n<h2 class=\"wp-block-heading\"><strong>Vermietung von H\u00e4usern mit Espirito da Comporta<\/strong><\/h2>\n\n\n\n<p>Wenn Sie etwas Intimeres suchen, wenden Sie sich an die <a href=\"https:\/\/espiritodacomporta.com\/de\/hauser\/\">Ferienwohnungen in Comporta<\/a> in Espirito da Comporta. Die Immobilien in Espirito da Comporta liegen gegen\u00fcber den ber\u00fchmten Reisfeldern und verf\u00fcgen \u00fcber gro\u00dfe bewaldete G\u00e4rten und Swimmingpools, in denen Sie sich entspannen und die Sonne genie\u00dfen k\u00f6nnen.<br> Sie sind nach der lokalen Architektur gebaut, die an die Fischerh\u00fctten der Region erinnert, und die Dekoration ist ordentlich. Wenn Sie ein Haus von Espirito da Comporta mieten, haben Sie eine unvergessliche Erfahrung und profitieren von den Ratschl\u00e4gen der Eigent\u00fcmer, Massagen, Sch\u00f6nheitsbehandlungen, Yoga-Sitzungen oder Kochkurse zu Hause zu organisieren.<\/p>\n","protected":false},"excerpt":{"rendered":"<p>Comporta, ein Reiseziel, das viele Reisende zum Tr\u00e4umen bringt! Ein Ort, der uns durch seine Einfachheit und nat\u00fcrliche Sch\u00f6nheit blendet und der es Ihnen erm\u00f6glicht, Ihre Ferien im Kontakt mit der Natur zu verbringen. Dieser Ort ist von Lissabon aus leicht erreichbar (1h15 entfernt) und ist wegen seiner wei\u00dfen Sandstr\u00e4nde sehr begehrt. In Comporta fliehen <\/p>\n<div class=\"goto\"><a href=\"https:\/\/espiritodacomporta.com\/de\/comporta-village-hotel\/\">Erfahren Sie mehr<\/a><\/div>\n","protected":false},"author":2,"featured_media":8466,"comment_status":"open","ping_status":"open","sticky":false,"template":"","format":"standard","meta":{"_acf_changed":false,"inline_featured_image":false,"footnotes":""},"categories":[2293],"tags":[],"class_list":["post-11380","post","type-post","status-publish","format-standard","has-post-thumbnail","hentry","category-auf-der-suche-nach-schoenheit"],"acf":[],"yoast_head":"<!-- This site is optimized with the Yoast SEO Premium plugin v27.2 (Yoast SEO v27.2) - https:\/\/yoast.com\/product\/yoast-seo-premium-wordpress\/ -->\n<title>Comporta Village Hotel Apartemento | Hotel in Comporta<\/title>\n<meta name=\"description\" content=\"Entdecken Sie das Comporta Village Hotel Apartemento in Comporta: Zimmer, Einrichtungen und Dienstleistungen, Freizeit und Attraktionen in der Umgebung.\" \/>\n<meta name=\"robots\" content=\"index, follow, max-snippet:-1, max-image-preview:large, max-video-preview:-1\" \/>\n<link rel=\"canonical\" href=\"https:\/\/espiritodacomporta.com\/de\/comporta-village-hotel\/\" \/>\n<meta property=\"og:locale\" content=\"de_DE\" \/>\n<meta property=\"og:type\" content=\"article\" \/>\n<meta property=\"og:title\" content=\"Comporta Village Hotel Apartamento\" \/>\n<meta property=\"og:description\" content=\"Entdecken Sie das Comporta Village Hotel Apartemento in Comporta: Zimmer, Einrichtungen und Dienstleistungen, Freizeit und Attraktionen in der Umgebung.\" \/>\n<meta property=\"og:url\" content=\"https:\/\/espiritodacomporta.com\/de\/comporta-village-hotel\/\" \/>\n<meta property=\"og:site_name\" content=\"Live &amp; Feel Comporta Portugal\" \/>\n<meta property=\"article:published_time\" content=\"2020-03-02T09:27:34+00:00\" \/>\n<meta property=\"article:modified_time\" content=\"2020-03-18T16:30:32+00:00\" \/>\n<meta property=\"og:image\" content=\"https:\/\/espiritodacomporta.com\/app\/uploads\/2019\/11\/comporta-village3.jpg\" \/>\n\t<meta property=\"og:image:width\" content=\"1024\" \/>\n\t<meta property=\"og:image:height\" content=\"768\" \/>\n\t<meta property=\"og:image:type\" content=\"image\/jpeg\" \/>\n<meta name=\"author\" content=\"Charline Noblet\" \/>\n<meta name=\"twitter:card\" content=\"summary_large_image\" \/>\n<meta name=\"twitter:label1\" content=\"Written by\" \/>\n\t<meta name=\"twitter:data1\" content=\"Charline Noblet\" \/>\n\t<meta name=\"twitter:label2\" content=\"Est. reading time\" \/>\n\t<meta name=\"twitter:data2\" content=\"3 minutes\" \/>\n<script type=\"application\/ld+json\" class=\"yoast-schema-graph\">{\"@context\":\"https:\/\/schema.org\",\"@graph\":[{\"@type\":\"Article\",\"@id\":\"https:\/\/espiritodacomporta.com\/de\/comporta-village-hotel\/#article\",\"isPartOf\":{\"@id\":\"https:\/\/espiritodacomporta.com\/de\/comporta-village-hotel\/\"},\"author\":{\"name\":\"Charline Noblet\",\"@id\":\"https:\/\/espiritodacomporta.com\/de\/#\/schema\/person\/6e1c66cf1c46ee5b2e07e9b72600eaee\"},\"headline\":\"Comporta Village Hotel Apartamento\",\"datePublished\":\"2020-03-02T09:27:34+00:00\",\"dateModified\":\"2020-03-18T16:30:32+00:00\",\"mainEntityOfPage\":{\"@id\":\"https:\/\/espiritodacomporta.com\/de\/comporta-village-hotel\/\"},\"wordCount\":670,\"commentCount\":0,\"publisher\":{\"@id\":\"https:\/\/espiritodacomporta.com\/de\/#organization\"},\"image\":{\"@id\":\"https:\/\/espiritodacomporta.com\/de\/comporta-village-hotel\/#primaryimage\"},\"thumbnailUrl\":\"https:\/\/espiritodacomporta.com\/app\/uploads\/2019\/11\/comporta-village3.jpg\",\"articleSection\":[\"Auf der Suche nach Sch\u00f6nheit\"],\"inLanguage\":\"de-DE\",\"potentialAction\":[{\"@type\":\"CommentAction\",\"name\":\"Comment\",\"target\":[\"https:\/\/espiritodacomporta.com\/de\/comporta-village-hotel\/#respond\"]}]},{\"@type\":\"WebPage\",\"@id\":\"https:\/\/espiritodacomporta.com\/de\/comporta-village-hotel\/\",\"url\":\"https:\/\/espiritodacomporta.com\/de\/comporta-village-hotel\/\",\"name\":\"Comporta Village Hotel Apartemento | Hotel in Comporta\",\"isPartOf\":{\"@id\":\"https:\/\/espiritodacomporta.com\/de\/#website\"},\"primaryImageOfPage\":{\"@id\":\"https:\/\/espiritodacomporta.com\/de\/comporta-village-hotel\/#primaryimage\"},\"image\":{\"@id\":\"https:\/\/espiritodacomporta.com\/de\/comporta-village-hotel\/#primaryimage\"},\"thumbnailUrl\":\"https:\/\/espiritodacomporta.com\/app\/uploads\/2019\/11\/comporta-village3.jpg\",\"datePublished\":\"2020-03-02T09:27:34+00:00\",\"dateModified\":\"2020-03-18T16:30:32+00:00\",\"description\":\"Entdecken Sie das Comporta Village Hotel Apartemento in Comporta: Zimmer, Einrichtungen und Dienstleistungen, Freizeit und Attraktionen in der Umgebung.\",\"breadcrumb\":{\"@id\":\"https:\/\/espiritodacomporta.com\/de\/comporta-village-hotel\/#breadcrumb\"},\"inLanguage\":\"de-DE\",\"potentialAction\":[{\"@type\":\"ReadAction\",\"target\":[\"https:\/\/espiritodacomporta.com\/de\/comporta-village-hotel\/\"]}]},{\"@type\":\"ImageObject\",\"inLanguage\":\"de-DE\",\"@id\":\"https:\/\/espiritodacomporta.com\/de\/comporta-village-hotel\/#primaryimage\",\"url\":\"https:\/\/espiritodacomporta.com\/app\/uploads\/2019\/11\/comporta-village3.jpg\",\"contentUrl\":\"https:\/\/espiritodacomporta.com\/app\/uploads\/2019\/11\/comporta-village3.jpg\",\"width\":1024,\"height\":768},{\"@type\":\"BreadcrumbList\",\"@id\":\"https:\/\/espiritodacomporta.com\/de\/comporta-village-hotel\/#breadcrumb\",\"itemListElement\":[{\"@type\":\"ListItem\",\"position\":1,\"name\":\"Home\",\"item\":\"https:\/\/espiritodacomporta.com\/de\/\"},{\"@type\":\"ListItem\",\"position\":2,\"name\":\"Comporta entdecken\",\"item\":\"https:\/\/espiritodacomporta.com\/de\/category\/comporta-entdecken\/\"},{\"@type\":\"ListItem\",\"position\":3,\"name\":\"Auf der Suche nach Sch\u00f6nheit\",\"item\":\"https:\/\/espiritodacomporta.com\/de\/category\/comporta-entdecken\/auf-der-suche-nach-schoenheit\/\"},{\"@type\":\"ListItem\",\"position\":4,\"name\":\"Comporta Village Hotel Apartamento\"}]},{\"@type\":\"WebSite\",\"@id\":\"https:\/\/espiritodacomporta.com\/de\/#website\",\"url\":\"https:\/\/espiritodacomporta.com\/de\/\",\"name\":\"Live & Feel Comporta Portugal\",\"description\":\"\",\"publisher\":{\"@id\":\"https:\/\/espiritodacomporta.com\/de\/#organization\"},\"potentialAction\":[{\"@type\":\"SearchAction\",\"target\":{\"@type\":\"EntryPoint\",\"urlTemplate\":\"https:\/\/espiritodacomporta.com\/de\/?s={search_term_string}\"},\"query-input\":{\"@type\":\"PropertyValueSpecification\",\"valueRequired\":true,\"valueName\":\"search_term_string\"}}],\"inLanguage\":\"de-DE\"},{\"@type\":\"Organization\",\"@id\":\"https:\/\/espiritodacomporta.com\/de\/#organization\",\"name\":\"Espirito da Comporta\",\"url\":\"https:\/\/espiritodacomporta.com\/de\/\",\"logo\":{\"@type\":\"ImageObject\",\"inLanguage\":\"de-DE\",\"@id\":\"https:\/\/espiritodacomporta.com\/de\/#\/schema\/logo\/image\/\",\"url\":\"https:\/\/espiritodacomporta.com\/app\/uploads\/2023\/09\/LOGO-SIGNATURE@4x.png\",\"contentUrl\":\"https:\/\/espiritodacomporta.com\/app\/uploads\/2023\/09\/LOGO-SIGNATURE@4x.png\",\"width\":321,\"height\":385,\"caption\":\"Espirito da Comporta\"},\"image\":{\"@id\":\"https:\/\/espiritodacomporta.com\/de\/#\/schema\/logo\/image\/\"},\"sameAs\":[\"https:\/\/www.instagram.com\/almadacomporta\/\"]},{\"@type\":\"Person\",\"@id\":\"https:\/\/espiritodacomporta.com\/de\/#\/schema\/person\/6e1c66cf1c46ee5b2e07e9b72600eaee\",\"name\":\"Charline Noblet\",\"image\":{\"@type\":\"ImageObject\",\"inLanguage\":\"de-DE\",\"@id\":\"https:\/\/secure.gravatar.com\/avatar\/1cb8650c0f3cd8a96e31ebc41d5472b4785cb7753c9d361dbcb6ffc123643350?s=96&d=mm&r=g\",\"url\":\"https:\/\/secure.gravatar.com\/avatar\/1cb8650c0f3cd8a96e31ebc41d5472b4785cb7753c9d361dbcb6ffc123643350?s=96&d=mm&r=g\",\"contentUrl\":\"https:\/\/secure.gravatar.com\/avatar\/1cb8650c0f3cd8a96e31ebc41d5472b4785cb7753c9d361dbcb6ffc123643350?s=96&d=mm&r=g\",\"caption\":\"Charline Noblet\"}}]}<\/script>\n<!-- \/ Yoast SEO Premium plugin. -->","yoast_head_json":{"title":"Comporta Village Hotel Apartemento | Hotel in Comporta","description":"Entdecken Sie das Comporta Village Hotel Apartemento in Comporta: Zimmer, Einrichtungen und Dienstleistungen, Freizeit und Attraktionen in der Umgebung.","robots":{"index":"index","follow":"follow","max-snippet":"max-snippet:-1","max-image-preview":"max-image-preview:large","max-video-preview":"max-video-preview:-1"},"canonical":"https:\/\/espiritodacomporta.com\/de\/comporta-village-hotel\/","og_locale":"de_DE","og_type":"article","og_title":"Comporta Village Hotel Apartamento","og_description":"Entdecken Sie das Comporta Village Hotel Apartemento in Comporta: Zimmer, Einrichtungen und Dienstleistungen, Freizeit und Attraktionen in der Umgebung.","og_url":"https:\/\/espiritodacomporta.com\/de\/comporta-village-hotel\/","og_site_name":"Live &amp; Feel Comporta Portugal","article_published_time":"2020-03-02T09:27:34+00:00","article_modified_time":"2020-03-18T16:30:32+00:00","og_image":[{"width":1024,"height":768,"url":"https:\/\/espiritodacomporta.com\/app\/uploads\/2019\/11\/comporta-village3.jpg","type":"image\/jpeg"}],"author":"Charline Noblet","twitter_card":"summary_large_image","twitter_misc":{"Written by":"Charline Noblet","Est. reading time":"3 minutes"},"schema":{"@context":"https:\/\/schema.org","@graph":[{"@type":"Article","@id":"https:\/\/espiritodacomporta.com\/de\/comporta-village-hotel\/#article","isPartOf":{"@id":"https:\/\/espiritodacomporta.com\/de\/comporta-village-hotel\/"},"author":{"name":"Charline Noblet","@id":"https:\/\/espiritodacomporta.com\/de\/#\/schema\/person\/6e1c66cf1c46ee5b2e07e9b72600eaee"},"headline":"Comporta Village Hotel Apartamento","datePublished":"2020-03-02T09:27:34+00:00","dateModified":"2020-03-18T16:30:32+00:00","mainEntityOfPage":{"@id":"https:\/\/espiritodacomporta.com\/de\/comporta-village-hotel\/"},"wordCount":670,"commentCount":0,"publisher":{"@id":"https:\/\/espiritodacomporta.com\/de\/#organization"},"image":{"@id":"https:\/\/espiritodacomporta.com\/de\/comporta-village-hotel\/#primaryimage"},"thumbnailUrl":"https:\/\/espiritodacomporta.com\/app\/uploads\/2019\/11\/comporta-village3.jpg","articleSection":["Auf der Suche nach Sch\u00f6nheit"],"inLanguage":"de-DE","potentialAction":[{"@type":"CommentAction","name":"Comment","target":["https:\/\/espiritodacomporta.com\/de\/comporta-village-hotel\/#respond"]}]},{"@type":"WebPage","@id":"https:\/\/espiritodacomporta.com\/de\/comporta-village-hotel\/","url":"https:\/\/espiritodacomporta.com\/de\/comporta-village-hotel\/","name":"Comporta Village Hotel Apartemento | Hotel in Comporta","isPartOf":{"@id":"https:\/\/espiritodacomporta.com\/de\/#website"},"primaryImageOfPage":{"@id":"https:\/\/espiritodacomporta.com\/de\/comporta-village-hotel\/#primaryimage"},"image":{"@id":"https:\/\/espiritodacomporta.com\/de\/comporta-village-hotel\/#primaryimage"},"thumbnailUrl":"https:\/\/espiritodacomporta.com\/app\/uploads\/2019\/11\/comporta-village3.jpg","datePublished":"2020-03-02T09:27:34+00:00","dateModified":"2020-03-18T16:30:32+00:00","description":"Entdecken Sie das Comporta Village Hotel Apartemento in Comporta: Zimmer, Einrichtungen und Dienstleistungen, Freizeit und Attraktionen in der Umgebung.","breadcrumb":{"@id":"https:\/\/espiritodacomporta.com\/de\/comporta-village-hotel\/#breadcrumb"},"inLanguage":"de-DE","potentialAction":[{"@type":"ReadAction","target":["https:\/\/espiritodacomporta.com\/de\/comporta-village-hotel\/"]}]},{"@type":"ImageObject","inLanguage":"de-DE","@id":"https:\/\/espiritodacomporta.com\/de\/comporta-village-hotel\/#primaryimage","url":"https:\/\/espiritodacomporta.com\/app\/uploads\/2019\/11\/comporta-village3.jpg","contentUrl":"https:\/\/espiritodacomporta.com\/app\/uploads\/2019\/11\/comporta-village3.jpg","width":1024,"height":768},{"@type":"BreadcrumbList","@id":"https:\/\/espiritodacomporta.com\/de\/comporta-village-hotel\/#breadcrumb","itemListElement":[{"@type":"ListItem","position":1,"name":"Home","item":"https:\/\/espiritodacomporta.com\/de\/"},{"@type":"ListItem","position":2,"name":"Comporta entdecken","item":"https:\/\/espiritodacomporta.com\/de\/category\/comporta-entdecken\/"},{"@type":"ListItem","position":3,"name":"Auf der Suche nach Sch\u00f6nheit","item":"https:\/\/espiritodacomporta.com\/de\/category\/comporta-entdecken\/auf-der-suche-nach-schoenheit\/"},{"@type":"ListItem","position":4,"name":"Comporta Village Hotel Apartamento"}]},{"@type":"WebSite","@id":"https:\/\/espiritodacomporta.com\/de\/#website","url":"https:\/\/espiritodacomporta.com\/de\/","name":"Live & Feel Comporta Portugal","description":"","publisher":{"@id":"https:\/\/espiritodacomporta.com\/de\/#organization"},"potentialAction":[{"@type":"SearchAction","target":{"@type":"EntryPoint","urlTemplate":"https:\/\/espiritodacomporta.com\/de\/?s={search_term_string}"},"query-input":{"@type":"PropertyValueSpecification","valueRequired":true,"valueName":"search_term_string"}}],"inLanguage":"de-DE"},{"@type":"Organization","@id":"https:\/\/espiritodacomporta.com\/de\/#organization","name":"Espirito da Comporta","url":"https:\/\/espiritodacomporta.com\/de\/","logo":{"@type":"ImageObject","inLanguage":"de-DE","@id":"https:\/\/espiritodacomporta.com\/de\/#\/schema\/logo\/image\/","url":"https:\/\/espiritodacomporta.com\/app\/uploads\/2023\/09\/LOGO-SIGNATURE@4x.png","contentUrl":"https:\/\/espiritodacomporta.com\/app\/uploads\/2023\/09\/LOGO-SIGNATURE@4x.png","width":321,"height":385,"caption":"Espirito da Comporta"},"image":{"@id":"https:\/\/espiritodacomporta.com\/de\/#\/schema\/logo\/image\/"},"sameAs":["https:\/\/www.instagram.com\/almadacomporta\/"]},{"@type":"Person","@id":"https:\/\/espiritodacomporta.com\/de\/#\/schema\/person\/6e1c66cf1c46ee5b2e07e9b72600eaee","name":"Charline Noblet","image":{"@type":"ImageObject","inLanguage":"de-DE","@id":"https:\/\/secure.gravatar.com\/avatar\/1cb8650c0f3cd8a96e31ebc41d5472b4785cb7753c9d361dbcb6ffc123643350?s=96&d=mm&r=g","url":"https:\/\/secure.gravatar.com\/avatar\/1cb8650c0f3cd8a96e31ebc41d5472b4785cb7753c9d361dbcb6ffc123643350?s=96&d=mm&r=g","contentUrl":"https:\/\/secure.gravatar.com\/avatar\/1cb8650c0f3cd8a96e31ebc41d5472b4785cb7753c9d361dbcb6ffc123643350?s=96&d=mm&r=g","caption":"Charline Noblet"}}]}},"jetpack_featured_media_url":"https:\/\/espiritodacomporta.com\/app\/uploads\/2019\/11\/comporta-village3.jpg","_links":{"self":[{"href":"https:\/\/espiritodacomporta.com\/de\/wp-json\/wp\/v2\/posts\/11380","targetHints":{"allow":["GET"]}}],"collection":[{"href":"https:\/\/espiritodacomporta.com\/de\/wp-json\/wp\/v2\/posts"}],"about":[{"href":"https:\/\/espiritodacomporta.com\/de\/wp-json\/wp\/v2\/types\/post"}],"author":[{"embeddable":true,"href":"https:\/\/espiritodacomporta.com\/de\/wp-json\/wp\/v2\/users\/2"}],"replies":[{"embeddable":true,"href":"https:\/\/espiritodacomporta.com\/de\/wp-json\/wp\/v2\/comments?post=11380"}],"version-history":[{"count":0,"href":"https:\/\/espiritodacomporta.com\/de\/wp-json\/wp\/v2\/posts\/11380\/revisions"}],"wp:featuredmedia":[{"embeddable":true,"href":"https:\/\/espiritodacomporta.com\/de\/wp-json\/wp\/v2\/media\/8466"}],"wp:attachment":[{"href":"https:\/\/espiritodacomporta.com\/de\/wp-json\/wp\/v2\/media?parent=11380"}],"wp:term":[{"taxonomy":"category","embeddable":true,"href":"https:\/\/espiritodacomporta.com\/de\/wp-json\/wp\/v2\/categories?post=11380"},{"taxonomy":"post_tag","embeddable":true,"href":"https:\/\/espiritodacomporta.com\/de\/wp-json\/wp\/v2\/tags?post=11380"}],"curies":[{"name":"wp","href":"https:\/\/api.w.org\/{rel}","templated":true}]}}