{"id":52701,"date":"2023-07-11T16:50:25","date_gmt":"2023-07-11T14:50:25","guid":{"rendered":"https:\/\/espiritodacomporta.com\/?p=52701"},"modified":"2023-07-11T16:50:28","modified_gmt":"2023-07-11T14:50:28","slug":"comporta-ein-paradies-fuer-fotografen","status":"publish","type":"post","link":"https:\/\/espiritodacomporta.com\/de\/comporta-ein-paradies-fuer-fotografen\/","title":{"rendered":"Comporta: Ein Paradies f\u00fcr Fotografen"},"content":{"rendered":"\n<p>Comporta ist ein Dorf 1h15m von Lissabon entfernt und es ist unglaublich, wie idyllisch die Landschaft f\u00fcr Naturliebhaber ist.<\/p>\n\n\n\n<p><a href=\"https:\/\/espiritodacomporta.com\/de\/\">Comporta<\/a> befindet sich auf der Herdade da comporta, einem 12.500 Hektar gro\u00dfen Gebiet zwischen dem Fluss Sado und dem Meer. Comporta ist eines der bekanntesten D\u00f6rfer in dieser Region, aber auch alle anderen kleinen D\u00f6rfer in der Umgebung haben ihren eigenen Charme.<\/p>\n\n\n\n<h2 class=\"wp-block-heading\" id=\"h-wie-kommt-man-im-besten-fall-an\">Wie kommt man im besten Fall an?<\/h2>\n\n\n\n<p>Eine M\u00f6glichkeit, dieses Dorf zu erreichen, ist von Set\u00fabal (40 Minuten von Lissabon entfernt) mit der F\u00e4hre. Set\u00fabal ist eine privilegierte Stadt, denn um sie herum befindet sich eine der sch\u00f6nsten Gegenden Portugals. Der Naturpark von Arr\u00e1bida. Zwischen Bergen und H\u00fcgeln findet man hier kostbare Natur und atemberaubende Landschaften bis hin zu Str\u00e4nden mit kristallklarem Wasser und Felsen. Von Set\u00fabal aus k\u00f6nnen Sie Tr\u00f3ia mit der F\u00e4hre erreichen. In den Sommermonaten verkehrt die F\u00e4hre alle 30 Minuten. In nur 20 Minuten sind Sie in Tr\u00f3ia und von dort in 10 Minuten mit dem Auto in der Stadt Comporta. Wenn Sie diese Stra\u00dfe entlangfahren, wird Ihnen schon klar, dass die Landschaft atemberaubend ist. Auf der linken Seite befindet sich der Fluss Sado und auf der rechten Seite das Meer.<\/p>\n\n\n\n<figure class=\"wp-block-gallery has-nested-images columns-default is-cropped wp-block-gallery-1 is-layout-flex wp-block-gallery-is-layout-flex\">\n<figure class=\"wp-block-image size-large\"><img loading=\"lazy\" decoding=\"async\" width=\"1024\" height=\"768\" data-attachment-id=\"27683\" data-permalink=\"https:\/\/espiritodacomporta.com\/de\/lissabon-nach-comporta\/ferry-comporta-3-2\/\" data-orig-file=\"https:\/\/espiritodacomporta.com\/app\/uploads\/2022\/05\/ferry-comporta-scaled.webp\" data-orig-size=\"2560,1920\" data-comments-opened=\"0\" data-image-meta=\"{&quot;aperture&quot;:&quot;0&quot;,&quot;credit&quot;:&quot;&quot;,&quot;camera&quot;:&quot;&quot;,&quot;caption&quot;:&quot;&quot;,&quot;created_timestamp&quot;:&quot;0&quot;,&quot;copyright&quot;:&quot;&quot;,&quot;focal_length&quot;:&quot;0&quot;,&quot;iso&quot;:&quot;0&quot;,&quot;shutter_speed&quot;:&quot;0&quot;,&quot;title&quot;:&quot;&quot;,&quot;orientation&quot;:&quot;0&quot;}\" data-image-title=\"ferry-comporta\" data-image-description=\"\" data-image-caption=\"\" data-medium-file=\"https:\/\/espiritodacomporta.com\/app\/uploads\/2022\/05\/ferry-comporta-300x225.webp\" data-large-file=\"https:\/\/espiritodacomporta.com\/app\/uploads\/2022\/05\/ferry-comporta-1024x768.webp\" data-id=\"27683\" src=\"https:\/\/espiritodacomporta.com\/app\/uploads\/2022\/05\/ferry-comporta-1024x768.webp\" alt=\"ferry-comporta\" class=\"wp-image-27683\" srcset=\"https:\/\/espiritodacomporta.com\/app\/uploads\/2022\/05\/ferry-comporta-1024x768.webp 1024w, https:\/\/espiritodacomporta.com\/app\/uploads\/2022\/05\/ferry-comporta-300x225.webp 300w, https:\/\/espiritodacomporta.com\/app\/uploads\/2022\/05\/ferry-comporta-768x576.webp 768w, https:\/\/espiritodacomporta.com\/app\/uploads\/2022\/05\/ferry-comporta-1536x1152.webp 1536w, https:\/\/espiritodacomporta.com\/app\/uploads\/2022\/05\/ferry-comporta-2048x1536.webp 2048w\" sizes=\"auto, (max-width: 1024px) 100vw, 1024px\" \/><\/figure>\n\n\n\n<figure class=\"wp-block-image size-large\"><img loading=\"lazy\" decoding=\"async\" width=\"1024\" height=\"768\" data-attachment-id=\"27672\" data-permalink=\"https:\/\/espiritodacomporta.com\/de\/lissabon-nach-comporta\/comporta-ferry-2\/\" data-orig-file=\"https:\/\/espiritodacomporta.com\/app\/uploads\/2022\/05\/comporta-ferry-scaled.jpg\" data-orig-size=\"2560,1920\" data-comments-opened=\"0\" data-image-meta=\"{&quot;aperture&quot;:&quot;4.5&quot;,&quot;credit&quot;:&quot;&quot;,&quot;camera&quot;:&quot;Canon PowerShot SX30 IS&quot;,&quot;caption&quot;:&quot;&quot;,&quot;created_timestamp&quot;:&quot;1651150829&quot;,&quot;copyright&quot;:&quot;&quot;,&quot;focal_length&quot;:&quot;31.461&quot;,&quot;iso&quot;:&quot;80&quot;,&quot;shutter_speed&quot;:&quot;0.002&quot;,&quot;title&quot;:&quot;&quot;,&quot;orientation&quot;:&quot;1&quot;}\" data-image-title=\"comporta-ferry\" data-image-description=\"\" data-image-caption=\"\" data-medium-file=\"https:\/\/espiritodacomporta.com\/app\/uploads\/2022\/05\/comporta-ferry-300x225.jpg\" data-large-file=\"https:\/\/espiritodacomporta.com\/app\/uploads\/2022\/05\/comporta-ferry-1024x768.jpg\" data-id=\"27672\" src=\"https:\/\/espiritodacomporta.com\/app\/uploads\/2022\/05\/comporta-ferry-1024x768.jpg\" alt=\"comporta-sado\" class=\"wp-image-27672\" srcset=\"https:\/\/espiritodacomporta.com\/app\/uploads\/2022\/05\/comporta-ferry-1024x768.jpg 1024w, https:\/\/espiritodacomporta.com\/app\/uploads\/2022\/05\/comporta-ferry-300x225.jpg 300w, https:\/\/espiritodacomporta.com\/app\/uploads\/2022\/05\/comporta-ferry-768x576.jpg 768w, https:\/\/espiritodacomporta.com\/app\/uploads\/2022\/05\/comporta-ferry-1536x1152.jpg 1536w, https:\/\/espiritodacomporta.com\/app\/uploads\/2022\/05\/comporta-ferry-2048x1536.jpg 2048w\" sizes=\"auto, (max-width: 1024px) 100vw, 1024px\" \/><\/figure>\n\n\n\n<figure class=\"wp-block-image size-large\"><img loading=\"lazy\" decoding=\"async\" width=\"1024\" height=\"576\" data-attachment-id=\"27488\" data-permalink=\"https:\/\/espiritodacomporta.com\/de\/ferry-to-comporta-1-2\/\" data-orig-file=\"https:\/\/espiritodacomporta.com\/app\/uploads\/2022\/04\/ferry-to-comporta-1-scaled.webp\" data-orig-size=\"2560,1440\" data-comments-opened=\"0\" data-image-meta=\"{&quot;aperture&quot;:&quot;0&quot;,&quot;credit&quot;:&quot;&quot;,&quot;camera&quot;:&quot;&quot;,&quot;caption&quot;:&quot;&quot;,&quot;created_timestamp&quot;:&quot;0&quot;,&quot;copyright&quot;:&quot;&quot;,&quot;focal_length&quot;:&quot;0&quot;,&quot;iso&quot;:&quot;0&quot;,&quot;shutter_speed&quot;:&quot;0&quot;,&quot;title&quot;:&quot;&quot;,&quot;orientation&quot;:&quot;0&quot;}\" data-image-title=\"ferry-to-comporta\" data-image-description=\"\" data-image-caption=\"\" data-medium-file=\"https:\/\/espiritodacomporta.com\/app\/uploads\/2022\/04\/ferry-to-comporta-1-300x169.webp\" data-large-file=\"https:\/\/espiritodacomporta.com\/app\/uploads\/2022\/04\/ferry-to-comporta-1-1024x576.webp\" data-id=\"27488\" src=\"https:\/\/espiritodacomporta.com\/app\/uploads\/2022\/04\/ferry-to-comporta-1-1024x576.webp\" alt=\"ferry-to-comporta\" class=\"wp-image-27488\" srcset=\"https:\/\/espiritodacomporta.com\/app\/uploads\/2022\/04\/ferry-to-comporta-1-1024x576.webp 1024w, https:\/\/espiritodacomporta.com\/app\/uploads\/2022\/04\/ferry-to-comporta-1-300x169.webp 300w, https:\/\/espiritodacomporta.com\/app\/uploads\/2022\/04\/ferry-to-comporta-1-768x432.webp 768w, https:\/\/espiritodacomporta.com\/app\/uploads\/2022\/04\/ferry-to-comporta-1-1536x864.webp 1536w, https:\/\/espiritodacomporta.com\/app\/uploads\/2022\/04\/ferry-to-comporta-1-2048x1152.webp 2048w\" sizes=\"auto, (max-width: 1024px) 100vw, 1024px\" \/><\/figure>\n<\/figure>\n\n\n\n<p><\/p>\n\n\n\n<p>Die Region ist ber\u00fchmt f\u00fcr ihre Reisfelder und folglich f\u00fcr ihre Produktion. Sie liegt im Alentejo (der gr\u00f6\u00dften, aber am d\u00fcnnsten besiedelten Region Portugals). Die St\u00f6rche mit ihren hohen Nestern auf Strommasten oder Schornsteinen werden ein Teil Ihrer Tage sein. <a href=\"https:\/\/espiritodacomporta.com\/de\/comporta-strande-die-schonsten-orte\/\">Die Str\u00e4nde <\/a>mit einer Ausdehnung von 60 Kilometern Sand sind zahlreich und f\u00fcr jeden Geschmack geeignet.<\/p>\n\n\n\n<p>Str\u00e4nde mit ruhigerem Wasser f\u00fcr diejenigen, die gerne schwimmen oder paddeln, andere mit felsigerem Wasser zum Surfen, andere nur mit Sand, andere mit wundersch\u00f6nen D\u00fcnen, wieder andere mit gelblichen Felsen als Kontrast zum blauen und kristallklaren Meerwasser.<\/p>\n\n\n\n<p>Viele Menschen kommen zu diesen Szenarien, um zu reiten. Gibt es etwas Faszinierenderes als diesen Ritt?<\/p>\n\n\n\n<figure class=\"wp-block-gallery has-nested-images columns-default is-cropped wp-block-gallery-2 is-layout-flex wp-block-gallery-is-layout-flex\">\n<figure class=\"wp-block-image size-large\"><img loading=\"lazy\" decoding=\"async\" width=\"683\" height=\"1024\" data-attachment-id=\"50013\" data-permalink=\"https:\/\/espiritodacomporta.com\/de\/reiten-in-comporta\/horseriding-2\/\" data-orig-file=\"https:\/\/espiritodacomporta.com\/app\/uploads\/2023\/04\/HorseRiding.webp\" data-orig-size=\"800,1200\" data-comments-opened=\"0\" data-image-meta=\"{&quot;aperture&quot;:&quot;0&quot;,&quot;credit&quot;:&quot;&quot;,&quot;camera&quot;:&quot;&quot;,&quot;caption&quot;:&quot;&quot;,&quot;created_timestamp&quot;:&quot;0&quot;,&quot;copyright&quot;:&quot;&quot;,&quot;focal_length&quot;:&quot;0&quot;,&quot;iso&quot;:&quot;0&quot;,&quot;shutter_speed&quot;:&quot;0&quot;,&quot;title&quot;:&quot;&quot;,&quot;orientation&quot;:&quot;0&quot;}\" data-image-title=\"HorseRiding\" data-image-description=\"\" data-image-caption=\"\" data-medium-file=\"https:\/\/espiritodacomporta.com\/app\/uploads\/2023\/04\/HorseRiding-200x300.webp\" data-large-file=\"https:\/\/espiritodacomporta.com\/app\/uploads\/2023\/04\/HorseRiding-683x1024.webp\" data-id=\"50013\" src=\"https:\/\/espiritodacomporta.com\/app\/uploads\/2023\/04\/HorseRiding-683x1024.webp\" alt=\"HorseRiding_comporta\" class=\"wp-image-50013\" srcset=\"https:\/\/espiritodacomporta.com\/app\/uploads\/2023\/04\/HorseRiding-683x1024.webp 683w, https:\/\/espiritodacomporta.com\/app\/uploads\/2023\/04\/HorseRiding-200x300.webp 200w, https:\/\/espiritodacomporta.com\/app\/uploads\/2023\/04\/HorseRiding-768x1152.webp 768w, https:\/\/espiritodacomporta.com\/app\/uploads\/2023\/04\/HorseRiding.webp 800w\" sizes=\"auto, (max-width: 683px) 100vw, 683px\" \/><\/figure>\n\n\n\n<figure class=\"wp-block-image size-large\"><img loading=\"lazy\" decoding=\"async\" width=\"1024\" height=\"1024\" data-attachment-id=\"41691\" data-permalink=\"https:\/\/espiritodacomporta.com\/de\/herbst-in-portugal\/comporta-horse-riding-2\/\" data-orig-file=\"https:\/\/espiritodacomporta.com\/app\/uploads\/2022\/07\/comporta-horse-riding-scaled.webp\" data-orig-size=\"2560,2560\" data-comments-opened=\"0\" data-image-meta=\"{&quot;aperture&quot;:&quot;0&quot;,&quot;credit&quot;:&quot;&quot;,&quot;camera&quot;:&quot;&quot;,&quot;caption&quot;:&quot;&quot;,&quot;created_timestamp&quot;:&quot;0&quot;,&quot;copyright&quot;:&quot;&quot;,&quot;focal_length&quot;:&quot;0&quot;,&quot;iso&quot;:&quot;0&quot;,&quot;shutter_speed&quot;:&quot;0&quot;,&quot;title&quot;:&quot;&quot;,&quot;orientation&quot;:&quot;0&quot;}\" data-image-title=\"comporta-horse-riding\" data-image-description=\"\" data-image-caption=\"\" data-medium-file=\"https:\/\/espiritodacomporta.com\/app\/uploads\/2022\/07\/comporta-horse-riding-300x300.webp\" data-large-file=\"https:\/\/espiritodacomporta.com\/app\/uploads\/2022\/07\/comporta-horse-riding-1024x1024.webp\" data-id=\"41691\" src=\"https:\/\/espiritodacomporta.com\/app\/uploads\/2022\/07\/comporta-horse-riding-1024x1024.webp\" alt=\"comporta-horse-riding\" class=\"wp-image-41691\" srcset=\"https:\/\/espiritodacomporta.com\/app\/uploads\/2022\/07\/comporta-horse-riding-1024x1024.webp 1024w, https:\/\/espiritodacomporta.com\/app\/uploads\/2022\/07\/comporta-horse-riding-300x300.webp 300w, https:\/\/espiritodacomporta.com\/app\/uploads\/2022\/07\/comporta-horse-riding-150x150.webp 150w, https:\/\/espiritodacomporta.com\/app\/uploads\/2022\/07\/comporta-horse-riding-768x768.webp 768w, https:\/\/espiritodacomporta.com\/app\/uploads\/2022\/07\/comporta-horse-riding-1536x1536.webp 1536w, https:\/\/espiritodacomporta.com\/app\/uploads\/2022\/07\/comporta-horse-riding-2048x2048.webp 2048w\" sizes=\"auto, (max-width: 1024px) 100vw, 1024px\" \/><\/figure>\n<\/figure>\n\n\n\n<p><\/p>\n\n\n\n<p>Der Alentejo verf\u00fcgt \u00fcber das gr\u00f6\u00dfte Waldgebiet Portugals. Die geringe Bev\u00f6lkerungsdichte der Region Alentejo, die nachhaltigen Praktiken, die Fl\u00fcsse und das Meer machen dieses Gebiet mit einer sehr vielf\u00e4ltigen Fauna, die Arten von V\u00f6geln, S\u00e4ugetieren, Reptilien und Amphibien in verschiedenen Gr\u00f6\u00dfen und Formen pr\u00e4sentiert.<\/p>\n\n\n\n<figure class=\"wp-block-gallery has-nested-images columns-default is-cropped wp-block-gallery-3 is-layout-flex wp-block-gallery-is-layout-flex\">\n<figure class=\"wp-block-image size-large\"><img loading=\"lazy\" decoding=\"async\" width=\"1024\" height=\"768\" data-attachment-id=\"52123\" data-permalink=\"https:\/\/espiritodacomporta.com\/de\/dunas-golf-comporta\/brejos_beach-2\/\" data-orig-file=\"https:\/\/espiritodacomporta.com\/app\/uploads\/2023\/06\/Brejos_Beach.webp\" data-orig-size=\"2048,1536\" data-comments-opened=\"0\" data-image-meta=\"{&quot;aperture&quot;:&quot;0&quot;,&quot;credit&quot;:&quot;&quot;,&quot;camera&quot;:&quot;&quot;,&quot;caption&quot;:&quot;&quot;,&quot;created_timestamp&quot;:&quot;0&quot;,&quot;copyright&quot;:&quot;&quot;,&quot;focal_length&quot;:&quot;0&quot;,&quot;iso&quot;:&quot;0&quot;,&quot;shutter_speed&quot;:&quot;0&quot;,&quot;title&quot;:&quot;&quot;,&quot;orientation&quot;:&quot;0&quot;}\" data-image-title=\"Brejos_Beach\" data-image-description=\"\" data-image-caption=\"\" data-medium-file=\"https:\/\/espiritodacomporta.com\/app\/uploads\/2023\/06\/Brejos_Beach-300x225.webp\" data-large-file=\"https:\/\/espiritodacomporta.com\/app\/uploads\/2023\/06\/Brejos_Beach-1024x768.webp\" data-id=\"52123\" src=\"https:\/\/espiritodacomporta.com\/app\/uploads\/2023\/06\/Brejos_Beach-1024x768.webp\" alt=\"Brejos_Beach\" class=\"wp-image-52123\" srcset=\"https:\/\/espiritodacomporta.com\/app\/uploads\/2023\/06\/Brejos_Beach-1024x768.webp 1024w, https:\/\/espiritodacomporta.com\/app\/uploads\/2023\/06\/Brejos_Beach-300x225.webp 300w, https:\/\/espiritodacomporta.com\/app\/uploads\/2023\/06\/Brejos_Beach-768x576.webp 768w, https:\/\/espiritodacomporta.com\/app\/uploads\/2023\/06\/Brejos_Beach-1536x1152.webp 1536w, https:\/\/espiritodacomporta.com\/app\/uploads\/2023\/06\/Brejos_Beach.webp 2048w\" sizes=\"auto, (max-width: 1024px) 100vw, 1024px\" \/><\/figure>\n\n\n\n<figure class=\"wp-block-image size-large\"><img loading=\"lazy\" decoding=\"async\" width=\"1024\" height=\"768\" data-attachment-id=\"48104\" data-permalink=\"https:\/\/espiritodacomporta.com\/de\/portugal-im-frueling\/comporta1-2\/\" data-orig-file=\"https:\/\/espiritodacomporta.com\/app\/uploads\/2023\/01\/comporta1.webp\" data-orig-size=\"2016,1512\" data-comments-opened=\"0\" data-image-meta=\"{&quot;aperture&quot;:&quot;0&quot;,&quot;credit&quot;:&quot;&quot;,&quot;camera&quot;:&quot;&quot;,&quot;caption&quot;:&quot;&quot;,&quot;created_timestamp&quot;:&quot;0&quot;,&quot;copyright&quot;:&quot;&quot;,&quot;focal_length&quot;:&quot;0&quot;,&quot;iso&quot;:&quot;0&quot;,&quot;shutter_speed&quot;:&quot;0&quot;,&quot;title&quot;:&quot;&quot;,&quot;orientation&quot;:&quot;0&quot;}\" data-image-title=\"comporta\" data-image-description=\"\" data-image-caption=\"\" data-medium-file=\"https:\/\/espiritodacomporta.com\/app\/uploads\/2023\/01\/comporta1-300x225.webp\" data-large-file=\"https:\/\/espiritodacomporta.com\/app\/uploads\/2023\/01\/comporta1-1024x768.webp\" data-id=\"48104\" src=\"https:\/\/espiritodacomporta.com\/app\/uploads\/2023\/01\/comporta1-1024x768.webp\" alt=\"Comporta-road\" class=\"wp-image-48104\" srcset=\"https:\/\/espiritodacomporta.com\/app\/uploads\/2023\/01\/comporta1-1024x768.webp 1024w, https:\/\/espiritodacomporta.com\/app\/uploads\/2023\/01\/comporta1-300x225.webp 300w, https:\/\/espiritodacomporta.com\/app\/uploads\/2023\/01\/comporta1-768x576.webp 768w, https:\/\/espiritodacomporta.com\/app\/uploads\/2023\/01\/comporta1-1536x1152.webp 1536w, https:\/\/espiritodacomporta.com\/app\/uploads\/2023\/01\/comporta1.webp 2016w\" sizes=\"auto, (max-width: 1024px) 100vw, 1024px\" \/><\/figure>\n\n\n\n<figure class=\"wp-block-image size-large\"><img loading=\"lazy\" decoding=\"async\" width=\"1024\" height=\"768\" data-attachment-id=\"51417\" data-permalink=\"https:\/\/espiritodacomporta.com\/de\/doerfer-von-comporta\/carvalhal-3\/\" data-orig-file=\"https:\/\/espiritodacomporta.com\/app\/uploads\/2023\/05\/Carvalhal.webp\" data-orig-size=\"2016,1512\" data-comments-opened=\"0\" data-image-meta=\"{&quot;aperture&quot;:&quot;0&quot;,&quot;credit&quot;:&quot;&quot;,&quot;camera&quot;:&quot;&quot;,&quot;caption&quot;:&quot;&quot;,&quot;created_timestamp&quot;:&quot;0&quot;,&quot;copyright&quot;:&quot;&quot;,&quot;focal_length&quot;:&quot;0&quot;,&quot;iso&quot;:&quot;0&quot;,&quot;shutter_speed&quot;:&quot;0&quot;,&quot;title&quot;:&quot;&quot;,&quot;orientation&quot;:&quot;0&quot;}\" data-image-title=\"Carvalhal\" data-image-description=\"\" data-image-caption=\"\" data-medium-file=\"https:\/\/espiritodacomporta.com\/app\/uploads\/2023\/05\/Carvalhal-300x225.webp\" data-large-file=\"https:\/\/espiritodacomporta.com\/app\/uploads\/2023\/05\/Carvalhal-1024x768.webp\" data-id=\"51417\" src=\"https:\/\/espiritodacomporta.com\/app\/uploads\/2023\/05\/Carvalhal-1024x768.webp\" alt=\"Carvalhal\" class=\"wp-image-51417\" srcset=\"https:\/\/espiritodacomporta.com\/app\/uploads\/2023\/05\/Carvalhal-1024x768.webp 1024w, https:\/\/espiritodacomporta.com\/app\/uploads\/2023\/05\/Carvalhal-300x225.webp 300w, https:\/\/espiritodacomporta.com\/app\/uploads\/2023\/05\/Carvalhal-768x576.webp 768w, https:\/\/espiritodacomporta.com\/app\/uploads\/2023\/05\/Carvalhal-1536x1152.webp 1536w, https:\/\/espiritodacomporta.com\/app\/uploads\/2023\/05\/Carvalhal.webp 2016w\" sizes=\"auto, (max-width: 1024px) 100vw, 1024px\" \/><\/figure>\n<\/figure>\n\n\n\n<p><\/p>\n\n\n\n<p>Wenn man von Flora spricht, meint man im Wesentlichen den Baum namens Korkeiche, dessen Kork international verkauft wird. Es gibt noch andere B\u00e4ume wie die Steineiche und den Olivenbaum, die ein ganz eigenes \u00d6kosystem mit einem empfindlichen Gleichgewicht bilden.<\/p>\n\n\n\n<h2 class=\"wp-block-heading\">Architektur in Comporta<\/h2>\n\n\n\n<p>Comporta und die umliegenden D\u00f6rfer machen diese Region sehr begehrt f\u00fcr den Bau neuer Projekte. In Anlehnung an die Geschichte dieser Region, die einst ein Fischerdorf war, verbinden die neuen Bauvorhaben die Identit\u00e4t des Ortes mit dekorativem Minimalismus und allem notwendigen Komfort. Reetd\u00e4cher oder Pergolen sind in den neuen Siedlungen weit verbreitet.<\/p>\n\n\n\n<p>Viele H\u00e4user k\u00f6nnen f\u00fcr den Urlaub gemietet werden, und die Erfahrung ist erstaunlich.<\/p>\n\n\n\n<p><\/p>\n\n\n\n<figure class=\"wp-block-image size-large\"><img loading=\"lazy\" decoding=\"async\" width=\"1024\" height=\"767\" data-attachment-id=\"50579\" data-permalink=\"https:\/\/espiritodacomporta.com\/de\/bootsfahrt-in-comporta\/comporta_210-2-2\/\" data-orig-file=\"https:\/\/espiritodacomporta.com\/app\/uploads\/2023\/04\/comporta_210-scaled.webp\" data-orig-size=\"2560,1919\" data-comments-opened=\"0\" data-image-meta=\"{&quot;aperture&quot;:&quot;0&quot;,&quot;credit&quot;:&quot;&quot;,&quot;camera&quot;:&quot;&quot;,&quot;caption&quot;:&quot;&quot;,&quot;created_timestamp&quot;:&quot;0&quot;,&quot;copyright&quot;:&quot;&quot;,&quot;focal_length&quot;:&quot;0&quot;,&quot;iso&quot;:&quot;0&quot;,&quot;shutter_speed&quot;:&quot;0&quot;,&quot;title&quot;:&quot;&quot;,&quot;orientation&quot;:&quot;0&quot;}\" data-image-title=\"Campo-de arroz-comporta\" data-image-description=\"\" data-image-caption=\"\" data-medium-file=\"https:\/\/espiritodacomporta.com\/app\/uploads\/2023\/04\/comporta_210-300x225.webp\" data-large-file=\"https:\/\/espiritodacomporta.com\/app\/uploads\/2023\/04\/comporta_210-1024x767.webp\" src=\"https:\/\/espiritodacomporta.com\/app\/uploads\/2023\/04\/comporta_210-1024x767.webp\" alt=\"Campo-de arroz-comporta\" class=\"wp-image-50579\" srcset=\"https:\/\/espiritodacomporta.com\/app\/uploads\/2023\/04\/comporta_210-1024x767.webp 1024w, https:\/\/espiritodacomporta.com\/app\/uploads\/2023\/04\/comporta_210-300x225.webp 300w, https:\/\/espiritodacomporta.com\/app\/uploads\/2023\/04\/comporta_210-768x576.webp 768w, https:\/\/espiritodacomporta.com\/app\/uploads\/2023\/04\/comporta_210-1536x1151.webp 1536w, https:\/\/espiritodacomporta.com\/app\/uploads\/2023\/04\/comporta_210-2048x1535.webp 2048w\" sizes=\"auto, (max-width: 1024px) 100vw, 1024px\" \/><\/figure>\n\n\n\n<p><\/p>\n\n\n\n<p>Auch f\u00fcr Fotoliebhaber ist die Landschaft perfekt, denn sie k\u00f6nnen Bilder von kleinen Hotelparadiesen einfangen.<\/p>\n\n\n\n<h2 class=\"wp-block-heading\">Das Paradies der Fotografen<\/h2>\n\n\n\n<p>Diese Region ist ein kleines Paradies f\u00fcr alle Fotofreunde. Rund um die Natur ist jedes Detail eines &#8220;Klicks&#8221; w\u00fcrdig.<\/p>\n\n\n\n<h2 class=\"wp-block-heading\">Was man fotografieren sollte (einige Ideen):<\/h2>\n\n\n\n<ul class=\"wp-block-list\">\n<li>Die Blau- und Wei\u00dft\u00f6ne des Dorfes Comporta<\/li>\n\n\n\n<li>Pferde am Strand<\/li>\n\n\n\n<li>St\u00f6rche auf Schornsteinen und hohen Punkten<\/li>\n\n\n\n<li>Reisfelder. Wenn Sie mit dem Fahrrad fahren, noch besser.<\/li>\n\n\n\n<li>Der Sonnenuntergang vom Palafitico-Pier von Carrasqueira<\/li>\n\n\n\n<li>Der Fluss Sado. Wenn Sie ihn \u00fcberqueren, sollten Sie die Serra da Arr\u00e1bida nicht verpassen. Wenn Sie die Gelegenheit haben, machen Sie eine Bootsfahrt.<\/li>\n\n\n\n<li>Die typischen Fischerh\u00e4user der Region<\/li>\n\n\n\n<li>Die vielf\u00e4ltige Gastronomie<\/li>\n\n\n\n<li>Die D\u00fcnen und Str\u00e4nde<\/li>\n\n\n\n<li>Die D\u00f6rfer rund um das Dorf Comporta.<\/li>\n\n\n\n<li>Restaurants wie das &#8220;Cavalari\u00e7a&#8221;, das fr\u00fcher ein alter Stall war.<\/li>\n<\/ul>\n\n\n\n<p><\/p>\n\n\n\n<figure class=\"wp-block-gallery has-nested-images columns-default is-cropped wp-block-gallery-4 is-layout-flex wp-block-gallery-is-layout-flex\">\n<figure class=\"wp-block-image size-large\"><img loading=\"lazy\" decoding=\"async\" width=\"1024\" height=\"768\" data-attachment-id=\"51447\" data-permalink=\"https:\/\/espiritodacomporta.com\/de\/doerfer-von-comporta\/comporta2-2-2\/\" data-orig-file=\"https:\/\/espiritodacomporta.com\/app\/uploads\/2023\/05\/comporta2.webp\" data-orig-size=\"2016,1512\" data-comments-opened=\"0\" data-image-meta=\"{&quot;aperture&quot;:&quot;0&quot;,&quot;credit&quot;:&quot;&quot;,&quot;camera&quot;:&quot;&quot;,&quot;caption&quot;:&quot;&quot;,&quot;created_timestamp&quot;:&quot;0&quot;,&quot;copyright&quot;:&quot;&quot;,&quot;focal_length&quot;:&quot;0&quot;,&quot;iso&quot;:&quot;0&quot;,&quot;shutter_speed&quot;:&quot;0&quot;,&quot;title&quot;:&quot;&quot;,&quot;orientation&quot;:&quot;0&quot;}\" data-image-title=\"comporta_village\" data-image-description=\"\" data-image-caption=\"\" data-medium-file=\"https:\/\/espiritodacomporta.com\/app\/uploads\/2023\/05\/comporta2-300x225.webp\" data-large-file=\"https:\/\/espiritodacomporta.com\/app\/uploads\/2023\/05\/comporta2-1024x768.webp\" data-id=\"51447\" src=\"https:\/\/espiritodacomporta.com\/app\/uploads\/2023\/05\/comporta2-1024x768.webp\" alt=\"comporta_village\" class=\"wp-image-51447\" srcset=\"https:\/\/espiritodacomporta.com\/app\/uploads\/2023\/05\/comporta2-1024x768.webp 1024w, https:\/\/espiritodacomporta.com\/app\/uploads\/2023\/05\/comporta2-300x225.webp 300w, https:\/\/espiritodacomporta.com\/app\/uploads\/2023\/05\/comporta2-768x576.webp 768w, https:\/\/espiritodacomporta.com\/app\/uploads\/2023\/05\/comporta2-1536x1152.webp 1536w, https:\/\/espiritodacomporta.com\/app\/uploads\/2023\/05\/comporta2.webp 2016w\" sizes=\"auto, (max-width: 1024px) 100vw, 1024px\" \/><\/figure>\n\n\n\n<figure class=\"wp-block-image size-large\"><img loading=\"lazy\" decoding=\"async\" width=\"1024\" height=\"768\" data-attachment-id=\"51437\" data-permalink=\"https:\/\/espiritodacomporta.com\/de\/doerfer-von-comporta\/cais_artigomay-2\/\" data-orig-file=\"https:\/\/espiritodacomporta.com\/app\/uploads\/2023\/05\/Cais_artigomay.webp\" data-orig-size=\"1024,768\" data-comments-opened=\"0\" data-image-meta=\"{&quot;aperture&quot;:&quot;0&quot;,&quot;credit&quot;:&quot;&quot;,&quot;camera&quot;:&quot;&quot;,&quot;caption&quot;:&quot;&quot;,&quot;created_timestamp&quot;:&quot;0&quot;,&quot;copyright&quot;:&quot;&quot;,&quot;focal_length&quot;:&quot;0&quot;,&quot;iso&quot;:&quot;0&quot;,&quot;shutter_speed&quot;:&quot;0&quot;,&quot;title&quot;:&quot;&quot;,&quot;orientation&quot;:&quot;0&quot;}\" data-image-title=\"cais-comporta\" data-image-description=\"\" data-image-caption=\"\" data-medium-file=\"https:\/\/espiritodacomporta.com\/app\/uploads\/2023\/05\/Cais_artigomay-300x225.webp\" data-large-file=\"https:\/\/espiritodacomporta.com\/app\/uploads\/2023\/05\/Cais_artigomay.webp\" data-id=\"51437\" src=\"https:\/\/espiritodacomporta.com\/app\/uploads\/2023\/05\/Cais_artigomay.webp\" alt=\"cais-comporta\" class=\"wp-image-51437\" srcset=\"https:\/\/espiritodacomporta.com\/app\/uploads\/2023\/05\/Cais_artigomay.webp 1024w, https:\/\/espiritodacomporta.com\/app\/uploads\/2023\/05\/Cais_artigomay-300x225.webp 300w, https:\/\/espiritodacomporta.com\/app\/uploads\/2023\/05\/Cais_artigomay-768x576.webp 768w\" sizes=\"auto, (max-width: 1024px) 100vw, 1024px\" \/><\/figure>\n\n\n\n<figure class=\"wp-block-image size-large\"><img decoding=\"async\" data-attachment-id=\"51432\" data-permalink=\"https:\/\/espiritodacomporta.com\/de\/doerfer-von-comporta\/beach-1-2\/\" data-orig-file=\"https:\/\/espiritodacomporta.com\/app\/uploads\/2023\/05\/beach-1.webp\" data-orig-size=\"2560,1440\" data-comments-opened=\"0\" data-image-meta=\"{&quot;aperture&quot;:&quot;0&quot;,&quot;credit&quot;:&quot;&quot;,&quot;camera&quot;:&quot;&quot;,&quot;caption&quot;:&quot;&quot;,&quot;created_timestamp&quot;:&quot;0&quot;,&quot;copyright&quot;:&quot;&quot;,&quot;focal_length&quot;:&quot;0&quot;,&quot;iso&quot;:&quot;0&quot;,&quot;shutter_speed&quot;:&quot;0&quot;,&quot;title&quot;:&quot;&quot;,&quot;orientation&quot;:&quot;0&quot;}\" data-image-title=\"beach-1\" data-image-description=\"\" data-image-caption=\"\" data-medium-file=\"https:\/\/espiritodacomporta.com\/app\/uploads\/2023\/05\/beach-1-300x169.webp\" data-large-file=\"https:\/\/espiritodacomporta.com\/app\/uploads\/2023\/05\/beach-1-1024x576.webp\" data-id=\"51432\" src=\"https:\/\/espiritodacomporta.com\/app\/uploads\/2023\/05\/beach-1.webp\" alt=\"Beach_Comporta\" class=\"wp-image-51432\"\/><\/figure>\n\n\n\n<figure class=\"wp-block-image size-large\"><img loading=\"lazy\" decoding=\"async\" width=\"1024\" height=\"768\" data-attachment-id=\"50564\" data-permalink=\"https:\/\/espiritodacomporta.com\/de\/bootsfahrt-in-comporta\/2022-09-03-12-54-49-2\/\" data-orig-file=\"https:\/\/espiritodacomporta.com\/app\/uploads\/2023\/04\/2022-09-03-12.54.49-scaled.webp\" data-orig-size=\"2560,1920\" data-comments-opened=\"0\" data-image-meta=\"{&quot;aperture&quot;:&quot;0&quot;,&quot;credit&quot;:&quot;&quot;,&quot;camera&quot;:&quot;&quot;,&quot;caption&quot;:&quot;&quot;,&quot;created_timestamp&quot;:&quot;0&quot;,&quot;copyright&quot;:&quot;&quot;,&quot;focal_length&quot;:&quot;0&quot;,&quot;iso&quot;:&quot;0&quot;,&quot;shutter_speed&quot;:&quot;0&quot;,&quot;title&quot;:&quot;&quot;,&quot;orientation&quot;:&quot;0&quot;}\" data-image-title=\"Boat-trip-comporta\" data-image-description=\"\" data-image-caption=\"\" data-medium-file=\"https:\/\/espiritodacomporta.com\/app\/uploads\/2023\/04\/2022-09-03-12.54.49-300x225.webp\" data-large-file=\"https:\/\/espiritodacomporta.com\/app\/uploads\/2023\/04\/2022-09-03-12.54.49-1024x768.webp\" data-id=\"50564\" src=\"https:\/\/espiritodacomporta.com\/app\/uploads\/2023\/04\/2022-09-03-12.54.49-1024x768.webp\" alt=\"Boat-trip-comporta\" class=\"wp-image-50564\" srcset=\"https:\/\/espiritodacomporta.com\/app\/uploads\/2023\/04\/2022-09-03-12.54.49-1024x768.webp 1024w, https:\/\/espiritodacomporta.com\/app\/uploads\/2023\/04\/2022-09-03-12.54.49-300x225.webp 300w, https:\/\/espiritodacomporta.com\/app\/uploads\/2023\/04\/2022-09-03-12.54.49-768x576.webp 768w, https:\/\/espiritodacomporta.com\/app\/uploads\/2023\/04\/2022-09-03-12.54.49-1536x1152.webp 1536w, https:\/\/espiritodacomporta.com\/app\/uploads\/2023\/04\/2022-09-03-12.54.49-2048x1536.webp 2048w\" sizes=\"auto, (max-width: 1024px) 100vw, 1024px\" \/><\/figure>\n\n\n\n<figure class=\"wp-block-image size-large\"><img loading=\"lazy\" decoding=\"async\" width=\"1024\" height=\"768\" data-attachment-id=\"48897\" data-permalink=\"https:\/\/espiritodacomporta.com\/de\/sommer-2023-neues-in-comporta\/comportavillage3-2\/\" data-orig-file=\"https:\/\/espiritodacomporta.com\/app\/uploads\/2023\/02\/comportavillage3.webp\" data-orig-size=\"2016,1512\" data-comments-opened=\"0\" data-image-meta=\"{&quot;aperture&quot;:&quot;0&quot;,&quot;credit&quot;:&quot;&quot;,&quot;camera&quot;:&quot;&quot;,&quot;caption&quot;:&quot;&quot;,&quot;created_timestamp&quot;:&quot;0&quot;,&quot;copyright&quot;:&quot;&quot;,&quot;focal_length&quot;:&quot;0&quot;,&quot;iso&quot;:&quot;0&quot;,&quot;shutter_speed&quot;:&quot;0&quot;,&quot;title&quot;:&quot;&quot;,&quot;orientation&quot;:&quot;0&quot;}\" data-image-title=\"comportavillage\" data-image-description=\"\" data-image-caption=\"\" data-medium-file=\"https:\/\/espiritodacomporta.com\/app\/uploads\/2023\/02\/comportavillage3-300x225.webp\" data-large-file=\"https:\/\/espiritodacomporta.com\/app\/uploads\/2023\/02\/comportavillage3-1024x768.webp\" data-id=\"48897\" src=\"https:\/\/espiritodacomporta.com\/app\/uploads\/2023\/02\/comportavillage3-1024x768.webp\" alt=\"comporta-village\" class=\"wp-image-48897\" srcset=\"https:\/\/espiritodacomporta.com\/app\/uploads\/2023\/02\/comportavillage3-1024x768.webp 1024w, https:\/\/espiritodacomporta.com\/app\/uploads\/2023\/02\/comportavillage3-300x225.webp 300w, https:\/\/espiritodacomporta.com\/app\/uploads\/2023\/02\/comportavillage3-768x576.webp 768w, https:\/\/espiritodacomporta.com\/app\/uploads\/2023\/02\/comportavillage3-1536x1152.webp 1536w, https:\/\/espiritodacomporta.com\/app\/uploads\/2023\/02\/comportavillage3.webp 2016w\" sizes=\"auto, (max-width: 1024px) 100vw, 1024px\" \/><\/figure>\n\n\n\n<figure class=\"wp-block-image size-large\"><img loading=\"lazy\" decoding=\"async\" width=\"1024\" height=\"768\" data-attachment-id=\"47210\" data-permalink=\"https:\/\/espiritodacomporta.com\/de\/nebensaison-in-comporta\/rice-fields-comporta-2\/\" data-orig-file=\"https:\/\/espiritodacomporta.com\/app\/uploads\/2022\/12\/rice-fields-comporta-scaled.webp\" data-orig-size=\"2560,1920\" data-comments-opened=\"0\" data-image-meta=\"{&quot;aperture&quot;:&quot;0&quot;,&quot;credit&quot;:&quot;&quot;,&quot;camera&quot;:&quot;&quot;,&quot;caption&quot;:&quot;&quot;,&quot;created_timestamp&quot;:&quot;0&quot;,&quot;copyright&quot;:&quot;&quot;,&quot;focal_length&quot;:&quot;0&quot;,&quot;iso&quot;:&quot;0&quot;,&quot;shutter_speed&quot;:&quot;0&quot;,&quot;title&quot;:&quot;&quot;,&quot;orientation&quot;:&quot;0&quot;}\" data-image-title=\"rice-fields-comporta\" data-image-description=\"\" data-image-caption=\"\" data-medium-file=\"https:\/\/espiritodacomporta.com\/app\/uploads\/2022\/12\/rice-fields-comporta-300x225.webp\" data-large-file=\"https:\/\/espiritodacomporta.com\/app\/uploads\/2022\/12\/rice-fields-comporta-1024x768.webp\" data-id=\"47210\" src=\"https:\/\/espiritodacomporta.com\/app\/uploads\/2022\/12\/rice-fields-comporta-1024x768.webp\" alt=\"rice-fields-comporta\" class=\"wp-image-47210\" srcset=\"https:\/\/espiritodacomporta.com\/app\/uploads\/2022\/12\/rice-fields-comporta-1024x768.webp 1024w, https:\/\/espiritodacomporta.com\/app\/uploads\/2022\/12\/rice-fields-comporta-300x225.webp 300w, https:\/\/espiritodacomporta.com\/app\/uploads\/2022\/12\/rice-fields-comporta-768x576.webp 768w, https:\/\/espiritodacomporta.com\/app\/uploads\/2022\/12\/rice-fields-comporta-1536x1152.webp 1536w, https:\/\/espiritodacomporta.com\/app\/uploads\/2022\/12\/rice-fields-comporta-2048x1536.webp 2048w\" sizes=\"auto, (max-width: 1024px) 100vw, 1024px\" \/><\/figure>\n<\/figure>\n\n\n\n<p><\/p>\n\n\n\n<figure class=\"wp-block-gallery has-nested-images columns-default is-cropped wp-block-gallery-5 is-layout-flex wp-block-gallery-is-layout-flex\">\n<figure class=\"wp-block-image size-large\"><img loading=\"lazy\" decoding=\"async\" width=\"768\" height=\"1024\" data-attachment-id=\"52507\" data-permalink=\"https:\/\/espiritodacomporta.com\/de\/die-besten-orte-zum-essen-in-comporta\/2017-11-02-19-45-26-2\/\" data-orig-file=\"https:\/\/espiritodacomporta.com\/app\/uploads\/2023\/07\/2017-11-02-19.45.26-scaled.webp\" data-orig-size=\"1920,2560\" data-comments-opened=\"0\" data-image-meta=\"{&quot;aperture&quot;:&quot;0&quot;,&quot;credit&quot;:&quot;&quot;,&quot;camera&quot;:&quot;&quot;,&quot;caption&quot;:&quot;&quot;,&quot;created_timestamp&quot;:&quot;0&quot;,&quot;copyright&quot;:&quot;&quot;,&quot;focal_length&quot;:&quot;0&quot;,&quot;iso&quot;:&quot;0&quot;,&quot;shutter_speed&quot;:&quot;0&quot;,&quot;title&quot;:&quot;&quot;,&quot;orientation&quot;:&quot;0&quot;}\" data-image-title=\"cavalarica_comporta\" data-image-description=\"\" data-image-caption=\"\" data-medium-file=\"https:\/\/espiritodacomporta.com\/app\/uploads\/2023\/07\/2017-11-02-19.45.26-225x300.webp\" data-large-file=\"https:\/\/espiritodacomporta.com\/app\/uploads\/2023\/07\/2017-11-02-19.45.26-768x1024.webp\" data-id=\"52507\" src=\"https:\/\/espiritodacomporta.com\/app\/uploads\/2023\/07\/2017-11-02-19.45.26-768x1024.webp\" alt=\"cavalarica_comporta\" class=\"wp-image-52507\" srcset=\"https:\/\/espiritodacomporta.com\/app\/uploads\/2023\/07\/2017-11-02-19.45.26-768x1024.webp 768w, https:\/\/espiritodacomporta.com\/app\/uploads\/2023\/07\/2017-11-02-19.45.26-225x300.webp 225w, https:\/\/espiritodacomporta.com\/app\/uploads\/2023\/07\/2017-11-02-19.45.26-1152x1536.webp 1152w, https:\/\/espiritodacomporta.com\/app\/uploads\/2023\/07\/2017-11-02-19.45.26-1536x2048.webp 1536w, https:\/\/espiritodacomporta.com\/app\/uploads\/2023\/07\/2017-11-02-19.45.26-scaled.webp 1920w\" sizes=\"auto, (max-width: 768px) 100vw, 768px\" \/><\/figure>\n\n\n\n<figure class=\"wp-block-image size-large\"><img loading=\"lazy\" decoding=\"async\" width=\"1024\" height=\"576\" data-attachment-id=\"47225\" data-permalink=\"https:\/\/espiritodacomporta.com\/de\/nebensaison-in-comporta\/beach-comporta-3\/\" data-orig-file=\"https:\/\/espiritodacomporta.com\/app\/uploads\/2022\/12\/beach-comporta-scaled.webp\" data-orig-size=\"2560,1440\" data-comments-opened=\"0\" data-image-meta=\"{&quot;aperture&quot;:&quot;0&quot;,&quot;credit&quot;:&quot;&quot;,&quot;camera&quot;:&quot;&quot;,&quot;caption&quot;:&quot;&quot;,&quot;created_timestamp&quot;:&quot;0&quot;,&quot;copyright&quot;:&quot;&quot;,&quot;focal_length&quot;:&quot;0&quot;,&quot;iso&quot;:&quot;0&quot;,&quot;shutter_speed&quot;:&quot;0&quot;,&quot;title&quot;:&quot;&quot;,&quot;orientation&quot;:&quot;0&quot;}\" data-image-title=\"beach-comporta\" data-image-description=\"\" data-image-caption=\"\" data-medium-file=\"https:\/\/espiritodacomporta.com\/app\/uploads\/2022\/12\/beach-comporta-300x169.webp\" data-large-file=\"https:\/\/espiritodacomporta.com\/app\/uploads\/2022\/12\/beach-comporta-1024x576.webp\" data-id=\"47225\" src=\"https:\/\/espiritodacomporta.com\/app\/uploads\/2022\/12\/beach-comporta-1024x576.webp\" alt=\"beach-comporta\" class=\"wp-image-47225\" srcset=\"https:\/\/espiritodacomporta.com\/app\/uploads\/2022\/12\/beach-comporta-1024x576.webp 1024w, https:\/\/espiritodacomporta.com\/app\/uploads\/2022\/12\/beach-comporta-300x169.webp 300w, https:\/\/espiritodacomporta.com\/app\/uploads\/2022\/12\/beach-comporta-768x432.webp 768w, https:\/\/espiritodacomporta.com\/app\/uploads\/2022\/12\/beach-comporta-1536x864.webp 1536w, https:\/\/espiritodacomporta.com\/app\/uploads\/2022\/12\/beach-comporta-2048x1152.webp 2048w\" sizes=\"auto, (max-width: 1024px) 100vw, 1024px\" \/><\/figure>\n\n\n\n<figure class=\"wp-block-image size-large\"><img loading=\"lazy\" decoding=\"async\" width=\"2016\" height=\"1512\" data-attachment-id=\"50574\" data-permalink=\"https:\/\/espiritodacomporta.com\/de\/bootsfahrt-in-comporta\/arrabida1-2\/\" data-orig-file=\"https:\/\/espiritodacomporta.com\/app\/uploads\/2023\/04\/arrabida1.webp\" data-orig-size=\"2016,1512\" data-comments-opened=\"0\" data-image-meta=\"{&quot;aperture&quot;:&quot;0&quot;,&quot;credit&quot;:&quot;&quot;,&quot;camera&quot;:&quot;&quot;,&quot;caption&quot;:&quot;&quot;,&quot;created_timestamp&quot;:&quot;0&quot;,&quot;copyright&quot;:&quot;&quot;,&quot;focal_length&quot;:&quot;0&quot;,&quot;iso&quot;:&quot;0&quot;,&quot;shutter_speed&quot;:&quot;0&quot;,&quot;title&quot;:&quot;&quot;,&quot;orientation&quot;:&quot;0&quot;}\" data-image-title=\"arrabida\" data-image-description=\"\" data-image-caption=\"\" data-medium-file=\"https:\/\/espiritodacomporta.com\/app\/uploads\/2023\/04\/arrabida1.webp\" data-large-file=\"https:\/\/espiritodacomporta.com\/app\/uploads\/2023\/04\/arrabida1.webp\" data-id=\"50574\" src=\"https:\/\/espiritodacomporta.com\/app\/uploads\/2023\/04\/arrabida1.webp\" alt=\"arrabida-setubal\" class=\"wp-image-50574\"\/><\/figure>\n<\/figure>\n\n\n\n<p><\/p>\n\n\n\n<figure class=\"wp-block-gallery has-nested-images columns-default is-cropped wp-block-gallery-6 is-layout-flex wp-block-gallery-is-layout-flex\">\n<figure class=\"wp-block-image size-large\"><img loading=\"lazy\" decoding=\"async\" width=\"1024\" height=\"768\" data-attachment-id=\"52156\" data-permalink=\"https:\/\/espiritodacomporta.com\/de\/was-kann-man-setubal\/galapinhos2-2\/\" data-orig-file=\"https:\/\/espiritodacomporta.com\/app\/uploads\/2019\/10\/galapinhos2.webp\" data-orig-size=\"2048,1536\" data-comments-opened=\"0\" data-image-meta=\"{&quot;aperture&quot;:&quot;0&quot;,&quot;credit&quot;:&quot;&quot;,&quot;camera&quot;:&quot;&quot;,&quot;caption&quot;:&quot;&quot;,&quot;created_timestamp&quot;:&quot;0&quot;,&quot;copyright&quot;:&quot;&quot;,&quot;focal_length&quot;:&quot;0&quot;,&quot;iso&quot;:&quot;0&quot;,&quot;shutter_speed&quot;:&quot;0&quot;,&quot;title&quot;:&quot;&quot;,&quot;orientation&quot;:&quot;0&quot;}\" data-image-title=\"galapinhos2\" data-image-description=\"\" data-image-caption=\"\" data-medium-file=\"https:\/\/espiritodacomporta.com\/app\/uploads\/2019\/10\/galapinhos2-300x225.webp\" data-large-file=\"https:\/\/espiritodacomporta.com\/app\/uploads\/2019\/10\/galapinhos2-1024x768.webp\" data-id=\"52156\" src=\"https:\/\/espiritodacomporta.com\/app\/uploads\/2019\/10\/galapinhos2-1024x768.webp\" alt=\"galapinhos_beach\" class=\"wp-image-52156\" srcset=\"https:\/\/espiritodacomporta.com\/app\/uploads\/2019\/10\/galapinhos2-1024x768.webp 1024w, https:\/\/espiritodacomporta.com\/app\/uploads\/2019\/10\/galapinhos2-300x225.webp 300w, https:\/\/espiritodacomporta.com\/app\/uploads\/2019\/10\/galapinhos2-768x576.webp 768w, https:\/\/espiritodacomporta.com\/app\/uploads\/2019\/10\/galapinhos2-1536x1152.webp 1536w, https:\/\/espiritodacomporta.com\/app\/uploads\/2019\/10\/galapinhos2.webp 2048w\" sizes=\"auto, (max-width: 1024px) 100vw, 1024px\" \/><\/figure>\n\n\n\n<figure class=\"wp-block-image size-large\"><img loading=\"lazy\" decoding=\"async\" width=\"768\" height=\"1024\" data-attachment-id=\"49455\" data-permalink=\"https:\/\/espiritodacomporta.com\/de\/7-tage-zu-besuchen-comporta-in-portugal\/rice-fields-3\/\" data-orig-file=\"https:\/\/espiritodacomporta.com\/app\/uploads\/2019\/06\/rice-fields.webp\" data-orig-size=\"768,1024\" data-comments-opened=\"0\" data-image-meta=\"{&quot;aperture&quot;:&quot;0&quot;,&quot;credit&quot;:&quot;&quot;,&quot;camera&quot;:&quot;&quot;,&quot;caption&quot;:&quot;&quot;,&quot;created_timestamp&quot;:&quot;0&quot;,&quot;copyright&quot;:&quot;&quot;,&quot;focal_length&quot;:&quot;0&quot;,&quot;iso&quot;:&quot;0&quot;,&quot;shutter_speed&quot;:&quot;0&quot;,&quot;title&quot;:&quot;&quot;,&quot;orientation&quot;:&quot;0&quot;}\" data-image-title=\"rice-fields\" data-image-description=\"\" data-image-caption=\"\" data-medium-file=\"https:\/\/espiritodacomporta.com\/app\/uploads\/2019\/06\/rice-fields-225x300.webp\" data-large-file=\"https:\/\/espiritodacomporta.com\/app\/uploads\/2019\/06\/rice-fields.webp\" data-id=\"49455\" src=\"https:\/\/espiritodacomporta.com\/app\/uploads\/2019\/06\/rice-fields.webp\" alt=\"rice-fields-comporta\" class=\"wp-image-49455\" srcset=\"https:\/\/espiritodacomporta.com\/app\/uploads\/2019\/06\/rice-fields.webp 768w, https:\/\/espiritodacomporta.com\/app\/uploads\/2019\/06\/rice-fields-225x300.webp 225w\" sizes=\"auto, (max-width: 768px) 100vw, 768px\" \/><\/figure>\n\n\n\n<figure class=\"wp-block-image size-large\"><img loading=\"lazy\" decoding=\"async\" width=\"1024\" height=\"768\" data-attachment-id=\"48099\" data-permalink=\"https:\/\/espiritodacomporta.com\/de\/portugal-im-frueling\/stork-2\/\" data-orig-file=\"https:\/\/espiritodacomporta.com\/app\/uploads\/2023\/01\/Stork.webp\" data-orig-size=\"2016,1512\" data-comments-opened=\"0\" data-image-meta=\"{&quot;aperture&quot;:&quot;0&quot;,&quot;credit&quot;:&quot;&quot;,&quot;camera&quot;:&quot;&quot;,&quot;caption&quot;:&quot;&quot;,&quot;created_timestamp&quot;:&quot;0&quot;,&quot;copyright&quot;:&quot;&quot;,&quot;focal_length&quot;:&quot;0&quot;,&quot;iso&quot;:&quot;0&quot;,&quot;shutter_speed&quot;:&quot;0&quot;,&quot;title&quot;:&quot;&quot;,&quot;orientation&quot;:&quot;0&quot;}\" data-image-title=\"Stork\" data-image-description=\"\" data-image-caption=\"\" data-medium-file=\"https:\/\/espiritodacomporta.com\/app\/uploads\/2023\/01\/Stork-300x225.webp\" data-large-file=\"https:\/\/espiritodacomporta.com\/app\/uploads\/2023\/01\/Stork-1024x768.webp\" data-id=\"48099\" src=\"https:\/\/espiritodacomporta.com\/app\/uploads\/2023\/01\/Stork-1024x768.webp\" alt=\"Stork-Comporta\" class=\"wp-image-48099\" srcset=\"https:\/\/espiritodacomporta.com\/app\/uploads\/2023\/01\/Stork-1024x768.webp 1024w, https:\/\/espiritodacomporta.com\/app\/uploads\/2023\/01\/Stork-300x225.webp 300w, https:\/\/espiritodacomporta.com\/app\/uploads\/2023\/01\/Stork-768x576.webp 768w, https:\/\/espiritodacomporta.com\/app\/uploads\/2023\/01\/Stork-1536x1152.webp 1536w, https:\/\/espiritodacomporta.com\/app\/uploads\/2023\/01\/Stork.webp 2016w\" sizes=\"auto, (max-width: 1024px) 100vw, 1024px\" \/><\/figure>\n<\/figure>\n\n\n\n<p><\/p>\n\n\n\n<p>Wir sind sicher, dass Sie hier alle nat\u00fcrlichen Elemente finden, die f\u00fcr eine gute Fotografie unerl\u00e4sslich sind.<\/p>\n\n\n\n<p>In dieser Region werden Sie sicherlich den ber\u00fchmten Ausdruck &#8220;Ein Bild sagt mehr als tausend Worte&#8221; verstehen.<\/p>\n\n\n\n<p>Sind Sie bereit f\u00fcr dieses fotografische Abenteuer?<\/p>\n","protected":false},"excerpt":{"rendered":"<p>Comporta ist ein Dorf 1h15m von Lissabon entfernt und es ist unglaublich, wie idyllisch die Landschaft f\u00fcr Naturliebhaber ist. Comporta befindet sich auf der Herdade da comporta, einem 12.500 Hektar gro\u00dfen Gebiet zwischen dem Fluss Sado und dem Meer. Comporta ist eines der bekanntesten D\u00f6rfer in dieser Region, aber auch alle anderen kleinen D\u00f6rfer in <\/p>\n<div class=\"goto\"><a href=\"https:\/\/espiritodacomporta.com\/de\/comporta-ein-paradies-fuer-fotografen\/\">Erfahren Sie mehr<\/a><\/div>\n","protected":false},"author":7,"featured_media":52684,"comment_status":"open","ping_status":"open","sticky":false,"template":"","format":"standard","meta":{"_acf_changed":false,"inline_featured_image":false,"footnotes":""},"categories":[2293,2339],"tags":[],"class_list":["post-52701","post","type-post","status-publish","format-standard","has-post-thumbnail","hentry","category-auf-der-suche-nach-schoenheit","category-die-natur-spuren"],"acf":[],"yoast_head":"<!-- This site is optimized with the Yoast SEO Premium plugin v27.2 (Yoast SEO v27.2) - https:\/\/yoast.com\/product\/yoast-seo-premium-wordpress\/ -->\n<title>Comporta: Ein Paradies f\u00fcr Fotografen<\/title>\n<meta name=\"description\" content=\"Comporta ist ein Ort, der frische Luft, Natur und Stille atmet. Er bietet die perfekte Kulisse f\u00fcr Fotoliebhaber.\" \/>\n<meta name=\"robots\" content=\"index, follow, max-snippet:-1, max-image-preview:large, max-video-preview:-1\" \/>\n<link rel=\"canonical\" href=\"https:\/\/espiritodacomporta.com\/de\/comporta-ein-paradies-fuer-fotografen\/\" \/>\n<meta property=\"og:locale\" content=\"de_DE\" \/>\n<meta property=\"og:type\" content=\"article\" \/>\n<meta property=\"og:title\" content=\"Comporta: Ein Paradies f\u00fcr Fotografen\" \/>\n<meta property=\"og:description\" content=\"Comporta ist ein Ort, der frische Luft, Natur und Stille atmet. Er bietet die perfekte Kulisse f\u00fcr Fotoliebhaber.\" \/>\n<meta property=\"og:url\" content=\"https:\/\/espiritodacomporta.com\/de\/comporta-ein-paradies-fuer-fotografen\/\" \/>\n<meta property=\"og:site_name\" content=\"Live &amp; Feel Comporta Portugal\" \/>\n<meta property=\"article:published_time\" content=\"2023-07-11T14:50:25+00:00\" \/>\n<meta property=\"article:modified_time\" content=\"2023-07-11T14:50:28+00:00\" \/>\n<meta property=\"og:image\" content=\"https:\/\/espiritodacomporta.com\/app\/uploads\/2023\/07\/comporta_Photograpgy.webp\" \/>\n\t<meta property=\"og:image:width\" content=\"2250\" \/>\n\t<meta property=\"og:image:height\" content=\"1500\" \/>\n\t<meta property=\"og:image:type\" content=\"image\/webp\" \/>\n<meta name=\"author\" content=\"Info\" \/>\n<meta name=\"twitter:card\" content=\"summary_large_image\" \/>\n<meta name=\"twitter:label1\" content=\"Written by\" \/>\n\t<meta name=\"twitter:data1\" content=\"Info\" \/>\n\t<meta name=\"twitter:label2\" content=\"Est. reading time\" \/>\n\t<meta name=\"twitter:data2\" content=\"7 minutes\" \/>\n<script type=\"application\/ld+json\" class=\"yoast-schema-graph\">{\"@context\":\"https:\/\/schema.org\",\"@graph\":[{\"@type\":\"Article\",\"@id\":\"https:\/\/espiritodacomporta.com\/de\/comporta-ein-paradies-fuer-fotografen\/#article\",\"isPartOf\":{\"@id\":\"https:\/\/espiritodacomporta.com\/de\/comporta-ein-paradies-fuer-fotografen\/\"},\"author\":{\"name\":\"Info\",\"@id\":\"https:\/\/espiritodacomporta.com\/de\/#\/schema\/person\/c76d29ce59d104bde14812d3465de878\"},\"headline\":\"Comporta: Ein Paradies f\u00fcr Fotografen\",\"datePublished\":\"2023-07-11T14:50:25+00:00\",\"dateModified\":\"2023-07-11T14:50:28+00:00\",\"mainEntityOfPage\":{\"@id\":\"https:\/\/espiritodacomporta.com\/de\/comporta-ein-paradies-fuer-fotografen\/\"},\"wordCount\":694,\"commentCount\":0,\"publisher\":{\"@id\":\"https:\/\/espiritodacomporta.com\/de\/#organization\"},\"image\":{\"@id\":\"https:\/\/espiritodacomporta.com\/de\/comporta-ein-paradies-fuer-fotografen\/#primaryimage\"},\"thumbnailUrl\":\"https:\/\/espiritodacomporta.com\/app\/uploads\/2023\/07\/comporta_Photograpgy.webp\",\"articleSection\":[\"Auf der Suche nach Sch\u00f6nheit\",\"Die Natur sp\u00fcren\"],\"inLanguage\":\"de-DE\",\"potentialAction\":[{\"@type\":\"CommentAction\",\"name\":\"Comment\",\"target\":[\"https:\/\/espiritodacomporta.com\/de\/comporta-ein-paradies-fuer-fotografen\/#respond\"]}]},{\"@type\":\"WebPage\",\"@id\":\"https:\/\/espiritodacomporta.com\/de\/comporta-ein-paradies-fuer-fotografen\/\",\"url\":\"https:\/\/espiritodacomporta.com\/de\/comporta-ein-paradies-fuer-fotografen\/\",\"name\":\"Comporta: Ein Paradies f\u00fcr Fotografen\",\"isPartOf\":{\"@id\":\"https:\/\/espiritodacomporta.com\/de\/#website\"},\"primaryImageOfPage\":{\"@id\":\"https:\/\/espiritodacomporta.com\/de\/comporta-ein-paradies-fuer-fotografen\/#primaryimage\"},\"image\":{\"@id\":\"https:\/\/espiritodacomporta.com\/de\/comporta-ein-paradies-fuer-fotografen\/#primaryimage\"},\"thumbnailUrl\":\"https:\/\/espiritodacomporta.com\/app\/uploads\/2023\/07\/comporta_Photograpgy.webp\",\"datePublished\":\"2023-07-11T14:50:25+00:00\",\"dateModified\":\"2023-07-11T14:50:28+00:00\",\"description\":\"Comporta ist ein Ort, der frische Luft, Natur und Stille atmet. Er bietet die perfekte Kulisse f\u00fcr Fotoliebhaber.\",\"breadcrumb\":{\"@id\":\"https:\/\/espiritodacomporta.com\/de\/comporta-ein-paradies-fuer-fotografen\/#breadcrumb\"},\"inLanguage\":\"de-DE\",\"potentialAction\":[{\"@type\":\"ReadAction\",\"target\":[\"https:\/\/espiritodacomporta.com\/de\/comporta-ein-paradies-fuer-fotografen\/\"]}]},{\"@type\":\"ImageObject\",\"inLanguage\":\"de-DE\",\"@id\":\"https:\/\/espiritodacomporta.com\/de\/comporta-ein-paradies-fuer-fotografen\/#primaryimage\",\"url\":\"https:\/\/espiritodacomporta.com\/app\/uploads\/2023\/07\/comporta_Photograpgy.webp\",\"contentUrl\":\"https:\/\/espiritodacomporta.com\/app\/uploads\/2023\/07\/comporta_Photograpgy.webp\",\"width\":2250,\"height\":1500,\"caption\":\"comporta_Photography\"},{\"@type\":\"BreadcrumbList\",\"@id\":\"https:\/\/espiritodacomporta.com\/de\/comporta-ein-paradies-fuer-fotografen\/#breadcrumb\",\"itemListElement\":[{\"@type\":\"ListItem\",\"position\":1,\"name\":\"Home\",\"item\":\"https:\/\/espiritodacomporta.com\/de\/\"},{\"@type\":\"ListItem\",\"position\":2,\"name\":\"Comporta entdecken\",\"item\":\"https:\/\/espiritodacomporta.com\/de\/category\/comporta-entdecken\/\"},{\"@type\":\"ListItem\",\"position\":3,\"name\":\"Die Natur sp\u00fcren\",\"item\":\"https:\/\/espiritodacomporta.com\/de\/category\/comporta-entdecken\/die-natur-spuren\/\"},{\"@type\":\"ListItem\",\"position\":4,\"name\":\"Comporta: Ein Paradies f\u00fcr Fotografen\"}]},{\"@type\":\"WebSite\",\"@id\":\"https:\/\/espiritodacomporta.com\/de\/#website\",\"url\":\"https:\/\/espiritodacomporta.com\/de\/\",\"name\":\"Live & Feel Comporta Portugal\",\"description\":\"\",\"publisher\":{\"@id\":\"https:\/\/espiritodacomporta.com\/de\/#organization\"},\"potentialAction\":[{\"@type\":\"SearchAction\",\"target\":{\"@type\":\"EntryPoint\",\"urlTemplate\":\"https:\/\/espiritodacomporta.com\/de\/?s={search_term_string}\"},\"query-input\":{\"@type\":\"PropertyValueSpecification\",\"valueRequired\":true,\"valueName\":\"search_term_string\"}}],\"inLanguage\":\"de-DE\"},{\"@type\":\"Organization\",\"@id\":\"https:\/\/espiritodacomporta.com\/de\/#organization\",\"name\":\"Espirito da Comporta\",\"url\":\"https:\/\/espiritodacomporta.com\/de\/\",\"logo\":{\"@type\":\"ImageObject\",\"inLanguage\":\"de-DE\",\"@id\":\"https:\/\/espiritodacomporta.com\/de\/#\/schema\/logo\/image\/\",\"url\":\"https:\/\/espiritodacomporta.com\/app\/uploads\/2023\/09\/LOGO-SIGNATURE@4x.png\",\"contentUrl\":\"https:\/\/espiritodacomporta.com\/app\/uploads\/2023\/09\/LOGO-SIGNATURE@4x.png\",\"width\":321,\"height\":385,\"caption\":\"Espirito da Comporta\"},\"image\":{\"@id\":\"https:\/\/espiritodacomporta.com\/de\/#\/schema\/logo\/image\/\"},\"sameAs\":[\"https:\/\/www.instagram.com\/almadacomporta\/\"]},{\"@type\":\"Person\",\"@id\":\"https:\/\/espiritodacomporta.com\/de\/#\/schema\/person\/c76d29ce59d104bde14812d3465de878\",\"name\":\"Info\",\"image\":{\"@type\":\"ImageObject\",\"inLanguage\":\"de-DE\",\"@id\":\"https:\/\/secure.gravatar.com\/avatar\/dee735d7b19944762d18cdf00966586c0ffcea9da4d03f8be9d25dcff9972207?s=96&d=mm&r=g\",\"url\":\"https:\/\/secure.gravatar.com\/avatar\/dee735d7b19944762d18cdf00966586c0ffcea9da4d03f8be9d25dcff9972207?s=96&d=mm&r=g\",\"contentUrl\":\"https:\/\/secure.gravatar.com\/avatar\/dee735d7b19944762d18cdf00966586c0ffcea9da4d03f8be9d25dcff9972207?s=96&d=mm&r=g\",\"caption\":\"Info\"}}]}<\/script>\n<!-- \/ Yoast SEO Premium plugin. -->","yoast_head_json":{"title":"Comporta: Ein Paradies f\u00fcr Fotografen","description":"Comporta ist ein Ort, der frische Luft, Natur und Stille atmet. Er bietet die perfekte Kulisse f\u00fcr Fotoliebhaber.","robots":{"index":"index","follow":"follow","max-snippet":"max-snippet:-1","max-image-preview":"max-image-preview:large","max-video-preview":"max-video-preview:-1"},"canonical":"https:\/\/espiritodacomporta.com\/de\/comporta-ein-paradies-fuer-fotografen\/","og_locale":"de_DE","og_type":"article","og_title":"Comporta: Ein Paradies f\u00fcr Fotografen","og_description":"Comporta ist ein Ort, der frische Luft, Natur und Stille atmet. Er bietet die perfekte Kulisse f\u00fcr Fotoliebhaber.","og_url":"https:\/\/espiritodacomporta.com\/de\/comporta-ein-paradies-fuer-fotografen\/","og_site_name":"Live &amp; Feel Comporta Portugal","article_published_time":"2023-07-11T14:50:25+00:00","article_modified_time":"2023-07-11T14:50:28+00:00","og_image":[{"width":2250,"height":1500,"url":"https:\/\/espiritodacomporta.com\/app\/uploads\/2023\/07\/comporta_Photograpgy.webp","type":"image\/webp"}],"author":"Info","twitter_card":"summary_large_image","twitter_misc":{"Written by":"Info","Est. reading time":"7 minutes"},"schema":{"@context":"https:\/\/schema.org","@graph":[{"@type":"Article","@id":"https:\/\/espiritodacomporta.com\/de\/comporta-ein-paradies-fuer-fotografen\/#article","isPartOf":{"@id":"https:\/\/espiritodacomporta.com\/de\/comporta-ein-paradies-fuer-fotografen\/"},"author":{"name":"Info","@id":"https:\/\/espiritodacomporta.com\/de\/#\/schema\/person\/c76d29ce59d104bde14812d3465de878"},"headline":"Comporta: Ein Paradies f\u00fcr Fotografen","datePublished":"2023-07-11T14:50:25+00:00","dateModified":"2023-07-11T14:50:28+00:00","mainEntityOfPage":{"@id":"https:\/\/espiritodacomporta.com\/de\/comporta-ein-paradies-fuer-fotografen\/"},"wordCount":694,"commentCount":0,"publisher":{"@id":"https:\/\/espiritodacomporta.com\/de\/#organization"},"image":{"@id":"https:\/\/espiritodacomporta.com\/de\/comporta-ein-paradies-fuer-fotografen\/#primaryimage"},"thumbnailUrl":"https:\/\/espiritodacomporta.com\/app\/uploads\/2023\/07\/comporta_Photograpgy.webp","articleSection":["Auf der Suche nach Sch\u00f6nheit","Die Natur sp\u00fcren"],"inLanguage":"de-DE","potentialAction":[{"@type":"CommentAction","name":"Comment","target":["https:\/\/espiritodacomporta.com\/de\/comporta-ein-paradies-fuer-fotografen\/#respond"]}]},{"@type":"WebPage","@id":"https:\/\/espiritodacomporta.com\/de\/comporta-ein-paradies-fuer-fotografen\/","url":"https:\/\/espiritodacomporta.com\/de\/comporta-ein-paradies-fuer-fotografen\/","name":"Comporta: Ein Paradies f\u00fcr Fotografen","isPartOf":{"@id":"https:\/\/espiritodacomporta.com\/de\/#website"},"primaryImageOfPage":{"@id":"https:\/\/espiritodacomporta.com\/de\/comporta-ein-paradies-fuer-fotografen\/#primaryimage"},"image":{"@id":"https:\/\/espiritodacomporta.com\/de\/comporta-ein-paradies-fuer-fotografen\/#primaryimage"},"thumbnailUrl":"https:\/\/espiritodacomporta.com\/app\/uploads\/2023\/07\/comporta_Photograpgy.webp","datePublished":"2023-07-11T14:50:25+00:00","dateModified":"2023-07-11T14:50:28+00:00","description":"Comporta ist ein Ort, der frische Luft, Natur und Stille atmet. Er bietet die perfekte Kulisse f\u00fcr Fotoliebhaber.","breadcrumb":{"@id":"https:\/\/espiritodacomporta.com\/de\/comporta-ein-paradies-fuer-fotografen\/#breadcrumb"},"inLanguage":"de-DE","potentialAction":[{"@type":"ReadAction","target":["https:\/\/espiritodacomporta.com\/de\/comporta-ein-paradies-fuer-fotografen\/"]}]},{"@type":"ImageObject","inLanguage":"de-DE","@id":"https:\/\/espiritodacomporta.com\/de\/comporta-ein-paradies-fuer-fotografen\/#primaryimage","url":"https:\/\/espiritodacomporta.com\/app\/uploads\/2023\/07\/comporta_Photograpgy.webp","contentUrl":"https:\/\/espiritodacomporta.com\/app\/uploads\/2023\/07\/comporta_Photograpgy.webp","width":2250,"height":1500,"caption":"comporta_Photography"},{"@type":"BreadcrumbList","@id":"https:\/\/espiritodacomporta.com\/de\/comporta-ein-paradies-fuer-fotografen\/#breadcrumb","itemListElement":[{"@type":"ListItem","position":1,"name":"Home","item":"https:\/\/espiritodacomporta.com\/de\/"},{"@type":"ListItem","position":2,"name":"Comporta entdecken","item":"https:\/\/espiritodacomporta.com\/de\/category\/comporta-entdecken\/"},{"@type":"ListItem","position":3,"name":"Die Natur sp\u00fcren","item":"https:\/\/espiritodacomporta.com\/de\/category\/comporta-entdecken\/die-natur-spuren\/"},{"@type":"ListItem","position":4,"name":"Comporta: Ein Paradies f\u00fcr Fotografen"}]},{"@type":"WebSite","@id":"https:\/\/espiritodacomporta.com\/de\/#website","url":"https:\/\/espiritodacomporta.com\/de\/","name":"Live & Feel Comporta Portugal","description":"","publisher":{"@id":"https:\/\/espiritodacomporta.com\/de\/#organization"},"potentialAction":[{"@type":"SearchAction","target":{"@type":"EntryPoint","urlTemplate":"https:\/\/espiritodacomporta.com\/de\/?s={search_term_string}"},"query-input":{"@type":"PropertyValueSpecification","valueRequired":true,"valueName":"search_term_string"}}],"inLanguage":"de-DE"},{"@type":"Organization","@id":"https:\/\/espiritodacomporta.com\/de\/#organization","name":"Espirito da Comporta","url":"https:\/\/espiritodacomporta.com\/de\/","logo":{"@type":"ImageObject","inLanguage":"de-DE","@id":"https:\/\/espiritodacomporta.com\/de\/#\/schema\/logo\/image\/","url":"https:\/\/espiritodacomporta.com\/app\/uploads\/2023\/09\/LOGO-SIGNATURE@4x.png","contentUrl":"https:\/\/espiritodacomporta.com\/app\/uploads\/2023\/09\/LOGO-SIGNATURE@4x.png","width":321,"height":385,"caption":"Espirito da Comporta"},"image":{"@id":"https:\/\/espiritodacomporta.com\/de\/#\/schema\/logo\/image\/"},"sameAs":["https:\/\/www.instagram.com\/almadacomporta\/"]},{"@type":"Person","@id":"https:\/\/espiritodacomporta.com\/de\/#\/schema\/person\/c76d29ce59d104bde14812d3465de878","name":"Info","image":{"@type":"ImageObject","inLanguage":"de-DE","@id":"https:\/\/secure.gravatar.com\/avatar\/dee735d7b19944762d18cdf00966586c0ffcea9da4d03f8be9d25dcff9972207?s=96&d=mm&r=g","url":"https:\/\/secure.gravatar.com\/avatar\/dee735d7b19944762d18cdf00966586c0ffcea9da4d03f8be9d25dcff9972207?s=96&d=mm&r=g","contentUrl":"https:\/\/secure.gravatar.com\/avatar\/dee735d7b19944762d18cdf00966586c0ffcea9da4d03f8be9d25dcff9972207?s=96&d=mm&r=g","caption":"Info"}}]}},"jetpack_featured_media_url":"https:\/\/espiritodacomporta.com\/app\/uploads\/2023\/07\/comporta_Photograpgy.webp","_links":{"self":[{"href":"https:\/\/espiritodacomporta.com\/de\/wp-json\/wp\/v2\/posts\/52701","targetHints":{"allow":["GET"]}}],"collection":[{"href":"https:\/\/espiritodacomporta.com\/de\/wp-json\/wp\/v2\/posts"}],"about":[{"href":"https:\/\/espiritodacomporta.com\/de\/wp-json\/wp\/v2\/types\/post"}],"author":[{"embeddable":true,"href":"https:\/\/espiritodacomporta.com\/de\/wp-json\/wp\/v2\/users\/7"}],"replies":[{"embeddable":true,"href":"https:\/\/espiritodacomporta.com\/de\/wp-json\/wp\/v2\/comments?post=52701"}],"version-history":[{"count":0,"href":"https:\/\/espiritodacomporta.com\/de\/wp-json\/wp\/v2\/posts\/52701\/revisions"}],"wp:featuredmedia":[{"embeddable":true,"href":"https:\/\/espiritodacomporta.com\/de\/wp-json\/wp\/v2\/media\/52684"}],"wp:attachment":[{"href":"https:\/\/espiritodacomporta.com\/de\/wp-json\/wp\/v2\/media?parent=52701"}],"wp:term":[{"taxonomy":"category","embeddable":true,"href":"https:\/\/espiritodacomporta.com\/de\/wp-json\/wp\/v2\/categories?post=52701"},{"taxonomy":"post_tag","embeddable":true,"href":"https:\/\/espiritodacomporta.com\/de\/wp-json\/wp\/v2\/tags?post=52701"}],"curies":[{"name":"wp","href":"https:\/\/api.w.org\/{rel}","templated":true}]}}