{"id":57024,"date":"2023-01-11T14:50:00","date_gmt":"2023-01-11T12:50:00","guid":{"rendered":"https:\/\/espiritodacomporta.com\/?p=57024"},"modified":"2024-01-11T16:03:21","modified_gmt":"2024-01-11T14:03:21","slug":"stelzenhafen-von-carrasqueira","status":"publish","type":"post","link":"https:\/\/espiritodacomporta.com\/de\/stelzenhafen-von-carrasqueira\/","title":{"rendered":"CAIS PALAF\u00cdTICO DA CARRASQUEIRA"},"content":{"rendered":"\n<p>In Comporta befindet sich ein Hafen, der auf Stelzen balanciert, unber\u00fchrt von der Zeit und schwebend zwischen Himmel und Meer. Er befindet sich in Carrasqueira am Fluss Sado, von dem aus Alc\u00e1cer do Sal beginnt. Dieser kleine Fischereihafen ist auf einer Ansammlung von rauen Anlegestellen aus durchbrochenen Brettern gebaut, die auf Stelzen ruhen.<\/p>\n\n\n<section class=\"homeblocks   \">\n    <section class=\"homeblocks-image \">\n                  <!-- <img decoding=\"async\" src=\"https:\/\/espiritodacomporta.com\/app\/uploads\/2023\/05\/Cais_artigomay1.webp\" alt=\"cais-comporta\"> -->\n          <img decoding=\"async\" width=\"1024\" height=\"768\" src=\"https:\/\/espiritodacomporta.com\/app\/uploads\/2023\/05\/Cais_artigomay1.webp\" class=\"attachment-full size-full\" alt=\"cais-comporta\" loading=\"lazy\" srcset=\"https:\/\/espiritodacomporta.com\/app\/uploads\/2023\/05\/Cais_artigomay1.webp 1024w, https:\/\/espiritodacomporta.com\/app\/uploads\/2023\/05\/Cais_artigomay1-300x225.webp 300w, https:\/\/espiritodacomporta.com\/app\/uploads\/2023\/05\/Cais_artigomay1-768x576.webp 768w\" sizes=\"auto, (max-width: 1024px) 100vw, 1024px\" data-attachment-id=\"51442\" data-permalink=\"https:\/\/espiritodacomporta.com\/de\/doerfer-von-comporta\/cais_artigomay1-2\/\" data-orig-file=\"https:\/\/espiritodacomporta.com\/app\/uploads\/2023\/05\/Cais_artigomay1.webp\" data-orig-size=\"1024,768\" data-comments-opened=\"0\" data-image-meta=\"{&quot;aperture&quot;:&quot;0&quot;,&quot;credit&quot;:&quot;&quot;,&quot;camera&quot;:&quot;&quot;,&quot;caption&quot;:&quot;&quot;,&quot;created_timestamp&quot;:&quot;0&quot;,&quot;copyright&quot;:&quot;&quot;,&quot;focal_length&quot;:&quot;0&quot;,&quot;iso&quot;:&quot;0&quot;,&quot;shutter_speed&quot;:&quot;0&quot;,&quot;title&quot;:&quot;&quot;,&quot;orientation&quot;:&quot;0&quot;}\" data-image-title=\"cais-comporta\" data-image-description=\"\" data-image-caption=\"\" data-medium-file=\"https:\/\/espiritodacomporta.com\/app\/uploads\/2023\/05\/Cais_artigomay1-300x225.webp\" data-large-file=\"https:\/\/espiritodacomporta.com\/app\/uploads\/2023\/05\/Cais_artigomay1.webp\" \/>\n            <\/section>\n    <section class=\"homeblocks-content\">\n        <div class=\"homeblocks-content-inside\">\n            <h2>EINE EINZIGARTIGE ARCHITEKTUR IN EUROPA<\/h2>\n<p>Dieses herausragende Beispiel volkst\u00fcmlicher Architektur, das einzige seiner Art in Europa, wurde in den 1950er und 1960er Jahren errichtet. Der Hafen diente als Ankerplatz f\u00fcr die Fischerboote der Region und erf\u00fcllt diesen Zweck auch heute noch.<\/p>\n<p>Die Fischerei, insbesondere die Austernfischerei, f\u00fchrte zu einem bedeutenden Wachstum in der Region Carrasqueira. Der Hafen wurde eigens angelegt, damit die Fischer immer Zugang zu ihren Booten hatten, unabh\u00e4ngig von den Gezeiten.<\/p>\n\n\n            \n                    <\/div>\n    <\/section>\n<\/section>\n\n\n<section class=\"homeblocks   \">\n    <section class=\"homeblocks-image  homeblocks-right \">\n                  <!-- <img decoding=\"async\" src=\"https:\/\/espiritodacomporta.com\/app\/uploads\/2022\/06\/CAIS-comporta.webp\" alt=\"cais-comporta\"> -->\n          <img decoding=\"async\" width=\"2048\" height=\"1315\" src=\"https:\/\/espiritodacomporta.com\/app\/uploads\/2022\/06\/CAIS-comporta.webp\" class=\"attachment-full size-full\" alt=\"cais-comporta\" loading=\"lazy\" srcset=\"https:\/\/espiritodacomporta.com\/app\/uploads\/2022\/06\/CAIS-comporta.webp 2048w, https:\/\/espiritodacomporta.com\/app\/uploads\/2022\/06\/CAIS-comporta-300x193.webp 300w, https:\/\/espiritodacomporta.com\/app\/uploads\/2022\/06\/CAIS-comporta-1024x658.webp 1024w, https:\/\/espiritodacomporta.com\/app\/uploads\/2022\/06\/CAIS-comporta-768x493.webp 768w, https:\/\/espiritodacomporta.com\/app\/uploads\/2022\/06\/CAIS-comporta-1536x986.webp 1536w\" sizes=\"auto, (max-width: 2048px) 100vw, 2048px\" data-attachment-id=\"29265\" data-permalink=\"https:\/\/espiritodacomporta.com\/de\/geheimnisse-von-carrasqueira-portugal\/cais-comporta-3\/\" data-orig-file=\"https:\/\/espiritodacomporta.com\/app\/uploads\/2022\/06\/CAIS-comporta.webp\" data-orig-size=\"2048,1315\" data-comments-opened=\"0\" data-image-meta=\"{&quot;aperture&quot;:&quot;0&quot;,&quot;credit&quot;:&quot;&quot;,&quot;camera&quot;:&quot;&quot;,&quot;caption&quot;:&quot;&quot;,&quot;created_timestamp&quot;:&quot;0&quot;,&quot;copyright&quot;:&quot;&quot;,&quot;focal_length&quot;:&quot;0&quot;,&quot;iso&quot;:&quot;0&quot;,&quot;shutter_speed&quot;:&quot;0&quot;,&quot;title&quot;:&quot;&quot;,&quot;orientation&quot;:&quot;0&quot;}\" data-image-title=\"CAIS-comporta\" data-image-description=\"\" data-image-caption=\"\" data-medium-file=\"https:\/\/espiritodacomporta.com\/app\/uploads\/2022\/06\/CAIS-comporta-300x193.webp\" data-large-file=\"https:\/\/espiritodacomporta.com\/app\/uploads\/2022\/06\/CAIS-comporta-1024x658.webp\" \/>\n            <\/section>\n    <section class=\"homeblocks-content\">\n        <div class=\"homeblocks-content-inside\">\n            <p>In der Tat trennen bei Ebbe etwa zehn Meter Schlamm (oder manchmal sogar hundert!) das Land vom Wasser. Aus diesem Grund h\u00e4mmerten die allerersten Fischer Pf\u00e4hle an den Rand der Gezeitenmauer (die das Ackerland sch\u00fctzt) und legten ein paar Bretter darauf. Die Fischer, die nach ihnen kamen, t\u00fcrmten dann gemeinsam neue Pf\u00e4hle und Bretter auf. Auf diese Weise wurde das Gewirr von Stelzen und Planken nach und nach um mehrere hundert Meter verl\u00e4ngert. So entstand der ungew\u00f6hnliche Steg, der heute einer der meistbesuchten Orte der Gemeinde Alc\u00e1cer ist.<\/p>\n\n\n            \n                    <\/div>\n    <\/section>\n<\/section>\n\n\n\n<h2 class=\"wp-block-heading\" id=\"h-ein-paradies-fur-fotofreunde\">EIN PARADIES F\u00dcR FOTOFREUNDE<\/h2>\n\n\n\n<p>Je nach den Gezeiten schwimmen die Boote entweder auf dem Wasser oder sind manchmal im Schlamm versunken. Zahlreiche kleine Holzh\u00fctten, die zum nationalen Kulturerbe geh\u00f6ren, reihen sich entlang der Anlegestelle und versch\u00f6nern die Landschaft.<br>F\u00fcr Fotofreunde ist dies der perfekte Ort.<\/p>\n\n\n\n<p>Lokalisierung<br>Avenida dos Pescadores, Comporta<\/p>\n","protected":false},"excerpt":{"rendered":"<p>In Comporta befindet sich ein Hafen, der auf Stelzen balanciert, unber\u00fchrt von der Zeit und schwebend zwischen Himmel und Meer. Er befindet sich in Carrasqueira am Fluss Sado, von dem aus Alc\u00e1cer do Sal beginnt. Dieser kleine Fischereihafen ist auf einer Ansammlung von rauen Anlegestellen aus durchbrochenen Brettern gebaut, die auf Stelzen ruhen. EIN PARADIES <\/p>\n<div class=\"goto\"><a href=\"https:\/\/espiritodacomporta.com\/de\/stelzenhafen-von-carrasqueira\/\">Erfahren Sie mehr<\/a><\/div>\n","protected":false},"author":7,"featured_media":57021,"comment_status":"open","ping_status":"open","sticky":false,"template":"","format":"standard","meta":{"_acf_changed":false,"inline_featured_image":false,"footnotes":""},"categories":[2338],"tags":[],"class_list":["post-57024","post","type-post","status-publish","format-standard","has-post-thumbnail","hentry","category-die-geschichte-erkunden"],"acf":[],"yoast_head":"<!-- This site is optimized with the Yoast SEO Premium plugin v27.2 (Yoast SEO v27.2) - https:\/\/yoast.com\/product\/yoast-seo-premium-wordpress\/ -->\n<title>Comporta Portugal - Stelzenhafen von Carrasqueira<\/title>\n<meta name=\"description\" content=\"Der Stelzenhafen ist ein zeitloser Ort, der zwischen Meer und Himmel schwebt. Er befindet sich in Comporta am S\u00fcdufer des Rio Sado.\" \/>\n<meta name=\"robots\" content=\"index, follow, max-snippet:-1, max-image-preview:large, max-video-preview:-1\" \/>\n<link rel=\"canonical\" href=\"https:\/\/espiritodacomporta.com\/de\/stelzenhafen-von-carrasqueira\/\" \/>\n<meta property=\"og:locale\" content=\"de_DE\" \/>\n<meta property=\"og:type\" content=\"article\" \/>\n<meta property=\"og:title\" content=\"CAIS PALAF\u00cdTICO DA CARRASQUEIRA\" \/>\n<meta property=\"og:description\" content=\"Der Stelzenhafen ist ein zeitloser Ort, der zwischen Meer und Himmel schwebt. Er befindet sich in Comporta am S\u00fcdufer des Rio Sado.\" \/>\n<meta property=\"og:url\" content=\"https:\/\/espiritodacomporta.com\/de\/stelzenhafen-von-carrasqueira\/\" \/>\n<meta property=\"og:site_name\" content=\"Live &amp; Feel Comporta Portugal\" \/>\n<meta property=\"article:published_time\" content=\"2023-01-11T12:50:00+00:00\" \/>\n<meta property=\"article:modified_time\" content=\"2024-01-11T14:03:21+00:00\" \/>\n<meta property=\"og:image\" content=\"https:\/\/espiritodacomporta.com\/app\/uploads\/2024\/01\/Cais_Comporta.webp\" \/>\n\t<meta property=\"og:image:width\" content=\"1280\" \/>\n\t<meta property=\"og:image:height\" content=\"853\" \/>\n\t<meta property=\"og:image:type\" content=\"image\/webp\" \/>\n<meta name=\"author\" content=\"Info\" \/>\n<meta name=\"twitter:card\" content=\"summary_large_image\" \/>\n<meta name=\"twitter:label1\" content=\"Written by\" \/>\n\t<meta name=\"twitter:data1\" content=\"Info\" \/>\n\t<meta name=\"twitter:label2\" content=\"Est. reading time\" \/>\n\t<meta name=\"twitter:data2\" content=\"1 minute\" \/>\n<script type=\"application\/ld+json\" class=\"yoast-schema-graph\">{\"@context\":\"https:\/\/schema.org\",\"@graph\":[{\"@type\":\"Article\",\"@id\":\"https:\/\/espiritodacomporta.com\/de\/stelzenhafen-von-carrasqueira\/#article\",\"isPartOf\":{\"@id\":\"https:\/\/espiritodacomporta.com\/de\/stelzenhafen-von-carrasqueira\/\"},\"author\":{\"name\":\"Info\",\"@id\":\"https:\/\/espiritodacomporta.com\/de\/#\/schema\/person\/c76d29ce59d104bde14812d3465de878\"},\"headline\":\"CAIS PALAF\u00cdTICO DA CARRASQUEIRA\",\"datePublished\":\"2023-01-11T12:50:00+00:00\",\"dateModified\":\"2024-01-11T14:03:21+00:00\",\"mainEntityOfPage\":{\"@id\":\"https:\/\/espiritodacomporta.com\/de\/stelzenhafen-von-carrasqueira\/\"},\"wordCount\":114,\"commentCount\":0,\"publisher\":{\"@id\":\"https:\/\/espiritodacomporta.com\/de\/#organization\"},\"image\":{\"@id\":\"https:\/\/espiritodacomporta.com\/de\/stelzenhafen-von-carrasqueira\/#primaryimage\"},\"thumbnailUrl\":\"https:\/\/espiritodacomporta.com\/app\/uploads\/2024\/01\/Cais_Comporta.webp\",\"articleSection\":[\"Die Geschichte erkunden\"],\"inLanguage\":\"de-DE\",\"potentialAction\":[{\"@type\":\"CommentAction\",\"name\":\"Comment\",\"target\":[\"https:\/\/espiritodacomporta.com\/de\/stelzenhafen-von-carrasqueira\/#respond\"]}]},{\"@type\":\"WebPage\",\"@id\":\"https:\/\/espiritodacomporta.com\/de\/stelzenhafen-von-carrasqueira\/\",\"url\":\"https:\/\/espiritodacomporta.com\/de\/stelzenhafen-von-carrasqueira\/\",\"name\":\"Comporta Portugal - Stelzenhafen von Carrasqueira\",\"isPartOf\":{\"@id\":\"https:\/\/espiritodacomporta.com\/de\/#website\"},\"primaryImageOfPage\":{\"@id\":\"https:\/\/espiritodacomporta.com\/de\/stelzenhafen-von-carrasqueira\/#primaryimage\"},\"image\":{\"@id\":\"https:\/\/espiritodacomporta.com\/de\/stelzenhafen-von-carrasqueira\/#primaryimage\"},\"thumbnailUrl\":\"https:\/\/espiritodacomporta.com\/app\/uploads\/2024\/01\/Cais_Comporta.webp\",\"datePublished\":\"2023-01-11T12:50:00+00:00\",\"dateModified\":\"2024-01-11T14:03:21+00:00\",\"description\":\"Der Stelzenhafen ist ein zeitloser Ort, der zwischen Meer und Himmel schwebt. Er befindet sich in Comporta am S\u00fcdufer des Rio Sado.\",\"breadcrumb\":{\"@id\":\"https:\/\/espiritodacomporta.com\/de\/stelzenhafen-von-carrasqueira\/#breadcrumb\"},\"inLanguage\":\"de-DE\",\"potentialAction\":[{\"@type\":\"ReadAction\",\"target\":[\"https:\/\/espiritodacomporta.com\/de\/stelzenhafen-von-carrasqueira\/\"]}]},{\"@type\":\"ImageObject\",\"inLanguage\":\"de-DE\",\"@id\":\"https:\/\/espiritodacomporta.com\/de\/stelzenhafen-von-carrasqueira\/#primaryimage\",\"url\":\"https:\/\/espiritodacomporta.com\/app\/uploads\/2024\/01\/Cais_Comporta.webp\",\"contentUrl\":\"https:\/\/espiritodacomporta.com\/app\/uploads\/2024\/01\/Cais_Comporta.webp\",\"width\":1280,\"height\":853,\"caption\":\"Cais_Comporta\"},{\"@type\":\"BreadcrumbList\",\"@id\":\"https:\/\/espiritodacomporta.com\/de\/stelzenhafen-von-carrasqueira\/#breadcrumb\",\"itemListElement\":[{\"@type\":\"ListItem\",\"position\":1,\"name\":\"Home\",\"item\":\"https:\/\/espiritodacomporta.com\/de\/\"},{\"@type\":\"ListItem\",\"position\":2,\"name\":\"Comporta entdecken\",\"item\":\"https:\/\/espiritodacomporta.com\/de\/category\/comporta-entdecken\/\"},{\"@type\":\"ListItem\",\"position\":3,\"name\":\"Die Geschichte erkunden\",\"item\":\"https:\/\/espiritodacomporta.com\/de\/category\/comporta-entdecken\/die-geschichte-erkunden\/\"},{\"@type\":\"ListItem\",\"position\":4,\"name\":\"CAIS PALAF\u00cdTICO DA CARRASQUEIRA\"}]},{\"@type\":\"WebSite\",\"@id\":\"https:\/\/espiritodacomporta.com\/de\/#website\",\"url\":\"https:\/\/espiritodacomporta.com\/de\/\",\"name\":\"Live & Feel Comporta Portugal\",\"description\":\"\",\"publisher\":{\"@id\":\"https:\/\/espiritodacomporta.com\/de\/#organization\"},\"potentialAction\":[{\"@type\":\"SearchAction\",\"target\":{\"@type\":\"EntryPoint\",\"urlTemplate\":\"https:\/\/espiritodacomporta.com\/de\/?s={search_term_string}\"},\"query-input\":{\"@type\":\"PropertyValueSpecification\",\"valueRequired\":true,\"valueName\":\"search_term_string\"}}],\"inLanguage\":\"de-DE\"},{\"@type\":\"Organization\",\"@id\":\"https:\/\/espiritodacomporta.com\/de\/#organization\",\"name\":\"Espirito da Comporta\",\"url\":\"https:\/\/espiritodacomporta.com\/de\/\",\"logo\":{\"@type\":\"ImageObject\",\"inLanguage\":\"de-DE\",\"@id\":\"https:\/\/espiritodacomporta.com\/de\/#\/schema\/logo\/image\/\",\"url\":\"https:\/\/espiritodacomporta.com\/app\/uploads\/2023\/09\/LOGO-SIGNATURE@4x.png\",\"contentUrl\":\"https:\/\/espiritodacomporta.com\/app\/uploads\/2023\/09\/LOGO-SIGNATURE@4x.png\",\"width\":321,\"height\":385,\"caption\":\"Espirito da Comporta\"},\"image\":{\"@id\":\"https:\/\/espiritodacomporta.com\/de\/#\/schema\/logo\/image\/\"},\"sameAs\":[\"https:\/\/www.instagram.com\/almadacomporta\/\"]},{\"@type\":\"Person\",\"@id\":\"https:\/\/espiritodacomporta.com\/de\/#\/schema\/person\/c76d29ce59d104bde14812d3465de878\",\"name\":\"Info\",\"image\":{\"@type\":\"ImageObject\",\"inLanguage\":\"de-DE\",\"@id\":\"https:\/\/secure.gravatar.com\/avatar\/dee735d7b19944762d18cdf00966586c0ffcea9da4d03f8be9d25dcff9972207?s=96&d=mm&r=g\",\"url\":\"https:\/\/secure.gravatar.com\/avatar\/dee735d7b19944762d18cdf00966586c0ffcea9da4d03f8be9d25dcff9972207?s=96&d=mm&r=g\",\"contentUrl\":\"https:\/\/secure.gravatar.com\/avatar\/dee735d7b19944762d18cdf00966586c0ffcea9da4d03f8be9d25dcff9972207?s=96&d=mm&r=g\",\"caption\":\"Info\"}}]}<\/script>\n<!-- \/ Yoast SEO Premium plugin. -->","yoast_head_json":{"title":"Comporta Portugal - Stelzenhafen von Carrasqueira","description":"Der Stelzenhafen ist ein zeitloser Ort, der zwischen Meer und Himmel schwebt. Er befindet sich in Comporta am S\u00fcdufer des Rio Sado.","robots":{"index":"index","follow":"follow","max-snippet":"max-snippet:-1","max-image-preview":"max-image-preview:large","max-video-preview":"max-video-preview:-1"},"canonical":"https:\/\/espiritodacomporta.com\/de\/stelzenhafen-von-carrasqueira\/","og_locale":"de_DE","og_type":"article","og_title":"CAIS PALAF\u00cdTICO DA CARRASQUEIRA","og_description":"Der Stelzenhafen ist ein zeitloser Ort, der zwischen Meer und Himmel schwebt. Er befindet sich in Comporta am S\u00fcdufer des Rio Sado.","og_url":"https:\/\/espiritodacomporta.com\/de\/stelzenhafen-von-carrasqueira\/","og_site_name":"Live &amp; Feel Comporta Portugal","article_published_time":"2023-01-11T12:50:00+00:00","article_modified_time":"2024-01-11T14:03:21+00:00","og_image":[{"width":1280,"height":853,"url":"https:\/\/espiritodacomporta.com\/app\/uploads\/2024\/01\/Cais_Comporta.webp","type":"image\/webp"}],"author":"Info","twitter_card":"summary_large_image","twitter_misc":{"Written by":"Info","Est. reading time":"1 minute"},"schema":{"@context":"https:\/\/schema.org","@graph":[{"@type":"Article","@id":"https:\/\/espiritodacomporta.com\/de\/stelzenhafen-von-carrasqueira\/#article","isPartOf":{"@id":"https:\/\/espiritodacomporta.com\/de\/stelzenhafen-von-carrasqueira\/"},"author":{"name":"Info","@id":"https:\/\/espiritodacomporta.com\/de\/#\/schema\/person\/c76d29ce59d104bde14812d3465de878"},"headline":"CAIS PALAF\u00cdTICO DA CARRASQUEIRA","datePublished":"2023-01-11T12:50:00+00:00","dateModified":"2024-01-11T14:03:21+00:00","mainEntityOfPage":{"@id":"https:\/\/espiritodacomporta.com\/de\/stelzenhafen-von-carrasqueira\/"},"wordCount":114,"commentCount":0,"publisher":{"@id":"https:\/\/espiritodacomporta.com\/de\/#organization"},"image":{"@id":"https:\/\/espiritodacomporta.com\/de\/stelzenhafen-von-carrasqueira\/#primaryimage"},"thumbnailUrl":"https:\/\/espiritodacomporta.com\/app\/uploads\/2024\/01\/Cais_Comporta.webp","articleSection":["Die Geschichte erkunden"],"inLanguage":"de-DE","potentialAction":[{"@type":"CommentAction","name":"Comment","target":["https:\/\/espiritodacomporta.com\/de\/stelzenhafen-von-carrasqueira\/#respond"]}]},{"@type":"WebPage","@id":"https:\/\/espiritodacomporta.com\/de\/stelzenhafen-von-carrasqueira\/","url":"https:\/\/espiritodacomporta.com\/de\/stelzenhafen-von-carrasqueira\/","name":"Comporta Portugal - Stelzenhafen von Carrasqueira","isPartOf":{"@id":"https:\/\/espiritodacomporta.com\/de\/#website"},"primaryImageOfPage":{"@id":"https:\/\/espiritodacomporta.com\/de\/stelzenhafen-von-carrasqueira\/#primaryimage"},"image":{"@id":"https:\/\/espiritodacomporta.com\/de\/stelzenhafen-von-carrasqueira\/#primaryimage"},"thumbnailUrl":"https:\/\/espiritodacomporta.com\/app\/uploads\/2024\/01\/Cais_Comporta.webp","datePublished":"2023-01-11T12:50:00+00:00","dateModified":"2024-01-11T14:03:21+00:00","description":"Der Stelzenhafen ist ein zeitloser Ort, der zwischen Meer und Himmel schwebt. Er befindet sich in Comporta am S\u00fcdufer des Rio Sado.","breadcrumb":{"@id":"https:\/\/espiritodacomporta.com\/de\/stelzenhafen-von-carrasqueira\/#breadcrumb"},"inLanguage":"de-DE","potentialAction":[{"@type":"ReadAction","target":["https:\/\/espiritodacomporta.com\/de\/stelzenhafen-von-carrasqueira\/"]}]},{"@type":"ImageObject","inLanguage":"de-DE","@id":"https:\/\/espiritodacomporta.com\/de\/stelzenhafen-von-carrasqueira\/#primaryimage","url":"https:\/\/espiritodacomporta.com\/app\/uploads\/2024\/01\/Cais_Comporta.webp","contentUrl":"https:\/\/espiritodacomporta.com\/app\/uploads\/2024\/01\/Cais_Comporta.webp","width":1280,"height":853,"caption":"Cais_Comporta"},{"@type":"BreadcrumbList","@id":"https:\/\/espiritodacomporta.com\/de\/stelzenhafen-von-carrasqueira\/#breadcrumb","itemListElement":[{"@type":"ListItem","position":1,"name":"Home","item":"https:\/\/espiritodacomporta.com\/de\/"},{"@type":"ListItem","position":2,"name":"Comporta entdecken","item":"https:\/\/espiritodacomporta.com\/de\/category\/comporta-entdecken\/"},{"@type":"ListItem","position":3,"name":"Die Geschichte erkunden","item":"https:\/\/espiritodacomporta.com\/de\/category\/comporta-entdecken\/die-geschichte-erkunden\/"},{"@type":"ListItem","position":4,"name":"CAIS PALAF\u00cdTICO DA CARRASQUEIRA"}]},{"@type":"WebSite","@id":"https:\/\/espiritodacomporta.com\/de\/#website","url":"https:\/\/espiritodacomporta.com\/de\/","name":"Live & Feel Comporta Portugal","description":"","publisher":{"@id":"https:\/\/espiritodacomporta.com\/de\/#organization"},"potentialAction":[{"@type":"SearchAction","target":{"@type":"EntryPoint","urlTemplate":"https:\/\/espiritodacomporta.com\/de\/?s={search_term_string}"},"query-input":{"@type":"PropertyValueSpecification","valueRequired":true,"valueName":"search_term_string"}}],"inLanguage":"de-DE"},{"@type":"Organization","@id":"https:\/\/espiritodacomporta.com\/de\/#organization","name":"Espirito da Comporta","url":"https:\/\/espiritodacomporta.com\/de\/","logo":{"@type":"ImageObject","inLanguage":"de-DE","@id":"https:\/\/espiritodacomporta.com\/de\/#\/schema\/logo\/image\/","url":"https:\/\/espiritodacomporta.com\/app\/uploads\/2023\/09\/LOGO-SIGNATURE@4x.png","contentUrl":"https:\/\/espiritodacomporta.com\/app\/uploads\/2023\/09\/LOGO-SIGNATURE@4x.png","width":321,"height":385,"caption":"Espirito da Comporta"},"image":{"@id":"https:\/\/espiritodacomporta.com\/de\/#\/schema\/logo\/image\/"},"sameAs":["https:\/\/www.instagram.com\/almadacomporta\/"]},{"@type":"Person","@id":"https:\/\/espiritodacomporta.com\/de\/#\/schema\/person\/c76d29ce59d104bde14812d3465de878","name":"Info","image":{"@type":"ImageObject","inLanguage":"de-DE","@id":"https:\/\/secure.gravatar.com\/avatar\/dee735d7b19944762d18cdf00966586c0ffcea9da4d03f8be9d25dcff9972207?s=96&d=mm&r=g","url":"https:\/\/secure.gravatar.com\/avatar\/dee735d7b19944762d18cdf00966586c0ffcea9da4d03f8be9d25dcff9972207?s=96&d=mm&r=g","contentUrl":"https:\/\/secure.gravatar.com\/avatar\/dee735d7b19944762d18cdf00966586c0ffcea9da4d03f8be9d25dcff9972207?s=96&d=mm&r=g","caption":"Info"}}]}},"jetpack_featured_media_url":"https:\/\/espiritodacomporta.com\/app\/uploads\/2024\/01\/Cais_Comporta.webp","_links":{"self":[{"href":"https:\/\/espiritodacomporta.com\/de\/wp-json\/wp\/v2\/posts\/57024","targetHints":{"allow":["GET"]}}],"collection":[{"href":"https:\/\/espiritodacomporta.com\/de\/wp-json\/wp\/v2\/posts"}],"about":[{"href":"https:\/\/espiritodacomporta.com\/de\/wp-json\/wp\/v2\/types\/post"}],"author":[{"embeddable":true,"href":"https:\/\/espiritodacomporta.com\/de\/wp-json\/wp\/v2\/users\/7"}],"replies":[{"embeddable":true,"href":"https:\/\/espiritodacomporta.com\/de\/wp-json\/wp\/v2\/comments?post=57024"}],"version-history":[{"count":0,"href":"https:\/\/espiritodacomporta.com\/de\/wp-json\/wp\/v2\/posts\/57024\/revisions"}],"wp:featuredmedia":[{"embeddable":true,"href":"https:\/\/espiritodacomporta.com\/de\/wp-json\/wp\/v2\/media\/57021"}],"wp:attachment":[{"href":"https:\/\/espiritodacomporta.com\/de\/wp-json\/wp\/v2\/media?parent=57024"}],"wp:term":[{"taxonomy":"category","embeddable":true,"href":"https:\/\/espiritodacomporta.com\/de\/wp-json\/wp\/v2\/categories?post=57024"},{"taxonomy":"post_tag","embeddable":true,"href":"https:\/\/espiritodacomporta.com\/de\/wp-json\/wp\/v2\/tags?post=57024"}],"curies":[{"name":"wp","href":"https:\/\/api.w.org\/{rel}","templated":true}]}}