{"id":7316,"date":"2024-01-04T10:25:00","date_gmt":"2024-01-04T08:25:00","guid":{"rendered":"https:\/\/espiritodacomporta.com\/hotels-in-comporta-portugal\/"},"modified":"2024-02-12T17:58:01","modified_gmt":"2024-02-12T15:58:01","slug":"hotels-in-comporta-portugal","status":"publish","type":"post","link":"https:\/\/espiritodacomporta.com\/de\/hotels-in-comporta-portugal\/","title":{"rendered":"Hotels in Comporta, Portugal"},"content":{"rendered":"\n<p class=\"is-style-text-intro\">Sind Sie auf der Suche nach einem Hotel in <a href=\"https:\/\/espiritodacomporta.com\/de\/\">Comporta<\/a> im sch\u00f6nen Portugal? Buchen Sie einige \u00dcbernachtungen in Comporta, einer Ecke des wilden Paradieses, das weniger als 90 Minuten von Lissabon entfernt liegt.Wenn Sie in der Hauptstadt sind, gilt es als einer der besten <a href=\"https:\/\/espiritodacomporta.com\/de\/die-besten-orte-in-der-naehe-von-lissabon\/\">Orte in der N\u00e4he von Lissabon<\/a>. F\u00fcr ein Wochenende oder mehr bietet Comporta eine raue Natur, charmante D\u00f6rfer und eine einzigartige Atmosph\u00e4re. Ob <a href=\"https:\/\/espiritodacomporta.com\/de\/winter-portugal\/\">im Winter<\/a> oder im Sommer, das Kennenlernen und Erkunden der Region ist immer ein Vergn\u00fcgen.<\/p>\n\n\n<section class=\"homeblocks   \">\n    <section class=\"homeblocks-image \">\n                  <!-- <img decoding=\"async\" src=\"https:\/\/espiritodacomporta.com\/app\/uploads\/2022\/12\/beach-comporta-scaled.webp\" alt=\"beach-comporta\"> -->\n          <img decoding=\"async\" width=\"2560\" height=\"1440\" src=\"https:\/\/espiritodacomporta.com\/app\/uploads\/2022\/12\/beach-comporta-scaled.webp\" class=\"attachment-full size-full\" alt=\"beach-comporta\" loading=\"lazy\" srcset=\"https:\/\/espiritodacomporta.com\/app\/uploads\/2022\/12\/beach-comporta-scaled.webp 2560w, https:\/\/espiritodacomporta.com\/app\/uploads\/2022\/12\/beach-comporta-300x169.webp 300w, https:\/\/espiritodacomporta.com\/app\/uploads\/2022\/12\/beach-comporta-1024x576.webp 1024w, https:\/\/espiritodacomporta.com\/app\/uploads\/2022\/12\/beach-comporta-768x432.webp 768w, https:\/\/espiritodacomporta.com\/app\/uploads\/2022\/12\/beach-comporta-1536x864.webp 1536w, https:\/\/espiritodacomporta.com\/app\/uploads\/2022\/12\/beach-comporta-2048x1152.webp 2048w\" sizes=\"auto, (max-width: 2560px) 100vw, 2560px\" data-attachment-id=\"47225\" data-permalink=\"https:\/\/espiritodacomporta.com\/de\/nebensaison-in-comporta\/beach-comporta-3\/\" data-orig-file=\"https:\/\/espiritodacomporta.com\/app\/uploads\/2022\/12\/beach-comporta-scaled.webp\" data-orig-size=\"2560,1440\" data-comments-opened=\"0\" data-image-meta=\"{&quot;aperture&quot;:&quot;0&quot;,&quot;credit&quot;:&quot;&quot;,&quot;camera&quot;:&quot;&quot;,&quot;caption&quot;:&quot;&quot;,&quot;created_timestamp&quot;:&quot;0&quot;,&quot;copyright&quot;:&quot;&quot;,&quot;focal_length&quot;:&quot;0&quot;,&quot;iso&quot;:&quot;0&quot;,&quot;shutter_speed&quot;:&quot;0&quot;,&quot;title&quot;:&quot;&quot;,&quot;orientation&quot;:&quot;0&quot;}\" data-image-title=\"beach-comporta\" data-image-description=\"\" data-image-caption=\"\" data-medium-file=\"https:\/\/espiritodacomporta.com\/app\/uploads\/2022\/12\/beach-comporta-300x169.webp\" data-large-file=\"https:\/\/espiritodacomporta.com\/app\/uploads\/2022\/12\/beach-comporta-1024x576.webp\" \/>\n            <\/section>\n    <section class=\"homeblocks-content\">\n        <div class=\"homeblocks-content-inside\">\n            <h3 style=\"text-align: left;\">Ein Traumziel<\/h3>\n<p style=\"text-align: left;\">E<!-- wp:paragraph -->s ist der ideale Ort, um bei einem Auslandsaufenthalt in der N\u00e4he der portugiesischen Hauptstadt die Str\u00e4nde zu genie\u00dfen. Was Comporta in Portugal au\u00dferdem so reizvoll macht, ist die Tatsache, dass es sich um ein unber\u00fchrtes Anwesen handelt, da es lange Zeit im Besitz einer einzigen Familie war. Es gibt nur eine begrenzte Anzahl von Hotels in Comporta, aber einige von ihnen sind f\u00fcr ihre ungew\u00f6hnliche Architektur bekannt, und vor allem k\u00f6nnen Sie hier einen R\u00fcckzugsort in einer ruhigen und entspannten Umgebung finden, w\u00e4hrend Sie die D\u00fcnen und die idyllische Landschaft genie\u00dfen. Eine andere Art des Aufenthalts sind die privaten Villen, die mit ihren Strohd\u00e4chern und Pergolen die Identit\u00e4t der Region respektieren. Ein authentischer Zufluchtsort mit allem Komfort, Sch\u00f6nheit und atemberaubenden Ausblicken.<\/p>\n<p><!-- \/wp:paragraph --><\/p>\n\n\n            \n                    <\/div>\n    <\/section>\n<\/section>\n\n\n\n<div class=\"wp-block-columns is-layout-flex wp-container-core-columns-is-layout-9d6595d7 wp-block-columns-is-layout-flex\">\n<div class=\"wp-block-column is-layout-flow wp-block-column-is-layout-flow\">\n<h2 class=\"wp-block-heading is-style-big-title\" id=\"h-private-villen-in-comporta\">Private Villen in Comporta<\/h2>\n<\/div>\n<\/div>\n\n\n\n<p class=\"has-text-align-center\">Besser als ein Hotel, buchen Sie eine Villa oder H\u00fctte f\u00fcr Ihre Reise nach Comporta. So k\u00f6nnen Sie die &#8220;tranquilidade&#8221; dieses Reiseziels in vollen Z\u00fcgen und mit mehr Privatsph\u00e4re genie\u00dfen.<br>Espirito da Comporta bietet <a href=\"https:\/\/espiritodacomporta.com\/de\/hauser\/\">H\u00e4user <\/a>und H\u00fctten, die nach den lokalen architektonischen Regeln gebaut und mit Sorgfalt dekoriert wurden.<br>Die H\u00fctten von Espirito da Comporta liegen mit Blick auf die Reisfelder in der N\u00e4he des Meeres und der ber\u00fchmtesten D\u00f6rfer der Herdade da Comporta.<\/p>\n\n\n<section class=\"homeblocks   section-beige  \">\n    <section class=\"homeblocks-image  homeblocks-right \">\n                  <!-- <img decoding=\"async\" src=\"https:\/\/espiritodacomporta.com\/app\/uploads\/2023\/08\/Screenshot-2023-08-16-at-15.54.13.png\" alt=\"Flor_de_arroz\"> -->\n          <img decoding=\"async\" width=\"2120\" height=\"1412\" src=\"https:\/\/espiritodacomporta.com\/app\/uploads\/2023\/08\/Screenshot-2023-08-16-at-15.54.13.png\" class=\"attachment-full size-full\" alt=\"Flor_de_arroz\" loading=\"lazy\" srcset=\"https:\/\/espiritodacomporta.com\/app\/uploads\/2023\/08\/Screenshot-2023-08-16-at-15.54.13.png 2120w, https:\/\/espiritodacomporta.com\/app\/uploads\/2023\/08\/Screenshot-2023-08-16-at-15.54.13-300x200.png 300w, https:\/\/espiritodacomporta.com\/app\/uploads\/2023\/08\/Screenshot-2023-08-16-at-15.54.13-1024x682.png 1024w, https:\/\/espiritodacomporta.com\/app\/uploads\/2023\/08\/Screenshot-2023-08-16-at-15.54.13-768x512.png 768w, https:\/\/espiritodacomporta.com\/app\/uploads\/2023\/08\/Screenshot-2023-08-16-at-15.54.13-1536x1023.png 1536w, https:\/\/espiritodacomporta.com\/app\/uploads\/2023\/08\/Screenshot-2023-08-16-at-15.54.13-2048x1364.png 2048w\" sizes=\"auto, (max-width: 2120px) 100vw, 2120px\" data-attachment-id=\"53754\" data-permalink=\"https:\/\/espiritodacomporta.com\/de\/comporta-perfekte-ort-zum-entspannen\/screenshot-2023-08-16-at-15-54-13-2\/\" data-orig-file=\"https:\/\/espiritodacomporta.com\/app\/uploads\/2023\/08\/Screenshot-2023-08-16-at-15.54.13.png\" data-orig-size=\"2120,1412\" data-comments-opened=\"0\" data-image-meta=\"{&quot;aperture&quot;:&quot;0&quot;,&quot;credit&quot;:&quot;&quot;,&quot;camera&quot;:&quot;&quot;,&quot;caption&quot;:&quot;&quot;,&quot;created_timestamp&quot;:&quot;0&quot;,&quot;copyright&quot;:&quot;&quot;,&quot;focal_length&quot;:&quot;0&quot;,&quot;iso&quot;:&quot;0&quot;,&quot;shutter_speed&quot;:&quot;0&quot;,&quot;title&quot;:&quot;&quot;,&quot;orientation&quot;:&quot;0&quot;}\" data-image-title=\"Flor_de_arroz\" data-image-description=\"\" data-image-caption=\"\" data-medium-file=\"https:\/\/espiritodacomporta.com\/app\/uploads\/2023\/08\/Screenshot-2023-08-16-at-15.54.13-300x200.png\" data-large-file=\"https:\/\/espiritodacomporta.com\/app\/uploads\/2023\/08\/Screenshot-2023-08-16-at-15.54.13-1024x682.png\" \/>\n            <\/section>\n    <section class=\"homeblocks-content\">\n        <div class=\"homeblocks-content-inside\">\n            <h3 style=\"text-align: left;\">Ihre typische Strandvilla mit Espirito da Comporta<\/h3>\n<p style=\"text-align: left;\">Mit ihrer lokalen Identit\u00e4t und ihren Reetd\u00e4chern bieten die <a href=\"https:\/\/espiritodacomporta.com\/de\/hauser\/\">Ferienh\u00e4user<\/a> der Espirito da Comporta einen idyllischen Rahmen f\u00fcr Ihren Aufenthalt, in dem Sie die Ger\u00e4usche der Natur am meisten sp\u00fcren k\u00f6nnen, je nach Jahreszeit als ganzes Haus oder als Unterkunft. Ideale Orte f\u00fcr einen unvergesslichen Aufenthalt!<\/p>\n\n\n            \n                    <\/div>\n    <\/section>\n<\/section>\n\n\n<section class=\"homeblocks   \">\n    <section class=\"homeblocks-image \">\n                  <!-- <img decoding=\"async\" src=\"https:\/\/espiritodacomporta.com\/app\/uploads\/2022\/09\/Casas_arroz-comporta.webp\" alt=\"Casas_arroz-comporta\"> -->\n          <img decoding=\"async\" width=\"2087\" height=\"1392\" src=\"https:\/\/espiritodacomporta.com\/app\/uploads\/2022\/09\/Casas_arroz-comporta.webp\" class=\"attachment-full size-full\" alt=\"Casas_arroz-comporta\" loading=\"lazy\" srcset=\"https:\/\/espiritodacomporta.com\/app\/uploads\/2022\/09\/Casas_arroz-comporta.webp 2087w, https:\/\/espiritodacomporta.com\/app\/uploads\/2022\/09\/Casas_arroz-comporta-300x200.webp 300w, https:\/\/espiritodacomporta.com\/app\/uploads\/2022\/09\/Casas_arroz-comporta-1024x683.webp 1024w, https:\/\/espiritodacomporta.com\/app\/uploads\/2022\/09\/Casas_arroz-comporta-768x512.webp 768w, https:\/\/espiritodacomporta.com\/app\/uploads\/2022\/09\/Casas_arroz-comporta-1536x1024.webp 1536w, https:\/\/espiritodacomporta.com\/app\/uploads\/2022\/09\/Casas_arroz-comporta-2048x1366.webp 2048w\" sizes=\"auto, (max-width: 2087px) 100vw, 2087px\" data-attachment-id=\"57136\" data-permalink=\"https:\/\/espiritodacomporta.com\/de\/hotels-in-comporta-portugal\/casas_arroz-comporta-2\/\" data-orig-file=\"https:\/\/espiritodacomporta.com\/app\/uploads\/2022\/09\/Casas_arroz-comporta.webp\" data-orig-size=\"2087,1392\" data-comments-opened=\"0\" data-image-meta=\"{&quot;aperture&quot;:&quot;0&quot;,&quot;credit&quot;:&quot;&quot;,&quot;camera&quot;:&quot;&quot;,&quot;caption&quot;:&quot;&quot;,&quot;created_timestamp&quot;:&quot;0&quot;,&quot;copyright&quot;:&quot;&quot;,&quot;focal_length&quot;:&quot;0&quot;,&quot;iso&quot;:&quot;0&quot;,&quot;shutter_speed&quot;:&quot;0&quot;,&quot;title&quot;:&quot;&quot;,&quot;orientation&quot;:&quot;0&quot;}\" data-image-title=\"Casas_arroz-comporta\" data-image-description=\"\" data-image-caption=\"\" data-medium-file=\"https:\/\/espiritodacomporta.com\/app\/uploads\/2022\/09\/Casas_arroz-comporta-300x200.webp\" data-large-file=\"https:\/\/espiritodacomporta.com\/app\/uploads\/2022\/09\/Casas_arroz-comporta-1024x683.webp\" \/>\n            <\/section>\n    <section class=\"homeblocks-content\">\n        <div class=\"homeblocks-content-inside\">\n            <p style=\"text-align: left;\">Alle Unterk\u00fcnfte haben eine Klimaanlage f\u00fcr alle Jahreszeiten oder einen Kamin f\u00fcr die k\u00e4lteren Tage. Alle Zimmer blicken auf die Reisfelder. Wi-fi im gesamten Haus und in einigen Unterk\u00fcnften sind die Badezimmer beheizt. Im Preis inbegriffen ist die t\u00e4gliche Reinigung, jeden Tag au\u00dfer Sonntag. Erw\u00e4hnenswert sind auch die Infinity-Pools der H\u00e4user mit freiem Blick auf die Reisfelder, die gegen Aufpreis beheizt werden k\u00f6nnen, die Entspannungsr\u00e4ume in den G\u00e4rten, die Fahrr\u00e4der, die Ihnen zur Verf\u00fcgung stehen, und der Concierge-Service (le club), der zahlreiche Aktivit\u00e4ten f\u00fcr Ihre Tage anbietet.<\/p>\n<p style=\"text-align: left;\"><strong>Kontakt <\/strong><\/p>\n<p style=\"text-align: left;\">info@espiritodacomporta.com. \/ +351 924 275 886<\/p>\n\n\n            \n                    <\/div>\n    <\/section>\n<\/section>\n\n\n\n<h3 class=\"wp-block-heading has-text-align-center\" id=\"h-casas-na-areia\">Casas na Areia<\/h3>\n\n\n\n<p class=\"has-text-align-center\"><a href=\"https:\/\/espiritodacomporta.com\/de\/casas-na-areia-2\/\">Casas Na Areia<\/a> ist eine kleine Lodge in Comporta mit vier strohgedeckten H\u00e4usern. Sie befindet sich in Carrasqueira, inmitten der Natur und in der N\u00e4he des ber\u00fchmten Cais Palaf\u00edtico. Die Idee ist einzigartig. Es handelt sich um vier traditionelle gemauerte H\u00e4user, die ideal sind, um allein am Ende der Welt zu leben und die F\u00fc\u00dfe in den Sand zu stecken. Die Architektur und die Dekoration sind eine angenehme Mischung aus Alt und Neu, und die Atmosph\u00e4re ist einladend. Die Schlichtheit der Innenr\u00e4ume verleiht ihnen eine einzigartige Sch\u00f6nheit.<\/p>\n\n\n<section class=\"homeblocks   \">\n    <section class=\"homeblocks-image  homeblocks-right \">\n                  <!-- <img decoding=\"async\" src=\"https:\/\/espiritodacomporta.com\/app\/uploads\/2022\/09\/Casas_areia-1.webp\" alt=\"Casas_areia_comporta\"> -->\n          <img decoding=\"async\" width=\"1101\" height=\"735\" src=\"https:\/\/espiritodacomporta.com\/app\/uploads\/2022\/09\/Casas_areia-1.webp\" class=\"attachment-full size-full\" alt=\"Casas_areia_comporta\" loading=\"lazy\" srcset=\"https:\/\/espiritodacomporta.com\/app\/uploads\/2022\/09\/Casas_areia-1.webp 1101w, https:\/\/espiritodacomporta.com\/app\/uploads\/2022\/09\/Casas_areia-1-300x200.webp 300w, https:\/\/espiritodacomporta.com\/app\/uploads\/2022\/09\/Casas_areia-1-1024x684.webp 1024w, https:\/\/espiritodacomporta.com\/app\/uploads\/2022\/09\/Casas_areia-1-768x513.webp 768w\" sizes=\"auto, (max-width: 1101px) 100vw, 1101px\" data-attachment-id=\"57259\" data-permalink=\"https:\/\/espiritodacomporta.com\/de\/hotels-in-comporta-portugal\/casas_areia-2-2\/\" data-orig-file=\"https:\/\/espiritodacomporta.com\/app\/uploads\/2022\/09\/Casas_areia-1.webp\" data-orig-size=\"1101,735\" data-comments-opened=\"0\" data-image-meta=\"{&quot;aperture&quot;:&quot;0&quot;,&quot;credit&quot;:&quot;&quot;,&quot;camera&quot;:&quot;&quot;,&quot;caption&quot;:&quot;&quot;,&quot;created_timestamp&quot;:&quot;0&quot;,&quot;copyright&quot;:&quot;&quot;,&quot;focal_length&quot;:&quot;0&quot;,&quot;iso&quot;:&quot;0&quot;,&quot;shutter_speed&quot;:&quot;0&quot;,&quot;title&quot;:&quot;&quot;,&quot;orientation&quot;:&quot;0&quot;}\" data-image-title=\"Casas_areia\" data-image-description=\"\" data-image-caption=\"\" data-medium-file=\"https:\/\/espiritodacomporta.com\/app\/uploads\/2022\/09\/Casas_areia-1-300x200.webp\" data-large-file=\"https:\/\/espiritodacomporta.com\/app\/uploads\/2022\/09\/Casas_areia-1-1024x684.webp\" \/>\n            <\/section>\n    <section class=\"homeblocks-content\">\n        <div class=\"homeblocks-content-inside\">\n            <p style=\"text-align: left;\">Eine der H\u00fctten verf\u00fcgt \u00fcber eine gro\u00dfe Gemeinschaftsk\u00fcche und einen Entspannungsbereich in der Natur. Casas na Areia verf\u00fcgen \u00fcber einen kleinen Swimmingpool mit Blick auf die herrlichen Reisfelder, um sich an hei\u00dfen Sommertagen abzuk\u00fchlen. Zwei Cottages sind Doppelzimmer mit eigenem Bad, und das dritte ist ein Haus mit zwei Schlafzimmern und zwei B\u00e4dern. Sie verf\u00fcgen \u00fcber eine Terrasse und werden t\u00e4glich gereinigt. Zu den zus\u00e4tzlichen Leistungen geh\u00f6ren ein Fr\u00fchst\u00fccksbuffet, ein Au\u00dfenpool, eine gro\u00dfe Gemeinschaftsk\u00fcche und ein Parkplatz. Eines der unvergesslichen kleinen Extras ist, dass die H\u00fctte, in der sich die K\u00fcche und das Wohnzimmer befinden, keinen Boden hat, so dass wir dort buchst\u00e4blich mit den F\u00fc\u00dfen im Sand leben. Es ist der perfekte Ort, um vom Alltag abzuschalten.<\/p>\n<p style=\"text-align: left;\"><strong>Kontakte<\/strong><\/p>\n<p style=\"text-align: left;\">S\u00edtio da Carrasqueira &#8211; 7580-613 Comporta +351 964 362 816 \/ booking@silentliving.pt<\/p>\n<p style=\"text-align: left;\">*Obs: Die Bilder stammen direkt von der Website von Casas de Areia<\/p>\n\n\n            \n                    <\/div>\n    <\/section>\n<\/section>\n\n\n\n<div class=\"wp-block-columns is-layout-flex wp-container-core-columns-is-layout-9d6595d7 wp-block-columns-is-layout-flex\">\n<div class=\"wp-block-column is-layout-flow wp-block-column-is-layout-flow\">\n<h2 class=\"wp-block-heading is-style-big-title\" id=\"h-hotels-in-comporta\">HOTELS IN COMPORTA<\/h2>\n<\/div>\n<\/div>\n\n\n\n<h3 class=\"wp-block-heading has-text-align-center\" id=\"h-quinta-da-comporta-wellness-boutique-resort\"><br>Quinta da Comporta &#8211; Wellness-Boutique-Resort<\/h3>\n\n\n\n<p class=\"has-text-align-center\"><br>Das <a href=\"https:\/\/espiritodacomporta.com\/de\/hotel-quinta-da-comporta-wellness-boutique-resort-2\/\">Quinta da Comporta<\/a> hat im Mai 2019 seine T\u00fcren ge\u00f6ffnet. Das von dem ber\u00fchmten portugiesischen Architekten Miguel C\u00e2ncio Martins entworfene Hotel ist eine reizvolle Mischung aus rustikalem Charme und modernem Minimalismus. Es verf\u00fcgt \u00fcber einen beneidenswerten Au\u00dfenbereich, einen Swimmingpool mit Blick auf die Reisfelder, ein Restaurant mit Bio-Zutaten aus dem hoteleigenen Gem\u00fcsegarten und eine SPA-Struktur zur Entspannung sowie 61 ger\u00e4umige Zimmer, die geschmackvoll im typischen Boh\u00e8me-Stil der Region eingerichtet sind.<\/p>\n\n\n<section class=\"homeblocks   \">\n    <section class=\"homeblocks-image \">\n                  <!-- <img decoding=\"async\" src=\"https:\/\/espiritodacomporta.com\/app\/uploads\/2022\/06\/comporta-quinta-3.webp\" alt=\"Quinta-comporta\"> -->\n          <img decoding=\"async\" width=\"1280\" height=\"853\" src=\"https:\/\/espiritodacomporta.com\/app\/uploads\/2022\/06\/comporta-quinta-3.webp\" class=\"attachment-full size-full\" alt=\"Quinta-comporta\" loading=\"lazy\" srcset=\"https:\/\/espiritodacomporta.com\/app\/uploads\/2022\/06\/comporta-quinta-3.webp 1280w, https:\/\/espiritodacomporta.com\/app\/uploads\/2022\/06\/comporta-quinta-3-300x200.webp 300w, https:\/\/espiritodacomporta.com\/app\/uploads\/2022\/06\/comporta-quinta-3-1024x682.webp 1024w, https:\/\/espiritodacomporta.com\/app\/uploads\/2022\/06\/comporta-quinta-3-768x512.webp 768w\" sizes=\"auto, (max-width: 1280px) 100vw, 1280px\" data-attachment-id=\"29755\" data-permalink=\"https:\/\/espiritodacomporta.com\/de\/hotels-in-comporta-portugal\/comporta-quinta-3-2\/\" data-orig-file=\"https:\/\/espiritodacomporta.com\/app\/uploads\/2022\/06\/comporta-quinta-3.webp\" data-orig-size=\"1280,853\" data-comments-opened=\"0\" data-image-meta=\"{&quot;aperture&quot;:&quot;0&quot;,&quot;credit&quot;:&quot;&quot;,&quot;camera&quot;:&quot;&quot;,&quot;caption&quot;:&quot;&quot;,&quot;created_timestamp&quot;:&quot;0&quot;,&quot;copyright&quot;:&quot;&quot;,&quot;focal_length&quot;:&quot;0&quot;,&quot;iso&quot;:&quot;0&quot;,&quot;shutter_speed&quot;:&quot;0&quot;,&quot;title&quot;:&quot;&quot;,&quot;orientation&quot;:&quot;0&quot;}\" data-image-title=\"comporta-quinta\" data-image-description=\"\" data-image-caption=\"\" data-medium-file=\"https:\/\/espiritodacomporta.com\/app\/uploads\/2022\/06\/comporta-quinta-3-300x200.webp\" data-large-file=\"https:\/\/espiritodacomporta.com\/app\/uploads\/2022\/06\/comporta-quinta-3-1024x682.webp\" \/>\n            <\/section>\n    <section class=\"homeblocks-content\">\n        <div class=\"homeblocks-content-inside\">\n            <p style=\"text-align: left;\">Wie andere Hotels in Comporta legt auch das Quinta da comporta Wert auf Wohlbefinden und Natur. Die Atmosph\u00e4re ist ruhig und f\u00f6rderlich f\u00fcr Ruhe, Meditation und im Einklang mit der Umgebung. Dieses mit Spannung erwartete Wellnesszentrum wurde von Forbes als &#8220;eine der aufregendsten Hoteler\u00f6ffnungen&#8221; im Jahr 2019 bezeichnet. Er gewann auch den begehrten Preis f\u00fcr die beste internationale Eskapade 2019 von Cond\u00e9 Nast. Die Materialien sind nat\u00fcrlich und haben eine geringe Umweltauswirkung. Die Architektur dieses Hotels in Comporta respektiert die \u00f6rtlichen Vorschriften und die verwendete Farbpalette ist neutral, um sich in die idyllische Umgebung einzuf\u00fcgen. Das Holz ist in der Sonne gebleicht, die M\u00f6bel und Accessoires sind sandfarben und die Textilien sind nat\u00fcrlich.<\/p>\n\n\n            \n                    <\/div>\n    <\/section>\n<\/section>\n\n\n\n<h2 class=\"wp-block-heading\" id=\"h-\"><\/h2>\n\n\n<section class=\"homeblocks   \">\n    <section class=\"homeblocks-image  homeblocks-right \">\n                  <!-- <img decoding=\"async\" src=\"https:\/\/espiritodacomporta.com\/app\/uploads\/2022\/09\/image-asset.webp\" alt=\"Quinta_Comporta\"> -->\n          <img decoding=\"async\" width=\"1080\" height=\"718\" src=\"https:\/\/espiritodacomporta.com\/app\/uploads\/2022\/09\/image-asset.webp\" class=\"attachment-full size-full\" alt=\"Quinta_Comporta\" loading=\"lazy\" srcset=\"https:\/\/espiritodacomporta.com\/app\/uploads\/2022\/09\/image-asset.webp 1080w, https:\/\/espiritodacomporta.com\/app\/uploads\/2022\/09\/image-asset-300x199.webp 300w, https:\/\/espiritodacomporta.com\/app\/uploads\/2022\/09\/image-asset-1024x681.webp 1024w, https:\/\/espiritodacomporta.com\/app\/uploads\/2022\/09\/image-asset-768x511.webp 768w\" sizes=\"auto, (max-width: 1080px) 100vw, 1080px\" data-attachment-id=\"57254\" data-permalink=\"https:\/\/espiritodacomporta.com\/de\/hotels-in-comporta-portugal\/image-asset-2\/\" data-orig-file=\"https:\/\/espiritodacomporta.com\/app\/uploads\/2022\/09\/image-asset.webp\" data-orig-size=\"1080,718\" data-comments-opened=\"0\" data-image-meta=\"{&quot;aperture&quot;:&quot;0&quot;,&quot;credit&quot;:&quot;&quot;,&quot;camera&quot;:&quot;&quot;,&quot;caption&quot;:&quot;&quot;,&quot;created_timestamp&quot;:&quot;0&quot;,&quot;copyright&quot;:&quot;&quot;,&quot;focal_length&quot;:&quot;0&quot;,&quot;iso&quot;:&quot;0&quot;,&quot;shutter_speed&quot;:&quot;0&quot;,&quot;title&quot;:&quot;&quot;,&quot;orientation&quot;:&quot;0&quot;}\" data-image-title=\"Quinta_Comporta\" data-image-description=\"\" data-image-caption=\"\" data-medium-file=\"https:\/\/espiritodacomporta.com\/app\/uploads\/2022\/09\/image-asset-300x199.webp\" data-large-file=\"https:\/\/espiritodacomporta.com\/app\/uploads\/2022\/09\/image-asset-1024x681.webp\" \/>\n            <\/section>\n    <section class=\"homeblocks-content\">\n        <div class=\"homeblocks-content-inside\">\n            <p style=\"text-align: left;\">Die 61 Einheiten des Hotels bestehen aus Villen, Suiten und Zimmern. Das Dekor im luxuri\u00f6sen Strandh\u00fcttenstil greift portugiesische Klassiker (Keramik, Korbwaren \u2026) mit einem Hauch von Modernit\u00e4t auf. Zur Ausstattung geh\u00f6ren Klimaanlage, Balkon, Terrasse, TV, Kaffeemaschine, Zeitungen verf\u00fcgbar, WLAN, t\u00e4gliche Reinigung, Minibar und Wohnbereich. Die Villen mit privaten Pools eignen sich besonders f\u00fcr Familien. Sie profitieren von den Diensten eines Butlers.<\/p>\n<p style=\"text-align: left;\">*Hinweis: Die Bilder stammen direkt von der Website von Quinta da Comporta<\/p>\n\n\n            \n                    <\/div>\n    <\/section>\n<\/section>\n\n\n\n<h2 class=\"wp-block-heading has-text-align-left\" id=\"h-restaurants-amp-bars\"><strong>RESTAURANTS &amp; BARS<\/strong><\/h2>\n\n\n\n<p>Der Bar-Restaurant-Bereich bietet einen herrlichen Blick auf die Reisfelder von Comporta. In der K\u00fcche bereitet der Koch Jo\u00e3o Sousa leckere mediterrane und internationale Gerichte zu. Die verwendeten Produkte sind frisch, nat\u00fcrlich und regional. Ein Erlebnis, das Sie bei einem Strandausflug nicht verpassen sollten!<\/p>\n\n\n\n<h4 class=\"wp-block-heading\" id=\"h-die-cocktailbar\">Die Cocktailbar<\/h4>\n\n\n\n<p>Der Barkeeper bereitet frische Cocktails in den Farben der Reisfelder von Comporta zu. Die Zutaten werden t\u00e4glich in ihrem Bio-Garten geerntet. Die Bar des Hotels in Comporta verf\u00fcgt \u00fcber eine gro\u00dfe Au\u00dfenterrasse mit Blick auf die Natur. Ein perfekter Ort, um die Reisfelder von Comporta zu betrachten.<\/p>\n\n\n\n<h4 class=\"wp-block-heading\" id=\"h-das-spa-oryza\">Das Spa Oryza<\/h4>\n\n\n\n<p>Das Spa des Quinta da Comporta bietet therapeutische Rituale, Sch\u00f6nheitsateliers und Yogastunden. Sie k\u00f6nnen von einem herrlichen Innenbecken und einem Hammam profitieren.<\/p>\n\n\n\n<h4 class=\"wp-block-heading\" id=\"h-die-kleinen-extras\">Die kleinen Extras &#8230;<\/h4>\n\n\n\n<p>Dieses Hotel in Comporta verf\u00fcgt \u00fcber ein herrliches \u00dcberlaufbecken mit Blick auf die Reisfelder von Carvalhal, einen Coworking-Bereich und einen gem\u00fctlichen Kinoraum.<\/p>\n\n\n\n<figure class=\"wp-block-image size-large\"><img loading=\"lazy\" decoding=\"async\" width=\"1024\" height=\"682\" data-attachment-id=\"57146\" data-permalink=\"https:\/\/espiritodacomporta.com\/de\/hotels-in-comporta-portugal\/fd-quinta-da-comporta-26-2\/\" data-orig-file=\"https:\/\/espiritodacomporta.com\/app\/uploads\/2022\/09\/FD-QUINTA-DA-COMPORTA-26.webp\" data-orig-size=\"1280,852\" data-comments-opened=\"0\" data-image-meta=\"{&quot;aperture&quot;:&quot;0&quot;,&quot;credit&quot;:&quot;&quot;,&quot;camera&quot;:&quot;&quot;,&quot;caption&quot;:&quot;&quot;,&quot;created_timestamp&quot;:&quot;0&quot;,&quot;copyright&quot;:&quot;&quot;,&quot;focal_length&quot;:&quot;0&quot;,&quot;iso&quot;:&quot;0&quot;,&quot;shutter_speed&quot;:&quot;0&quot;,&quot;title&quot;:&quot;&quot;,&quot;orientation&quot;:&quot;0&quot;}\" data-image-title=\"QUINTA-DA-COMPORTA\" data-image-description=\"\" data-image-caption=\"\" data-medium-file=\"https:\/\/espiritodacomporta.com\/app\/uploads\/2022\/09\/FD-QUINTA-DA-COMPORTA-26-300x200.webp\" data-large-file=\"https:\/\/espiritodacomporta.com\/app\/uploads\/2022\/09\/FD-QUINTA-DA-COMPORTA-26-1024x682.webp\" src=\"https:\/\/espiritodacomporta.com\/app\/uploads\/2022\/09\/FD-QUINTA-DA-COMPORTA-26-1024x682.webp\" alt=\"QUINTA-DA-COMPORTA\" class=\"wp-image-57146\" srcset=\"https:\/\/espiritodacomporta.com\/app\/uploads\/2022\/09\/FD-QUINTA-DA-COMPORTA-26-1024x682.webp 1024w, https:\/\/espiritodacomporta.com\/app\/uploads\/2022\/09\/FD-QUINTA-DA-COMPORTA-26-300x200.webp 300w, https:\/\/espiritodacomporta.com\/app\/uploads\/2022\/09\/FD-QUINTA-DA-COMPORTA-26-768x511.webp 768w, https:\/\/espiritodacomporta.com\/app\/uploads\/2022\/09\/FD-QUINTA-DA-COMPORTA-26.webp 1280w\" sizes=\"auto, (max-width: 1024px) 100vw, 1024px\" \/><\/figure>\n\n\n\n<h4 class=\"wp-block-heading\" id=\"h-die-zusatzlichen-dienstleistungen-des-quinta-da-comporta\">Die zus\u00e4tzlichen Dienstleistungen des Quinta Da Comporta<\/h4>\n\n\n\n<p>Fr\u00fchst\u00fccksbuffet,<br>Au\u00dfen- und Innenbecken,<br>Portierdienst,<br>Parkpl\u00e4tze,<br>W\u00e4scheservice,<br>Shuttle zum Strand,<br>Hochzeitsplanung,<br>Rezeption und Zimmerservice sind 24 Stunden am Tag verf\u00fcgbar.<\/p>\n\n\n\n<h4 class=\"wp-block-heading\" id=\"h-der-portierdienst\">Der Portierdienst<\/h4>\n\n\n\n<p>Der Portierdienst im Quinta da Comporta bietet seinen G\u00e4sten die M\u00f6glichkeit, <a href=\"https:\/\/espiritodacomporta.com\/de\/comporta-activities\/\">Aktivit\u00e4ten<\/a> zu organisieren. So k\u00f6nnen Sie einen Meeresausflug zum Fischen oder Tauchen, einen Ausritt zu Pferd, einen Surfkurs oder eine Weinprobe genie\u00dfen.<\/p>\n\n\n\n<h4 class=\"wp-block-heading\" id=\"h-adresse\">Adresse<\/h4>\n\n\n\n<p>Rua de Alto de Pina 2 \u2013 7570-779 Carvalhal<br>+351 265 112 390 \/ reservations@quintadacomporta.com<br><a href=\"https:\/\/espiritodacomporta.com\/de\/hotel-quinta-da-comporta-wellness-boutique-resort-2\/\">Klicken Sie hier f\u00fcr weitere Informationen.<\/a><\/p>\n\n\n\n<h3 class=\"wp-block-heading has-text-align-center\" id=\"h-sublime-comporta\">Sublime Comporta<\/h3>\n\n\n\n<p class=\"has-text-align-center\">Das <a href=\"https:\/\/espiritodacomporta.com\/de\/sublime-comporta\/\">Sublime Comporta<\/a> ist zweifellos das ber\u00fchmteste Hotel in Comporta und liegt in Muda, inmitten eines 17 Hektar gro\u00dfen Pinienwaldes, zwischen Korkeichen und viel Gr\u00fcn. Privatsph\u00e4re ist garantiert. Dieses im Sand gelegene Hotel in Comporta wurde so konzipiert, dass es sich vollst\u00e4ndig in die umliegende Natur einf\u00fcgt. Mit der Erweiterung des Hotels wird es bald neue Entwicklungen geben. Es ist wirklich ein tolles Erlebnis f\u00fcr diejenigen, die ein Hotel mit Serviceleistungen f\u00fcr jeden Geschmack suchen.<\/p>\n\n\n<section class=\"homeblocks   \">\n    <section class=\"homeblocks-image \">\n                  <!-- <img decoding=\"async\" src=\"https:\/\/espiritodacomporta.com\/app\/uploads\/2022\/09\/Sublime-comporta.webp\" alt=\"Sublime-comporta\"> -->\n          <img decoding=\"async\" width=\"700\" height=\"306\" src=\"https:\/\/espiritodacomporta.com\/app\/uploads\/2022\/09\/Sublime-comporta.webp\" class=\"attachment-full size-full\" alt=\"Sublime-comporta\" loading=\"lazy\" srcset=\"https:\/\/espiritodacomporta.com\/app\/uploads\/2022\/09\/Sublime-comporta.webp 700w, https:\/\/espiritodacomporta.com\/app\/uploads\/2022\/09\/Sublime-comporta-300x131.webp 300w\" sizes=\"auto, (max-width: 700px) 100vw, 700px\" data-attachment-id=\"57156\" data-permalink=\"https:\/\/espiritodacomporta.com\/de\/hotels-in-comporta-portugal\/sublime-comporta-2-2\/\" data-orig-file=\"https:\/\/espiritodacomporta.com\/app\/uploads\/2022\/09\/Sublime-comporta.webp\" data-orig-size=\"700,306\" data-comments-opened=\"0\" data-image-meta=\"{&quot;aperture&quot;:&quot;0&quot;,&quot;credit&quot;:&quot;&quot;,&quot;camera&quot;:&quot;&quot;,&quot;caption&quot;:&quot;&quot;,&quot;created_timestamp&quot;:&quot;0&quot;,&quot;copyright&quot;:&quot;&quot;,&quot;focal_length&quot;:&quot;0&quot;,&quot;iso&quot;:&quot;0&quot;,&quot;shutter_speed&quot;:&quot;0&quot;,&quot;title&quot;:&quot;&quot;,&quot;orientation&quot;:&quot;0&quot;}\" data-image-title=\"Sublime-comporta\" data-image-description=\"\" data-image-caption=\"\" data-medium-file=\"https:\/\/espiritodacomporta.com\/app\/uploads\/2022\/09\/Sublime-comporta-300x131.webp\" data-large-file=\"https:\/\/espiritodacomporta.com\/app\/uploads\/2022\/09\/Sublime-comporta.webp\" \/>\n            <\/section>\n    <section class=\"homeblocks-content\">\n        <div class=\"homeblocks-content-inside\">\n            <p style=\"text-align: left;\">Die Zimmer und Villen sind \u00fcber die gesamte Gegend verteilt, umgeben von Schirmkiefern, Korkeichen und Wildblumen. Die Privatsph\u00e4re jedes Einzelnen bleibt somit gewahrt. Die Architektur der Geb\u00e4ude ist au\u00dfergew\u00f6hnlich schlicht, pr\u00e4zise und elegant. Die Dekoration ist ordentlich und die Atmosph\u00e4re ist entspannt und warm. Rohstoffe werden hervorgehoben, wie z. B. Zementb\u00f6den, reine Baumwolle in Betten, Leinen in Stoffen und Holz in M\u00f6beln. Auf den Terrassen der Zimmer k\u00f6nnen Sie den ganzen Tag die Sonne genie\u00dfen und die Kamine w\u00e4rmen die langen Winterabende.<\/p>\n\n\n            \n                    <\/div>\n    <\/section>\n<\/section>\n\n\n<section class=\"homeblocks   \">\n    <section class=\"homeblocks-image  homeblocks-right \">\n                  <!-- <img decoding=\"async\" src=\"https:\/\/espiritodacomporta.com\/app\/uploads\/2022\/06\/comporta-sublime-3.webp\" alt=\"comporta-sublime\"> -->\n          <img decoding=\"async\" width=\"1200\" height=\"800\" src=\"https:\/\/espiritodacomporta.com\/app\/uploads\/2022\/06\/comporta-sublime-3.webp\" class=\"attachment-full size-full\" alt=\"comporta-sublime\" loading=\"lazy\" srcset=\"https:\/\/espiritodacomporta.com\/app\/uploads\/2022\/06\/comporta-sublime-3.webp 1200w, https:\/\/espiritodacomporta.com\/app\/uploads\/2022\/06\/comporta-sublime-3-300x200.webp 300w, https:\/\/espiritodacomporta.com\/app\/uploads\/2022\/06\/comporta-sublime-3-1024x683.webp 1024w, https:\/\/espiritodacomporta.com\/app\/uploads\/2022\/06\/comporta-sublime-3-768x512.webp 768w\" sizes=\"auto, (max-width: 1200px) 100vw, 1200px\" data-attachment-id=\"29760\" data-permalink=\"https:\/\/espiritodacomporta.com\/de\/hotels-in-comporta-portugal\/comporta-sublime-3-2\/\" data-orig-file=\"https:\/\/espiritodacomporta.com\/app\/uploads\/2022\/06\/comporta-sublime-3.webp\" data-orig-size=\"1200,800\" data-comments-opened=\"0\" data-image-meta=\"{&quot;aperture&quot;:&quot;0&quot;,&quot;credit&quot;:&quot;&quot;,&quot;camera&quot;:&quot;&quot;,&quot;caption&quot;:&quot;&quot;,&quot;created_timestamp&quot;:&quot;0&quot;,&quot;copyright&quot;:&quot;&quot;,&quot;focal_length&quot;:&quot;0&quot;,&quot;iso&quot;:&quot;0&quot;,&quot;shutter_speed&quot;:&quot;0&quot;,&quot;title&quot;:&quot;&quot;,&quot;orientation&quot;:&quot;0&quot;}\" data-image-title=\"comporta-sublime\" data-image-description=\"\" data-image-caption=\"\" data-medium-file=\"https:\/\/espiritodacomporta.com\/app\/uploads\/2022\/06\/comporta-sublime-3-300x200.webp\" data-large-file=\"https:\/\/espiritodacomporta.com\/app\/uploads\/2022\/06\/comporta-sublime-3-1024x683.webp\" \/>\n            <\/section>\n    <section class=\"homeblocks-content\">\n        <div class=\"homeblocks-content-inside\">\n            <p style=\"text-align: left;\">Sublime Comporta verf\u00fcgt \u00fcber 23 Zimmer und Suiten sowie mehrere Villen mit 2, 3, 4 und 5 Schlafzimmern. Das Hotel hat neue \u201eBio-Pool-Suiten\u201c er\u00f6ffnet, die \u00fcber einem fantastischen Bio-Pool mit privaten, auf Stelzen errichteten Terrassen liegen. Das Schwimmen findet auf der Terrasse statt und das Wasser wird durch Wasserpflanzen auf nat\u00fcrliche Weise aufbereitet. Klimaanlage und Fu\u00dfbodenheizung, Balkon, Terrasse, TV, Kaffeemaschine, Zeitungen verf\u00fcgbar, WLAN, t\u00e4gliche Reinigung und Minibar geh\u00f6ren zu den Annehmlichkeiten des Hotels.<\/p>\n<p style=\"text-align: left;\">*Hinweise: Fotos direkt von der Sublime-Website aufgenommen<\/p>\n\n\n            \n                    <\/div>\n    <\/section>\n<\/section>\n\n\n\n<h2 class=\"wp-block-heading has-text-align-left\" id=\"h-restaurants-und-bars\">Restaurants und Bars<\/h2>\n\n\n\n<p>Das Sublime Comporta bietet verschiedene \u00d6rtlichkeiten, wo Sie etwas essen oder ein Glas trinken k\u00f6nnen.  <\/p>\n\n\n\n<h4 class=\"wp-block-heading\" id=\"h-sem-porta-bar-und-restaurant\">Sem Porta \u2013 Bar und Restaurant<\/h4>\n\n\n\n<p>Der Koch David Jo\u00e3o arbeitet im Sem Porta und bietet eine regionale K\u00fcche mit einem Hauch von Modernit\u00e4t. Die Kr\u00e4uter und das Gem\u00fcse stammen aus dem Bio-Garten des Hotels. Die Weine aus Alentejo auf der Speisekarte sind sorgf\u00e4ltig ausgew\u00e4hlt.<\/p>\n\n\n\n<h4 class=\"wp-block-heading\" id=\"h-tasca-da-comporta\">Tasca da Comporta<\/h4>\n\n\n\n<p>Die Tasca des ber\u00fchmtesten Hotels in Comporta \u00f6ffnet im Sommer im herrlichen Garten und bietet Tapas und Austern zu jeder Tageszeit an.  <\/p>\n\n\n\n<h4 class=\"wp-block-heading\" id=\"h-food-circle\">Food Circle<\/h4>\n\n\n\n<p>Der Food Circle ist ein kulinarisches Erlebnis, das Sie nicht verpassen sollten. Mitten im Bio-Garten bietet dieses kleine Freiluftrestaurant Gerichte, deren Zutaten alle aus den Gem\u00fcseg\u00e4rten des Sublime stammen. Der K\u00fcchenchef kocht vor seinen G\u00e4sten und teilt sein Wissen und K\u00f6nnen in entspannter Atmosph\u00e4re \u2013 f\u00fcr Gruppen von 6 bis 12 Personen.<\/p>\n\n\n\n<h4 class=\"wp-block-heading\" id=\"h-poolbar\">Poolbar<\/h4>\n\n\n\n<p>Die Poolbar ist im Sommer ge\u00f6ffnet und bietet leichte Kost und erfrischende Cocktails.  <\/p>\n\n\n\n<h4 class=\"wp-block-heading\" id=\"h-sublime-spa\">Sublime Spa<\/h4>\n\n\n\n<p>Wenn Sie diesen fabelhaften Ort nicht verlassen wollen, mangelt es vor Ort nicht an Aktivit\u00e4ten. Sie k\u00f6nnen sich f\u00fcr eine private Tennisstunde mitten im Pinienwald entscheiden. Die Kurse sind f\u00fcr Anf\u00e4nger und Fortgeschrittene gleicherma\u00dfen zug\u00e4nglich.  <\/p>\n\n\n\n<p>Sie k\u00f6nnen auch einen Moment der Entspannung und des Wohlbefindens im Schwimmbecken oder Spa des Hotels verbringen. Das Sublime Spa ist ein Hafen der Ruhe und der Ausgeglichenheit. Hier steht die Natur im Mittelpunkt dieses Wellnessbereichs. Die verwendeten Produkte stammen von der Marke Amala und sind zu 100 % \u00f6kologisch. Pflanzen aus Bio-G\u00e4rten, Reis und Meersalz sind die anderen Bestandteile auf der Behandlungskarte dieses entspannenden Spas.<\/p>\n\n\n\n<figure class=\"wp-block-image size-full\"><img loading=\"lazy\" decoding=\"async\" width=\"1024\" height=\"413\" data-attachment-id=\"57166\" data-permalink=\"https:\/\/espiritodacomporta.com\/de\/hotels-in-comporta-portugal\/sublime_spa-2\/\" data-orig-file=\"https:\/\/espiritodacomporta.com\/app\/uploads\/2022\/09\/sublime_spa.webp\" data-orig-size=\"1024,413\" data-comments-opened=\"0\" data-image-meta=\"{&quot;aperture&quot;:&quot;0&quot;,&quot;credit&quot;:&quot;&quot;,&quot;camera&quot;:&quot;&quot;,&quot;caption&quot;:&quot;&quot;,&quot;created_timestamp&quot;:&quot;0&quot;,&quot;copyright&quot;:&quot;&quot;,&quot;focal_length&quot;:&quot;0&quot;,&quot;iso&quot;:&quot;0&quot;,&quot;shutter_speed&quot;:&quot;0&quot;,&quot;title&quot;:&quot;&quot;,&quot;orientation&quot;:&quot;0&quot;}\" data-image-title=\"sublime_spa\" data-image-description=\"\" data-image-caption=\"\" data-medium-file=\"https:\/\/espiritodacomporta.com\/app\/uploads\/2022\/09\/sublime_spa-300x121.webp\" data-large-file=\"https:\/\/espiritodacomporta.com\/app\/uploads\/2022\/09\/sublime_spa.webp\" src=\"https:\/\/espiritodacomporta.com\/app\/uploads\/2022\/09\/sublime_spa.webp\" alt=\"sublime_spa\" class=\"wp-image-57166\" srcset=\"https:\/\/espiritodacomporta.com\/app\/uploads\/2022\/09\/sublime_spa.webp 1024w, https:\/\/espiritodacomporta.com\/app\/uploads\/2022\/09\/sublime_spa-300x121.webp 300w, https:\/\/espiritodacomporta.com\/app\/uploads\/2022\/09\/sublime_spa-768x310.webp 768w\" sizes=\"auto, (max-width: 1024px) 100vw, 1024px\" \/><\/figure>\n\n\n\n<h4 class=\"wp-block-heading\" id=\"h-aktivitaten\">Aktivit\u00e4ten<\/h4>\n\n\n\n<p>Das Sublime ist das einzige Hotel in Comporta, das mit Tennispl\u00e4tzen ausgestattet ist. Sie k\u00f6nnen sie f\u00fcr eine einzelne Tennisstunde mieten oder reservieren, unabh\u00e4ngig von Ihrem Niveau.  <\/p>\n\n\n\n<h4 class=\"wp-block-heading\" id=\"h-zusatzliche-dienstleistungen-des-hotels-in-comporta\">Zus\u00e4tzliche Dienstleistungen des Hotels in Comporta<\/h4>\n\n\n\n<p>\u2013 Fr\u00fchst\u00fccksbuffet<br>\u2013 Au\u00dfen- und Innenbecken<br>\u2013 Portierdienst<br>\u2013 Parkpl\u00e4tze<br>\u2013 W\u00e4scheservice<br>\u2013 Fahrr\u00e4der stehen zur Verf\u00fcgung<br>\u2013 Rezeption 24 Stunden am Tag ge\u00f6ffnet<\/p>\n\n\n\n<h4 class=\"wp-block-heading\" id=\"h-die-kleinen-extras-des-hotels-in-comporta\">Die kleinen Extras des Hotels in Comporta<\/h4>\n\n\n\n<p>Dieses Hotel in Comporta liegt im Herzen eines herrlichen Pinienwaldes, den Sie mit den an der Rezeption erh\u00e4ltlichen Fahrr\u00e4dern erkunden k\u00f6nnen. Ein gro\u00dfer Spielraum f\u00fcr Kinder und Jugendliche ist neben dem Restaurant Sem Porta zug\u00e4nglich, sodass die Eltern ihr Essen genie\u00dfen k\u00f6nnen.<\/p>\n\n\n\n<h4 class=\"wp-block-heading\" id=\"h-kontakt\">Kontakt<\/h4>\n\n\n\n<p>EN 261-1 \u2013 Muda  <br>+351 269 449 376 \/ reservations@sublimecomporta.pt<br><a rel=\"nofollow\" href=\"https:\/\/www.sublimecomporta.pt\/hotel-overview\">Klicken Sie hier f\u00fcr weitere Informationen.<\/a><\/p>\n\n\n\n<h3 class=\"wp-block-heading has-text-align-center\" id=\"h-espirito-lusa-hotel\">Espirito lusa Hotel<\/h3>\n\n\n\n<p class=\"has-text-align-center\">Das Ende 2022 er\u00f6ffnete Hotel verf\u00fcgt \u00fcber 53 Zimmer, davon 31 Suiten. \u00c4hnlich wie zahlreiche Hotels in der Gegend gestaltet, ist die Einbeziehung nat\u00fcrlicher Elemente wie Holzfassaden, Eukalyptuspalisaden und lokal inspirierter Kunstwerke in die Einrichtung ein bewusster Versuch, diesem Raum eine Identit\u00e4t zu verleihen, die eng mit der Region verkn\u00fcpft ist. Aufgrund seiner privilegierten Lage im Dorf Comporta verf\u00fcgt es \u00fcber einen Swimmingpool und andere Dienstleistungen, die Ihre Tage noch erf\u00fcllender machen.<\/p>\n\n\n<section class=\"homeblocks   \">\n    <section class=\"homeblocks-image \">\n                  <!-- <img decoding=\"async\" src=\"https:\/\/espiritodacomporta.com\/app\/uploads\/2022\/09\/almalusa-comporta-gallery2022-09-rooftop-45-2.webp\" alt=\"almalusa-comporta\"> -->\n          <img decoding=\"async\" width=\"1280\" height=\"720\" src=\"https:\/\/espiritodacomporta.com\/app\/uploads\/2022\/09\/almalusa-comporta-gallery2022-09-rooftop-45-2.webp\" class=\"attachment-full size-full\" alt=\"almalusa-comporta\" loading=\"lazy\" srcset=\"https:\/\/espiritodacomporta.com\/app\/uploads\/2022\/09\/almalusa-comporta-gallery2022-09-rooftop-45-2.webp 1280w, https:\/\/espiritodacomporta.com\/app\/uploads\/2022\/09\/almalusa-comporta-gallery2022-09-rooftop-45-2-300x169.webp 300w, https:\/\/espiritodacomporta.com\/app\/uploads\/2022\/09\/almalusa-comporta-gallery2022-09-rooftop-45-2-1024x576.webp 1024w, https:\/\/espiritodacomporta.com\/app\/uploads\/2022\/09\/almalusa-comporta-gallery2022-09-rooftop-45-2-768x432.webp 768w\" sizes=\"auto, (max-width: 1280px) 100vw, 1280px\" data-attachment-id=\"57269\" data-permalink=\"https:\/\/espiritodacomporta.com\/de\/hotels-in-comporta-portugal\/almalusa-comporta-gallery2022-09-rooftop-45-2-2\/\" data-orig-file=\"https:\/\/espiritodacomporta.com\/app\/uploads\/2022\/09\/almalusa-comporta-gallery2022-09-rooftop-45-2.webp\" data-orig-size=\"1280,720\" data-comments-opened=\"0\" data-image-meta=\"{&quot;aperture&quot;:&quot;0&quot;,&quot;credit&quot;:&quot;&quot;,&quot;camera&quot;:&quot;&quot;,&quot;caption&quot;:&quot;&quot;,&quot;created_timestamp&quot;:&quot;0&quot;,&quot;copyright&quot;:&quot;&quot;,&quot;focal_length&quot;:&quot;0&quot;,&quot;iso&quot;:&quot;0&quot;,&quot;shutter_speed&quot;:&quot;0&quot;,&quot;title&quot;:&quot;&quot;,&quot;orientation&quot;:&quot;0&quot;}\" data-image-title=\"almalusa-comporta\" data-image-description=\"\" data-image-caption=\"&lt;p&gt;Almalusa Comporta&lt;\/p&gt;\n\" data-medium-file=\"https:\/\/espiritodacomporta.com\/app\/uploads\/2022\/09\/almalusa-comporta-gallery2022-09-rooftop-45-2-300x169.webp\" data-large-file=\"https:\/\/espiritodacomporta.com\/app\/uploads\/2022\/09\/almalusa-comporta-gallery2022-09-rooftop-45-2-1024x576.webp\" \/>\n            <\/section>\n    <section class=\"homeblocks-content\">\n        <div class=\"homeblocks-content-inside\">\n            <p style=\"text-align: left;\">Es liegt im Dorf Comporta und nur 15 Gehminuten vom Strand von Comporta entfernt. Das Hotel verf\u00fcgt \u00fcber 53 Wohneinheiten, davon 31 Suiten. Das im opulenten Strandh\u00fcttenstil gestaltete Dekor stellt traditionelle portugiesische Elemente wie Keramik und Korbwaren mit einem modernen Touch neu dar. Klimaanlage, Balkon und Terrasse (einige Zimmer), Fernseher, K\u00fcche (einige Zimmer), Wohnzimmer (einige). Zimmer), WLAN, t\u00e4gliche Reinigung und Minibar geh\u00f6ren zu den Einrichtungen des Hotels.<\/p>\n<p style=\"text-align: left;\">*Obs \u2013 Bilder direkt von der Espiritolusa-Website aufgenommen<\/p>\n<p style=\"text-align: left;\"><strong>Kontakte<\/strong><\/p>\n<p style=\"text-align: left;\">Rua Pedro Nunes, Nr. 3 Comporta, Alentejo 7580-652 Portugal<\/p>\n<p style=\"text-align: left;\">+351265 098 600\/ info.cp@almalusahotels.com<\/p>\n<p style=\"text-align: left;\">F\u00fcr weitere Informationen <a href=\"https:\/\/www.almalusahotels.com\/comporta\/\">klicken Sie hier.<\/a><\/p>\n\n\n            \n                    <\/div>\n    <\/section>\n<\/section>\n\n\n\n<div class=\"wp-block-columns is-layout-flex wp-container-core-columns-is-layout-9d6595d7 wp-block-columns-is-layout-flex\">\n<div class=\"wp-block-column is-layout-flow wp-block-column-is-layout-flow\">\n<h2 class=\"wp-block-heading is-style-big-title\" id=\"h-weitere-hotels-in-der-nahe-von-comporta\">WEITERE HOTELS IN DER N\u00c4HE VON COMPORTA<\/h2>\n<\/div>\n<\/div>\n\n\n\n<p class=\"has-text-align-center is-style-default\">Jedes Jahr beginnt diese Region zu einem Trend zu werden und Vorteile in der Hotellerie zu bieten. Aus gro\u00dfen Nomen bauen sie immer mehr Touristenkomplexe, die die Aufmerksamkeit aller Touristen auf sich ziehen, nicht in Europa. Das neue Jahr 2023 ist die Er\u00f6ffnung des Christian Laboutin Hotels in Melides, einer kleinen Stadt in der N\u00e4he von Comporta. Ein weiterer gro\u00dfer Erfolg in Bezug auf die Nachfrage ist das Spatia Hotel, das Zimmer, H\u00fctten und kleine Villen mit 2 oder 3 Zimmern anbietet. Wenn Sie sich f\u00fcr den Schlaf entscheiden, ist eine Wahl auf jeden Fall sicher: Sie werden von der Qualit\u00e4t des Hotels und des Hauses verzaubert sein Sie werden den Charme der Region genie\u00dfen! Gute Reise!<\/p>\n","protected":false},"excerpt":{"rendered":"<p>Sind Sie auf der Suche nach einem Hotel in Comporta im sch\u00f6nen Portugal? Buchen Sie einige \u00dcbernachtungen in Comporta, einer Ecke des wilden Paradieses, das weniger als 90 Minuten von Lissabon entfernt liegt.Wenn Sie in der Hauptstadt sind, gilt es als einer der besten Orte in der N\u00e4he von Lissabon. F\u00fcr ein Wochenende oder mehr <\/p>\n<div class=\"goto\"><a href=\"https:\/\/espiritodacomporta.com\/de\/hotels-in-comporta-portugal\/\">Erfahren Sie mehr<\/a><\/div>\n","protected":false},"author":2,"featured_media":7081,"comment_status":"open","ping_status":"open","sticky":false,"template":"","format":"standard","meta":{"_acf_changed":false,"inline_featured_image":false,"footnotes":""},"categories":[2293],"tags":[],"class_list":["post-7316","post","type-post","status-publish","format-standard","has-post-thumbnail","hentry","category-auf-der-suche-nach-schoenheit"],"acf":[],"yoast_head":"<!-- This site is optimized with the Yoast SEO Premium plugin v27.2 (Yoast SEO v27.2) - https:\/\/yoast.com\/product\/yoast-seo-premium-wordpress\/ -->\n<title>Hotels in Comporta, Portugal: Unsere Auswahl der besten Hotels<\/title>\n<meta name=\"description\" content=\"Entdecken Sie alle Hotels in Comporta, Portugal: Lage, Atmosph\u00e4re, Dekoration, Komfort, Ausstattung und alle praktischen Informationen.\" \/>\n<meta name=\"robots\" content=\"index, follow, max-snippet:-1, max-image-preview:large, max-video-preview:-1\" \/>\n<link rel=\"canonical\" href=\"https:\/\/espiritodacomporta.com\/de\/hotels-in-comporta-portugal\/\" \/>\n<meta property=\"og:locale\" content=\"de_DE\" \/>\n<meta property=\"og:type\" content=\"article\" \/>\n<meta property=\"og:title\" content=\"Hotels in Comporta, Portugal\" \/>\n<meta property=\"og:description\" content=\"Entdecken Sie alle Hotels in Comporta, Portugal: Lage, Atmosph\u00e4re, Dekoration, Komfort, Ausstattung und alle praktischen Informationen.\" \/>\n<meta property=\"og:url\" content=\"https:\/\/espiritodacomporta.com\/de\/hotels-in-comporta-portugal\/\" \/>\n<meta property=\"og:site_name\" content=\"Live &amp; Feel Comporta Portugal\" \/>\n<meta property=\"article:published_time\" content=\"2024-01-04T08:25:00+00:00\" \/>\n<meta property=\"article:modified_time\" content=\"2024-02-12T15:58:01+00:00\" \/>\n<meta property=\"og:image\" content=\"https:\/\/espiritodacomporta.com\/app\/uploads\/2019\/07\/hotel3.jpg\" \/>\n\t<meta property=\"og:image:width\" content=\"2099\" \/>\n\t<meta property=\"og:image:height\" content=\"1400\" \/>\n\t<meta property=\"og:image:type\" content=\"image\/jpeg\" \/>\n<meta name=\"author\" content=\"Charline Noblet\" \/>\n<meta name=\"twitter:card\" content=\"summary_large_image\" \/>\n<meta name=\"twitter:label1\" content=\"Written by\" \/>\n\t<meta name=\"twitter:data1\" content=\"Charline Noblet\" \/>\n\t<meta name=\"twitter:label2\" content=\"Est. reading time\" \/>\n\t<meta name=\"twitter:data2\" content=\"6 minutes\" \/>\n<script type=\"application\/ld+json\" class=\"yoast-schema-graph\">{\"@context\":\"https:\/\/schema.org\",\"@graph\":[{\"@type\":\"Article\",\"@id\":\"https:\/\/espiritodacomporta.com\/de\/hotels-in-comporta-portugal\/#article\",\"isPartOf\":{\"@id\":\"https:\/\/espiritodacomporta.com\/de\/hotels-in-comporta-portugal\/\"},\"author\":{\"name\":\"Charline Noblet\",\"@id\":\"https:\/\/espiritodacomporta.com\/de\/#\/schema\/person\/6e1c66cf1c46ee5b2e07e9b72600eaee\"},\"headline\":\"Hotels in Comporta, Portugal\",\"datePublished\":\"2024-01-04T08:25:00+00:00\",\"dateModified\":\"2024-02-12T15:58:01+00:00\",\"mainEntityOfPage\":{\"@id\":\"https:\/\/espiritodacomporta.com\/de\/hotels-in-comporta-portugal\/\"},\"wordCount\":1321,\"commentCount\":0,\"publisher\":{\"@id\":\"https:\/\/espiritodacomporta.com\/de\/#organization\"},\"image\":{\"@id\":\"https:\/\/espiritodacomporta.com\/de\/hotels-in-comporta-portugal\/#primaryimage\"},\"thumbnailUrl\":\"https:\/\/espiritodacomporta.com\/app\/uploads\/2019\/07\/hotel3.jpg\",\"articleSection\":[\"Auf der Suche nach Sch\u00f6nheit\"],\"inLanguage\":\"de-DE\",\"potentialAction\":[{\"@type\":\"CommentAction\",\"name\":\"Comment\",\"target\":[\"https:\/\/espiritodacomporta.com\/de\/hotels-in-comporta-portugal\/#respond\"]}]},{\"@type\":\"WebPage\",\"@id\":\"https:\/\/espiritodacomporta.com\/de\/hotels-in-comporta-portugal\/\",\"url\":\"https:\/\/espiritodacomporta.com\/de\/hotels-in-comporta-portugal\/\",\"name\":\"Hotels in Comporta, Portugal: Unsere Auswahl der besten Hotels\",\"isPartOf\":{\"@id\":\"https:\/\/espiritodacomporta.com\/de\/#website\"},\"primaryImageOfPage\":{\"@id\":\"https:\/\/espiritodacomporta.com\/de\/hotels-in-comporta-portugal\/#primaryimage\"},\"image\":{\"@id\":\"https:\/\/espiritodacomporta.com\/de\/hotels-in-comporta-portugal\/#primaryimage\"},\"thumbnailUrl\":\"https:\/\/espiritodacomporta.com\/app\/uploads\/2019\/07\/hotel3.jpg\",\"datePublished\":\"2024-01-04T08:25:00+00:00\",\"dateModified\":\"2024-02-12T15:58:01+00:00\",\"description\":\"Entdecken Sie alle Hotels in Comporta, Portugal: Lage, Atmosph\u00e4re, Dekoration, Komfort, Ausstattung und alle praktischen Informationen.\",\"breadcrumb\":{\"@id\":\"https:\/\/espiritodacomporta.com\/de\/hotels-in-comporta-portugal\/#breadcrumb\"},\"inLanguage\":\"de-DE\",\"potentialAction\":[{\"@type\":\"ReadAction\",\"target\":[\"https:\/\/espiritodacomporta.com\/de\/hotels-in-comporta-portugal\/\"]}]},{\"@type\":\"ImageObject\",\"inLanguage\":\"de-DE\",\"@id\":\"https:\/\/espiritodacomporta.com\/de\/hotels-in-comporta-portugal\/#primaryimage\",\"url\":\"https:\/\/espiritodacomporta.com\/app\/uploads\/2019\/07\/hotel3.jpg\",\"contentUrl\":\"https:\/\/espiritodacomporta.com\/app\/uploads\/2019\/07\/hotel3.jpg\",\"width\":2099,\"height\":1400,\"caption\":\"Hotel Comporta\"},{\"@type\":\"BreadcrumbList\",\"@id\":\"https:\/\/espiritodacomporta.com\/de\/hotels-in-comporta-portugal\/#breadcrumb\",\"itemListElement\":[{\"@type\":\"ListItem\",\"position\":1,\"name\":\"Home\",\"item\":\"https:\/\/espiritodacomporta.com\/de\/\"},{\"@type\":\"ListItem\",\"position\":2,\"name\":\"Comporta entdecken\",\"item\":\"https:\/\/espiritodacomporta.com\/de\/category\/comporta-entdecken\/\"},{\"@type\":\"ListItem\",\"position\":3,\"name\":\"Auf der Suche nach Sch\u00f6nheit\",\"item\":\"https:\/\/espiritodacomporta.com\/de\/category\/comporta-entdecken\/auf-der-suche-nach-schoenheit\/\"},{\"@type\":\"ListItem\",\"position\":4,\"name\":\"Hotels in Comporta, Portugal\"}]},{\"@type\":\"WebSite\",\"@id\":\"https:\/\/espiritodacomporta.com\/de\/#website\",\"url\":\"https:\/\/espiritodacomporta.com\/de\/\",\"name\":\"Live & Feel Comporta Portugal\",\"description\":\"\",\"publisher\":{\"@id\":\"https:\/\/espiritodacomporta.com\/de\/#organization\"},\"potentialAction\":[{\"@type\":\"SearchAction\",\"target\":{\"@type\":\"EntryPoint\",\"urlTemplate\":\"https:\/\/espiritodacomporta.com\/de\/?s={search_term_string}\"},\"query-input\":{\"@type\":\"PropertyValueSpecification\",\"valueRequired\":true,\"valueName\":\"search_term_string\"}}],\"inLanguage\":\"de-DE\"},{\"@type\":\"Organization\",\"@id\":\"https:\/\/espiritodacomporta.com\/de\/#organization\",\"name\":\"Espirito da Comporta\",\"url\":\"https:\/\/espiritodacomporta.com\/de\/\",\"logo\":{\"@type\":\"ImageObject\",\"inLanguage\":\"de-DE\",\"@id\":\"https:\/\/espiritodacomporta.com\/de\/#\/schema\/logo\/image\/\",\"url\":\"https:\/\/espiritodacomporta.com\/app\/uploads\/2023\/09\/LOGO-SIGNATURE@4x.png\",\"contentUrl\":\"https:\/\/espiritodacomporta.com\/app\/uploads\/2023\/09\/LOGO-SIGNATURE@4x.png\",\"width\":321,\"height\":385,\"caption\":\"Espirito da Comporta\"},\"image\":{\"@id\":\"https:\/\/espiritodacomporta.com\/de\/#\/schema\/logo\/image\/\"},\"sameAs\":[\"https:\/\/www.instagram.com\/almadacomporta\/\"]},{\"@type\":\"Person\",\"@id\":\"https:\/\/espiritodacomporta.com\/de\/#\/schema\/person\/6e1c66cf1c46ee5b2e07e9b72600eaee\",\"name\":\"Charline Noblet\",\"image\":{\"@type\":\"ImageObject\",\"inLanguage\":\"de-DE\",\"@id\":\"https:\/\/secure.gravatar.com\/avatar\/1cb8650c0f3cd8a96e31ebc41d5472b4785cb7753c9d361dbcb6ffc123643350?s=96&d=mm&r=g\",\"url\":\"https:\/\/secure.gravatar.com\/avatar\/1cb8650c0f3cd8a96e31ebc41d5472b4785cb7753c9d361dbcb6ffc123643350?s=96&d=mm&r=g\",\"contentUrl\":\"https:\/\/secure.gravatar.com\/avatar\/1cb8650c0f3cd8a96e31ebc41d5472b4785cb7753c9d361dbcb6ffc123643350?s=96&d=mm&r=g\",\"caption\":\"Charline Noblet\"}}]}<\/script>\n<!-- \/ Yoast SEO Premium plugin. -->","yoast_head_json":{"title":"Hotels in Comporta, Portugal: Unsere Auswahl der besten Hotels","description":"Entdecken Sie alle Hotels in Comporta, Portugal: Lage, Atmosph\u00e4re, Dekoration, Komfort, Ausstattung und alle praktischen Informationen.","robots":{"index":"index","follow":"follow","max-snippet":"max-snippet:-1","max-image-preview":"max-image-preview:large","max-video-preview":"max-video-preview:-1"},"canonical":"https:\/\/espiritodacomporta.com\/de\/hotels-in-comporta-portugal\/","og_locale":"de_DE","og_type":"article","og_title":"Hotels in Comporta, Portugal","og_description":"Entdecken Sie alle Hotels in Comporta, Portugal: Lage, Atmosph\u00e4re, Dekoration, Komfort, Ausstattung und alle praktischen Informationen.","og_url":"https:\/\/espiritodacomporta.com\/de\/hotels-in-comporta-portugal\/","og_site_name":"Live &amp; Feel Comporta Portugal","article_published_time":"2024-01-04T08:25:00+00:00","article_modified_time":"2024-02-12T15:58:01+00:00","og_image":[{"width":2099,"height":1400,"url":"https:\/\/espiritodacomporta.com\/app\/uploads\/2019\/07\/hotel3.jpg","type":"image\/jpeg"}],"author":"Charline Noblet","twitter_card":"summary_large_image","twitter_misc":{"Written by":"Charline Noblet","Est. reading time":"6 minutes"},"schema":{"@context":"https:\/\/schema.org","@graph":[{"@type":"Article","@id":"https:\/\/espiritodacomporta.com\/de\/hotels-in-comporta-portugal\/#article","isPartOf":{"@id":"https:\/\/espiritodacomporta.com\/de\/hotels-in-comporta-portugal\/"},"author":{"name":"Charline Noblet","@id":"https:\/\/espiritodacomporta.com\/de\/#\/schema\/person\/6e1c66cf1c46ee5b2e07e9b72600eaee"},"headline":"Hotels in Comporta, Portugal","datePublished":"2024-01-04T08:25:00+00:00","dateModified":"2024-02-12T15:58:01+00:00","mainEntityOfPage":{"@id":"https:\/\/espiritodacomporta.com\/de\/hotels-in-comporta-portugal\/"},"wordCount":1321,"commentCount":0,"publisher":{"@id":"https:\/\/espiritodacomporta.com\/de\/#organization"},"image":{"@id":"https:\/\/espiritodacomporta.com\/de\/hotels-in-comporta-portugal\/#primaryimage"},"thumbnailUrl":"https:\/\/espiritodacomporta.com\/app\/uploads\/2019\/07\/hotel3.jpg","articleSection":["Auf der Suche nach Sch\u00f6nheit"],"inLanguage":"de-DE","potentialAction":[{"@type":"CommentAction","name":"Comment","target":["https:\/\/espiritodacomporta.com\/de\/hotels-in-comporta-portugal\/#respond"]}]},{"@type":"WebPage","@id":"https:\/\/espiritodacomporta.com\/de\/hotels-in-comporta-portugal\/","url":"https:\/\/espiritodacomporta.com\/de\/hotels-in-comporta-portugal\/","name":"Hotels in Comporta, Portugal: Unsere Auswahl der besten Hotels","isPartOf":{"@id":"https:\/\/espiritodacomporta.com\/de\/#website"},"primaryImageOfPage":{"@id":"https:\/\/espiritodacomporta.com\/de\/hotels-in-comporta-portugal\/#primaryimage"},"image":{"@id":"https:\/\/espiritodacomporta.com\/de\/hotels-in-comporta-portugal\/#primaryimage"},"thumbnailUrl":"https:\/\/espiritodacomporta.com\/app\/uploads\/2019\/07\/hotel3.jpg","datePublished":"2024-01-04T08:25:00+00:00","dateModified":"2024-02-12T15:58:01+00:00","description":"Entdecken Sie alle Hotels in Comporta, Portugal: Lage, Atmosph\u00e4re, Dekoration, Komfort, Ausstattung und alle praktischen Informationen.","breadcrumb":{"@id":"https:\/\/espiritodacomporta.com\/de\/hotels-in-comporta-portugal\/#breadcrumb"},"inLanguage":"de-DE","potentialAction":[{"@type":"ReadAction","target":["https:\/\/espiritodacomporta.com\/de\/hotels-in-comporta-portugal\/"]}]},{"@type":"ImageObject","inLanguage":"de-DE","@id":"https:\/\/espiritodacomporta.com\/de\/hotels-in-comporta-portugal\/#primaryimage","url":"https:\/\/espiritodacomporta.com\/app\/uploads\/2019\/07\/hotel3.jpg","contentUrl":"https:\/\/espiritodacomporta.com\/app\/uploads\/2019\/07\/hotel3.jpg","width":2099,"height":1400,"caption":"Hotel Comporta"},{"@type":"BreadcrumbList","@id":"https:\/\/espiritodacomporta.com\/de\/hotels-in-comporta-portugal\/#breadcrumb","itemListElement":[{"@type":"ListItem","position":1,"name":"Home","item":"https:\/\/espiritodacomporta.com\/de\/"},{"@type":"ListItem","position":2,"name":"Comporta entdecken","item":"https:\/\/espiritodacomporta.com\/de\/category\/comporta-entdecken\/"},{"@type":"ListItem","position":3,"name":"Auf der Suche nach Sch\u00f6nheit","item":"https:\/\/espiritodacomporta.com\/de\/category\/comporta-entdecken\/auf-der-suche-nach-schoenheit\/"},{"@type":"ListItem","position":4,"name":"Hotels in Comporta, Portugal"}]},{"@type":"WebSite","@id":"https:\/\/espiritodacomporta.com\/de\/#website","url":"https:\/\/espiritodacomporta.com\/de\/","name":"Live & Feel Comporta Portugal","description":"","publisher":{"@id":"https:\/\/espiritodacomporta.com\/de\/#organization"},"potentialAction":[{"@type":"SearchAction","target":{"@type":"EntryPoint","urlTemplate":"https:\/\/espiritodacomporta.com\/de\/?s={search_term_string}"},"query-input":{"@type":"PropertyValueSpecification","valueRequired":true,"valueName":"search_term_string"}}],"inLanguage":"de-DE"},{"@type":"Organization","@id":"https:\/\/espiritodacomporta.com\/de\/#organization","name":"Espirito da Comporta","url":"https:\/\/espiritodacomporta.com\/de\/","logo":{"@type":"ImageObject","inLanguage":"de-DE","@id":"https:\/\/espiritodacomporta.com\/de\/#\/schema\/logo\/image\/","url":"https:\/\/espiritodacomporta.com\/app\/uploads\/2023\/09\/LOGO-SIGNATURE@4x.png","contentUrl":"https:\/\/espiritodacomporta.com\/app\/uploads\/2023\/09\/LOGO-SIGNATURE@4x.png","width":321,"height":385,"caption":"Espirito da Comporta"},"image":{"@id":"https:\/\/espiritodacomporta.com\/de\/#\/schema\/logo\/image\/"},"sameAs":["https:\/\/www.instagram.com\/almadacomporta\/"]},{"@type":"Person","@id":"https:\/\/espiritodacomporta.com\/de\/#\/schema\/person\/6e1c66cf1c46ee5b2e07e9b72600eaee","name":"Charline Noblet","image":{"@type":"ImageObject","inLanguage":"de-DE","@id":"https:\/\/secure.gravatar.com\/avatar\/1cb8650c0f3cd8a96e31ebc41d5472b4785cb7753c9d361dbcb6ffc123643350?s=96&d=mm&r=g","url":"https:\/\/secure.gravatar.com\/avatar\/1cb8650c0f3cd8a96e31ebc41d5472b4785cb7753c9d361dbcb6ffc123643350?s=96&d=mm&r=g","contentUrl":"https:\/\/secure.gravatar.com\/avatar\/1cb8650c0f3cd8a96e31ebc41d5472b4785cb7753c9d361dbcb6ffc123643350?s=96&d=mm&r=g","caption":"Charline Noblet"}}]}},"jetpack_featured_media_url":"https:\/\/espiritodacomporta.com\/app\/uploads\/2019\/07\/hotel3.jpg","_links":{"self":[{"href":"https:\/\/espiritodacomporta.com\/de\/wp-json\/wp\/v2\/posts\/7316","targetHints":{"allow":["GET"]}}],"collection":[{"href":"https:\/\/espiritodacomporta.com\/de\/wp-json\/wp\/v2\/posts"}],"about":[{"href":"https:\/\/espiritodacomporta.com\/de\/wp-json\/wp\/v2\/types\/post"}],"author":[{"embeddable":true,"href":"https:\/\/espiritodacomporta.com\/de\/wp-json\/wp\/v2\/users\/2"}],"replies":[{"embeddable":true,"href":"https:\/\/espiritodacomporta.com\/de\/wp-json\/wp\/v2\/comments?post=7316"}],"version-history":[{"count":0,"href":"https:\/\/espiritodacomporta.com\/de\/wp-json\/wp\/v2\/posts\/7316\/revisions"}],"wp:featuredmedia":[{"embeddable":true,"href":"https:\/\/espiritodacomporta.com\/de\/wp-json\/wp\/v2\/media\/7081"}],"wp:attachment":[{"href":"https:\/\/espiritodacomporta.com\/de\/wp-json\/wp\/v2\/media?parent=7316"}],"wp:term":[{"taxonomy":"category","embeddable":true,"href":"https:\/\/espiritodacomporta.com\/de\/wp-json\/wp\/v2\/categories?post=7316"},{"taxonomy":"post_tag","embeddable":true,"href":"https:\/\/espiritodacomporta.com\/de\/wp-json\/wp\/v2\/tags?post=7316"}],"curies":[{"name":"wp","href":"https:\/\/api.w.org\/{rel}","templated":true}]}}