{"id":82241,"date":"2025-03-31T19:49:31","date_gmt":"2025-03-31T17:49:31","guid":{"rendered":"https:\/\/espiritodacomporta.com\/?p=82241"},"modified":"2025-09-17T13:33:40","modified_gmt":"2025-09-17T11:33:40","slug":"six-senses-luxushotel-comporta","status":"publish","type":"post","link":"https:\/\/espiritodacomporta.com\/de\/six-senses-luxushotel-comporta\/","title":{"rendered":"Six Senses k\u00fcndigt die Er\u00f6ffnung eines Luxushotels in Comporta an"},"content":{"rendered":"\n<p class=\"is-style-text-intro\"><a href=\"https:\/\/espiritodacomporta.com\/de\/\">Comporta <\/a>und Melides in Portugal haben sich zu beliebten Standorten f\u00fcr Luxusprojekte entwickelt und ziehen Investoren und Touristen an, die auf der Suche nach einem exklusiven Urlaubsort sind. Diese Region mit ihren goldenen Sandstr\u00e4nden, dem klaren Wasser und der nahezu unber\u00fchrten Natur hat sich einen rustikalen Charme bewahrt, der perfekt mit anspruchsvollen Architekturprojekten harmoniert. Die wachsende Nachfrage nach diesem paradiesischen Zufluchtsort ist nicht nur auf seine Ruhe und nat\u00fcrliche Sch\u00f6nheit zur\u00fcckzuf\u00fchren, sondern auch auf die Authentizit\u00e4t seiner Umgebung, die Raffinesse und Schlichtheit miteinander verbindet. Dieses Wachstum auf dem Immobilienmarkt hat Comporta und Melides zu einem der begehrtesten Ziele f\u00fcr Zweitwohnsitze und Luxusr\u00fcckzugsorte in Europa gemacht.<\/p>\n\n\n<section class=\"homeblocks   \">\n    <section class=\"homeblocks-image \">\n                  <!-- <img decoding=\"async\" src=\"https:\/\/espiritodacomporta.com\/app\/uploads\/2024\/11\/troia.webp\" alt=\"boat_trip\"> -->\n          <img decoding=\"async\" width=\"2504\" height=\"1378\" src=\"https:\/\/espiritodacomporta.com\/app\/uploads\/2024\/11\/troia.webp\" class=\"attachment-full size-full\" alt=\"boat_trip\" loading=\"lazy\" srcset=\"https:\/\/espiritodacomporta.com\/app\/uploads\/2024\/11\/troia.webp 2504w, https:\/\/espiritodacomporta.com\/app\/uploads\/2024\/11\/troia-300x165.webp 300w, https:\/\/espiritodacomporta.com\/app\/uploads\/2024\/11\/troia-1024x564.webp 1024w, https:\/\/espiritodacomporta.com\/app\/uploads\/2024\/11\/troia-768x423.webp 768w, https:\/\/espiritodacomporta.com\/app\/uploads\/2024\/11\/troia-1536x845.webp 1536w, https:\/\/espiritodacomporta.com\/app\/uploads\/2024\/11\/troia-2048x1127.webp 2048w\" sizes=\"auto, (max-width: 2504px) 100vw, 2504px\" data-attachment-id=\"76353\" data-permalink=\"https:\/\/espiritodacomporta.com\/de\/comporta-oder-algarve\/troia-3\/\" data-orig-file=\"https:\/\/espiritodacomporta.com\/app\/uploads\/2024\/11\/troia.webp\" data-orig-size=\"2504,1378\" data-comments-opened=\"0\" data-image-meta=\"{&quot;aperture&quot;:&quot;0&quot;,&quot;credit&quot;:&quot;&quot;,&quot;camera&quot;:&quot;&quot;,&quot;caption&quot;:&quot;&quot;,&quot;created_timestamp&quot;:&quot;0&quot;,&quot;copyright&quot;:&quot;&quot;,&quot;focal_length&quot;:&quot;0&quot;,&quot;iso&quot;:&quot;0&quot;,&quot;shutter_speed&quot;:&quot;0&quot;,&quot;title&quot;:&quot;&quot;,&quot;orientation&quot;:&quot;0&quot;}\" data-image-title=\"troia\" data-image-description=\"\" data-image-caption=\"\" data-medium-file=\"https:\/\/espiritodacomporta.com\/app\/uploads\/2024\/11\/troia-300x165.webp\" data-large-file=\"https:\/\/espiritodacomporta.com\/app\/uploads\/2024\/11\/troia-1024x564.webp\" \/>\n            <\/section>\n    <section class=\"homeblocks-content\">\n        <div class=\"homeblocks-content-inside\">\n            <h4>Six Senses Architektur<\/h4>\n<p style=\"text-align: left;\">Die j\u00fcngste Entwicklung ist Six Senses, die renommierte Hotelmarke im Portfolio von IHG Hotels &amp; Resorts, die die Er\u00f6ffnung einer neuen Anlage in Herdade do Pinheirinho f\u00fcr Mitte M\u00e4rz 2025 ank\u00fcndigte. Six Senses ist eine High-End-Hotelmarke, die weltweit f\u00fcr ihre Nachhaltigkeitsstrategie und ihre Betonung des G\u00e4stekomforts bekannt ist. Die Marke, die zum Portfolio von IHG Hotels &amp; Resorts geh\u00f6rt, zeichnet sich durch die harmonische Verbindung ihrer Resorts mit der umgebenden Landschaft aus und bietet so unvergleichliche Erlebnisse. Six Senses, das an exklusiven Standorten vertreten ist, legt Wert auf \u00f6kologische Architektur, biologische K\u00fcche und Spa- und Wellness-Programme, die ganzheitliche Therapien und Innovation miteinander verbinden. Jede Anlage wurde so konzipiert, dass sie ein elegantes Refugium bietet, in dem Luxus und Nachhaltigkeit in perfekter Harmonie koexistieren.<\/p>\n\n\n            \n                    <\/div>\n    <\/section>\n<\/section>\n\n\n<section class=\"homeblocks   \">\n    <section class=\"homeblocks-image  homeblocks-right \">\n                  <!-- <img decoding=\"async\" src=\"https:\/\/espiritodacomporta.com\/app\/uploads\/2025\/03\/Six-Senses-Comporta_Aerial.webp\" alt=\"Six Senses Comporta\"> -->\n          <img decoding=\"async\" width=\"1200\" height=\"676\" src=\"https:\/\/espiritodacomporta.com\/app\/uploads\/2025\/03\/Six-Senses-Comporta_Aerial.webp\" class=\"attachment-full size-full\" alt=\"Six Senses Comporta\" loading=\"lazy\" srcset=\"https:\/\/espiritodacomporta.com\/app\/uploads\/2025\/03\/Six-Senses-Comporta_Aerial.webp 1200w, https:\/\/espiritodacomporta.com\/app\/uploads\/2025\/03\/Six-Senses-Comporta_Aerial-300x169.webp 300w, https:\/\/espiritodacomporta.com\/app\/uploads\/2025\/03\/Six-Senses-Comporta_Aerial-1024x577.webp 1024w, https:\/\/espiritodacomporta.com\/app\/uploads\/2025\/03\/Six-Senses-Comporta_Aerial-768x433.webp 768w\" sizes=\"auto, (max-width: 1200px) 100vw, 1200px\" data-attachment-id=\"82222\" data-permalink=\"https:\/\/espiritodacomporta.com\/de\/six-senses-luxushotel-comporta\/six-senses-comporta_aerial-2\/\" data-orig-file=\"https:\/\/espiritodacomporta.com\/app\/uploads\/2025\/03\/Six-Senses-Comporta_Aerial.webp\" data-orig-size=\"1200,676\" data-comments-opened=\"0\" data-image-meta=\"{&quot;aperture&quot;:&quot;0&quot;,&quot;credit&quot;:&quot;&quot;,&quot;camera&quot;:&quot;&quot;,&quot;caption&quot;:&quot;&quot;,&quot;created_timestamp&quot;:&quot;0&quot;,&quot;copyright&quot;:&quot;&quot;,&quot;focal_length&quot;:&quot;0&quot;,&quot;iso&quot;:&quot;0&quot;,&quot;shutter_speed&quot;:&quot;0&quot;,&quot;title&quot;:&quot;&quot;,&quot;orientation&quot;:&quot;0&quot;}\" data-image-title=\"Six Senses Comporta_Aerial\" data-image-description=\"\" data-image-caption=\"\" data-medium-file=\"https:\/\/espiritodacomporta.com\/app\/uploads\/2025\/03\/Six-Senses-Comporta_Aerial-300x169.webp\" data-large-file=\"https:\/\/espiritodacomporta.com\/app\/uploads\/2025\/03\/Six-Senses-Comporta_Aerial-1024x577.webp\" \/>\n            <\/section>\n    <section class=\"homeblocks-content\">\n        <div class=\"homeblocks-content-inside\">\n            <h4>Six Senses Residents<\/h4>\n<p>Six Senses wird in der Herdade do Pinheirinho in Comporta errichtet und festigt die Region als erstklassiges Reiseziel, das die Ruhe der Alentejo-K\u00fcste mit hochwertigen Dienstleistungen verbindet. Das Six Senses Comporta, dessen Fertigstellung f\u00fcr das Jahr 2028 geplant ist, wird eine der Hauptattraktionen der 400 Hektar gro\u00dfen Herdade do Pinheirinho sein. Das High-End-Resort wird 66 Zimmer und Suiten sowie anspruchsvolle, unabh\u00e4ngige Villen umfassen, die an das Hauptgeb\u00e4ude angebaut sind, darunter drei Garden Villas und eine exklusive Presidential Villa. Das Projekt umfasst auch 58 Privatwohnungen, die von Apartments bis zu H\u00e4usern mit zwei bis f\u00fcnf Schlafzimmern reichen. Mit einem starken Fokus auf Wohlbefinden und Biophilie wurden diese Residenzen so entworfen, dass sie sich harmonisch in die Landschaft einf\u00fcgen und das nat\u00fcrliche Licht, die Umgebung und die nat\u00fcrlichen Texturen nutzen, so die Information des Bautr\u00e4gers. Den Eigent\u00fcmern stehen alle Annehmlichkeiten des Hotels zur Verf\u00fcgung, sowie eine private Lounge, die nur den Bewohnern vorbehalten ist.<\/p>\n<p>Obs: Bild von https:\/\/www.luxurytraveladvisor.com\/<\/p>\n\n\n            \n                    <\/div>\n    <\/section>\n<\/section>\n\n\n<section class=\"homeblocks   \">\n    <section class=\"homeblocks-image \">\n                  <!-- <img decoding=\"async\" src=\"https:\/\/espiritodacomporta.com\/app\/uploads\/2022\/12\/beach-comporta-scaled.webp\" alt=\"beach-comporta\"> -->\n          <img decoding=\"async\" width=\"2560\" height=\"1440\" src=\"https:\/\/espiritodacomporta.com\/app\/uploads\/2022\/12\/beach-comporta-scaled.webp\" class=\"attachment-full size-full\" alt=\"beach-comporta\" loading=\"lazy\" srcset=\"https:\/\/espiritodacomporta.com\/app\/uploads\/2022\/12\/beach-comporta-scaled.webp 2560w, https:\/\/espiritodacomporta.com\/app\/uploads\/2022\/12\/beach-comporta-300x169.webp 300w, https:\/\/espiritodacomporta.com\/app\/uploads\/2022\/12\/beach-comporta-1024x576.webp 1024w, https:\/\/espiritodacomporta.com\/app\/uploads\/2022\/12\/beach-comporta-768x432.webp 768w, https:\/\/espiritodacomporta.com\/app\/uploads\/2022\/12\/beach-comporta-1536x864.webp 1536w, https:\/\/espiritodacomporta.com\/app\/uploads\/2022\/12\/beach-comporta-2048x1152.webp 2048w\" sizes=\"auto, (max-width: 2560px) 100vw, 2560px\" data-attachment-id=\"47225\" data-permalink=\"https:\/\/espiritodacomporta.com\/de\/nebensaison-in-comporta\/beach-comporta-3\/\" data-orig-file=\"https:\/\/espiritodacomporta.com\/app\/uploads\/2022\/12\/beach-comporta-scaled.webp\" data-orig-size=\"2560,1440\" data-comments-opened=\"0\" data-image-meta=\"{&quot;aperture&quot;:&quot;0&quot;,&quot;credit&quot;:&quot;&quot;,&quot;camera&quot;:&quot;&quot;,&quot;caption&quot;:&quot;&quot;,&quot;created_timestamp&quot;:&quot;0&quot;,&quot;copyright&quot;:&quot;&quot;,&quot;focal_length&quot;:&quot;0&quot;,&quot;iso&quot;:&quot;0&quot;,&quot;shutter_speed&quot;:&quot;0&quot;,&quot;title&quot;:&quot;&quot;,&quot;orientation&quot;:&quot;0&quot;}\" data-image-title=\"beach-comporta\" data-image-description=\"\" data-image-caption=\"\" data-medium-file=\"https:\/\/espiritodacomporta.com\/app\/uploads\/2022\/12\/beach-comporta-300x169.webp\" data-large-file=\"https:\/\/espiritodacomporta.com\/app\/uploads\/2022\/12\/beach-comporta-1024x576.webp\" \/>\n            <\/section>\n    <section class=\"homeblocks-content\">\n        <div class=\"homeblocks-content-inside\">\n            <h4>Six Senses Philosophie<\/h4>\n<p>Das von majest\u00e4tischen Pinien umgebene Resort wird als wahrer \u201eHort der Gelassenheit\u201c beschrieben und bietet ein gastronomisches Erlebnis, bei dem saisonale und regionale Zutaten im Mittelpunkt stehen, ganz im Sinne der Philosophie \u201eEat with the Six Senses\u201c. Die Besucher werden eine Vielzahl von kulinarischen Optionen genie\u00dfen k\u00f6nnen, darunter eine Poolbar und ein Grill f\u00fcr leichtere Mahlzeiten, ein Weinkeller, ein Delikatessen-Caf\u00e9 sowie gastronomische Veranstaltungen und Kurse. Auch die F\u00f6rderung des Wohlbefindens steht im Vordergrund: Es gibt einen Fitnessraum, ein Yogastudio und Behandlungsr\u00e4ume, die der Entspannung und Harmonie dienen. F\u00fcr Sport- und Naturbegeisterte bietet das Resort einen 18-Loch-Golfplatz, Sport- und Freizeitanlagen im Freien, Reitm\u00f6glichkeiten, Naturlehrpfade und Bio-G\u00e4rten. Dar\u00fcber hinaus wird es Gesch\u00e4fte, spezielle Dienstleistungen und einen direkten Zugang zu einem der sch\u00f6nsten Str\u00e4nde der Region geben.<\/p>\n\n\n            \n                    <\/div>\n    <\/section>\n<\/section>\n\n\n<section class=\"homeblocks   \">\n    <section class=\"homeblocks-image  homeblocks-right \">\n                  <!-- <img decoding=\"async\" src=\"https:\/\/espiritodacomporta.com\/app\/uploads\/2022\/12\/beach-comporta-scaled.webp\" alt=\"beach-comporta\"> -->\n          <img decoding=\"async\" width=\"2560\" height=\"1440\" src=\"https:\/\/espiritodacomporta.com\/app\/uploads\/2022\/12\/beach-comporta-scaled.webp\" class=\"attachment-full size-full\" alt=\"beach-comporta\" loading=\"lazy\" srcset=\"https:\/\/espiritodacomporta.com\/app\/uploads\/2022\/12\/beach-comporta-scaled.webp 2560w, https:\/\/espiritodacomporta.com\/app\/uploads\/2022\/12\/beach-comporta-300x169.webp 300w, https:\/\/espiritodacomporta.com\/app\/uploads\/2022\/12\/beach-comporta-1024x576.webp 1024w, https:\/\/espiritodacomporta.com\/app\/uploads\/2022\/12\/beach-comporta-768x432.webp 768w, https:\/\/espiritodacomporta.com\/app\/uploads\/2022\/12\/beach-comporta-1536x864.webp 1536w, https:\/\/espiritodacomporta.com\/app\/uploads\/2022\/12\/beach-comporta-2048x1152.webp 2048w\" sizes=\"auto, (max-width: 2560px) 100vw, 2560px\" data-attachment-id=\"47225\" data-permalink=\"https:\/\/espiritodacomporta.com\/de\/nebensaison-in-comporta\/beach-comporta-3\/\" data-orig-file=\"https:\/\/espiritodacomporta.com\/app\/uploads\/2022\/12\/beach-comporta-scaled.webp\" data-orig-size=\"2560,1440\" data-comments-opened=\"0\" data-image-meta=\"{&quot;aperture&quot;:&quot;0&quot;,&quot;credit&quot;:&quot;&quot;,&quot;camera&quot;:&quot;&quot;,&quot;caption&quot;:&quot;&quot;,&quot;created_timestamp&quot;:&quot;0&quot;,&quot;copyright&quot;:&quot;&quot;,&quot;focal_length&quot;:&quot;0&quot;,&quot;iso&quot;:&quot;0&quot;,&quot;shutter_speed&quot;:&quot;0&quot;,&quot;title&quot;:&quot;&quot;,&quot;orientation&quot;:&quot;0&quot;}\" data-image-title=\"beach-comporta\" data-image-description=\"\" data-image-caption=\"\" data-medium-file=\"https:\/\/espiritodacomporta.com\/app\/uploads\/2022\/12\/beach-comporta-300x169.webp\" data-large-file=\"https:\/\/espiritodacomporta.com\/app\/uploads\/2022\/12\/beach-comporta-1024x576.webp\" \/>\n            <\/section>\n    <section class=\"homeblocks-content\">\n        <div class=\"homeblocks-content-inside\">\n            <h4>Six Senses Verm\u00e4chtnis<\/h4>\n<p>Dies wird das erste Six Senses-Projekt in Portugal sein, das Markenresidenzen umfasst und potenziellen Eigent\u00fcmern die M\u00f6glichkeit bietet, Villen oder Apartments zu erwerben, die den renommierten Standards der Marke in Bezug auf Design, Komfort und exzellenten Service entsprechen. Diese Residenzen gew\u00e4hrleisten nicht nur privilegierten Zugang zu den Annehmlichkeiten des Resorts, sondern spiegeln auch die unverwechselbare Philosophie der Nachhaltigkeit und des Wohlbefindens wider, die Six Senses weltweit auszeichnet. F\u00fcr den Bautr\u00e4ger VIC Properties ist dieses Projekt weit mehr als eine Investition in den High-End-Tourismus. Es symbolisiert ein langfristiges Engagement f\u00fcr die Region, das sich f\u00fcr den Umweltschutz, die Erhaltung des lokalen Kulturerbes und die F\u00f6rderung einer verantwortungsvollen Entwicklung einsetzt, von der sowohl die Gemeinschaft als auch zuk\u00fcnftige Generationen profitieren werden.<\/p>\n\n\n            \n                    <\/div>\n    <\/section>\n<\/section>\n\n\n<section class=\"homeblocks   section-beige  \">\n    <section class=\"homeblocks-image \">\n                  <!-- <img decoding=\"async\" src=\"https:\/\/espiritodacomporta.com\/app\/uploads\/2022\/09\/Casas_arroz-comporta.webp\" alt=\"Casas_arroz-comporta\"> -->\n          <img decoding=\"async\" width=\"2087\" height=\"1392\" src=\"https:\/\/espiritodacomporta.com\/app\/uploads\/2022\/09\/Casas_arroz-comporta.webp\" class=\"attachment-full size-full\" alt=\"Casas_arroz-comporta\" loading=\"lazy\" srcset=\"https:\/\/espiritodacomporta.com\/app\/uploads\/2022\/09\/Casas_arroz-comporta.webp 2087w, https:\/\/espiritodacomporta.com\/app\/uploads\/2022\/09\/Casas_arroz-comporta-300x200.webp 300w, https:\/\/espiritodacomporta.com\/app\/uploads\/2022\/09\/Casas_arroz-comporta-1024x683.webp 1024w, https:\/\/espiritodacomporta.com\/app\/uploads\/2022\/09\/Casas_arroz-comporta-768x512.webp 768w, https:\/\/espiritodacomporta.com\/app\/uploads\/2022\/09\/Casas_arroz-comporta-1536x1024.webp 1536w, https:\/\/espiritodacomporta.com\/app\/uploads\/2022\/09\/Casas_arroz-comporta-2048x1366.webp 2048w\" sizes=\"auto, (max-width: 2087px) 100vw, 2087px\" data-attachment-id=\"57136\" data-permalink=\"https:\/\/espiritodacomporta.com\/de\/hotels-in-comporta-portugal\/casas_arroz-comporta-2\/\" data-orig-file=\"https:\/\/espiritodacomporta.com\/app\/uploads\/2022\/09\/Casas_arroz-comporta.webp\" data-orig-size=\"2087,1392\" data-comments-opened=\"0\" data-image-meta=\"{&quot;aperture&quot;:&quot;0&quot;,&quot;credit&quot;:&quot;&quot;,&quot;camera&quot;:&quot;&quot;,&quot;caption&quot;:&quot;&quot;,&quot;created_timestamp&quot;:&quot;0&quot;,&quot;copyright&quot;:&quot;&quot;,&quot;focal_length&quot;:&quot;0&quot;,&quot;iso&quot;:&quot;0&quot;,&quot;shutter_speed&quot;:&quot;0&quot;,&quot;title&quot;:&quot;&quot;,&quot;orientation&quot;:&quot;0&quot;}\" data-image-title=\"Casas_arroz-comporta\" data-image-description=\"\" data-image-caption=\"\" data-medium-file=\"https:\/\/espiritodacomporta.com\/app\/uploads\/2022\/09\/Casas_arroz-comporta-300x200.webp\" data-large-file=\"https:\/\/espiritodacomporta.com\/app\/uploads\/2022\/09\/Casas_arroz-comporta-1024x683.webp\" \/>\n            <\/section>\n    <section class=\"homeblocks-content\">\n        <div class=\"homeblocks-content-inside\">\n            <h4>Luxuri\u00f6se Unterk\u00fcnfte<\/h4>\n<p>Sie m\u00fcssen nicht bis zum Jahr 2028 warten, um das Beste von Comporta zu erleben. Entdecken Sie schon jetzt den Komfort und die Exklusivit\u00e4t der <a href=\"https:\/\/espiritodacomporta.com\/de\/hauser\/\">Ferienh\u00e4user<\/a> von Esp\u00edrito da Comporta, wo anspruchsvolles Design mit unber\u00fchrter Natur verschmilzt. Stellen Sie sich vor, Sie wachen mit einer atemberaubenden Aussicht auf, umgeben von der Ruhe der Pinienw\u00e4lder und der Brise des Atlantiks. Diese H\u00e4user wurden so konzipiert, dass sie ein H\u00f6chstma\u00df an Komfort, Privatsph\u00e4re und Harmonie mit der Landschaft bieten und so ein wirklich einzigartiges Erlebnis in der Region garantieren.<\/p>\n\n\n            \n                    <\/div>\n    <\/section>\n<\/section>\n","protected":false},"excerpt":{"rendered":"<p>Comporta und Melides in Portugal haben sich zu beliebten Standorten f\u00fcr Luxusprojekte entwickelt und ziehen Investoren und Touristen an, die auf der Suche nach einem exklusiven Urlaubsort sind. Diese Region mit ihren goldenen Sandstr\u00e4nden, dem klaren Wasser und der nahezu unber\u00fchrten Natur hat sich einen rustikalen Charme bewahrt, der perfekt mit anspruchsvollen Architekturprojekten harmoniert. Die <\/p>\n<div class=\"goto\"><a href=\"https:\/\/espiritodacomporta.com\/de\/six-senses-luxushotel-comporta\/\">Erfahren Sie mehr<\/a><\/div>\n","protected":false},"author":7,"featured_media":82228,"comment_status":"open","ping_status":"open","sticky":false,"template":"","format":"standard","meta":{"_acf_changed":false,"inline_featured_image":false,"footnotes":""},"categories":[2339],"tags":[],"class_list":["post-82241","post","type-post","status-publish","format-standard","has-post-thumbnail","hentry","category-die-natur-spuren"],"acf":[],"yoast_head":"<!-- This site is optimized with the Yoast SEO Premium plugin v27.2 (Yoast SEO v27.2) - https:\/\/yoast.com\/product\/yoast-seo-premium-wordpress\/ -->\n<title>Six Senses wird ein Luxushotel in Comporta er\u00f6ffnen<\/title>\n<meta name=\"description\" content=\"Comporta und Melides in Portugal sind zu beliebten Standorten f\u00fcr Luxusprojekte geworden. Entdecken Sie das Projekt \u201eSix Senses\u201c.\" \/>\n<meta name=\"robots\" content=\"index, follow, max-snippet:-1, max-image-preview:large, max-video-preview:-1\" \/>\n<link rel=\"canonical\" href=\"https:\/\/espiritodacomporta.com\/de\/six-senses-luxushotel-comporta\/\" \/>\n<meta property=\"og:locale\" content=\"de_DE\" \/>\n<meta property=\"og:type\" content=\"article\" \/>\n<meta property=\"og:title\" content=\"Six Senses k\u00fcndigt die Er\u00f6ffnung eines Luxushotels in Comporta an\" \/>\n<meta property=\"og:description\" content=\"Comporta und Melides in Portugal sind zu beliebten Standorten f\u00fcr Luxusprojekte geworden. Entdecken Sie das Projekt \u201eSix Senses\u201c.\" \/>\n<meta property=\"og:url\" content=\"https:\/\/espiritodacomporta.com\/de\/six-senses-luxushotel-comporta\/\" \/>\n<meta property=\"og:site_name\" content=\"Live &amp; Feel Comporta Portugal\" \/>\n<meta property=\"article:published_time\" content=\"2025-03-31T17:49:31+00:00\" \/>\n<meta property=\"article:modified_time\" content=\"2025-09-17T11:33:40+00:00\" \/>\n<meta property=\"og:image\" content=\"https:\/\/espiritodacomporta.com\/app\/uploads\/2025\/03\/Screenshot-2025-03-31-at-15.30.21.webp\" \/>\n\t<meta property=\"og:image:width\" content=\"2006\" \/>\n\t<meta property=\"og:image:height\" content=\"1298\" \/>\n\t<meta property=\"og:image:type\" content=\"image\/webp\" \/>\n<meta name=\"author\" content=\"Info\" \/>\n<meta name=\"twitter:card\" content=\"summary_large_image\" \/>\n<meta name=\"twitter:label1\" content=\"Written by\" \/>\n\t<meta name=\"twitter:data1\" content=\"Info\" \/>\n\t<meta name=\"twitter:label2\" content=\"Est. reading time\" \/>\n\t<meta name=\"twitter:data2\" content=\"1 minute\" \/>\n<script type=\"application\/ld+json\" class=\"yoast-schema-graph\">{\"@context\":\"https:\/\/schema.org\",\"@graph\":[{\"@type\":\"Article\",\"@id\":\"https:\/\/espiritodacomporta.com\/de\/six-senses-luxushotel-comporta\/#article\",\"isPartOf\":{\"@id\":\"https:\/\/espiritodacomporta.com\/de\/six-senses-luxushotel-comporta\/\"},\"author\":{\"name\":\"Info\",\"@id\":\"https:\/\/espiritodacomporta.com\/de\/#\/schema\/person\/c76d29ce59d104bde14812d3465de878\"},\"headline\":\"Six Senses k\u00fcndigt die Er\u00f6ffnung eines Luxushotels in Comporta an\",\"datePublished\":\"2025-03-31T17:49:31+00:00\",\"dateModified\":\"2025-09-17T11:33:40+00:00\",\"mainEntityOfPage\":{\"@id\":\"https:\/\/espiritodacomporta.com\/de\/six-senses-luxushotel-comporta\/\"},\"wordCount\":127,\"commentCount\":0,\"publisher\":{\"@id\":\"https:\/\/espiritodacomporta.com\/de\/#organization\"},\"image\":{\"@id\":\"https:\/\/espiritodacomporta.com\/de\/six-senses-luxushotel-comporta\/#primaryimage\"},\"thumbnailUrl\":\"https:\/\/espiritodacomporta.com\/app\/uploads\/2025\/03\/Screenshot-2025-03-31-at-15.30.21.webp\",\"articleSection\":[\"Die Natur sp\u00fcren\"],\"inLanguage\":\"de-DE\",\"potentialAction\":[{\"@type\":\"CommentAction\",\"name\":\"Comment\",\"target\":[\"https:\/\/espiritodacomporta.com\/de\/six-senses-luxushotel-comporta\/#respond\"]}]},{\"@type\":\"WebPage\",\"@id\":\"https:\/\/espiritodacomporta.com\/de\/six-senses-luxushotel-comporta\/\",\"url\":\"https:\/\/espiritodacomporta.com\/de\/six-senses-luxushotel-comporta\/\",\"name\":\"Six Senses wird ein Luxushotel in Comporta er\u00f6ffnen\",\"isPartOf\":{\"@id\":\"https:\/\/espiritodacomporta.com\/de\/#website\"},\"primaryImageOfPage\":{\"@id\":\"https:\/\/espiritodacomporta.com\/de\/six-senses-luxushotel-comporta\/#primaryimage\"},\"image\":{\"@id\":\"https:\/\/espiritodacomporta.com\/de\/six-senses-luxushotel-comporta\/#primaryimage\"},\"thumbnailUrl\":\"https:\/\/espiritodacomporta.com\/app\/uploads\/2025\/03\/Screenshot-2025-03-31-at-15.30.21.webp\",\"datePublished\":\"2025-03-31T17:49:31+00:00\",\"dateModified\":\"2025-09-17T11:33:40+00:00\",\"description\":\"Comporta und Melides in Portugal sind zu beliebten Standorten f\u00fcr Luxusprojekte geworden. Entdecken Sie das Projekt \u201eSix Senses\u201c.\",\"breadcrumb\":{\"@id\":\"https:\/\/espiritodacomporta.com\/de\/six-senses-luxushotel-comporta\/#breadcrumb\"},\"inLanguage\":\"de-DE\",\"potentialAction\":[{\"@type\":\"ReadAction\",\"target\":[\"https:\/\/espiritodacomporta.com\/de\/six-senses-luxushotel-comporta\/\"]}]},{\"@type\":\"ImageObject\",\"inLanguage\":\"de-DE\",\"@id\":\"https:\/\/espiritodacomporta.com\/de\/six-senses-luxushotel-comporta\/#primaryimage\",\"url\":\"https:\/\/espiritodacomporta.com\/app\/uploads\/2025\/03\/Screenshot-2025-03-31-at-15.30.21.webp\",\"contentUrl\":\"https:\/\/espiritodacomporta.com\/app\/uploads\/2025\/03\/Screenshot-2025-03-31-at-15.30.21.webp\",\"width\":2006,\"height\":1298,\"caption\":\"rice_fields_comporta\"},{\"@type\":\"BreadcrumbList\",\"@id\":\"https:\/\/espiritodacomporta.com\/de\/six-senses-luxushotel-comporta\/#breadcrumb\",\"itemListElement\":[{\"@type\":\"ListItem\",\"position\":1,\"name\":\"Home\",\"item\":\"https:\/\/espiritodacomporta.com\/de\/\"},{\"@type\":\"ListItem\",\"position\":2,\"name\":\"Comporta entdecken\",\"item\":\"https:\/\/espiritodacomporta.com\/de\/category\/comporta-entdecken\/\"},{\"@type\":\"ListItem\",\"position\":3,\"name\":\"Die Natur sp\u00fcren\",\"item\":\"https:\/\/espiritodacomporta.com\/de\/category\/comporta-entdecken\/die-natur-spuren\/\"},{\"@type\":\"ListItem\",\"position\":4,\"name\":\"Six Senses k\u00fcndigt die Er\u00f6ffnung eines Luxushotels in Comporta an\"}]},{\"@type\":\"WebSite\",\"@id\":\"https:\/\/espiritodacomporta.com\/de\/#website\",\"url\":\"https:\/\/espiritodacomporta.com\/de\/\",\"name\":\"Live & Feel Comporta Portugal\",\"description\":\"\",\"publisher\":{\"@id\":\"https:\/\/espiritodacomporta.com\/de\/#organization\"},\"potentialAction\":[{\"@type\":\"SearchAction\",\"target\":{\"@type\":\"EntryPoint\",\"urlTemplate\":\"https:\/\/espiritodacomporta.com\/de\/?s={search_term_string}\"},\"query-input\":{\"@type\":\"PropertyValueSpecification\",\"valueRequired\":true,\"valueName\":\"search_term_string\"}}],\"inLanguage\":\"de-DE\"},{\"@type\":\"Organization\",\"@id\":\"https:\/\/espiritodacomporta.com\/de\/#organization\",\"name\":\"Espirito da Comporta\",\"url\":\"https:\/\/espiritodacomporta.com\/de\/\",\"logo\":{\"@type\":\"ImageObject\",\"inLanguage\":\"de-DE\",\"@id\":\"https:\/\/espiritodacomporta.com\/de\/#\/schema\/logo\/image\/\",\"url\":\"https:\/\/espiritodacomporta.com\/app\/uploads\/2023\/09\/LOGO-SIGNATURE@4x.png\",\"contentUrl\":\"https:\/\/espiritodacomporta.com\/app\/uploads\/2023\/09\/LOGO-SIGNATURE@4x.png\",\"width\":321,\"height\":385,\"caption\":\"Espirito da Comporta\"},\"image\":{\"@id\":\"https:\/\/espiritodacomporta.com\/de\/#\/schema\/logo\/image\/\"},\"sameAs\":[\"https:\/\/www.instagram.com\/almadacomporta\/\"]},{\"@type\":\"Person\",\"@id\":\"https:\/\/espiritodacomporta.com\/de\/#\/schema\/person\/c76d29ce59d104bde14812d3465de878\",\"name\":\"Info\",\"image\":{\"@type\":\"ImageObject\",\"inLanguage\":\"de-DE\",\"@id\":\"https:\/\/secure.gravatar.com\/avatar\/dee735d7b19944762d18cdf00966586c0ffcea9da4d03f8be9d25dcff9972207?s=96&d=mm&r=g\",\"url\":\"https:\/\/secure.gravatar.com\/avatar\/dee735d7b19944762d18cdf00966586c0ffcea9da4d03f8be9d25dcff9972207?s=96&d=mm&r=g\",\"contentUrl\":\"https:\/\/secure.gravatar.com\/avatar\/dee735d7b19944762d18cdf00966586c0ffcea9da4d03f8be9d25dcff9972207?s=96&d=mm&r=g\",\"caption\":\"Info\"}}]}<\/script>\n<!-- \/ Yoast SEO Premium plugin. -->","yoast_head_json":{"title":"Six Senses wird ein Luxushotel in Comporta er\u00f6ffnen","description":"Comporta und Melides in Portugal sind zu beliebten Standorten f\u00fcr Luxusprojekte geworden. Entdecken Sie das Projekt \u201eSix Senses\u201c.","robots":{"index":"index","follow":"follow","max-snippet":"max-snippet:-1","max-image-preview":"max-image-preview:large","max-video-preview":"max-video-preview:-1"},"canonical":"https:\/\/espiritodacomporta.com\/de\/six-senses-luxushotel-comporta\/","og_locale":"de_DE","og_type":"article","og_title":"Six Senses k\u00fcndigt die Er\u00f6ffnung eines Luxushotels in Comporta an","og_description":"Comporta und Melides in Portugal sind zu beliebten Standorten f\u00fcr Luxusprojekte geworden. Entdecken Sie das Projekt \u201eSix Senses\u201c.","og_url":"https:\/\/espiritodacomporta.com\/de\/six-senses-luxushotel-comporta\/","og_site_name":"Live &amp; Feel Comporta Portugal","article_published_time":"2025-03-31T17:49:31+00:00","article_modified_time":"2025-09-17T11:33:40+00:00","og_image":[{"width":2006,"height":1298,"url":"https:\/\/espiritodacomporta.com\/app\/uploads\/2025\/03\/Screenshot-2025-03-31-at-15.30.21.webp","type":"image\/webp"}],"author":"Info","twitter_card":"summary_large_image","twitter_misc":{"Written by":"Info","Est. reading time":"1 minute"},"schema":{"@context":"https:\/\/schema.org","@graph":[{"@type":"Article","@id":"https:\/\/espiritodacomporta.com\/de\/six-senses-luxushotel-comporta\/#article","isPartOf":{"@id":"https:\/\/espiritodacomporta.com\/de\/six-senses-luxushotel-comporta\/"},"author":{"name":"Info","@id":"https:\/\/espiritodacomporta.com\/de\/#\/schema\/person\/c76d29ce59d104bde14812d3465de878"},"headline":"Six Senses k\u00fcndigt die Er\u00f6ffnung eines Luxushotels in Comporta an","datePublished":"2025-03-31T17:49:31+00:00","dateModified":"2025-09-17T11:33:40+00:00","mainEntityOfPage":{"@id":"https:\/\/espiritodacomporta.com\/de\/six-senses-luxushotel-comporta\/"},"wordCount":127,"commentCount":0,"publisher":{"@id":"https:\/\/espiritodacomporta.com\/de\/#organization"},"image":{"@id":"https:\/\/espiritodacomporta.com\/de\/six-senses-luxushotel-comporta\/#primaryimage"},"thumbnailUrl":"https:\/\/espiritodacomporta.com\/app\/uploads\/2025\/03\/Screenshot-2025-03-31-at-15.30.21.webp","articleSection":["Die Natur sp\u00fcren"],"inLanguage":"de-DE","potentialAction":[{"@type":"CommentAction","name":"Comment","target":["https:\/\/espiritodacomporta.com\/de\/six-senses-luxushotel-comporta\/#respond"]}]},{"@type":"WebPage","@id":"https:\/\/espiritodacomporta.com\/de\/six-senses-luxushotel-comporta\/","url":"https:\/\/espiritodacomporta.com\/de\/six-senses-luxushotel-comporta\/","name":"Six Senses wird ein Luxushotel in Comporta er\u00f6ffnen","isPartOf":{"@id":"https:\/\/espiritodacomporta.com\/de\/#website"},"primaryImageOfPage":{"@id":"https:\/\/espiritodacomporta.com\/de\/six-senses-luxushotel-comporta\/#primaryimage"},"image":{"@id":"https:\/\/espiritodacomporta.com\/de\/six-senses-luxushotel-comporta\/#primaryimage"},"thumbnailUrl":"https:\/\/espiritodacomporta.com\/app\/uploads\/2025\/03\/Screenshot-2025-03-31-at-15.30.21.webp","datePublished":"2025-03-31T17:49:31+00:00","dateModified":"2025-09-17T11:33:40+00:00","description":"Comporta und Melides in Portugal sind zu beliebten Standorten f\u00fcr Luxusprojekte geworden. Entdecken Sie das Projekt \u201eSix Senses\u201c.","breadcrumb":{"@id":"https:\/\/espiritodacomporta.com\/de\/six-senses-luxushotel-comporta\/#breadcrumb"},"inLanguage":"de-DE","potentialAction":[{"@type":"ReadAction","target":["https:\/\/espiritodacomporta.com\/de\/six-senses-luxushotel-comporta\/"]}]},{"@type":"ImageObject","inLanguage":"de-DE","@id":"https:\/\/espiritodacomporta.com\/de\/six-senses-luxushotel-comporta\/#primaryimage","url":"https:\/\/espiritodacomporta.com\/app\/uploads\/2025\/03\/Screenshot-2025-03-31-at-15.30.21.webp","contentUrl":"https:\/\/espiritodacomporta.com\/app\/uploads\/2025\/03\/Screenshot-2025-03-31-at-15.30.21.webp","width":2006,"height":1298,"caption":"rice_fields_comporta"},{"@type":"BreadcrumbList","@id":"https:\/\/espiritodacomporta.com\/de\/six-senses-luxushotel-comporta\/#breadcrumb","itemListElement":[{"@type":"ListItem","position":1,"name":"Home","item":"https:\/\/espiritodacomporta.com\/de\/"},{"@type":"ListItem","position":2,"name":"Comporta entdecken","item":"https:\/\/espiritodacomporta.com\/de\/category\/comporta-entdecken\/"},{"@type":"ListItem","position":3,"name":"Die Natur sp\u00fcren","item":"https:\/\/espiritodacomporta.com\/de\/category\/comporta-entdecken\/die-natur-spuren\/"},{"@type":"ListItem","position":4,"name":"Six Senses k\u00fcndigt die Er\u00f6ffnung eines Luxushotels in Comporta an"}]},{"@type":"WebSite","@id":"https:\/\/espiritodacomporta.com\/de\/#website","url":"https:\/\/espiritodacomporta.com\/de\/","name":"Live & Feel Comporta Portugal","description":"","publisher":{"@id":"https:\/\/espiritodacomporta.com\/de\/#organization"},"potentialAction":[{"@type":"SearchAction","target":{"@type":"EntryPoint","urlTemplate":"https:\/\/espiritodacomporta.com\/de\/?s={search_term_string}"},"query-input":{"@type":"PropertyValueSpecification","valueRequired":true,"valueName":"search_term_string"}}],"inLanguage":"de-DE"},{"@type":"Organization","@id":"https:\/\/espiritodacomporta.com\/de\/#organization","name":"Espirito da Comporta","url":"https:\/\/espiritodacomporta.com\/de\/","logo":{"@type":"ImageObject","inLanguage":"de-DE","@id":"https:\/\/espiritodacomporta.com\/de\/#\/schema\/logo\/image\/","url":"https:\/\/espiritodacomporta.com\/app\/uploads\/2023\/09\/LOGO-SIGNATURE@4x.png","contentUrl":"https:\/\/espiritodacomporta.com\/app\/uploads\/2023\/09\/LOGO-SIGNATURE@4x.png","width":321,"height":385,"caption":"Espirito da Comporta"},"image":{"@id":"https:\/\/espiritodacomporta.com\/de\/#\/schema\/logo\/image\/"},"sameAs":["https:\/\/www.instagram.com\/almadacomporta\/"]},{"@type":"Person","@id":"https:\/\/espiritodacomporta.com\/de\/#\/schema\/person\/c76d29ce59d104bde14812d3465de878","name":"Info","image":{"@type":"ImageObject","inLanguage":"de-DE","@id":"https:\/\/secure.gravatar.com\/avatar\/dee735d7b19944762d18cdf00966586c0ffcea9da4d03f8be9d25dcff9972207?s=96&d=mm&r=g","url":"https:\/\/secure.gravatar.com\/avatar\/dee735d7b19944762d18cdf00966586c0ffcea9da4d03f8be9d25dcff9972207?s=96&d=mm&r=g","contentUrl":"https:\/\/secure.gravatar.com\/avatar\/dee735d7b19944762d18cdf00966586c0ffcea9da4d03f8be9d25dcff9972207?s=96&d=mm&r=g","caption":"Info"}}]}},"jetpack_featured_media_url":"https:\/\/espiritodacomporta.com\/app\/uploads\/2025\/03\/Screenshot-2025-03-31-at-15.30.21.webp","_links":{"self":[{"href":"https:\/\/espiritodacomporta.com\/de\/wp-json\/wp\/v2\/posts\/82241","targetHints":{"allow":["GET"]}}],"collection":[{"href":"https:\/\/espiritodacomporta.com\/de\/wp-json\/wp\/v2\/posts"}],"about":[{"href":"https:\/\/espiritodacomporta.com\/de\/wp-json\/wp\/v2\/types\/post"}],"author":[{"embeddable":true,"href":"https:\/\/espiritodacomporta.com\/de\/wp-json\/wp\/v2\/users\/7"}],"replies":[{"embeddable":true,"href":"https:\/\/espiritodacomporta.com\/de\/wp-json\/wp\/v2\/comments?post=82241"}],"version-history":[{"count":0,"href":"https:\/\/espiritodacomporta.com\/de\/wp-json\/wp\/v2\/posts\/82241\/revisions"}],"wp:featuredmedia":[{"embeddable":true,"href":"https:\/\/espiritodacomporta.com\/de\/wp-json\/wp\/v2\/media\/82228"}],"wp:attachment":[{"href":"https:\/\/espiritodacomporta.com\/de\/wp-json\/wp\/v2\/media?parent=82241"}],"wp:term":[{"taxonomy":"category","embeddable":true,"href":"https:\/\/espiritodacomporta.com\/de\/wp-json\/wp\/v2\/categories?post=82241"},{"taxonomy":"post_tag","embeddable":true,"href":"https:\/\/espiritodacomporta.com\/de\/wp-json\/wp\/v2\/tags?post=82241"}],"curies":[{"name":"wp","href":"https:\/\/api.w.org\/{rel}","templated":true}]}}