{"id":8880,"date":"2019-11-19T23:03:52","date_gmt":"2019-11-19T21:03:52","guid":{"rendered":"https:\/\/espiritodacomporta.com\/die-villen-von-comporta-portugal-geschichte-und-stil\/"},"modified":"2026-02-06T12:36:56","modified_gmt":"2026-02-06T10:36:56","slug":"die-villen-von-comporta-portugal-geschichte-und-stil","status":"publish","type":"post","link":"https:\/\/espiritodacomporta.com\/de\/die-villen-von-comporta-portugal-geschichte-und-stil\/","title":{"rendered":"Die Villen von Comporta, Portugal. Geschichte und Stil"},"content":{"rendered":"\n<h2 class=\"wp-block-heading\"><strong>Comporta, ein Paradies au\u00dferhalb der Zeit, urspr\u00fcnglich und unverdorben<\/strong><\/h2>\n\n<p>Mit seinem Flickenteppich aus Reisfeldern, langen unber\u00fchrten Sandstr\u00e4nden, rustikalen H\u00fctten und H\u00e4usern mit Strohd\u00e4chern ist <a href=\"https:\/\/espiritodacomporta.com\/de\/\">Comporta in Portugal<\/a> das ideale Ziel f\u00fcr alle, die Ruhe und Natur suchen.  <\/p>\n\n<p>Viele Jahre lang geh\u00f6rte der gr\u00f6\u00dfte Teil des Gebiets der Familie Espirito Santo, einer der \u00e4ltesten und wichtigsten Bankiersfamilien Portugals. Nur wenige H\u00e4user, die nach strengen Designstandards gebaut wurden, existierten in diesem wilden Gebiet. <\/p>\n\n<p>Als die Familie 2014 zahlungsunf\u00e4hig wurde, ging der Besitz von Comporta gr\u00f6\u00dftenteils in die H\u00e4nde anderer Bankiers \u00fcber, die das Gebiet zum ersten Mal erschlossen. Seitdem besteht das Hauptziel von Herdade da Comporta darin, ein hochwertiges Touristenziel zu entwickeln und ein Modell f\u00fcr nachhaltige Entwicklung in Europa zu werden. Es ist von gr\u00f6\u00dfter Bedeutung, dass Comporta ein landwirtschaftlich gepr\u00e4gtes Gebiet bleibt, das sein einzigartiges kulturelles und \u00f6kologisches Erbe bewahrt.  <\/p>\n\n<h2 class=\"wp-block-heading\"><strong>Der Stil von Comporta<\/strong><\/h2>\n\n<p>Comporta ist eine Gegend, die immer mehr von sich reden macht, denn ihre seltene nat\u00fcrliche Umgebung, der Stil ihrer urspr\u00fcnglichen Cabanas und die starke Vorliebe f\u00fcr ein &#8220;langsames Leben&#8221; haben zahlreiche Architekten und Dekorateure inspiriert. Christian Louboutin, Jacques Grange und Philippe Starck geh\u00f6ren zum Beispiel zu den gl\u00fccklichen Menschen, die sich in dieser begehrten Gegend niederlassen konnten. <\/p>\n\n<p>Der &#8220;Comporta-Stil&#8221; steht f\u00fcr Einfachheit und raue Sch\u00f6nheit und ist in Mode- und Einrichtungsmagazinen sehr angesagt. Die Cabanas und Villen von Comporta werden regelm\u00e4\u00dfig wegen ihrer einzigartigen Architektur und Offenheit zur Natur vorgestellt. <\/p>\n\n<h3 class=\"wp-block-heading\">Am Anfang&#8230;<\/h3>\n\n<p>Damals dehnte die Familie Espirito Santo die landwirtschaftliche Produktion auf das gesamte 125 km2 gro\u00dfe Gebiet aus und baute eine Infrastruktur f\u00fcr die Gemeinde. Im Gegenzug erhielt die Familie einen weiten Streifen unber\u00fchrter Landschaft und den dazugeh\u00f6rigen langen, wei\u00dfen Strand praktisch f\u00fcr den Eigengebrauch. Dank des Quasi-Monopols der Familie und der strengen Planungsvorschriften in der Gegend wurden nur sehr wenige Geb\u00e4ude errichtet und es gab nur wenig Tourismus. In den 90er Jahren errichtete Vera, ein Mitglied dieser ber\u00fchmten Familie, auf ihrem Grundst\u00fcck mehrere neue Cabanas, die von der lokalen Architektur inspiriert waren: kleine, unabh\u00e4ngige Geb\u00e4ude mit Fassaden aus geflochtenem Schilf und Kalk und spitzen, mit Palmbl\u00e4ttern gedeckten D\u00e4chern. Sie war die Pionierin des &#8220;Comporta-Stils&#8221;, der heute so beliebt ist und der die Inspiration f\u00fcr alle neuen Villen in Comporta ist.    <\/p>\n\n<p>Auch die Innenr\u00e4ume hatten ihren eigenen Stil, der von der Umgebung und den lokalen Br\u00e4uchen beeinflusst war. Wie die Innenr\u00e4ume der Cabanas der Fischer von Comporta hat auch Vera ihre Innenr\u00e4ume minimalistisch, ja geradezu kahl gehalten. Sie dekorierte mit marokkanischen Teppichen, Holzm\u00f6beln aus Bali und bedruckten Textilien aus Peru. Diese exzentrische Mischung aus nat\u00fcrlichen Rohstoffen und kosmopolitischen, aber l\u00e4ndlichen Artefakten schuf den &#8220;Comporta-Stil&#8221;.     <\/p>\n\n<p>Vor 30 Jahren lud Vera ihren Freund, den Architekten Jacques Grange, nach Comporta ein. Er verliebte sich sofort in den Ort mit seinen Schirmkiefern und den kilometerlangen, einsamen Str\u00e4nden. Also kaufte er ein Haus mitten im Nirgendwo von der Familie Espirito Santo. Mitten in den D\u00fcnen, in den ersten Jahren ohne flie\u00dfendes Wasser und Strom, lebte der Architekt ein Robinson Crusoe-Dasein, das er als Luxus empfand.   <\/p>\n\n<p>Die unber\u00fchrte Sch\u00f6nheit von Comporta wurde zu Beginn der 2000er Jahre immer bekannter. Internationale Designer und die portugiesische High-Society interessierten sich f\u00fcr die Region, angezogen von der &#8220;tranquilidade&#8221;. Sie brachten frischen Wind und neue Begehrlichkeiten mit, so dass neue Orte er\u00f6ffnet wurden. Das Museu do Arroz, das erste zeitgen\u00f6ssische Restaurant in der Gegend, wurde er\u00f6ffnet. Die ber\u00fchmten h\u00f6lzernen Strandrestaurants, die typisch f\u00fcr Comporta sind, wie das Comporta Caf\u00e9 und Le Sal, er\u00f6ffneten am Rande der Str\u00e4nde. Noch heute sind sie die einzigen Bauten, die an der K\u00fcste erlaubt sind.     <\/p>\n\n<h3 class=\"wp-block-heading\">Ein Wind der Ver\u00e4nderung<\/h3>\n\n<p>Diese Entwicklung f\u00f6rderte auch den Bau neuer Villen durch ber\u00fchmte Architekten, wie Philippe Starck, Vincent van Duysen und Manuel Aires Mateus. Sie schufen au\u00dfergew\u00f6hnliche R\u00e4ume f\u00fcr anspruchsvolle Kunden oder f\u00fcr sich selbst. Die neuen Geb\u00e4ude respektierten das architektonische Erbe der Region, gaben dem Stil von Comporta jedoch einen modernen Anstrich.  <\/p>\n\n<p>Das erste und bekannteste Beispiel ist das Sublime Comporta Hotel, das von den portugiesischen Architekten Miguel C\u00e2ncio Martins und Jos\u00e9 Alberto Charrua entworfen wurde. Die spektakul\u00e4ren, zeitgen\u00f6ssischen Geb\u00e4ude aus Holz und Gussbeton liegen verstreut in einem herrlichen Pinienwald und f\u00fcgen sich perfekt in die nat\u00fcrliche Umgebung ein.   <\/p>\n\n<p>Das Potenzial f\u00fcr den gehobenen Tourismus in der Region f\u00fchrte zur Entstehung neuer Projekte. Im Jahr 2008 beauftragte Gon\u00e7alo Pessoa den Architekten Manuel Aires Mateus mit dem Entwurf und Bau seiner inzwischen ber\u00fchmten Comporta-Villen namens Casas Na Areia (&#8220;H\u00e4user im Sand&#8221;). Die Haupt-Cabana enth\u00e4lt das Wohnzimmer und die K\u00fcche und hat einen Boden aus wei\u00dfem Sand. Auf diese Weise gehen Sie tats\u00e4chlich auf dem Sand, der Sie umgibt, und sp\u00fcren so eine echte Verbindung zur Natur. Die Idee ist, Sie zu ermutigen, langsamer zu werden und das Beste aus dem gegenw\u00e4rtigen Moment zu machen.      <\/p>\n\n<p>Manuel Aires Mateus hat auch an mehreren anderen Villen in Comporta gearbeitet, darunter Cabanas no Rio. Diese beiden kleinen, bis auf das Wesentliche entkernten Fischerh\u00fctten liegen direkt am Fluss Sado, im Naturschutzgebiet.   <\/p>\n\n<p>Die H\u00e4user, Cabanas und Villen von Comporta sind so konzipiert, dass sie eine einzigartige Erfahrung bieten, eine andere Art zu leben und Ihre Umgebung zu verstehen.  <br\/>Das ist die Perspektive, aus der heraus unsere Comporta Cabanas und Villen entstanden sind. Unser Projekt Espirito da Comporta bietet einzigartige R\u00e4ume, in denen die Natur im Mittelpunkt unserer Geb\u00e4ude steht. Hier werden die Menschen ermutigt, zu entschleunigen und sich mit der einzigartigen Umgebung, die Comporta bietet, zu verbinden. <\/p>\n\n<h2 class=\"wp-block-heading\"><strong>Espirito da Comporta, Villen zu vermieten in Comporta, Portugal<\/strong><\/h2>\n\n<p>Unsere Villen wurden von dem portugiesischen Architekten Luis Pereira Miguel (PM-ARQ) entworfen, der unsere Liebe zu Comporta und seiner lokalen Architektur teilt: lichtdurchflutet, eingebettet in die umgebende Natur und unter Ber\u00fccksichtigung der lokalen Tradition und der nat\u00fcrlichen Materialien.<br\/>Unsere Villen in Comporta sind den lokalen Fischerh\u00fctten nachempfunden: aus Holz, mit Strohd\u00e4chern und Stelzen, aber mit modernem Komfort.<br\/>Authentizit\u00e4t und Einfachheit sind die Schl\u00fcsselw\u00f6rter, die Comporta und auch unsere Geb\u00e4ude beschreiben. Die Inneneinrichtung ist zur\u00fcckhaltend, aber einladend. Die Idee ist, dass sich jeder dort wie zu Hause f\u00fchlen soll.    <\/p>\n\n<p>Unsere Cabanas sind auf Sandd\u00fcnen gebaut und offen f\u00fcr die Natur, die sie umgibt. Sie sind so angelegt, dass Sie von jedem Zimmer aus einen endlosen Blick auf die Reisfelder haben.<br\/>Die G\u00e4rten wachsen auf nat\u00fcrliche Weise aus der Landschaft, die sie umgibt. Die Pflanzen und Blumen wurden sorgf\u00e4ltig ausgew\u00e4hlt, um in der Region heimisch zu sein.  <\/p>\n\n<p>Espirito da Comporta soll ein Ort sein, der zur friedlichen Kontemplation anregt, ein Ort, an dem Sie sich Zeit nehmen und Ruhe finden k\u00f6nnen. Espirito da Comporta besteht aus drei verschiedenen Erlebnissen: Campo de Arroz und Flor de Arroz, mit Blick auf die Reisfelder von Carvalhal, und Cases de Arroz, in der N\u00e4he des Dorfes Comporta. <\/p>\n\n<h3 class=\"wp-block-heading\"><a href=\"https:\/\/espiritodacomporta.com\/de\/hauser\/campo-de-arroz\/\">Campo de Arroz<\/a> &#8211; eine typische Strandvilla in Comporta<\/h3>\n\n<p>Mit 4 Schlafzimmern und 3 B\u00e4dern bietet diese Villa in Comporta Platz f\u00fcr bis zu 10 Personen, Erwachsene und Kinder. Der gro\u00dfe Wohnbereich ist vollst\u00e4ndig zur Terrasse hin offen und bietet einen Blick auf die Reisfelder, die sich bis zum Horizont erstrecken.   <\/p>\n\n<p>Es gibt eine voll ausgestattete K\u00fcche und mit Leinen bezogene Sofas im Wohnbereich sowie einen Kamin, vor dem Sie sich an Winterabenden einkuscheln k\u00f6nnen. Campo de Arroz ist die perfekte Villa f\u00fcr einen Urlaub in Comporta im Sommer oder im Winter, als Familie oder mit Freunden.<br\/>Die Terrasse ist ein idealer Ort, um zu essen, zu lesen oder einfach nur zu entspannen, nachdem Sie den Tag am nahe gelegenen Strand verbracht haben. Daneben liegt der Swimmingpool mit Blick auf die umliegende Natur. Sonnenliegen und Sessel laden dazu ein, sich zu entspannen und tags\u00fcber das sch\u00f6ne Wetter zu genie\u00dfen oder nachts die Sterne zu bewundern, w\u00e4hrend Sie an einem Glas des besten Weins der Region nippen.   <\/p>\n\n<h3 class=\"wp-block-heading\"><a href=\"https:\/\/espiritodacomporta.com\/de\/hauser\/flor-de-arroz\/\">Flor de Arroz<\/a> &#8211; Cabanas im Herzen der Reisfelder von Comporta<\/h3>\n\n<p>Zwei Cabanas, direkt am Rande der Reisfelder. Leben Sie wie Robinson Crusoe im Herzen der Natur und bewundern Sie den spektakul\u00e4ren Wechsel der Farben im Laufe des Tages. Genie\u00dfen Sie den ganzen Tag lang die Sonne, im Swimmingpool oder auf den Terrassen.    <br\/>Einzigartig gestaltet, um Natur und zeitgen\u00f6ssische Architektur nahtlos zu vereinen, im Stil der Fischerh\u00fctten der Region. Der Swimmingpool scheint aus den Reisfeldern zu flie\u00dfen. Flor de Arroz liegt nur wenige Minuten vom Strand und dem Dorf Carvalhal in Comporta entfernt. Die beiden Cabanas k\u00f6nnen bis zu 8 Personen beherbergen.   <\/p>\n\n<h3 class=\"wp-block-heading\"><a href=\"https:\/\/espiritodacomporta.com\/de\/hauser\/casas-de-arroz\/\">Casas de Arroz<\/a> &#8211; Ein originelles und friedliches Refugium in Comporta<\/h3>\n\n<p>Casas de Arroz ist eine Gruppe von vier Cabanas in Comporta, die zusammen ein zeitloses und friedliches Refugium bilden. Diese minimalistischen, aber komfortablen Villen liegen nur wenige Minuten vom Strand und dem Dorf Comporta entfernt. Die strohgedeckten D\u00e4cher, das Holz und die Sandb\u00f6den spiegeln die traditionellen H\u00e4user und Hotels der Gegend wider. Der Infinity-Pool am Ende des Gartens bietet einen Blick auf die Reisfelder und Felder von Comporta.     <\/p>\n","protected":false},"excerpt":{"rendered":"<p>Comporta, ein Paradies au\u00dferhalb der Zeit, urspr\u00fcnglich und unverdorben Mit seinem Flickenteppich aus Reisfeldern, langen unber\u00fchrten Sandstr\u00e4nden, rustikalen H\u00fctten und H\u00e4usern mit Strohd\u00e4chern ist Comporta in Portugal das ideale Ziel f\u00fcr alle, die Ruhe und Natur suchen. Viele Jahre lang geh\u00f6rte der gr\u00f6\u00dfte Teil des Gebiets der Familie Espirito Santo, einer der \u00e4ltesten und wichtigsten <\/p>\n<div class=\"goto\"><a href=\"https:\/\/espiritodacomporta.com\/de\/die-villen-von-comporta-portugal-geschichte-und-stil\/\">Erfahren Sie mehr<\/a><\/div>\n","protected":false},"author":2,"featured_media":7110,"comment_status":"open","ping_status":"open","sticky":false,"template":"","format":"standard","meta":{"_acf_changed":false,"inline_featured_image":false,"footnotes":""},"categories":[2293],"tags":[],"class_list":["post-8880","post","type-post","status-publish","format-standard","has-post-thumbnail","hentry","category-auf-der-suche-nach-schoenheit"],"acf":[],"yoast_head":"<!-- This site is optimized with the Yoast SEO Premium plugin v27.2 (Yoast SEO v27.2) - https:\/\/yoast.com\/product\/yoast-seo-premium-wordpress\/ -->\n<title>Villen in Comporta, Portugal - Geschichte, Stil und Dekoration<\/title>\n<meta name=\"description\" content=\"Entdecken Sie die Geheimnisse der Villen von Comporta, die regelm\u00e4\u00dfig f\u00fcr ihre einzigartige Architektur und ihre Offenheit zur Natur hervorgehoben werden.\" \/>\n<meta name=\"robots\" content=\"index, follow, max-snippet:-1, max-image-preview:large, max-video-preview:-1\" \/>\n<link rel=\"canonical\" href=\"https:\/\/espiritodacomporta.com\/de\/die-villen-von-comporta-portugal-geschichte-und-stil\/\" \/>\n<meta property=\"og:locale\" content=\"de_DE\" \/>\n<meta property=\"og:type\" content=\"article\" \/>\n<meta property=\"og:title\" content=\"Die Villen von Comporta, Portugal. Geschichte und Stil\" \/>\n<meta property=\"og:description\" content=\"Entdecken Sie die Geheimnisse der Villen von Comporta, die regelm\u00e4\u00dfig f\u00fcr ihre einzigartige Architektur und ihre Offenheit zur Natur hervorgehoben werden.\" \/>\n<meta property=\"og:url\" content=\"https:\/\/espiritodacomporta.com\/de\/die-villen-von-comporta-portugal-geschichte-und-stil\/\" \/>\n<meta property=\"og:site_name\" content=\"Live &amp; Feel Comporta Portugal\" \/>\n<meta property=\"article:published_time\" content=\"2019-11-19T21:03:52+00:00\" \/>\n<meta property=\"article:modified_time\" content=\"2026-02-06T10:36:56+00:00\" \/>\n<meta property=\"og:image\" content=\"https:\/\/espiritodacomporta.com\/app\/uploads\/2019\/07\/campo-maison-horiz-15-1-e1565599237234.jpg\" \/>\n\t<meta property=\"og:image:width\" content=\"1280\" \/>\n\t<meta property=\"og:image:height\" content=\"667\" \/>\n\t<meta property=\"og:image:type\" content=\"image\/jpeg\" \/>\n<meta name=\"author\" content=\"Charline Noblet\" \/>\n<meta name=\"twitter:card\" content=\"summary_large_image\" \/>\n<meta name=\"twitter:label1\" content=\"Written by\" \/>\n\t<meta name=\"twitter:data1\" content=\"Charline Noblet\" \/>\n\t<meta name=\"twitter:label2\" content=\"Est. reading time\" \/>\n\t<meta name=\"twitter:data2\" content=\"8 minutes\" \/>\n<script type=\"application\/ld+json\" class=\"yoast-schema-graph\">{\"@context\":\"https:\/\/schema.org\",\"@graph\":[{\"@type\":\"Article\",\"@id\":\"https:\/\/espiritodacomporta.com\/de\/die-villen-von-comporta-portugal-geschichte-und-stil\/#article\",\"isPartOf\":{\"@id\":\"https:\/\/espiritodacomporta.com\/de\/die-villen-von-comporta-portugal-geschichte-und-stil\/\"},\"author\":{\"name\":\"Charline Noblet\",\"@id\":\"https:\/\/espiritodacomporta.com\/de\/#\/schema\/person\/6e1c66cf1c46ee5b2e07e9b72600eaee\"},\"headline\":\"Die Villen von Comporta, Portugal. Geschichte und Stil\",\"datePublished\":\"2019-11-19T21:03:52+00:00\",\"dateModified\":\"2026-02-06T10:36:56+00:00\",\"mainEntityOfPage\":{\"@id\":\"https:\/\/espiritodacomporta.com\/de\/die-villen-von-comporta-portugal-geschichte-und-stil\/\"},\"wordCount\":1572,\"commentCount\":0,\"publisher\":{\"@id\":\"https:\/\/espiritodacomporta.com\/de\/#organization\"},\"image\":{\"@id\":\"https:\/\/espiritodacomporta.com\/de\/die-villen-von-comporta-portugal-geschichte-und-stil\/#primaryimage\"},\"thumbnailUrl\":\"https:\/\/espiritodacomporta.com\/app\/uploads\/2019\/07\/campo-maison-horiz-15-1-e1565599237234.jpg\",\"articleSection\":[\"Auf der Suche nach Sch\u00f6nheit\"],\"inLanguage\":\"de-DE\",\"potentialAction\":[{\"@type\":\"CommentAction\",\"name\":\"Comment\",\"target\":[\"https:\/\/espiritodacomporta.com\/de\/die-villen-von-comporta-portugal-geschichte-und-stil\/#respond\"]}]},{\"@type\":\"WebPage\",\"@id\":\"https:\/\/espiritodacomporta.com\/de\/die-villen-von-comporta-portugal-geschichte-und-stil\/\",\"url\":\"https:\/\/espiritodacomporta.com\/de\/die-villen-von-comporta-portugal-geschichte-und-stil\/\",\"name\":\"Villen in Comporta, Portugal - Geschichte, Stil und Dekoration\",\"isPartOf\":{\"@id\":\"https:\/\/espiritodacomporta.com\/de\/#website\"},\"primaryImageOfPage\":{\"@id\":\"https:\/\/espiritodacomporta.com\/de\/die-villen-von-comporta-portugal-geschichte-und-stil\/#primaryimage\"},\"image\":{\"@id\":\"https:\/\/espiritodacomporta.com\/de\/die-villen-von-comporta-portugal-geschichte-und-stil\/#primaryimage\"},\"thumbnailUrl\":\"https:\/\/espiritodacomporta.com\/app\/uploads\/2019\/07\/campo-maison-horiz-15-1-e1565599237234.jpg\",\"datePublished\":\"2019-11-19T21:03:52+00:00\",\"dateModified\":\"2026-02-06T10:36:56+00:00\",\"description\":\"Entdecken Sie die Geheimnisse der Villen von Comporta, die regelm\u00e4\u00dfig f\u00fcr ihre einzigartige Architektur und ihre Offenheit zur Natur hervorgehoben werden.\",\"breadcrumb\":{\"@id\":\"https:\/\/espiritodacomporta.com\/de\/die-villen-von-comporta-portugal-geschichte-und-stil\/#breadcrumb\"},\"inLanguage\":\"de-DE\",\"potentialAction\":[{\"@type\":\"ReadAction\",\"target\":[\"https:\/\/espiritodacomporta.com\/de\/die-villen-von-comporta-portugal-geschichte-und-stil\/\"]}]},{\"@type\":\"ImageObject\",\"inLanguage\":\"de-DE\",\"@id\":\"https:\/\/espiritodacomporta.com\/de\/die-villen-von-comporta-portugal-geschichte-und-stil\/#primaryimage\",\"url\":\"https:\/\/espiritodacomporta.com\/app\/uploads\/2019\/07\/campo-maison-horiz-15-1-e1565599237234.jpg\",\"contentUrl\":\"https:\/\/espiritodacomporta.com\/app\/uploads\/2019\/07\/campo-maison-horiz-15-1-e1565599237234.jpg\",\"width\":1280,\"height\":667,\"caption\":\"Villen in Comporta\"},{\"@type\":\"BreadcrumbList\",\"@id\":\"https:\/\/espiritodacomporta.com\/de\/die-villen-von-comporta-portugal-geschichte-und-stil\/#breadcrumb\",\"itemListElement\":[{\"@type\":\"ListItem\",\"position\":1,\"name\":\"Home\",\"item\":\"https:\/\/espiritodacomporta.com\/de\/\"},{\"@type\":\"ListItem\",\"position\":2,\"name\":\"Comporta entdecken\",\"item\":\"https:\/\/espiritodacomporta.com\/de\/category\/comporta-entdecken\/\"},{\"@type\":\"ListItem\",\"position\":3,\"name\":\"Auf der Suche nach Sch\u00f6nheit\",\"item\":\"https:\/\/espiritodacomporta.com\/de\/category\/comporta-entdecken\/auf-der-suche-nach-schoenheit\/\"},{\"@type\":\"ListItem\",\"position\":4,\"name\":\"Die Villen von Comporta, Portugal. Geschichte und Stil\"}]},{\"@type\":\"WebSite\",\"@id\":\"https:\/\/espiritodacomporta.com\/de\/#website\",\"url\":\"https:\/\/espiritodacomporta.com\/de\/\",\"name\":\"Live & Feel Comporta Portugal\",\"description\":\"\",\"publisher\":{\"@id\":\"https:\/\/espiritodacomporta.com\/de\/#organization\"},\"potentialAction\":[{\"@type\":\"SearchAction\",\"target\":{\"@type\":\"EntryPoint\",\"urlTemplate\":\"https:\/\/espiritodacomporta.com\/de\/?s={search_term_string}\"},\"query-input\":{\"@type\":\"PropertyValueSpecification\",\"valueRequired\":true,\"valueName\":\"search_term_string\"}}],\"inLanguage\":\"de-DE\"},{\"@type\":\"Organization\",\"@id\":\"https:\/\/espiritodacomporta.com\/de\/#organization\",\"name\":\"Espirito da Comporta\",\"url\":\"https:\/\/espiritodacomporta.com\/de\/\",\"logo\":{\"@type\":\"ImageObject\",\"inLanguage\":\"de-DE\",\"@id\":\"https:\/\/espiritodacomporta.com\/de\/#\/schema\/logo\/image\/\",\"url\":\"https:\/\/espiritodacomporta.com\/app\/uploads\/2023\/09\/LOGO-SIGNATURE@4x.png\",\"contentUrl\":\"https:\/\/espiritodacomporta.com\/app\/uploads\/2023\/09\/LOGO-SIGNATURE@4x.png\",\"width\":321,\"height\":385,\"caption\":\"Espirito da Comporta\"},\"image\":{\"@id\":\"https:\/\/espiritodacomporta.com\/de\/#\/schema\/logo\/image\/\"},\"sameAs\":[\"https:\/\/www.instagram.com\/almadacomporta\/\"]},{\"@type\":\"Person\",\"@id\":\"https:\/\/espiritodacomporta.com\/de\/#\/schema\/person\/6e1c66cf1c46ee5b2e07e9b72600eaee\",\"name\":\"Charline Noblet\",\"image\":{\"@type\":\"ImageObject\",\"inLanguage\":\"de-DE\",\"@id\":\"https:\/\/secure.gravatar.com\/avatar\/1cb8650c0f3cd8a96e31ebc41d5472b4785cb7753c9d361dbcb6ffc123643350?s=96&d=mm&r=g\",\"url\":\"https:\/\/secure.gravatar.com\/avatar\/1cb8650c0f3cd8a96e31ebc41d5472b4785cb7753c9d361dbcb6ffc123643350?s=96&d=mm&r=g\",\"contentUrl\":\"https:\/\/secure.gravatar.com\/avatar\/1cb8650c0f3cd8a96e31ebc41d5472b4785cb7753c9d361dbcb6ffc123643350?s=96&d=mm&r=g\",\"caption\":\"Charline Noblet\"}}]}<\/script>\n<!-- \/ Yoast SEO Premium plugin. -->","yoast_head_json":{"title":"Villen in Comporta, Portugal - Geschichte, Stil und Dekoration","description":"Entdecken Sie die Geheimnisse der Villen von Comporta, die regelm\u00e4\u00dfig f\u00fcr ihre einzigartige Architektur und ihre Offenheit zur Natur hervorgehoben werden.","robots":{"index":"index","follow":"follow","max-snippet":"max-snippet:-1","max-image-preview":"max-image-preview:large","max-video-preview":"max-video-preview:-1"},"canonical":"https:\/\/espiritodacomporta.com\/de\/die-villen-von-comporta-portugal-geschichte-und-stil\/","og_locale":"de_DE","og_type":"article","og_title":"Die Villen von Comporta, Portugal. Geschichte und Stil","og_description":"Entdecken Sie die Geheimnisse der Villen von Comporta, die regelm\u00e4\u00dfig f\u00fcr ihre einzigartige Architektur und ihre Offenheit zur Natur hervorgehoben werden.","og_url":"https:\/\/espiritodacomporta.com\/de\/die-villen-von-comporta-portugal-geschichte-und-stil\/","og_site_name":"Live &amp; Feel Comporta Portugal","article_published_time":"2019-11-19T21:03:52+00:00","article_modified_time":"2026-02-06T10:36:56+00:00","og_image":[{"width":1280,"height":667,"url":"https:\/\/espiritodacomporta.com\/app\/uploads\/2019\/07\/campo-maison-horiz-15-1-e1565599237234.jpg","type":"image\/jpeg"}],"author":"Charline Noblet","twitter_card":"summary_large_image","twitter_misc":{"Written by":"Charline Noblet","Est. reading time":"8 minutes"},"schema":{"@context":"https:\/\/schema.org","@graph":[{"@type":"Article","@id":"https:\/\/espiritodacomporta.com\/de\/die-villen-von-comporta-portugal-geschichte-und-stil\/#article","isPartOf":{"@id":"https:\/\/espiritodacomporta.com\/de\/die-villen-von-comporta-portugal-geschichte-und-stil\/"},"author":{"name":"Charline Noblet","@id":"https:\/\/espiritodacomporta.com\/de\/#\/schema\/person\/6e1c66cf1c46ee5b2e07e9b72600eaee"},"headline":"Die Villen von Comporta, Portugal. Geschichte und Stil","datePublished":"2019-11-19T21:03:52+00:00","dateModified":"2026-02-06T10:36:56+00:00","mainEntityOfPage":{"@id":"https:\/\/espiritodacomporta.com\/de\/die-villen-von-comporta-portugal-geschichte-und-stil\/"},"wordCount":1572,"commentCount":0,"publisher":{"@id":"https:\/\/espiritodacomporta.com\/de\/#organization"},"image":{"@id":"https:\/\/espiritodacomporta.com\/de\/die-villen-von-comporta-portugal-geschichte-und-stil\/#primaryimage"},"thumbnailUrl":"https:\/\/espiritodacomporta.com\/app\/uploads\/2019\/07\/campo-maison-horiz-15-1-e1565599237234.jpg","articleSection":["Auf der Suche nach Sch\u00f6nheit"],"inLanguage":"de-DE","potentialAction":[{"@type":"CommentAction","name":"Comment","target":["https:\/\/espiritodacomporta.com\/de\/die-villen-von-comporta-portugal-geschichte-und-stil\/#respond"]}]},{"@type":"WebPage","@id":"https:\/\/espiritodacomporta.com\/de\/die-villen-von-comporta-portugal-geschichte-und-stil\/","url":"https:\/\/espiritodacomporta.com\/de\/die-villen-von-comporta-portugal-geschichte-und-stil\/","name":"Villen in Comporta, Portugal - Geschichte, Stil und Dekoration","isPartOf":{"@id":"https:\/\/espiritodacomporta.com\/de\/#website"},"primaryImageOfPage":{"@id":"https:\/\/espiritodacomporta.com\/de\/die-villen-von-comporta-portugal-geschichte-und-stil\/#primaryimage"},"image":{"@id":"https:\/\/espiritodacomporta.com\/de\/die-villen-von-comporta-portugal-geschichte-und-stil\/#primaryimage"},"thumbnailUrl":"https:\/\/espiritodacomporta.com\/app\/uploads\/2019\/07\/campo-maison-horiz-15-1-e1565599237234.jpg","datePublished":"2019-11-19T21:03:52+00:00","dateModified":"2026-02-06T10:36:56+00:00","description":"Entdecken Sie die Geheimnisse der Villen von Comporta, die regelm\u00e4\u00dfig f\u00fcr ihre einzigartige Architektur und ihre Offenheit zur Natur hervorgehoben werden.","breadcrumb":{"@id":"https:\/\/espiritodacomporta.com\/de\/die-villen-von-comporta-portugal-geschichte-und-stil\/#breadcrumb"},"inLanguage":"de-DE","potentialAction":[{"@type":"ReadAction","target":["https:\/\/espiritodacomporta.com\/de\/die-villen-von-comporta-portugal-geschichte-und-stil\/"]}]},{"@type":"ImageObject","inLanguage":"de-DE","@id":"https:\/\/espiritodacomporta.com\/de\/die-villen-von-comporta-portugal-geschichte-und-stil\/#primaryimage","url":"https:\/\/espiritodacomporta.com\/app\/uploads\/2019\/07\/campo-maison-horiz-15-1-e1565599237234.jpg","contentUrl":"https:\/\/espiritodacomporta.com\/app\/uploads\/2019\/07\/campo-maison-horiz-15-1-e1565599237234.jpg","width":1280,"height":667,"caption":"Villen in Comporta"},{"@type":"BreadcrumbList","@id":"https:\/\/espiritodacomporta.com\/de\/die-villen-von-comporta-portugal-geschichte-und-stil\/#breadcrumb","itemListElement":[{"@type":"ListItem","position":1,"name":"Home","item":"https:\/\/espiritodacomporta.com\/de\/"},{"@type":"ListItem","position":2,"name":"Comporta entdecken","item":"https:\/\/espiritodacomporta.com\/de\/category\/comporta-entdecken\/"},{"@type":"ListItem","position":3,"name":"Auf der Suche nach Sch\u00f6nheit","item":"https:\/\/espiritodacomporta.com\/de\/category\/comporta-entdecken\/auf-der-suche-nach-schoenheit\/"},{"@type":"ListItem","position":4,"name":"Die Villen von Comporta, Portugal. Geschichte und Stil"}]},{"@type":"WebSite","@id":"https:\/\/espiritodacomporta.com\/de\/#website","url":"https:\/\/espiritodacomporta.com\/de\/","name":"Live & Feel Comporta Portugal","description":"","publisher":{"@id":"https:\/\/espiritodacomporta.com\/de\/#organization"},"potentialAction":[{"@type":"SearchAction","target":{"@type":"EntryPoint","urlTemplate":"https:\/\/espiritodacomporta.com\/de\/?s={search_term_string}"},"query-input":{"@type":"PropertyValueSpecification","valueRequired":true,"valueName":"search_term_string"}}],"inLanguage":"de-DE"},{"@type":"Organization","@id":"https:\/\/espiritodacomporta.com\/de\/#organization","name":"Espirito da Comporta","url":"https:\/\/espiritodacomporta.com\/de\/","logo":{"@type":"ImageObject","inLanguage":"de-DE","@id":"https:\/\/espiritodacomporta.com\/de\/#\/schema\/logo\/image\/","url":"https:\/\/espiritodacomporta.com\/app\/uploads\/2023\/09\/LOGO-SIGNATURE@4x.png","contentUrl":"https:\/\/espiritodacomporta.com\/app\/uploads\/2023\/09\/LOGO-SIGNATURE@4x.png","width":321,"height":385,"caption":"Espirito da Comporta"},"image":{"@id":"https:\/\/espiritodacomporta.com\/de\/#\/schema\/logo\/image\/"},"sameAs":["https:\/\/www.instagram.com\/almadacomporta\/"]},{"@type":"Person","@id":"https:\/\/espiritodacomporta.com\/de\/#\/schema\/person\/6e1c66cf1c46ee5b2e07e9b72600eaee","name":"Charline Noblet","image":{"@type":"ImageObject","inLanguage":"de-DE","@id":"https:\/\/secure.gravatar.com\/avatar\/1cb8650c0f3cd8a96e31ebc41d5472b4785cb7753c9d361dbcb6ffc123643350?s=96&d=mm&r=g","url":"https:\/\/secure.gravatar.com\/avatar\/1cb8650c0f3cd8a96e31ebc41d5472b4785cb7753c9d361dbcb6ffc123643350?s=96&d=mm&r=g","contentUrl":"https:\/\/secure.gravatar.com\/avatar\/1cb8650c0f3cd8a96e31ebc41d5472b4785cb7753c9d361dbcb6ffc123643350?s=96&d=mm&r=g","caption":"Charline Noblet"}}]}},"jetpack_featured_media_url":"https:\/\/espiritodacomporta.com\/app\/uploads\/2019\/07\/campo-maison-horiz-15-1-e1565599237234.jpg","_links":{"self":[{"href":"https:\/\/espiritodacomporta.com\/de\/wp-json\/wp\/v2\/posts\/8880","targetHints":{"allow":["GET"]}}],"collection":[{"href":"https:\/\/espiritodacomporta.com\/de\/wp-json\/wp\/v2\/posts"}],"about":[{"href":"https:\/\/espiritodacomporta.com\/de\/wp-json\/wp\/v2\/types\/post"}],"author":[{"embeddable":true,"href":"https:\/\/espiritodacomporta.com\/de\/wp-json\/wp\/v2\/users\/2"}],"replies":[{"embeddable":true,"href":"https:\/\/espiritodacomporta.com\/de\/wp-json\/wp\/v2\/comments?post=8880"}],"version-history":[{"count":2,"href":"https:\/\/espiritodacomporta.com\/de\/wp-json\/wp\/v2\/posts\/8880\/revisions"}],"predecessor-version":[{"id":99019,"href":"https:\/\/espiritodacomporta.com\/de\/wp-json\/wp\/v2\/posts\/8880\/revisions\/99019"}],"wp:featuredmedia":[{"embeddable":true,"href":"https:\/\/espiritodacomporta.com\/de\/wp-json\/wp\/v2\/media\/7110"}],"wp:attachment":[{"href":"https:\/\/espiritodacomporta.com\/de\/wp-json\/wp\/v2\/media?parent=8880"}],"wp:term":[{"taxonomy":"category","embeddable":true,"href":"https:\/\/espiritodacomporta.com\/de\/wp-json\/wp\/v2\/categories?post=8880"},{"taxonomy":"post_tag","embeddable":true,"href":"https:\/\/espiritodacomporta.com\/de\/wp-json\/wp\/v2\/tags?post=8880"}],"curies":[{"name":"wp","href":"https:\/\/api.w.org\/{rel}","templated":true}]}}