{"id":10138,"date":"2023-01-03T13:48:00","date_gmt":"2023-01-03T11:48:00","guid":{"rendered":"https:\/\/espiritodacomporta.com\/?p=10138"},"modified":"2026-02-06T12:43:54","modified_gmt":"2026-02-06T10:43:54","slug":"melides-portugal","status":"publish","type":"post","link":"https:\/\/espiritodacomporta.com\/es\/melides-portugal\/","title":{"rendered":"Los secretos de Melides en Portugal"},"content":{"rendered":"\n<p class=\"is-style-text-intro\">La creciente popularidad de <a href=\"https:\/\/espiritodacomporta.com\/es\/\">Comporta<\/a> se est\u00e1 extendiendo a los dem\u00e1s pueblos y aldeas de los alrededores de la Herdade da Comporta. Es el caso de Melides, un encantador refugio situado un poco m\u00e1s al sur, a 20 minutos en coche. Aqu\u00ed encontrar\u00e1 un bonito pueblo encalado, casas pintadas de azul, un mercado cubierto en el coraz\u00f3n del centro y, al oeste, una hermosa laguna y las mismas <a href=\"https:\/\/espiritodacomporta.com\/es\/playas-de-comporta-los-lugares-mas-bonitos\/\">playas<\/a> largas y v\u00edrgenes que en Comporta.    <\/p>\n<section class=\"homeblocks   \">\n    <section class=\"homeblocks-image \">\n                  <!-- <img decoding=\"async\" src=\"https:\/\/espiritodacomporta.com\/app\/uploads\/2019\/05\/melides-beach-1-scaled.webp\" alt=\"melides-beach\"> -->\n          <img decoding=\"async\" width=\"2560\" height=\"1440\" src=\"https:\/\/espiritodacomporta.com\/app\/uploads\/2019\/05\/melides-beach-1-scaled.webp\" class=\"attachment-full size-full\" alt=\"melides-beach\" loading=\"lazy\" srcset=\"https:\/\/espiritodacomporta.com\/app\/uploads\/2019\/05\/melides-beach-1-scaled.webp 2560w, https:\/\/espiritodacomporta.com\/app\/uploads\/2019\/05\/melides-beach-1-300x169.webp 300w, https:\/\/espiritodacomporta.com\/app\/uploads\/2019\/05\/melides-beach-1-1024x576.webp 1024w, https:\/\/espiritodacomporta.com\/app\/uploads\/2019\/05\/melides-beach-1-768x432.webp 768w, https:\/\/espiritodacomporta.com\/app\/uploads\/2019\/05\/melides-beach-1-1536x864.webp 1536w, https:\/\/espiritodacomporta.com\/app\/uploads\/2019\/05\/melides-beach-1-2048x1152.webp 2048w\" sizes=\"auto, (max-width: 2560px) 100vw, 2560px\" data-attachment-id=\"29113\" data-permalink=\"https:\/\/espiritodacomporta.com\/es\/playas-de-comporta-los-lugares-mas-bonitos\/melides-beach-2-2\/\" data-orig-file=\"https:\/\/espiritodacomporta.com\/app\/uploads\/2019\/05\/melides-beach-1-scaled.webp\" data-orig-size=\"2560,1440\" data-comments-opened=\"0\" data-image-meta=\"{&quot;aperture&quot;:&quot;0&quot;,&quot;credit&quot;:&quot;&quot;,&quot;camera&quot;:&quot;&quot;,&quot;caption&quot;:&quot;&quot;,&quot;created_timestamp&quot;:&quot;0&quot;,&quot;copyright&quot;:&quot;&quot;,&quot;focal_length&quot;:&quot;0&quot;,&quot;iso&quot;:&quot;0&quot;,&quot;shutter_speed&quot;:&quot;0&quot;,&quot;title&quot;:&quot;&quot;,&quot;orientation&quot;:&quot;0&quot;}\" data-image-title=\"melides-beach\" data-image-description=\"\" data-image-caption=\"\" data-medium-file=\"https:\/\/espiritodacomporta.com\/app\/uploads\/2019\/05\/melides-beach-1-300x169.webp\" data-large-file=\"https:\/\/espiritodacomporta.com\/app\/uploads\/2019\/05\/melides-beach-1-1024x576.webp\" \/>\n            <\/section>\n    <section class=\"homeblocks-content\">\n        <div class=\"homeblocks-content-inside\">\n            <h2>Melides, Un secreto de Portugal<\/h2>\n<p style=\"text-align: left;\">Melides, en Portugal, pertenece al municipio de Gr\u00e2ndola. Est\u00e1 situada en la costa del Alentejo, a 130 km al sur de Lisboa. Melides en Portugal se ha hecho cada vez m\u00e1s conocida en los \u00faltimos a\u00f1os gracias al desarrollo tur\u00edstico de la regi\u00f3n y a sus numerosas ventajas: tranquilidad, naturaleza virgen, encanto de pueblo y sus numerosas actividades. En los \u00faltimos a\u00f1os han aparecido varias villas y casas dise\u00f1adas por arquitectos a lo largo de su laguna, pero Melides sigue siendo un lugar frecuentado principalmente por los lugare\u00f1os. En 2023 la gran novedad fue el <a href=\"https:\/\/espiritodacomporta.com\/es\/christian-louboutin-hotel\/\">hotel Christian Louboutin.<\/a>    <\/p>\n\n\n            \n                    <\/div>\n    <\/section>\n<\/section>\n\n<p><\/p>\n\n<p><\/p>\n<section class=\"homeblocks   \">\n    <section class=\"homeblocks-image  homeblocks-right \">\n                  <!-- <img decoding=\"async\" src=\"https:\/\/espiritodacomporta.com\/app\/uploads\/2023\/09\/01ef73f6-dfd8-437a-828e-bfd4dcc473ab.webp\" alt=\"Melides_beach\"> -->\n          <img decoding=\"async\" width=\"2048\" height=\"1536\" src=\"https:\/\/espiritodacomporta.com\/app\/uploads\/2023\/09\/01ef73f6-dfd8-437a-828e-bfd4dcc473ab.webp\" class=\"attachment-full size-full\" alt=\"Melides_beach\" loading=\"lazy\" srcset=\"https:\/\/espiritodacomporta.com\/app\/uploads\/2023\/09\/01ef73f6-dfd8-437a-828e-bfd4dcc473ab.webp 2048w, https:\/\/espiritodacomporta.com\/app\/uploads\/2023\/09\/01ef73f6-dfd8-437a-828e-bfd4dcc473ab-300x225.webp 300w, https:\/\/espiritodacomporta.com\/app\/uploads\/2023\/09\/01ef73f6-dfd8-437a-828e-bfd4dcc473ab-1024x768.webp 1024w, https:\/\/espiritodacomporta.com\/app\/uploads\/2023\/09\/01ef73f6-dfd8-437a-828e-bfd4dcc473ab-768x576.webp 768w, https:\/\/espiritodacomporta.com\/app\/uploads\/2023\/09\/01ef73f6-dfd8-437a-828e-bfd4dcc473ab-1536x1152.webp 1536w\" sizes=\"auto, (max-width: 2048px) 100vw, 2048px\" data-attachment-id=\"54272\" data-permalink=\"https:\/\/espiritodacomporta.com\/es\/comporta-explorar-la-costa-vicentina\/01ef73f6-dfd8-437a-828e-bfd4dcc473ab-2\/\" data-orig-file=\"https:\/\/espiritodacomporta.com\/app\/uploads\/2023\/09\/01ef73f6-dfd8-437a-828e-bfd4dcc473ab.webp\" data-orig-size=\"2048,1536\" data-comments-opened=\"0\" data-image-meta=\"{&quot;aperture&quot;:&quot;0&quot;,&quot;credit&quot;:&quot;&quot;,&quot;camera&quot;:&quot;&quot;,&quot;caption&quot;:&quot;&quot;,&quot;created_timestamp&quot;:&quot;0&quot;,&quot;copyright&quot;:&quot;&quot;,&quot;focal_length&quot;:&quot;0&quot;,&quot;iso&quot;:&quot;0&quot;,&quot;shutter_speed&quot;:&quot;0&quot;,&quot;title&quot;:&quot;&quot;,&quot;orientation&quot;:&quot;0&quot;}\" data-image-title=\"Melides_beach\" data-image-description=\"\" data-image-caption=\"\" data-medium-file=\"https:\/\/espiritodacomporta.com\/app\/uploads\/2023\/09\/01ef73f6-dfd8-437a-828e-bfd4dcc473ab-300x225.webp\" data-large-file=\"https:\/\/espiritodacomporta.com\/app\/uploads\/2023\/09\/01ef73f6-dfd8-437a-828e-bfd4dcc473ab-1024x768.webp\" \/>\n            <\/section>\n    <section class=\"homeblocks-content\">\n        <div class=\"homeblocks-content-inside\">\n            <h2 style=\"text-align: left;\"><strong>Melides en Portugal: una aut\u00e9ntica aldea del Alentejo<\/strong><\/h2>\n<p style=\"text-align: left;\"><!-- wp:paragraph --><\/p>\n<p style=\"text-align: left;\">El pueblo de Melides, en Portugal, no es muy grande, pero tiene un encanto especial. El ambiente es tranquilo, acogedor y muy agradable. Una iglesia tradicional encalada y un mercado cubierto animan la vida local. Agricultores y pescadores venden pescado fresco y frutas y verduras de sus granjas. Paseando por las callejuelas del centro antiguo del pueblo, podr\u00e1 ver propiedades de los siglos XVIII y XIX con carpinter\u00eda de madera y balcones de hierro forjado de la \u00e9poca. Las ruinas de la antigua iglesia de \u00abSanta Marinha\u00bb (finales del siglo XV) tambi\u00e9n merecen un desv\u00edo. Sus impresionantes columnas, muros y contrafuertes son a\u00fan claramente visibles.      <\/p>\n<p><!-- \/wp:paragraph --><\/p>\n\n\n            \n                    <\/div>\n    <\/section>\n<\/section>\n\n<h2 class=\"wp-block-heading\" id=\"h-\"><\/h2>\n<section class=\"homeblocks   \">\n    <section class=\"homeblocks-image \">\n                  <!-- <img decoding=\"async\" src=\"https:\/\/espiritodacomporta.com\/app\/uploads\/2019\/08\/melides2.jpg\" alt=\"melides portugal\"> -->\n          <img decoding=\"async\" width=\"1200\" height=\"675\" src=\"https:\/\/espiritodacomporta.com\/app\/uploads\/2019\/08\/melides2.jpg\" class=\"attachment-full size-full\" alt=\"melides portugal\" loading=\"lazy\" srcset=\"https:\/\/espiritodacomporta.com\/app\/uploads\/2019\/08\/melides2.jpg 1200w, https:\/\/espiritodacomporta.com\/app\/uploads\/2019\/08\/melides2-300x169.jpg 300w, https:\/\/espiritodacomporta.com\/app\/uploads\/2019\/08\/melides2-768x432.jpg 768w, https:\/\/espiritodacomporta.com\/app\/uploads\/2019\/08\/melides2-1024x576.jpg 1024w\" sizes=\"auto, (max-width: 1200px) 100vw, 1200px\" data-attachment-id=\"3714\" data-permalink=\"https:\/\/espiritodacomporta.com\/es\/melides-portugal\/melides2-2-2\/\" data-orig-file=\"https:\/\/espiritodacomporta.com\/app\/uploads\/2019\/08\/melides2.jpg\" data-orig-size=\"1200,675\" data-comments-opened=\"0\" data-image-meta=\"{&quot;aperture&quot;:&quot;1.7&quot;,&quot;credit&quot;:&quot;&quot;,&quot;camera&quot;:&quot;SM-G955F&quot;,&quot;caption&quot;:&quot;&quot;,&quot;created_timestamp&quot;:&quot;1548337166&quot;,&quot;copyright&quot;:&quot;&quot;,&quot;focal_length&quot;:&quot;4.2&quot;,&quot;iso&quot;:&quot;40&quot;,&quot;shutter_speed&quot;:&quot;0.000625&quot;,&quot;title&quot;:&quot;&quot;,&quot;orientation&quot;:&quot;0&quot;}\" data-image-title=\"melides2\" data-image-description=\"\" data-image-caption=\"\" data-medium-file=\"https:\/\/espiritodacomporta.com\/app\/uploads\/2019\/08\/melides2-300x169.jpg\" data-large-file=\"https:\/\/espiritodacomporta.com\/app\/uploads\/2019\/08\/melides2-1024x576.jpg\" \/>\n            <\/section>\n    <section class=\"homeblocks-content\">\n        <div class=\"homeblocks-content-inside\">\n            <p><!-- wp:heading --><\/p>\n<h2 id=\"h-the-melides-lagoon-in-portugal\" class=\"wp-block-heading\" style=\"text-align: left;\"><strong>La laguna de Melides en Portugal<\/strong><\/h2>\n<p style=\"text-align: left;\"><!-- \/wp:heading --> <!-- wp:paragraph --><\/p>\n<p style=\"text-align: left;\">La caracter\u00edstica \u00fanica de Melides en Portugal es la gran laguna que atraviesa el terreno y desemboca en la playa. Esta masa de agua fluye a trav\u00e9s del bosque de pinos, los arrozales y las praderas de Melides. Crea as\u00ed un rico espacio natural para la flora y la fauna que alberga. Desde 2010, est\u00e1 clasificada como \u00abzona protegida de inter\u00e9s nacional\u00bb. En el coraz\u00f3n de la laguna se ha instalado un observatorio de aves. Los patos, rapaces o lim\u00edcolas que se alimentan aqu\u00ed pueden observarse tranquilamente. Tambi\u00e9n se ofrece informaci\u00f3n sobre las especies que pueden encontrarse en la laguna, como el correlimos com\u00fan, la abubilla o la tarabilla com\u00fan.      <\/p>\n<p><!-- \/wp:paragraph --><\/p>\n\n\n            \n                    <\/div>\n    <\/section>\n<\/section>\n\n<h2 class=\"wp-block-heading\" id=\"h-\"><\/h2>\n<section class=\"homeblocks   \">\n    <section class=\"homeblocks-image  homeblocks-right \">\n                  <!-- <img decoding=\"async\" src=\"https:\/\/espiritodacomporta.com\/app\/uploads\/2023\/01\/a8a13bc2-17b1-44f3-9aa7-ee8bccab6146.webp\" alt=\"Melides_Dunes\"> -->\n          <img decoding=\"async\" width=\"2048\" height=\"1536\" src=\"https:\/\/espiritodacomporta.com\/app\/uploads\/2023\/01\/a8a13bc2-17b1-44f3-9aa7-ee8bccab6146.webp\" class=\"attachment-full size-full\" alt=\"Melides_Dunes\" loading=\"lazy\" srcset=\"https:\/\/espiritodacomporta.com\/app\/uploads\/2023\/01\/a8a13bc2-17b1-44f3-9aa7-ee8bccab6146.webp 2048w, https:\/\/espiritodacomporta.com\/app\/uploads\/2023\/01\/a8a13bc2-17b1-44f3-9aa7-ee8bccab6146-300x225.webp 300w, https:\/\/espiritodacomporta.com\/app\/uploads\/2023\/01\/a8a13bc2-17b1-44f3-9aa7-ee8bccab6146-1024x768.webp 1024w, https:\/\/espiritodacomporta.com\/app\/uploads\/2023\/01\/a8a13bc2-17b1-44f3-9aa7-ee8bccab6146-768x576.webp 768w, https:\/\/espiritodacomporta.com\/app\/uploads\/2023\/01\/a8a13bc2-17b1-44f3-9aa7-ee8bccab6146-1536x1152.webp 1536w\" sizes=\"auto, (max-width: 2048px) 100vw, 2048px\" data-attachment-id=\"53979\" data-permalink=\"https:\/\/espiritodacomporta.com\/es\/melides-portugal\/a8a13bc2-17b1-44f3-9aa7-ee8bccab6146-2\/\" data-orig-file=\"https:\/\/espiritodacomporta.com\/app\/uploads\/2023\/01\/a8a13bc2-17b1-44f3-9aa7-ee8bccab6146.webp\" data-orig-size=\"2048,1536\" data-comments-opened=\"0\" data-image-meta=\"{&quot;aperture&quot;:&quot;0&quot;,&quot;credit&quot;:&quot;&quot;,&quot;camera&quot;:&quot;&quot;,&quot;caption&quot;:&quot;&quot;,&quot;created_timestamp&quot;:&quot;0&quot;,&quot;copyright&quot;:&quot;&quot;,&quot;focal_length&quot;:&quot;0&quot;,&quot;iso&quot;:&quot;0&quot;,&quot;shutter_speed&quot;:&quot;0&quot;,&quot;title&quot;:&quot;&quot;,&quot;orientation&quot;:&quot;0&quot;}\" data-image-title=\"a8a13bc2-17b1-44f3-9aa7-ee8bccab6146\" data-image-description=\"\" data-image-caption=\"\" data-medium-file=\"https:\/\/espiritodacomporta.com\/app\/uploads\/2023\/01\/a8a13bc2-17b1-44f3-9aa7-ee8bccab6146-300x225.webp\" data-large-file=\"https:\/\/espiritodacomporta.com\/app\/uploads\/2023\/01\/a8a13bc2-17b1-44f3-9aa7-ee8bccab6146-1024x768.webp\" \/>\n            <\/section>\n    <section class=\"homeblocks-content\">\n        <div class=\"homeblocks-content-inside\">\n            <p><!-- wp:paragraph --><\/p>\n<p>La laguna de Melides, en Portugal, es accesible desde ambas orillas. La orilla sur est\u00e1 comunicada por una carretera asfaltada y la orilla norte por una pista. Otra forma original de descubrir la laguna es dar un paseo en una tabla de surf de remo. Ana y Daniel, de <a href=\"https:\/\/espiritodacomporta.com\/es\/practicar-surf-en-portugal\/\">Surf in Comporta<\/a>, ofrecen inolvidables paseos en SUP por la laguna de Melides al atardecer. Una oportunidad para practicar este deporte en un entorno \u00fanico y virgen, lo que convierte a esta actividad en una de las <a href=\"https:\/\/espiritodacomporta.com\/es\/que-hacer-en-comporta\/\">10 mejores cosas que hacer en Comporta. <\/a>     <\/p>\n<p><!-- \/wp:paragraph --><\/p>\n\n\n            \n                    <\/div>\n    <\/section>\n<\/section>\n\n<div class=\"wp-block-columns is-layout-flex wp-container-core-columns-is-layout-9d6595d7 wp-block-columns-is-layout-flex\">\n<div class=\"wp-block-column is-layout-flow wp-block-column-is-layout-flow\">\n<h2 class=\"wp-block-heading is-style-big-title\" id=\"h-the-wild-beaches-of-melides-in-portuga-l\"><strong>Las playas salvajes de Melides en Portugal<\/strong><\/h2>\n<\/div>\n<\/div>\n\n<h2 class=\"wp-block-heading\" id=\"h-\"><\/h2>\n\n<h3 class=\"wp-block-heading has-text-align-center is-style-default\" id=\"h-melides-beach-in-portugal\">Playa de Melides en Portugal<\/h3>\n\n<p class=\"is-style-text-intro\">La playa de Melides, en Portugal, es un largo brazo de arena que separa el mar de la laguna de Melides. Entre estas dos masas de agua, Praia de Melides ofrece un espl\u00e9ndido escenario salvaje que uno nunca se cansa de contemplar. La puesta de sol aqu\u00ed es magn\u00edfica. Un momento ideal para los aficionados a la fotograf\u00eda, cuando los \u00faltimos rayos del sol se reflejan en la laguna.   <\/p>\n<section class=\"homeblocks   \">\n    <section class=\"homeblocks-image \">\n                  <!-- <img decoding=\"async\" src=\"https:\/\/espiritodacomporta.com\/app\/uploads\/2023\/02\/aTOA.webp\" alt=\"melides-restaurantes\"> -->\n          <img decoding=\"async\" width=\"1920\" height=\"1008\" src=\"https:\/\/espiritodacomporta.com\/app\/uploads\/2023\/02\/aTOA.webp\" class=\"attachment-full size-full\" alt=\"melides-restaurantes\" loading=\"lazy\" srcset=\"https:\/\/espiritodacomporta.com\/app\/uploads\/2023\/02\/aTOA.webp 1920w, https:\/\/espiritodacomporta.com\/app\/uploads\/2023\/02\/aTOA-300x158.webp 300w, https:\/\/espiritodacomporta.com\/app\/uploads\/2023\/02\/aTOA-1024x538.webp 1024w, https:\/\/espiritodacomporta.com\/app\/uploads\/2023\/02\/aTOA-768x403.webp 768w, https:\/\/espiritodacomporta.com\/app\/uploads\/2023\/02\/aTOA-1536x806.webp 1536w\" sizes=\"auto, (max-width: 1920px) 100vw, 1920px\" data-attachment-id=\"48888\" data-permalink=\"https:\/\/espiritodacomporta.com\/es\/comporta-novedades2023\/atoa-2\/\" data-orig-file=\"https:\/\/espiritodacomporta.com\/app\/uploads\/2023\/02\/aTOA.webp\" data-orig-size=\"1920,1008\" data-comments-opened=\"0\" data-image-meta=\"{&quot;aperture&quot;:&quot;0&quot;,&quot;credit&quot;:&quot;&quot;,&quot;camera&quot;:&quot;&quot;,&quot;caption&quot;:&quot;&quot;,&quot;created_timestamp&quot;:&quot;0&quot;,&quot;copyright&quot;:&quot;&quot;,&quot;focal_length&quot;:&quot;0&quot;,&quot;iso&quot;:&quot;0&quot;,&quot;shutter_speed&quot;:&quot;0&quot;,&quot;title&quot;:&quot;&quot;,&quot;orientation&quot;:&quot;0&quot;}\" data-image-title=\"aTOA\" data-image-description=\"\" data-image-caption=\"\" data-medium-file=\"https:\/\/espiritodacomporta.com\/app\/uploads\/2023\/02\/aTOA-300x158.webp\" data-large-file=\"https:\/\/espiritodacomporta.com\/app\/uploads\/2023\/02\/aTOA-1024x538.webp\" \/>\n            <\/section>\n    <section class=\"homeblocks-content\">\n        <div class=\"homeblocks-content-inside\">\n            <p style=\"text-align: left;\">En la playa que se extiende a lo largo del oc\u00e9ano, el restaurante familiar Lagoa \u00f3 Mar ofrece aperitivos y platos m\u00e1s elaborados en un ambiente relajado, \u00a1con los dedos de los pies en la arena! Se pueden alquilar tumbonas y sombrillas durante todo el verano. A diez minutos del centro de Melides en Portugal en direcci\u00f3n sur, el acceso por carretera es f\u00e1cil. Esta playa tambi\u00e9n cuenta con un amplio aparcamiento.   <\/p>\n\n\n            \n                    <\/div>\n    <\/section>\n<\/section>\n\n<p><\/p>\n<section class=\"homeblocks   \">\n    <section class=\"homeblocks-image \">\n                  <!-- <img decoding=\"async\" src=\"https:\/\/espiritodacomporta.com\/app\/uploads\/2022\/05\/comporta-melides.webp\" alt=\"comporta-melides\"> -->\n          <img decoding=\"async\" width=\"754\" height=\"394\" src=\"https:\/\/espiritodacomporta.com\/app\/uploads\/2022\/05\/comporta-melides.webp\" class=\"attachment-full size-full\" alt=\"comporta-melides\" loading=\"lazy\" srcset=\"https:\/\/espiritodacomporta.com\/app\/uploads\/2022\/05\/comporta-melides.webp 754w, https:\/\/espiritodacomporta.com\/app\/uploads\/2022\/05\/comporta-melides-300x157.webp 300w\" sizes=\"auto, (max-width: 754px) 100vw, 754px\" data-attachment-id=\"28814\" data-permalink=\"https:\/\/espiritodacomporta.com\/es\/comporta-pueblos\/comporta-melides-2\/\" data-orig-file=\"https:\/\/espiritodacomporta.com\/app\/uploads\/2022\/05\/comporta-melides.webp\" data-orig-size=\"754,394\" data-comments-opened=\"0\" data-image-meta=\"{&quot;aperture&quot;:&quot;0&quot;,&quot;credit&quot;:&quot;&quot;,&quot;camera&quot;:&quot;&quot;,&quot;caption&quot;:&quot;&quot;,&quot;created_timestamp&quot;:&quot;0&quot;,&quot;copyright&quot;:&quot;&quot;,&quot;focal_length&quot;:&quot;0&quot;,&quot;iso&quot;:&quot;0&quot;,&quot;shutter_speed&quot;:&quot;0&quot;,&quot;title&quot;:&quot;&quot;,&quot;orientation&quot;:&quot;0&quot;}\" data-image-title=\"comporta-melides\" data-image-description=\"\" data-image-caption=\"\" data-medium-file=\"https:\/\/espiritodacomporta.com\/app\/uploads\/2022\/05\/comporta-melides-300x157.webp\" data-large-file=\"https:\/\/espiritodacomporta.com\/app\/uploads\/2022\/05\/comporta-melides.webp\" \/>\n            <\/section>\n    <section class=\"homeblocks-content\">\n        <div class=\"homeblocks-content-inside\">\n            <h3 id=\"h-vigia-beach\" class=\"wp-block-heading\" style=\"text-align: left;\">Playa de Vig\u00eda<\/h3>\n<p style=\"text-align: left;\">Frente a la Praia de Melides, en Portugal, al otro lado de la laguna, se encuentra una de las \u00faltimas playas totalmente v\u00edrgenes del Alentejo: Praia da Vigia. Aqu\u00ed encontrar\u00e1 aguas transparentes y arena blanca y fina hasta donde alcanza la vista. Es especialmente apreciada por los parapentistas por su escarpa de m\u00e1s de cinco metros. Un lugar ideal para lanzarse al vuelo y admirar los ins\u00f3litos paisajes. En la EN261, en direcci\u00f3n sur, tome la carretera se\u00f1alizada hacia el cementerio y contin\u00fae hasta que las dunas aparezcan delante. Cr\u00facelas y disfrute de su descubrimiento.     <\/p>\n<p><!-- \/wp:paragraph --><\/p>\n\n\n            \n                    <\/div>\n    <\/section>\n<\/section>\n\n<h3 class=\"wp-block-heading\" id=\"h-\"><\/h3>\n\n<div class=\"wp-block-columns is-layout-flex wp-container-core-columns-is-layout-9d6595d7 wp-block-columns-is-layout-flex\">\n<div class=\"wp-block-column is-layout-flow wp-block-column-is-layout-flow\">\n<h2 class=\"wp-block-heading is-style-big-title\" id=\"h-activities-nbsp\"><strong>Actividades  <\/strong><\/h2>\n<\/div>\n<\/div>\n\n<h3 class=\"wp-block-heading\" id=\"h-horse-riding\">Equitaci\u00f3n<\/h3>\n\n<p class=\"is-style-text-intro\">Durante todo el a\u00f1o <a href=\"https:\/\/www.passeiosacavalomelides.com\/en\/\">\u00abPasseios a Cavalo\u00bb<\/a> en Melides en Portugal ofrece paseos a caballo \u00fanicos que le ayudar\u00e1n a descubrir los paisajes salvajes del Alentejo.Puede elegir paseos en la playa o en las colinas de la Serra de Gr\u00e2ndola que son adecuados tanto para principiantes como para jinetes experimentados. Es una forma excelente de disfrutar de las vistas panor\u00e1micas del campo y de la impresionante costa. Lu\u00eds Lamas : +351 917 474 865 \/ info@passeiosacavalomelides.com  <\/p>\n\n<figure class=\"wp-block-gallery has-nested-images columns-default is-cropped wp-block-gallery-1 is-layout-flex wp-block-gallery-is-layout-flex\">\n<figure class=\"wp-block-image size-large\"><img loading=\"lazy\" decoding=\"async\" width=\"1024\" height=\"576\" data-id=\"25937\" src=\"https:\/\/espiritodacomporta.com\/app\/uploads\/2022\/02\/comporta-horseriding-1024x576.png\" alt=\"comporta-horseriding\" class=\"wp-image-25937\" srcset=\"https:\/\/espiritodacomporta.com\/app\/uploads\/2022\/02\/comporta-horseriding-1024x576.png 1024w, https:\/\/espiritodacomporta.com\/app\/uploads\/2022\/02\/comporta-horseriding-300x169.png 300w, https:\/\/espiritodacomporta.com\/app\/uploads\/2022\/02\/comporta-horseriding-768x432.png 768w, https:\/\/espiritodacomporta.com\/app\/uploads\/2022\/02\/comporta-horseriding.png 1366w\" sizes=\"auto, (max-width: 1024px) 100vw, 1024px\" \/><\/figure>\n<\/figure>\n\n<p><\/p>\n\n<h3 class=\"wp-block-heading\" id=\"h-surfing\">Surf<\/h3>\n\n<p class=\"is-style-text-intro\"><a href=\"https:\/\/espiritodacomporta.com\/es\/practicar-surf-en-portugal\/\">Dreamsea Surf Camp<\/a> est\u00e1 situado en el bosque de pinos y alcornoques junto a la hermosa playa de Gal\u00e9 y el oc\u00e9ano. Ofrecen programas de surf adecuados para todos los niveles de habilidad y grados de forma f\u00edsica. El objetivo es aprender a mejorar sus habilidades y, lo que es m\u00e1s importante, adquirir los conocimientos necesarios para continuar su entrenamiento y progresar por su cuenta. Dreamsea Surf Camp : +34 662580012 \/ portugal@dreamseasurfcamp.com   <\/p>\n\n<h3 class=\"wp-block-heading\" id=\"h-melides-fair-feira\">Feria de Melides (feira)<\/h3>\n\n<p class=\"is-style-text-intro\">La feria Melides de Portugal se celebra cada a\u00f1o el tercer fin de semana de noviembre. Los visitantes acuden en gran n\u00famero. Aqu\u00ed encontrar\u00e1 diversos productos artesanales del Alentejo y el Algarve, como cestas de mimbre, sillas de madera o esculturas de barro. Tambi\u00e9n podr\u00e1 degustar especialidades locales, como frutos secos, pan alentejano, \u00abAlcomonias\u00bb y \u00abPinh\u00e3o Candy\u00bb (dos pasteles t\u00edpicos), y vino regional. Actuaciones y bailes folcl\u00f3ricos amenizan este evento durante todo el fin de semana.    <\/p>\n\n<div class=\"wp-block-columns is-layout-flex wp-container-core-columns-is-layout-9d6595d7 wp-block-columns-is-layout-flex\">\n<div class=\"wp-block-column is-layout-flow wp-block-column-is-layout-flow\">\n<h2 class=\"wp-block-heading is-style-big-title\" id=\"h-restaurants-and-food-experiences\"><strong>Restaurantes y experiencias gastron\u00f3micas<\/strong><\/h2>\n<\/div>\n<\/div>\n\n<h2 class=\"wp-block-heading\" id=\"h-\"><\/h2>\n\n<h3 class=\"wp-block-heading\" id=\"h-flor-de-sal\">Flor de Sal<\/h3>\n\n<p class=\"is-style-text-intro\">Situado cerca de la playa de Melides, este restaurante es perfecto para una cena al atardecer. Aqu\u00ed podr\u00e1 disfrutar de los peque\u00f1os platos y tapas de la chef Sandra Rito. La cocina es portuguesa contempor\u00e1nea &#8211; este es el restaurante \u00abchic\u00bb de Melides en Portugal. Se ha prestado especial atenci\u00f3n a la carta de vinos.     <\/p>\n\n<h3 class=\"wp-block-heading\" id=\"h-twopack-kitchen-country-picnic\">Cocina Twopack &#8211; picnic campestre<\/h3>\n\n<p class=\"is-style-text-intro\">Los amabil\u00edsimos Marta y Antonio le llevar\u00e1n a disfrutar de una <a href=\"https:\/\/espiritodacomporta.com\/es\/clases-de-cocina-de-la-granja-a-la-mesa-melides\/\">barbacoa gourmet<\/a> en plena naturaleza. Compartir\u00e1n su deliciosa cocina inspirada en sus viajes alrededor del mundo. Una experiencia original, \u00a1que no debe perderse! Marta: +351 915 433 788 \/ twopacktravel@gmail.com   <\/p>\n\n<figure class=\"wp-block-image size-large\"><img loading=\"lazy\" decoding=\"async\" width=\"1024\" height=\"682\" src=\"https:\/\/espiritodacomporta.com\/app\/uploads\/2020\/08\/two-pack-1024x682.jpg\" alt=\"dos-pack-melides\" class=\"wp-image-15921\" srcset=\"https:\/\/espiritodacomporta.com\/app\/uploads\/2020\/08\/two-pack-1024x682.jpg 1024w, https:\/\/espiritodacomporta.com\/app\/uploads\/2020\/08\/two-pack-300x200.jpg 300w, https:\/\/espiritodacomporta.com\/app\/uploads\/2020\/08\/two-pack-768x512.jpg 768w, https:\/\/espiritodacomporta.com\/app\/uploads\/2020\/08\/two-pack.jpg 1400w\" sizes=\"auto, (max-width: 1024px) 100vw, 1024px\" \/><\/figure>\n\n<p><\/p>\n\n<h3 class=\"wp-block-heading\" id=\"h-tia-rosa-grill\">Parrilla Tia Rosa<\/h3>\n\n<p class=\"is-style-text-intro\">Tia Rosa es una \u00abchurrasqueira\u00bb de pato. El ambiente es informal, la cocina es familiar y las raciones son generosas. Puede pedir un pato o medio pato asado a la naranja. Los postres son caseros.Para los que no les guste el pato, hay otros platos disponibles.Tia Rosa : Fontainhas do Mar Melides, Melides Portugal \/ +351 269 907 144   <\/p>\n\n<h3 class=\"wp-block-heading\" id=\"h-tia-jesuina-bakery\">Panader\u00eda Tia Jesu\u00edna<\/h3>\n\n<p class=\"is-style-text-intro\">En Vale Figueira, encontrar\u00e1 la panader\u00eda de Tia Jesu\u00edna que ofrece el aut\u00e9ntico pan alentejano. Este pan es cada vez m\u00e1s dif\u00edcil de encontrar en la zona, as\u00ed que no dude en aprovechar la oportunidad de probarlo.   <\/p>\n\n<h3 class=\"wp-block-heading\" id=\"h-quinta-do-lourenco\">Quinta do Louren\u00e7o<\/h3>\n\n<p class=\"is-style-text-intro\">Se trata de un restaurante siempre concurrido, situado en la EN261. Disfrute de la especialidad de la casa, carne mezclada con almejas y gambas. Las migas con carne son deliciosas, al igual que las cataplanas de pescado y marisco. Los fines de semana, \u00a1se ofrecen caracoles!   <\/p>\n\n<h3 class=\"wp-block-heading\">Tosca<\/h3>\n\n<p class=\"is-style-text-intro\">Un nuevo restaurante en Melides, situado en la EN261 con pastas y pizzas divinas. El men\u00fa promete: todo es variado. Pescado, carne, todo con ingredientes frescos y org\u00e1nicos. Las mascotas son bienvenidas y la decoraci\u00f3n es preciosa.   <\/p>\n\n<figure class=\"wp-block-gallery has-nested-images columns-default is-cropped wp-block-gallery-2 is-layout-flex wp-block-gallery-is-layout-flex\">\n<figure class=\"wp-block-image size-large\"><img loading=\"lazy\" decoding=\"async\" width=\"1024\" height=\"682\" data-id=\"3710\" src=\"https:\/\/espiritodacomporta.com\/app\/uploads\/2019\/08\/eglisemelides-1024x682.jpg\" alt=\"melides portugal\" class=\"wp-image-3710\" srcset=\"https:\/\/espiritodacomporta.com\/app\/uploads\/2019\/08\/eglisemelides-1024x682.jpg 1024w, https:\/\/espiritodacomporta.com\/app\/uploads\/2019\/08\/eglisemelides-300x200.jpg 300w, https:\/\/espiritodacomporta.com\/app\/uploads\/2019\/08\/eglisemelides-768x512.jpg 768w, https:\/\/espiritodacomporta.com\/app\/uploads\/2019\/08\/eglisemelides.jpg 1520w\" sizes=\"auto, (max-width: 1024px) 100vw, 1024px\" \/><\/figure>\n\n\n\n<figure class=\"wp-block-image size-large\"><img loading=\"lazy\" decoding=\"async\" width=\"800\" height=\"1200\" data-id=\"537\" src=\"https:\/\/espiritodacomporta.com\/app\/uploads\/2019\/03\/two-pack-jan2019-80-e1559042618559.jpg\" alt=\"melides comporta portugal\" class=\"wp-image-537\" srcset=\"https:\/\/espiritodacomporta.com\/app\/uploads\/2019\/03\/two-pack-jan2019-80-e1559042618559.jpg 800w, https:\/\/espiritodacomporta.com\/app\/uploads\/2019\/03\/two-pack-jan2019-80-e1559042618559-200x300.jpg 200w, https:\/\/espiritodacomporta.com\/app\/uploads\/2019\/03\/two-pack-jan2019-80-e1559042618559-768x1152.jpg 768w, https:\/\/espiritodacomporta.com\/app\/uploads\/2019\/03\/two-pack-jan2019-80-e1559042618559-683x1024.jpg 683w\" sizes=\"auto, (max-width: 800px) 100vw, 800px\" \/><\/figure>\n<\/figure>\n\n<div class=\"wp-block-columns is-layout-flex wp-container-core-columns-is-layout-9d6595d7 wp-block-columns-is-layout-flex\">\n<div class=\"wp-block-column is-layout-flow wp-block-column-is-layout-flow\">\n<p><\/p>\n\n\n\n<h2 class=\"wp-block-heading is-style-big-title\" id=\"h-plan-your-trip-tourist-information\"><strong>Planifique su viaje &#8211; Informaci\u00f3n tur\u00edstica<\/strong><\/h2>\n<\/div>\n<\/div>\n\n<h2 class=\"wp-block-heading\" id=\"h-\"><\/h2>\n\n<p class=\"is-style-text-intro\">La Oficina de Turismo de Melides se encuentra en el antiguo molino, en el centro del pueblo. Le ayudar\u00e1 en su b\u00fasqueda sobre turismo, hoteles, actividades&#8230; Tambi\u00e9n ofrece exposiciones y venta de artesan\u00eda. No pierda la oportunidad de visitar otros pueblos de la costa como comporta, carvalhal,<a href=\"https:\/\/espiritodacomporta.com\/es\/muda-comporta\/\"> muda<\/a> y brejos.  <\/p>\n\n<p class=\"is-style-text-intro\">Oficina de Turismo: Largo 25 de Abril, Melides Portugal \/ +351 269 979 066 \/ turismo@cm-grandola.pt<\/p>\n\n<div class=\"wp-block-columns is-layout-flex wp-container-core-columns-is-layout-9d6595d7 wp-block-columns-is-layout-flex\">\n<div class=\"wp-block-column is-layout-flow wp-block-column-is-layout-flow\">\n<h2 class=\"wp-block-heading is-style-big-title\" id=\"h-where-to-stay\">D\u00d3NDE ALOJARSE<\/h2>\n\n\n\n<p class=\"is-style-text-intro\">Toda la regi\u00f3n cuenta con unos pocos alojamientos. Lo bueno es que todo se puede explorar a corta distancia. Cerca de Melides, se encuentra la famosa aldea de Comporta, que tambi\u00e9n es un lugar excelente para pasar la noche. Eche un vistazo a los <a href=\"https:\/\/espiritodacomporta.com\/es\/hoteles-en-comporta-portugal\/\">hoteles<\/a> y <a href=\"https:\/\/espiritodacomporta.com\/es\/\">casas de vacaciones<\/a> privadas de Espirito da Comporta. \u00a1Buen viaje!    <\/p>\n<\/div>\n<\/div>\n","protected":false},"excerpt":{"rendered":"<p>La creciente popularidad de Comporta se est\u00e1 extendiendo a los dem\u00e1s pueblos y aldeas de los alrededores de la Herdade da Comporta. Es el caso de Melides, un encantador refugio situado un poco m\u00e1s al sur, a 20 minutos en coche. Aqu\u00ed encontrar\u00e1 un bonito pueblo encalado, casas pintadas de azul, un mercado cubierto en <\/p>\n<div class=\"goto\"><a href=\"https:\/\/espiritodacomporta.com\/es\/melides-portugal\/\">Leer m\u00e1s<\/a><\/div>\n","protected":false},"author":2,"featured_media":3708,"comment_status":"open","ping_status":"open","sticky":false,"template":"","format":"standard","meta":{"_acf_changed":false,"inline_featured_image":false,"footnotes":""},"categories":[1664],"tags":[],"class_list":["post-10138","post","type-post","status-publish","format-standard","has-post-thumbnail","hentry","category-buscando-la-belleza"],"acf":[],"yoast_head":"<!-- This site is optimized with the Yoast SEO Premium plugin v27.2 (Yoast SEO v27.2) - https:\/\/yoast.com\/product\/yoast-seo-premium-wordpress\/ -->\n<title>Secretos de Melides, Portugal - Restaurantes, playas y actividades<\/title>\n<meta name=\"description\" content=\"Descubra todos los secretos de Melides en Portugal: un pueblo encantador, los mejores restaurantes y actividades, y las playas m\u00e1s hermosas.\" \/>\n<meta name=\"robots\" content=\"index, follow, max-snippet:-1, max-image-preview:large, max-video-preview:-1\" \/>\n<link rel=\"canonical\" href=\"https:\/\/espiritodacomporta.com\/es\/melides-portugal\/\" \/>\n<meta property=\"og:locale\" content=\"es_ES\" \/>\n<meta property=\"og:type\" content=\"article\" \/>\n<meta property=\"og:title\" content=\"Los secretos de Melides en Portugal\" \/>\n<meta property=\"og:description\" content=\"Descubra todos los secretos de Melides en Portugal: un pueblo encantador, los mejores restaurantes y actividades, y las playas m\u00e1s hermosas.\" \/>\n<meta property=\"og:url\" content=\"https:\/\/espiritodacomporta.com\/es\/melides-portugal\/\" \/>\n<meta property=\"og:site_name\" content=\"Live &amp; Feel Comporta Portugal\" \/>\n<meta property=\"article:published_time\" content=\"2023-01-03T11:48:00+00:00\" \/>\n<meta property=\"article:modified_time\" content=\"2026-02-06T10:43:54+00:00\" \/>\n<meta property=\"og:image\" content=\"https:\/\/espiritodacomporta.com\/app\/uploads\/2019\/08\/melides3.jpg\" \/>\n\t<meta property=\"og:image:width\" content=\"1280\" \/>\n\t<meta property=\"og:image:height\" content=\"853\" \/>\n\t<meta property=\"og:image:type\" content=\"image\/jpeg\" \/>\n<meta name=\"author\" content=\"Charline Noblet\" \/>\n<meta name=\"twitter:card\" content=\"summary_large_image\" \/>\n<meta name=\"twitter:label1\" content=\"Escrito por\" \/>\n\t<meta name=\"twitter:data1\" content=\"Charline Noblet\" \/>\n\t<meta name=\"twitter:label2\" content=\"Tiempo de lectura\" \/>\n\t<meta name=\"twitter:data2\" content=\"5 minutos\" \/>\n<script type=\"application\/ld+json\" class=\"yoast-schema-graph\">{\"@context\":\"https:\/\/schema.org\",\"@graph\":[{\"@type\":\"Article\",\"@id\":\"https:\/\/espiritodacomporta.com\/es\/melides-portugal\/#article\",\"isPartOf\":{\"@id\":\"https:\/\/espiritodacomporta.com\/es\/melides-portugal\/\"},\"author\":{\"name\":\"Charline Noblet\",\"@id\":\"https:\/\/espiritodacomporta.com\/es\/#\/schema\/person\/6e1c66cf1c46ee5b2e07e9b72600eaee\"},\"headline\":\"Los secretos de Melides en Portugal\",\"datePublished\":\"2023-01-03T11:48:00+00:00\",\"dateModified\":\"2026-02-06T10:43:54+00:00\",\"mainEntityOfPage\":{\"@id\":\"https:\/\/espiritodacomporta.com\/es\/melides-portugal\/\"},\"wordCount\":850,\"commentCount\":0,\"publisher\":{\"@id\":\"https:\/\/espiritodacomporta.com\/es\/#organization\"},\"image\":{\"@id\":\"https:\/\/espiritodacomporta.com\/es\/melides-portugal\/#primaryimage\"},\"thumbnailUrl\":\"https:\/\/espiritodacomporta.com\/app\/uploads\/2019\/08\/melides3.jpg\",\"articleSection\":[\"Buscando la belleza\"],\"inLanguage\":\"es\",\"potentialAction\":[{\"@type\":\"CommentAction\",\"name\":\"Comment\",\"target\":[\"https:\/\/espiritodacomporta.com\/es\/melides-portugal\/#respond\"]}]},{\"@type\":\"WebPage\",\"@id\":\"https:\/\/espiritodacomporta.com\/es\/melides-portugal\/\",\"url\":\"https:\/\/espiritodacomporta.com\/es\/melides-portugal\/\",\"name\":\"Secretos de Melides, Portugal - Restaurantes, playas y actividades\",\"isPartOf\":{\"@id\":\"https:\/\/espiritodacomporta.com\/es\/#website\"},\"primaryImageOfPage\":{\"@id\":\"https:\/\/espiritodacomporta.com\/es\/melides-portugal\/#primaryimage\"},\"image\":{\"@id\":\"https:\/\/espiritodacomporta.com\/es\/melides-portugal\/#primaryimage\"},\"thumbnailUrl\":\"https:\/\/espiritodacomporta.com\/app\/uploads\/2019\/08\/melides3.jpg\",\"datePublished\":\"2023-01-03T11:48:00+00:00\",\"dateModified\":\"2026-02-06T10:43:54+00:00\",\"description\":\"Descubra todos los secretos de Melides en Portugal: un pueblo encantador, los mejores restaurantes y actividades, y las playas m\u00e1s hermosas.\",\"breadcrumb\":{\"@id\":\"https:\/\/espiritodacomporta.com\/es\/melides-portugal\/#breadcrumb\"},\"inLanguage\":\"es\",\"potentialAction\":[{\"@type\":\"ReadAction\",\"target\":[\"https:\/\/espiritodacomporta.com\/es\/melides-portugal\/\"]}]},{\"@type\":\"ImageObject\",\"inLanguage\":\"es\",\"@id\":\"https:\/\/espiritodacomporta.com\/es\/melides-portugal\/#primaryimage\",\"url\":\"https:\/\/espiritodacomporta.com\/app\/uploads\/2019\/08\/melides3.jpg\",\"contentUrl\":\"https:\/\/espiritodacomporta.com\/app\/uploads\/2019\/08\/melides3.jpg\",\"width\":1280,\"height\":853,\"caption\":\"melides\"},{\"@type\":\"BreadcrumbList\",\"@id\":\"https:\/\/espiritodacomporta.com\/es\/melides-portugal\/#breadcrumb\",\"itemListElement\":[{\"@type\":\"ListItem\",\"position\":1,\"name\":\"Home\",\"item\":\"https:\/\/espiritodacomporta.com\/es\/\"},{\"@type\":\"ListItem\",\"position\":2,\"name\":\"Descubre Comporta\",\"item\":\"https:\/\/espiritodacomporta.com\/es\/category\/descubre-comporta\/\"},{\"@type\":\"ListItem\",\"position\":3,\"name\":\"Buscando la belleza\",\"item\":\"https:\/\/espiritodacomporta.com\/es\/category\/descubre-comporta\/buscando-la-belleza\/\"},{\"@type\":\"ListItem\",\"position\":4,\"name\":\"Los secretos de Melides en Portugal\"}]},{\"@type\":\"WebSite\",\"@id\":\"https:\/\/espiritodacomporta.com\/es\/#website\",\"url\":\"https:\/\/espiritodacomporta.com\/es\/\",\"name\":\"Live & Feel Comporta Portugal\",\"description\":\"\",\"publisher\":{\"@id\":\"https:\/\/espiritodacomporta.com\/es\/#organization\"},\"potentialAction\":[{\"@type\":\"SearchAction\",\"target\":{\"@type\":\"EntryPoint\",\"urlTemplate\":\"https:\/\/espiritodacomporta.com\/es\/?s={search_term_string}\"},\"query-input\":{\"@type\":\"PropertyValueSpecification\",\"valueRequired\":true,\"valueName\":\"search_term_string\"}}],\"inLanguage\":\"es\"},{\"@type\":\"Organization\",\"@id\":\"https:\/\/espiritodacomporta.com\/es\/#organization\",\"name\":\"Espirito da Comporta\",\"url\":\"https:\/\/espiritodacomporta.com\/es\/\",\"logo\":{\"@type\":\"ImageObject\",\"inLanguage\":\"es\",\"@id\":\"https:\/\/espiritodacomporta.com\/es\/#\/schema\/logo\/image\/\",\"url\":\"https:\/\/espiritodacomporta.com\/app\/uploads\/2023\/09\/LOGO-SIGNATURE@4x.png\",\"contentUrl\":\"https:\/\/espiritodacomporta.com\/app\/uploads\/2023\/09\/LOGO-SIGNATURE@4x.png\",\"width\":321,\"height\":385,\"caption\":\"Espirito da Comporta\"},\"image\":{\"@id\":\"https:\/\/espiritodacomporta.com\/es\/#\/schema\/logo\/image\/\"},\"sameAs\":[\"https:\/\/www.instagram.com\/almadacomporta\/\"]},{\"@type\":\"Person\",\"@id\":\"https:\/\/espiritodacomporta.com\/es\/#\/schema\/person\/6e1c66cf1c46ee5b2e07e9b72600eaee\",\"name\":\"Charline Noblet\",\"image\":{\"@type\":\"ImageObject\",\"inLanguage\":\"es\",\"@id\":\"https:\/\/secure.gravatar.com\/avatar\/1cb8650c0f3cd8a96e31ebc41d5472b4785cb7753c9d361dbcb6ffc123643350?s=96&d=mm&r=g\",\"url\":\"https:\/\/secure.gravatar.com\/avatar\/1cb8650c0f3cd8a96e31ebc41d5472b4785cb7753c9d361dbcb6ffc123643350?s=96&d=mm&r=g\",\"contentUrl\":\"https:\/\/secure.gravatar.com\/avatar\/1cb8650c0f3cd8a96e31ebc41d5472b4785cb7753c9d361dbcb6ffc123643350?s=96&d=mm&r=g\",\"caption\":\"Charline Noblet\"}}]}<\/script>\n<!-- \/ Yoast SEO Premium plugin. -->","yoast_head_json":{"title":"Secretos de Melides, Portugal - Restaurantes, playas y actividades","description":"Descubra todos los secretos de Melides en Portugal: un pueblo encantador, los mejores restaurantes y actividades, y las playas m\u00e1s hermosas.","robots":{"index":"index","follow":"follow","max-snippet":"max-snippet:-1","max-image-preview":"max-image-preview:large","max-video-preview":"max-video-preview:-1"},"canonical":"https:\/\/espiritodacomporta.com\/es\/melides-portugal\/","og_locale":"es_ES","og_type":"article","og_title":"Los secretos de Melides en Portugal","og_description":"Descubra todos los secretos de Melides en Portugal: un pueblo encantador, los mejores restaurantes y actividades, y las playas m\u00e1s hermosas.","og_url":"https:\/\/espiritodacomporta.com\/es\/melides-portugal\/","og_site_name":"Live &amp; Feel Comporta Portugal","article_published_time":"2023-01-03T11:48:00+00:00","article_modified_time":"2026-02-06T10:43:54+00:00","og_image":[{"width":1280,"height":853,"url":"https:\/\/espiritodacomporta.com\/app\/uploads\/2019\/08\/melides3.jpg","type":"image\/jpeg"}],"author":"Charline Noblet","twitter_card":"summary_large_image","twitter_misc":{"Escrito por":"Charline Noblet","Tiempo de lectura":"5 minutos"},"schema":{"@context":"https:\/\/schema.org","@graph":[{"@type":"Article","@id":"https:\/\/espiritodacomporta.com\/es\/melides-portugal\/#article","isPartOf":{"@id":"https:\/\/espiritodacomporta.com\/es\/melides-portugal\/"},"author":{"name":"Charline Noblet","@id":"https:\/\/espiritodacomporta.com\/es\/#\/schema\/person\/6e1c66cf1c46ee5b2e07e9b72600eaee"},"headline":"Los secretos de Melides en Portugal","datePublished":"2023-01-03T11:48:00+00:00","dateModified":"2026-02-06T10:43:54+00:00","mainEntityOfPage":{"@id":"https:\/\/espiritodacomporta.com\/es\/melides-portugal\/"},"wordCount":850,"commentCount":0,"publisher":{"@id":"https:\/\/espiritodacomporta.com\/es\/#organization"},"image":{"@id":"https:\/\/espiritodacomporta.com\/es\/melides-portugal\/#primaryimage"},"thumbnailUrl":"https:\/\/espiritodacomporta.com\/app\/uploads\/2019\/08\/melides3.jpg","articleSection":["Buscando la belleza"],"inLanguage":"es","potentialAction":[{"@type":"CommentAction","name":"Comment","target":["https:\/\/espiritodacomporta.com\/es\/melides-portugal\/#respond"]}]},{"@type":"WebPage","@id":"https:\/\/espiritodacomporta.com\/es\/melides-portugal\/","url":"https:\/\/espiritodacomporta.com\/es\/melides-portugal\/","name":"Secretos de Melides, Portugal - Restaurantes, playas y actividades","isPartOf":{"@id":"https:\/\/espiritodacomporta.com\/es\/#website"},"primaryImageOfPage":{"@id":"https:\/\/espiritodacomporta.com\/es\/melides-portugal\/#primaryimage"},"image":{"@id":"https:\/\/espiritodacomporta.com\/es\/melides-portugal\/#primaryimage"},"thumbnailUrl":"https:\/\/espiritodacomporta.com\/app\/uploads\/2019\/08\/melides3.jpg","datePublished":"2023-01-03T11:48:00+00:00","dateModified":"2026-02-06T10:43:54+00:00","description":"Descubra todos los secretos de Melides en Portugal: un pueblo encantador, los mejores restaurantes y actividades, y las playas m\u00e1s hermosas.","breadcrumb":{"@id":"https:\/\/espiritodacomporta.com\/es\/melides-portugal\/#breadcrumb"},"inLanguage":"es","potentialAction":[{"@type":"ReadAction","target":["https:\/\/espiritodacomporta.com\/es\/melides-portugal\/"]}]},{"@type":"ImageObject","inLanguage":"es","@id":"https:\/\/espiritodacomporta.com\/es\/melides-portugal\/#primaryimage","url":"https:\/\/espiritodacomporta.com\/app\/uploads\/2019\/08\/melides3.jpg","contentUrl":"https:\/\/espiritodacomporta.com\/app\/uploads\/2019\/08\/melides3.jpg","width":1280,"height":853,"caption":"melides"},{"@type":"BreadcrumbList","@id":"https:\/\/espiritodacomporta.com\/es\/melides-portugal\/#breadcrumb","itemListElement":[{"@type":"ListItem","position":1,"name":"Home","item":"https:\/\/espiritodacomporta.com\/es\/"},{"@type":"ListItem","position":2,"name":"Descubre Comporta","item":"https:\/\/espiritodacomporta.com\/es\/category\/descubre-comporta\/"},{"@type":"ListItem","position":3,"name":"Buscando la belleza","item":"https:\/\/espiritodacomporta.com\/es\/category\/descubre-comporta\/buscando-la-belleza\/"},{"@type":"ListItem","position":4,"name":"Los secretos de Melides en Portugal"}]},{"@type":"WebSite","@id":"https:\/\/espiritodacomporta.com\/es\/#website","url":"https:\/\/espiritodacomporta.com\/es\/","name":"Live & Feel Comporta Portugal","description":"","publisher":{"@id":"https:\/\/espiritodacomporta.com\/es\/#organization"},"potentialAction":[{"@type":"SearchAction","target":{"@type":"EntryPoint","urlTemplate":"https:\/\/espiritodacomporta.com\/es\/?s={search_term_string}"},"query-input":{"@type":"PropertyValueSpecification","valueRequired":true,"valueName":"search_term_string"}}],"inLanguage":"es"},{"@type":"Organization","@id":"https:\/\/espiritodacomporta.com\/es\/#organization","name":"Espirito da Comporta","url":"https:\/\/espiritodacomporta.com\/es\/","logo":{"@type":"ImageObject","inLanguage":"es","@id":"https:\/\/espiritodacomporta.com\/es\/#\/schema\/logo\/image\/","url":"https:\/\/espiritodacomporta.com\/app\/uploads\/2023\/09\/LOGO-SIGNATURE@4x.png","contentUrl":"https:\/\/espiritodacomporta.com\/app\/uploads\/2023\/09\/LOGO-SIGNATURE@4x.png","width":321,"height":385,"caption":"Espirito da Comporta"},"image":{"@id":"https:\/\/espiritodacomporta.com\/es\/#\/schema\/logo\/image\/"},"sameAs":["https:\/\/www.instagram.com\/almadacomporta\/"]},{"@type":"Person","@id":"https:\/\/espiritodacomporta.com\/es\/#\/schema\/person\/6e1c66cf1c46ee5b2e07e9b72600eaee","name":"Charline Noblet","image":{"@type":"ImageObject","inLanguage":"es","@id":"https:\/\/secure.gravatar.com\/avatar\/1cb8650c0f3cd8a96e31ebc41d5472b4785cb7753c9d361dbcb6ffc123643350?s=96&d=mm&r=g","url":"https:\/\/secure.gravatar.com\/avatar\/1cb8650c0f3cd8a96e31ebc41d5472b4785cb7753c9d361dbcb6ffc123643350?s=96&d=mm&r=g","contentUrl":"https:\/\/secure.gravatar.com\/avatar\/1cb8650c0f3cd8a96e31ebc41d5472b4785cb7753c9d361dbcb6ffc123643350?s=96&d=mm&r=g","caption":"Charline Noblet"}}]}},"jetpack_featured_media_url":"https:\/\/espiritodacomporta.com\/app\/uploads\/2019\/08\/melides3.jpg","_links":{"self":[{"href":"https:\/\/espiritodacomporta.com\/es\/wp-json\/wp\/v2\/posts\/10138","targetHints":{"allow":["GET"]}}],"collection":[{"href":"https:\/\/espiritodacomporta.com\/es\/wp-json\/wp\/v2\/posts"}],"about":[{"href":"https:\/\/espiritodacomporta.com\/es\/wp-json\/wp\/v2\/types\/post"}],"author":[{"embeddable":true,"href":"https:\/\/espiritodacomporta.com\/es\/wp-json\/wp\/v2\/users\/2"}],"replies":[{"embeddable":true,"href":"https:\/\/espiritodacomporta.com\/es\/wp-json\/wp\/v2\/comments?post=10138"}],"version-history":[{"count":2,"href":"https:\/\/espiritodacomporta.com\/es\/wp-json\/wp\/v2\/posts\/10138\/revisions"}],"predecessor-version":[{"id":99336,"href":"https:\/\/espiritodacomporta.com\/es\/wp-json\/wp\/v2\/posts\/10138\/revisions\/99336"}],"wp:featuredmedia":[{"embeddable":true,"href":"https:\/\/espiritodacomporta.com\/es\/wp-json\/wp\/v2\/media\/3708"}],"wp:attachment":[{"href":"https:\/\/espiritodacomporta.com\/es\/wp-json\/wp\/v2\/media?parent=10138"}],"wp:term":[{"taxonomy":"category","embeddable":true,"href":"https:\/\/espiritodacomporta.com\/es\/wp-json\/wp\/v2\/categories?post=10138"},{"taxonomy":"post_tag","embeddable":true,"href":"https:\/\/espiritodacomporta.com\/es\/wp-json\/wp\/v2\/tags?post=10138"}],"curies":[{"name":"wp","href":"https:\/\/api.w.org\/{rel}","templated":true}]}}