{"id":44762,"date":"2023-09-28T17:20:00","date_gmt":"2023-09-28T15:20:00","guid":{"rendered":"https:\/\/espiritodacomporta.com\/?p=44762"},"modified":"2026-02-06T12:38:24","modified_gmt":"2026-02-06T10:38:24","slug":"invierno-en-portugal","status":"publish","type":"post","link":"https:\/\/espiritodacomporta.com\/es\/invierno-en-portugal\/","title":{"rendered":"Invierno en Portugal"},"content":{"rendered":"\n<p class=\"is-style-text-intro\">Portugal es un pa\u00eds relativamente peque\u00f1o con 10 millones de habitantes y 92.212 kil\u00f3metros cuadrados de superficie terrestre. Es un pa\u00eds que se encuentra en la Pen\u00ednsula Ib\u00e9rica y limita con Espa\u00f1a. Tiene dos archipi\u00e9lagos y un litoral de 2.830 km (entre archipi\u00e9lagos e islas). Portugal ofrece paisajes impresionantes, rica historia, cultura vibrante, cocina deliciosa, gente amable, arquitectura hist\u00f3rica y hermosas playas para una visita inolvidable. Durante el invierno es una excelente \u00e9poca para visitar.<\/p>\n\n\n<section class=\"homeblocks   \">\n    <section class=\"homeblocks-image \">\n                  <!-- <img decoding=\"async\" src=\"https:\/\/espiritodacomporta.com\/app\/uploads\/2023\/04\/2022-09-03-12.54.49-_1_-scaled.webp\" alt=\"Arrabida\"> -->\n          <img decoding=\"async\" width=\"2560\" height=\"1920\" src=\"https:\/\/espiritodacomporta.com\/app\/uploads\/2023\/04\/2022-09-03-12.54.49-_1_-scaled.webp\" class=\"attachment-full size-full\" alt=\"Arrabida\" loading=\"lazy\" srcset=\"https:\/\/espiritodacomporta.com\/app\/uploads\/2023\/04\/2022-09-03-12.54.49-_1_-scaled.webp 2560w, https:\/\/espiritodacomporta.com\/app\/uploads\/2023\/04\/2022-09-03-12.54.49-_1_-300x225.webp 300w, https:\/\/espiritodacomporta.com\/app\/uploads\/2023\/04\/2022-09-03-12.54.49-_1_-1024x768.webp 1024w, https:\/\/espiritodacomporta.com\/app\/uploads\/2023\/04\/2022-09-03-12.54.49-_1_-768x576.webp 768w, https:\/\/espiritodacomporta.com\/app\/uploads\/2023\/04\/2022-09-03-12.54.49-_1_-1536x1152.webp 1536w, https:\/\/espiritodacomporta.com\/app\/uploads\/2023\/04\/2022-09-03-12.54.49-_1_-2048x1536.webp 2048w\" sizes=\"auto, (max-width: 2560px) 100vw, 2560px\" data-attachment-id=\"50554\" data-permalink=\"https:\/\/espiritodacomporta.com\/es\/paseo-en-barco-en-comporta\/2022-09-03-12-54-49-_1_-2\/\" data-orig-file=\"https:\/\/espiritodacomporta.com\/app\/uploads\/2023\/04\/2022-09-03-12.54.49-_1_-scaled.webp\" data-orig-size=\"2560,1920\" data-comments-opened=\"0\" data-image-meta=\"{&quot;aperture&quot;:&quot;0&quot;,&quot;credit&quot;:&quot;&quot;,&quot;camera&quot;:&quot;&quot;,&quot;caption&quot;:&quot;&quot;,&quot;created_timestamp&quot;:&quot;0&quot;,&quot;copyright&quot;:&quot;&quot;,&quot;focal_length&quot;:&quot;0&quot;,&quot;iso&quot;:&quot;0&quot;,&quot;shutter_speed&quot;:&quot;0&quot;,&quot;title&quot;:&quot;&quot;,&quot;orientation&quot;:&quot;0&quot;}\" data-image-title=\"Arrabida\" data-image-description=\"\" data-image-caption=\"\" data-medium-file=\"https:\/\/espiritodacomporta.com\/app\/uploads\/2023\/04\/2022-09-03-12.54.49-_1_-300x225.webp\" data-large-file=\"https:\/\/espiritodacomporta.com\/app\/uploads\/2023\/04\/2022-09-03-12.54.49-_1_-1024x768.webp\" \/>\n            <\/section>\n    <section class=\"homeblocks-content\">\n        <div class=\"homeblocks-content-inside\">\n            <h3>Veranos secos e inviernos suaves y h\u00famedos.<\/h3>\n<p>Ba\u00f1ado por el Oc\u00e9ano Atl\u00e1ntico es un pa\u00eds con temperaturas suaves en los meses m\u00e1s fr\u00edos y calurosas (no extremas) en las temporadas de verano. Tiene 300 d\u00edas de sol, por lo que incluso en invierno puede presentar d\u00edas, aunque m\u00e1s fr\u00edos, muy soleados. Una cosa est\u00e1 clara: las zonas m\u00e1s al sur del pa\u00eds, como las regiones del Alentejo (<a href=\"https:\/\/espiritodacomporta.com\/es\/\">Comporta<\/a>, Sines, vila nova de mil fontes, odeceixe) o del Algarve (Lagos, albufeira, Vilamoura) son muy buscadas en esta \u00e9poca del a\u00f1o, porque Normalmente el sol es m\u00e1s fuerte. \u00a1Cuanto m\u00e1s al sur, m\u00e1s calor!<\/p>\n\n\n            \n                    <\/div>\n    <\/section>\n<\/section>\n\n\n\n<p><br><\/p>\n\n\n\n<div class=\"wp-block-columns is-layout-flex wp-container-core-columns-is-layout-9d6595d7 wp-block-columns-is-layout-flex\">\n<div class=\"wp-block-column is-layout-flow wp-block-column-is-layout-flow\">\n<h2 class=\"wp-block-heading is-style-big-title\" id=\"h-cuanto-frio-hace-en-portugal-en-invierno\">\u00bfCu\u00e1nto fr\u00edo hace en Portugal en invierno?<\/h2>\n<\/div>\n<\/div>\n\n\n\n<p class=\"has-text-align-center is-style-text-intro\">Portugal tiene un clima variado. Las zonas costeras experimentan temperaturas suaves durante todo el a\u00f1o, con veranos con un promedio de 25 a 30 \u00b0C (77 a 86 \u00b0F) y inviernos bastante suaves. Las zonas del interior tienen veranos m\u00e1s calurosos, que alcanzan los 35\u00b0C o m\u00e1s, e inviernos m\u00e1s fr\u00edos con heladas ocasionales. El Algarve disfruta de un clima mediterr\u00e1neo, caracterizado por veranos calurosos y secos e inviernos suaves y h\u00famedos. En general, Portugal ofrece un clima agradable para numerosos gustos.<\/p>\n\n\n<section class=\"homeblocks   \">\n    <section class=\"homeblocks-image  homeblocks-right \">\n                  <!-- <img decoding=\"async\" src=\"https:\/\/espiritodacomporta.com\/app\/uploads\/2022\/09\/douro-winter-portugal-scaled.webp\" alt=\"douro-winter-portugal\"> -->\n          <img decoding=\"async\" width=\"2560\" height=\"1830\" src=\"https:\/\/espiritodacomporta.com\/app\/uploads\/2022\/09\/douro-winter-portugal-scaled.webp\" class=\"attachment-full size-full\" alt=\"douro-winter-portugal\" loading=\"lazy\" srcset=\"https:\/\/espiritodacomporta.com\/app\/uploads\/2022\/09\/douro-winter-portugal-scaled.webp 2560w, https:\/\/espiritodacomporta.com\/app\/uploads\/2022\/09\/douro-winter-portugal-300x214.webp 300w, https:\/\/espiritodacomporta.com\/app\/uploads\/2022\/09\/douro-winter-portugal-1024x732.webp 1024w, https:\/\/espiritodacomporta.com\/app\/uploads\/2022\/09\/douro-winter-portugal-768x549.webp 768w, https:\/\/espiritodacomporta.com\/app\/uploads\/2022\/09\/douro-winter-portugal-1536x1098.webp 1536w, https:\/\/espiritodacomporta.com\/app\/uploads\/2022\/09\/douro-winter-portugal-2048x1464.webp 2048w\" sizes=\"auto, (max-width: 2560px) 100vw, 2560px\" data-attachment-id=\"44693\" data-permalink=\"https:\/\/espiritodacomporta.com\/es\/douro-winter-portugal-2\/\" data-orig-file=\"https:\/\/espiritodacomporta.com\/app\/uploads\/2022\/09\/douro-winter-portugal-scaled.webp\" data-orig-size=\"2560,1830\" data-comments-opened=\"0\" data-image-meta=\"{&quot;aperture&quot;:&quot;0&quot;,&quot;credit&quot;:&quot;&quot;,&quot;camera&quot;:&quot;&quot;,&quot;caption&quot;:&quot;&quot;,&quot;created_timestamp&quot;:&quot;0&quot;,&quot;copyright&quot;:&quot;&quot;,&quot;focal_length&quot;:&quot;0&quot;,&quot;iso&quot;:&quot;0&quot;,&quot;shutter_speed&quot;:&quot;0&quot;,&quot;title&quot;:&quot;&quot;,&quot;orientation&quot;:&quot;0&quot;}\" data-image-title=\"douro-winter-portugal\" data-image-description=\"\" data-image-caption=\"\" data-medium-file=\"https:\/\/espiritodacomporta.com\/app\/uploads\/2022\/09\/douro-winter-portugal-300x214.webp\" data-large-file=\"https:\/\/espiritodacomporta.com\/app\/uploads\/2022\/09\/douro-winter-portugal-1024x732.webp\" \/>\n            <\/section>\n    <section class=\"homeblocks-content\">\n        <div class=\"homeblocks-content-inside\">\n            <h3 style=\"text-align: left;\">En el norte<\/h3>\n<p style=\"text-align: left;\">El norte de Portugal presenta inviernos frescos y h\u00famedos, con temperaturas que oscilan entre 5 y 15 \u00b0C (41 y 59 \u00b0F) y heladas bajas, lo que proporciona una atm\u00f3sfera limpia. La temperatura media es de 10\u00ba grados (desde diciembre hasta finales de febrero). Esta es una regi\u00f3n grande y cuanto m\u00e1s al norte vas, m\u00e1s fr\u00edo hace. La gran ciudad de Oporto est\u00e1 situada al norte del pa\u00eds y tiene una temperatura media de 14\u00baC. Sin embargo, es una regi\u00f3n muy conocida en invierno por su clima que proporciona paisajes verdes y \u00fanicos.<\/p>\n\n\n            \n                    <\/div>\n    <\/section>\n<\/section>\n\n\n<section class=\"homeblocks   \">\n    <section class=\"homeblocks-image \">\n                  <!-- <img decoding=\"async\" src=\"https:\/\/espiritodacomporta.com\/app\/uploads\/2022\/09\/Screenshot-2024-01-24-at-13.07.34.png\" alt=\"serra-estrela\n\"> -->\n          <img decoding=\"async\" width=\"1336\" height=\"878\" src=\"https:\/\/espiritodacomporta.com\/app\/uploads\/2022\/09\/Screenshot-2024-01-24-at-13.07.34.png\" class=\"attachment-full size-full\" alt=\"serra-estrela\" loading=\"lazy\" srcset=\"https:\/\/espiritodacomporta.com\/app\/uploads\/2022\/09\/Screenshot-2024-01-24-at-13.07.34.png 1336w, https:\/\/espiritodacomporta.com\/app\/uploads\/2022\/09\/Screenshot-2024-01-24-at-13.07.34-300x197.png 300w, https:\/\/espiritodacomporta.com\/app\/uploads\/2022\/09\/Screenshot-2024-01-24-at-13.07.34-1024x673.png 1024w, https:\/\/espiritodacomporta.com\/app\/uploads\/2022\/09\/Screenshot-2024-01-24-at-13.07.34-768x505.png 768w\" sizes=\"auto, (max-width: 1336px) 100vw, 1336px\" data-attachment-id=\"57501\" data-permalink=\"https:\/\/espiritodacomporta.com\/es\/invierno-en-portugal\/screenshot-2024-01-24-at-13-07-34-2\/\" data-orig-file=\"https:\/\/espiritodacomporta.com\/app\/uploads\/2022\/09\/Screenshot-2024-01-24-at-13.07.34.png\" data-orig-size=\"1336,878\" data-comments-opened=\"0\" data-image-meta=\"{&quot;aperture&quot;:&quot;0&quot;,&quot;credit&quot;:&quot;&quot;,&quot;camera&quot;:&quot;&quot;,&quot;caption&quot;:&quot;&quot;,&quot;created_timestamp&quot;:&quot;0&quot;,&quot;copyright&quot;:&quot;&quot;,&quot;focal_length&quot;:&quot;0&quot;,&quot;iso&quot;:&quot;0&quot;,&quot;shutter_speed&quot;:&quot;0&quot;,&quot;title&quot;:&quot;&quot;,&quot;orientation&quot;:&quot;0&quot;}\" data-image-title=\"serra-estrela\" data-image-description=\"\" data-image-caption=\"\" data-medium-file=\"https:\/\/espiritodacomporta.com\/app\/uploads\/2022\/09\/Screenshot-2024-01-24-at-13.07.34-300x197.png\" data-large-file=\"https:\/\/espiritodacomporta.com\/app\/uploads\/2022\/09\/Screenshot-2024-01-24-at-13.07.34-1024x673.png\" \/>\n            <\/section>\n    <section class=\"homeblocks-content\">\n        <div class=\"homeblocks-content-inside\">\n            <h3 style=\"text-align: left;\">En el centro<\/h3>\n<p style=\"text-align: left;\">Un destino muy popular en los meses de invierno es el pueblo de Serra da Estrela: una joya de la naturaleza, donde se encuentran las altitudes m\u00e1s altas de Portugal. Si buscas nieve en Portugal, este es el lugar. En este pueblo las temperaturas pueden oscilar entre los -2 y 4\u00ba grados en los meses de diciembre, enero o febrero. Este es definitivamente el lugar m\u00e1s fr\u00edo de Portugal y, de hecho, vale la pena visitarlo. Las grandes ciudades como Lisboa (que tambi\u00e9n est\u00e1 en el centro) tienen temperaturas entre los 9\u00baC (m\u00ednima) y los 16\u00baC. \u00bfLa parte buena? La mayor\u00eda de los d\u00edas son soleados.<\/p>\n\n\n            \n                    <\/div>\n    <\/section>\n<\/section>\n\n\n<section class=\"homeblocks   \">\n    <section class=\"homeblocks-image  homeblocks-right \">\n                  <!-- <img decoding=\"async\" src=\"https:\/\/espiritodacomporta.com\/app\/uploads\/2022\/09\/algarve-winter-portugal.webp\" alt=\"algarve-winter-portugal\"> -->\n          <img decoding=\"async\" width=\"1800\" height=\"1012\" src=\"https:\/\/espiritodacomporta.com\/app\/uploads\/2022\/09\/algarve-winter-portugal.webp\" class=\"attachment-full size-full\" alt=\"algarve-winter-portugal\" loading=\"lazy\" srcset=\"https:\/\/espiritodacomporta.com\/app\/uploads\/2022\/09\/algarve-winter-portugal.webp 1800w, https:\/\/espiritodacomporta.com\/app\/uploads\/2022\/09\/algarve-winter-portugal-300x169.webp 300w, https:\/\/espiritodacomporta.com\/app\/uploads\/2022\/09\/algarve-winter-portugal-1024x576.webp 1024w, https:\/\/espiritodacomporta.com\/app\/uploads\/2022\/09\/algarve-winter-portugal-768x432.webp 768w, https:\/\/espiritodacomporta.com\/app\/uploads\/2022\/09\/algarve-winter-portugal-1536x864.webp 1536w\" sizes=\"auto, (max-width: 1800px) 100vw, 1800px\" data-attachment-id=\"44703\" data-permalink=\"https:\/\/espiritodacomporta.com\/es\/algarve-winter-portugal-2\/\" data-orig-file=\"https:\/\/espiritodacomporta.com\/app\/uploads\/2022\/09\/algarve-winter-portugal.webp\" data-orig-size=\"1800,1012\" data-comments-opened=\"0\" data-image-meta=\"{&quot;aperture&quot;:&quot;0&quot;,&quot;credit&quot;:&quot;&quot;,&quot;camera&quot;:&quot;&quot;,&quot;caption&quot;:&quot;&quot;,&quot;created_timestamp&quot;:&quot;0&quot;,&quot;copyright&quot;:&quot;&quot;,&quot;focal_length&quot;:&quot;0&quot;,&quot;iso&quot;:&quot;0&quot;,&quot;shutter_speed&quot;:&quot;0&quot;,&quot;title&quot;:&quot;&quot;,&quot;orientation&quot;:&quot;0&quot;}\" data-image-title=\"algarve-winter-portugal\" data-image-description=\"\" data-image-caption=\"\" data-medium-file=\"https:\/\/espiritodacomporta.com\/app\/uploads\/2022\/09\/algarve-winter-portugal-300x169.webp\" data-large-file=\"https:\/\/espiritodacomporta.com\/app\/uploads\/2022\/09\/algarve-winter-portugal-1024x576.webp\" \/>\n            <\/section>\n    <section class=\"homeblocks-content\">\n        <div class=\"homeblocks-content-inside\">\n            <h3 style=\"text-align: left;\">En el sur<\/h3>\n<p style=\"text-align: left;\">Al sur hablamos de la regi\u00f3n del Alentejo y el Algarve. Algarve es la regi\u00f3n m\u00e1s calurosa de Portugal, a excepci\u00f3n de la isla de Madeira (un archipi\u00e9lago de Portugal). En la regi\u00f3n del Alentejo las temperaturas medias rondan los 16\u00baC (dependiendo si est\u00e1s en la costa o en el interior) y en la regi\u00f3n del Algarve los 18\u00baC. La regi\u00f3n del Algarve disfruta de un clima mediterr\u00e1neo, caracterizado por veranos calurosos y secos e inviernos suaves y h\u00famedos.<\/p>\n\n\n            \n                    <\/div>\n    <\/section>\n<\/section>\n\n\n\n<div class=\"wp-block-columns is-layout-flex wp-container-core-columns-is-layout-9d6595d7 wp-block-columns-is-layout-flex\">\n<div class=\"wp-block-column is-layout-flow wp-block-column-is-layout-flow\" style=\"flex-basis:100%\">\n<p><br><\/p>\n\n\n\n<div class=\"wp-block-columns is-layout-flex wp-container-core-columns-is-layout-9d6595d7 wp-block-columns-is-layout-flex\">\n<div class=\"wp-block-column is-layout-flow wp-block-column-is-layout-flow\">\n<h2 class=\"wp-block-heading is-style-big-title\" id=\"h-que-parte-de-portugal-es-la-mas-calida-en-diciembre\">\u00bfQu\u00e9 parte de Portugal es la m\u00e1s c\u00e1lida en diciembre?<\/h2>\n<\/div>\n<\/div>\n<\/div>\n<\/div>\n\n\n\n<p class=\"has-text-align-center is-style-text-intro\">Alentejo es conocido por su tierra virgen, sus vi\u00f1edos, sus fant\u00e1sticas playas salvajes, la comida y pueblos como comporta, tr\u00f3ia, Melides. Las temperaturas medias, como mencionamos anteriormente, rondan los 16\u00baC, pero depende de d\u00f3nde te encuentres en esta regi\u00f3n. Hay pueblos del interior que tienen fama de ser fr\u00edos en invierno y muy calurosos en verano. El Algarve, a excepci\u00f3n de la isla de Madeira (archipi\u00e9lago portugu\u00e9s), es la regi\u00f3n m\u00e1s c\u00e1lida de Portugal en invierno.<\/p>\n\n\n<section class=\"homeblocks   \">\n    <section class=\"homeblocks-image \">\n                  <!-- <img decoding=\"async\" src=\"https:\/\/espiritodacomporta.com\/app\/uploads\/2022\/09\/portugal-serra-da-estrela.webp\" alt=\"portugal-serra-da-estrela\"> -->\n          <img decoding=\"async\" width=\"1920\" height=\"1440\" src=\"https:\/\/espiritodacomporta.com\/app\/uploads\/2022\/09\/portugal-serra-da-estrela.webp\" class=\"attachment-full size-full\" alt=\"portugal-serra-da-estrela\" loading=\"lazy\" srcset=\"https:\/\/espiritodacomporta.com\/app\/uploads\/2022\/09\/portugal-serra-da-estrela.webp 1920w, https:\/\/espiritodacomporta.com\/app\/uploads\/2022\/09\/portugal-serra-da-estrela-300x225.webp 300w, https:\/\/espiritodacomporta.com\/app\/uploads\/2022\/09\/portugal-serra-da-estrela-1024x768.webp 1024w, https:\/\/espiritodacomporta.com\/app\/uploads\/2022\/09\/portugal-serra-da-estrela-768x576.webp 768w, https:\/\/espiritodacomporta.com\/app\/uploads\/2022\/09\/portugal-serra-da-estrela-1536x1152.webp 1536w\" sizes=\"auto, (max-width: 1920px) 100vw, 1920px\" data-attachment-id=\"44698\" data-permalink=\"https:\/\/espiritodacomporta.com\/es\/portugal-serra-da-estrela-2\/\" data-orig-file=\"https:\/\/espiritodacomporta.com\/app\/uploads\/2022\/09\/portugal-serra-da-estrela.webp\" data-orig-size=\"1920,1440\" data-comments-opened=\"0\" data-image-meta=\"{&quot;aperture&quot;:&quot;0&quot;,&quot;credit&quot;:&quot;&quot;,&quot;camera&quot;:&quot;&quot;,&quot;caption&quot;:&quot;&quot;,&quot;created_timestamp&quot;:&quot;0&quot;,&quot;copyright&quot;:&quot;&quot;,&quot;focal_length&quot;:&quot;0&quot;,&quot;iso&quot;:&quot;0&quot;,&quot;shutter_speed&quot;:&quot;0&quot;,&quot;title&quot;:&quot;&quot;,&quot;orientation&quot;:&quot;0&quot;}\" data-image-title=\"portugal-serra-da-estrela\" data-image-description=\"\" data-image-caption=\"\" data-medium-file=\"https:\/\/espiritodacomporta.com\/app\/uploads\/2022\/09\/portugal-serra-da-estrela-300x225.webp\" data-large-file=\"https:\/\/espiritodacomporta.com\/app\/uploads\/2022\/09\/portugal-serra-da-estrela-1024x768.webp\" \/>\n            <\/section>\n    <section class=\"homeblocks-content\">\n        <div class=\"homeblocks-content-inside\">\n            <h3 style=\"text-align: left;\">\u00bfEn qu\u00e9 mes nieva en Portugal?<\/h3>\n<p style=\"text-align: left;\">Hay algunos pueblos\/distritos que pueden presentar nieve, como Bragan\u00e7a, Guarda, Castelo Branco, Vila Real y Viseu pero el m\u00e1s conocido y buscado es Serra da estrela (diciembre, enero y febrero). Como se habl\u00f3 en los primeros p\u00e1rrafos de este art\u00edculo, es un lugar inolvidable, donde muchos van a disfrutar de los paisajes y hacer\/iniciarse en el deporte del sky\/snowboard. Sin embargo, las pistas son ideales para aquellos que se inician o simplemente quieren disfrutar de la nieve.<\/p>\n\n\n            \n                    <\/div>\n    <\/section>\n<\/section>\n\n\n<section class=\"homeblocks   \">\n    <section class=\"homeblocks-image \">\n                  <!-- <img decoding=\"async\" src=\"https:\/\/espiritodacomporta.com\/app\/uploads\/2019\/05\/beach-coast-scaled.webp\" alt=\"beach-coast\"> -->\n          <img decoding=\"async\" width=\"2560\" height=\"1440\" src=\"https:\/\/espiritodacomporta.com\/app\/uploads\/2019\/05\/beach-coast-scaled.webp\" class=\"attachment-full size-full\" alt=\"beach-coast\" loading=\"lazy\" srcset=\"https:\/\/espiritodacomporta.com\/app\/uploads\/2019\/05\/beach-coast-scaled.webp 2560w, https:\/\/espiritodacomporta.com\/app\/uploads\/2019\/05\/beach-coast-300x169.webp 300w, https:\/\/espiritodacomporta.com\/app\/uploads\/2019\/05\/beach-coast-1024x576.webp 1024w, https:\/\/espiritodacomporta.com\/app\/uploads\/2019\/05\/beach-coast-768x432.webp 768w, https:\/\/espiritodacomporta.com\/app\/uploads\/2019\/05\/beach-coast-1536x864.webp 1536w, https:\/\/espiritodacomporta.com\/app\/uploads\/2019\/05\/beach-coast-2048x1152.webp 2048w\" sizes=\"auto, (max-width: 2560px) 100vw, 2560px\" data-attachment-id=\"29108\" data-permalink=\"https:\/\/espiritodacomporta.com\/es\/playas-de-comporta-los-lugares-mas-bonitos\/beach-coast-2\/\" data-orig-file=\"https:\/\/espiritodacomporta.com\/app\/uploads\/2019\/05\/beach-coast-scaled.webp\" data-orig-size=\"2560,1440\" data-comments-opened=\"0\" data-image-meta=\"{&quot;aperture&quot;:&quot;0&quot;,&quot;credit&quot;:&quot;&quot;,&quot;camera&quot;:&quot;&quot;,&quot;caption&quot;:&quot;&quot;,&quot;created_timestamp&quot;:&quot;0&quot;,&quot;copyright&quot;:&quot;&quot;,&quot;focal_length&quot;:&quot;0&quot;,&quot;iso&quot;:&quot;0&quot;,&quot;shutter_speed&quot;:&quot;0&quot;,&quot;title&quot;:&quot;&quot;,&quot;orientation&quot;:&quot;0&quot;}\" data-image-title=\"beach-coast\" data-image-description=\"\" data-image-caption=\"\" data-medium-file=\"https:\/\/espiritodacomporta.com\/app\/uploads\/2019\/05\/beach-coast-300x169.webp\" data-large-file=\"https:\/\/espiritodacomporta.com\/app\/uploads\/2019\/05\/beach-coast-1024x576.webp\" \/>\n            <\/section>\n    <section class=\"homeblocks-content\">\n        <div class=\"homeblocks-content-inside\">\n            <h3>\u00bfEl Alentejo tiene playas?<\/h3>\n<p>Es una regi\u00f3n que tiene un litoral muy extenso y pueblos como Comporta, Troia, Melides y Vila Nova de Mil Fontes. La costa del Alentejo tiene m\u00e1s de 150 kil\u00f3metros de longitud. \u00a1Hay playas para todos los gustos! Las temperaturas moderadas de la regi\u00f3n invitan a paseos tranquilos por la arena, lo que permite una referencia no violenta a la naturaleza. Experimente el esplendor natural de las playas del Alentejo en un lugar fresco, lejos de las multitudes del verano.<\/p>\n\n\n            \n                    <\/div>\n    <\/section>\n<\/section>\n\n\n<section class=\"homeblocks   section-beige  \">\n    <section class=\"homeblocks-image  homeblocks-right \">\n                  <!-- <img decoding=\"async\" src=\"https:\/\/espiritodacomporta.com\/app\/uploads\/2022\/09\/Flor-de-arroz.webp\" alt=\"Flor-de-arroz\"> -->\n          <img decoding=\"async\" width=\"2122\" height=\"1412\" src=\"https:\/\/espiritodacomporta.com\/app\/uploads\/2022\/09\/Flor-de-arroz.webp\" class=\"attachment-full size-full\" alt=\"Flor-de-arroz\" loading=\"lazy\" srcset=\"https:\/\/espiritodacomporta.com\/app\/uploads\/2022\/09\/Flor-de-arroz.webp 2122w, https:\/\/espiritodacomporta.com\/app\/uploads\/2022\/09\/Flor-de-arroz-300x200.webp 300w, https:\/\/espiritodacomporta.com\/app\/uploads\/2022\/09\/Flor-de-arroz-1024x681.webp 1024w, https:\/\/espiritodacomporta.com\/app\/uploads\/2022\/09\/Flor-de-arroz-768x511.webp 768w, https:\/\/espiritodacomporta.com\/app\/uploads\/2022\/09\/Flor-de-arroz-1536x1022.webp 1536w, https:\/\/espiritodacomporta.com\/app\/uploads\/2022\/09\/Flor-de-arroz-2048x1363.webp 2048w\" sizes=\"auto, (max-width: 2122px) 100vw, 2122px\" data-attachment-id=\"57489\" data-permalink=\"https:\/\/espiritodacomporta.com\/es\/invierno-en-portugal\/flor-de-arroz-3-2\/\" data-orig-file=\"https:\/\/espiritodacomporta.com\/app\/uploads\/2022\/09\/Flor-de-arroz.webp\" data-orig-size=\"2122,1412\" data-comments-opened=\"0\" data-image-meta=\"{&quot;aperture&quot;:&quot;0&quot;,&quot;credit&quot;:&quot;&quot;,&quot;camera&quot;:&quot;&quot;,&quot;caption&quot;:&quot;&quot;,&quot;created_timestamp&quot;:&quot;0&quot;,&quot;copyright&quot;:&quot;&quot;,&quot;focal_length&quot;:&quot;0&quot;,&quot;iso&quot;:&quot;0&quot;,&quot;shutter_speed&quot;:&quot;0&quot;,&quot;title&quot;:&quot;&quot;,&quot;orientation&quot;:&quot;0&quot;}\" data-image-title=\"Flor-de-arroz\" data-image-description=\"\" data-image-caption=\"\" data-medium-file=\"https:\/\/espiritodacomporta.com\/app\/uploads\/2022\/09\/Flor-de-arroz-300x200.webp\" data-large-file=\"https:\/\/espiritodacomporta.com\/app\/uploads\/2022\/09\/Flor-de-arroz-1024x681.webp\" \/>\n            <\/section>\n    <section class=\"homeblocks-content\">\n        <div class=\"homeblocks-content-inside\">\n            <h3>Comporta \u2013 Un destino de ensue\u00f1o<\/h3>\n<p>Comporta es sin duda la m\u00e1s cotizada y ha crecido mucho en los \u00faltimos a\u00f1os. Adem\u00e1s de la playa (que a pesar de hacer fr\u00edo, ya que el invierno es mayormente soleado, puedes tomar un chocolate caliente en la playa), hay otros atractivos en toda la regi\u00f3n. Incluso en los d\u00edas menos soleados, sepa qu\u00e9 hacer en Comporta cuando llueve. Las nuevas casas de vacaciones est\u00e1n preparadas con todas las comodidades necesarias para unos d\u00edas de invierno.<\/p>\n<p><!-- \/wp:paragraph --><\/p>\n\n\n            \n                    <\/div>\n    <\/section>\n<\/section>\n\n\n\n<p><br><\/p>\n\n\n<section class=\"homeblocks   section-beige  \">\n    <section class=\"homeblocks-image \">\n                  <!-- <img decoding=\"async\" src=\"https:\/\/espiritodacomporta.com\/app\/uploads\/2022\/06\/Campo-de-arroz-3-scaled.webp\" alt=\"Campo-de-arroz\"> -->\n          <img decoding=\"async\" width=\"2560\" height=\"1919\" src=\"https:\/\/espiritodacomporta.com\/app\/uploads\/2022\/06\/Campo-de-arroz-3-scaled.webp\" class=\"attachment-full size-full\" alt=\"Campo-de-arroz\" loading=\"lazy\" srcset=\"https:\/\/espiritodacomporta.com\/app\/uploads\/2022\/06\/Campo-de-arroz-3-scaled.webp 2560w, https:\/\/espiritodacomporta.com\/app\/uploads\/2022\/06\/Campo-de-arroz-3-300x225.webp 300w, https:\/\/espiritodacomporta.com\/app\/uploads\/2022\/06\/Campo-de-arroz-3-1024x767.webp 1024w, https:\/\/espiritodacomporta.com\/app\/uploads\/2022\/06\/Campo-de-arroz-3-768x576.webp 768w, https:\/\/espiritodacomporta.com\/app\/uploads\/2022\/06\/Campo-de-arroz-3-1536x1151.webp 1536w, https:\/\/espiritodacomporta.com\/app\/uploads\/2022\/06\/Campo-de-arroz-3-2048x1535.webp 2048w\" sizes=\"auto, (max-width: 2560px) 100vw, 2560px\" data-attachment-id=\"29771\" data-permalink=\"https:\/\/espiritodacomporta.com\/es\/hoteles-en-comporta-portugal\/campo-de-arroz-3-2\/\" data-orig-file=\"https:\/\/espiritodacomporta.com\/app\/uploads\/2022\/06\/Campo-de-arroz-3-scaled.webp\" data-orig-size=\"2560,1919\" data-comments-opened=\"0\" data-image-meta=\"{&quot;aperture&quot;:&quot;0&quot;,&quot;credit&quot;:&quot;&quot;,&quot;camera&quot;:&quot;&quot;,&quot;caption&quot;:&quot;&quot;,&quot;created_timestamp&quot;:&quot;0&quot;,&quot;copyright&quot;:&quot;&quot;,&quot;focal_length&quot;:&quot;0&quot;,&quot;iso&quot;:&quot;0&quot;,&quot;shutter_speed&quot;:&quot;0&quot;,&quot;title&quot;:&quot;&quot;,&quot;orientation&quot;:&quot;0&quot;}\" data-image-title=\"Campo-de-arroz\" data-image-description=\"\" data-image-caption=\"\" data-medium-file=\"https:\/\/espiritodacomporta.com\/app\/uploads\/2022\/06\/Campo-de-arroz-3-300x225.webp\" data-large-file=\"https:\/\/espiritodacomporta.com\/app\/uploads\/2022\/06\/Campo-de-arroz-3-1024x767.webp\" \/>\n            <\/section>\n    <section class=\"homeblocks-content\">\n        <div class=\"homeblocks-content-inside\">\n            <p style=\"text-align: left;\">Es una regi\u00f3n en crecimiento y con algunas opciones de <a href=\"https:\/\/espiritodacomporta.com\/es\/hoteles-en-comporta-portugal\/\">hoteles en comporta<\/a>. Las <a href=\"https:\/\/espiritodacomporta.com\/es\/casas\/\">casas de vacaciones Espirito da Comporta<\/a>, adem\u00e1s de estar completamente equipadas para todas las estaciones, cuentan con chimenea, climatizaci\u00f3n y calefacci\u00f3n por suelo radiante en algunas propiedades, adem\u00e1s de que todas tienen una vista despejada a los arrozales. \u00a1Es el retiro correcto! Aprovecha el clima m\u00e1s fresco para permanecer completamente aislado en una propiedad con todo el confort.<\/p>\n\n\n            \n                    <\/div>\n    <\/section>\n<\/section>\n\n\n<section class=\"homeblocks   \">\n    <section class=\"homeblocks-image  homeblocks-right \">\n                  <!-- <img decoding=\"async\" src=\"https:\/\/espiritodacomporta.com\/app\/uploads\/2022\/09\/algarve-formos-winter-Port.webp\" alt=\"ria-formosa-algarve\"> -->\n          <img decoding=\"async\" width=\"1128\" height=\"708\" src=\"https:\/\/espiritodacomporta.com\/app\/uploads\/2022\/09\/algarve-formos-winter-Port.webp\" class=\"attachment-full size-full\" alt=\"ria-formosa-algarve\" loading=\"lazy\" srcset=\"https:\/\/espiritodacomporta.com\/app\/uploads\/2022\/09\/algarve-formos-winter-Port.webp 1128w, https:\/\/espiritodacomporta.com\/app\/uploads\/2022\/09\/algarve-formos-winter-Port-300x188.webp 300w, https:\/\/espiritodacomporta.com\/app\/uploads\/2022\/09\/algarve-formos-winter-Port-1024x643.webp 1024w, https:\/\/espiritodacomporta.com\/app\/uploads\/2022\/09\/algarve-formos-winter-Port-768x482.webp 768w\" sizes=\"auto, (max-width: 1128px) 100vw, 1128px\" data-attachment-id=\"44713\" data-permalink=\"https:\/\/espiritodacomporta.com\/es\/algarve-formos-winter-port-2\/\" data-orig-file=\"https:\/\/espiritodacomporta.com\/app\/uploads\/2022\/09\/algarve-formos-winter-Port.webp\" data-orig-size=\"1128,708\" data-comments-opened=\"0\" data-image-meta=\"{&quot;aperture&quot;:&quot;0&quot;,&quot;credit&quot;:&quot;&quot;,&quot;camera&quot;:&quot;&quot;,&quot;caption&quot;:&quot;&quot;,&quot;created_timestamp&quot;:&quot;0&quot;,&quot;copyright&quot;:&quot;&quot;,&quot;focal_length&quot;:&quot;0&quot;,&quot;iso&quot;:&quot;0&quot;,&quot;shutter_speed&quot;:&quot;0&quot;,&quot;title&quot;:&quot;&quot;,&quot;orientation&quot;:&quot;0&quot;}\" data-image-title=\"algarve-formos-winter-Port\" data-image-description=\"\" data-image-caption=\"\" data-medium-file=\"https:\/\/espiritodacomporta.com\/app\/uploads\/2022\/09\/algarve-formos-winter-Port-300x188.webp\" data-large-file=\"https:\/\/espiritodacomporta.com\/app\/uploads\/2022\/09\/algarve-formos-winter-Port-1024x643.webp\" \/>\n            <\/section>\n    <section class=\"homeblocks-content\">\n        <div class=\"homeblocks-content-inside\">\n            <h3 style=\"text-align: left;\">\u00bfHace calor en el Algarve en invierno?<\/h3>\n<p style=\"text-align: left;\">Si busca tranquilidad pero con la posibilidad de disfrutar de m\u00e1s estructura, el Algarve puede ser una soluci\u00f3n: \u00a1es la regi\u00f3n m\u00e1s calurosa de Portugal continental! Algarve es una regi\u00f3n grande y los lugares m\u00e1s famosos son Lagos, Vilamoura y Albufeira. Son pueblos muy concurridos en verano, por lo que te alegrar\u00e1 disfrutarlos con mucha menos gente. Sin embargo, el Algarve tiene un paisaje excepcional.<\/p>\n\n\n            \n                    <\/div>\n    <\/section>\n<\/section>\n\n\n\n<h3 class=\"wp-block-heading has-text-align-center\" id=\"h-\"><\/h3>\n\n\n\n<div class=\"wp-block-columns is-layout-flex wp-container-core-columns-is-layout-9d6595d7 wp-block-columns-is-layout-flex\">\n<div class=\"wp-block-column is-layout-flow wp-block-column-is-layout-flow\">\n<h2 class=\"wp-block-heading is-style-big-title\" id=\"h-donde-esta-el-mejor-lugar-para-invierno-en-portugal\">\u00bfD\u00d3NDE EST\u00c1 EL MEJOR LUGAR PARA INVIERNO EN PORTUGAL?<\/h2>\n\n\n\n<p class=\"has-text-align-center is-style-text-intro\">Para nieve responde la pregunta anterior (Serra da estrela). Si el objetivo es disfrutar de la cultura y la historia, grandes ciudades como Oporto, Braga, Coimbra, Lisboa satisfar\u00e1n sus peticiones. Si eres amante del surf y quieres ver las olas m\u00e1s grandes del mundo, Nazar\u00e9 es tu destino y si eres una persona que s\u00f3lo quiere relajarse y disfrutar de la naturaleza soleada en el invierno en Portugal, Alentejo es una excelente opci\u00f3n. \u00a1Decidas lo que decidas hacer, los d\u00edas estar\u00e1n muy bien aprovechados!<\/p>\n<\/div>\n<\/div>\n","protected":false},"excerpt":{"rendered":"<p>Portugal es un pa\u00eds relativamente peque\u00f1o con 10 millones de habitantes y 92.212 kil\u00f3metros cuadrados de superficie terrestre. Es un pa\u00eds que se encuentra en la Pen\u00ednsula Ib\u00e9rica y limita con Espa\u00f1a. Tiene dos archipi\u00e9lagos y un litoral de 2.830 km (entre archipi\u00e9lagos e islas). Portugal ofrece paisajes impresionantes, rica historia, cultura vibrante, cocina deliciosa, <\/p>\n<div class=\"goto\"><a href=\"https:\/\/espiritodacomporta.com\/es\/invierno-en-portugal\/\">Leer m\u00e1s<\/a><\/div>\n","protected":false},"author":7,"featured_media":44728,"comment_status":"open","ping_status":"open","sticky":false,"template":"","format":"standard","meta":{"_acf_changed":false,"inline_featured_image":false,"footnotes":""},"categories":[1664,1797],"tags":[],"class_list":["post-44762","post","type-post","status-publish","format-standard","has-post-thumbnail","hentry","category-buscando-la-belleza","category-sentir-la-naturaleza"],"acf":[],"yoast_head":"<!-- This site is optimized with the Yoast SEO Premium plugin v27.2 (Yoast SEO v27.2) - https:\/\/yoast.com\/product\/yoast-seo-premium-wordpress\/ -->\n<title>Invierno en Portugal<\/title>\n<meta name=\"description\" content=\"Las temperaturas invernales de Portugal son menos fr\u00edas que las de la mayor\u00eda de los pa\u00edses europeos. Perfecto para unos d\u00edas de vacaciones. Conozca los mejores lugares\" \/>\n<meta name=\"robots\" content=\"index, follow, max-snippet:-1, max-image-preview:large, max-video-preview:-1\" \/>\n<link rel=\"canonical\" href=\"https:\/\/espiritodacomporta.com\/es\/invierno-en-portugal\/\" \/>\n<meta property=\"og:locale\" content=\"es_ES\" \/>\n<meta property=\"og:type\" content=\"article\" \/>\n<meta property=\"og:title\" content=\"Invierno en Portugal\" \/>\n<meta property=\"og:description\" content=\"Las temperaturas invernales de Portugal son menos fr\u00edas que las de la mayor\u00eda de los pa\u00edses europeos. Perfecto para unos d\u00edas de vacaciones. Conozca los mejores lugares\" \/>\n<meta property=\"og:url\" content=\"https:\/\/espiritodacomporta.com\/es\/invierno-en-portugal\/\" \/>\n<meta property=\"og:site_name\" content=\"Live &amp; Feel Comporta Portugal\" \/>\n<meta property=\"article:published_time\" content=\"2023-09-28T15:20:00+00:00\" \/>\n<meta property=\"article:modified_time\" content=\"2026-02-06T10:38:24+00:00\" \/>\n<meta property=\"og:image\" content=\"https:\/\/espiritodacomporta.com\/app\/uploads\/2022\/09\/comporta-rice-fields-scaled.jpg\" \/>\n\t<meta property=\"og:image:width\" content=\"2560\" \/>\n\t<meta property=\"og:image:height\" content=\"1440\" \/>\n\t<meta property=\"og:image:type\" content=\"image\/jpeg\" \/>\n<meta name=\"author\" content=\"Info\" \/>\n<meta name=\"twitter:card\" content=\"summary_large_image\" \/>\n<meta name=\"twitter:label1\" content=\"Escrito por\" \/>\n\t<meta name=\"twitter:data1\" content=\"Info\" \/>\n\t<meta name=\"twitter:label2\" content=\"Tiempo de lectura\" \/>\n\t<meta name=\"twitter:data2\" content=\"2 minutos\" \/>\n<script type=\"application\/ld+json\" class=\"yoast-schema-graph\">{\"@context\":\"https:\/\/schema.org\",\"@graph\":[{\"@type\":\"Article\",\"@id\":\"https:\/\/espiritodacomporta.com\/es\/invierno-en-portugal\/#article\",\"isPartOf\":{\"@id\":\"https:\/\/espiritodacomporta.com\/es\/invierno-en-portugal\/\"},\"author\":{\"name\":\"Info\",\"@id\":\"https:\/\/espiritodacomporta.com\/es\/#\/schema\/person\/c76d29ce59d104bde14812d3465de878\"},\"headline\":\"Invierno en Portugal\",\"datePublished\":\"2023-09-28T15:20:00+00:00\",\"dateModified\":\"2026-02-06T10:38:24+00:00\",\"mainEntityOfPage\":{\"@id\":\"https:\/\/espiritodacomporta.com\/es\/invierno-en-portugal\/\"},\"wordCount\":379,\"commentCount\":0,\"publisher\":{\"@id\":\"https:\/\/espiritodacomporta.com\/es\/#organization\"},\"image\":{\"@id\":\"https:\/\/espiritodacomporta.com\/es\/invierno-en-portugal\/#primaryimage\"},\"thumbnailUrl\":\"https:\/\/espiritodacomporta.com\/app\/uploads\/2022\/09\/comporta-rice-fields-scaled.jpg\",\"articleSection\":[\"Buscando la belleza\",\"Sentir la naturaleza\"],\"inLanguage\":\"es\",\"potentialAction\":[{\"@type\":\"CommentAction\",\"name\":\"Comment\",\"target\":[\"https:\/\/espiritodacomporta.com\/es\/invierno-en-portugal\/#respond\"]}]},{\"@type\":\"WebPage\",\"@id\":\"https:\/\/espiritodacomporta.com\/es\/invierno-en-portugal\/\",\"url\":\"https:\/\/espiritodacomporta.com\/es\/invierno-en-portugal\/\",\"name\":\"Invierno en Portugal\",\"isPartOf\":{\"@id\":\"https:\/\/espiritodacomporta.com\/es\/#website\"},\"primaryImageOfPage\":{\"@id\":\"https:\/\/espiritodacomporta.com\/es\/invierno-en-portugal\/#primaryimage\"},\"image\":{\"@id\":\"https:\/\/espiritodacomporta.com\/es\/invierno-en-portugal\/#primaryimage\"},\"thumbnailUrl\":\"https:\/\/espiritodacomporta.com\/app\/uploads\/2022\/09\/comporta-rice-fields-scaled.jpg\",\"datePublished\":\"2023-09-28T15:20:00+00:00\",\"dateModified\":\"2026-02-06T10:38:24+00:00\",\"description\":\"Las temperaturas invernales de Portugal son menos fr\u00edas que las de la mayor\u00eda de los pa\u00edses europeos. Perfecto para unos d\u00edas de vacaciones. Conozca los mejores lugares\",\"breadcrumb\":{\"@id\":\"https:\/\/espiritodacomporta.com\/es\/invierno-en-portugal\/#breadcrumb\"},\"inLanguage\":\"es\",\"potentialAction\":[{\"@type\":\"ReadAction\",\"target\":[\"https:\/\/espiritodacomporta.com\/es\/invierno-en-portugal\/\"]}]},{\"@type\":\"ImageObject\",\"inLanguage\":\"es\",\"@id\":\"https:\/\/espiritodacomporta.com\/es\/invierno-en-portugal\/#primaryimage\",\"url\":\"https:\/\/espiritodacomporta.com\/app\/uploads\/2022\/09\/comporta-rice-fields-scaled.jpg\",\"contentUrl\":\"https:\/\/espiritodacomporta.com\/app\/uploads\/2022\/09\/comporta-rice-fields-scaled.jpg\",\"width\":2560,\"height\":1440,\"caption\":\"comporta-rice-fields\"},{\"@type\":\"BreadcrumbList\",\"@id\":\"https:\/\/espiritodacomporta.com\/es\/invierno-en-portugal\/#breadcrumb\",\"itemListElement\":[{\"@type\":\"ListItem\",\"position\":1,\"name\":\"Home\",\"item\":\"https:\/\/espiritodacomporta.com\/es\/\"},{\"@type\":\"ListItem\",\"position\":2,\"name\":\"Descubre Comporta\",\"item\":\"https:\/\/espiritodacomporta.com\/es\/category\/descubre-comporta\/\"},{\"@type\":\"ListItem\",\"position\":3,\"name\":\"Buscando la belleza\",\"item\":\"https:\/\/espiritodacomporta.com\/es\/category\/descubre-comporta\/buscando-la-belleza\/\"},{\"@type\":\"ListItem\",\"position\":4,\"name\":\"Invierno en Portugal\"}]},{\"@type\":\"WebSite\",\"@id\":\"https:\/\/espiritodacomporta.com\/es\/#website\",\"url\":\"https:\/\/espiritodacomporta.com\/es\/\",\"name\":\"Live & Feel Comporta Portugal\",\"description\":\"\",\"publisher\":{\"@id\":\"https:\/\/espiritodacomporta.com\/es\/#organization\"},\"potentialAction\":[{\"@type\":\"SearchAction\",\"target\":{\"@type\":\"EntryPoint\",\"urlTemplate\":\"https:\/\/espiritodacomporta.com\/es\/?s={search_term_string}\"},\"query-input\":{\"@type\":\"PropertyValueSpecification\",\"valueRequired\":true,\"valueName\":\"search_term_string\"}}],\"inLanguage\":\"es\"},{\"@type\":\"Organization\",\"@id\":\"https:\/\/espiritodacomporta.com\/es\/#organization\",\"name\":\"Espirito da Comporta\",\"url\":\"https:\/\/espiritodacomporta.com\/es\/\",\"logo\":{\"@type\":\"ImageObject\",\"inLanguage\":\"es\",\"@id\":\"https:\/\/espiritodacomporta.com\/es\/#\/schema\/logo\/image\/\",\"url\":\"https:\/\/espiritodacomporta.com\/app\/uploads\/2023\/09\/LOGO-SIGNATURE@4x.png\",\"contentUrl\":\"https:\/\/espiritodacomporta.com\/app\/uploads\/2023\/09\/LOGO-SIGNATURE@4x.png\",\"width\":321,\"height\":385,\"caption\":\"Espirito da Comporta\"},\"image\":{\"@id\":\"https:\/\/espiritodacomporta.com\/es\/#\/schema\/logo\/image\/\"},\"sameAs\":[\"https:\/\/www.instagram.com\/almadacomporta\/\"]},{\"@type\":\"Person\",\"@id\":\"https:\/\/espiritodacomporta.com\/es\/#\/schema\/person\/c76d29ce59d104bde14812d3465de878\",\"name\":\"Info\",\"image\":{\"@type\":\"ImageObject\",\"inLanguage\":\"es\",\"@id\":\"https:\/\/secure.gravatar.com\/avatar\/dee735d7b19944762d18cdf00966586c0ffcea9da4d03f8be9d25dcff9972207?s=96&d=mm&r=g\",\"url\":\"https:\/\/secure.gravatar.com\/avatar\/dee735d7b19944762d18cdf00966586c0ffcea9da4d03f8be9d25dcff9972207?s=96&d=mm&r=g\",\"contentUrl\":\"https:\/\/secure.gravatar.com\/avatar\/dee735d7b19944762d18cdf00966586c0ffcea9da4d03f8be9d25dcff9972207?s=96&d=mm&r=g\",\"caption\":\"Info\"}}]}<\/script>\n<!-- \/ Yoast SEO Premium plugin. -->","yoast_head_json":{"title":"Invierno en Portugal","description":"Las temperaturas invernales de Portugal son menos fr\u00edas que las de la mayor\u00eda de los pa\u00edses europeos. Perfecto para unos d\u00edas de vacaciones. Conozca los mejores lugares","robots":{"index":"index","follow":"follow","max-snippet":"max-snippet:-1","max-image-preview":"max-image-preview:large","max-video-preview":"max-video-preview:-1"},"canonical":"https:\/\/espiritodacomporta.com\/es\/invierno-en-portugal\/","og_locale":"es_ES","og_type":"article","og_title":"Invierno en Portugal","og_description":"Las temperaturas invernales de Portugal son menos fr\u00edas que las de la mayor\u00eda de los pa\u00edses europeos. Perfecto para unos d\u00edas de vacaciones. Conozca los mejores lugares","og_url":"https:\/\/espiritodacomporta.com\/es\/invierno-en-portugal\/","og_site_name":"Live &amp; Feel Comporta Portugal","article_published_time":"2023-09-28T15:20:00+00:00","article_modified_time":"2026-02-06T10:38:24+00:00","og_image":[{"width":2560,"height":1440,"url":"https:\/\/espiritodacomporta.com\/app\/uploads\/2022\/09\/comporta-rice-fields-scaled.jpg","type":"image\/jpeg"}],"author":"Info","twitter_card":"summary_large_image","twitter_misc":{"Escrito por":"Info","Tiempo de lectura":"2 minutos"},"schema":{"@context":"https:\/\/schema.org","@graph":[{"@type":"Article","@id":"https:\/\/espiritodacomporta.com\/es\/invierno-en-portugal\/#article","isPartOf":{"@id":"https:\/\/espiritodacomporta.com\/es\/invierno-en-portugal\/"},"author":{"name":"Info","@id":"https:\/\/espiritodacomporta.com\/es\/#\/schema\/person\/c76d29ce59d104bde14812d3465de878"},"headline":"Invierno en Portugal","datePublished":"2023-09-28T15:20:00+00:00","dateModified":"2026-02-06T10:38:24+00:00","mainEntityOfPage":{"@id":"https:\/\/espiritodacomporta.com\/es\/invierno-en-portugal\/"},"wordCount":379,"commentCount":0,"publisher":{"@id":"https:\/\/espiritodacomporta.com\/es\/#organization"},"image":{"@id":"https:\/\/espiritodacomporta.com\/es\/invierno-en-portugal\/#primaryimage"},"thumbnailUrl":"https:\/\/espiritodacomporta.com\/app\/uploads\/2022\/09\/comporta-rice-fields-scaled.jpg","articleSection":["Buscando la belleza","Sentir la naturaleza"],"inLanguage":"es","potentialAction":[{"@type":"CommentAction","name":"Comment","target":["https:\/\/espiritodacomporta.com\/es\/invierno-en-portugal\/#respond"]}]},{"@type":"WebPage","@id":"https:\/\/espiritodacomporta.com\/es\/invierno-en-portugal\/","url":"https:\/\/espiritodacomporta.com\/es\/invierno-en-portugal\/","name":"Invierno en Portugal","isPartOf":{"@id":"https:\/\/espiritodacomporta.com\/es\/#website"},"primaryImageOfPage":{"@id":"https:\/\/espiritodacomporta.com\/es\/invierno-en-portugal\/#primaryimage"},"image":{"@id":"https:\/\/espiritodacomporta.com\/es\/invierno-en-portugal\/#primaryimage"},"thumbnailUrl":"https:\/\/espiritodacomporta.com\/app\/uploads\/2022\/09\/comporta-rice-fields-scaled.jpg","datePublished":"2023-09-28T15:20:00+00:00","dateModified":"2026-02-06T10:38:24+00:00","description":"Las temperaturas invernales de Portugal son menos fr\u00edas que las de la mayor\u00eda de los pa\u00edses europeos. Perfecto para unos d\u00edas de vacaciones. Conozca los mejores lugares","breadcrumb":{"@id":"https:\/\/espiritodacomporta.com\/es\/invierno-en-portugal\/#breadcrumb"},"inLanguage":"es","potentialAction":[{"@type":"ReadAction","target":["https:\/\/espiritodacomporta.com\/es\/invierno-en-portugal\/"]}]},{"@type":"ImageObject","inLanguage":"es","@id":"https:\/\/espiritodacomporta.com\/es\/invierno-en-portugal\/#primaryimage","url":"https:\/\/espiritodacomporta.com\/app\/uploads\/2022\/09\/comporta-rice-fields-scaled.jpg","contentUrl":"https:\/\/espiritodacomporta.com\/app\/uploads\/2022\/09\/comporta-rice-fields-scaled.jpg","width":2560,"height":1440,"caption":"comporta-rice-fields"},{"@type":"BreadcrumbList","@id":"https:\/\/espiritodacomporta.com\/es\/invierno-en-portugal\/#breadcrumb","itemListElement":[{"@type":"ListItem","position":1,"name":"Home","item":"https:\/\/espiritodacomporta.com\/es\/"},{"@type":"ListItem","position":2,"name":"Descubre Comporta","item":"https:\/\/espiritodacomporta.com\/es\/category\/descubre-comporta\/"},{"@type":"ListItem","position":3,"name":"Buscando la belleza","item":"https:\/\/espiritodacomporta.com\/es\/category\/descubre-comporta\/buscando-la-belleza\/"},{"@type":"ListItem","position":4,"name":"Invierno en Portugal"}]},{"@type":"WebSite","@id":"https:\/\/espiritodacomporta.com\/es\/#website","url":"https:\/\/espiritodacomporta.com\/es\/","name":"Live & Feel Comporta Portugal","description":"","publisher":{"@id":"https:\/\/espiritodacomporta.com\/es\/#organization"},"potentialAction":[{"@type":"SearchAction","target":{"@type":"EntryPoint","urlTemplate":"https:\/\/espiritodacomporta.com\/es\/?s={search_term_string}"},"query-input":{"@type":"PropertyValueSpecification","valueRequired":true,"valueName":"search_term_string"}}],"inLanguage":"es"},{"@type":"Organization","@id":"https:\/\/espiritodacomporta.com\/es\/#organization","name":"Espirito da Comporta","url":"https:\/\/espiritodacomporta.com\/es\/","logo":{"@type":"ImageObject","inLanguage":"es","@id":"https:\/\/espiritodacomporta.com\/es\/#\/schema\/logo\/image\/","url":"https:\/\/espiritodacomporta.com\/app\/uploads\/2023\/09\/LOGO-SIGNATURE@4x.png","contentUrl":"https:\/\/espiritodacomporta.com\/app\/uploads\/2023\/09\/LOGO-SIGNATURE@4x.png","width":321,"height":385,"caption":"Espirito da Comporta"},"image":{"@id":"https:\/\/espiritodacomporta.com\/es\/#\/schema\/logo\/image\/"},"sameAs":["https:\/\/www.instagram.com\/almadacomporta\/"]},{"@type":"Person","@id":"https:\/\/espiritodacomporta.com\/es\/#\/schema\/person\/c76d29ce59d104bde14812d3465de878","name":"Info","image":{"@type":"ImageObject","inLanguage":"es","@id":"https:\/\/secure.gravatar.com\/avatar\/dee735d7b19944762d18cdf00966586c0ffcea9da4d03f8be9d25dcff9972207?s=96&d=mm&r=g","url":"https:\/\/secure.gravatar.com\/avatar\/dee735d7b19944762d18cdf00966586c0ffcea9da4d03f8be9d25dcff9972207?s=96&d=mm&r=g","contentUrl":"https:\/\/secure.gravatar.com\/avatar\/dee735d7b19944762d18cdf00966586c0ffcea9da4d03f8be9d25dcff9972207?s=96&d=mm&r=g","caption":"Info"}}]}},"jetpack_featured_media_url":"https:\/\/espiritodacomporta.com\/app\/uploads\/2022\/09\/comporta-rice-fields-scaled.jpg","_links":{"self":[{"href":"https:\/\/espiritodacomporta.com\/es\/wp-json\/wp\/v2\/posts\/44762","targetHints":{"allow":["GET"]}}],"collection":[{"href":"https:\/\/espiritodacomporta.com\/es\/wp-json\/wp\/v2\/posts"}],"about":[{"href":"https:\/\/espiritodacomporta.com\/es\/wp-json\/wp\/v2\/types\/post"}],"author":[{"embeddable":true,"href":"https:\/\/espiritodacomporta.com\/es\/wp-json\/wp\/v2\/users\/7"}],"replies":[{"embeddable":true,"href":"https:\/\/espiritodacomporta.com\/es\/wp-json\/wp\/v2\/comments?post=44762"}],"version-history":[{"count":1,"href":"https:\/\/espiritodacomporta.com\/es\/wp-json\/wp\/v2\/posts\/44762\/revisions"}],"predecessor-version":[{"id":99152,"href":"https:\/\/espiritodacomporta.com\/es\/wp-json\/wp\/v2\/posts\/44762\/revisions\/99152"}],"wp:featuredmedia":[{"embeddable":true,"href":"https:\/\/espiritodacomporta.com\/es\/wp-json\/wp\/v2\/media\/44728"}],"wp:attachment":[{"href":"https:\/\/espiritodacomporta.com\/es\/wp-json\/wp\/v2\/media?parent=44762"}],"wp:term":[{"taxonomy":"category","embeddable":true,"href":"https:\/\/espiritodacomporta.com\/es\/wp-json\/wp\/v2\/categories?post=44762"},{"taxonomy":"post_tag","embeddable":true,"href":"https:\/\/espiritodacomporta.com\/es\/wp-json\/wp\/v2\/tags?post=44762"}],"curies":[{"name":"wp","href":"https:\/\/api.w.org\/{rel}","templated":true}]}}