{"id":50205,"date":"2023-04-13T13:21:11","date_gmt":"2023-04-13T11:21:11","guid":{"rendered":"https:\/\/espiritodacomporta.com\/?p=50205"},"modified":"2026-02-09T11:06:31","modified_gmt":"2026-02-09T09:06:31","slug":"passeos-caballo-en-comporta","status":"publish","type":"post","link":"https:\/\/espiritodacomporta.com\/es\/passeos-caballo-en-comporta\/","title":{"rendered":"Paseos a caballo en Comporta"},"content":{"rendered":"\n<p><a href=\"https:\/\/espiritodacomporta.com\/es\/\">Comporta<\/a> es un entorno natural preservado, de f\u00e1cil y r\u00e1pido acceso desde Lisboa. Esta regi\u00f3n concentra todas las maravillas de la naturaleza portuguesa, e inevitablemente caer\u00e1 bajo el hechizo de sus coloridos paisajes. El azul del oc\u00e9ano contrasta con el amarillo de la arena de las playas y el desierto, mientras que los arrozales del interior se ti\u00f1en de verde a lo largo de las estaciones. Para disfrutar al m\u00e1ximo de este entorno aut\u00e9ntico, opte por un paseo a caballo en Comporta que le llevar\u00e1 a los lugares m\u00e1s preservados de la regi\u00f3n.<\/p>\n\n\n\n<figure class=\"wp-block-image size-large\"><img loading=\"lazy\" decoding=\"async\" width=\"1024\" height=\"576\" data-attachment-id=\"47226\" data-permalink=\"https:\/\/espiritodacomporta.com\/es\/temporada-baja-comporta\/beach-comporta-3\/\" data-orig-file=\"https:\/\/espiritodacomporta.com\/app\/uploads\/2022\/12\/beach-comporta-scaled.webp\" data-orig-size=\"2560,1440\" data-comments-opened=\"0\" data-image-meta=\"{&quot;aperture&quot;:&quot;0&quot;,&quot;credit&quot;:&quot;&quot;,&quot;camera&quot;:&quot;&quot;,&quot;caption&quot;:&quot;&quot;,&quot;created_timestamp&quot;:&quot;0&quot;,&quot;copyright&quot;:&quot;&quot;,&quot;focal_length&quot;:&quot;0&quot;,&quot;iso&quot;:&quot;0&quot;,&quot;shutter_speed&quot;:&quot;0&quot;,&quot;title&quot;:&quot;&quot;,&quot;orientation&quot;:&quot;0&quot;}\" data-image-title=\"beach-comporta\" data-image-description=\"\" data-image-caption=\"\" data-medium-file=\"https:\/\/espiritodacomporta.com\/app\/uploads\/2022\/12\/beach-comporta-300x169.webp\" data-large-file=\"https:\/\/espiritodacomporta.com\/app\/uploads\/2022\/12\/beach-comporta-1024x576.webp\" src=\"https:\/\/espiritodacomporta.com\/app\/uploads\/2022\/12\/beach-comporta-1024x576.webp\" alt=\"beach-comporta\" class=\"wp-image-47226\" srcset=\"https:\/\/espiritodacomporta.com\/app\/uploads\/2022\/12\/beach-comporta-1024x576.webp 1024w, https:\/\/espiritodacomporta.com\/app\/uploads\/2022\/12\/beach-comporta-300x169.webp 300w, https:\/\/espiritodacomporta.com\/app\/uploads\/2022\/12\/beach-comporta-768x432.webp 768w, https:\/\/espiritodacomporta.com\/app\/uploads\/2022\/12\/beach-comporta-1536x864.webp 1536w, https:\/\/espiritodacomporta.com\/app\/uploads\/2022\/12\/beach-comporta-2048x1152.webp 2048w\" sizes=\"auto, (max-width: 1024px) 100vw, 1024px\" \/><\/figure>\n\n\n\n<h2 class=\"wp-block-heading\" id=\"h-se-puede-montar-a-caballo-en-portugal\">\u00bfSe puede montar a caballo en Portugal?<\/h2>\n\n\n\n<p>Portugal es un pa\u00eds con un paisaje muy diverso y, por tanto, ideal para montar a caballo. Los que disfrutan montando a caballo saben que el paisaje es muy importante para que la experiencia sea inolvidable.<br>Nos imaginamos cabalgando en playas de arena blanca y mar azul cristalino, en plena naturaleza y rodeados del sonido del mar.<br>Tambi\u00e9n pensamos en otros paisajes id\u00edlicos, como campos de arroz, inmensas dunas que dan paso a otros paisajes impresionantes.<\/p>\n\n\n\n<p>La regi\u00f3n de Comporta es, de hecho, uno de los mejores escenarios para esta pr\u00e1ctica amada por muchos.<br>Comporta es un peque\u00f1o pueblo con sus tonos azules y blancos, cada d\u00eda m\u00e1s conocido y con buenas opciones de alojamiento y gastronom\u00eda. Es un lugar donde el tiempo se detiene, la tranquilidad (incluso en los meses m\u00e1s concurridos como julio y agosto) es predominante y todos los que disfrutan de la regi\u00f3n se van con la fecha fijada para la pr\u00f3xima visita.<\/p>\n\n\n\n<p><a href=\"https:\/\/espiritodacomporta.com\/es\/melides-portugal\/\">Melides<\/a>, el pueblo vecino, tambi\u00e9n tiene opciones para esta popular actividad, \u00a1y el paisaje es precioso!<\/p>\n\n\n\n<h2 class=\"wp-block-heading\">Caballerizas en Comporta<\/h2>\n\n\n\n<h3 class=\"wp-block-heading\">Cavalos na Areia<\/h3>\n\n\n\n<p>Cavalos na Areia significa literalmente \u00ablos caballos en la arena\u00bb, y esta es exactamente la promesa que cumplen los paseos a caballo en Comporta de este centro ecuestre. Cabalgar\u00e1 en un paisaje impresionante en plena naturaleza. Su paseo comenzar\u00e1 en el coraz\u00f3n de los magn\u00edficos arrozales de Comporta, y despu\u00e9s atravesar\u00e1 un paisaje des\u00e9rtico. La llegada a las playas es el punto culminante del espect\u00e1culo. \u00bfQu\u00e9 mejor escapada que un galope con la melena al viento por una inmensa playa de arena lamida por las olas? Los caballos son d\u00f3ciles y est\u00e1n entrenados para ser montados por todo el mundo. La experiencia de los gu\u00edas le garantiza un paseo a caballo seguro en Comporta, tanto si es un principiante como un jinete experimentado.<\/p>\n\n\n\n<figure class=\"wp-block-image size-large\"><img loading=\"lazy\" decoding=\"async\" width=\"1024\" height=\"576\" data-attachment-id=\"28980\" data-permalink=\"https:\/\/espiritodacomporta.com\/es\/puesta-sol-comporta\/cavalos-comporta-2\/\" data-orig-file=\"https:\/\/espiritodacomporta.com\/app\/uploads\/2022\/05\/cavalos-comporta.webp\" data-orig-size=\"2500,1406\" data-comments-opened=\"0\" data-image-meta=\"{&quot;aperture&quot;:&quot;0&quot;,&quot;credit&quot;:&quot;&quot;,&quot;camera&quot;:&quot;&quot;,&quot;caption&quot;:&quot;&quot;,&quot;created_timestamp&quot;:&quot;0&quot;,&quot;copyright&quot;:&quot;&quot;,&quot;focal_length&quot;:&quot;0&quot;,&quot;iso&quot;:&quot;0&quot;,&quot;shutter_speed&quot;:&quot;0&quot;,&quot;title&quot;:&quot;&quot;,&quot;orientation&quot;:&quot;0&quot;}\" data-image-title=\"cavalos-comporta\" data-image-description=\"\" data-image-caption=\"\" data-medium-file=\"https:\/\/espiritodacomporta.com\/app\/uploads\/2022\/05\/cavalos-comporta-300x169.webp\" data-large-file=\"https:\/\/espiritodacomporta.com\/app\/uploads\/2022\/05\/cavalos-comporta-1024x576.webp\" src=\"https:\/\/espiritodacomporta.com\/app\/uploads\/2022\/05\/cavalos-comporta-1024x576.webp\" alt=\"cavalos-comporta\" class=\"wp-image-28980\" srcset=\"https:\/\/espiritodacomporta.com\/app\/uploads\/2022\/05\/cavalos-comporta-1024x576.webp 1024w, https:\/\/espiritodacomporta.com\/app\/uploads\/2022\/05\/cavalos-comporta-300x169.webp 300w, https:\/\/espiritodacomporta.com\/app\/uploads\/2022\/05\/cavalos-comporta-768x432.webp 768w, https:\/\/espiritodacomporta.com\/app\/uploads\/2022\/05\/cavalos-comporta-1536x864.webp 1536w, https:\/\/espiritodacomporta.com\/app\/uploads\/2022\/05\/cavalos-comporta-2048x1152.webp 2048w\" sizes=\"auto, (max-width: 1024px) 100vw, 1024px\" \/><\/figure>\n\n\n\n<h3 class=\"wp-block-heading\">Passeios a Cavalo<\/h3>\n\n\n\n<p>El centro Passeios a Cavalo tambi\u00e9n es famoso en la regi\u00f3n por la calidad de sus paseos a caballo en Comporta y Melides. Se presta especial atenci\u00f3n a la fauna y flora que pueblan la regi\u00f3n. Durante sus paseos a caballo, identificar\u00e1 las plantas, flores y setas end\u00e9micas de la costa portuguesa con la ayuda de folletos explicativos. Los establos est\u00e1n a s\u00f3lo 10 kil\u00f3metros del oc\u00e9ano, una oportunidad perfecta para llegar a la playa cabalgando por las dunas y los bosques de alcornoques. Puede organizar su jornada como desee y combinar este paseo a caballo en Comporta con, por ejemplo, una degustaci\u00f3n de los vinos locales. \u00a1Y no hace falta ser jinete para disfrutarlo! Gu\u00edas experimentados y caballos de temperamento tranquilo le garantizan un paseo a caballo en Comporta sereno y agradable, tanto para ni\u00f1os como para adultos.<\/p>\n\n\n\n<h3 class=\"wp-block-heading\">Entre amigos &#8211; Actividades Equestres<\/h3>\n\n\n\n<p>Entre Amigos es el \u00fanico Centro Ecuestre de la zona de Alc\u00e1cer do Sal reconocido por la FEP (Federaci\u00f3n Ecuestre Portuguesa). Son entrenadores profesionales de equitaci\u00f3n y turismo ecuestre.<br>No importa si es usted principiante, jinete experimentado, principiante de nuevo o principiante tard\u00edo, le ofrecen clases cualificadas en sus amplias instalaciones ecuestres, as\u00ed como fant\u00e1sticos paseos por senderos a trav\u00e9s de bosques de pinos y alcornoques, pasando por arrozales y embalses, o a lo largo de las playas de arena blanca del Oc\u00e9ano Atl\u00e1ntico y el r\u00edo Sado.<\/p>\n\n\n\n<h2 class=\"wp-block-heading\">\u00bfD\u00f3nde alojarse en Comporta?<\/h2>\n\n\n\n<p>Para vivir unas vacaciones de ensue\u00f1o y disfrutar de la hermosa h\u00edpica de Comporta, opte por alquilar una de nuestras <a href=\"https:\/\/espiritodacomporta.com\/es\/casas\/\">villas de vacaciones <\/a>t\u00edpicas de la zona. Construidas seg\u00fan los c\u00f3digos de las caba\u00f1as de pescadores, le invitan a relajarse en un entorno natural y lujoso. Materiales tradicionales como la madera, la paja, el bamb\u00fa y el mimbre rinden tributo al estilo de las \u00abcasas de Comporta\u00bb.<\/p>\n\n\n\n<figure class=\"wp-block-gallery has-nested-images columns-default is-cropped wp-block-gallery-1 is-layout-flex wp-block-gallery-is-layout-flex\">\n<figure class=\"wp-block-image size-large\"><img loading=\"lazy\" decoding=\"async\" width=\"1024\" height=\"683\" data-attachment-id=\"45490\" data-permalink=\"https:\/\/espiritodacomporta.com\/es\/los-mejores-lugares-cerca-de-lisboa\/campo-arroz-2\/\" data-orig-file=\"https:\/\/espiritodacomporta.com\/app\/uploads\/2022\/10\/campo-arroz-scaled.webp\" data-orig-size=\"2560,1707\" data-comments-opened=\"0\" data-image-meta=\"{&quot;aperture&quot;:&quot;0&quot;,&quot;credit&quot;:&quot;&quot;,&quot;camera&quot;:&quot;&quot;,&quot;caption&quot;:&quot;&quot;,&quot;created_timestamp&quot;:&quot;0&quot;,&quot;copyright&quot;:&quot;&quot;,&quot;focal_length&quot;:&quot;0&quot;,&quot;iso&quot;:&quot;0&quot;,&quot;shutter_speed&quot;:&quot;0&quot;,&quot;title&quot;:&quot;&quot;,&quot;orientation&quot;:&quot;0&quot;}\" data-image-title=\"campo-arroz\" data-image-description=\"\" data-image-caption=\"\" data-medium-file=\"https:\/\/espiritodacomporta.com\/app\/uploads\/2022\/10\/campo-arroz-300x200.webp\" data-large-file=\"https:\/\/espiritodacomporta.com\/app\/uploads\/2022\/10\/campo-arroz-1024x683.webp\" data-id=\"45490\" src=\"https:\/\/espiritodacomporta.com\/app\/uploads\/2022\/10\/campo-arroz-1024x683.webp\" alt=\"campo-arroz\" class=\"wp-image-45490\" srcset=\"https:\/\/espiritodacomporta.com\/app\/uploads\/2022\/10\/campo-arroz-1024x683.webp 1024w, https:\/\/espiritodacomporta.com\/app\/uploads\/2022\/10\/campo-arroz-300x200.webp 300w, https:\/\/espiritodacomporta.com\/app\/uploads\/2022\/10\/campo-arroz-768x512.webp 768w, https:\/\/espiritodacomporta.com\/app\/uploads\/2022\/10\/campo-arroz-1536x1024.webp 1536w, https:\/\/espiritodacomporta.com\/app\/uploads\/2022\/10\/campo-arroz-2048x1365.webp 2048w\" sizes=\"auto, (max-width: 1024px) 100vw, 1024px\" \/><\/figure>\n\n\n\n<figure class=\"wp-block-image size-large\"><img loading=\"lazy\" decoding=\"async\" width=\"1024\" height=\"768\" data-attachment-id=\"30224\" data-permalink=\"https:\/\/espiritodacomporta.com\/es\/mejores-lugares-para-veranear-portugal\/comporta-flor-2\/\" data-orig-file=\"https:\/\/espiritodacomporta.com\/app\/uploads\/2022\/06\/Comporta-flor-scaled.webp\" data-orig-size=\"2560,1920\" data-comments-opened=\"0\" data-image-meta=\"{&quot;aperture&quot;:&quot;0&quot;,&quot;credit&quot;:&quot;&quot;,&quot;camera&quot;:&quot;&quot;,&quot;caption&quot;:&quot;&quot;,&quot;created_timestamp&quot;:&quot;0&quot;,&quot;copyright&quot;:&quot;&quot;,&quot;focal_length&quot;:&quot;0&quot;,&quot;iso&quot;:&quot;0&quot;,&quot;shutter_speed&quot;:&quot;0&quot;,&quot;title&quot;:&quot;&quot;,&quot;orientation&quot;:&quot;0&quot;}\" data-image-title=\"Comporta-flor\" data-image-description=\"\" data-image-caption=\"\" data-medium-file=\"https:\/\/espiritodacomporta.com\/app\/uploads\/2022\/06\/Comporta-flor-300x225.webp\" data-large-file=\"https:\/\/espiritodacomporta.com\/app\/uploads\/2022\/06\/Comporta-flor-1024x768.webp\" data-id=\"30224\" src=\"https:\/\/espiritodacomporta.com\/app\/uploads\/2022\/06\/Comporta-flor-1024x768.webp\" alt=\"Comporta-flor\" class=\"wp-image-30224\" srcset=\"https:\/\/espiritodacomporta.com\/app\/uploads\/2022\/06\/Comporta-flor-1024x768.webp 1024w, https:\/\/espiritodacomporta.com\/app\/uploads\/2022\/06\/Comporta-flor-300x225.webp 300w, https:\/\/espiritodacomporta.com\/app\/uploads\/2022\/06\/Comporta-flor-768x576.webp 768w, https:\/\/espiritodacomporta.com\/app\/uploads\/2022\/06\/Comporta-flor-1536x1152.webp 1536w, https:\/\/espiritodacomporta.com\/app\/uploads\/2022\/06\/Comporta-flor-2048x1536.webp 2048w\" sizes=\"auto, (max-width: 1024px) 100vw, 1024px\" \/><\/figure>\n\n\n\n<figure class=\"wp-block-image size-large\"><img loading=\"lazy\" decoding=\"async\" width=\"1024\" height=\"768\" data-attachment-id=\"42676\" data-permalink=\"https:\/\/espiritodacomporta.com\/es\/que-hacer-en-comporta\/casas-de-arroz-2\/\" data-orig-file=\"https:\/\/espiritodacomporta.com\/app\/uploads\/2022\/08\/casas-de-arroz-scaled.webp\" data-orig-size=\"2560,1920\" data-comments-opened=\"0\" data-image-meta=\"{&quot;aperture&quot;:&quot;0&quot;,&quot;credit&quot;:&quot;&quot;,&quot;camera&quot;:&quot;&quot;,&quot;caption&quot;:&quot;&quot;,&quot;created_timestamp&quot;:&quot;0&quot;,&quot;copyright&quot;:&quot;&quot;,&quot;focal_length&quot;:&quot;0&quot;,&quot;iso&quot;:&quot;0&quot;,&quot;shutter_speed&quot;:&quot;0&quot;,&quot;title&quot;:&quot;&quot;,&quot;orientation&quot;:&quot;0&quot;}\" data-image-title=\"casas-de-arroz\" data-image-description=\"\" data-image-caption=\"\" data-medium-file=\"https:\/\/espiritodacomporta.com\/app\/uploads\/2022\/08\/casas-de-arroz-300x225.webp\" data-large-file=\"https:\/\/espiritodacomporta.com\/app\/uploads\/2022\/08\/casas-de-arroz-1024x768.webp\" data-id=\"42676\" src=\"https:\/\/espiritodacomporta.com\/app\/uploads\/2022\/08\/casas-de-arroz-1024x768.webp\" alt=\"casas-de-arroz\" class=\"wp-image-42676\" srcset=\"https:\/\/espiritodacomporta.com\/app\/uploads\/2022\/08\/casas-de-arroz-1024x768.webp 1024w, https:\/\/espiritodacomporta.com\/app\/uploads\/2022\/08\/casas-de-arroz-300x225.webp 300w, https:\/\/espiritodacomporta.com\/app\/uploads\/2022\/08\/casas-de-arroz-768x576.webp 768w, https:\/\/espiritodacomporta.com\/app\/uploads\/2022\/08\/casas-de-arroz-1536x1152.webp 1536w, https:\/\/espiritodacomporta.com\/app\/uploads\/2022\/08\/casas-de-arroz-2048x1536.webp 2048w\" sizes=\"auto, (max-width: 1024px) 100vw, 1024px\" \/><\/figure>\n<\/figure>\n\n\n\n<p>Casas de Arroz es un conjunto de 4 caba\u00f1as de alta gama, enclavadas en un entorno verde frente a los arrozales. Las terrazas le ofrecen un panorama impresionante para disfrutar de la puesta de sol.<\/p>\n\n\n\n<p>Compuesto por una villa y una caba\u00f1a, Flor de Arroz se encuentra en Lagoa Formosa, a pocos minutos de las playas. Terraza soleada, piscina y jard\u00edn arbolado le esperan para una estancia tranquila, propicia a la relajaci\u00f3n y al descanso.<\/p>\n\n\n\n<p>Entre la villa y la caba\u00f1a independiente, Campo de Arroz le da la bienvenida con la familia o los amigos con capacidad para 10 personas. Piscina desbordante y cocina exterior son s\u00f3lo algunos de los activos de esta propiedad para una estancia inolvidable.<\/p>\n\n\n\n<p>\u00a1Estamos seguros de que toda su experiencia en la regi\u00f3n ser\u00e1 \u00fanica!<br>\u00a1Buen viaje!<\/p>\n","protected":false},"excerpt":{"rendered":"<p>Comporta es un entorno natural preservado, de f\u00e1cil y r\u00e1pido acceso desde Lisboa. Esta regi\u00f3n concentra todas las maravillas de la naturaleza portuguesa, e inevitablemente caer\u00e1 bajo el hechizo de sus coloridos paisajes. El azul del oc\u00e9ano contrasta con el amarillo de la arena de las playas y el desierto, mientras que los arrozales del <\/p>\n<div class=\"goto\"><a href=\"https:\/\/espiritodacomporta.com\/es\/passeos-caballo-en-comporta\/\">Leer m\u00e1s<\/a><\/div>\n","protected":false},"author":2,"featured_media":50037,"comment_status":"open","ping_status":"open","sticky":false,"template":"","format":"standard","meta":{"_acf_changed":false,"inline_featured_image":false,"footnotes":""},"categories":[1796],"tags":[],"class_list":["post-50205","post","type-post","status-publish","format-standard","has-post-thumbnail","hentry","category-libera-tu-mente-y-tu-cuerpo"],"acf":[],"yoast_head":"<!-- This site is optimized with the Yoast SEO Premium plugin v27.2 (Yoast SEO v27.2) - https:\/\/yoast.com\/product\/yoast-seo-premium-wordpress\/ -->\n<title>Paseos a caballo en Comporta<\/title>\n<meta name=\"description\" content=\"Descubra la mejor equitaci\u00f3n en Comporta, Portugal: cuadras, clases y paseos a caballo en la regi\u00f3n de Comporta.\" \/>\n<meta name=\"robots\" content=\"index, follow, max-snippet:-1, max-image-preview:large, max-video-preview:-1\" \/>\n<link rel=\"canonical\" href=\"https:\/\/espiritodacomporta.com\/es\/passeos-caballo-en-comporta\/\" \/>\n<meta property=\"og:locale\" content=\"es_ES\" \/>\n<meta property=\"og:type\" content=\"article\" \/>\n<meta property=\"og:title\" content=\"Paseos a caballo en Comporta\" \/>\n<meta property=\"og:description\" content=\"Descubra la mejor equitaci\u00f3n en Comporta, Portugal: cuadras, clases y paseos a caballo en la regi\u00f3n de Comporta.\" \/>\n<meta property=\"og:url\" content=\"https:\/\/espiritodacomporta.com\/es\/passeos-caballo-en-comporta\/\" \/>\n<meta property=\"og:site_name\" content=\"Live &amp; Feel Comporta Portugal\" \/>\n<meta property=\"article:published_time\" content=\"2023-04-13T11:21:11+00:00\" \/>\n<meta property=\"article:modified_time\" content=\"2026-02-09T09:06:31+00:00\" \/>\n<meta property=\"og:image\" content=\"https:\/\/espiritodacomporta.com\/app\/uploads\/2023\/04\/horse_riding.webp\" \/>\n\t<meta property=\"og:image:width\" content=\"2256\" \/>\n\t<meta property=\"og:image:height\" content=\"1500\" \/>\n\t<meta property=\"og:image:type\" content=\"image\/webp\" \/>\n<meta name=\"author\" content=\"Charline Noblet\" \/>\n<meta name=\"twitter:card\" content=\"summary_large_image\" \/>\n<meta name=\"twitter:label1\" content=\"Escrito por\" \/>\n\t<meta name=\"twitter:data1\" content=\"Charline Noblet\" \/>\n\t<meta name=\"twitter:label2\" content=\"Tiempo de lectura\" \/>\n\t<meta name=\"twitter:data2\" content=\"5 minutos\" \/>\n<script type=\"application\/ld+json\" class=\"yoast-schema-graph\">{\"@context\":\"https:\/\/schema.org\",\"@graph\":[{\"@type\":\"Article\",\"@id\":\"https:\/\/espiritodacomporta.com\/es\/passeos-caballo-en-comporta\/#article\",\"isPartOf\":{\"@id\":\"https:\/\/espiritodacomporta.com\/es\/passeos-caballo-en-comporta\/\"},\"author\":{\"name\":\"Charline Noblet\",\"@id\":\"https:\/\/espiritodacomporta.com\/es\/#\/schema\/person\/6e1c66cf1c46ee5b2e07e9b72600eaee\"},\"headline\":\"Paseos a caballo en Comporta\",\"datePublished\":\"2023-04-13T11:21:11+00:00\",\"dateModified\":\"2026-02-09T09:06:31+00:00\",\"mainEntityOfPage\":{\"@id\":\"https:\/\/espiritodacomporta.com\/es\/passeos-caballo-en-comporta\/\"},\"wordCount\":907,\"commentCount\":0,\"publisher\":{\"@id\":\"https:\/\/espiritodacomporta.com\/es\/#organization\"},\"image\":{\"@id\":\"https:\/\/espiritodacomporta.com\/es\/passeos-caballo-en-comporta\/#primaryimage\"},\"thumbnailUrl\":\"https:\/\/espiritodacomporta.com\/app\/uploads\/2023\/04\/horse_riding.webp\",\"articleSection\":[\"Libera tu mente y tu cuerpo\"],\"inLanguage\":\"es\",\"potentialAction\":[{\"@type\":\"CommentAction\",\"name\":\"Comment\",\"target\":[\"https:\/\/espiritodacomporta.com\/es\/passeos-caballo-en-comporta\/#respond\"]}]},{\"@type\":\"WebPage\",\"@id\":\"https:\/\/espiritodacomporta.com\/es\/passeos-caballo-en-comporta\/\",\"url\":\"https:\/\/espiritodacomporta.com\/es\/passeos-caballo-en-comporta\/\",\"name\":\"Paseos a caballo en Comporta\",\"isPartOf\":{\"@id\":\"https:\/\/espiritodacomporta.com\/es\/#website\"},\"primaryImageOfPage\":{\"@id\":\"https:\/\/espiritodacomporta.com\/es\/passeos-caballo-en-comporta\/#primaryimage\"},\"image\":{\"@id\":\"https:\/\/espiritodacomporta.com\/es\/passeos-caballo-en-comporta\/#primaryimage\"},\"thumbnailUrl\":\"https:\/\/espiritodacomporta.com\/app\/uploads\/2023\/04\/horse_riding.webp\",\"datePublished\":\"2023-04-13T11:21:11+00:00\",\"dateModified\":\"2026-02-09T09:06:31+00:00\",\"description\":\"Descubra la mejor equitaci\u00f3n en Comporta, Portugal: cuadras, clases y paseos a caballo en la regi\u00f3n de Comporta.\",\"breadcrumb\":{\"@id\":\"https:\/\/espiritodacomporta.com\/es\/passeos-caballo-en-comporta\/#breadcrumb\"},\"inLanguage\":\"es\",\"potentialAction\":[{\"@type\":\"ReadAction\",\"target\":[\"https:\/\/espiritodacomporta.com\/es\/passeos-caballo-en-comporta\/\"]}]},{\"@type\":\"ImageObject\",\"inLanguage\":\"es\",\"@id\":\"https:\/\/espiritodacomporta.com\/es\/passeos-caballo-en-comporta\/#primaryimage\",\"url\":\"https:\/\/espiritodacomporta.com\/app\/uploads\/2023\/04\/horse_riding.webp\",\"contentUrl\":\"https:\/\/espiritodacomporta.com\/app\/uploads\/2023\/04\/horse_riding.webp\",\"width\":2256,\"height\":1500,\"caption\":\"horse_riding\"},{\"@type\":\"BreadcrumbList\",\"@id\":\"https:\/\/espiritodacomporta.com\/es\/passeos-caballo-en-comporta\/#breadcrumb\",\"itemListElement\":[{\"@type\":\"ListItem\",\"position\":1,\"name\":\"Home\",\"item\":\"https:\/\/espiritodacomporta.com\/es\/\"},{\"@type\":\"ListItem\",\"position\":2,\"name\":\"Descubre Comporta\",\"item\":\"https:\/\/espiritodacomporta.com\/es\/category\/descubre-comporta\/\"},{\"@type\":\"ListItem\",\"position\":3,\"name\":\"Libera tu mente y tu cuerpo\",\"item\":\"https:\/\/espiritodacomporta.com\/es\/category\/descubre-comporta\/libera-tu-mente-y-tu-cuerpo\/\"},{\"@type\":\"ListItem\",\"position\":4,\"name\":\"Paseos a caballo en Comporta\"}]},{\"@type\":\"WebSite\",\"@id\":\"https:\/\/espiritodacomporta.com\/es\/#website\",\"url\":\"https:\/\/espiritodacomporta.com\/es\/\",\"name\":\"Live & Feel Comporta Portugal\",\"description\":\"\",\"publisher\":{\"@id\":\"https:\/\/espiritodacomporta.com\/es\/#organization\"},\"potentialAction\":[{\"@type\":\"SearchAction\",\"target\":{\"@type\":\"EntryPoint\",\"urlTemplate\":\"https:\/\/espiritodacomporta.com\/es\/?s={search_term_string}\"},\"query-input\":{\"@type\":\"PropertyValueSpecification\",\"valueRequired\":true,\"valueName\":\"search_term_string\"}}],\"inLanguage\":\"es\"},{\"@type\":\"Organization\",\"@id\":\"https:\/\/espiritodacomporta.com\/es\/#organization\",\"name\":\"Espirito da Comporta\",\"url\":\"https:\/\/espiritodacomporta.com\/es\/\",\"logo\":{\"@type\":\"ImageObject\",\"inLanguage\":\"es\",\"@id\":\"https:\/\/espiritodacomporta.com\/es\/#\/schema\/logo\/image\/\",\"url\":\"https:\/\/espiritodacomporta.com\/app\/uploads\/2023\/09\/LOGO-SIGNATURE@4x.png\",\"contentUrl\":\"https:\/\/espiritodacomporta.com\/app\/uploads\/2023\/09\/LOGO-SIGNATURE@4x.png\",\"width\":321,\"height\":385,\"caption\":\"Espirito da Comporta\"},\"image\":{\"@id\":\"https:\/\/espiritodacomporta.com\/es\/#\/schema\/logo\/image\/\"},\"sameAs\":[\"https:\/\/www.instagram.com\/almadacomporta\/\"]},{\"@type\":\"Person\",\"@id\":\"https:\/\/espiritodacomporta.com\/es\/#\/schema\/person\/6e1c66cf1c46ee5b2e07e9b72600eaee\",\"name\":\"Charline Noblet\",\"image\":{\"@type\":\"ImageObject\",\"inLanguage\":\"es\",\"@id\":\"https:\/\/secure.gravatar.com\/avatar\/1cb8650c0f3cd8a96e31ebc41d5472b4785cb7753c9d361dbcb6ffc123643350?s=96&d=mm&r=g\",\"url\":\"https:\/\/secure.gravatar.com\/avatar\/1cb8650c0f3cd8a96e31ebc41d5472b4785cb7753c9d361dbcb6ffc123643350?s=96&d=mm&r=g\",\"contentUrl\":\"https:\/\/secure.gravatar.com\/avatar\/1cb8650c0f3cd8a96e31ebc41d5472b4785cb7753c9d361dbcb6ffc123643350?s=96&d=mm&r=g\",\"caption\":\"Charline Noblet\"}}]}<\/script>\n<!-- \/ Yoast SEO Premium plugin. -->","yoast_head_json":{"title":"Paseos a caballo en Comporta","description":"Descubra la mejor equitaci\u00f3n en Comporta, Portugal: cuadras, clases y paseos a caballo en la regi\u00f3n de Comporta.","robots":{"index":"index","follow":"follow","max-snippet":"max-snippet:-1","max-image-preview":"max-image-preview:large","max-video-preview":"max-video-preview:-1"},"canonical":"https:\/\/espiritodacomporta.com\/es\/passeos-caballo-en-comporta\/","og_locale":"es_ES","og_type":"article","og_title":"Paseos a caballo en Comporta","og_description":"Descubra la mejor equitaci\u00f3n en Comporta, Portugal: cuadras, clases y paseos a caballo en la regi\u00f3n de Comporta.","og_url":"https:\/\/espiritodacomporta.com\/es\/passeos-caballo-en-comporta\/","og_site_name":"Live &amp; Feel Comporta Portugal","article_published_time":"2023-04-13T11:21:11+00:00","article_modified_time":"2026-02-09T09:06:31+00:00","og_image":[{"width":2256,"height":1500,"url":"https:\/\/espiritodacomporta.com\/app\/uploads\/2023\/04\/horse_riding.webp","type":"image\/webp"}],"author":"Charline Noblet","twitter_card":"summary_large_image","twitter_misc":{"Escrito por":"Charline Noblet","Tiempo de lectura":"5 minutos"},"schema":{"@context":"https:\/\/schema.org","@graph":[{"@type":"Article","@id":"https:\/\/espiritodacomporta.com\/es\/passeos-caballo-en-comporta\/#article","isPartOf":{"@id":"https:\/\/espiritodacomporta.com\/es\/passeos-caballo-en-comporta\/"},"author":{"name":"Charline Noblet","@id":"https:\/\/espiritodacomporta.com\/es\/#\/schema\/person\/6e1c66cf1c46ee5b2e07e9b72600eaee"},"headline":"Paseos a caballo en Comporta","datePublished":"2023-04-13T11:21:11+00:00","dateModified":"2026-02-09T09:06:31+00:00","mainEntityOfPage":{"@id":"https:\/\/espiritodacomporta.com\/es\/passeos-caballo-en-comporta\/"},"wordCount":907,"commentCount":0,"publisher":{"@id":"https:\/\/espiritodacomporta.com\/es\/#organization"},"image":{"@id":"https:\/\/espiritodacomporta.com\/es\/passeos-caballo-en-comporta\/#primaryimage"},"thumbnailUrl":"https:\/\/espiritodacomporta.com\/app\/uploads\/2023\/04\/horse_riding.webp","articleSection":["Libera tu mente y tu cuerpo"],"inLanguage":"es","potentialAction":[{"@type":"CommentAction","name":"Comment","target":["https:\/\/espiritodacomporta.com\/es\/passeos-caballo-en-comporta\/#respond"]}]},{"@type":"WebPage","@id":"https:\/\/espiritodacomporta.com\/es\/passeos-caballo-en-comporta\/","url":"https:\/\/espiritodacomporta.com\/es\/passeos-caballo-en-comporta\/","name":"Paseos a caballo en Comporta","isPartOf":{"@id":"https:\/\/espiritodacomporta.com\/es\/#website"},"primaryImageOfPage":{"@id":"https:\/\/espiritodacomporta.com\/es\/passeos-caballo-en-comporta\/#primaryimage"},"image":{"@id":"https:\/\/espiritodacomporta.com\/es\/passeos-caballo-en-comporta\/#primaryimage"},"thumbnailUrl":"https:\/\/espiritodacomporta.com\/app\/uploads\/2023\/04\/horse_riding.webp","datePublished":"2023-04-13T11:21:11+00:00","dateModified":"2026-02-09T09:06:31+00:00","description":"Descubra la mejor equitaci\u00f3n en Comporta, Portugal: cuadras, clases y paseos a caballo en la regi\u00f3n de Comporta.","breadcrumb":{"@id":"https:\/\/espiritodacomporta.com\/es\/passeos-caballo-en-comporta\/#breadcrumb"},"inLanguage":"es","potentialAction":[{"@type":"ReadAction","target":["https:\/\/espiritodacomporta.com\/es\/passeos-caballo-en-comporta\/"]}]},{"@type":"ImageObject","inLanguage":"es","@id":"https:\/\/espiritodacomporta.com\/es\/passeos-caballo-en-comporta\/#primaryimage","url":"https:\/\/espiritodacomporta.com\/app\/uploads\/2023\/04\/horse_riding.webp","contentUrl":"https:\/\/espiritodacomporta.com\/app\/uploads\/2023\/04\/horse_riding.webp","width":2256,"height":1500,"caption":"horse_riding"},{"@type":"BreadcrumbList","@id":"https:\/\/espiritodacomporta.com\/es\/passeos-caballo-en-comporta\/#breadcrumb","itemListElement":[{"@type":"ListItem","position":1,"name":"Home","item":"https:\/\/espiritodacomporta.com\/es\/"},{"@type":"ListItem","position":2,"name":"Descubre Comporta","item":"https:\/\/espiritodacomporta.com\/es\/category\/descubre-comporta\/"},{"@type":"ListItem","position":3,"name":"Libera tu mente y tu cuerpo","item":"https:\/\/espiritodacomporta.com\/es\/category\/descubre-comporta\/libera-tu-mente-y-tu-cuerpo\/"},{"@type":"ListItem","position":4,"name":"Paseos a caballo en Comporta"}]},{"@type":"WebSite","@id":"https:\/\/espiritodacomporta.com\/es\/#website","url":"https:\/\/espiritodacomporta.com\/es\/","name":"Live & Feel Comporta Portugal","description":"","publisher":{"@id":"https:\/\/espiritodacomporta.com\/es\/#organization"},"potentialAction":[{"@type":"SearchAction","target":{"@type":"EntryPoint","urlTemplate":"https:\/\/espiritodacomporta.com\/es\/?s={search_term_string}"},"query-input":{"@type":"PropertyValueSpecification","valueRequired":true,"valueName":"search_term_string"}}],"inLanguage":"es"},{"@type":"Organization","@id":"https:\/\/espiritodacomporta.com\/es\/#organization","name":"Espirito da Comporta","url":"https:\/\/espiritodacomporta.com\/es\/","logo":{"@type":"ImageObject","inLanguage":"es","@id":"https:\/\/espiritodacomporta.com\/es\/#\/schema\/logo\/image\/","url":"https:\/\/espiritodacomporta.com\/app\/uploads\/2023\/09\/LOGO-SIGNATURE@4x.png","contentUrl":"https:\/\/espiritodacomporta.com\/app\/uploads\/2023\/09\/LOGO-SIGNATURE@4x.png","width":321,"height":385,"caption":"Espirito da Comporta"},"image":{"@id":"https:\/\/espiritodacomporta.com\/es\/#\/schema\/logo\/image\/"},"sameAs":["https:\/\/www.instagram.com\/almadacomporta\/"]},{"@type":"Person","@id":"https:\/\/espiritodacomporta.com\/es\/#\/schema\/person\/6e1c66cf1c46ee5b2e07e9b72600eaee","name":"Charline Noblet","image":{"@type":"ImageObject","inLanguage":"es","@id":"https:\/\/secure.gravatar.com\/avatar\/1cb8650c0f3cd8a96e31ebc41d5472b4785cb7753c9d361dbcb6ffc123643350?s=96&d=mm&r=g","url":"https:\/\/secure.gravatar.com\/avatar\/1cb8650c0f3cd8a96e31ebc41d5472b4785cb7753c9d361dbcb6ffc123643350?s=96&d=mm&r=g","contentUrl":"https:\/\/secure.gravatar.com\/avatar\/1cb8650c0f3cd8a96e31ebc41d5472b4785cb7753c9d361dbcb6ffc123643350?s=96&d=mm&r=g","caption":"Charline Noblet"}}]}},"jetpack_featured_media_url":"https:\/\/espiritodacomporta.com\/app\/uploads\/2023\/04\/horse_riding.webp","_links":{"self":[{"href":"https:\/\/espiritodacomporta.com\/es\/wp-json\/wp\/v2\/posts\/50205","targetHints":{"allow":["GET"]}}],"collection":[{"href":"https:\/\/espiritodacomporta.com\/es\/wp-json\/wp\/v2\/posts"}],"about":[{"href":"https:\/\/espiritodacomporta.com\/es\/wp-json\/wp\/v2\/types\/post"}],"author":[{"embeddable":true,"href":"https:\/\/espiritodacomporta.com\/es\/wp-json\/wp\/v2\/users\/2"}],"replies":[{"embeddable":true,"href":"https:\/\/espiritodacomporta.com\/es\/wp-json\/wp\/v2\/comments?post=50205"}],"version-history":[{"count":1,"href":"https:\/\/espiritodacomporta.com\/es\/wp-json\/wp\/v2\/posts\/50205\/revisions"}],"predecessor-version":[{"id":99604,"href":"https:\/\/espiritodacomporta.com\/es\/wp-json\/wp\/v2\/posts\/50205\/revisions\/99604"}],"wp:featuredmedia":[{"embeddable":true,"href":"https:\/\/espiritodacomporta.com\/es\/wp-json\/wp\/v2\/media\/50037"}],"wp:attachment":[{"href":"https:\/\/espiritodacomporta.com\/es\/wp-json\/wp\/v2\/media?parent=50205"}],"wp:term":[{"taxonomy":"category","embeddable":true,"href":"https:\/\/espiritodacomporta.com\/es\/wp-json\/wp\/v2\/categories?post=50205"},{"taxonomy":"post_tag","embeddable":true,"href":"https:\/\/espiritodacomporta.com\/es\/wp-json\/wp\/v2\/tags?post=50205"}],"curies":[{"name":"wp","href":"https:\/\/api.w.org\/{rel}","templated":true}]}}