{"id":52696,"date":"2023-07-11T16:29:20","date_gmt":"2023-07-11T14:29:20","guid":{"rendered":"https:\/\/espiritodacomporta.com\/?p=52696"},"modified":"2023-07-11T16:52:26","modified_gmt":"2023-07-11T14:52:26","slug":"comporta-paraiso-de-los-fotografos","status":"publish","type":"post","link":"https:\/\/espiritodacomporta.com\/es\/comporta-paraiso-de-los-fotografos\/","title":{"rendered":"Comporta: para\u00edso de los fot\u00f3grafos"},"content":{"rendered":"\n<p>Comporta es un pueblo situado a 1h15m de Lisboa y es incre\u00edble lo id\u00edlico de su paisaje para los amantes de la naturaleza.<\/p>\n\n\n\n<p><a href=\"https:\/\/espiritodacomporta.com\/es\/\">Comporta <\/a>se encuentra en la Herdade da comporta, un \u00e1rea de 12.500 hect\u00e1reas y est\u00e1 situado entre el r\u00edo Sado y el oc\u00e9ano. Comporta es uno de los pueblos m\u00e1s conocidos de esta regi\u00f3n, aunque todos los dem\u00e1s pueblecitos que la rodean tienen su propio encanto.<\/p>\n\n\n\n<h2 class=\"wp-block-heading\" id=\"h-como-llegar-con-el-mejor-escenario\">\u00bfC\u00f3mo llegar con el mejor escenario?<\/h2>\n\n\n\n<p>Una forma de llegar a este pueblo es desde Set\u00fabal (a 40 minutos de Lisboa) en ferry. Set\u00fabal es una ciudad privilegiada porque a su alrededor tiene una de las zonas m\u00e1s bellas de Portugal. El parque natural de Arr\u00e1bida. Entre monta\u00f1as y colinas es posible encontrar preciosidades de la Naturaleza y paisajes impresionantes hasta playas de agua cristalina y rocas. Desde Set\u00fabal, se puede llegar a Tr\u00f3ia en ferry. En verano, el ferry pasa cada 30 minutos. En s\u00f3lo 20 minutos se encontrar\u00e1 en Tr\u00f3ia y desde all\u00ed en 10 minutos en coche estar\u00e1 en la ciudad de Comporta. Al conducir por esta carretera especificada ya comprender\u00e1 que el paisaje es impresionante. A su izquierda encontrar\u00e1 el r\u00edo Sado y a su derecha el oc\u00e9ano.<\/p>\n\n\n\n<figure class=\"wp-block-gallery has-nested-images columns-default is-cropped wp-block-gallery-1 is-layout-flex wp-block-gallery-is-layout-flex\">\n<figure class=\"wp-block-image size-large\"><img loading=\"lazy\" decoding=\"async\" width=\"1024\" height=\"768\" data-attachment-id=\"27684\" data-permalink=\"https:\/\/espiritodacomporta.com\/es\/llegar-comporta-desde-lisboa\/ferry-comporta-3-2\/\" data-orig-file=\"https:\/\/espiritodacomporta.com\/app\/uploads\/2022\/05\/ferry-comporta-scaled.webp\" data-orig-size=\"2560,1920\" data-comments-opened=\"0\" data-image-meta=\"{&quot;aperture&quot;:&quot;0&quot;,&quot;credit&quot;:&quot;&quot;,&quot;camera&quot;:&quot;&quot;,&quot;caption&quot;:&quot;&quot;,&quot;created_timestamp&quot;:&quot;0&quot;,&quot;copyright&quot;:&quot;&quot;,&quot;focal_length&quot;:&quot;0&quot;,&quot;iso&quot;:&quot;0&quot;,&quot;shutter_speed&quot;:&quot;0&quot;,&quot;title&quot;:&quot;&quot;,&quot;orientation&quot;:&quot;0&quot;}\" data-image-title=\"ferry-comporta\" data-image-description=\"\" data-image-caption=\"\" data-medium-file=\"https:\/\/espiritodacomporta.com\/app\/uploads\/2022\/05\/ferry-comporta-300x225.webp\" data-large-file=\"https:\/\/espiritodacomporta.com\/app\/uploads\/2022\/05\/ferry-comporta-1024x768.webp\" data-id=\"27684\" src=\"https:\/\/espiritodacomporta.com\/app\/uploads\/2022\/05\/ferry-comporta-1024x768.webp\" alt=\"ferry-comporta\" class=\"wp-image-27684\" srcset=\"https:\/\/espiritodacomporta.com\/app\/uploads\/2022\/05\/ferry-comporta-1024x768.webp 1024w, https:\/\/espiritodacomporta.com\/app\/uploads\/2022\/05\/ferry-comporta-300x225.webp 300w, https:\/\/espiritodacomporta.com\/app\/uploads\/2022\/05\/ferry-comporta-768x576.webp 768w, https:\/\/espiritodacomporta.com\/app\/uploads\/2022\/05\/ferry-comporta-1536x1152.webp 1536w, https:\/\/espiritodacomporta.com\/app\/uploads\/2022\/05\/ferry-comporta-2048x1536.webp 2048w\" sizes=\"auto, (max-width: 1024px) 100vw, 1024px\" \/><\/figure>\n\n\n\n<figure class=\"wp-block-image size-large\"><img loading=\"lazy\" decoding=\"async\" width=\"1024\" height=\"768\" data-attachment-id=\"27673\" data-permalink=\"https:\/\/espiritodacomporta.com\/es\/llegar-comporta-desde-lisboa\/comporta-ferry-2\/\" data-orig-file=\"https:\/\/espiritodacomporta.com\/app\/uploads\/2022\/05\/comporta-ferry-scaled.jpg\" data-orig-size=\"2560,1920\" data-comments-opened=\"0\" data-image-meta=\"{&quot;aperture&quot;:&quot;4.5&quot;,&quot;credit&quot;:&quot;&quot;,&quot;camera&quot;:&quot;Canon PowerShot SX30 IS&quot;,&quot;caption&quot;:&quot;&quot;,&quot;created_timestamp&quot;:&quot;1651150829&quot;,&quot;copyright&quot;:&quot;&quot;,&quot;focal_length&quot;:&quot;31.461&quot;,&quot;iso&quot;:&quot;80&quot;,&quot;shutter_speed&quot;:&quot;0.002&quot;,&quot;title&quot;:&quot;&quot;,&quot;orientation&quot;:&quot;1&quot;}\" data-image-title=\"comporta-ferry\" data-image-description=\"\" data-image-caption=\"\" data-medium-file=\"https:\/\/espiritodacomporta.com\/app\/uploads\/2022\/05\/comporta-ferry-300x225.jpg\" data-large-file=\"https:\/\/espiritodacomporta.com\/app\/uploads\/2022\/05\/comporta-ferry-1024x768.jpg\" data-id=\"27673\" src=\"https:\/\/espiritodacomporta.com\/app\/uploads\/2022\/05\/comporta-ferry-1024x768.jpg\" alt=\"comporta-sado\" class=\"wp-image-27673\" srcset=\"https:\/\/espiritodacomporta.com\/app\/uploads\/2022\/05\/comporta-ferry-1024x768.jpg 1024w, https:\/\/espiritodacomporta.com\/app\/uploads\/2022\/05\/comporta-ferry-300x225.jpg 300w, https:\/\/espiritodacomporta.com\/app\/uploads\/2022\/05\/comporta-ferry-768x576.jpg 768w, https:\/\/espiritodacomporta.com\/app\/uploads\/2022\/05\/comporta-ferry-1536x1152.jpg 1536w, https:\/\/espiritodacomporta.com\/app\/uploads\/2022\/05\/comporta-ferry-2048x1536.jpg 2048w\" sizes=\"auto, (max-width: 1024px) 100vw, 1024px\" \/><\/figure>\n\n\n\n<figure class=\"wp-block-image size-large\"><img loading=\"lazy\" decoding=\"async\" width=\"1024\" height=\"576\" data-attachment-id=\"27489\" data-permalink=\"https:\/\/espiritodacomporta.com\/es\/ferry-to-comporta-1-2\/\" data-orig-file=\"https:\/\/espiritodacomporta.com\/app\/uploads\/2022\/04\/ferry-to-comporta-1-scaled.webp\" data-orig-size=\"2560,1440\" data-comments-opened=\"0\" data-image-meta=\"{&quot;aperture&quot;:&quot;0&quot;,&quot;credit&quot;:&quot;&quot;,&quot;camera&quot;:&quot;&quot;,&quot;caption&quot;:&quot;&quot;,&quot;created_timestamp&quot;:&quot;0&quot;,&quot;copyright&quot;:&quot;&quot;,&quot;focal_length&quot;:&quot;0&quot;,&quot;iso&quot;:&quot;0&quot;,&quot;shutter_speed&quot;:&quot;0&quot;,&quot;title&quot;:&quot;&quot;,&quot;orientation&quot;:&quot;0&quot;}\" data-image-title=\"ferry-to-comporta\" data-image-description=\"\" data-image-caption=\"\" data-medium-file=\"https:\/\/espiritodacomporta.com\/app\/uploads\/2022\/04\/ferry-to-comporta-1-300x169.webp\" data-large-file=\"https:\/\/espiritodacomporta.com\/app\/uploads\/2022\/04\/ferry-to-comporta-1-1024x576.webp\" data-id=\"27489\" src=\"https:\/\/espiritodacomporta.com\/app\/uploads\/2022\/04\/ferry-to-comporta-1-1024x576.webp\" alt=\"ferry-to-comporta\" class=\"wp-image-27489\" srcset=\"https:\/\/espiritodacomporta.com\/app\/uploads\/2022\/04\/ferry-to-comporta-1-1024x576.webp 1024w, https:\/\/espiritodacomporta.com\/app\/uploads\/2022\/04\/ferry-to-comporta-1-300x169.webp 300w, https:\/\/espiritodacomporta.com\/app\/uploads\/2022\/04\/ferry-to-comporta-1-768x432.webp 768w, https:\/\/espiritodacomporta.com\/app\/uploads\/2022\/04\/ferry-to-comporta-1-1536x864.webp 1536w, https:\/\/espiritodacomporta.com\/app\/uploads\/2022\/04\/ferry-to-comporta-1-2048x1152.webp 2048w\" sizes=\"auto, (max-width: 1024px) 100vw, 1024px\" \/><\/figure>\n<\/figure>\n\n\n\n<p><\/p>\n\n\n\n<p>La regi\u00f3n es famosa por sus arrozales y, en consecuencia, por su producci\u00f3n. Est\u00e1 en el Alentejo (la regi\u00f3n m\u00e1s extensa de Portugal, pero la menos poblada). Las cig\u00fce\u00f1as con sus altos nidos en torres el\u00e9ctricas o chimeneas formar\u00e1n parte de sus d\u00edas. Las playas con una extensi\u00f3n de 60 kms de arena son muchas y para todos los gustos.<\/p>\n\n\n\n<p>Playas de aguas m\u00e1s tranquilas para los que les gusta nadar o hacer paddle board, otras m\u00e1s rocosas para hacer surf, otras s\u00f3lo de arena, otras con maravillosas dunas, otras con rocas amarillentas para contrastar con el agua azul y cristalina del oc\u00e9ano.<\/p>\n\n\n\n<p>Muchas personas acuden a estos escenarios para montar a caballo. \u00bfHay algo m\u00e1s fascinante que este paseo?<\/p>\n\n\n\n<figure class=\"wp-block-gallery has-nested-images columns-default is-cropped wp-block-gallery-2 is-layout-flex wp-block-gallery-is-layout-flex\">\n<figure class=\"wp-block-image size-large\"><img loading=\"lazy\" decoding=\"async\" width=\"683\" height=\"1024\" data-attachment-id=\"50014\" data-permalink=\"https:\/\/espiritodacomporta.com\/es\/passeos-caballo-en-comporta\/horseriding-2\/\" data-orig-file=\"https:\/\/espiritodacomporta.com\/app\/uploads\/2023\/04\/HorseRiding.webp\" data-orig-size=\"800,1200\" data-comments-opened=\"0\" data-image-meta=\"{&quot;aperture&quot;:&quot;0&quot;,&quot;credit&quot;:&quot;&quot;,&quot;camera&quot;:&quot;&quot;,&quot;caption&quot;:&quot;&quot;,&quot;created_timestamp&quot;:&quot;0&quot;,&quot;copyright&quot;:&quot;&quot;,&quot;focal_length&quot;:&quot;0&quot;,&quot;iso&quot;:&quot;0&quot;,&quot;shutter_speed&quot;:&quot;0&quot;,&quot;title&quot;:&quot;&quot;,&quot;orientation&quot;:&quot;0&quot;}\" data-image-title=\"HorseRiding\" data-image-description=\"\" data-image-caption=\"\" data-medium-file=\"https:\/\/espiritodacomporta.com\/app\/uploads\/2023\/04\/HorseRiding-200x300.webp\" data-large-file=\"https:\/\/espiritodacomporta.com\/app\/uploads\/2023\/04\/HorseRiding-683x1024.webp\" data-id=\"50014\" src=\"https:\/\/espiritodacomporta.com\/app\/uploads\/2023\/04\/HorseRiding-683x1024.webp\" alt=\"HorseRiding_comporta\" class=\"wp-image-50014\" srcset=\"https:\/\/espiritodacomporta.com\/app\/uploads\/2023\/04\/HorseRiding-683x1024.webp 683w, https:\/\/espiritodacomporta.com\/app\/uploads\/2023\/04\/HorseRiding-200x300.webp 200w, https:\/\/espiritodacomporta.com\/app\/uploads\/2023\/04\/HorseRiding-768x1152.webp 768w, https:\/\/espiritodacomporta.com\/app\/uploads\/2023\/04\/HorseRiding.webp 800w\" sizes=\"auto, (max-width: 683px) 100vw, 683px\" \/><\/figure>\n\n\n\n<figure class=\"wp-block-image size-large\"><img loading=\"lazy\" decoding=\"async\" width=\"1024\" height=\"1024\" data-attachment-id=\"41692\" data-permalink=\"https:\/\/espiritodacomporta.com\/es\/otono-en-portugal\/comporta-horse-riding-2\/\" data-orig-file=\"https:\/\/espiritodacomporta.com\/app\/uploads\/2022\/07\/comporta-horse-riding-scaled.webp\" data-orig-size=\"2560,2560\" data-comments-opened=\"0\" data-image-meta=\"{&quot;aperture&quot;:&quot;0&quot;,&quot;credit&quot;:&quot;&quot;,&quot;camera&quot;:&quot;&quot;,&quot;caption&quot;:&quot;&quot;,&quot;created_timestamp&quot;:&quot;0&quot;,&quot;copyright&quot;:&quot;&quot;,&quot;focal_length&quot;:&quot;0&quot;,&quot;iso&quot;:&quot;0&quot;,&quot;shutter_speed&quot;:&quot;0&quot;,&quot;title&quot;:&quot;&quot;,&quot;orientation&quot;:&quot;0&quot;}\" data-image-title=\"comporta-horse-riding\" data-image-description=\"\" data-image-caption=\"\" data-medium-file=\"https:\/\/espiritodacomporta.com\/app\/uploads\/2022\/07\/comporta-horse-riding-300x300.webp\" data-large-file=\"https:\/\/espiritodacomporta.com\/app\/uploads\/2022\/07\/comporta-horse-riding-1024x1024.webp\" data-id=\"41692\" src=\"https:\/\/espiritodacomporta.com\/app\/uploads\/2022\/07\/comporta-horse-riding-1024x1024.webp\" alt=\"comporta-horse-riding\" class=\"wp-image-41692\" srcset=\"https:\/\/espiritodacomporta.com\/app\/uploads\/2022\/07\/comporta-horse-riding-1024x1024.webp 1024w, https:\/\/espiritodacomporta.com\/app\/uploads\/2022\/07\/comporta-horse-riding-300x300.webp 300w, https:\/\/espiritodacomporta.com\/app\/uploads\/2022\/07\/comporta-horse-riding-150x150.webp 150w, https:\/\/espiritodacomporta.com\/app\/uploads\/2022\/07\/comporta-horse-riding-768x768.webp 768w, https:\/\/espiritodacomporta.com\/app\/uploads\/2022\/07\/comporta-horse-riding-1536x1536.webp 1536w, https:\/\/espiritodacomporta.com\/app\/uploads\/2022\/07\/comporta-horse-riding-2048x2048.webp 2048w\" sizes=\"auto, (max-width: 1024px) 100vw, 1024px\" \/><\/figure>\n<\/figure>\n\n\n\n<p><\/p>\n\n\n\n<p>El Alentejo posee la mayor superficie forestal de Portugal. La baja densidad de poblaci\u00f3n de la regi\u00f3n del Alentejo, las pr\u00e1cticas sostenibles, los r\u00edos, el mar, hacen de esta zona con una fauna muy diversa, presentando especies de aves, mam\u00edferos, reptiles y anfibios de diferentes tama\u00f1os y formas.<\/p>\n\n\n\n<figure class=\"wp-block-gallery has-nested-images columns-default is-cropped wp-block-gallery-3 is-layout-flex wp-block-gallery-is-layout-flex\">\n<figure class=\"wp-block-image size-large\"><img loading=\"lazy\" decoding=\"async\" width=\"1024\" height=\"768\" data-attachment-id=\"52124\" data-permalink=\"https:\/\/espiritodacomporta.com\/es\/dunas-golf-comporta\/brejos_beach-2\/\" data-orig-file=\"https:\/\/espiritodacomporta.com\/app\/uploads\/2023\/06\/Brejos_Beach.webp\" data-orig-size=\"2048,1536\" data-comments-opened=\"0\" data-image-meta=\"{&quot;aperture&quot;:&quot;0&quot;,&quot;credit&quot;:&quot;&quot;,&quot;camera&quot;:&quot;&quot;,&quot;caption&quot;:&quot;&quot;,&quot;created_timestamp&quot;:&quot;0&quot;,&quot;copyright&quot;:&quot;&quot;,&quot;focal_length&quot;:&quot;0&quot;,&quot;iso&quot;:&quot;0&quot;,&quot;shutter_speed&quot;:&quot;0&quot;,&quot;title&quot;:&quot;&quot;,&quot;orientation&quot;:&quot;0&quot;}\" data-image-title=\"Brejos_Beach\" data-image-description=\"\" data-image-caption=\"\" data-medium-file=\"https:\/\/espiritodacomporta.com\/app\/uploads\/2023\/06\/Brejos_Beach-300x225.webp\" data-large-file=\"https:\/\/espiritodacomporta.com\/app\/uploads\/2023\/06\/Brejos_Beach-1024x768.webp\" data-id=\"52124\" src=\"https:\/\/espiritodacomporta.com\/app\/uploads\/2023\/06\/Brejos_Beach-1024x768.webp\" alt=\"Brejos_Beach\" class=\"wp-image-52124\" srcset=\"https:\/\/espiritodacomporta.com\/app\/uploads\/2023\/06\/Brejos_Beach-1024x768.webp 1024w, https:\/\/espiritodacomporta.com\/app\/uploads\/2023\/06\/Brejos_Beach-300x225.webp 300w, https:\/\/espiritodacomporta.com\/app\/uploads\/2023\/06\/Brejos_Beach-768x576.webp 768w, https:\/\/espiritodacomporta.com\/app\/uploads\/2023\/06\/Brejos_Beach-1536x1152.webp 1536w, https:\/\/espiritodacomporta.com\/app\/uploads\/2023\/06\/Brejos_Beach.webp 2048w\" sizes=\"auto, (max-width: 1024px) 100vw, 1024px\" \/><\/figure>\n\n\n\n<figure class=\"wp-block-image size-large\"><img loading=\"lazy\" decoding=\"async\" width=\"1024\" height=\"768\" data-attachment-id=\"48105\" data-permalink=\"https:\/\/espiritodacomporta.com\/es\/portugal-en-primavera\/comporta1-2\/\" data-orig-file=\"https:\/\/espiritodacomporta.com\/app\/uploads\/2023\/01\/comporta1.webp\" data-orig-size=\"2016,1512\" data-comments-opened=\"0\" data-image-meta=\"{&quot;aperture&quot;:&quot;0&quot;,&quot;credit&quot;:&quot;&quot;,&quot;camera&quot;:&quot;&quot;,&quot;caption&quot;:&quot;&quot;,&quot;created_timestamp&quot;:&quot;0&quot;,&quot;copyright&quot;:&quot;&quot;,&quot;focal_length&quot;:&quot;0&quot;,&quot;iso&quot;:&quot;0&quot;,&quot;shutter_speed&quot;:&quot;0&quot;,&quot;title&quot;:&quot;&quot;,&quot;orientation&quot;:&quot;0&quot;}\" data-image-title=\"comporta\" data-image-description=\"\" data-image-caption=\"\" data-medium-file=\"https:\/\/espiritodacomporta.com\/app\/uploads\/2023\/01\/comporta1-300x225.webp\" data-large-file=\"https:\/\/espiritodacomporta.com\/app\/uploads\/2023\/01\/comporta1-1024x768.webp\" data-id=\"48105\" src=\"https:\/\/espiritodacomporta.com\/app\/uploads\/2023\/01\/comporta1-1024x768.webp\" alt=\"Comporta-road\" class=\"wp-image-48105\" srcset=\"https:\/\/espiritodacomporta.com\/app\/uploads\/2023\/01\/comporta1-1024x768.webp 1024w, https:\/\/espiritodacomporta.com\/app\/uploads\/2023\/01\/comporta1-300x225.webp 300w, https:\/\/espiritodacomporta.com\/app\/uploads\/2023\/01\/comporta1-768x576.webp 768w, https:\/\/espiritodacomporta.com\/app\/uploads\/2023\/01\/comporta1-1536x1152.webp 1536w, https:\/\/espiritodacomporta.com\/app\/uploads\/2023\/01\/comporta1.webp 2016w\" sizes=\"auto, (max-width: 1024px) 100vw, 1024px\" \/><\/figure>\n\n\n\n<figure class=\"wp-block-image size-large\"><img loading=\"lazy\" decoding=\"async\" width=\"1024\" height=\"768\" data-attachment-id=\"51418\" data-permalink=\"https:\/\/espiritodacomporta.com\/es\/los-pueblos-de-comporta\/carvalhal-3\/\" data-orig-file=\"https:\/\/espiritodacomporta.com\/app\/uploads\/2023\/05\/Carvalhal.webp\" data-orig-size=\"2016,1512\" data-comments-opened=\"0\" data-image-meta=\"{&quot;aperture&quot;:&quot;0&quot;,&quot;credit&quot;:&quot;&quot;,&quot;camera&quot;:&quot;&quot;,&quot;caption&quot;:&quot;&quot;,&quot;created_timestamp&quot;:&quot;0&quot;,&quot;copyright&quot;:&quot;&quot;,&quot;focal_length&quot;:&quot;0&quot;,&quot;iso&quot;:&quot;0&quot;,&quot;shutter_speed&quot;:&quot;0&quot;,&quot;title&quot;:&quot;&quot;,&quot;orientation&quot;:&quot;0&quot;}\" data-image-title=\"Carvalhal\" data-image-description=\"\" data-image-caption=\"\" data-medium-file=\"https:\/\/espiritodacomporta.com\/app\/uploads\/2023\/05\/Carvalhal-300x225.webp\" data-large-file=\"https:\/\/espiritodacomporta.com\/app\/uploads\/2023\/05\/Carvalhal-1024x768.webp\" data-id=\"51418\" src=\"https:\/\/espiritodacomporta.com\/app\/uploads\/2023\/05\/Carvalhal-1024x768.webp\" alt=\"Carvalhal\" class=\"wp-image-51418\" srcset=\"https:\/\/espiritodacomporta.com\/app\/uploads\/2023\/05\/Carvalhal-1024x768.webp 1024w, https:\/\/espiritodacomporta.com\/app\/uploads\/2023\/05\/Carvalhal-300x225.webp 300w, https:\/\/espiritodacomporta.com\/app\/uploads\/2023\/05\/Carvalhal-768x576.webp 768w, https:\/\/espiritodacomporta.com\/app\/uploads\/2023\/05\/Carvalhal-1536x1152.webp 1536w, https:\/\/espiritodacomporta.com\/app\/uploads\/2023\/05\/Carvalhal.webp 2016w\" sizes=\"auto, (max-width: 1024px) 100vw, 1024px\" \/><\/figure>\n<\/figure>\n\n\n\n<p><\/p>\n\n\n\n<p>Hablar de Flora, es esencialmente hablar del \u00e1rbol llamado alcornoque, cuyo corcho se vende internacionalmente. Hay otros \u00e1rboles como la encina y el olivo que constituyen un ecosistema propio de delicado equilibrio.<\/p>\n\n\n\n<h2 class=\"wp-block-heading\">Arquitectura de Comporta<\/h2>\n\n\n\n<p>Comporta y los pueblos de los alrededores hacen que esta regi\u00f3n sea muy solicitada para la construcci\u00f3n de nuevos proyectos. Sin embargo, siguiendo la historia de esta regi\u00f3n, anta\u00f1o pueblo de pescadores, las nuevas promociones combinan la identidad del lugar con el minimalismo decorativo y todo el confort necesario. Los tejados de paja o las p\u00e9rgolas son muy comunes en las nuevas promociones.<\/p>\n\n\n\n<p>Muchas casas se pueden alquilar para <a href=\"https:\/\/espiritodacomporta.com\/es\/casas\/\">vacaciones<\/a> y la experiencia es incre\u00edble.<\/p>\n\n\n\n<figure class=\"wp-block-image size-large\"><img loading=\"lazy\" decoding=\"async\" width=\"1024\" height=\"767\" data-attachment-id=\"50580\" data-permalink=\"https:\/\/espiritodacomporta.com\/es\/paseo-en-barco-en-comporta\/comporta_210-2-2\/\" data-orig-file=\"https:\/\/espiritodacomporta.com\/app\/uploads\/2023\/04\/comporta_210-scaled.webp\" data-orig-size=\"2560,1919\" data-comments-opened=\"0\" data-image-meta=\"{&quot;aperture&quot;:&quot;0&quot;,&quot;credit&quot;:&quot;&quot;,&quot;camera&quot;:&quot;&quot;,&quot;caption&quot;:&quot;&quot;,&quot;created_timestamp&quot;:&quot;0&quot;,&quot;copyright&quot;:&quot;&quot;,&quot;focal_length&quot;:&quot;0&quot;,&quot;iso&quot;:&quot;0&quot;,&quot;shutter_speed&quot;:&quot;0&quot;,&quot;title&quot;:&quot;&quot;,&quot;orientation&quot;:&quot;0&quot;}\" data-image-title=\"comporta_Campo_Arroz\" data-image-description=\"\" data-image-caption=\"\" data-medium-file=\"https:\/\/espiritodacomporta.com\/app\/uploads\/2023\/04\/comporta_210-300x225.webp\" data-large-file=\"https:\/\/espiritodacomporta.com\/app\/uploads\/2023\/04\/comporta_210-1024x767.webp\" src=\"https:\/\/espiritodacomporta.com\/app\/uploads\/2023\/04\/comporta_210-1024x767.webp\" alt=\"Campo-de arroz-comporta\" class=\"wp-image-50580\" srcset=\"https:\/\/espiritodacomporta.com\/app\/uploads\/2023\/04\/comporta_210-1024x767.webp 1024w, https:\/\/espiritodacomporta.com\/app\/uploads\/2023\/04\/comporta_210-300x225.webp 300w, https:\/\/espiritodacomporta.com\/app\/uploads\/2023\/04\/comporta_210-768x576.webp 768w, https:\/\/espiritodacomporta.com\/app\/uploads\/2023\/04\/comporta_210-1536x1151.webp 1536w, https:\/\/espiritodacomporta.com\/app\/uploads\/2023\/04\/comporta_210-2048x1535.webp 2048w\" sizes=\"auto, (max-width: 1024px) 100vw, 1024px\" \/><\/figure>\n\n\n\n<p>Un escenario perfecto tambi\u00e9n para los amantes de la fotograf\u00eda, ya que pueden captar im\u00e1genes de peque\u00f1os para\u00edsos hoteleros.<\/p>\n\n\n\n<h2 class=\"wp-block-heading\">Para\u00edso del fot\u00f3grafo<\/h2>\n\n\n\n<p>Esta regi\u00f3n es un peque\u00f1o para\u00edso para todos los amantes de la fotograf\u00eda. Alrededor de la naturaleza, cada detalle es digno de un \u00abclic\u00bb.<\/p>\n\n\n\n<h2 class=\"wp-block-heading\">Qu\u00e9 fotografiar (algunas ideas):<\/h2>\n\n\n\n<ul class=\"wp-block-list\">\n<li>Los tonos azules y blancos del pueblo de Comporta<\/li>\n\n\n\n<li>Caballos en la playa<\/li>\n\n\n\n<li>Cig\u00fce\u00f1as en chimeneas y puntos altos<\/li>\n\n\n\n<li>Arrozales. Si vas en bici, a\u00fan mejor.<\/li>\n\n\n\n<li>La puesta de sol desde el muelle palaf\u00edtico de carrasqueira<\/li>\n\n\n\n<li>El r\u00edo Sado. Si lo cruzas, no te pierdas la Serra da Arr\u00e1bida. Si tienes oportunidad, da un paseo en barco.<\/li>\n\n\n\n<li>Las casas de pescadores t\u00edpicas de la regi\u00f3n<\/li>\n\n\n\n<li>La variada gastronom\u00eda<\/li>\n\n\n\n<li>Las dunas y playas<\/li>\n\n\n\n<li>Los pueblos de los alrededores de Comporta<\/li>\n\n\n\n<li>Restaurantes como \u00abCavalari\u00e7a\u00bb, que sol\u00eda ser un antiguo establo.<\/li>\n<\/ul>\n\n\n\n<p><\/p>\n\n\n\n<figure class=\"wp-block-gallery has-nested-images columns-default is-cropped wp-block-gallery-4 is-layout-flex wp-block-gallery-is-layout-flex\">\n<figure class=\"wp-block-image size-large\"><img loading=\"lazy\" decoding=\"async\" width=\"1024\" height=\"768\" data-attachment-id=\"51448\" data-permalink=\"https:\/\/espiritodacomporta.com\/es\/los-pueblos-de-comporta\/comporta2-2-2\/\" data-orig-file=\"https:\/\/espiritodacomporta.com\/app\/uploads\/2023\/05\/comporta2.webp\" data-orig-size=\"2016,1512\" data-comments-opened=\"0\" data-image-meta=\"{&quot;aperture&quot;:&quot;0&quot;,&quot;credit&quot;:&quot;&quot;,&quot;camera&quot;:&quot;&quot;,&quot;caption&quot;:&quot;&quot;,&quot;created_timestamp&quot;:&quot;0&quot;,&quot;copyright&quot;:&quot;&quot;,&quot;focal_length&quot;:&quot;0&quot;,&quot;iso&quot;:&quot;0&quot;,&quot;shutter_speed&quot;:&quot;0&quot;,&quot;title&quot;:&quot;&quot;,&quot;orientation&quot;:&quot;0&quot;}\" data-image-title=\"comporta\" data-image-description=\"\" data-image-caption=\"\" data-medium-file=\"https:\/\/espiritodacomporta.com\/app\/uploads\/2023\/05\/comporta2-300x225.webp\" data-large-file=\"https:\/\/espiritodacomporta.com\/app\/uploads\/2023\/05\/comporta2-1024x768.webp\" data-id=\"51448\" src=\"https:\/\/espiritodacomporta.com\/app\/uploads\/2023\/05\/comporta2-1024x768.webp\" alt=\"comporta_village\" class=\"wp-image-51448\" srcset=\"https:\/\/espiritodacomporta.com\/app\/uploads\/2023\/05\/comporta2-1024x768.webp 1024w, https:\/\/espiritodacomporta.com\/app\/uploads\/2023\/05\/comporta2-300x225.webp 300w, https:\/\/espiritodacomporta.com\/app\/uploads\/2023\/05\/comporta2-768x576.webp 768w, https:\/\/espiritodacomporta.com\/app\/uploads\/2023\/05\/comporta2-1536x1152.webp 1536w, https:\/\/espiritodacomporta.com\/app\/uploads\/2023\/05\/comporta2.webp 2016w\" sizes=\"auto, (max-width: 1024px) 100vw, 1024px\" \/><\/figure>\n\n\n\n<figure class=\"wp-block-image size-large\"><img loading=\"lazy\" decoding=\"async\" width=\"1024\" height=\"768\" data-attachment-id=\"51438\" data-permalink=\"https:\/\/espiritodacomporta.com\/es\/los-pueblos-de-comporta\/cais_artigomay-2\/\" data-orig-file=\"https:\/\/espiritodacomporta.com\/app\/uploads\/2023\/05\/Cais_artigomay.webp\" data-orig-size=\"1024,768\" data-comments-opened=\"0\" data-image-meta=\"{&quot;aperture&quot;:&quot;0&quot;,&quot;credit&quot;:&quot;&quot;,&quot;camera&quot;:&quot;&quot;,&quot;caption&quot;:&quot;&quot;,&quot;created_timestamp&quot;:&quot;0&quot;,&quot;copyright&quot;:&quot;&quot;,&quot;focal_length&quot;:&quot;0&quot;,&quot;iso&quot;:&quot;0&quot;,&quot;shutter_speed&quot;:&quot;0&quot;,&quot;title&quot;:&quot;&quot;,&quot;orientation&quot;:&quot;0&quot;}\" data-image-title=\"cais-comporta\" data-image-description=\"\" data-image-caption=\"\" data-medium-file=\"https:\/\/espiritodacomporta.com\/app\/uploads\/2023\/05\/Cais_artigomay-300x225.webp\" data-large-file=\"https:\/\/espiritodacomporta.com\/app\/uploads\/2023\/05\/Cais_artigomay.webp\" data-id=\"51438\" src=\"https:\/\/espiritodacomporta.com\/app\/uploads\/2023\/05\/Cais_artigomay.webp\" alt=\"cais-comporta\" class=\"wp-image-51438\" srcset=\"https:\/\/espiritodacomporta.com\/app\/uploads\/2023\/05\/Cais_artigomay.webp 1024w, https:\/\/espiritodacomporta.com\/app\/uploads\/2023\/05\/Cais_artigomay-300x225.webp 300w, https:\/\/espiritodacomporta.com\/app\/uploads\/2023\/05\/Cais_artigomay-768x576.webp 768w\" sizes=\"auto, (max-width: 1024px) 100vw, 1024px\" \/><\/figure>\n\n\n\n<figure class=\"wp-block-image size-large\"><img decoding=\"async\" data-attachment-id=\"51433\" data-permalink=\"https:\/\/espiritodacomporta.com\/es\/los-pueblos-de-comporta\/beach-1-2\/\" data-orig-file=\"https:\/\/espiritodacomporta.com\/app\/uploads\/2023\/05\/beach-1.webp\" data-orig-size=\"2560,1440\" data-comments-opened=\"0\" data-image-meta=\"{&quot;aperture&quot;:&quot;0&quot;,&quot;credit&quot;:&quot;&quot;,&quot;camera&quot;:&quot;&quot;,&quot;caption&quot;:&quot;&quot;,&quot;created_timestamp&quot;:&quot;0&quot;,&quot;copyright&quot;:&quot;&quot;,&quot;focal_length&quot;:&quot;0&quot;,&quot;iso&quot;:&quot;0&quot;,&quot;shutter_speed&quot;:&quot;0&quot;,&quot;title&quot;:&quot;&quot;,&quot;orientation&quot;:&quot;0&quot;}\" data-image-title=\"Beach_Comporta\" data-image-description=\"\" data-image-caption=\"\" data-medium-file=\"https:\/\/espiritodacomporta.com\/app\/uploads\/2023\/05\/beach-1-300x169.webp\" data-large-file=\"https:\/\/espiritodacomporta.com\/app\/uploads\/2023\/05\/beach-1-1024x576.webp\" data-id=\"51433\" src=\"https:\/\/espiritodacomporta.com\/app\/uploads\/2023\/05\/beach-1.webp\" alt=\"Beach_Comporta\" class=\"wp-image-51433\"\/><\/figure>\n\n\n\n<figure class=\"wp-block-image size-large\"><img loading=\"lazy\" decoding=\"async\" width=\"1024\" height=\"768\" data-attachment-id=\"50565\" data-permalink=\"https:\/\/espiritodacomporta.com\/es\/paseo-en-barco-en-comporta\/2022-09-03-12-54-49-2\/\" data-orig-file=\"https:\/\/espiritodacomporta.com\/app\/uploads\/2023\/04\/2022-09-03-12.54.49-scaled.webp\" data-orig-size=\"2560,1920\" data-comments-opened=\"0\" data-image-meta=\"{&quot;aperture&quot;:&quot;0&quot;,&quot;credit&quot;:&quot;&quot;,&quot;camera&quot;:&quot;&quot;,&quot;caption&quot;:&quot;&quot;,&quot;created_timestamp&quot;:&quot;0&quot;,&quot;copyright&quot;:&quot;&quot;,&quot;focal_length&quot;:&quot;0&quot;,&quot;iso&quot;:&quot;0&quot;,&quot;shutter_speed&quot;:&quot;0&quot;,&quot;title&quot;:&quot;&quot;,&quot;orientation&quot;:&quot;0&quot;}\" data-image-title=\"Boat-trip-comporta\" data-image-description=\"\" data-image-caption=\"\" data-medium-file=\"https:\/\/espiritodacomporta.com\/app\/uploads\/2023\/04\/2022-09-03-12.54.49-300x225.webp\" data-large-file=\"https:\/\/espiritodacomporta.com\/app\/uploads\/2023\/04\/2022-09-03-12.54.49-1024x768.webp\" data-id=\"50565\" src=\"https:\/\/espiritodacomporta.com\/app\/uploads\/2023\/04\/2022-09-03-12.54.49-1024x768.webp\" alt=\"Boat-trip-comporta\" class=\"wp-image-50565\" srcset=\"https:\/\/espiritodacomporta.com\/app\/uploads\/2023\/04\/2022-09-03-12.54.49-1024x768.webp 1024w, https:\/\/espiritodacomporta.com\/app\/uploads\/2023\/04\/2022-09-03-12.54.49-300x225.webp 300w, https:\/\/espiritodacomporta.com\/app\/uploads\/2023\/04\/2022-09-03-12.54.49-768x576.webp 768w, https:\/\/espiritodacomporta.com\/app\/uploads\/2023\/04\/2022-09-03-12.54.49-1536x1152.webp 1536w, https:\/\/espiritodacomporta.com\/app\/uploads\/2023\/04\/2022-09-03-12.54.49-2048x1536.webp 2048w\" sizes=\"auto, (max-width: 1024px) 100vw, 1024px\" \/><\/figure>\n\n\n\n<figure class=\"wp-block-image size-large\"><img loading=\"lazy\" decoding=\"async\" width=\"1024\" height=\"768\" data-attachment-id=\"48898\" data-permalink=\"https:\/\/espiritodacomporta.com\/es\/comporta-novedades2023\/comportavillage3-2\/\" data-orig-file=\"https:\/\/espiritodacomporta.com\/app\/uploads\/2023\/02\/comportavillage3.webp\" data-orig-size=\"2016,1512\" data-comments-opened=\"0\" data-image-meta=\"{&quot;aperture&quot;:&quot;0&quot;,&quot;credit&quot;:&quot;&quot;,&quot;camera&quot;:&quot;&quot;,&quot;caption&quot;:&quot;&quot;,&quot;created_timestamp&quot;:&quot;0&quot;,&quot;copyright&quot;:&quot;&quot;,&quot;focal_length&quot;:&quot;0&quot;,&quot;iso&quot;:&quot;0&quot;,&quot;shutter_speed&quot;:&quot;0&quot;,&quot;title&quot;:&quot;&quot;,&quot;orientation&quot;:&quot;0&quot;}\" data-image-title=\"comportavillage3\" data-image-description=\"\" data-image-caption=\"\" data-medium-file=\"https:\/\/espiritodacomporta.com\/app\/uploads\/2023\/02\/comportavillage3-300x225.webp\" data-large-file=\"https:\/\/espiritodacomporta.com\/app\/uploads\/2023\/02\/comportavillage3-1024x768.webp\" data-id=\"48898\" src=\"https:\/\/espiritodacomporta.com\/app\/uploads\/2023\/02\/comportavillage3-1024x768.webp\" alt=\"comporta-village\" class=\"wp-image-48898\" srcset=\"https:\/\/espiritodacomporta.com\/app\/uploads\/2023\/02\/comportavillage3-1024x768.webp 1024w, https:\/\/espiritodacomporta.com\/app\/uploads\/2023\/02\/comportavillage3-300x225.webp 300w, https:\/\/espiritodacomporta.com\/app\/uploads\/2023\/02\/comportavillage3-768x576.webp 768w, https:\/\/espiritodacomporta.com\/app\/uploads\/2023\/02\/comportavillage3-1536x1152.webp 1536w, https:\/\/espiritodacomporta.com\/app\/uploads\/2023\/02\/comportavillage3.webp 2016w\" sizes=\"auto, (max-width: 1024px) 100vw, 1024px\" \/><\/figure>\n\n\n\n<figure class=\"wp-block-image size-large\"><img loading=\"lazy\" decoding=\"async\" width=\"1024\" height=\"768\" data-attachment-id=\"47211\" data-permalink=\"https:\/\/espiritodacomporta.com\/es\/temporada-baja-comporta\/rice-fields-comporta-2\/\" data-orig-file=\"https:\/\/espiritodacomporta.com\/app\/uploads\/2022\/12\/rice-fields-comporta-scaled.webp\" data-orig-size=\"2560,1920\" data-comments-opened=\"0\" data-image-meta=\"{&quot;aperture&quot;:&quot;0&quot;,&quot;credit&quot;:&quot;&quot;,&quot;camera&quot;:&quot;&quot;,&quot;caption&quot;:&quot;&quot;,&quot;created_timestamp&quot;:&quot;0&quot;,&quot;copyright&quot;:&quot;&quot;,&quot;focal_length&quot;:&quot;0&quot;,&quot;iso&quot;:&quot;0&quot;,&quot;shutter_speed&quot;:&quot;0&quot;,&quot;title&quot;:&quot;&quot;,&quot;orientation&quot;:&quot;0&quot;}\" data-image-title=\"rice-fields-comporta\" data-image-description=\"\" data-image-caption=\"\" data-medium-file=\"https:\/\/espiritodacomporta.com\/app\/uploads\/2022\/12\/rice-fields-comporta-300x225.webp\" data-large-file=\"https:\/\/espiritodacomporta.com\/app\/uploads\/2022\/12\/rice-fields-comporta-1024x768.webp\" data-id=\"47211\" src=\"https:\/\/espiritodacomporta.com\/app\/uploads\/2022\/12\/rice-fields-comporta-1024x768.webp\" alt=\"rice-fields-comporta\" class=\"wp-image-47211\" srcset=\"https:\/\/espiritodacomporta.com\/app\/uploads\/2022\/12\/rice-fields-comporta-1024x768.webp 1024w, https:\/\/espiritodacomporta.com\/app\/uploads\/2022\/12\/rice-fields-comporta-300x225.webp 300w, https:\/\/espiritodacomporta.com\/app\/uploads\/2022\/12\/rice-fields-comporta-768x576.webp 768w, https:\/\/espiritodacomporta.com\/app\/uploads\/2022\/12\/rice-fields-comporta-1536x1152.webp 1536w, https:\/\/espiritodacomporta.com\/app\/uploads\/2022\/12\/rice-fields-comporta-2048x1536.webp 2048w\" sizes=\"auto, (max-width: 1024px) 100vw, 1024px\" \/><\/figure>\n<\/figure>\n\n\n\n<p><\/p>\n\n\n\n<figure class=\"wp-block-gallery has-nested-images columns-default is-cropped wp-block-gallery-5 is-layout-flex wp-block-gallery-is-layout-flex\">\n<figure class=\"wp-block-image size-large\"><img loading=\"lazy\" decoding=\"async\" width=\"768\" height=\"1024\" data-attachment-id=\"52508\" data-permalink=\"https:\/\/espiritodacomporta.com\/es\/mejores-sitios-para-comer-en-comporta\/2017-11-02-19-45-26-2\/\" data-orig-file=\"https:\/\/espiritodacomporta.com\/app\/uploads\/2023\/07\/2017-11-02-19.45.26-scaled.webp\" data-orig-size=\"1920,2560\" data-comments-opened=\"0\" data-image-meta=\"{&quot;aperture&quot;:&quot;0&quot;,&quot;credit&quot;:&quot;&quot;,&quot;camera&quot;:&quot;&quot;,&quot;caption&quot;:&quot;&quot;,&quot;created_timestamp&quot;:&quot;0&quot;,&quot;copyright&quot;:&quot;&quot;,&quot;focal_length&quot;:&quot;0&quot;,&quot;iso&quot;:&quot;0&quot;,&quot;shutter_speed&quot;:&quot;0&quot;,&quot;title&quot;:&quot;&quot;,&quot;orientation&quot;:&quot;0&quot;}\" data-image-title=\"2017-11-02-19.45.26\" data-image-description=\"\" data-image-caption=\"\" data-medium-file=\"https:\/\/espiritodacomporta.com\/app\/uploads\/2023\/07\/2017-11-02-19.45.26-225x300.webp\" data-large-file=\"https:\/\/espiritodacomporta.com\/app\/uploads\/2023\/07\/2017-11-02-19.45.26-768x1024.webp\" data-id=\"52508\" src=\"https:\/\/espiritodacomporta.com\/app\/uploads\/2023\/07\/2017-11-02-19.45.26-768x1024.webp\" alt=\"cavalarica_comporta\" class=\"wp-image-52508\" srcset=\"https:\/\/espiritodacomporta.com\/app\/uploads\/2023\/07\/2017-11-02-19.45.26-768x1024.webp 768w, https:\/\/espiritodacomporta.com\/app\/uploads\/2023\/07\/2017-11-02-19.45.26-225x300.webp 225w, https:\/\/espiritodacomporta.com\/app\/uploads\/2023\/07\/2017-11-02-19.45.26-1152x1536.webp 1152w, https:\/\/espiritodacomporta.com\/app\/uploads\/2023\/07\/2017-11-02-19.45.26-1536x2048.webp 1536w, https:\/\/espiritodacomporta.com\/app\/uploads\/2023\/07\/2017-11-02-19.45.26-scaled.webp 1920w\" sizes=\"auto, (max-width: 768px) 100vw, 768px\" \/><\/figure>\n\n\n\n<figure class=\"wp-block-image size-large\"><img loading=\"lazy\" decoding=\"async\" width=\"1024\" height=\"576\" data-attachment-id=\"41663\" data-permalink=\"https:\/\/espiritodacomporta.com\/es\/otono-en-portugal\/comporta-blue-sea-2\/\" data-orig-file=\"https:\/\/espiritodacomporta.com\/app\/uploads\/2022\/07\/comporta-blue-sea-scaled.webp\" data-orig-size=\"2560,1440\" data-comments-opened=\"0\" data-image-meta=\"{&quot;aperture&quot;:&quot;0&quot;,&quot;credit&quot;:&quot;&quot;,&quot;camera&quot;:&quot;&quot;,&quot;caption&quot;:&quot;&quot;,&quot;created_timestamp&quot;:&quot;0&quot;,&quot;copyright&quot;:&quot;&quot;,&quot;focal_length&quot;:&quot;0&quot;,&quot;iso&quot;:&quot;0&quot;,&quot;shutter_speed&quot;:&quot;0&quot;,&quot;title&quot;:&quot;&quot;,&quot;orientation&quot;:&quot;0&quot;}\" data-image-title=\"comporta-blue-sea\" data-image-description=\"\" data-image-caption=\"\" data-medium-file=\"https:\/\/espiritodacomporta.com\/app\/uploads\/2022\/07\/comporta-blue-sea-300x169.webp\" data-large-file=\"https:\/\/espiritodacomporta.com\/app\/uploads\/2022\/07\/comporta-blue-sea-1024x576.webp\" data-id=\"41663\" src=\"https:\/\/espiritodacomporta.com\/app\/uploads\/2022\/07\/comporta-blue-sea-1024x576.webp\" alt=\"comporta-blue-sea\" class=\"wp-image-41663\" srcset=\"https:\/\/espiritodacomporta.com\/app\/uploads\/2022\/07\/comporta-blue-sea-1024x576.webp 1024w, https:\/\/espiritodacomporta.com\/app\/uploads\/2022\/07\/comporta-blue-sea-300x169.webp 300w, https:\/\/espiritodacomporta.com\/app\/uploads\/2022\/07\/comporta-blue-sea-768x432.webp 768w, https:\/\/espiritodacomporta.com\/app\/uploads\/2022\/07\/comporta-blue-sea-1536x864.webp 1536w, https:\/\/espiritodacomporta.com\/app\/uploads\/2022\/07\/comporta-blue-sea-2048x1152.webp 2048w\" sizes=\"auto, (max-width: 1024px) 100vw, 1024px\" \/><\/figure>\n\n\n\n<figure class=\"wp-block-image size-large\"><img loading=\"lazy\" decoding=\"async\" width=\"1024\" height=\"768\" data-attachment-id=\"27689\" data-permalink=\"https:\/\/espiritodacomporta.com\/es\/llegar-comporta-desde-lisboa\/arrabida-setubal-2\/\" data-orig-file=\"https:\/\/espiritodacomporta.com\/app\/uploads\/2022\/04\/arrabida-setubal.webp\" data-orig-size=\"2016,1512\" data-comments-opened=\"0\" data-image-meta=\"{&quot;aperture&quot;:&quot;0&quot;,&quot;credit&quot;:&quot;&quot;,&quot;camera&quot;:&quot;&quot;,&quot;caption&quot;:&quot;&quot;,&quot;created_timestamp&quot;:&quot;0&quot;,&quot;copyright&quot;:&quot;&quot;,&quot;focal_length&quot;:&quot;0&quot;,&quot;iso&quot;:&quot;0&quot;,&quot;shutter_speed&quot;:&quot;0&quot;,&quot;title&quot;:&quot;&quot;,&quot;orientation&quot;:&quot;0&quot;}\" data-image-title=\"arrabida-setubal\" data-image-description=\"\" data-image-caption=\"\" data-medium-file=\"https:\/\/espiritodacomporta.com\/app\/uploads\/2022\/04\/arrabida-setubal-300x225.webp\" data-large-file=\"https:\/\/espiritodacomporta.com\/app\/uploads\/2022\/04\/arrabida-setubal-1024x768.webp\" data-id=\"27689\" src=\"https:\/\/espiritodacomporta.com\/app\/uploads\/2022\/04\/arrabida-setubal-1024x768.webp\" alt=\"arrabida-setubal\" class=\"wp-image-27689\" srcset=\"https:\/\/espiritodacomporta.com\/app\/uploads\/2022\/04\/arrabida-setubal-1024x768.webp 1024w, https:\/\/espiritodacomporta.com\/app\/uploads\/2022\/04\/arrabida-setubal-300x225.webp 300w, https:\/\/espiritodacomporta.com\/app\/uploads\/2022\/04\/arrabida-setubal-768x576.webp 768w, https:\/\/espiritodacomporta.com\/app\/uploads\/2022\/04\/arrabida-setubal-1536x1152.webp 1536w, https:\/\/espiritodacomporta.com\/app\/uploads\/2022\/04\/arrabida-setubal.webp 2016w\" sizes=\"auto, (max-width: 1024px) 100vw, 1024px\" \/><\/figure>\n<\/figure>\n\n\n\n<p><\/p>\n\n\n\n<figure class=\"wp-block-gallery has-nested-images columns-default is-cropped wp-block-gallery-6 is-layout-flex wp-block-gallery-is-layout-flex\">\n<figure class=\"wp-block-image size-large\"><img loading=\"lazy\" decoding=\"async\" width=\"1024\" height=\"768\" data-attachment-id=\"52157\" data-permalink=\"https:\/\/espiritodacomporta.com\/es\/que-hacer-en-setubal\/galapinhos2-2\/\" data-orig-file=\"https:\/\/espiritodacomporta.com\/app\/uploads\/2019\/10\/galapinhos2.webp\" data-orig-size=\"2048,1536\" data-comments-opened=\"0\" data-image-meta=\"{&quot;aperture&quot;:&quot;0&quot;,&quot;credit&quot;:&quot;&quot;,&quot;camera&quot;:&quot;&quot;,&quot;caption&quot;:&quot;&quot;,&quot;created_timestamp&quot;:&quot;0&quot;,&quot;copyright&quot;:&quot;&quot;,&quot;focal_length&quot;:&quot;0&quot;,&quot;iso&quot;:&quot;0&quot;,&quot;shutter_speed&quot;:&quot;0&quot;,&quot;title&quot;:&quot;&quot;,&quot;orientation&quot;:&quot;0&quot;}\" data-image-title=\"galapinhos2\" data-image-description=\"\" data-image-caption=\"\" data-medium-file=\"https:\/\/espiritodacomporta.com\/app\/uploads\/2019\/10\/galapinhos2-300x225.webp\" data-large-file=\"https:\/\/espiritodacomporta.com\/app\/uploads\/2019\/10\/galapinhos2-1024x768.webp\" data-id=\"52157\" src=\"https:\/\/espiritodacomporta.com\/app\/uploads\/2019\/10\/galapinhos2-1024x768.webp\" alt=\"galapinhos_beach\" class=\"wp-image-52157\" srcset=\"https:\/\/espiritodacomporta.com\/app\/uploads\/2019\/10\/galapinhos2-1024x768.webp 1024w, https:\/\/espiritodacomporta.com\/app\/uploads\/2019\/10\/galapinhos2-300x225.webp 300w, https:\/\/espiritodacomporta.com\/app\/uploads\/2019\/10\/galapinhos2-768x576.webp 768w, https:\/\/espiritodacomporta.com\/app\/uploads\/2019\/10\/galapinhos2-1536x1152.webp 1536w, https:\/\/espiritodacomporta.com\/app\/uploads\/2019\/10\/galapinhos2.webp 2048w\" sizes=\"auto, (max-width: 1024px) 100vw, 1024px\" \/><\/figure>\n\n\n\n<figure class=\"wp-block-image size-large\"><img loading=\"lazy\" decoding=\"async\" width=\"768\" height=\"1024\" data-attachment-id=\"49456\" data-permalink=\"https:\/\/espiritodacomporta.com\/es\/7-dias-para-visitar-comporta-portugal\/rice-fields-3\/\" data-orig-file=\"https:\/\/espiritodacomporta.com\/app\/uploads\/2019\/06\/rice-fields.webp\" data-orig-size=\"768,1024\" data-comments-opened=\"0\" data-image-meta=\"{&quot;aperture&quot;:&quot;0&quot;,&quot;credit&quot;:&quot;&quot;,&quot;camera&quot;:&quot;&quot;,&quot;caption&quot;:&quot;&quot;,&quot;created_timestamp&quot;:&quot;0&quot;,&quot;copyright&quot;:&quot;&quot;,&quot;focal_length&quot;:&quot;0&quot;,&quot;iso&quot;:&quot;0&quot;,&quot;shutter_speed&quot;:&quot;0&quot;,&quot;title&quot;:&quot;&quot;,&quot;orientation&quot;:&quot;0&quot;}\" data-image-title=\"rice-fields\" data-image-description=\"\" data-image-caption=\"\" data-medium-file=\"https:\/\/espiritodacomporta.com\/app\/uploads\/2019\/06\/rice-fields-225x300.webp\" data-large-file=\"https:\/\/espiritodacomporta.com\/app\/uploads\/2019\/06\/rice-fields.webp\" data-id=\"49456\" src=\"https:\/\/espiritodacomporta.com\/app\/uploads\/2019\/06\/rice-fields.webp\" alt=\"rice-fields-comporta\" class=\"wp-image-49456\" srcset=\"https:\/\/espiritodacomporta.com\/app\/uploads\/2019\/06\/rice-fields.webp 768w, https:\/\/espiritodacomporta.com\/app\/uploads\/2019\/06\/rice-fields-225x300.webp 225w\" sizes=\"auto, (max-width: 768px) 100vw, 768px\" \/><\/figure>\n\n\n\n<figure class=\"wp-block-image size-large\"><img loading=\"lazy\" decoding=\"async\" width=\"1024\" height=\"768\" data-attachment-id=\"48100\" data-permalink=\"https:\/\/espiritodacomporta.com\/es\/portugal-en-primavera\/stork-2\/\" data-orig-file=\"https:\/\/espiritodacomporta.com\/app\/uploads\/2023\/01\/Stork.webp\" data-orig-size=\"2016,1512\" data-comments-opened=\"0\" data-image-meta=\"{&quot;aperture&quot;:&quot;0&quot;,&quot;credit&quot;:&quot;&quot;,&quot;camera&quot;:&quot;&quot;,&quot;caption&quot;:&quot;&quot;,&quot;created_timestamp&quot;:&quot;0&quot;,&quot;copyright&quot;:&quot;&quot;,&quot;focal_length&quot;:&quot;0&quot;,&quot;iso&quot;:&quot;0&quot;,&quot;shutter_speed&quot;:&quot;0&quot;,&quot;title&quot;:&quot;&quot;,&quot;orientation&quot;:&quot;0&quot;}\" data-image-title=\"Stork\" data-image-description=\"\" data-image-caption=\"\" data-medium-file=\"https:\/\/espiritodacomporta.com\/app\/uploads\/2023\/01\/Stork-300x225.webp\" data-large-file=\"https:\/\/espiritodacomporta.com\/app\/uploads\/2023\/01\/Stork-1024x768.webp\" data-id=\"48100\" src=\"https:\/\/espiritodacomporta.com\/app\/uploads\/2023\/01\/Stork-1024x768.webp\" alt=\"Stork-Comporta\" class=\"wp-image-48100\" srcset=\"https:\/\/espiritodacomporta.com\/app\/uploads\/2023\/01\/Stork-1024x768.webp 1024w, https:\/\/espiritodacomporta.com\/app\/uploads\/2023\/01\/Stork-300x225.webp 300w, https:\/\/espiritodacomporta.com\/app\/uploads\/2023\/01\/Stork-768x576.webp 768w, https:\/\/espiritodacomporta.com\/app\/uploads\/2023\/01\/Stork-1536x1152.webp 1536w, https:\/\/espiritodacomporta.com\/app\/uploads\/2023\/01\/Stork.webp 2016w\" sizes=\"auto, (max-width: 1024px) 100vw, 1024px\" \/><\/figure>\n<\/figure>\n\n\n\n<p>Estamos seguros de que encontrar\u00e1 todos los elementos naturales esenciales para una buena fotograf\u00eda.<\/p>\n\n\n\n<p>En esta regi\u00f3n seguro que entender\u00e1 la famosa expresi\u00f3n \u00abUna imagen vale m\u00e1s que mil palabras\u00bb.<\/p>\n\n\n\n<p>\u00bfEst\u00e1 preparado para esta aventura fotogr\u00e1fica?<\/p>\n","protected":false},"excerpt":{"rendered":"<p>Comporta es un pueblo situado a 1h15m de Lisboa y es incre\u00edble lo id\u00edlico de su paisaje para los amantes de la naturaleza. Comporta se encuentra en la Herdade da comporta, un \u00e1rea de 12.500 hect\u00e1reas y est\u00e1 situado entre el r\u00edo Sado y el oc\u00e9ano. Comporta es uno de los pueblos m\u00e1s conocidos de <\/p>\n<div class=\"goto\"><a href=\"https:\/\/espiritodacomporta.com\/es\/comporta-paraiso-de-los-fotografos\/\">Leer m\u00e1s<\/a><\/div>\n","protected":false},"author":7,"featured_media":52685,"comment_status":"open","ping_status":"open","sticky":false,"template":"","format":"standard","meta":{"_acf_changed":false,"inline_featured_image":false,"footnotes":""},"categories":[1664,1797],"tags":[],"class_list":["post-52696","post","type-post","status-publish","format-standard","has-post-thumbnail","hentry","category-buscando-la-belleza","category-sentir-la-naturaleza"],"acf":[],"yoast_head":"<!-- This site is optimized with the Yoast SEO Premium plugin v27.2 (Yoast SEO v27.2) - https:\/\/yoast.com\/product\/yoast-seo-premium-wordpress\/ -->\n<title>Comporta: para\u00edso de los fot\u00f3grafos<\/title>\n<meta name=\"description\" content=\"En Comporta se respira aire puro, naturaleza y tranquilidad. Toda su comarca es perfecta para los amantes de la fotograf\u00eda.\" \/>\n<meta name=\"robots\" content=\"index, follow, max-snippet:-1, max-image-preview:large, max-video-preview:-1\" \/>\n<link rel=\"canonical\" href=\"https:\/\/espiritodacomporta.com\/es\/comporta-paraiso-de-los-fotografos\/\" \/>\n<meta property=\"og:locale\" content=\"es_ES\" \/>\n<meta property=\"og:type\" content=\"article\" \/>\n<meta property=\"og:title\" content=\"Comporta: para\u00edso de los fot\u00f3grafos\" \/>\n<meta property=\"og:description\" content=\"En Comporta se respira aire puro, naturaleza y tranquilidad. Toda su comarca es perfecta para los amantes de la fotograf\u00eda.\" \/>\n<meta property=\"og:url\" content=\"https:\/\/espiritodacomporta.com\/es\/comporta-paraiso-de-los-fotografos\/\" \/>\n<meta property=\"og:site_name\" content=\"Live &amp; Feel Comporta Portugal\" \/>\n<meta property=\"article:published_time\" content=\"2023-07-11T14:29:20+00:00\" \/>\n<meta property=\"article:modified_time\" content=\"2023-07-11T14:52:26+00:00\" \/>\n<meta property=\"og:image\" content=\"https:\/\/espiritodacomporta.com\/app\/uploads\/2023\/07\/comporta_Photograpgy.webp\" \/>\n\t<meta property=\"og:image:width\" content=\"2250\" \/>\n\t<meta property=\"og:image:height\" content=\"1500\" \/>\n\t<meta property=\"og:image:type\" content=\"image\/webp\" \/>\n<meta name=\"author\" content=\"Info\" \/>\n<meta name=\"twitter:card\" content=\"summary_large_image\" \/>\n<meta name=\"twitter:label1\" content=\"Escrito por\" \/>\n\t<meta name=\"twitter:data1\" content=\"Info\" \/>\n\t<meta name=\"twitter:label2\" content=\"Tiempo de lectura\" \/>\n\t<meta name=\"twitter:data2\" content=\"8 minutos\" \/>\n<script type=\"application\/ld+json\" class=\"yoast-schema-graph\">{\"@context\":\"https:\/\/schema.org\",\"@graph\":[{\"@type\":\"Article\",\"@id\":\"https:\/\/espiritodacomporta.com\/es\/comporta-paraiso-de-los-fotografos\/#article\",\"isPartOf\":{\"@id\":\"https:\/\/espiritodacomporta.com\/es\/comporta-paraiso-de-los-fotografos\/\"},\"author\":{\"name\":\"Info\",\"@id\":\"https:\/\/espiritodacomporta.com\/es\/#\/schema\/person\/c76d29ce59d104bde14812d3465de878\"},\"headline\":\"Comporta: para\u00edso de los fot\u00f3grafos\",\"datePublished\":\"2023-07-11T14:29:20+00:00\",\"dateModified\":\"2023-07-11T14:52:26+00:00\",\"mainEntityOfPage\":{\"@id\":\"https:\/\/espiritodacomporta.com\/es\/comporta-paraiso-de-los-fotografos\/\"},\"wordCount\":729,\"commentCount\":0,\"publisher\":{\"@id\":\"https:\/\/espiritodacomporta.com\/es\/#organization\"},\"image\":{\"@id\":\"https:\/\/espiritodacomporta.com\/es\/comporta-paraiso-de-los-fotografos\/#primaryimage\"},\"thumbnailUrl\":\"https:\/\/espiritodacomporta.com\/app\/uploads\/2023\/07\/comporta_Photograpgy.webp\",\"articleSection\":[\"Buscando la belleza\",\"Sentir la naturaleza\"],\"inLanguage\":\"es\",\"potentialAction\":[{\"@type\":\"CommentAction\",\"name\":\"Comment\",\"target\":[\"https:\/\/espiritodacomporta.com\/es\/comporta-paraiso-de-los-fotografos\/#respond\"]}]},{\"@type\":\"WebPage\",\"@id\":\"https:\/\/espiritodacomporta.com\/es\/comporta-paraiso-de-los-fotografos\/\",\"url\":\"https:\/\/espiritodacomporta.com\/es\/comporta-paraiso-de-los-fotografos\/\",\"name\":\"Comporta: para\u00edso de los fot\u00f3grafos\",\"isPartOf\":{\"@id\":\"https:\/\/espiritodacomporta.com\/es\/#website\"},\"primaryImageOfPage\":{\"@id\":\"https:\/\/espiritodacomporta.com\/es\/comporta-paraiso-de-los-fotografos\/#primaryimage\"},\"image\":{\"@id\":\"https:\/\/espiritodacomporta.com\/es\/comporta-paraiso-de-los-fotografos\/#primaryimage\"},\"thumbnailUrl\":\"https:\/\/espiritodacomporta.com\/app\/uploads\/2023\/07\/comporta_Photograpgy.webp\",\"datePublished\":\"2023-07-11T14:29:20+00:00\",\"dateModified\":\"2023-07-11T14:52:26+00:00\",\"description\":\"En Comporta se respira aire puro, naturaleza y tranquilidad. Toda su comarca es perfecta para los amantes de la fotograf\u00eda.\",\"breadcrumb\":{\"@id\":\"https:\/\/espiritodacomporta.com\/es\/comporta-paraiso-de-los-fotografos\/#breadcrumb\"},\"inLanguage\":\"es\",\"potentialAction\":[{\"@type\":\"ReadAction\",\"target\":[\"https:\/\/espiritodacomporta.com\/es\/comporta-paraiso-de-los-fotografos\/\"]}]},{\"@type\":\"ImageObject\",\"inLanguage\":\"es\",\"@id\":\"https:\/\/espiritodacomporta.com\/es\/comporta-paraiso-de-los-fotografos\/#primaryimage\",\"url\":\"https:\/\/espiritodacomporta.com\/app\/uploads\/2023\/07\/comporta_Photograpgy.webp\",\"contentUrl\":\"https:\/\/espiritodacomporta.com\/app\/uploads\/2023\/07\/comporta_Photograpgy.webp\",\"width\":2250,\"height\":1500,\"caption\":\"comporta_Photography\"},{\"@type\":\"BreadcrumbList\",\"@id\":\"https:\/\/espiritodacomporta.com\/es\/comporta-paraiso-de-los-fotografos\/#breadcrumb\",\"itemListElement\":[{\"@type\":\"ListItem\",\"position\":1,\"name\":\"Home\",\"item\":\"https:\/\/espiritodacomporta.com\/es\/\"},{\"@type\":\"ListItem\",\"position\":2,\"name\":\"Descubre Comporta\",\"item\":\"https:\/\/espiritodacomporta.com\/es\/category\/descubre-comporta\/\"},{\"@type\":\"ListItem\",\"position\":3,\"name\":\"Sentir la naturaleza\",\"item\":\"https:\/\/espiritodacomporta.com\/es\/category\/descubre-comporta\/sentir-la-naturaleza\/\"},{\"@type\":\"ListItem\",\"position\":4,\"name\":\"Comporta: para\u00edso de los fot\u00f3grafos\"}]},{\"@type\":\"WebSite\",\"@id\":\"https:\/\/espiritodacomporta.com\/es\/#website\",\"url\":\"https:\/\/espiritodacomporta.com\/es\/\",\"name\":\"Live & Feel Comporta Portugal\",\"description\":\"\",\"publisher\":{\"@id\":\"https:\/\/espiritodacomporta.com\/es\/#organization\"},\"potentialAction\":[{\"@type\":\"SearchAction\",\"target\":{\"@type\":\"EntryPoint\",\"urlTemplate\":\"https:\/\/espiritodacomporta.com\/es\/?s={search_term_string}\"},\"query-input\":{\"@type\":\"PropertyValueSpecification\",\"valueRequired\":true,\"valueName\":\"search_term_string\"}}],\"inLanguage\":\"es\"},{\"@type\":\"Organization\",\"@id\":\"https:\/\/espiritodacomporta.com\/es\/#organization\",\"name\":\"Espirito da Comporta\",\"url\":\"https:\/\/espiritodacomporta.com\/es\/\",\"logo\":{\"@type\":\"ImageObject\",\"inLanguage\":\"es\",\"@id\":\"https:\/\/espiritodacomporta.com\/es\/#\/schema\/logo\/image\/\",\"url\":\"https:\/\/espiritodacomporta.com\/app\/uploads\/2023\/09\/LOGO-SIGNATURE@4x.png\",\"contentUrl\":\"https:\/\/espiritodacomporta.com\/app\/uploads\/2023\/09\/LOGO-SIGNATURE@4x.png\",\"width\":321,\"height\":385,\"caption\":\"Espirito da Comporta\"},\"image\":{\"@id\":\"https:\/\/espiritodacomporta.com\/es\/#\/schema\/logo\/image\/\"},\"sameAs\":[\"https:\/\/www.instagram.com\/almadacomporta\/\"]},{\"@type\":\"Person\",\"@id\":\"https:\/\/espiritodacomporta.com\/es\/#\/schema\/person\/c76d29ce59d104bde14812d3465de878\",\"name\":\"Info\",\"image\":{\"@type\":\"ImageObject\",\"inLanguage\":\"es\",\"@id\":\"https:\/\/secure.gravatar.com\/avatar\/dee735d7b19944762d18cdf00966586c0ffcea9da4d03f8be9d25dcff9972207?s=96&d=mm&r=g\",\"url\":\"https:\/\/secure.gravatar.com\/avatar\/dee735d7b19944762d18cdf00966586c0ffcea9da4d03f8be9d25dcff9972207?s=96&d=mm&r=g\",\"contentUrl\":\"https:\/\/secure.gravatar.com\/avatar\/dee735d7b19944762d18cdf00966586c0ffcea9da4d03f8be9d25dcff9972207?s=96&d=mm&r=g\",\"caption\":\"Info\"}}]}<\/script>\n<!-- \/ Yoast SEO Premium plugin. -->","yoast_head_json":{"title":"Comporta: para\u00edso de los fot\u00f3grafos","description":"En Comporta se respira aire puro, naturaleza y tranquilidad. Toda su comarca es perfecta para los amantes de la fotograf\u00eda.","robots":{"index":"index","follow":"follow","max-snippet":"max-snippet:-1","max-image-preview":"max-image-preview:large","max-video-preview":"max-video-preview:-1"},"canonical":"https:\/\/espiritodacomporta.com\/es\/comporta-paraiso-de-los-fotografos\/","og_locale":"es_ES","og_type":"article","og_title":"Comporta: para\u00edso de los fot\u00f3grafos","og_description":"En Comporta se respira aire puro, naturaleza y tranquilidad. Toda su comarca es perfecta para los amantes de la fotograf\u00eda.","og_url":"https:\/\/espiritodacomporta.com\/es\/comporta-paraiso-de-los-fotografos\/","og_site_name":"Live &amp; Feel Comporta Portugal","article_published_time":"2023-07-11T14:29:20+00:00","article_modified_time":"2023-07-11T14:52:26+00:00","og_image":[{"width":2250,"height":1500,"url":"https:\/\/espiritodacomporta.com\/app\/uploads\/2023\/07\/comporta_Photograpgy.webp","type":"image\/webp"}],"author":"Info","twitter_card":"summary_large_image","twitter_misc":{"Escrito por":"Info","Tiempo de lectura":"8 minutos"},"schema":{"@context":"https:\/\/schema.org","@graph":[{"@type":"Article","@id":"https:\/\/espiritodacomporta.com\/es\/comporta-paraiso-de-los-fotografos\/#article","isPartOf":{"@id":"https:\/\/espiritodacomporta.com\/es\/comporta-paraiso-de-los-fotografos\/"},"author":{"name":"Info","@id":"https:\/\/espiritodacomporta.com\/es\/#\/schema\/person\/c76d29ce59d104bde14812d3465de878"},"headline":"Comporta: para\u00edso de los fot\u00f3grafos","datePublished":"2023-07-11T14:29:20+00:00","dateModified":"2023-07-11T14:52:26+00:00","mainEntityOfPage":{"@id":"https:\/\/espiritodacomporta.com\/es\/comporta-paraiso-de-los-fotografos\/"},"wordCount":729,"commentCount":0,"publisher":{"@id":"https:\/\/espiritodacomporta.com\/es\/#organization"},"image":{"@id":"https:\/\/espiritodacomporta.com\/es\/comporta-paraiso-de-los-fotografos\/#primaryimage"},"thumbnailUrl":"https:\/\/espiritodacomporta.com\/app\/uploads\/2023\/07\/comporta_Photograpgy.webp","articleSection":["Buscando la belleza","Sentir la naturaleza"],"inLanguage":"es","potentialAction":[{"@type":"CommentAction","name":"Comment","target":["https:\/\/espiritodacomporta.com\/es\/comporta-paraiso-de-los-fotografos\/#respond"]}]},{"@type":"WebPage","@id":"https:\/\/espiritodacomporta.com\/es\/comporta-paraiso-de-los-fotografos\/","url":"https:\/\/espiritodacomporta.com\/es\/comporta-paraiso-de-los-fotografos\/","name":"Comporta: para\u00edso de los fot\u00f3grafos","isPartOf":{"@id":"https:\/\/espiritodacomporta.com\/es\/#website"},"primaryImageOfPage":{"@id":"https:\/\/espiritodacomporta.com\/es\/comporta-paraiso-de-los-fotografos\/#primaryimage"},"image":{"@id":"https:\/\/espiritodacomporta.com\/es\/comporta-paraiso-de-los-fotografos\/#primaryimage"},"thumbnailUrl":"https:\/\/espiritodacomporta.com\/app\/uploads\/2023\/07\/comporta_Photograpgy.webp","datePublished":"2023-07-11T14:29:20+00:00","dateModified":"2023-07-11T14:52:26+00:00","description":"En Comporta se respira aire puro, naturaleza y tranquilidad. Toda su comarca es perfecta para los amantes de la fotograf\u00eda.","breadcrumb":{"@id":"https:\/\/espiritodacomporta.com\/es\/comporta-paraiso-de-los-fotografos\/#breadcrumb"},"inLanguage":"es","potentialAction":[{"@type":"ReadAction","target":["https:\/\/espiritodacomporta.com\/es\/comporta-paraiso-de-los-fotografos\/"]}]},{"@type":"ImageObject","inLanguage":"es","@id":"https:\/\/espiritodacomporta.com\/es\/comporta-paraiso-de-los-fotografos\/#primaryimage","url":"https:\/\/espiritodacomporta.com\/app\/uploads\/2023\/07\/comporta_Photograpgy.webp","contentUrl":"https:\/\/espiritodacomporta.com\/app\/uploads\/2023\/07\/comporta_Photograpgy.webp","width":2250,"height":1500,"caption":"comporta_Photography"},{"@type":"BreadcrumbList","@id":"https:\/\/espiritodacomporta.com\/es\/comporta-paraiso-de-los-fotografos\/#breadcrumb","itemListElement":[{"@type":"ListItem","position":1,"name":"Home","item":"https:\/\/espiritodacomporta.com\/es\/"},{"@type":"ListItem","position":2,"name":"Descubre Comporta","item":"https:\/\/espiritodacomporta.com\/es\/category\/descubre-comporta\/"},{"@type":"ListItem","position":3,"name":"Sentir la naturaleza","item":"https:\/\/espiritodacomporta.com\/es\/category\/descubre-comporta\/sentir-la-naturaleza\/"},{"@type":"ListItem","position":4,"name":"Comporta: para\u00edso de los fot\u00f3grafos"}]},{"@type":"WebSite","@id":"https:\/\/espiritodacomporta.com\/es\/#website","url":"https:\/\/espiritodacomporta.com\/es\/","name":"Live & Feel Comporta Portugal","description":"","publisher":{"@id":"https:\/\/espiritodacomporta.com\/es\/#organization"},"potentialAction":[{"@type":"SearchAction","target":{"@type":"EntryPoint","urlTemplate":"https:\/\/espiritodacomporta.com\/es\/?s={search_term_string}"},"query-input":{"@type":"PropertyValueSpecification","valueRequired":true,"valueName":"search_term_string"}}],"inLanguage":"es"},{"@type":"Organization","@id":"https:\/\/espiritodacomporta.com\/es\/#organization","name":"Espirito da Comporta","url":"https:\/\/espiritodacomporta.com\/es\/","logo":{"@type":"ImageObject","inLanguage":"es","@id":"https:\/\/espiritodacomporta.com\/es\/#\/schema\/logo\/image\/","url":"https:\/\/espiritodacomporta.com\/app\/uploads\/2023\/09\/LOGO-SIGNATURE@4x.png","contentUrl":"https:\/\/espiritodacomporta.com\/app\/uploads\/2023\/09\/LOGO-SIGNATURE@4x.png","width":321,"height":385,"caption":"Espirito da Comporta"},"image":{"@id":"https:\/\/espiritodacomporta.com\/es\/#\/schema\/logo\/image\/"},"sameAs":["https:\/\/www.instagram.com\/almadacomporta\/"]},{"@type":"Person","@id":"https:\/\/espiritodacomporta.com\/es\/#\/schema\/person\/c76d29ce59d104bde14812d3465de878","name":"Info","image":{"@type":"ImageObject","inLanguage":"es","@id":"https:\/\/secure.gravatar.com\/avatar\/dee735d7b19944762d18cdf00966586c0ffcea9da4d03f8be9d25dcff9972207?s=96&d=mm&r=g","url":"https:\/\/secure.gravatar.com\/avatar\/dee735d7b19944762d18cdf00966586c0ffcea9da4d03f8be9d25dcff9972207?s=96&d=mm&r=g","contentUrl":"https:\/\/secure.gravatar.com\/avatar\/dee735d7b19944762d18cdf00966586c0ffcea9da4d03f8be9d25dcff9972207?s=96&d=mm&r=g","caption":"Info"}}]}},"jetpack_featured_media_url":"https:\/\/espiritodacomporta.com\/app\/uploads\/2023\/07\/comporta_Photograpgy.webp","_links":{"self":[{"href":"https:\/\/espiritodacomporta.com\/es\/wp-json\/wp\/v2\/posts\/52696","targetHints":{"allow":["GET"]}}],"collection":[{"href":"https:\/\/espiritodacomporta.com\/es\/wp-json\/wp\/v2\/posts"}],"about":[{"href":"https:\/\/espiritodacomporta.com\/es\/wp-json\/wp\/v2\/types\/post"}],"author":[{"embeddable":true,"href":"https:\/\/espiritodacomporta.com\/es\/wp-json\/wp\/v2\/users\/7"}],"replies":[{"embeddable":true,"href":"https:\/\/espiritodacomporta.com\/es\/wp-json\/wp\/v2\/comments?post=52696"}],"version-history":[{"count":0,"href":"https:\/\/espiritodacomporta.com\/es\/wp-json\/wp\/v2\/posts\/52696\/revisions"}],"wp:featuredmedia":[{"embeddable":true,"href":"https:\/\/espiritodacomporta.com\/es\/wp-json\/wp\/v2\/media\/52685"}],"wp:attachment":[{"href":"https:\/\/espiritodacomporta.com\/es\/wp-json\/wp\/v2\/media?parent=52696"}],"wp:term":[{"taxonomy":"category","embeddable":true,"href":"https:\/\/espiritodacomporta.com\/es\/wp-json\/wp\/v2\/categories?post=52696"},{"taxonomy":"post_tag","embeddable":true,"href":"https:\/\/espiritodacomporta.com\/es\/wp-json\/wp\/v2\/tags?post=52696"}],"curies":[{"name":"wp","href":"https:\/\/api.w.org\/{rel}","templated":true}]}}