{"id":59927,"date":"2023-04-30T16:05:00","date_gmt":"2023-04-30T14:05:00","guid":{"rendered":"https:\/\/espiritodacomporta.com\/?p=59927"},"modified":"2024-04-16T16:14:53","modified_gmt":"2024-04-16T14:14:53","slug":"llegar-comporta-desde-lisboa","status":"publish","type":"post","link":"https:\/\/espiritodacomporta.com\/es\/llegar-comporta-desde-lisboa\/","title":{"rendered":"FERRY: C\u00d3MO LLEGAR A COMPORTA DESDE LISBOA"},"content":{"rendered":"\n<p class=\"is-style-text-intro\"><a href=\"https:\/\/espiritodacomporta.com\/es\/\">Comporta<\/a> est\u00e1 en la costa atl\u00e1ntica, al sur de Set\u00fabal, y a 1h15 minutos de Lisboa, la capital de Portugal. Quien busca pasar unos d\u00edas en Comporta busca tranquilidad y naturaleza. El pueblo, rodeado por los nidos de las cig\u00fce\u00f1as, sus tonos azules y blancos es peque\u00f1o pero presenta algunas opciones de restaurantes, tiendas y minimercados. Pero lo m\u00e1s relevante es lo que ofrece la regi\u00f3n. Al estar en una costa, se pueden explorar muchas playas, as\u00ed como otros pueblos. Para llegar a este destino de ensue\u00f1o, y para los que vienen del extranjero, el aeropuerto m\u00e1s cercano ser\u00eda el de Lisboa. Para llegar a este destino de ensue\u00f1o, y para los que vienen del extranjero, el aeropuerto m\u00e1s cercano ser\u00eda Lisboa. Al llegar a Lisboa hay dos formas de llegar a Comporta. Ambas rutas est\u00e1n a 1h15 de Lisboa.<\/p>\n\n\n<section class=\"homeblocks   \">\n    <section class=\"homeblocks-image \">\n                  <!-- <img decoding=\"async\" src=\"https:\/\/espiritodacomporta.com\/app\/uploads\/2022\/05\/ferry-comporta-scaled.webp\" alt=\"ferry-comporta\"> -->\n          <img decoding=\"async\" width=\"2560\" height=\"1920\" src=\"https:\/\/espiritodacomporta.com\/app\/uploads\/2022\/05\/ferry-comporta-scaled.webp\" class=\"attachment-full size-full\" alt=\"ferry-comporta\" loading=\"lazy\" srcset=\"https:\/\/espiritodacomporta.com\/app\/uploads\/2022\/05\/ferry-comporta-scaled.webp 2560w, https:\/\/espiritodacomporta.com\/app\/uploads\/2022\/05\/ferry-comporta-300x225.webp 300w, https:\/\/espiritodacomporta.com\/app\/uploads\/2022\/05\/ferry-comporta-1024x768.webp 1024w, https:\/\/espiritodacomporta.com\/app\/uploads\/2022\/05\/ferry-comporta-768x576.webp 768w, https:\/\/espiritodacomporta.com\/app\/uploads\/2022\/05\/ferry-comporta-1536x1152.webp 1536w, https:\/\/espiritodacomporta.com\/app\/uploads\/2022\/05\/ferry-comporta-2048x1536.webp 2048w\" sizes=\"auto, (max-width: 2560px) 100vw, 2560px\" data-attachment-id=\"27684\" data-permalink=\"https:\/\/espiritodacomporta.com\/es\/llegar-comporta-desde-lisboa\/ferry-comporta-3-2\/\" data-orig-file=\"https:\/\/espiritodacomporta.com\/app\/uploads\/2022\/05\/ferry-comporta-scaled.webp\" data-orig-size=\"2560,1920\" data-comments-opened=\"0\" data-image-meta=\"{&quot;aperture&quot;:&quot;0&quot;,&quot;credit&quot;:&quot;&quot;,&quot;camera&quot;:&quot;&quot;,&quot;caption&quot;:&quot;&quot;,&quot;created_timestamp&quot;:&quot;0&quot;,&quot;copyright&quot;:&quot;&quot;,&quot;focal_length&quot;:&quot;0&quot;,&quot;iso&quot;:&quot;0&quot;,&quot;shutter_speed&quot;:&quot;0&quot;,&quot;title&quot;:&quot;&quot;,&quot;orientation&quot;:&quot;0&quot;}\" data-image-title=\"ferry-comporta\" data-image-description=\"\" data-image-caption=\"\" data-medium-file=\"https:\/\/espiritodacomporta.com\/app\/uploads\/2022\/05\/ferry-comporta-300x225.webp\" data-large-file=\"https:\/\/espiritodacomporta.com\/app\/uploads\/2022\/05\/ferry-comporta-1024x768.webp\" \/>\n            <\/section>\n    <section class=\"homeblocks-content\">\n        <div class=\"homeblocks-content-inside\">\n            <h2 style=\"text-align: left;\">COMPORTA EN FERRY DESDE SET\u00daBAL<\/h2>\n<p style=\"text-align: left;\">Empezamos describiendo esta forma de llegar a Comporta porque es la m\u00e1s especial. Si tiene la oportunidad y el tiempo para hacerlo, nada mejor que empezar su viaje en ferry. De Lisboa a Set\u00fabal hay aproximadamente 40 minutos en coche. Para llegar a Set\u00fabal, ciudad de 115.000 habitantes, deber\u00e1 seguir la direcci\u00f3n de la autopista A2 o la A12. O bien por el puente 25 de abril o por el puente Vasco da Gama: el primero es el puente m\u00e1s emblem\u00e1tico de Lisboa donde cruza el estuario del Tajo y es el 33\u00ba puente colgante m\u00e1s largo del mundo y el segundo en 2018 fue el puente m\u00e1s largo de Europa.Cuando llegues a Set\u00fabal, no pierdas la oportunidad de comer en esta ciudad. El mejor pescado y sepia frita de la regi\u00f3n. Muchos \u00abLisboetas\u00bb (personas que viven en Lisboa) tienen la costumbre de venir a Set\u00fabal para disfrutar de la gastronom\u00eda que viene del mar. Muy cerca de Set\u00fabal se encuentra la Serra da Arr\u00e1bida. Esta sierra inserta en un parque natural tiene unas playas impresionantes con aguas azules cristalinas (pero fr\u00edas).<\/p>\n\n\n            \n                    <\/div>\n    <\/section>\n<\/section>\n\n\n<section class=\"homeblocks   \">\n    <section class=\"homeblocks-image  homeblocks-right \">\n                  <!-- <img decoding=\"async\" src=\"https:\/\/espiritodacomporta.com\/app\/uploads\/2022\/04\/ferry-to-comporta-1-scaled.webp\" alt=\"ferry-to-comporta\"> -->\n          <img decoding=\"async\" width=\"2560\" height=\"1440\" src=\"https:\/\/espiritodacomporta.com\/app\/uploads\/2022\/04\/ferry-to-comporta-1-scaled.webp\" class=\"attachment-full size-full\" alt=\"ferry-to-comporta\" loading=\"lazy\" srcset=\"https:\/\/espiritodacomporta.com\/app\/uploads\/2022\/04\/ferry-to-comporta-1-scaled.webp 2560w, https:\/\/espiritodacomporta.com\/app\/uploads\/2022\/04\/ferry-to-comporta-1-300x169.webp 300w, https:\/\/espiritodacomporta.com\/app\/uploads\/2022\/04\/ferry-to-comporta-1-1024x576.webp 1024w, https:\/\/espiritodacomporta.com\/app\/uploads\/2022\/04\/ferry-to-comporta-1-768x432.webp 768w, https:\/\/espiritodacomporta.com\/app\/uploads\/2022\/04\/ferry-to-comporta-1-1536x864.webp 1536w, https:\/\/espiritodacomporta.com\/app\/uploads\/2022\/04\/ferry-to-comporta-1-2048x1152.webp 2048w\" sizes=\"auto, (max-width: 2560px) 100vw, 2560px\" data-attachment-id=\"27489\" data-permalink=\"https:\/\/espiritodacomporta.com\/es\/ferry-to-comporta-1-2\/\" data-orig-file=\"https:\/\/espiritodacomporta.com\/app\/uploads\/2022\/04\/ferry-to-comporta-1-scaled.webp\" data-orig-size=\"2560,1440\" data-comments-opened=\"0\" data-image-meta=\"{&quot;aperture&quot;:&quot;0&quot;,&quot;credit&quot;:&quot;&quot;,&quot;camera&quot;:&quot;&quot;,&quot;caption&quot;:&quot;&quot;,&quot;created_timestamp&quot;:&quot;0&quot;,&quot;copyright&quot;:&quot;&quot;,&quot;focal_length&quot;:&quot;0&quot;,&quot;iso&quot;:&quot;0&quot;,&quot;shutter_speed&quot;:&quot;0&quot;,&quot;title&quot;:&quot;&quot;,&quot;orientation&quot;:&quot;0&quot;}\" data-image-title=\"ferry-to-comporta\" data-image-description=\"\" data-image-caption=\"\" data-medium-file=\"https:\/\/espiritodacomporta.com\/app\/uploads\/2022\/04\/ferry-to-comporta-1-300x169.webp\" data-large-file=\"https:\/\/espiritodacomporta.com\/app\/uploads\/2022\/04\/ferry-to-comporta-1-1024x576.webp\" \/>\n            <\/section>\n    <section class=\"homeblocks-content\">\n        <div class=\"homeblocks-content-inside\">\n            <p style=\"text-align: left;\">Algunas playas que recomendamos: Playa de Galapinhos, Playa de Coelhos y Playa de Figueirinha. Si tiene tiempo para explorar la Sierra de Arr\u00e1bida, ya que est\u00e1 en Set\u00fabal, \u00a1no se lo pierda! No se arrepentir\u00e1. Para llegar a Comporta, tendr\u00e1 que coger el ferry de Set\u00fabal a Troia.<\/p>\n<ul>\n<li style=\"text-align: left;\"><strong>D\u00f3nde coger el ferry:<\/strong> Atlantic ferries: Avenida Jaime Rebelo (Doca do Com\u00e9rcio), Set\u00fabal<\/li>\n<li style=\"text-align: left;\"><strong>Horario de salida:<\/strong> En invierno el ferry suele salir cada hora y en verano cada 30 minutos.<\/li>\n<li style=\"text-align: left;\"><strong>Tiempo de traves\u00eda<\/strong>: 25 minutos aproximadamente.<br \/>\nPara un viaje m\u00e1s c\u00f3modo, consulte los horarios y precios en la propia p\u00e1gina web. Un peque\u00f1o porcentaje del valor de los billetes se destina a la preservaci\u00f3n medioambiental del estuario del Sado.<\/li>\n<\/ul>\n\n\n            \n                    <\/div>\n    <\/section>\n<\/section>\n\n\n<section class=\"homeblocks   \">\n    <section class=\"homeblocks-image \">\n                  <!-- <img decoding=\"async\" src=\"https:\/\/espiritodacomporta.com\/app\/uploads\/2022\/04\/ferry-comporta-2-scaled.webp\" alt=\"ferry-comporta\"> -->\n          <img decoding=\"async\" width=\"2560\" height=\"1440\" src=\"https:\/\/espiritodacomporta.com\/app\/uploads\/2022\/04\/ferry-comporta-2-scaled.webp\" class=\"attachment-full size-full\" alt=\"ferry-comporta\" loading=\"lazy\" srcset=\"https:\/\/espiritodacomporta.com\/app\/uploads\/2022\/04\/ferry-comporta-2-scaled.webp 2560w, https:\/\/espiritodacomporta.com\/app\/uploads\/2022\/04\/ferry-comporta-2-300x169.webp 300w, https:\/\/espiritodacomporta.com\/app\/uploads\/2022\/04\/ferry-comporta-2-1024x576.webp 1024w, https:\/\/espiritodacomporta.com\/app\/uploads\/2022\/04\/ferry-comporta-2-768x432.webp 768w, https:\/\/espiritodacomporta.com\/app\/uploads\/2022\/04\/ferry-comporta-2-1536x864.webp 1536w, https:\/\/espiritodacomporta.com\/app\/uploads\/2022\/04\/ferry-comporta-2-2048x1152.webp 2048w\" sizes=\"auto, (max-width: 2560px) 100vw, 2560px\" data-attachment-id=\"27494\" data-permalink=\"https:\/\/espiritodacomporta.com\/es\/ferry-comporta-2-2-2\/\" data-orig-file=\"https:\/\/espiritodacomporta.com\/app\/uploads\/2022\/04\/ferry-comporta-2-scaled.webp\" data-orig-size=\"2560,1440\" data-comments-opened=\"0\" data-image-meta=\"{&quot;aperture&quot;:&quot;0&quot;,&quot;credit&quot;:&quot;&quot;,&quot;camera&quot;:&quot;&quot;,&quot;caption&quot;:&quot;&quot;,&quot;created_timestamp&quot;:&quot;0&quot;,&quot;copyright&quot;:&quot;&quot;,&quot;focal_length&quot;:&quot;0&quot;,&quot;iso&quot;:&quot;0&quot;,&quot;shutter_speed&quot;:&quot;0&quot;,&quot;title&quot;:&quot;&quot;,&quot;orientation&quot;:&quot;0&quot;}\" data-image-title=\"ferry-comporta\" data-image-description=\"\" data-image-caption=\"\" data-medium-file=\"https:\/\/espiritodacomporta.com\/app\/uploads\/2022\/04\/ferry-comporta-2-300x169.webp\" data-large-file=\"https:\/\/espiritodacomporta.com\/app\/uploads\/2022\/04\/ferry-comporta-2-1024x576.webp\" \/>\n            <\/section>\n    <section class=\"homeblocks-content\">\n        <div class=\"homeblocks-content-inside\">\n            <h2 style=\"text-align: left;\">COMPORTA: A QU\u00c9 DISTANCIA EST\u00c1 EL FERRY<\/h2>\n<p style=\"text-align: left;\">Una traves\u00eda por el Sado. Esta traves\u00eda por el r\u00edo Sado tiene vistas a las monta\u00f1as y, con suerte, \u00a1podr\u00e1s ver delfines! S\u00ed, ha le\u00eddo bien, \u00a1delfines! Se avistan con frecuencia en las aguas de Set\u00fabal y Troia. Aunque la traves\u00eda es relativamente r\u00e1pida (25 minutos), la experiencia es muy bonita. Una forma estupenda de comenzar sus vacaciones en la regi\u00f3n de Comporta. Cuando llegue a Troia, m\u00e1s concretamente al lugar de desembarque, deber\u00e1 continuar su viaje en coche hasta Comporta y su regi\u00f3n. En 13 kms estar\u00e1s en tu destino y al ir por carreteras nacionales podr\u00e1s apreciar el paisaje y la naturaleza que ya se respira en la regi\u00f3n.<\/p>\n\n\n            \n                    <\/div>\n    <\/section>\n<\/section>\n\n\n<section class=\"homeblocks   section-beige  \">\n    <section class=\"homeblocks-image  homeblocks-right \">\n                  <!-- <img decoding=\"async\" src=\"https:\/\/espiritodacomporta.com\/app\/uploads\/2022\/05\/comporta-flor-de-arroz-scaled.webp\" alt=\"comporta-flor-de-arroz\"> -->\n          <img decoding=\"async\" width=\"2560\" height=\"1707\" src=\"https:\/\/espiritodacomporta.com\/app\/uploads\/2022\/05\/comporta-flor-de-arroz-scaled.webp\" class=\"attachment-full size-full\" alt=\"comporta-flor-de-arroz\" loading=\"lazy\" srcset=\"https:\/\/espiritodacomporta.com\/app\/uploads\/2022\/05\/comporta-flor-de-arroz-scaled.webp 2560w, https:\/\/espiritodacomporta.com\/app\/uploads\/2022\/05\/comporta-flor-de-arroz-300x200.webp 300w, https:\/\/espiritodacomporta.com\/app\/uploads\/2022\/05\/comporta-flor-de-arroz-1024x683.webp 1024w, https:\/\/espiritodacomporta.com\/app\/uploads\/2022\/05\/comporta-flor-de-arroz-768x512.webp 768w, https:\/\/espiritodacomporta.com\/app\/uploads\/2022\/05\/comporta-flor-de-arroz-1536x1024.webp 1536w, https:\/\/espiritodacomporta.com\/app\/uploads\/2022\/05\/comporta-flor-de-arroz-2048x1365.webp 2048w\" sizes=\"auto, (max-width: 2560px) 100vw, 2560px\" data-attachment-id=\"29000\" data-permalink=\"https:\/\/espiritodacomporta.com\/es\/puesta-sol-comporta\/comporta-flor-de-arroz-2\/\" data-orig-file=\"https:\/\/espiritodacomporta.com\/app\/uploads\/2022\/05\/comporta-flor-de-arroz-scaled.webp\" data-orig-size=\"2560,1707\" data-comments-opened=\"0\" data-image-meta=\"{&quot;aperture&quot;:&quot;0&quot;,&quot;credit&quot;:&quot;&quot;,&quot;camera&quot;:&quot;&quot;,&quot;caption&quot;:&quot;&quot;,&quot;created_timestamp&quot;:&quot;0&quot;,&quot;copyright&quot;:&quot;&quot;,&quot;focal_length&quot;:&quot;0&quot;,&quot;iso&quot;:&quot;0&quot;,&quot;shutter_speed&quot;:&quot;0&quot;,&quot;title&quot;:&quot;&quot;,&quot;orientation&quot;:&quot;0&quot;}\" data-image-title=\"comporta-flor-de-arroz\" data-image-description=\"\" data-image-caption=\"\" data-medium-file=\"https:\/\/espiritodacomporta.com\/app\/uploads\/2022\/05\/comporta-flor-de-arroz-300x200.webp\" data-large-file=\"https:\/\/espiritodacomporta.com\/app\/uploads\/2022\/05\/comporta-flor-de-arroz-1024x683.webp\" \/>\n            <\/section>\n    <section class=\"homeblocks-content\">\n        <div class=\"homeblocks-content-inside\">\n            <h2 style=\"text-align: left;\">C\u00d3MO LLEGAR A COMPORTA POR AUTOPISTA<\/h2>\n<p style=\"text-align: left;\">La segunda forma de llegar a Comporta desde Lisboa es por autopista. El viaje dura aproximadamente 1h15m y debe tomar la A2 o la A12, como se ha explicado anteriormente. La diferencia es que no se gira en Set\u00fabal, sino que se sigue recto hasta la salida de Alc\u00e1cer do Sal o Gr\u00e2ndola. Ambas son ciudades de la regi\u00f3n del Alentejo. Comporta est\u00e1 en la regi\u00f3n del \u00abAlentejo\u00bb en Portugal &#8211; Tanto si llega por ferry como por autopista, cruzar\u00e1 carreteras nacionales que le mostrar\u00e1n un camino envuelto en la naturaleza. Para que su estancia sea perfecta, conozca las <a href=\"https:\/\/espiritodacomporta.com\/es\/casas\/\">casas de vacaciones que Comporta<\/a> presenta y la <a href=\"https:\/\/espiritodacomporta.com\/es\/cuando-y-como-ir-a-comporta-en-portugal\/\">mejor \u00e9poca para ir<\/a>, con todo el confort y maravillosas vistas a los arrozales. Sea cual sea el camino que elija para comenzar sus vacaciones, la distancia de Lisboa a Comporta no es grande, es accesible y el viaje puede ser muy agradable. Nada mejor que empezar las vacaciones as\u00ed, \u00bfno cree?<\/p>\n\n\n            \n                    <\/div>\n    <\/section>\n<\/section>\n","protected":false},"excerpt":{"rendered":"<p>Comporta est\u00e1 en la costa atl\u00e1ntica, al sur de Set\u00fabal, y a 1h15 minutos de Lisboa, la capital de Portugal. Quien busca pasar unos d\u00edas en Comporta busca tranquilidad y naturaleza. El pueblo, rodeado por los nidos de las cig\u00fce\u00f1as, sus tonos azules y blancos es peque\u00f1o pero presenta algunas opciones de restaurantes, tiendas y <\/p>\n<div class=\"goto\"><a href=\"https:\/\/espiritodacomporta.com\/es\/llegar-comporta-desde-lisboa\/\">Leer m\u00e1s<\/a><\/div>\n","protected":false},"author":7,"featured_media":27679,"comment_status":"open","ping_status":"open","sticky":false,"template":"","format":"standard","meta":{"_acf_changed":false,"inline_featured_image":false,"footnotes":""},"categories":[1664],"tags":[],"class_list":["post-59927","post","type-post","status-publish","format-standard","has-post-thumbnail","hentry","category-buscando-la-belleza"],"acf":[],"yoast_head":"<!-- This site is optimized with the Yoast SEO Premium plugin v27.2 (Yoast SEO v27.2) - https:\/\/yoast.com\/product\/yoast-seo-premium-wordpress\/ -->\n<title>C\u00d3MO LLEGAR A COMPORTA DESDE LISBOA<\/title>\n<meta name=\"description\" content=\"Descubra las dos formas de llegar a este id\u00edlico para\u00edso llamado Comporta, Portugal. Ya sea en barco o en coche, el viaje es \u00fanico.\" \/>\n<meta name=\"robots\" content=\"index, follow, max-snippet:-1, max-image-preview:large, max-video-preview:-1\" \/>\n<link rel=\"canonical\" href=\"https:\/\/espiritodacomporta.com\/es\/llegar-comporta-desde-lisboa\/\" \/>\n<meta property=\"og:locale\" content=\"es_ES\" \/>\n<meta property=\"og:type\" content=\"article\" \/>\n<meta property=\"og:title\" content=\"FERRY: C\u00d3MO LLEGAR A COMPORTA DESDE LISBOA\" \/>\n<meta property=\"og:description\" content=\"Descubra las dos formas de llegar a este id\u00edlico para\u00edso llamado Comporta, Portugal. Ya sea en barco o en coche, el viaje es \u00fanico.\" \/>\n<meta property=\"og:url\" content=\"https:\/\/espiritodacomporta.com\/es\/llegar-comporta-desde-lisboa\/\" \/>\n<meta property=\"og:site_name\" content=\"Live &amp; Feel Comporta Portugal\" \/>\n<meta property=\"article:published_time\" content=\"2023-04-30T14:05:00+00:00\" \/>\n<meta property=\"article:modified_time\" content=\"2024-04-16T14:14:53+00:00\" \/>\n<meta property=\"og:image\" content=\"https:\/\/espiritodacomporta.com\/app\/uploads\/2022\/05\/comporta-ferry-scaled.webp\" \/>\n\t<meta property=\"og:image:width\" content=\"2560\" \/>\n\t<meta property=\"og:image:height\" content=\"1920\" \/>\n\t<meta property=\"og:image:type\" content=\"image\/webp\" \/>\n<meta name=\"author\" content=\"Info\" \/>\n<meta name=\"twitter:card\" content=\"summary_large_image\" \/>\n<meta name=\"twitter:label1\" content=\"Escrito por\" \/>\n\t<meta name=\"twitter:data1\" content=\"Info\" \/>\n\t<meta name=\"twitter:label2\" content=\"Tiempo de lectura\" \/>\n\t<meta name=\"twitter:data2\" content=\"1 minuto\" \/>\n<script type=\"application\/ld+json\" class=\"yoast-schema-graph\">{\"@context\":\"https:\/\/schema.org\",\"@graph\":[{\"@type\":\"Article\",\"@id\":\"https:\/\/espiritodacomporta.com\/es\/llegar-comporta-desde-lisboa\/#article\",\"isPartOf\":{\"@id\":\"https:\/\/espiritodacomporta.com\/es\/llegar-comporta-desde-lisboa\/\"},\"author\":{\"name\":\"Info\",\"@id\":\"https:\/\/espiritodacomporta.com\/es\/#\/schema\/person\/c76d29ce59d104bde14812d3465de878\"},\"headline\":\"FERRY: C\u00d3MO LLEGAR A COMPORTA DESDE LISBOA\",\"datePublished\":\"2023-04-30T14:05:00+00:00\",\"dateModified\":\"2024-04-16T14:14:53+00:00\",\"mainEntityOfPage\":{\"@id\":\"https:\/\/espiritodacomporta.com\/es\/llegar-comporta-desde-lisboa\/\"},\"wordCount\":163,\"commentCount\":0,\"publisher\":{\"@id\":\"https:\/\/espiritodacomporta.com\/es\/#organization\"},\"image\":{\"@id\":\"https:\/\/espiritodacomporta.com\/es\/llegar-comporta-desde-lisboa\/#primaryimage\"},\"thumbnailUrl\":\"https:\/\/espiritodacomporta.com\/app\/uploads\/2022\/05\/comporta-ferry-scaled.webp\",\"articleSection\":[\"Buscando la belleza\"],\"inLanguage\":\"es\",\"potentialAction\":[{\"@type\":\"CommentAction\",\"name\":\"Comment\",\"target\":[\"https:\/\/espiritodacomporta.com\/es\/llegar-comporta-desde-lisboa\/#respond\"]}]},{\"@type\":\"WebPage\",\"@id\":\"https:\/\/espiritodacomporta.com\/es\/llegar-comporta-desde-lisboa\/\",\"url\":\"https:\/\/espiritodacomporta.com\/es\/llegar-comporta-desde-lisboa\/\",\"name\":\"C\u00d3MO LLEGAR A COMPORTA DESDE LISBOA\",\"isPartOf\":{\"@id\":\"https:\/\/espiritodacomporta.com\/es\/#website\"},\"primaryImageOfPage\":{\"@id\":\"https:\/\/espiritodacomporta.com\/es\/llegar-comporta-desde-lisboa\/#primaryimage\"},\"image\":{\"@id\":\"https:\/\/espiritodacomporta.com\/es\/llegar-comporta-desde-lisboa\/#primaryimage\"},\"thumbnailUrl\":\"https:\/\/espiritodacomporta.com\/app\/uploads\/2022\/05\/comporta-ferry-scaled.webp\",\"datePublished\":\"2023-04-30T14:05:00+00:00\",\"dateModified\":\"2024-04-16T14:14:53+00:00\",\"description\":\"Descubra las dos formas de llegar a este id\u00edlico para\u00edso llamado Comporta, Portugal. Ya sea en barco o en coche, el viaje es \u00fanico.\",\"breadcrumb\":{\"@id\":\"https:\/\/espiritodacomporta.com\/es\/llegar-comporta-desde-lisboa\/#breadcrumb\"},\"inLanguage\":\"es\",\"potentialAction\":[{\"@type\":\"ReadAction\",\"target\":[\"https:\/\/espiritodacomporta.com\/es\/llegar-comporta-desde-lisboa\/\"]}]},{\"@type\":\"ImageObject\",\"inLanguage\":\"es\",\"@id\":\"https:\/\/espiritodacomporta.com\/es\/llegar-comporta-desde-lisboa\/#primaryimage\",\"url\":\"https:\/\/espiritodacomporta.com\/app\/uploads\/2022\/05\/comporta-ferry-scaled.webp\",\"contentUrl\":\"https:\/\/espiritodacomporta.com\/app\/uploads\/2022\/05\/comporta-ferry-scaled.webp\",\"width\":2560,\"height\":1920,\"caption\":\"comporta-sea-activities\"},{\"@type\":\"BreadcrumbList\",\"@id\":\"https:\/\/espiritodacomporta.com\/es\/llegar-comporta-desde-lisboa\/#breadcrumb\",\"itemListElement\":[{\"@type\":\"ListItem\",\"position\":1,\"name\":\"Home\",\"item\":\"https:\/\/espiritodacomporta.com\/es\/\"},{\"@type\":\"ListItem\",\"position\":2,\"name\":\"Descubre Comporta\",\"item\":\"https:\/\/espiritodacomporta.com\/es\/category\/descubre-comporta\/\"},{\"@type\":\"ListItem\",\"position\":3,\"name\":\"Buscando la belleza\",\"item\":\"https:\/\/espiritodacomporta.com\/es\/category\/descubre-comporta\/buscando-la-belleza\/\"},{\"@type\":\"ListItem\",\"position\":4,\"name\":\"FERRY: C\u00d3MO LLEGAR A COMPORTA DESDE LISBOA\"}]},{\"@type\":\"WebSite\",\"@id\":\"https:\/\/espiritodacomporta.com\/es\/#website\",\"url\":\"https:\/\/espiritodacomporta.com\/es\/\",\"name\":\"Live & Feel Comporta Portugal\",\"description\":\"\",\"publisher\":{\"@id\":\"https:\/\/espiritodacomporta.com\/es\/#organization\"},\"potentialAction\":[{\"@type\":\"SearchAction\",\"target\":{\"@type\":\"EntryPoint\",\"urlTemplate\":\"https:\/\/espiritodacomporta.com\/es\/?s={search_term_string}\"},\"query-input\":{\"@type\":\"PropertyValueSpecification\",\"valueRequired\":true,\"valueName\":\"search_term_string\"}}],\"inLanguage\":\"es\"},{\"@type\":\"Organization\",\"@id\":\"https:\/\/espiritodacomporta.com\/es\/#organization\",\"name\":\"Espirito da Comporta\",\"url\":\"https:\/\/espiritodacomporta.com\/es\/\",\"logo\":{\"@type\":\"ImageObject\",\"inLanguage\":\"es\",\"@id\":\"https:\/\/espiritodacomporta.com\/es\/#\/schema\/logo\/image\/\",\"url\":\"https:\/\/espiritodacomporta.com\/app\/uploads\/2023\/09\/LOGO-SIGNATURE@4x.png\",\"contentUrl\":\"https:\/\/espiritodacomporta.com\/app\/uploads\/2023\/09\/LOGO-SIGNATURE@4x.png\",\"width\":321,\"height\":385,\"caption\":\"Espirito da Comporta\"},\"image\":{\"@id\":\"https:\/\/espiritodacomporta.com\/es\/#\/schema\/logo\/image\/\"},\"sameAs\":[\"https:\/\/www.instagram.com\/almadacomporta\/\"]},{\"@type\":\"Person\",\"@id\":\"https:\/\/espiritodacomporta.com\/es\/#\/schema\/person\/c76d29ce59d104bde14812d3465de878\",\"name\":\"Info\",\"image\":{\"@type\":\"ImageObject\",\"inLanguage\":\"es\",\"@id\":\"https:\/\/secure.gravatar.com\/avatar\/dee735d7b19944762d18cdf00966586c0ffcea9da4d03f8be9d25dcff9972207?s=96&d=mm&r=g\",\"url\":\"https:\/\/secure.gravatar.com\/avatar\/dee735d7b19944762d18cdf00966586c0ffcea9da4d03f8be9d25dcff9972207?s=96&d=mm&r=g\",\"contentUrl\":\"https:\/\/secure.gravatar.com\/avatar\/dee735d7b19944762d18cdf00966586c0ffcea9da4d03f8be9d25dcff9972207?s=96&d=mm&r=g\",\"caption\":\"Info\"}}]}<\/script>\n<!-- \/ Yoast SEO Premium plugin. -->","yoast_head_json":{"title":"C\u00d3MO LLEGAR A COMPORTA DESDE LISBOA","description":"Descubra las dos formas de llegar a este id\u00edlico para\u00edso llamado Comporta, Portugal. Ya sea en barco o en coche, el viaje es \u00fanico.","robots":{"index":"index","follow":"follow","max-snippet":"max-snippet:-1","max-image-preview":"max-image-preview:large","max-video-preview":"max-video-preview:-1"},"canonical":"https:\/\/espiritodacomporta.com\/es\/llegar-comporta-desde-lisboa\/","og_locale":"es_ES","og_type":"article","og_title":"FERRY: C\u00d3MO LLEGAR A COMPORTA DESDE LISBOA","og_description":"Descubra las dos formas de llegar a este id\u00edlico para\u00edso llamado Comporta, Portugal. Ya sea en barco o en coche, el viaje es \u00fanico.","og_url":"https:\/\/espiritodacomporta.com\/es\/llegar-comporta-desde-lisboa\/","og_site_name":"Live &amp; Feel Comporta Portugal","article_published_time":"2023-04-30T14:05:00+00:00","article_modified_time":"2024-04-16T14:14:53+00:00","og_image":[{"width":2560,"height":1920,"url":"https:\/\/espiritodacomporta.com\/app\/uploads\/2022\/05\/comporta-ferry-scaled.webp","type":"image\/webp"}],"author":"Info","twitter_card":"summary_large_image","twitter_misc":{"Escrito por":"Info","Tiempo de lectura":"1 minuto"},"schema":{"@context":"https:\/\/schema.org","@graph":[{"@type":"Article","@id":"https:\/\/espiritodacomporta.com\/es\/llegar-comporta-desde-lisboa\/#article","isPartOf":{"@id":"https:\/\/espiritodacomporta.com\/es\/llegar-comporta-desde-lisboa\/"},"author":{"name":"Info","@id":"https:\/\/espiritodacomporta.com\/es\/#\/schema\/person\/c76d29ce59d104bde14812d3465de878"},"headline":"FERRY: C\u00d3MO LLEGAR A COMPORTA DESDE LISBOA","datePublished":"2023-04-30T14:05:00+00:00","dateModified":"2024-04-16T14:14:53+00:00","mainEntityOfPage":{"@id":"https:\/\/espiritodacomporta.com\/es\/llegar-comporta-desde-lisboa\/"},"wordCount":163,"commentCount":0,"publisher":{"@id":"https:\/\/espiritodacomporta.com\/es\/#organization"},"image":{"@id":"https:\/\/espiritodacomporta.com\/es\/llegar-comporta-desde-lisboa\/#primaryimage"},"thumbnailUrl":"https:\/\/espiritodacomporta.com\/app\/uploads\/2022\/05\/comporta-ferry-scaled.webp","articleSection":["Buscando la belleza"],"inLanguage":"es","potentialAction":[{"@type":"CommentAction","name":"Comment","target":["https:\/\/espiritodacomporta.com\/es\/llegar-comporta-desde-lisboa\/#respond"]}]},{"@type":"WebPage","@id":"https:\/\/espiritodacomporta.com\/es\/llegar-comporta-desde-lisboa\/","url":"https:\/\/espiritodacomporta.com\/es\/llegar-comporta-desde-lisboa\/","name":"C\u00d3MO LLEGAR A COMPORTA DESDE LISBOA","isPartOf":{"@id":"https:\/\/espiritodacomporta.com\/es\/#website"},"primaryImageOfPage":{"@id":"https:\/\/espiritodacomporta.com\/es\/llegar-comporta-desde-lisboa\/#primaryimage"},"image":{"@id":"https:\/\/espiritodacomporta.com\/es\/llegar-comporta-desde-lisboa\/#primaryimage"},"thumbnailUrl":"https:\/\/espiritodacomporta.com\/app\/uploads\/2022\/05\/comporta-ferry-scaled.webp","datePublished":"2023-04-30T14:05:00+00:00","dateModified":"2024-04-16T14:14:53+00:00","description":"Descubra las dos formas de llegar a este id\u00edlico para\u00edso llamado Comporta, Portugal. Ya sea en barco o en coche, el viaje es \u00fanico.","breadcrumb":{"@id":"https:\/\/espiritodacomporta.com\/es\/llegar-comporta-desde-lisboa\/#breadcrumb"},"inLanguage":"es","potentialAction":[{"@type":"ReadAction","target":["https:\/\/espiritodacomporta.com\/es\/llegar-comporta-desde-lisboa\/"]}]},{"@type":"ImageObject","inLanguage":"es","@id":"https:\/\/espiritodacomporta.com\/es\/llegar-comporta-desde-lisboa\/#primaryimage","url":"https:\/\/espiritodacomporta.com\/app\/uploads\/2022\/05\/comporta-ferry-scaled.webp","contentUrl":"https:\/\/espiritodacomporta.com\/app\/uploads\/2022\/05\/comporta-ferry-scaled.webp","width":2560,"height":1920,"caption":"comporta-sea-activities"},{"@type":"BreadcrumbList","@id":"https:\/\/espiritodacomporta.com\/es\/llegar-comporta-desde-lisboa\/#breadcrumb","itemListElement":[{"@type":"ListItem","position":1,"name":"Home","item":"https:\/\/espiritodacomporta.com\/es\/"},{"@type":"ListItem","position":2,"name":"Descubre Comporta","item":"https:\/\/espiritodacomporta.com\/es\/category\/descubre-comporta\/"},{"@type":"ListItem","position":3,"name":"Buscando la belleza","item":"https:\/\/espiritodacomporta.com\/es\/category\/descubre-comporta\/buscando-la-belleza\/"},{"@type":"ListItem","position":4,"name":"FERRY: C\u00d3MO LLEGAR A COMPORTA DESDE LISBOA"}]},{"@type":"WebSite","@id":"https:\/\/espiritodacomporta.com\/es\/#website","url":"https:\/\/espiritodacomporta.com\/es\/","name":"Live & Feel Comporta Portugal","description":"","publisher":{"@id":"https:\/\/espiritodacomporta.com\/es\/#organization"},"potentialAction":[{"@type":"SearchAction","target":{"@type":"EntryPoint","urlTemplate":"https:\/\/espiritodacomporta.com\/es\/?s={search_term_string}"},"query-input":{"@type":"PropertyValueSpecification","valueRequired":true,"valueName":"search_term_string"}}],"inLanguage":"es"},{"@type":"Organization","@id":"https:\/\/espiritodacomporta.com\/es\/#organization","name":"Espirito da Comporta","url":"https:\/\/espiritodacomporta.com\/es\/","logo":{"@type":"ImageObject","inLanguage":"es","@id":"https:\/\/espiritodacomporta.com\/es\/#\/schema\/logo\/image\/","url":"https:\/\/espiritodacomporta.com\/app\/uploads\/2023\/09\/LOGO-SIGNATURE@4x.png","contentUrl":"https:\/\/espiritodacomporta.com\/app\/uploads\/2023\/09\/LOGO-SIGNATURE@4x.png","width":321,"height":385,"caption":"Espirito da Comporta"},"image":{"@id":"https:\/\/espiritodacomporta.com\/es\/#\/schema\/logo\/image\/"},"sameAs":["https:\/\/www.instagram.com\/almadacomporta\/"]},{"@type":"Person","@id":"https:\/\/espiritodacomporta.com\/es\/#\/schema\/person\/c76d29ce59d104bde14812d3465de878","name":"Info","image":{"@type":"ImageObject","inLanguage":"es","@id":"https:\/\/secure.gravatar.com\/avatar\/dee735d7b19944762d18cdf00966586c0ffcea9da4d03f8be9d25dcff9972207?s=96&d=mm&r=g","url":"https:\/\/secure.gravatar.com\/avatar\/dee735d7b19944762d18cdf00966586c0ffcea9da4d03f8be9d25dcff9972207?s=96&d=mm&r=g","contentUrl":"https:\/\/secure.gravatar.com\/avatar\/dee735d7b19944762d18cdf00966586c0ffcea9da4d03f8be9d25dcff9972207?s=96&d=mm&r=g","caption":"Info"}}]}},"jetpack_featured_media_url":"https:\/\/espiritodacomporta.com\/app\/uploads\/2022\/05\/comporta-ferry-scaled.webp","_links":{"self":[{"href":"https:\/\/espiritodacomporta.com\/es\/wp-json\/wp\/v2\/posts\/59927","targetHints":{"allow":["GET"]}}],"collection":[{"href":"https:\/\/espiritodacomporta.com\/es\/wp-json\/wp\/v2\/posts"}],"about":[{"href":"https:\/\/espiritodacomporta.com\/es\/wp-json\/wp\/v2\/types\/post"}],"author":[{"embeddable":true,"href":"https:\/\/espiritodacomporta.com\/es\/wp-json\/wp\/v2\/users\/7"}],"replies":[{"embeddable":true,"href":"https:\/\/espiritodacomporta.com\/es\/wp-json\/wp\/v2\/comments?post=59927"}],"version-history":[{"count":0,"href":"https:\/\/espiritodacomporta.com\/es\/wp-json\/wp\/v2\/posts\/59927\/revisions"}],"wp:featuredmedia":[{"embeddable":true,"href":"https:\/\/espiritodacomporta.com\/es\/wp-json\/wp\/v2\/media\/27679"}],"wp:attachment":[{"href":"https:\/\/espiritodacomporta.com\/es\/wp-json\/wp\/v2\/media?parent=59927"}],"wp:term":[{"taxonomy":"category","embeddable":true,"href":"https:\/\/espiritodacomporta.com\/es\/wp-json\/wp\/v2\/categories?post=59927"},{"taxonomy":"post_tag","embeddable":true,"href":"https:\/\/espiritodacomporta.com\/es\/wp-json\/wp\/v2\/tags?post=59927"}],"curies":[{"name":"wp","href":"https:\/\/api.w.org\/{rel}","templated":true}]}}