{"id":75256,"date":"2024-10-24T17:00:08","date_gmt":"2024-10-24T15:00:08","guid":{"rendered":"https:\/\/espiritodacomporta.com\/?p=75256"},"modified":"2024-10-24T17:00:13","modified_gmt":"2024-10-24T15:00:13","slug":"costa-terra-complejo-de-lujo-costa-portuguesa","status":"publish","type":"post","link":"https:\/\/espiritodacomporta.com\/es\/costa-terra-complejo-de-lujo-costa-portuguesa\/","title":{"rendered":"Costa Terra &#8211; un complejo tur\u00edstico de lujo en la costa portuguesa"},"content":{"rendered":"\n<p class=\"is-style-text-intro\">Costa Terra Comporta es un complejo tur\u00edstico costero de alto precio situado en la costa suroeste de Portugal, cerca de <a href=\"https:\/\/espiritodacomporta.com\/es\/\">Comporta<\/a>, dentro del municipio de Gr\u00e2ndola. Enclavado entre el oc\u00e9ano Atl\u00e1ntico y pintorescos bosques, Costa Terra forma parte de la regi\u00f3n de Comporta, conocida por su pr\u00edstina belleza natural, sus tranquilas playas y sus inmensos arrozales. La vecindad ha recibido popularidad creciente entre clientes y promotores inmobiliarios de todo el mundo, interesados en sus exuberantes paisajes y su proximidad a Lisboa, a una hora y media en coche.<\/p>\n\n\n<section class=\"homeblocks   \">\n    <section class=\"homeblocks-image \">\n                  <!-- <img decoding=\"async\" src=\"https:\/\/espiritodacomporta.com\/app\/uploads\/2024\/10\/costa_terra1.webp\" alt=\"costa_terra\"> -->\n          <img decoding=\"async\" width=\"700\" height=\"420\" src=\"https:\/\/espiritodacomporta.com\/app\/uploads\/2024\/10\/costa_terra1.webp\" class=\"attachment-full size-full\" alt=\"costa_terra\" loading=\"lazy\" srcset=\"https:\/\/espiritodacomporta.com\/app\/uploads\/2024\/10\/costa_terra1.webp 700w, https:\/\/espiritodacomporta.com\/app\/uploads\/2024\/10\/costa_terra1-300x180.webp 300w\" sizes=\"auto, (max-width: 700px) 100vw, 700px\" data-attachment-id=\"75224\" data-permalink=\"https:\/\/espiritodacomporta.com\/es\/costa-terra-complejo-de-lujo-costa-portuguesa\/costa_terra1-2\/\" data-orig-file=\"https:\/\/espiritodacomporta.com\/app\/uploads\/2024\/10\/costa_terra1.webp\" data-orig-size=\"700,420\" data-comments-opened=\"0\" data-image-meta=\"{&quot;aperture&quot;:&quot;0&quot;,&quot;credit&quot;:&quot;&quot;,&quot;camera&quot;:&quot;&quot;,&quot;caption&quot;:&quot;&quot;,&quot;created_timestamp&quot;:&quot;0&quot;,&quot;copyright&quot;:&quot;&quot;,&quot;focal_length&quot;:&quot;0&quot;,&quot;iso&quot;:&quot;0&quot;,&quot;shutter_speed&quot;:&quot;0&quot;,&quot;title&quot;:&quot;&quot;,&quot;orientation&quot;:&quot;0&quot;}\" data-image-title=\"costa_terra1\" data-image-description=\"\" data-image-caption=\"\" data-medium-file=\"https:\/\/espiritodacomporta.com\/app\/uploads\/2024\/10\/costa_terra1-300x180.webp\" data-large-file=\"https:\/\/espiritodacomporta.com\/app\/uploads\/2024\/10\/costa_terra1.webp\" \/>\n            <\/section>\n    <section class=\"homeblocks-content\">\n        <div class=\"homeblocks-content-inside\">\n            <h2>Un Resort de Lujo<\/h2>\n<p style=\"text-align: left;\">Costa Terra es una red de complejos de lujo que ofrece un estilo de vida exclusivo, mezclando sostenibilidad y lujo. Es una idea original de Discovery Land Company, una promotora inmobiliaria estadounidense especializada en comunidades residenciales de alto nivel, con especial atenci\u00f3n a la integraci\u00f3n del medio ambiente vegetal en sus dise\u00f1os. Discovery Land Company recibi\u00f3 el terreno en 2019 despu\u00e9s de que la mejora preliminar a trav\u00e9s del propio c\u00edrculo de familiares de Esp\u00edrito Santo se paralizara por motivos econ\u00f3micos. El complejo abarca unas 285 hect\u00e1reas de terreno boscoso, y la filosof\u00eda de dise\u00f1o hace hincapi\u00e9 en conservar el esplendor herb\u00e1ceo de la regi\u00f3n. Costa Terra consiste en una combinaci\u00f3n de viviendas personales, villas de lujo y urbanizaciones. Est\u00e1 dise\u00f1ado para satisfacer a los compradores ricos, con funciones junto con servicios de primer nivel, centros de bienestar, restaurantes para entendidos y oportunidades de ocio al aire libre.<\/p>\n<p>* Foto cortes\u00eda del sitio web de Costa terra<\/p>\n\n\n            \n                    <\/div>\n    <\/section>\n<\/section>\n\n\n<section class=\"homeblocks   \">\n    <section class=\"homeblocks-image  homeblocks-right \">\n                  <!-- <img decoding=\"async\" src=\"https:\/\/espiritodacomporta.com\/app\/uploads\/2024\/10\/costa_terra_golf.webp\" alt=\"costa_terra_golf\"> -->\n          <img decoding=\"async\" width=\"1200\" height=\"823\" src=\"https:\/\/espiritodacomporta.com\/app\/uploads\/2024\/10\/costa_terra_golf.webp\" class=\"attachment-full size-full\" alt=\"costa_terra_golf\" loading=\"lazy\" srcset=\"https:\/\/espiritodacomporta.com\/app\/uploads\/2024\/10\/costa_terra_golf.webp 1200w, https:\/\/espiritodacomporta.com\/app\/uploads\/2024\/10\/costa_terra_golf-300x206.webp 300w, https:\/\/espiritodacomporta.com\/app\/uploads\/2024\/10\/costa_terra_golf-1024x702.webp 1024w, https:\/\/espiritodacomporta.com\/app\/uploads\/2024\/10\/costa_terra_golf-768x527.webp 768w\" sizes=\"auto, (max-width: 1200px) 100vw, 1200px\" data-attachment-id=\"75230\" data-permalink=\"https:\/\/espiritodacomporta.com\/es\/costa-terra-complejo-de-lujo-costa-portuguesa\/costa_terra_golf-2\/\" data-orig-file=\"https:\/\/espiritodacomporta.com\/app\/uploads\/2024\/10\/costa_terra_golf.webp\" data-orig-size=\"1200,823\" data-comments-opened=\"0\" data-image-meta=\"{&quot;aperture&quot;:&quot;0&quot;,&quot;credit&quot;:&quot;&quot;,&quot;camera&quot;:&quot;&quot;,&quot;caption&quot;:&quot;&quot;,&quot;created_timestamp&quot;:&quot;0&quot;,&quot;copyright&quot;:&quot;&quot;,&quot;focal_length&quot;:&quot;0&quot;,&quot;iso&quot;:&quot;0&quot;,&quot;shutter_speed&quot;:&quot;0&quot;,&quot;title&quot;:&quot;&quot;,&quot;orientation&quot;:&quot;0&quot;}\" data-image-title=\"costa_terra_golf\" data-image-description=\"\" data-image-caption=\"\" data-medium-file=\"https:\/\/espiritodacomporta.com\/app\/uploads\/2024\/10\/costa_terra_golf-300x206.webp\" data-large-file=\"https:\/\/espiritodacomporta.com\/app\/uploads\/2024\/10\/costa_terra_golf-1024x702.webp\" \/>\n            <\/section>\n    <section class=\"homeblocks-content\">\n        <div class=\"homeblocks-content-inside\">\n            <h2>El campo de golf<\/h2>\n<p style=\"text-align: left;\">Una caracter\u00edstica clave de Costa Terra es su direcci\u00f3n de golf de 18 hoyos, dise\u00f1ado con la ayuda de usar famend arquitecto de golf Tom Fazio. Fazio es ampliamente conocido por el desarrollo de publicaciones que se mezclan armoniosamente con sus entornos de hierbas, que se especializan en la jugabilidad, mientras que muestra el paisaje circundante. El campo de golf Costa Terra est\u00e1 rodeado de pinares y ondulantes dunas de arena, y ofrece vistas panor\u00e1micas del oc\u00e9ano Atl\u00e1ntico y de la cercana Serra da Arr\u00e1bida. El trazado de Fazio da prioridad a la sostenibilidad, con el objetivo de limitar el impacto medioambiental y ofrecer al mismo tiempo una experiencia de golf \u00fanica en el mundo. La direcci\u00f3n est\u00e1 dise\u00f1ado para asignar los jugadores de todos los grados de talento, mientras que, adem\u00e1s, destacando el terreno costero particular, con bunkers cuidadosamente ubicados, las caracter\u00edsticas del agua, y los agujeros esc\u00e9nicos que encarnan los contornos de hierbas de la tierra.<\/p>\n<p>* Foto cortes\u00eda del sitio web de Costa terra<\/p>\n\n\n            \n                    <\/div>\n    <\/section>\n<\/section>\n\n\n<section class=\"homeblocks   \">\n    <section class=\"homeblocks-image \">\n                  <!-- <img decoding=\"async\" src=\"https:\/\/espiritodacomporta.com\/app\/uploads\/2024\/10\/COSTA_TERRA_DRONE.webp\" alt=\"COSTA_TERRA_DRONE\"> -->\n          <img decoding=\"async\" width=\"1000\" height=\"600\" src=\"https:\/\/espiritodacomporta.com\/app\/uploads\/2024\/10\/COSTA_TERRA_DRONE.webp\" class=\"attachment-full size-full\" alt=\"COSTA_TERRA_DRONE\" loading=\"lazy\" srcset=\"https:\/\/espiritodacomporta.com\/app\/uploads\/2024\/10\/COSTA_TERRA_DRONE.webp 1000w, https:\/\/espiritodacomporta.com\/app\/uploads\/2024\/10\/COSTA_TERRA_DRONE-300x180.webp 300w, https:\/\/espiritodacomporta.com\/app\/uploads\/2024\/10\/COSTA_TERRA_DRONE-768x461.webp 768w\" sizes=\"auto, (max-width: 1000px) 100vw, 1000px\" data-attachment-id=\"75236\" data-permalink=\"https:\/\/espiritodacomporta.com\/es\/costa-terra-complejo-de-lujo-costa-portuguesa\/costa_terra_drone-2\/\" data-orig-file=\"https:\/\/espiritodacomporta.com\/app\/uploads\/2024\/10\/COSTA_TERRA_DRONE.webp\" data-orig-size=\"1000,600\" data-comments-opened=\"0\" data-image-meta=\"{&quot;aperture&quot;:&quot;0&quot;,&quot;credit&quot;:&quot;&quot;,&quot;camera&quot;:&quot;&quot;,&quot;caption&quot;:&quot;&quot;,&quot;created_timestamp&quot;:&quot;0&quot;,&quot;copyright&quot;:&quot;&quot;,&quot;focal_length&quot;:&quot;0&quot;,&quot;iso&quot;:&quot;0&quot;,&quot;shutter_speed&quot;:&quot;0&quot;,&quot;title&quot;:&quot;&quot;,&quot;orientation&quot;:&quot;0&quot;}\" data-image-title=\"COSTA_TERRA_DRONE\" data-image-description=\"\" data-image-caption=\"\" data-medium-file=\"https:\/\/espiritodacomporta.com\/app\/uploads\/2024\/10\/COSTA_TERRA_DRONE-300x180.webp\" data-large-file=\"https:\/\/espiritodacomporta.com\/app\/uploads\/2024\/10\/COSTA_TERRA_DRONE.webp\" \/>\n            <\/section>\n    <section class=\"homeblocks-content\">\n        <div class=\"homeblocks-content-inside\">\n            <p>La direcci\u00f3n de golf de Costa Terra forma parte de la versi\u00f3n exclusiva de Discovery Land Company, que ofrece recorridos de golf privados de alto nivel en lujosos entornos naturales. Los residentes y los participantes pueden deleitarse con la admisi\u00f3n distintiva a la direcci\u00f3n, con un servicio personalizado, y las instalaciones de ejercicio del mundo-magnificence, junto con una variedad de uso y \u00e1reas deportivas breves. Adem\u00e1s, Discovery Land `s rasgos con frecuencia consisten en servicios de alta parada que consiste en instalaciones de rendimiento general de golf y servicios de formaci\u00f3n de expertos, asegur\u00e1ndose de que un entorno de golf de \u00e9lite.<\/p>\n<p style=\"text-align: left;\">* Foto cortes\u00eda del sitio web de Costa terra<\/p>\n\n\n            \n                    <\/div>\n    <\/section>\n<\/section>\n\n\n<section class=\"homeblocks   section-beige  \">\n    <section class=\"homeblocks-image  homeblocks-right \">\n                  <!-- <img decoding=\"async\" src=\"https:\/\/espiritodacomporta.com\/app\/uploads\/2023\/09\/Screenshot-2023-09-05-at-16.20.48.webp\" alt=\"Espirito-da-comporta\"> -->\n          <img decoding=\"async\" width=\"1660\" height=\"1110\" src=\"https:\/\/espiritodacomporta.com\/app\/uploads\/2023\/09\/Screenshot-2023-09-05-at-16.20.48.webp\" class=\"attachment-full size-full\" alt=\"Espirito-da-comporta\" loading=\"lazy\" srcset=\"https:\/\/espiritodacomporta.com\/app\/uploads\/2023\/09\/Screenshot-2023-09-05-at-16.20.48.webp 1660w, https:\/\/espiritodacomporta.com\/app\/uploads\/2023\/09\/Screenshot-2023-09-05-at-16.20.48-300x201.webp 300w, https:\/\/espiritodacomporta.com\/app\/uploads\/2023\/09\/Screenshot-2023-09-05-at-16.20.48-1024x685.webp 1024w, https:\/\/espiritodacomporta.com\/app\/uploads\/2023\/09\/Screenshot-2023-09-05-at-16.20.48-768x514.webp 768w, https:\/\/espiritodacomporta.com\/app\/uploads\/2023\/09\/Screenshot-2023-09-05-at-16.20.48-1536x1027.webp 1536w\" sizes=\"auto, (max-width: 1660px) 100vw, 1660px\" data-attachment-id=\"54262\" data-permalink=\"https:\/\/espiritodacomporta.com\/es\/comporta-explorar-la-costa-vicentina\/screenshot-2023-09-05-at-16-20-48-2\/\" data-orig-file=\"https:\/\/espiritodacomporta.com\/app\/uploads\/2023\/09\/Screenshot-2023-09-05-at-16.20.48.webp\" data-orig-size=\"1660,1110\" data-comments-opened=\"0\" data-image-meta=\"{&quot;aperture&quot;:&quot;0&quot;,&quot;credit&quot;:&quot;&quot;,&quot;camera&quot;:&quot;&quot;,&quot;caption&quot;:&quot;&quot;,&quot;created_timestamp&quot;:&quot;0&quot;,&quot;copyright&quot;:&quot;&quot;,&quot;focal_length&quot;:&quot;0&quot;,&quot;iso&quot;:&quot;0&quot;,&quot;shutter_speed&quot;:&quot;0&quot;,&quot;title&quot;:&quot;&quot;,&quot;orientation&quot;:&quot;0&quot;}\" data-image-title=\"Espirito-da-comporta\" data-image-description=\"\" data-image-caption=\"\" data-medium-file=\"https:\/\/espiritodacomporta.com\/app\/uploads\/2023\/09\/Screenshot-2023-09-05-at-16.20.48-300x201.webp\" data-large-file=\"https:\/\/espiritodacomporta.com\/app\/uploads\/2023\/09\/Screenshot-2023-09-05-at-16.20.48-1024x685.webp\" \/>\n            <\/section>\n    <section class=\"homeblocks-content\">\n        <div class=\"homeblocks-content-inside\">\n            <h2>VISITAR Y DORMIR EN COMPORTA<\/h2>\n<p>Comporta ofrece una variedad de posadas y <a href=\"https:\/\/espiritodacomporta.com\/es\/hoteles-en-comporta-portugal\/\">hoteles<\/a> donde la tranquilidad y el lujo se unen a la perfecci\u00f3n. Enclavadas en el abrazo de la naturaleza, nuestras minimalistas <a href=\"https:\/\/espiritodacomporta.com\/es\/casas\/\">casas de vacaciones<\/a> ofrecen un apacible refugio. Los grandes ventanales de suelo a techo ofrecen vistas panor\u00e1micas que permiten disfrutar del aire libre. Los serenos interiores, con su elegante mobiliario, crean una atm\u00f3sfera de calma. Una terraza privada, con vistas a exuberantes paisajes, es perfecta para practicar yoga por la ma\u00f1ana o tomar un c\u00f3ctel por la noche. Experimente la belleza de la naturaleza mientras disfruta del m\u00e1ximo confort y estilo. Saboree cada momento de este destino, explorando los encantadores pueblos de Comporta, sus playas v\u00edrgenes y sus pintorescos alrededores, donde la riqueza cultural y la belleza natural le esperan a cada paso.<\/p>\n\n\n            \n                    <\/div>\n    <\/section>\n<\/section>\n","protected":false},"excerpt":{"rendered":"<p>Costa Terra Comporta es un complejo tur\u00edstico costero de alto precio situado en la costa suroeste de Portugal, cerca de Comporta, dentro del municipio de Gr\u00e2ndola. Enclavado entre el oc\u00e9ano Atl\u00e1ntico y pintorescos bosques, Costa Terra forma parte de la regi\u00f3n de Comporta, conocida por su pr\u00edstina belleza natural, sus tranquilas playas y sus inmensos <\/p>\n<div class=\"goto\"><a href=\"https:\/\/espiritodacomporta.com\/es\/costa-terra-complejo-de-lujo-costa-portuguesa\/\">Leer m\u00e1s<\/a><\/div>\n","protected":false},"author":7,"featured_media":75249,"comment_status":"open","ping_status":"open","sticky":false,"template":"","format":"standard","meta":{"_acf_changed":false,"inline_featured_image":false,"footnotes":""},"categories":[1664,1797],"tags":[],"class_list":["post-75256","post","type-post","status-publish","format-standard","has-post-thumbnail","hentry","category-buscando-la-belleza","category-sentir-la-naturaleza"],"acf":[],"yoast_head":"<!-- This site is optimized with the Yoast SEO Premium plugin v27.2 (Yoast SEO v27.2) - https:\/\/yoast.com\/product\/yoast-seo-premium-wordpress\/ -->\n<title>Costa Terra - un complejo tur\u00edstico de lujo en la costa portuguesa<\/title>\n<meta name=\"description\" content=\"Los nuevos alojamientos de lujo se dejan sentir en toda la regi\u00f3n de la comporta. Costa Terra es una de las que m\u00e1s est\u00e1 dando que hablar.\" \/>\n<meta name=\"robots\" content=\"index, follow, max-snippet:-1, max-image-preview:large, max-video-preview:-1\" \/>\n<link rel=\"canonical\" href=\"https:\/\/espiritodacomporta.com\/es\/costa-terra-complejo-de-lujo-costa-portuguesa\/\" \/>\n<meta property=\"og:locale\" content=\"es_ES\" \/>\n<meta property=\"og:type\" content=\"article\" \/>\n<meta property=\"og:title\" content=\"Costa Terra - un complejo tur\u00edstico de lujo en la costa portuguesa\" \/>\n<meta property=\"og:description\" content=\"Los nuevos alojamientos de lujo se dejan sentir en toda la regi\u00f3n de la comporta. Costa Terra es una de las que m\u00e1s est\u00e1 dando que hablar.\" \/>\n<meta property=\"og:url\" content=\"https:\/\/espiritodacomporta.com\/es\/costa-terra-complejo-de-lujo-costa-portuguesa\/\" \/>\n<meta property=\"og:site_name\" content=\"Live &amp; Feel Comporta Portugal\" \/>\n<meta property=\"article:published_time\" content=\"2024-10-24T15:00:08+00:00\" \/>\n<meta property=\"article:modified_time\" content=\"2024-10-24T15:00:13+00:00\" \/>\n<meta property=\"og:image\" content=\"https:\/\/espiritodacomporta.com\/app\/uploads\/2024\/10\/golf.webp\" \/>\n\t<meta property=\"og:image:width\" content=\"2250\" \/>\n\t<meta property=\"og:image:height\" content=\"1500\" \/>\n\t<meta property=\"og:image:type\" content=\"image\/webp\" \/>\n<meta name=\"author\" content=\"Info\" \/>\n<meta name=\"twitter:card\" content=\"summary_large_image\" \/>\n<meta name=\"twitter:label1\" content=\"Escrito por\" \/>\n\t<meta name=\"twitter:data1\" content=\"Info\" \/>\n\t<meta name=\"twitter:label2\" content=\"Tiempo de lectura\" \/>\n\t<meta name=\"twitter:data2\" content=\"1 minuto\" \/>\n<script type=\"application\/ld+json\" class=\"yoast-schema-graph\">{\"@context\":\"https:\/\/schema.org\",\"@graph\":[{\"@type\":\"Article\",\"@id\":\"https:\/\/espiritodacomporta.com\/es\/costa-terra-complejo-de-lujo-costa-portuguesa\/#article\",\"isPartOf\":{\"@id\":\"https:\/\/espiritodacomporta.com\/es\/costa-terra-complejo-de-lujo-costa-portuguesa\/\"},\"author\":{\"name\":\"Info\",\"@id\":\"https:\/\/espiritodacomporta.com\/es\/#\/schema\/person\/c76d29ce59d104bde14812d3465de878\"},\"headline\":\"Costa Terra &#8211; un complejo tur\u00edstico de lujo en la costa portuguesa\",\"datePublished\":\"2024-10-24T15:00:08+00:00\",\"dateModified\":\"2024-10-24T15:00:13+00:00\",\"mainEntityOfPage\":{\"@id\":\"https:\/\/espiritodacomporta.com\/es\/costa-terra-complejo-de-lujo-costa-portuguesa\/\"},\"wordCount\":107,\"commentCount\":0,\"publisher\":{\"@id\":\"https:\/\/espiritodacomporta.com\/es\/#organization\"},\"image\":{\"@id\":\"https:\/\/espiritodacomporta.com\/es\/costa-terra-complejo-de-lujo-costa-portuguesa\/#primaryimage\"},\"thumbnailUrl\":\"https:\/\/espiritodacomporta.com\/app\/uploads\/2024\/10\/golf.webp\",\"articleSection\":[\"Buscando la belleza\",\"Sentir la naturaleza\"],\"inLanguage\":\"es\",\"potentialAction\":[{\"@type\":\"CommentAction\",\"name\":\"Comment\",\"target\":[\"https:\/\/espiritodacomporta.com\/es\/costa-terra-complejo-de-lujo-costa-portuguesa\/#respond\"]}]},{\"@type\":\"WebPage\",\"@id\":\"https:\/\/espiritodacomporta.com\/es\/costa-terra-complejo-de-lujo-costa-portuguesa\/\",\"url\":\"https:\/\/espiritodacomporta.com\/es\/costa-terra-complejo-de-lujo-costa-portuguesa\/\",\"name\":\"Costa Terra - un complejo tur\u00edstico de lujo en la costa portuguesa\",\"isPartOf\":{\"@id\":\"https:\/\/espiritodacomporta.com\/es\/#website\"},\"primaryImageOfPage\":{\"@id\":\"https:\/\/espiritodacomporta.com\/es\/costa-terra-complejo-de-lujo-costa-portuguesa\/#primaryimage\"},\"image\":{\"@id\":\"https:\/\/espiritodacomporta.com\/es\/costa-terra-complejo-de-lujo-costa-portuguesa\/#primaryimage\"},\"thumbnailUrl\":\"https:\/\/espiritodacomporta.com\/app\/uploads\/2024\/10\/golf.webp\",\"datePublished\":\"2024-10-24T15:00:08+00:00\",\"dateModified\":\"2024-10-24T15:00:13+00:00\",\"description\":\"Los nuevos alojamientos de lujo se dejan sentir en toda la regi\u00f3n de la comporta. Costa Terra es una de las que m\u00e1s est\u00e1 dando que hablar.\",\"breadcrumb\":{\"@id\":\"https:\/\/espiritodacomporta.com\/es\/costa-terra-complejo-de-lujo-costa-portuguesa\/#breadcrumb\"},\"inLanguage\":\"es\",\"potentialAction\":[{\"@type\":\"ReadAction\",\"target\":[\"https:\/\/espiritodacomporta.com\/es\/costa-terra-complejo-de-lujo-costa-portuguesa\/\"]}]},{\"@type\":\"ImageObject\",\"inLanguage\":\"es\",\"@id\":\"https:\/\/espiritodacomporta.com\/es\/costa-terra-complejo-de-lujo-costa-portuguesa\/#primaryimage\",\"url\":\"https:\/\/espiritodacomporta.com\/app\/uploads\/2024\/10\/golf.webp\",\"contentUrl\":\"https:\/\/espiritodacomporta.com\/app\/uploads\/2024\/10\/golf.webp\",\"width\":2250,\"height\":1500,\"caption\":\"golf_terra_costa\"},{\"@type\":\"BreadcrumbList\",\"@id\":\"https:\/\/espiritodacomporta.com\/es\/costa-terra-complejo-de-lujo-costa-portuguesa\/#breadcrumb\",\"itemListElement\":[{\"@type\":\"ListItem\",\"position\":1,\"name\":\"Home\",\"item\":\"https:\/\/espiritodacomporta.com\/es\/\"},{\"@type\":\"ListItem\",\"position\":2,\"name\":\"Descubre Comporta\",\"item\":\"https:\/\/espiritodacomporta.com\/es\/category\/descubre-comporta\/\"},{\"@type\":\"ListItem\",\"position\":3,\"name\":\"Sentir la naturaleza\",\"item\":\"https:\/\/espiritodacomporta.com\/es\/category\/descubre-comporta\/sentir-la-naturaleza\/\"},{\"@type\":\"ListItem\",\"position\":4,\"name\":\"Costa Terra &#8211; un complejo tur\u00edstico de lujo en la costa portuguesa\"}]},{\"@type\":\"WebSite\",\"@id\":\"https:\/\/espiritodacomporta.com\/es\/#website\",\"url\":\"https:\/\/espiritodacomporta.com\/es\/\",\"name\":\"Live & Feel Comporta Portugal\",\"description\":\"\",\"publisher\":{\"@id\":\"https:\/\/espiritodacomporta.com\/es\/#organization\"},\"potentialAction\":[{\"@type\":\"SearchAction\",\"target\":{\"@type\":\"EntryPoint\",\"urlTemplate\":\"https:\/\/espiritodacomporta.com\/es\/?s={search_term_string}\"},\"query-input\":{\"@type\":\"PropertyValueSpecification\",\"valueRequired\":true,\"valueName\":\"search_term_string\"}}],\"inLanguage\":\"es\"},{\"@type\":\"Organization\",\"@id\":\"https:\/\/espiritodacomporta.com\/es\/#organization\",\"name\":\"Espirito da Comporta\",\"url\":\"https:\/\/espiritodacomporta.com\/es\/\",\"logo\":{\"@type\":\"ImageObject\",\"inLanguage\":\"es\",\"@id\":\"https:\/\/espiritodacomporta.com\/es\/#\/schema\/logo\/image\/\",\"url\":\"https:\/\/espiritodacomporta.com\/app\/uploads\/2023\/09\/LOGO-SIGNATURE@4x.png\",\"contentUrl\":\"https:\/\/espiritodacomporta.com\/app\/uploads\/2023\/09\/LOGO-SIGNATURE@4x.png\",\"width\":321,\"height\":385,\"caption\":\"Espirito da Comporta\"},\"image\":{\"@id\":\"https:\/\/espiritodacomporta.com\/es\/#\/schema\/logo\/image\/\"},\"sameAs\":[\"https:\/\/www.instagram.com\/almadacomporta\/\"]},{\"@type\":\"Person\",\"@id\":\"https:\/\/espiritodacomporta.com\/es\/#\/schema\/person\/c76d29ce59d104bde14812d3465de878\",\"name\":\"Info\",\"image\":{\"@type\":\"ImageObject\",\"inLanguage\":\"es\",\"@id\":\"https:\/\/secure.gravatar.com\/avatar\/dee735d7b19944762d18cdf00966586c0ffcea9da4d03f8be9d25dcff9972207?s=96&d=mm&r=g\",\"url\":\"https:\/\/secure.gravatar.com\/avatar\/dee735d7b19944762d18cdf00966586c0ffcea9da4d03f8be9d25dcff9972207?s=96&d=mm&r=g\",\"contentUrl\":\"https:\/\/secure.gravatar.com\/avatar\/dee735d7b19944762d18cdf00966586c0ffcea9da4d03f8be9d25dcff9972207?s=96&d=mm&r=g\",\"caption\":\"Info\"}}]}<\/script>\n<!-- \/ Yoast SEO Premium plugin. -->","yoast_head_json":{"title":"Costa Terra - un complejo tur\u00edstico de lujo en la costa portuguesa","description":"Los nuevos alojamientos de lujo se dejan sentir en toda la regi\u00f3n de la comporta. Costa Terra es una de las que m\u00e1s est\u00e1 dando que hablar.","robots":{"index":"index","follow":"follow","max-snippet":"max-snippet:-1","max-image-preview":"max-image-preview:large","max-video-preview":"max-video-preview:-1"},"canonical":"https:\/\/espiritodacomporta.com\/es\/costa-terra-complejo-de-lujo-costa-portuguesa\/","og_locale":"es_ES","og_type":"article","og_title":"Costa Terra - un complejo tur\u00edstico de lujo en la costa portuguesa","og_description":"Los nuevos alojamientos de lujo se dejan sentir en toda la regi\u00f3n de la comporta. Costa Terra es una de las que m\u00e1s est\u00e1 dando que hablar.","og_url":"https:\/\/espiritodacomporta.com\/es\/costa-terra-complejo-de-lujo-costa-portuguesa\/","og_site_name":"Live &amp; Feel Comporta Portugal","article_published_time":"2024-10-24T15:00:08+00:00","article_modified_time":"2024-10-24T15:00:13+00:00","og_image":[{"width":2250,"height":1500,"url":"https:\/\/espiritodacomporta.com\/app\/uploads\/2024\/10\/golf.webp","type":"image\/webp"}],"author":"Info","twitter_card":"summary_large_image","twitter_misc":{"Escrito por":"Info","Tiempo de lectura":"1 minuto"},"schema":{"@context":"https:\/\/schema.org","@graph":[{"@type":"Article","@id":"https:\/\/espiritodacomporta.com\/es\/costa-terra-complejo-de-lujo-costa-portuguesa\/#article","isPartOf":{"@id":"https:\/\/espiritodacomporta.com\/es\/costa-terra-complejo-de-lujo-costa-portuguesa\/"},"author":{"name":"Info","@id":"https:\/\/espiritodacomporta.com\/es\/#\/schema\/person\/c76d29ce59d104bde14812d3465de878"},"headline":"Costa Terra &#8211; un complejo tur\u00edstico de lujo en la costa portuguesa","datePublished":"2024-10-24T15:00:08+00:00","dateModified":"2024-10-24T15:00:13+00:00","mainEntityOfPage":{"@id":"https:\/\/espiritodacomporta.com\/es\/costa-terra-complejo-de-lujo-costa-portuguesa\/"},"wordCount":107,"commentCount":0,"publisher":{"@id":"https:\/\/espiritodacomporta.com\/es\/#organization"},"image":{"@id":"https:\/\/espiritodacomporta.com\/es\/costa-terra-complejo-de-lujo-costa-portuguesa\/#primaryimage"},"thumbnailUrl":"https:\/\/espiritodacomporta.com\/app\/uploads\/2024\/10\/golf.webp","articleSection":["Buscando la belleza","Sentir la naturaleza"],"inLanguage":"es","potentialAction":[{"@type":"CommentAction","name":"Comment","target":["https:\/\/espiritodacomporta.com\/es\/costa-terra-complejo-de-lujo-costa-portuguesa\/#respond"]}]},{"@type":"WebPage","@id":"https:\/\/espiritodacomporta.com\/es\/costa-terra-complejo-de-lujo-costa-portuguesa\/","url":"https:\/\/espiritodacomporta.com\/es\/costa-terra-complejo-de-lujo-costa-portuguesa\/","name":"Costa Terra - un complejo tur\u00edstico de lujo en la costa portuguesa","isPartOf":{"@id":"https:\/\/espiritodacomporta.com\/es\/#website"},"primaryImageOfPage":{"@id":"https:\/\/espiritodacomporta.com\/es\/costa-terra-complejo-de-lujo-costa-portuguesa\/#primaryimage"},"image":{"@id":"https:\/\/espiritodacomporta.com\/es\/costa-terra-complejo-de-lujo-costa-portuguesa\/#primaryimage"},"thumbnailUrl":"https:\/\/espiritodacomporta.com\/app\/uploads\/2024\/10\/golf.webp","datePublished":"2024-10-24T15:00:08+00:00","dateModified":"2024-10-24T15:00:13+00:00","description":"Los nuevos alojamientos de lujo se dejan sentir en toda la regi\u00f3n de la comporta. Costa Terra es una de las que m\u00e1s est\u00e1 dando que hablar.","breadcrumb":{"@id":"https:\/\/espiritodacomporta.com\/es\/costa-terra-complejo-de-lujo-costa-portuguesa\/#breadcrumb"},"inLanguage":"es","potentialAction":[{"@type":"ReadAction","target":["https:\/\/espiritodacomporta.com\/es\/costa-terra-complejo-de-lujo-costa-portuguesa\/"]}]},{"@type":"ImageObject","inLanguage":"es","@id":"https:\/\/espiritodacomporta.com\/es\/costa-terra-complejo-de-lujo-costa-portuguesa\/#primaryimage","url":"https:\/\/espiritodacomporta.com\/app\/uploads\/2024\/10\/golf.webp","contentUrl":"https:\/\/espiritodacomporta.com\/app\/uploads\/2024\/10\/golf.webp","width":2250,"height":1500,"caption":"golf_terra_costa"},{"@type":"BreadcrumbList","@id":"https:\/\/espiritodacomporta.com\/es\/costa-terra-complejo-de-lujo-costa-portuguesa\/#breadcrumb","itemListElement":[{"@type":"ListItem","position":1,"name":"Home","item":"https:\/\/espiritodacomporta.com\/es\/"},{"@type":"ListItem","position":2,"name":"Descubre Comporta","item":"https:\/\/espiritodacomporta.com\/es\/category\/descubre-comporta\/"},{"@type":"ListItem","position":3,"name":"Sentir la naturaleza","item":"https:\/\/espiritodacomporta.com\/es\/category\/descubre-comporta\/sentir-la-naturaleza\/"},{"@type":"ListItem","position":4,"name":"Costa Terra &#8211; un complejo tur\u00edstico de lujo en la costa portuguesa"}]},{"@type":"WebSite","@id":"https:\/\/espiritodacomporta.com\/es\/#website","url":"https:\/\/espiritodacomporta.com\/es\/","name":"Live & Feel Comporta Portugal","description":"","publisher":{"@id":"https:\/\/espiritodacomporta.com\/es\/#organization"},"potentialAction":[{"@type":"SearchAction","target":{"@type":"EntryPoint","urlTemplate":"https:\/\/espiritodacomporta.com\/es\/?s={search_term_string}"},"query-input":{"@type":"PropertyValueSpecification","valueRequired":true,"valueName":"search_term_string"}}],"inLanguage":"es"},{"@type":"Organization","@id":"https:\/\/espiritodacomporta.com\/es\/#organization","name":"Espirito da Comporta","url":"https:\/\/espiritodacomporta.com\/es\/","logo":{"@type":"ImageObject","inLanguage":"es","@id":"https:\/\/espiritodacomporta.com\/es\/#\/schema\/logo\/image\/","url":"https:\/\/espiritodacomporta.com\/app\/uploads\/2023\/09\/LOGO-SIGNATURE@4x.png","contentUrl":"https:\/\/espiritodacomporta.com\/app\/uploads\/2023\/09\/LOGO-SIGNATURE@4x.png","width":321,"height":385,"caption":"Espirito da Comporta"},"image":{"@id":"https:\/\/espiritodacomporta.com\/es\/#\/schema\/logo\/image\/"},"sameAs":["https:\/\/www.instagram.com\/almadacomporta\/"]},{"@type":"Person","@id":"https:\/\/espiritodacomporta.com\/es\/#\/schema\/person\/c76d29ce59d104bde14812d3465de878","name":"Info","image":{"@type":"ImageObject","inLanguage":"es","@id":"https:\/\/secure.gravatar.com\/avatar\/dee735d7b19944762d18cdf00966586c0ffcea9da4d03f8be9d25dcff9972207?s=96&d=mm&r=g","url":"https:\/\/secure.gravatar.com\/avatar\/dee735d7b19944762d18cdf00966586c0ffcea9da4d03f8be9d25dcff9972207?s=96&d=mm&r=g","contentUrl":"https:\/\/secure.gravatar.com\/avatar\/dee735d7b19944762d18cdf00966586c0ffcea9da4d03f8be9d25dcff9972207?s=96&d=mm&r=g","caption":"Info"}}]}},"jetpack_featured_media_url":"https:\/\/espiritodacomporta.com\/app\/uploads\/2024\/10\/golf.webp","_links":{"self":[{"href":"https:\/\/espiritodacomporta.com\/es\/wp-json\/wp\/v2\/posts\/75256","targetHints":{"allow":["GET"]}}],"collection":[{"href":"https:\/\/espiritodacomporta.com\/es\/wp-json\/wp\/v2\/posts"}],"about":[{"href":"https:\/\/espiritodacomporta.com\/es\/wp-json\/wp\/v2\/types\/post"}],"author":[{"embeddable":true,"href":"https:\/\/espiritodacomporta.com\/es\/wp-json\/wp\/v2\/users\/7"}],"replies":[{"embeddable":true,"href":"https:\/\/espiritodacomporta.com\/es\/wp-json\/wp\/v2\/comments?post=75256"}],"version-history":[{"count":0,"href":"https:\/\/espiritodacomporta.com\/es\/wp-json\/wp\/v2\/posts\/75256\/revisions"}],"wp:featuredmedia":[{"embeddable":true,"href":"https:\/\/espiritodacomporta.com\/es\/wp-json\/wp\/v2\/media\/75249"}],"wp:attachment":[{"href":"https:\/\/espiritodacomporta.com\/es\/wp-json\/wp\/v2\/media?parent=75256"}],"wp:term":[{"taxonomy":"category","embeddable":true,"href":"https:\/\/espiritodacomporta.com\/es\/wp-json\/wp\/v2\/categories?post=75256"},{"taxonomy":"post_tag","embeddable":true,"href":"https:\/\/espiritodacomporta.com\/es\/wp-json\/wp\/v2\/tags?post=75256"}],"curies":[{"name":"wp","href":"https:\/\/api.w.org\/{rel}","templated":true}]}}