{"id":8642,"date":"2019-11-15T16:26:57","date_gmt":"2019-11-15T14:26:57","guid":{"rendered":"https:\/\/espiritodacomporta.com\/las-villas-de-comporta-portugal-historia-y-estilo\/"},"modified":"2026-02-06T12:36:05","modified_gmt":"2026-02-06T10:36:05","slug":"las-villas-de-comporta-portugal-historia-y-estilo","status":"publish","type":"post","link":"https:\/\/espiritodacomporta.com\/es\/las-villas-de-comporta-portugal-historia-y-estilo\/","title":{"rendered":"Las villas de Comporta, Portugal. Historia y estilo"},"content":{"rendered":"\n<h2 class=\"wp-block-heading\"><strong>Comporta, un para\u00edso atemporal aut\u00e9ntico y preservado<\/strong><\/h2>\n\n\n\n<p>Con su mosaico de arrozales, sus largas extensiones de arena virgen, sus casas r\u00fasticas y sus caba\u00f1as con tejado de paja, <a href=\"https:\/\/espiritodacomporta.com\/es\/\">Comporta<\/a>, en Portugal, es el destino ideal para aquellos que buscan aislarse y disfrutar de la naturaleza.  <\/p>\n\n\n\n<p>Durante muchos a\u00f1os, la mayor parte de la regi\u00f3n pertenec\u00eda a la familia Espirito Santo, una de las familias de banqueros m\u00e1s antiguas e influyentes de Portugal. Solo hab\u00eda unas pocas casas, con estrictos est\u00e1ndares de dise\u00f1o, diseminadas por todo este territorio natural.<\/p>\n\n\n\n<p>Tras la quiebra de la familia en 2014, el patrimonio de Comporta pas\u00f3 principalmente a manos de los bancos, que abrieron la zona por primera vez. Desde entonces. el objetivo principal ha sido desarrollar un destino tur\u00edstico de calidad y convertirse en un modelo de desarrollo sostenible en Europa. Comporta debe seguir siendo por encima de todo una finca agr\u00edcola y conservar su patrimonio cultural y medioambiental \u00fanico.<\/p>\n\n\n\n<h2 class=\"wp-block-heading\"><strong>El estilo Comporta<\/strong><\/h2>\n\n\n\n<p>Si Comporta es un lugar del que cada vez se habla m\u00e1s, es principalmente porque ha inspirado a muchos arquitectos y decoradores gracias a su entorno natural poco com\u00fan, al estilo de sus caba\u00f1as originales y a su pronunciado esp\u00edritu \u00abslow life\u00bb. Christian Louboutin, Jacques Grange o Philippe Starck son algunos de los afortunados propietarios que se han instalado en esta zona tan codiciada.<\/p>\n\n\n\n<p>El \u00abestilo Comporta\u00bb es sencillez y belleza en bruto, y se ha puesto de moda gracias a las revistas de moda y decoraci\u00f3n. Las caba\u00f1as y villas con piscina de Comporta destacan por su arquitectura \u00fanica y su apertura a la naturaleza.<\/p>\n\n\n\n<h3 class=\"wp-block-heading\">Al principio&#8230;<\/h3>\n\n\n\n<p>Hace d\u00e9cadas, la familia Espirito Santo expandi\u00f3 la producci\u00f3n agr\u00edcola en este territorio de 125 kil\u00f3metros cuadrados y construy\u00f3 infraestructuras para la comunidad. A cambio, la familia obtuvo una gran franja de tierra virgen y su larga playa de arena blanca para su uso privado. Gracias al cuasimonopolio de la familia y a las estrictas normas urban\u00edsticas de la zona, el turismo y la construcci\u00f3n apenas se desarrollaron. En los a\u00f1os 90, Vera, miembro de esta renombrada familia, construy\u00f3 nuevas caba\u00f1as en su propiedad inspiradas en la arquitectura local: peque\u00f1os edificios independientes, fachadas de cal y ca\u00f1a y tejados a dos aguas cubiertos con hojas de palma. Ella fue la pionera del llamado \u00abestilo Comporta\u00bb, tan apreciado hoy en d\u00eda y en el que est\u00e1n inspiradas todas las nuevas villas construidas en Comporta.  <\/p>\n\n\n\n<p>Los interiores tambi\u00e9n est\u00e1n dise\u00f1ados y amueblados siguiendo un estilo \u00fanico, inspirado en el entorno y las costumbres locales. Al igual que en las caba\u00f1as de pescadores de Comporta, Vera Iachia opta por interiores minimalistas, casi desnudos. Los viste con alfombras marroqu\u00edes, muebles de madera de Bali y telas estampadas de Per\u00fa. \u00a1Esta mezcla bohemia de materias primas y naturales y de objetos rurales y cosmopolitas dio lugar al \u00abestilo Comporta\u00bb!<\/p>\n\n\n\n<p>Hace 30 a\u00f1os, Vera invit\u00f3 a su amigo, el arquitecto Jacques Grange, a Comporta. Este se enamor\u00f3 inmediatamente del lugar, de sus pinos y de sus kil\u00f3metros de playas desiertas. As\u00ed que compr\u00f3 una casa en plena naturaleza que pertenec\u00eda a la familia Espirito Santo. Situada en medio de las dunas, durante los primeros a\u00f1os la caba\u00f1a ni siquiera ten\u00eda agua corriente ni electricidad, por lo que el arquitecto viv\u00eda como un Robinson Crusoe en plena naturaleza, todo un lujo para \u00e9l.<\/p>\n\n\n\n<p>La belleza virgen de Comporta comenz\u00f3 a darse a conocer a principios de los a\u00f1os 2000. Dise\u00f1adores internacionales y la alta sociedad portuguesa se interesaron por ella, atra\u00eddos por la \u00abtranquilidade\u00bb de la regi\u00f3n, a la que ven\u00edan a pasar varias semanas de vacaciones en verano. Trajeron consigo un soplo de aire fresco y nuevos deseos, por lo que comenzaron a abrirse nuevos lugares.  El primer restaurante contempor\u00e1neo de la regi\u00f3n, Museu do Arroz, abri\u00f3 sus puertas. Los famosos chiringuitos de madera t\u00edpicos de Comporta, como el Comporta Caf\u00e9 o el Sal, se situaron al borde de <a href=\"https:\/\/espiritodacomporta.com\/es\/playas-de-comporta-los-lugares-mas-bonitos\/\">las playas<\/a>. A\u00fan hoy en d\u00eda son las \u00fanicas construcciones permitidas en la costa.<\/p>\n\n\n\n<h3 class=\"wp-block-heading\">Un aire de modernidad<\/h3>\n\n\n\n<p>Este desarrollo tambi\u00e9n atrajo nuevos proyectos de villas de arquitectos de renombre como Philippe Starck, Vincent van Duysen o Manuel Aires Mateus. Crearon espacios extraordinarios para clientes exigentes e incluso para s\u00ed mismos. Las nuevas construcciones respetaron el lenguaje arquitect\u00f3nico de la regi\u00f3n ofreciendo un enfoque m\u00e1s contempor\u00e1neo al estilo Comporta.<\/p>\n\n\n\n<p>El primer y m\u00e1s famoso ejemplo es el hotel Sublime Comporta, dise\u00f1ado por los arquitectos portugueses Miguel C\u00e2ncio Martins y Jos\u00e9 Alberto Charrua. Los edificios de madera y hormig\u00f3n in situ, estructuras espectaculares y contempor\u00e1neas, se encuentran dispersos por un maravilloso pinar y se integran a la perfecci\u00f3n en el entorno natural.  <\/p>\n\n\n\n<p>El potencial del turismo de alto nivel en la regi\u00f3n dio pie al nacimiento de nuevos proyectos. As\u00ed, en 2008, Gon\u00e7alo Pessoa llam\u00f3 al arquitecto Manuel Aires Mateus para dise\u00f1ar y construir sus famosas villas en Comporta, denominadas Casas Na Areia (\u00abCasas en la arena\u00bb). La caba\u00f1a com\u00fan que alberga el sal\u00f3n y la cocina tiene un suelo de arena blanca. As\u00ed caminamos sobre la arena para conectar m\u00e1s f\u00e1cilmente con la naturaleza que rodea este lugar. La idea es ir m\u00e1s despacio y disfrutar del presente.  <\/p>\n\n\n\n<p>Manuel Aires Mateus tambi\u00e9n colabor\u00f3 en el dise\u00f1o de algunas otras villas en Comporta, como las Cabanas no Rio. Estas dos peque\u00f1as caba\u00f1as de madera, reducidas a lo esencial, est\u00e1n idealmente ubicadas en el borde de la reserva natural del r\u00edo Sado.  <\/p>\n\n\n\n<p>Las casas, caba\u00f1as y villas de Comporta no son solo alquileres de vacaciones. Est\u00e1n dise\u00f1adas para ser, ante todo, una experiencia y ofrecer una forma diferente de vivir y percibir el entorno.  <\/p>\n\n\n\n<p>Esta es la perspectiva desde la que nuestras caba\u00f1as y villas fueron creadas. Nuestro proyecto, Espirito da Comporta, es ofrecer lugares \u00fanicos donde la naturaleza est\u00e1 en el centro de las construcciones y donde se anima a los residentes a relajarse y conectar con el extraordinario entorno que ofrece Comporta.<\/p>\n\n\n\n<h2 class=\"wp-block-heading\"><strong>Espirito da Comporta &#8211; Alquiler de villas en Comporta, Portugal<\/strong><\/h2>\n\n\n\n<p>Nuestras villas han sido dise\u00f1adas por el arquitecto portugu\u00e9s Luis Pereira Miguel (PM-ARQ), con quien compartimos nuestro amor por Comporta y una visi\u00f3n com\u00fan de la arquitectura local: una arquitectura luminosa, una integraci\u00f3n con la naturaleza circundante, el respeto por las tradiciones locales y el uso de materias primas.<\/p>\n\n\n\n<p><a href=\"https:\/\/espiritodacomporta.com\/es\/casas\/\">Espirito da Comporta<\/a> es un lugar pensado para fomentar la contemplaci\u00f3n, un lugar para tomarse su tiempo y encontrar la paz. Espirito da Comporta se compone de tres lugares: Campo de Arroz y Flor de Arroz, situados frente a los arrozales de Carvalhal, y Casas de Arroz, cerca del pueblo de Comporta.<\/p>\n\n\n\n<h3 class=\"wp-block-heading\"><a href=\"https:\/\/espiritodacomporta.com\/es\/casas\/campo-de-arroz\/\">Campo de Arroz<\/a> &#8211; Una t\u00edpica villa de playa en Comporta<\/h3>\n\n\n\n<p>Con cuatro dormitorios y tres ba\u00f1os, esta villa en Comporta puede alojar hasta 10 personas, tanto adultos como ni\u00f1os. El amplio sal\u00f3n est\u00e1 completamente abierto hacia el porche y los arrozales que se extienden hasta el horizonte.  <\/p>\n\n\n\n<p>La cocina est\u00e1 totalmente equipada y el sal\u00f3n cuenta con c\u00f3modos sof\u00e1s de lino y una chimenea para calentar las noches de invierno. Campo de Arroz es una villa perfecta para pasar unas vacaciones en <a href=\"https:\/\/espiritodacomporta.com\/es\/mejor-epoca-para-visitar-comporta-portugal\/\">Comporta tanto en verano como en invierno<\/a>, en familia o con amigos.<\/p>\n\n\n\n<p>El porche es un lugar ideal para comer o para leer y relajarse despu\u00e9s de pasar el d\u00eda en la playa cercana. Junto a \u00e9l, la piscina domina el paisaje y la naturaleza circundante. Las hamacas y sillones le permitir\u00e1n relajarse con los pies en el agua y disfrutar del buen tiempo durante el d\u00eda o contemplar las estrellas por la noche con una copa del mejor vino de la regi\u00f3n.<\/p>\n\n\n\n<h3 class=\"wp-block-heading\"><a href=\"https:\/\/espiritodacomporta.com\/es\/casas\/flor-de-arroz\/\">Flor de Arroz<\/a> &#8211; Caba\u00f1as en pleno coraz\u00f3n de los arrozales de Comporta<\/h3>\n\n\n\n<p>Dos caba\u00f1as junto a los arrozales, en primera l\u00ednea. Viva como Robinson Crusoe, en plena naturaleza, admirando el espect\u00e1culo de colores que van cambiando a medida que pasa el d\u00eda. Podr\u00e1 disfrutar del sol durante todo el d\u00eda en la piscina o en las terrazas.  <\/p>\n\n\n\n<p>Su dise\u00f1o \u00fanico combina naturaleza y arquitectura contempor\u00e1nea, respetando la sencillez de las casas de pescadores de la regi\u00f3n. La piscina parece una continuaci\u00f3n de los arrozales. Flor de Arroz se encuentra a pocos minutos de la playa del pueblo de Carvalhal en Comporta. Las dos caba\u00f1as tienen una capacidad m\u00e1xima de 8 personas.<\/p>\n\n\n\n<h3 class=\"wp-block-heading\"><a href=\"https:\/\/espiritodacomporta.com\/es\/casas\/casas-de-arroz\/\">Casas de Arroz<\/a> &#8211; Un refugio original y tranquilo en Comporta<\/h3>\n\n\n\n<p>Casas de Arroz es un grupo de cuatro caba\u00f1as que juntas crean un refugio lleno de paz y tranquilidad para unas vacaciones de ensue\u00f1o. Estas villas c\u00f3modas y minimalistas se encuentran a pocos minutos de la playa y del pueblo de Comporta. Los techos de paja, la madera y el suelo de arena son un reflejo de las casas y hoteles tradicionales de la regi\u00f3n. La piscina infinita al final del jard\u00edn ofrece vistas sobre los arrozales y los campos de Comporta.  <a href=\"https:\/\/espiritodacomporta.com\/es\/casas\/\">Para m\u00e1s informaci\u00f3n sobre nuestras villas en Comporta.<\/a><\/p>\n\n\n\n<p><br><\/p>\n","protected":false},"excerpt":{"rendered":"<p>Comporta, un para\u00edso atemporal aut\u00e9ntico y preservado Con su mosaico de arrozales, sus largas extensiones de arena virgen, sus casas r\u00fasticas y sus caba\u00f1as con tejado de paja, Comporta, en Portugal, es el destino ideal para aquellos que buscan aislarse y disfrutar de la naturaleza. Durante muchos a\u00f1os, la mayor parte de la regi\u00f3n pertenec\u00eda <\/p>\n<div class=\"goto\"><a href=\"https:\/\/espiritodacomporta.com\/es\/las-villas-de-comporta-portugal-historia-y-estilo\/\">Leer m\u00e1s<\/a><\/div>\n","protected":false},"author":2,"featured_media":1969,"comment_status":"open","ping_status":"open","sticky":false,"template":"","format":"standard","meta":{"_acf_changed":false,"inline_featured_image":false,"footnotes":""},"categories":[1664],"tags":[],"class_list":["post-8642","post","type-post","status-publish","format-standard","has-post-thumbnail","hentry","category-buscando-la-belleza"],"acf":[],"yoast_head":"<!-- This site is optimized with the Yoast SEO Premium plugin v27.2 (Yoast SEO v27.2) - https:\/\/yoast.com\/product\/yoast-seo-premium-wordpress\/ -->\n<title>Villas Comporta, Portugal - Historia, Estilo y Decoraci\u00f3n<\/title>\n<meta name=\"description\" content=\"Descubra los secretos de las villas de Comporta, que destacan regularmente por su arquitectura \u00fanica y su apertura a la naturaleza.\" \/>\n<meta name=\"robots\" content=\"index, follow, max-snippet:-1, max-image-preview:large, max-video-preview:-1\" \/>\n<link rel=\"canonical\" href=\"https:\/\/espiritodacomporta.com\/es\/las-villas-de-comporta-portugal-historia-y-estilo\/\" \/>\n<meta property=\"og:locale\" content=\"es_ES\" \/>\n<meta property=\"og:type\" content=\"article\" \/>\n<meta property=\"og:title\" content=\"Las villas de Comporta, Portugal. Historia y estilo\" \/>\n<meta property=\"og:description\" content=\"Descubra los secretos de las villas de Comporta, que destacan regularmente por su arquitectura \u00fanica y su apertura a la naturaleza.\" \/>\n<meta property=\"og:url\" content=\"https:\/\/espiritodacomporta.com\/es\/las-villas-de-comporta-portugal-historia-y-estilo\/\" \/>\n<meta property=\"og:site_name\" content=\"Live &amp; Feel Comporta Portugal\" \/>\n<meta property=\"article:published_time\" content=\"2019-11-15T14:26:57+00:00\" \/>\n<meta property=\"article:modified_time\" content=\"2026-02-06T10:36:05+00:00\" \/>\n<meta property=\"og:image\" content=\"https:\/\/espiritodacomporta.com\/app\/uploads\/2019\/07\/campo-maison-horiz-15-1.jpg\" \/>\n\t<meta property=\"og:image:width\" content=\"1400\" \/>\n\t<meta property=\"og:image:height\" content=\"729\" \/>\n\t<meta property=\"og:image:type\" content=\"image\/jpeg\" \/>\n<meta name=\"author\" content=\"Charline Noblet\" \/>\n<meta name=\"twitter:card\" content=\"summary_large_image\" \/>\n<meta name=\"twitter:label1\" content=\"Escrito por\" \/>\n\t<meta name=\"twitter:data1\" content=\"Charline Noblet\" \/>\n\t<meta name=\"twitter:label2\" content=\"Tiempo de lectura\" \/>\n\t<meta name=\"twitter:data2\" content=\"8 minutos\" \/>\n<script type=\"application\/ld+json\" class=\"yoast-schema-graph\">{\"@context\":\"https:\/\/schema.org\",\"@graph\":[{\"@type\":\"Article\",\"@id\":\"https:\/\/espiritodacomporta.com\/es\/las-villas-de-comporta-portugal-historia-y-estilo\/#article\",\"isPartOf\":{\"@id\":\"https:\/\/espiritodacomporta.com\/es\/las-villas-de-comporta-portugal-historia-y-estilo\/\"},\"author\":{\"name\":\"Charline Noblet\",\"@id\":\"https:\/\/espiritodacomporta.com\/es\/#\/schema\/person\/6e1c66cf1c46ee5b2e07e9b72600eaee\"},\"headline\":\"Las villas de Comporta, Portugal. Historia y estilo\",\"datePublished\":\"2019-11-15T14:26:57+00:00\",\"dateModified\":\"2026-02-06T10:36:05+00:00\",\"mainEntityOfPage\":{\"@id\":\"https:\/\/espiritodacomporta.com\/es\/las-villas-de-comporta-portugal-historia-y-estilo\/\"},\"wordCount\":1593,\"commentCount\":0,\"publisher\":{\"@id\":\"https:\/\/espiritodacomporta.com\/es\/#organization\"},\"image\":{\"@id\":\"https:\/\/espiritodacomporta.com\/es\/las-villas-de-comporta-portugal-historia-y-estilo\/#primaryimage\"},\"thumbnailUrl\":\"https:\/\/espiritodacomporta.com\/app\/uploads\/2019\/07\/campo-maison-horiz-15-1.jpg\",\"articleSection\":[\"Buscando la belleza\"],\"inLanguage\":\"es\",\"potentialAction\":[{\"@type\":\"CommentAction\",\"name\":\"Comment\",\"target\":[\"https:\/\/espiritodacomporta.com\/es\/las-villas-de-comporta-portugal-historia-y-estilo\/#respond\"]}]},{\"@type\":\"WebPage\",\"@id\":\"https:\/\/espiritodacomporta.com\/es\/las-villas-de-comporta-portugal-historia-y-estilo\/\",\"url\":\"https:\/\/espiritodacomporta.com\/es\/las-villas-de-comporta-portugal-historia-y-estilo\/\",\"name\":\"Villas Comporta, Portugal - Historia, Estilo y Decoraci\u00f3n\",\"isPartOf\":{\"@id\":\"https:\/\/espiritodacomporta.com\/es\/#website\"},\"primaryImageOfPage\":{\"@id\":\"https:\/\/espiritodacomporta.com\/es\/las-villas-de-comporta-portugal-historia-y-estilo\/#primaryimage\"},\"image\":{\"@id\":\"https:\/\/espiritodacomporta.com\/es\/las-villas-de-comporta-portugal-historia-y-estilo\/#primaryimage\"},\"thumbnailUrl\":\"https:\/\/espiritodacomporta.com\/app\/uploads\/2019\/07\/campo-maison-horiz-15-1.jpg\",\"datePublished\":\"2019-11-15T14:26:57+00:00\",\"dateModified\":\"2026-02-06T10:36:05+00:00\",\"description\":\"Descubra los secretos de las villas de Comporta, que destacan regularmente por su arquitectura \u00fanica y su apertura a la naturaleza.\",\"breadcrumb\":{\"@id\":\"https:\/\/espiritodacomporta.com\/es\/las-villas-de-comporta-portugal-historia-y-estilo\/#breadcrumb\"},\"inLanguage\":\"es\",\"potentialAction\":[{\"@type\":\"ReadAction\",\"target\":[\"https:\/\/espiritodacomporta.com\/es\/las-villas-de-comporta-portugal-historia-y-estilo\/\"]}]},{\"@type\":\"ImageObject\",\"inLanguage\":\"es\",\"@id\":\"https:\/\/espiritodacomporta.com\/es\/las-villas-de-comporta-portugal-historia-y-estilo\/#primaryimage\",\"url\":\"https:\/\/espiritodacomporta.com\/app\/uploads\/2019\/07\/campo-maison-horiz-15-1.jpg\",\"contentUrl\":\"https:\/\/espiritodacomporta.com\/app\/uploads\/2019\/07\/campo-maison-horiz-15-1.jpg\",\"width\":1400,\"height\":729,\"caption\":\"comporta villas\"},{\"@type\":\"BreadcrumbList\",\"@id\":\"https:\/\/espiritodacomporta.com\/es\/las-villas-de-comporta-portugal-historia-y-estilo\/#breadcrumb\",\"itemListElement\":[{\"@type\":\"ListItem\",\"position\":1,\"name\":\"Home\",\"item\":\"https:\/\/espiritodacomporta.com\/es\/\"},{\"@type\":\"ListItem\",\"position\":2,\"name\":\"Descubre Comporta\",\"item\":\"https:\/\/espiritodacomporta.com\/es\/category\/descubre-comporta\/\"},{\"@type\":\"ListItem\",\"position\":3,\"name\":\"Buscando la belleza\",\"item\":\"https:\/\/espiritodacomporta.com\/es\/category\/descubre-comporta\/buscando-la-belleza\/\"},{\"@type\":\"ListItem\",\"position\":4,\"name\":\"Las villas de Comporta, Portugal. Historia y estilo\"}]},{\"@type\":\"WebSite\",\"@id\":\"https:\/\/espiritodacomporta.com\/es\/#website\",\"url\":\"https:\/\/espiritodacomporta.com\/es\/\",\"name\":\"Live & Feel Comporta Portugal\",\"description\":\"\",\"publisher\":{\"@id\":\"https:\/\/espiritodacomporta.com\/es\/#organization\"},\"potentialAction\":[{\"@type\":\"SearchAction\",\"target\":{\"@type\":\"EntryPoint\",\"urlTemplate\":\"https:\/\/espiritodacomporta.com\/es\/?s={search_term_string}\"},\"query-input\":{\"@type\":\"PropertyValueSpecification\",\"valueRequired\":true,\"valueName\":\"search_term_string\"}}],\"inLanguage\":\"es\"},{\"@type\":\"Organization\",\"@id\":\"https:\/\/espiritodacomporta.com\/es\/#organization\",\"name\":\"Espirito da Comporta\",\"url\":\"https:\/\/espiritodacomporta.com\/es\/\",\"logo\":{\"@type\":\"ImageObject\",\"inLanguage\":\"es\",\"@id\":\"https:\/\/espiritodacomporta.com\/es\/#\/schema\/logo\/image\/\",\"url\":\"https:\/\/espiritodacomporta.com\/app\/uploads\/2023\/09\/LOGO-SIGNATURE@4x.png\",\"contentUrl\":\"https:\/\/espiritodacomporta.com\/app\/uploads\/2023\/09\/LOGO-SIGNATURE@4x.png\",\"width\":321,\"height\":385,\"caption\":\"Espirito da Comporta\"},\"image\":{\"@id\":\"https:\/\/espiritodacomporta.com\/es\/#\/schema\/logo\/image\/\"},\"sameAs\":[\"https:\/\/www.instagram.com\/almadacomporta\/\"]},{\"@type\":\"Person\",\"@id\":\"https:\/\/espiritodacomporta.com\/es\/#\/schema\/person\/6e1c66cf1c46ee5b2e07e9b72600eaee\",\"name\":\"Charline Noblet\",\"image\":{\"@type\":\"ImageObject\",\"inLanguage\":\"es\",\"@id\":\"https:\/\/secure.gravatar.com\/avatar\/1cb8650c0f3cd8a96e31ebc41d5472b4785cb7753c9d361dbcb6ffc123643350?s=96&d=mm&r=g\",\"url\":\"https:\/\/secure.gravatar.com\/avatar\/1cb8650c0f3cd8a96e31ebc41d5472b4785cb7753c9d361dbcb6ffc123643350?s=96&d=mm&r=g\",\"contentUrl\":\"https:\/\/secure.gravatar.com\/avatar\/1cb8650c0f3cd8a96e31ebc41d5472b4785cb7753c9d361dbcb6ffc123643350?s=96&d=mm&r=g\",\"caption\":\"Charline Noblet\"}}]}<\/script>\n<!-- \/ Yoast SEO Premium plugin. -->","yoast_head_json":{"title":"Villas Comporta, Portugal - Historia, Estilo y Decoraci\u00f3n","description":"Descubra los secretos de las villas de Comporta, que destacan regularmente por su arquitectura \u00fanica y su apertura a la naturaleza.","robots":{"index":"index","follow":"follow","max-snippet":"max-snippet:-1","max-image-preview":"max-image-preview:large","max-video-preview":"max-video-preview:-1"},"canonical":"https:\/\/espiritodacomporta.com\/es\/las-villas-de-comporta-portugal-historia-y-estilo\/","og_locale":"es_ES","og_type":"article","og_title":"Las villas de Comporta, Portugal. Historia y estilo","og_description":"Descubra los secretos de las villas de Comporta, que destacan regularmente por su arquitectura \u00fanica y su apertura a la naturaleza.","og_url":"https:\/\/espiritodacomporta.com\/es\/las-villas-de-comporta-portugal-historia-y-estilo\/","og_site_name":"Live &amp; Feel Comporta Portugal","article_published_time":"2019-11-15T14:26:57+00:00","article_modified_time":"2026-02-06T10:36:05+00:00","og_image":[{"width":1400,"height":729,"url":"https:\/\/espiritodacomporta.com\/app\/uploads\/2019\/07\/campo-maison-horiz-15-1.jpg","type":"image\/jpeg"}],"author":"Charline Noblet","twitter_card":"summary_large_image","twitter_misc":{"Escrito por":"Charline Noblet","Tiempo de lectura":"8 minutos"},"schema":{"@context":"https:\/\/schema.org","@graph":[{"@type":"Article","@id":"https:\/\/espiritodacomporta.com\/es\/las-villas-de-comporta-portugal-historia-y-estilo\/#article","isPartOf":{"@id":"https:\/\/espiritodacomporta.com\/es\/las-villas-de-comporta-portugal-historia-y-estilo\/"},"author":{"name":"Charline Noblet","@id":"https:\/\/espiritodacomporta.com\/es\/#\/schema\/person\/6e1c66cf1c46ee5b2e07e9b72600eaee"},"headline":"Las villas de Comporta, Portugal. Historia y estilo","datePublished":"2019-11-15T14:26:57+00:00","dateModified":"2026-02-06T10:36:05+00:00","mainEntityOfPage":{"@id":"https:\/\/espiritodacomporta.com\/es\/las-villas-de-comporta-portugal-historia-y-estilo\/"},"wordCount":1593,"commentCount":0,"publisher":{"@id":"https:\/\/espiritodacomporta.com\/es\/#organization"},"image":{"@id":"https:\/\/espiritodacomporta.com\/es\/las-villas-de-comporta-portugal-historia-y-estilo\/#primaryimage"},"thumbnailUrl":"https:\/\/espiritodacomporta.com\/app\/uploads\/2019\/07\/campo-maison-horiz-15-1.jpg","articleSection":["Buscando la belleza"],"inLanguage":"es","potentialAction":[{"@type":"CommentAction","name":"Comment","target":["https:\/\/espiritodacomporta.com\/es\/las-villas-de-comporta-portugal-historia-y-estilo\/#respond"]}]},{"@type":"WebPage","@id":"https:\/\/espiritodacomporta.com\/es\/las-villas-de-comporta-portugal-historia-y-estilo\/","url":"https:\/\/espiritodacomporta.com\/es\/las-villas-de-comporta-portugal-historia-y-estilo\/","name":"Villas Comporta, Portugal - Historia, Estilo y Decoraci\u00f3n","isPartOf":{"@id":"https:\/\/espiritodacomporta.com\/es\/#website"},"primaryImageOfPage":{"@id":"https:\/\/espiritodacomporta.com\/es\/las-villas-de-comporta-portugal-historia-y-estilo\/#primaryimage"},"image":{"@id":"https:\/\/espiritodacomporta.com\/es\/las-villas-de-comporta-portugal-historia-y-estilo\/#primaryimage"},"thumbnailUrl":"https:\/\/espiritodacomporta.com\/app\/uploads\/2019\/07\/campo-maison-horiz-15-1.jpg","datePublished":"2019-11-15T14:26:57+00:00","dateModified":"2026-02-06T10:36:05+00:00","description":"Descubra los secretos de las villas de Comporta, que destacan regularmente por su arquitectura \u00fanica y su apertura a la naturaleza.","breadcrumb":{"@id":"https:\/\/espiritodacomporta.com\/es\/las-villas-de-comporta-portugal-historia-y-estilo\/#breadcrumb"},"inLanguage":"es","potentialAction":[{"@type":"ReadAction","target":["https:\/\/espiritodacomporta.com\/es\/las-villas-de-comporta-portugal-historia-y-estilo\/"]}]},{"@type":"ImageObject","inLanguage":"es","@id":"https:\/\/espiritodacomporta.com\/es\/las-villas-de-comporta-portugal-historia-y-estilo\/#primaryimage","url":"https:\/\/espiritodacomporta.com\/app\/uploads\/2019\/07\/campo-maison-horiz-15-1.jpg","contentUrl":"https:\/\/espiritodacomporta.com\/app\/uploads\/2019\/07\/campo-maison-horiz-15-1.jpg","width":1400,"height":729,"caption":"comporta villas"},{"@type":"BreadcrumbList","@id":"https:\/\/espiritodacomporta.com\/es\/las-villas-de-comporta-portugal-historia-y-estilo\/#breadcrumb","itemListElement":[{"@type":"ListItem","position":1,"name":"Home","item":"https:\/\/espiritodacomporta.com\/es\/"},{"@type":"ListItem","position":2,"name":"Descubre Comporta","item":"https:\/\/espiritodacomporta.com\/es\/category\/descubre-comporta\/"},{"@type":"ListItem","position":3,"name":"Buscando la belleza","item":"https:\/\/espiritodacomporta.com\/es\/category\/descubre-comporta\/buscando-la-belleza\/"},{"@type":"ListItem","position":4,"name":"Las villas de Comporta, Portugal. Historia y estilo"}]},{"@type":"WebSite","@id":"https:\/\/espiritodacomporta.com\/es\/#website","url":"https:\/\/espiritodacomporta.com\/es\/","name":"Live & Feel Comporta Portugal","description":"","publisher":{"@id":"https:\/\/espiritodacomporta.com\/es\/#organization"},"potentialAction":[{"@type":"SearchAction","target":{"@type":"EntryPoint","urlTemplate":"https:\/\/espiritodacomporta.com\/es\/?s={search_term_string}"},"query-input":{"@type":"PropertyValueSpecification","valueRequired":true,"valueName":"search_term_string"}}],"inLanguage":"es"},{"@type":"Organization","@id":"https:\/\/espiritodacomporta.com\/es\/#organization","name":"Espirito da Comporta","url":"https:\/\/espiritodacomporta.com\/es\/","logo":{"@type":"ImageObject","inLanguage":"es","@id":"https:\/\/espiritodacomporta.com\/es\/#\/schema\/logo\/image\/","url":"https:\/\/espiritodacomporta.com\/app\/uploads\/2023\/09\/LOGO-SIGNATURE@4x.png","contentUrl":"https:\/\/espiritodacomporta.com\/app\/uploads\/2023\/09\/LOGO-SIGNATURE@4x.png","width":321,"height":385,"caption":"Espirito da Comporta"},"image":{"@id":"https:\/\/espiritodacomporta.com\/es\/#\/schema\/logo\/image\/"},"sameAs":["https:\/\/www.instagram.com\/almadacomporta\/"]},{"@type":"Person","@id":"https:\/\/espiritodacomporta.com\/es\/#\/schema\/person\/6e1c66cf1c46ee5b2e07e9b72600eaee","name":"Charline Noblet","image":{"@type":"ImageObject","inLanguage":"es","@id":"https:\/\/secure.gravatar.com\/avatar\/1cb8650c0f3cd8a96e31ebc41d5472b4785cb7753c9d361dbcb6ffc123643350?s=96&d=mm&r=g","url":"https:\/\/secure.gravatar.com\/avatar\/1cb8650c0f3cd8a96e31ebc41d5472b4785cb7753c9d361dbcb6ffc123643350?s=96&d=mm&r=g","contentUrl":"https:\/\/secure.gravatar.com\/avatar\/1cb8650c0f3cd8a96e31ebc41d5472b4785cb7753c9d361dbcb6ffc123643350?s=96&d=mm&r=g","caption":"Charline Noblet"}}]}},"jetpack_featured_media_url":"https:\/\/espiritodacomporta.com\/app\/uploads\/2019\/07\/campo-maison-horiz-15-1.jpg","_links":{"self":[{"href":"https:\/\/espiritodacomporta.com\/es\/wp-json\/wp\/v2\/posts\/8642","targetHints":{"allow":["GET"]}}],"collection":[{"href":"https:\/\/espiritodacomporta.com\/es\/wp-json\/wp\/v2\/posts"}],"about":[{"href":"https:\/\/espiritodacomporta.com\/es\/wp-json\/wp\/v2\/types\/post"}],"author":[{"embeddable":true,"href":"https:\/\/espiritodacomporta.com\/es\/wp-json\/wp\/v2\/users\/2"}],"replies":[{"embeddable":true,"href":"https:\/\/espiritodacomporta.com\/es\/wp-json\/wp\/v2\/comments?post=8642"}],"version-history":[{"count":1,"href":"https:\/\/espiritodacomporta.com\/es\/wp-json\/wp\/v2\/posts\/8642\/revisions"}],"predecessor-version":[{"id":98939,"href":"https:\/\/espiritodacomporta.com\/es\/wp-json\/wp\/v2\/posts\/8642\/revisions\/98939"}],"wp:featuredmedia":[{"embeddable":true,"href":"https:\/\/espiritodacomporta.com\/es\/wp-json\/wp\/v2\/media\/1969"}],"wp:attachment":[{"href":"https:\/\/espiritodacomporta.com\/es\/wp-json\/wp\/v2\/media?parent=8642"}],"wp:term":[{"taxonomy":"category","embeddable":true,"href":"https:\/\/espiritodacomporta.com\/es\/wp-json\/wp\/v2\/categories?post=8642"},{"taxonomy":"post_tag","embeddable":true,"href":"https:\/\/espiritodacomporta.com\/es\/wp-json\/wp\/v2\/tags?post=8642"}],"curies":[{"name":"wp","href":"https:\/\/api.w.org\/{rel}","templated":true}]}}