{"id":99391,"date":"2026-02-06T12:58:14","date_gmt":"2026-02-06T10:58:14","guid":{"rendered":"https:\/\/espiritodacomporta.com\/paseos-en-globo-en-alentejo\/"},"modified":"2026-02-06T12:58:18","modified_gmt":"2026-02-06T10:58:18","slug":"paseos-en-globo-en-alentejo","status":"publish","type":"post","link":"https:\/\/espiritodacomporta.com\/es\/paseos-en-globo-en-alentejo\/","title":{"rendered":"Paseos en globo en Alentejo"},"content":{"rendered":"\n<p>El Alentejo es una regi\u00f3n magn\u00edfica. Los paisajes son muy variados y admirarlos desde el cielo los hace a\u00fan m\u00e1s incre\u00edbles.   <\/p>\n\n<p>Durante su estancia en <a href=\"https:\/\/espiritodacomporta.com\/es\/\">Comporta<\/a>, realice un vuelo en globo aerost\u00e1tico sobre esta regi\u00f3n que ofrece unas vistas impresionantes. A la deriva con la brisa, podr\u00e1 admirar las casas encaladas de Alc\u00e1cer do Sal, las aguas del r\u00edo Sado, el pueblo medieval de Monsaraz al sur, la extensi\u00f3n de agua de la presa de Alqueva y las iglesias de \u00c9vora. <\/p>\n\n<p>Un vuelo al amanecer o al atardecer aumenta la magia del momento. El silencio reina en el cielo y el mundo parece m\u00e1s bello. La tranquilidad es absoluta, casi irreal. S\u00f3lo la interrumpe el rugido de las llamas del quemador.     <\/p>\n\n<p>Puede disfrutar de esta incre\u00edble experiencia durante un vuelo exclusivo para dos personas o en un grupo m\u00e1s grande con sus amigos (hasta 20 personas). Este sue\u00f1o se encuentra a un corto trayecto en coche desde Comporta. Puede, por ejemplo, volar con Windpassanger (Alc\u00e1cer do Sal) o Herdade dos Grous (Beja). As\u00ed que, \u00a1no duden en traer un poco de magia a sus vidas!   <\/p>\n\n<p><strong>Contactos<\/strong><br\/>Windpassenger<br\/><a href=\"https:\/\/www.windpassenger.pt\/\">www.windpassenger.pt<\/a> \/ +351 243 660 006 \/ geral@windpassenger.pt<\/p>\n","protected":false},"excerpt":{"rendered":"<p>El Alentejo es una regi\u00f3n magn\u00edfica. Los paisajes son muy variados y admirarlos desde el cielo los hace a\u00fan m\u00e1s incre\u00edbles. Durante su estancia en Comporta, realice un vuelo en globo aerost\u00e1tico sobre esta regi\u00f3n que ofrece unas vistas impresionantes. A la deriva con la brisa, podr\u00e1 admirar las casas encaladas de Alc\u00e1cer do Sal, <\/p>\n<div class=\"goto\"><a href=\"https:\/\/espiritodacomporta.com\/es\/paseos-en-globo-en-alentejo\/\">Leer m\u00e1s<\/a><\/div>\n","protected":false},"author":2,"featured_media":5295,"comment_status":"open","ping_status":"open","sticky":false,"template":"","format":"standard","meta":{"_acf_changed":false,"inline_featured_image":false,"footnotes":""},"categories":[1796],"tags":[],"class_list":["post-99391","post","type-post","status-publish","format-standard","has-post-thumbnail","hentry","category-libera-tu-mente-y-tu-cuerpo"],"acf":[],"yoast_head":"<!-- This site is optimized with the Yoast SEO Premium plugin v27.2 (Yoast SEO v27.2) - https:\/\/yoast.com\/product\/yoast-seo-premium-wordpress\/ -->\n<title>Comporta Portugal - Organice su vuelo en globo aerost\u00e1tico<\/title>\n<meta name=\"description\" content=\"Un vuelo en globo aerost\u00e1tico sobre Comporta, en la bella regi\u00f3n portuguesa del Alentejo, ofrece unas vistas impresionantes. \u00a1Un momento m\u00e1gico!\" \/>\n<meta name=\"robots\" content=\"index, follow, max-snippet:-1, max-image-preview:large, max-video-preview:-1\" \/>\n<link rel=\"canonical\" href=\"https:\/\/espiritodacomporta.com\/es\/paseos-en-globo-en-alentejo\/\" \/>\n<meta property=\"og:locale\" content=\"es_ES\" \/>\n<meta property=\"og:type\" content=\"article\" \/>\n<meta property=\"og:title\" content=\"Paseos en globo en Alentejo\" \/>\n<meta property=\"og:description\" content=\"Un vuelo en globo aerost\u00e1tico sobre Comporta, en la bella regi\u00f3n portuguesa del Alentejo, ofrece unas vistas impresionantes. \u00a1Un momento m\u00e1gico!\" \/>\n<meta property=\"og:url\" content=\"https:\/\/espiritodacomporta.com\/es\/paseos-en-globo-en-alentejo\/\" \/>\n<meta property=\"og:site_name\" content=\"Live &amp; Feel Comporta Portugal\" \/>\n<meta property=\"article:published_time\" content=\"2026-02-06T10:58:14+00:00\" \/>\n<meta property=\"article:modified_time\" content=\"2026-02-06T10:58:18+00:00\" \/>\n<meta property=\"og:image\" content=\"https:\/\/espiritodacomporta.com\/app\/uploads\/2019\/01\/2018-08-23-11.37.47-e1559048725803.jpg\" \/>\n\t<meta property=\"og:image:width\" content=\"1180\" \/>\n\t<meta property=\"og:image:height\" content=\"664\" \/>\n\t<meta property=\"og:image:type\" content=\"image\/jpeg\" \/>\n<meta name=\"author\" content=\"Charline Noblet\" \/>\n<meta name=\"twitter:card\" content=\"summary_large_image\" \/>\n<meta name=\"twitter:label1\" content=\"Escrito por\" \/>\n\t<meta name=\"twitter:data1\" content=\"Charline Noblet\" \/>\n\t<meta name=\"twitter:label2\" content=\"Tiempo de lectura\" \/>\n\t<meta name=\"twitter:data2\" content=\"1 minuto\" \/>\n<script type=\"application\/ld+json\" class=\"yoast-schema-graph\">{\"@context\":\"https:\/\/schema.org\",\"@graph\":[{\"@type\":\"Article\",\"@id\":\"https:\/\/espiritodacomporta.com\/es\/paseos-en-globo-en-alentejo\/#article\",\"isPartOf\":{\"@id\":\"https:\/\/espiritodacomporta.com\/es\/paseos-en-globo-en-alentejo\/\"},\"author\":{\"name\":\"Charline Noblet\",\"@id\":\"https:\/\/espiritodacomporta.com\/es\/#\/schema\/person\/6e1c66cf1c46ee5b2e07e9b72600eaee\"},\"headline\":\"Paseos en globo en Alentejo\",\"datePublished\":\"2026-02-06T10:58:14+00:00\",\"dateModified\":\"2026-02-06T10:58:18+00:00\",\"mainEntityOfPage\":{\"@id\":\"https:\/\/espiritodacomporta.com\/es\/paseos-en-globo-en-alentejo\/\"},\"wordCount\":213,\"commentCount\":0,\"publisher\":{\"@id\":\"https:\/\/espiritodacomporta.com\/es\/#organization\"},\"image\":{\"@id\":\"https:\/\/espiritodacomporta.com\/es\/paseos-en-globo-en-alentejo\/#primaryimage\"},\"thumbnailUrl\":\"https:\/\/espiritodacomporta.com\/app\/uploads\/2019\/01\/2018-08-23-11.37.47-e1559048725803.jpg\",\"articleSection\":[\"Libera tu mente y tu cuerpo\"],\"inLanguage\":\"es\",\"potentialAction\":[{\"@type\":\"CommentAction\",\"name\":\"Comment\",\"target\":[\"https:\/\/espiritodacomporta.com\/es\/paseos-en-globo-en-alentejo\/#respond\"]}]},{\"@type\":\"WebPage\",\"@id\":\"https:\/\/espiritodacomporta.com\/es\/paseos-en-globo-en-alentejo\/\",\"url\":\"https:\/\/espiritodacomporta.com\/es\/paseos-en-globo-en-alentejo\/\",\"name\":\"Comporta Portugal - Organice su vuelo en globo aerost\u00e1tico\",\"isPartOf\":{\"@id\":\"https:\/\/espiritodacomporta.com\/es\/#website\"},\"primaryImageOfPage\":{\"@id\":\"https:\/\/espiritodacomporta.com\/es\/paseos-en-globo-en-alentejo\/#primaryimage\"},\"image\":{\"@id\":\"https:\/\/espiritodacomporta.com\/es\/paseos-en-globo-en-alentejo\/#primaryimage\"},\"thumbnailUrl\":\"https:\/\/espiritodacomporta.com\/app\/uploads\/2019\/01\/2018-08-23-11.37.47-e1559048725803.jpg\",\"datePublished\":\"2026-02-06T10:58:14+00:00\",\"dateModified\":\"2026-02-06T10:58:18+00:00\",\"description\":\"Un vuelo en globo aerost\u00e1tico sobre Comporta, en la bella regi\u00f3n portuguesa del Alentejo, ofrece unas vistas impresionantes. \u00a1Un momento m\u00e1gico!\",\"breadcrumb\":{\"@id\":\"https:\/\/espiritodacomporta.com\/es\/paseos-en-globo-en-alentejo\/#breadcrumb\"},\"inLanguage\":\"es\",\"potentialAction\":[{\"@type\":\"ReadAction\",\"target\":[\"https:\/\/espiritodacomporta.com\/es\/paseos-en-globo-en-alentejo\/\"]}]},{\"@type\":\"ImageObject\",\"inLanguage\":\"es\",\"@id\":\"https:\/\/espiritodacomporta.com\/es\/paseos-en-globo-en-alentejo\/#primaryimage\",\"url\":\"https:\/\/espiritodacomporta.com\/app\/uploads\/2019\/01\/2018-08-23-11.37.47-e1559048725803.jpg\",\"contentUrl\":\"https:\/\/espiritodacomporta.com\/app\/uploads\/2019\/01\/2018-08-23-11.37.47-e1559048725803.jpg\",\"width\":1180,\"height\":664,\"caption\":\"DCIM100MEDIADJI_0142.JPG\"},{\"@type\":\"BreadcrumbList\",\"@id\":\"https:\/\/espiritodacomporta.com\/es\/paseos-en-globo-en-alentejo\/#breadcrumb\",\"itemListElement\":[{\"@type\":\"ListItem\",\"position\":1,\"name\":\"Home\",\"item\":\"https:\/\/espiritodacomporta.com\/es\/\"},{\"@type\":\"ListItem\",\"position\":2,\"name\":\"Sin categorizar\",\"item\":\"https:\/\/espiritodacomporta.com\/es\/category\/sin-categorizar\/\"},{\"@type\":\"ListItem\",\"position\":3,\"name\":\"Paseos en globo en Alentejo\"}]},{\"@type\":\"WebSite\",\"@id\":\"https:\/\/espiritodacomporta.com\/es\/#website\",\"url\":\"https:\/\/espiritodacomporta.com\/es\/\",\"name\":\"Live & Feel Comporta Portugal\",\"description\":\"\",\"publisher\":{\"@id\":\"https:\/\/espiritodacomporta.com\/es\/#organization\"},\"potentialAction\":[{\"@type\":\"SearchAction\",\"target\":{\"@type\":\"EntryPoint\",\"urlTemplate\":\"https:\/\/espiritodacomporta.com\/es\/?s={search_term_string}\"},\"query-input\":{\"@type\":\"PropertyValueSpecification\",\"valueRequired\":true,\"valueName\":\"search_term_string\"}}],\"inLanguage\":\"es\"},{\"@type\":\"Organization\",\"@id\":\"https:\/\/espiritodacomporta.com\/es\/#organization\",\"name\":\"Espirito da Comporta\",\"url\":\"https:\/\/espiritodacomporta.com\/es\/\",\"logo\":{\"@type\":\"ImageObject\",\"inLanguage\":\"es\",\"@id\":\"https:\/\/espiritodacomporta.com\/es\/#\/schema\/logo\/image\/\",\"url\":\"https:\/\/espiritodacomporta.com\/app\/uploads\/2023\/09\/LOGO-SIGNATURE@4x.png\",\"contentUrl\":\"https:\/\/espiritodacomporta.com\/app\/uploads\/2023\/09\/LOGO-SIGNATURE@4x.png\",\"width\":321,\"height\":385,\"caption\":\"Espirito da Comporta\"},\"image\":{\"@id\":\"https:\/\/espiritodacomporta.com\/es\/#\/schema\/logo\/image\/\"},\"sameAs\":[\"https:\/\/www.instagram.com\/almadacomporta\/\"]},{\"@type\":\"Person\",\"@id\":\"https:\/\/espiritodacomporta.com\/es\/#\/schema\/person\/6e1c66cf1c46ee5b2e07e9b72600eaee\",\"name\":\"Charline Noblet\",\"image\":{\"@type\":\"ImageObject\",\"inLanguage\":\"es\",\"@id\":\"https:\/\/secure.gravatar.com\/avatar\/1cb8650c0f3cd8a96e31ebc41d5472b4785cb7753c9d361dbcb6ffc123643350?s=96&d=mm&r=g\",\"url\":\"https:\/\/secure.gravatar.com\/avatar\/1cb8650c0f3cd8a96e31ebc41d5472b4785cb7753c9d361dbcb6ffc123643350?s=96&d=mm&r=g\",\"contentUrl\":\"https:\/\/secure.gravatar.com\/avatar\/1cb8650c0f3cd8a96e31ebc41d5472b4785cb7753c9d361dbcb6ffc123643350?s=96&d=mm&r=g\",\"caption\":\"Charline Noblet\"}}]}<\/script>\n<!-- \/ Yoast SEO Premium plugin. -->","yoast_head_json":{"title":"Comporta Portugal - Organice su vuelo en globo aerost\u00e1tico","description":"Un vuelo en globo aerost\u00e1tico sobre Comporta, en la bella regi\u00f3n portuguesa del Alentejo, ofrece unas vistas impresionantes. \u00a1Un momento m\u00e1gico!","robots":{"index":"index","follow":"follow","max-snippet":"max-snippet:-1","max-image-preview":"max-image-preview:large","max-video-preview":"max-video-preview:-1"},"canonical":"https:\/\/espiritodacomporta.com\/es\/paseos-en-globo-en-alentejo\/","og_locale":"es_ES","og_type":"article","og_title":"Paseos en globo en Alentejo","og_description":"Un vuelo en globo aerost\u00e1tico sobre Comporta, en la bella regi\u00f3n portuguesa del Alentejo, ofrece unas vistas impresionantes. \u00a1Un momento m\u00e1gico!","og_url":"https:\/\/espiritodacomporta.com\/es\/paseos-en-globo-en-alentejo\/","og_site_name":"Live &amp; Feel Comporta Portugal","article_published_time":"2026-02-06T10:58:14+00:00","article_modified_time":"2026-02-06T10:58:18+00:00","og_image":[{"width":1180,"height":664,"url":"https:\/\/espiritodacomporta.com\/app\/uploads\/2019\/01\/2018-08-23-11.37.47-e1559048725803.jpg","type":"image\/jpeg"}],"author":"Charline Noblet","twitter_card":"summary_large_image","twitter_misc":{"Escrito por":"Charline Noblet","Tiempo de lectura":"1 minuto"},"schema":{"@context":"https:\/\/schema.org","@graph":[{"@type":"Article","@id":"https:\/\/espiritodacomporta.com\/es\/paseos-en-globo-en-alentejo\/#article","isPartOf":{"@id":"https:\/\/espiritodacomporta.com\/es\/paseos-en-globo-en-alentejo\/"},"author":{"name":"Charline Noblet","@id":"https:\/\/espiritodacomporta.com\/es\/#\/schema\/person\/6e1c66cf1c46ee5b2e07e9b72600eaee"},"headline":"Paseos en globo en Alentejo","datePublished":"2026-02-06T10:58:14+00:00","dateModified":"2026-02-06T10:58:18+00:00","mainEntityOfPage":{"@id":"https:\/\/espiritodacomporta.com\/es\/paseos-en-globo-en-alentejo\/"},"wordCount":213,"commentCount":0,"publisher":{"@id":"https:\/\/espiritodacomporta.com\/es\/#organization"},"image":{"@id":"https:\/\/espiritodacomporta.com\/es\/paseos-en-globo-en-alentejo\/#primaryimage"},"thumbnailUrl":"https:\/\/espiritodacomporta.com\/app\/uploads\/2019\/01\/2018-08-23-11.37.47-e1559048725803.jpg","articleSection":["Libera tu mente y tu cuerpo"],"inLanguage":"es","potentialAction":[{"@type":"CommentAction","name":"Comment","target":["https:\/\/espiritodacomporta.com\/es\/paseos-en-globo-en-alentejo\/#respond"]}]},{"@type":"WebPage","@id":"https:\/\/espiritodacomporta.com\/es\/paseos-en-globo-en-alentejo\/","url":"https:\/\/espiritodacomporta.com\/es\/paseos-en-globo-en-alentejo\/","name":"Comporta Portugal - Organice su vuelo en globo aerost\u00e1tico","isPartOf":{"@id":"https:\/\/espiritodacomporta.com\/es\/#website"},"primaryImageOfPage":{"@id":"https:\/\/espiritodacomporta.com\/es\/paseos-en-globo-en-alentejo\/#primaryimage"},"image":{"@id":"https:\/\/espiritodacomporta.com\/es\/paseos-en-globo-en-alentejo\/#primaryimage"},"thumbnailUrl":"https:\/\/espiritodacomporta.com\/app\/uploads\/2019\/01\/2018-08-23-11.37.47-e1559048725803.jpg","datePublished":"2026-02-06T10:58:14+00:00","dateModified":"2026-02-06T10:58:18+00:00","description":"Un vuelo en globo aerost\u00e1tico sobre Comporta, en la bella regi\u00f3n portuguesa del Alentejo, ofrece unas vistas impresionantes. \u00a1Un momento m\u00e1gico!","breadcrumb":{"@id":"https:\/\/espiritodacomporta.com\/es\/paseos-en-globo-en-alentejo\/#breadcrumb"},"inLanguage":"es","potentialAction":[{"@type":"ReadAction","target":["https:\/\/espiritodacomporta.com\/es\/paseos-en-globo-en-alentejo\/"]}]},{"@type":"ImageObject","inLanguage":"es","@id":"https:\/\/espiritodacomporta.com\/es\/paseos-en-globo-en-alentejo\/#primaryimage","url":"https:\/\/espiritodacomporta.com\/app\/uploads\/2019\/01\/2018-08-23-11.37.47-e1559048725803.jpg","contentUrl":"https:\/\/espiritodacomporta.com\/app\/uploads\/2019\/01\/2018-08-23-11.37.47-e1559048725803.jpg","width":1180,"height":664,"caption":"DCIM100MEDIADJI_0142.JPG"},{"@type":"BreadcrumbList","@id":"https:\/\/espiritodacomporta.com\/es\/paseos-en-globo-en-alentejo\/#breadcrumb","itemListElement":[{"@type":"ListItem","position":1,"name":"Home","item":"https:\/\/espiritodacomporta.com\/es\/"},{"@type":"ListItem","position":2,"name":"Sin categorizar","item":"https:\/\/espiritodacomporta.com\/es\/category\/sin-categorizar\/"},{"@type":"ListItem","position":3,"name":"Paseos en globo en Alentejo"}]},{"@type":"WebSite","@id":"https:\/\/espiritodacomporta.com\/es\/#website","url":"https:\/\/espiritodacomporta.com\/es\/","name":"Live & Feel Comporta Portugal","description":"","publisher":{"@id":"https:\/\/espiritodacomporta.com\/es\/#organization"},"potentialAction":[{"@type":"SearchAction","target":{"@type":"EntryPoint","urlTemplate":"https:\/\/espiritodacomporta.com\/es\/?s={search_term_string}"},"query-input":{"@type":"PropertyValueSpecification","valueRequired":true,"valueName":"search_term_string"}}],"inLanguage":"es"},{"@type":"Organization","@id":"https:\/\/espiritodacomporta.com\/es\/#organization","name":"Espirito da Comporta","url":"https:\/\/espiritodacomporta.com\/es\/","logo":{"@type":"ImageObject","inLanguage":"es","@id":"https:\/\/espiritodacomporta.com\/es\/#\/schema\/logo\/image\/","url":"https:\/\/espiritodacomporta.com\/app\/uploads\/2023\/09\/LOGO-SIGNATURE@4x.png","contentUrl":"https:\/\/espiritodacomporta.com\/app\/uploads\/2023\/09\/LOGO-SIGNATURE@4x.png","width":321,"height":385,"caption":"Espirito da Comporta"},"image":{"@id":"https:\/\/espiritodacomporta.com\/es\/#\/schema\/logo\/image\/"},"sameAs":["https:\/\/www.instagram.com\/almadacomporta\/"]},{"@type":"Person","@id":"https:\/\/espiritodacomporta.com\/es\/#\/schema\/person\/6e1c66cf1c46ee5b2e07e9b72600eaee","name":"Charline Noblet","image":{"@type":"ImageObject","inLanguage":"es","@id":"https:\/\/secure.gravatar.com\/avatar\/1cb8650c0f3cd8a96e31ebc41d5472b4785cb7753c9d361dbcb6ffc123643350?s=96&d=mm&r=g","url":"https:\/\/secure.gravatar.com\/avatar\/1cb8650c0f3cd8a96e31ebc41d5472b4785cb7753c9d361dbcb6ffc123643350?s=96&d=mm&r=g","contentUrl":"https:\/\/secure.gravatar.com\/avatar\/1cb8650c0f3cd8a96e31ebc41d5472b4785cb7753c9d361dbcb6ffc123643350?s=96&d=mm&r=g","caption":"Charline Noblet"}}]}},"jetpack_featured_media_url":"https:\/\/espiritodacomporta.com\/app\/uploads\/2019\/01\/2018-08-23-11.37.47-e1559048725803.jpg","_links":{"self":[{"href":"https:\/\/espiritodacomporta.com\/es\/wp-json\/wp\/v2\/posts\/99391","targetHints":{"allow":["GET"]}}],"collection":[{"href":"https:\/\/espiritodacomporta.com\/es\/wp-json\/wp\/v2\/posts"}],"about":[{"href":"https:\/\/espiritodacomporta.com\/es\/wp-json\/wp\/v2\/types\/post"}],"author":[{"embeddable":true,"href":"https:\/\/espiritodacomporta.com\/es\/wp-json\/wp\/v2\/users\/2"}],"replies":[{"embeddable":true,"href":"https:\/\/espiritodacomporta.com\/es\/wp-json\/wp\/v2\/comments?post=99391"}],"version-history":[{"count":1,"href":"https:\/\/espiritodacomporta.com\/es\/wp-json\/wp\/v2\/posts\/99391\/revisions"}],"predecessor-version":[{"id":99392,"href":"https:\/\/espiritodacomporta.com\/es\/wp-json\/wp\/v2\/posts\/99391\/revisions\/99392"}],"wp:featuredmedia":[{"embeddable":true,"href":"https:\/\/espiritodacomporta.com\/es\/wp-json\/wp\/v2\/media\/5295"}],"wp:attachment":[{"href":"https:\/\/espiritodacomporta.com\/es\/wp-json\/wp\/v2\/media?parent=99391"}],"wp:term":[{"taxonomy":"category","embeddable":true,"href":"https:\/\/espiritodacomporta.com\/es\/wp-json\/wp\/v2\/categories?post=99391"},{"taxonomy":"post_tag","embeddable":true,"href":"https:\/\/espiritodacomporta.com\/es\/wp-json\/wp\/v2\/tags?post=99391"}],"curies":[{"name":"wp","href":"https:\/\/api.w.org\/{rel}","templated":true}]}}