{"id":26592,"date":"2022-03-30T15:53:47","date_gmt":"2022-03-30T13:53:47","guid":{"rendered":"https:\/\/espiritodacomporta.com\/?p=26592"},"modified":"2024-04-15T17:46:30","modified_gmt":"2024-04-15T15:46:30","slug":"comporta-souvenir","status":"publish","type":"post","link":"https:\/\/espiritodacomporta.com\/fr\/comporta-souvenir\/","title":{"rendered":"Que ramener de Comporta comme souvenir ?\ufffc"},"content":{"rendered":"\n<p class=\"is-style-text-intro\"><a href=\"https:\/\/espiritodacomporta.com\/fr\/\">Comporta<\/a> est un lieu aux paysages naturels uniques. Un lieu de plus en plus recherch\u00e9 par ceux qui cherchent quelques jours de repos, en Robinson, entre plages et rizi\u00e8res. Comporta est situ\u00e9e dans l&rsquo;Alentejo, une r\u00e9gion au sud du Portugal, \u00e0 une heure et demie de la capitale du pays. L&rsquo;Alentejo est c\u00e9l\u00e8bre pour ses paysages imprenables et abrite une faune et une flore riches.<\/p>\n\n\n<section class=\"homeblocks   \">\n    <section class=\"homeblocks-image \">\n                  <!-- <img decoding=\"async\" src=\"https:\/\/espiritodacomporta.com\/app\/uploads\/2020\/08\/two-pack.jpg\" alt=\"two-pack-melides\"> -->\n          <img decoding=\"async\" width=\"1400\" height=\"933\" src=\"https:\/\/espiritodacomporta.com\/app\/uploads\/2020\/08\/two-pack.jpg\" class=\"attachment-full size-full\" alt=\"two-pack-melides\" loading=\"lazy\" srcset=\"https:\/\/espiritodacomporta.com\/app\/uploads\/2020\/08\/two-pack.jpg 1400w, https:\/\/espiritodacomporta.com\/app\/uploads\/2020\/08\/two-pack-300x200.jpg 300w, https:\/\/espiritodacomporta.com\/app\/uploads\/2020\/08\/two-pack-768x512.jpg 768w, https:\/\/espiritodacomporta.com\/app\/uploads\/2020\/08\/two-pack-1024x682.jpg 1024w\" sizes=\"auto, (max-width: 1400px) 100vw, 1400px\" data-attachment-id=\"15923\" data-permalink=\"https:\/\/espiritodacomporta.com\/fr\/chef-comporta\/two-pack-2\/\" data-orig-file=\"https:\/\/espiritodacomporta.com\/app\/uploads\/2020\/08\/two-pack.jpg\" data-orig-size=\"1400,933\" data-comments-opened=\"0\" data-image-meta=\"{&quot;aperture&quot;:&quot;0&quot;,&quot;credit&quot;:&quot;&quot;,&quot;camera&quot;:&quot;&quot;,&quot;caption&quot;:&quot;&quot;,&quot;created_timestamp&quot;:&quot;0&quot;,&quot;copyright&quot;:&quot;Miguel Guedes Ramos&quot;,&quot;focal_length&quot;:&quot;0&quot;,&quot;iso&quot;:&quot;0&quot;,&quot;shutter_speed&quot;:&quot;0&quot;,&quot;title&quot;:&quot;&quot;,&quot;orientation&quot;:&quot;0&quot;}\" data-image-title=\"two-pack\" data-image-description=\"\" data-image-caption=\"\" data-medium-file=\"https:\/\/espiritodacomporta.com\/app\/uploads\/2020\/08\/two-pack-300x200.jpg\" data-large-file=\"https:\/\/espiritodacomporta.com\/app\/uploads\/2020\/08\/two-pack-1024x682.jpg\" \/>\n            <\/section>\n    <section class=\"homeblocks-content\">\n        <div class=\"homeblocks-content-inside\">\n            <h3 id=\"h-alimentation\" class=\"wp-block-heading\" style=\"text-align: left;\">Alimentation<\/h3>\n<p style=\"text-align: left;\"><!-- \/wp:heading --> <!-- wp:paragraph --><\/p>\n<p style=\"text-align: left;\">La nourriture est ax\u00e9e sur la viande de porc, le poisson frais et les fruits de mer. Parmi les plats typiques, on peut citer la carne de porco \u00e1 Alentejana, l&rsquo;a\u00e7orda de ambas, l&rsquo;ensopado de borrego, et beaucoup d&rsquo;autres encore! L&rsquo;Alentejo est une r\u00e9gion de 27 000 kilom\u00e8tres carr\u00e9s, la plus grande r\u00e9gion du Portugal, bien qu&rsquo;elle soit la moins peupl\u00e9e. Une r\u00e9gion avec de nombreux oliviers et un climat \u00e9quilibr\u00e9, elle est \u00e9galement devenue c\u00e9l\u00e8bre pour son vin. Rouge, blanc ou vert ! Certaines marques c\u00e9l\u00e8bres sont reconnues \u00e0 travers le monde pour leur production de qualit\u00e9.<\/p>\n<p><!-- \/wp:paragraph --><\/p>\n\n\n            \n                    <\/div>\n    <\/section>\n<\/section>\n\n\n\n<h3 class=\"wp-block-heading\" id=\"h-\"><\/h3>\n\n\n<section class=\"homeblocks   \">\n    <section class=\"homeblocks-image  homeblocks-right \">\n                  <!-- <img decoding=\"async\" src=\"https:\/\/espiritodacomporta.com\/app\/uploads\/2023\/08\/comporta3.webp\" alt=\"comporta_Cork_tree\"> -->\n          <img decoding=\"async\" width=\"2016\" height=\"1512\" src=\"https:\/\/espiritodacomporta.com\/app\/uploads\/2023\/08\/comporta3.webp\" class=\"attachment-full size-full\" alt=\"comporta_Cork_tree\" loading=\"lazy\" srcset=\"https:\/\/espiritodacomporta.com\/app\/uploads\/2023\/08\/comporta3.webp 2016w, https:\/\/espiritodacomporta.com\/app\/uploads\/2023\/08\/comporta3-300x225.webp 300w, https:\/\/espiritodacomporta.com\/app\/uploads\/2023\/08\/comporta3-768x576.webp 768w, https:\/\/espiritodacomporta.com\/app\/uploads\/2023\/08\/comporta3-1024x768.webp 1024w, https:\/\/espiritodacomporta.com\/app\/uploads\/2023\/08\/comporta3-1536x1152.webp 1536w\" sizes=\"auto, (max-width: 2016px) 100vw, 2016px\" data-attachment-id=\"53738\" data-permalink=\"https:\/\/espiritodacomporta.com\/fr\/comporta-ideal-pour-se-detendre\/comporta3-2\/\" data-orig-file=\"https:\/\/espiritodacomporta.com\/app\/uploads\/2023\/08\/comporta3.webp\" data-orig-size=\"2016,1512\" data-comments-opened=\"0\" data-image-meta=\"{&quot;aperture&quot;:&quot;0&quot;,&quot;credit&quot;:&quot;&quot;,&quot;camera&quot;:&quot;&quot;,&quot;caption&quot;:&quot;&quot;,&quot;created_timestamp&quot;:&quot;0&quot;,&quot;copyright&quot;:&quot;&quot;,&quot;focal_length&quot;:&quot;0&quot;,&quot;iso&quot;:&quot;0&quot;,&quot;shutter_speed&quot;:&quot;0&quot;,&quot;title&quot;:&quot;&quot;,&quot;orientation&quot;:&quot;0&quot;}\" data-image-title=\"comporta_Cork_tree\" data-image-description=\"\" data-image-caption=\"\" data-medium-file=\"https:\/\/espiritodacomporta.com\/app\/uploads\/2023\/08\/comporta3-300x225.webp\" data-large-file=\"https:\/\/espiritodacomporta.com\/app\/uploads\/2023\/08\/comporta3-1024x768.webp\" \/>\n            <\/section>\n    <section class=\"homeblocks-content\">\n        <div class=\"homeblocks-content-inside\">\n            <h3 id=\"flore\" class=\"wp-block-heading\" style=\"text-align: left;\">Flore<\/h3>\n<p style=\"text-align: left;\"><!-- \/wp:heading --> <!-- wp:paragraph --><\/p>\n<p style=\"text-align: left;\">Outre les oliviers, le li\u00e8ge (le ch\u00eane-li\u00e8ge de l&rsquo;Alentejo) est l&rsquo;arbre le plus r\u00e9pandu dans la r\u00e9gion. Que ce soit en voiture, \u00e0 v\u00e9lo ou \u00e0 pied, cet arbre est appr\u00e9ci\u00e9 \u00e0 chaque coin de rue. Comme il fait chaud dans l&rsquo;Alentejo, il est tr\u00e8s facile d&rsquo;imaginer des gens sous cet arbre pour \u00e9chapper au soleil br\u00fblant. Et \u00e0 partir de ce produit naturel qu&rsquo;est le li\u00e8ge, tout ce que vous pouvez imaginer est fabriqu\u00e9 : des v\u00eatements aux d\u00e9corations de maison.<\/p>\n<p><!-- \/wp:paragraph --><\/p>\n\n\n            \n                    <\/div>\n    <\/section>\n<\/section>\n\n\n\n<h3 class=\"wp-block-heading\" id=\"flore\"><\/h3>\n\n\n<section class=\"homeblocks   \">\n    <section class=\"homeblocks-image \">\n                  <!-- <img decoding=\"async\" src=\"https:\/\/espiritodacomporta.com\/app\/uploads\/2024\/01\/Flor-de-arroz-livingroom.webp\" alt=\"Flor-de-arroz-livingroom\"> -->\n          <img decoding=\"async\" width=\"1532\" height=\"1010\" src=\"https:\/\/espiritodacomporta.com\/app\/uploads\/2024\/01\/Flor-de-arroz-livingroom.webp\" class=\"attachment-full size-full\" alt=\"Flor-de-arroz-livingroom\" loading=\"lazy\" srcset=\"https:\/\/espiritodacomporta.com\/app\/uploads\/2024\/01\/Flor-de-arroz-livingroom.webp 1532w, https:\/\/espiritodacomporta.com\/app\/uploads\/2024\/01\/Flor-de-arroz-livingroom-300x198.webp 300w, https:\/\/espiritodacomporta.com\/app\/uploads\/2024\/01\/Flor-de-arroz-livingroom-768x506.webp 768w, https:\/\/espiritodacomporta.com\/app\/uploads\/2024\/01\/Flor-de-arroz-livingroom-1024x675.webp 1024w\" sizes=\"auto, (max-width: 1532px) 100vw, 1532px\" data-attachment-id=\"57878\" data-permalink=\"https:\/\/espiritodacomporta.com\/fr\/quand-partir-a-comporta-au-portugal\/flor-de-arroz-livingroom-2\/\" data-orig-file=\"https:\/\/espiritodacomporta.com\/app\/uploads\/2024\/01\/Flor-de-arroz-livingroom.webp\" data-orig-size=\"1532,1010\" data-comments-opened=\"0\" data-image-meta=\"{&quot;aperture&quot;:&quot;0&quot;,&quot;credit&quot;:&quot;&quot;,&quot;camera&quot;:&quot;&quot;,&quot;caption&quot;:&quot;&quot;,&quot;created_timestamp&quot;:&quot;0&quot;,&quot;copyright&quot;:&quot;&quot;,&quot;focal_length&quot;:&quot;0&quot;,&quot;iso&quot;:&quot;0&quot;,&quot;shutter_speed&quot;:&quot;0&quot;,&quot;title&quot;:&quot;&quot;,&quot;orientation&quot;:&quot;0&quot;}\" data-image-title=\"Flor-de-arroz-livingroom\" data-image-description=\"\" data-image-caption=\"\" data-medium-file=\"https:\/\/espiritodacomporta.com\/app\/uploads\/2024\/01\/Flor-de-arroz-livingroom-300x198.webp\" data-large-file=\"https:\/\/espiritodacomporta.com\/app\/uploads\/2024\/01\/Flor-de-arroz-livingroom-1024x675.webp\" \/>\n            <\/section>\n    <section class=\"homeblocks-content\">\n        <div class=\"homeblocks-content-inside\">\n            <h3 style=\"text-align: left;\">L&rsquo;architecture<\/h3>\n<p style=\"text-align: left;\">Des tons blancs, des tons bleus, et des toits de chaume. Que ce soit dans ce village ou dans ses environs, l&rsquo;architecture des <a href=\"https:\/\/espiritodacomporta.com\/fr\/nos-maisons\/\">maisons de Comporta<\/a> cherche \u00e0 maintenir l&rsquo;identit\u00e9 de la r\u00e9gion. Sophistiqu\u00e9es, elles pr\u00e9sentent une architecture lumineuse et ouverte qui, avec son environnement de nature pure, offre un sc\u00e9nario \u00e0 couper le souffle. Beaucoup d&rsquo;entre elles font face aux rizi\u00e8res de la r\u00e9gion et le paysage devient idyllique. La d\u00e9coration ne fait pas exception &#8211; la plupart sont simples mais tr\u00e8s sophistiqu\u00e9es, respectant l&rsquo;identit\u00e9 de la maison\/de la propri\u00e9t\u00e9 et utilisant des pi\u00e8ces artisanales fabriqu\u00e9es dans la r\u00e9gion. De nombreuses pi\u00e8ces sont rustiques, en chaume et en li\u00e8ge, ce qui rend chaque d\u00e9tail unique.<\/p>\n<p><!-- \/wp:paragraph --><\/p>\n\n\n            \n                    <\/div>\n    <\/section>\n<\/section>\n\n\n\n<h3 class=\"wp-block-heading\" id=\"l-architecture\"><\/h3>\n\n\n<section class=\"homeblocks   \">\n    <section class=\"homeblocks-image  homeblocks-right \">\n                  <!-- <img decoding=\"async\" src=\"https:\/\/espiritodacomporta.com\/app\/uploads\/2023\/12\/2023-casas-space-house-118.png\" alt=\"casas-de-arroz\"> -->\n          <img decoding=\"async\" width=\"440\" height=\"295\" src=\"https:\/\/espiritodacomporta.com\/app\/uploads\/2023\/12\/2023-casas-space-house-118.png\" class=\"attachment-full size-full\" alt=\"casas-de-arroz\" loading=\"lazy\" srcset=\"https:\/\/espiritodacomporta.com\/app\/uploads\/2023\/12\/2023-casas-space-house-118.png 440w, https:\/\/espiritodacomporta.com\/app\/uploads\/2023\/12\/2023-casas-space-house-118-300x201.png 300w\" sizes=\"auto, (max-width: 440px) 100vw, 440px\" data-attachment-id=\"56363\" data-permalink=\"https:\/\/espiritodacomporta.com\/fr\/2023-casas-space-house-118-2\/\" data-orig-file=\"https:\/\/espiritodacomporta.com\/app\/uploads\/2023\/12\/2023-casas-space-house-118.png\" data-orig-size=\"440,295\" data-comments-opened=\"0\" data-image-meta=\"{&quot;aperture&quot;:&quot;0&quot;,&quot;credit&quot;:&quot;&quot;,&quot;camera&quot;:&quot;&quot;,&quot;caption&quot;:&quot;&quot;,&quot;created_timestamp&quot;:&quot;0&quot;,&quot;copyright&quot;:&quot;&quot;,&quot;focal_length&quot;:&quot;0&quot;,&quot;iso&quot;:&quot;0&quot;,&quot;shutter_speed&quot;:&quot;0&quot;,&quot;title&quot;:&quot;&quot;,&quot;orientation&quot;:&quot;0&quot;}\" data-image-title=\"casas-de-arroz\" data-image-description=\"\" data-image-caption=\"\" data-medium-file=\"https:\/\/espiritodacomporta.com\/app\/uploads\/2023\/12\/2023-casas-space-house-118-300x201.png\" data-large-file=\"https:\/\/espiritodacomporta.com\/app\/uploads\/2023\/12\/2023-casas-space-house-118.png\" \/>\n            <\/section>\n    <section class=\"homeblocks-content\">\n        <div class=\"homeblocks-content-inside\">\n            <h3 id=\"vetements\" class=\"wp-block-heading\" style=\"text-align: left;\">V\u00eatements<\/h3>\n<p style=\"text-align: left;\"><!-- \/wp:heading --> <!-- wp:paragraph --><\/p>\n<p style=\"text-align: left;\">L&rsquo;Alentejo est g\u00e9n\u00e9ralement chaud en \u00e9t\u00e9, atteignant 30-40 degr\u00e9s, et pour cette raison, les tuniques et robes l\u00e9g\u00e8res sont un excellent choix \u00e0 porter sur le moment ou \u00e0 emporter en souvenir. En hiver, les temp\u00e9ratures baissent un peu plus, selon le village o\u00f9 vous vous trouvez. Les manteaux et les pantoufles chaudes sont apparus en raison de la n\u00e9cessit\u00e9 de rester au chaud. \u00c0 Comporta, la divergence entre les deux saisons est plus douce.<\/p>\n<p><!-- \/wp:paragraph --><\/p>\n\n\n            \n                    <\/div>\n    <\/section>\n<\/section>\n\n\n\n<p><\/p>\n\n\n<section class=\"homeblocks   \">\n    <section class=\"homeblocks-image \">\n                  <!-- <img decoding=\"async\" src=\"https:\/\/espiritodacomporta.com\/app\/uploads\/2023\/04\/2021-09-04-14.42.35-1-scaled.webp\" alt=\"boat_trip_comporta\"> -->\n          <img decoding=\"async\" width=\"2560\" height=\"1920\" src=\"https:\/\/espiritodacomporta.com\/app\/uploads\/2023\/04\/2021-09-04-14.42.35-1-scaled.webp\" class=\"attachment-full size-full\" alt=\"boat_trip_comporta\" loading=\"lazy\" srcset=\"https:\/\/espiritodacomporta.com\/app\/uploads\/2023\/04\/2021-09-04-14.42.35-1-scaled.webp 2560w, https:\/\/espiritodacomporta.com\/app\/uploads\/2023\/04\/2021-09-04-14.42.35-1-300x225.webp 300w, https:\/\/espiritodacomporta.com\/app\/uploads\/2023\/04\/2021-09-04-14.42.35-1-768x576.webp 768w, https:\/\/espiritodacomporta.com\/app\/uploads\/2023\/04\/2021-09-04-14.42.35-1-1024x768.webp 1024w, https:\/\/espiritodacomporta.com\/app\/uploads\/2023\/04\/2021-09-04-14.42.35-1-1536x1152.webp 1536w, https:\/\/espiritodacomporta.com\/app\/uploads\/2023\/04\/2021-09-04-14.42.35-1-2048x1536.webp 2048w\" sizes=\"auto, (max-width: 2560px) 100vw, 2560px\" data-attachment-id=\"50588\" data-permalink=\"https:\/\/espiritodacomporta.com\/fr\/excursion-en-bateau-a-comporta\/2021-09-04-14-42-35\/\" data-orig-file=\"https:\/\/espiritodacomporta.com\/app\/uploads\/2023\/04\/2021-09-04-14.42.35-1-scaled.webp\" data-orig-size=\"2560,1920\" data-comments-opened=\"0\" data-image-meta=\"{&quot;aperture&quot;:&quot;0&quot;,&quot;credit&quot;:&quot;&quot;,&quot;camera&quot;:&quot;&quot;,&quot;caption&quot;:&quot;&quot;,&quot;created_timestamp&quot;:&quot;0&quot;,&quot;copyright&quot;:&quot;&quot;,&quot;focal_length&quot;:&quot;0&quot;,&quot;iso&quot;:&quot;0&quot;,&quot;shutter_speed&quot;:&quot;0&quot;,&quot;title&quot;:&quot;&quot;,&quot;orientation&quot;:&quot;0&quot;}\" data-image-title=\"boat_trip\" data-image-description=\"\" data-image-caption=\"\" data-medium-file=\"https:\/\/espiritodacomporta.com\/app\/uploads\/2023\/04\/2021-09-04-14.42.35-1-300x225.webp\" data-large-file=\"https:\/\/espiritodacomporta.com\/app\/uploads\/2023\/04\/2021-09-04-14.42.35-1-1024x768.webp\" \/>\n            <\/section>\n    <section class=\"homeblocks-content\">\n        <div class=\"homeblocks-content-inside\">\n            <p><!-- wp:heading {\"level\":3} --><\/p>\n<h2 id=\"mais-que-faut-il-apporter\" class=\"wp-block-heading\" style=\"text-align: left;\"><strong>Mais que faut-il apporter ?<\/strong><\/h2>\n<p style=\"text-align: left;\"><!-- \/wp:heading --> <!-- wp:paragraph --><\/p>\n<p style=\"text-align: left;\">Compte tenu de ces facteurs, voici quelques conseils sur ce qu&rsquo;il faut apporter lors de vos vacances aux \u00e9cluses :<\/p>\n<p style=\"text-align: left;\"><!-- \/wp:paragraph --> <!-- wp:paragraph --><\/p>\n<p style=\"text-align: left;\">De la nourriture : Fromages, jambons et saucisses, miel, g\u00e2teaux typiques de l&rsquo;Alentejo, huile d&rsquo;olive, et les vins fantastiques.<\/p>\n<p style=\"text-align: left;\"><!-- \/wp:paragraph --> <!-- wp:paragraph --><\/p>\n<p style=\"text-align: left;\">V\u00eatements : Tuniques, robes d&rsquo;\u00e9t\u00e9, pantoufles artisanales en li\u00e8ge et en fourrure de mouton.<\/p>\n<p style=\"text-align: left;\"><!-- \/wp:paragraph --> <!-- wp:paragraph --><\/p>\n<p style=\"text-align: left;\">Artisanat : Paniers en osier, pi\u00e8ces en li\u00e8ge, chapeaux de paille, couvertures et tapis de l&rsquo;Alentejo, d\u00e9corations en lavande.<\/p>\n<p style=\"text-align: left;\"><!-- \/wp:paragraph --> <!-- wp:paragraph --><\/p>\n<p style=\"text-align: left;\">Rien de tel que d&#8217;emporter un souvenir pour se rappeler plus tard les journ\u00e9es uniques que vous avez pass\u00e9es l\u00e0-bas.<\/p>\n<p><!-- \/wp:paragraph --><\/p>\n\n\n            \n                    <\/div>\n    <\/section>\n<\/section>\n\n\n\n<h3 class=\"wp-block-heading\" id=\"vetements\"><\/h3>\n\n\n\n<h3 class=\"wp-block-heading\" id=\"mais-que-faut-il-apporter\"><\/h3>\n","protected":false},"excerpt":{"rendered":"<p>Comporta est un lieu aux paysages naturels uniques. Un lieu de plus en plus recherch\u00e9 par ceux qui cherchent quelques jours de repos, en Robinson, entre plages et rizi\u00e8res. Comporta est situ\u00e9e dans l&rsquo;Alentejo, une r\u00e9gion au sud du Portugal, \u00e0 une heure et demie de la capitale du pays. L&rsquo;Alentejo est c\u00e9l\u00e8bre pour ses <\/p>\n<div class=\"goto\"><a href=\"https:\/\/espiritodacomporta.com\/fr\/comporta-souvenir\/\">Lire la suite<\/a><\/div>\n","protected":false},"author":7,"featured_media":26576,"comment_status":"open","ping_status":"open","sticky":false,"template":"","format":"standard","meta":{"_acf_changed":false,"inline_featured_image":false,"footnotes":""},"categories":[20,14],"tags":[],"class_list":["post-26592","post","type-post","status-publish","format-standard","has-post-thumbnail","hentry","category-eat-and-drinkfr","category-se-perdre-dans-la-nature"],"acf":[],"yoast_head":"<!-- This site is optimized with the Yoast SEO Premium plugin v27.2 (Yoast SEO v27.2) - https:\/\/yoast.com\/product\/yoast-seo-premium-wordpress\/ -->\n<title>Que ramener comme souvenir de comporta<\/title>\n<meta name=\"description\" content=\"Comporta est une destination pour ceux qui appr\u00e9cient la nature. D\u00e9couvrez ce que vous pouvez apporter comme souvenirs dans la r\u00e9gion.\" \/>\n<meta name=\"robots\" content=\"index, follow, max-snippet:-1, max-image-preview:large, max-video-preview:-1\" \/>\n<link rel=\"canonical\" href=\"https:\/\/espiritodacomporta.com\/fr\/comporta-souvenir\/\" \/>\n<meta property=\"og:locale\" content=\"fr_FR\" \/>\n<meta property=\"og:type\" content=\"article\" \/>\n<meta property=\"og:title\" content=\"Que ramener de Comporta comme souvenir ?\ufffc\" \/>\n<meta property=\"og:description\" content=\"Comporta est une destination pour ceux qui appr\u00e9cient la nature. D\u00e9couvrez ce que vous pouvez apporter comme souvenirs dans la r\u00e9gion.\" \/>\n<meta property=\"og:url\" content=\"https:\/\/espiritodacomporta.com\/fr\/comporta-souvenir\/\" \/>\n<meta property=\"og:site_name\" content=\"Live &amp; Feel Comporta Portugal\" \/>\n<meta property=\"article:published_time\" content=\"2022-03-30T13:53:47+00:00\" \/>\n<meta property=\"article:modified_time\" content=\"2024-04-15T15:46:30+00:00\" \/>\n<meta property=\"og:image\" content=\"https:\/\/espiritodacomporta.com\/app\/uploads\/2022\/03\/corkunits.jpeg\" \/>\n\t<meta property=\"og:image:width\" content=\"1400\" \/>\n\t<meta property=\"og:image:height\" content=\"933\" \/>\n\t<meta property=\"og:image:type\" content=\"image\/jpeg\" \/>\n<meta name=\"author\" content=\"Info\" \/>\n<meta name=\"twitter:card\" content=\"summary_large_image\" \/>\n<meta name=\"twitter:label1\" content=\"\u00c9crit par\" \/>\n\t<meta name=\"twitter:data1\" content=\"Info\" \/>\n\t<meta name=\"twitter:label2\" content=\"Dur\u00e9e de lecture estim\u00e9e\" \/>\n\t<meta name=\"twitter:data2\" content=\"1 minute\" \/>\n<script type=\"application\/ld+json\" class=\"yoast-schema-graph\">{\"@context\":\"https:\/\/schema.org\",\"@graph\":[{\"@type\":\"Article\",\"@id\":\"https:\/\/espiritodacomporta.com\/fr\/comporta-souvenir\/#article\",\"isPartOf\":{\"@id\":\"https:\/\/espiritodacomporta.com\/fr\/comporta-souvenir\/\"},\"author\":{\"name\":\"Info\",\"@id\":\"https:\/\/espiritodacomporta.com\/fr\/#\/schema\/person\/c76d29ce59d104bde14812d3465de878\"},\"headline\":\"Que ramener de Comporta comme souvenir ?\ufffc\",\"datePublished\":\"2022-03-30T13:53:47+00:00\",\"dateModified\":\"2024-04-15T15:46:30+00:00\",\"mainEntityOfPage\":{\"@id\":\"https:\/\/espiritodacomporta.com\/fr\/comporta-souvenir\/\"},\"wordCount\":77,\"commentCount\":0,\"publisher\":{\"@id\":\"https:\/\/espiritodacomporta.com\/fr\/#organization\"},\"image\":{\"@id\":\"https:\/\/espiritodacomporta.com\/fr\/comporta-souvenir\/#primaryimage\"},\"thumbnailUrl\":\"https:\/\/espiritodacomporta.com\/app\/uploads\/2022\/03\/corkunits.jpeg\",\"articleSection\":[\"Boire et manger\",\"Se perdre dans la nature\"],\"inLanguage\":\"fr-FR\",\"potentialAction\":[{\"@type\":\"CommentAction\",\"name\":\"Comment\",\"target\":[\"https:\/\/espiritodacomporta.com\/fr\/comporta-souvenir\/#respond\"]}]},{\"@type\":\"WebPage\",\"@id\":\"https:\/\/espiritodacomporta.com\/fr\/comporta-souvenir\/\",\"url\":\"https:\/\/espiritodacomporta.com\/fr\/comporta-souvenir\/\",\"name\":\"Que ramener comme souvenir de comporta\",\"isPartOf\":{\"@id\":\"https:\/\/espiritodacomporta.com\/fr\/#website\"},\"primaryImageOfPage\":{\"@id\":\"https:\/\/espiritodacomporta.com\/fr\/comporta-souvenir\/#primaryimage\"},\"image\":{\"@id\":\"https:\/\/espiritodacomporta.com\/fr\/comporta-souvenir\/#primaryimage\"},\"thumbnailUrl\":\"https:\/\/espiritodacomporta.com\/app\/uploads\/2022\/03\/corkunits.jpeg\",\"datePublished\":\"2022-03-30T13:53:47+00:00\",\"dateModified\":\"2024-04-15T15:46:30+00:00\",\"description\":\"Comporta est une destination pour ceux qui appr\u00e9cient la nature. D\u00e9couvrez ce que vous pouvez apporter comme souvenirs dans la r\u00e9gion.\",\"breadcrumb\":{\"@id\":\"https:\/\/espiritodacomporta.com\/fr\/comporta-souvenir\/#breadcrumb\"},\"inLanguage\":\"fr-FR\",\"potentialAction\":[{\"@type\":\"ReadAction\",\"target\":[\"https:\/\/espiritodacomporta.com\/fr\/comporta-souvenir\/\"]}]},{\"@type\":\"ImageObject\",\"inLanguage\":\"fr-FR\",\"@id\":\"https:\/\/espiritodacomporta.com\/fr\/comporta-souvenir\/#primaryimage\",\"url\":\"https:\/\/espiritodacomporta.com\/app\/uploads\/2022\/03\/corkunits.jpeg\",\"contentUrl\":\"https:\/\/espiritodacomporta.com\/app\/uploads\/2022\/03\/corkunits.jpeg\",\"width\":1400,\"height\":933},{\"@type\":\"BreadcrumbList\",\"@id\":\"https:\/\/espiritodacomporta.com\/fr\/comporta-souvenir\/#breadcrumb\",\"itemListElement\":[{\"@type\":\"ListItem\",\"position\":1,\"name\":\"Home\",\"item\":\"https:\/\/espiritodacomporta.com\/fr\/\"},{\"@type\":\"ListItem\",\"position\":2,\"name\":\"D\u00e9couvrez Comporta\",\"item\":\"https:\/\/espiritodacomporta.com\/fr\/categorie\/decouvrez-comporta\/\"},{\"@type\":\"ListItem\",\"position\":3,\"name\":\"Se perdre dans la nature\",\"item\":\"https:\/\/espiritodacomporta.com\/fr\/categorie\/decouvrez-comporta\/se-perdre-dans-la-nature\/\"},{\"@type\":\"ListItem\",\"position\":4,\"name\":\"Que ramener de Comporta comme souvenir ?\ufffc\"}]},{\"@type\":\"WebSite\",\"@id\":\"https:\/\/espiritodacomporta.com\/fr\/#website\",\"url\":\"https:\/\/espiritodacomporta.com\/fr\/\",\"name\":\"Live & Feel Comporta Portugal\",\"description\":\"\",\"publisher\":{\"@id\":\"https:\/\/espiritodacomporta.com\/fr\/#organization\"},\"potentialAction\":[{\"@type\":\"SearchAction\",\"target\":{\"@type\":\"EntryPoint\",\"urlTemplate\":\"https:\/\/espiritodacomporta.com\/fr\/?s={search_term_string}\"},\"query-input\":{\"@type\":\"PropertyValueSpecification\",\"valueRequired\":true,\"valueName\":\"search_term_string\"}}],\"inLanguage\":\"fr-FR\"},{\"@type\":\"Organization\",\"@id\":\"https:\/\/espiritodacomporta.com\/fr\/#organization\",\"name\":\"Espirito da Comporta\",\"url\":\"https:\/\/espiritodacomporta.com\/fr\/\",\"logo\":{\"@type\":\"ImageObject\",\"inLanguage\":\"fr-FR\",\"@id\":\"https:\/\/espiritodacomporta.com\/fr\/#\/schema\/logo\/image\/\",\"url\":\"https:\/\/espiritodacomporta.com\/app\/uploads\/2023\/09\/LOGO-SIGNATURE@4x.png\",\"contentUrl\":\"https:\/\/espiritodacomporta.com\/app\/uploads\/2023\/09\/LOGO-SIGNATURE@4x.png\",\"width\":321,\"height\":385,\"caption\":\"Espirito da Comporta\"},\"image\":{\"@id\":\"https:\/\/espiritodacomporta.com\/fr\/#\/schema\/logo\/image\/\"},\"sameAs\":[\"https:\/\/www.instagram.com\/almadacomporta\/\"]},{\"@type\":\"Person\",\"@id\":\"https:\/\/espiritodacomporta.com\/fr\/#\/schema\/person\/c76d29ce59d104bde14812d3465de878\",\"name\":\"Info\",\"image\":{\"@type\":\"ImageObject\",\"inLanguage\":\"fr-FR\",\"@id\":\"https:\/\/secure.gravatar.com\/avatar\/dee735d7b19944762d18cdf00966586c0ffcea9da4d03f8be9d25dcff9972207?s=96&d=mm&r=g\",\"url\":\"https:\/\/secure.gravatar.com\/avatar\/dee735d7b19944762d18cdf00966586c0ffcea9da4d03f8be9d25dcff9972207?s=96&d=mm&r=g\",\"contentUrl\":\"https:\/\/secure.gravatar.com\/avatar\/dee735d7b19944762d18cdf00966586c0ffcea9da4d03f8be9d25dcff9972207?s=96&d=mm&r=g\",\"caption\":\"Info\"}}]}<\/script>\n<!-- \/ Yoast SEO Premium plugin. -->","yoast_head_json":{"title":"Que ramener comme souvenir de comporta","description":"Comporta est une destination pour ceux qui appr\u00e9cient la nature. D\u00e9couvrez ce que vous pouvez apporter comme souvenirs dans la r\u00e9gion.","robots":{"index":"index","follow":"follow","max-snippet":"max-snippet:-1","max-image-preview":"max-image-preview:large","max-video-preview":"max-video-preview:-1"},"canonical":"https:\/\/espiritodacomporta.com\/fr\/comporta-souvenir\/","og_locale":"fr_FR","og_type":"article","og_title":"Que ramener de Comporta comme souvenir ?\ufffc","og_description":"Comporta est une destination pour ceux qui appr\u00e9cient la nature. D\u00e9couvrez ce que vous pouvez apporter comme souvenirs dans la r\u00e9gion.","og_url":"https:\/\/espiritodacomporta.com\/fr\/comporta-souvenir\/","og_site_name":"Live &amp; Feel Comporta Portugal","article_published_time":"2022-03-30T13:53:47+00:00","article_modified_time":"2024-04-15T15:46:30+00:00","og_image":[{"width":1400,"height":933,"url":"https:\/\/espiritodacomporta.com\/app\/uploads\/2022\/03\/corkunits.jpeg","type":"image\/jpeg"}],"author":"Info","twitter_card":"summary_large_image","twitter_misc":{"\u00c9crit par":"Info","Dur\u00e9e de lecture estim\u00e9e":"1 minute"},"schema":{"@context":"https:\/\/schema.org","@graph":[{"@type":"Article","@id":"https:\/\/espiritodacomporta.com\/fr\/comporta-souvenir\/#article","isPartOf":{"@id":"https:\/\/espiritodacomporta.com\/fr\/comporta-souvenir\/"},"author":{"name":"Info","@id":"https:\/\/espiritodacomporta.com\/fr\/#\/schema\/person\/c76d29ce59d104bde14812d3465de878"},"headline":"Que ramener de Comporta comme souvenir ?\ufffc","datePublished":"2022-03-30T13:53:47+00:00","dateModified":"2024-04-15T15:46:30+00:00","mainEntityOfPage":{"@id":"https:\/\/espiritodacomporta.com\/fr\/comporta-souvenir\/"},"wordCount":77,"commentCount":0,"publisher":{"@id":"https:\/\/espiritodacomporta.com\/fr\/#organization"},"image":{"@id":"https:\/\/espiritodacomporta.com\/fr\/comporta-souvenir\/#primaryimage"},"thumbnailUrl":"https:\/\/espiritodacomporta.com\/app\/uploads\/2022\/03\/corkunits.jpeg","articleSection":["Boire et manger","Se perdre dans la nature"],"inLanguage":"fr-FR","potentialAction":[{"@type":"CommentAction","name":"Comment","target":["https:\/\/espiritodacomporta.com\/fr\/comporta-souvenir\/#respond"]}]},{"@type":"WebPage","@id":"https:\/\/espiritodacomporta.com\/fr\/comporta-souvenir\/","url":"https:\/\/espiritodacomporta.com\/fr\/comporta-souvenir\/","name":"Que ramener comme souvenir de comporta","isPartOf":{"@id":"https:\/\/espiritodacomporta.com\/fr\/#website"},"primaryImageOfPage":{"@id":"https:\/\/espiritodacomporta.com\/fr\/comporta-souvenir\/#primaryimage"},"image":{"@id":"https:\/\/espiritodacomporta.com\/fr\/comporta-souvenir\/#primaryimage"},"thumbnailUrl":"https:\/\/espiritodacomporta.com\/app\/uploads\/2022\/03\/corkunits.jpeg","datePublished":"2022-03-30T13:53:47+00:00","dateModified":"2024-04-15T15:46:30+00:00","description":"Comporta est une destination pour ceux qui appr\u00e9cient la nature. D\u00e9couvrez ce que vous pouvez apporter comme souvenirs dans la r\u00e9gion.","breadcrumb":{"@id":"https:\/\/espiritodacomporta.com\/fr\/comporta-souvenir\/#breadcrumb"},"inLanguage":"fr-FR","potentialAction":[{"@type":"ReadAction","target":["https:\/\/espiritodacomporta.com\/fr\/comporta-souvenir\/"]}]},{"@type":"ImageObject","inLanguage":"fr-FR","@id":"https:\/\/espiritodacomporta.com\/fr\/comporta-souvenir\/#primaryimage","url":"https:\/\/espiritodacomporta.com\/app\/uploads\/2022\/03\/corkunits.jpeg","contentUrl":"https:\/\/espiritodacomporta.com\/app\/uploads\/2022\/03\/corkunits.jpeg","width":1400,"height":933},{"@type":"BreadcrumbList","@id":"https:\/\/espiritodacomporta.com\/fr\/comporta-souvenir\/#breadcrumb","itemListElement":[{"@type":"ListItem","position":1,"name":"Home","item":"https:\/\/espiritodacomporta.com\/fr\/"},{"@type":"ListItem","position":2,"name":"D\u00e9couvrez Comporta","item":"https:\/\/espiritodacomporta.com\/fr\/categorie\/decouvrez-comporta\/"},{"@type":"ListItem","position":3,"name":"Se perdre dans la nature","item":"https:\/\/espiritodacomporta.com\/fr\/categorie\/decouvrez-comporta\/se-perdre-dans-la-nature\/"},{"@type":"ListItem","position":4,"name":"Que ramener de Comporta comme souvenir ?\ufffc"}]},{"@type":"WebSite","@id":"https:\/\/espiritodacomporta.com\/fr\/#website","url":"https:\/\/espiritodacomporta.com\/fr\/","name":"Live & Feel Comporta Portugal","description":"","publisher":{"@id":"https:\/\/espiritodacomporta.com\/fr\/#organization"},"potentialAction":[{"@type":"SearchAction","target":{"@type":"EntryPoint","urlTemplate":"https:\/\/espiritodacomporta.com\/fr\/?s={search_term_string}"},"query-input":{"@type":"PropertyValueSpecification","valueRequired":true,"valueName":"search_term_string"}}],"inLanguage":"fr-FR"},{"@type":"Organization","@id":"https:\/\/espiritodacomporta.com\/fr\/#organization","name":"Espirito da Comporta","url":"https:\/\/espiritodacomporta.com\/fr\/","logo":{"@type":"ImageObject","inLanguage":"fr-FR","@id":"https:\/\/espiritodacomporta.com\/fr\/#\/schema\/logo\/image\/","url":"https:\/\/espiritodacomporta.com\/app\/uploads\/2023\/09\/LOGO-SIGNATURE@4x.png","contentUrl":"https:\/\/espiritodacomporta.com\/app\/uploads\/2023\/09\/LOGO-SIGNATURE@4x.png","width":321,"height":385,"caption":"Espirito da Comporta"},"image":{"@id":"https:\/\/espiritodacomporta.com\/fr\/#\/schema\/logo\/image\/"},"sameAs":["https:\/\/www.instagram.com\/almadacomporta\/"]},{"@type":"Person","@id":"https:\/\/espiritodacomporta.com\/fr\/#\/schema\/person\/c76d29ce59d104bde14812d3465de878","name":"Info","image":{"@type":"ImageObject","inLanguage":"fr-FR","@id":"https:\/\/secure.gravatar.com\/avatar\/dee735d7b19944762d18cdf00966586c0ffcea9da4d03f8be9d25dcff9972207?s=96&d=mm&r=g","url":"https:\/\/secure.gravatar.com\/avatar\/dee735d7b19944762d18cdf00966586c0ffcea9da4d03f8be9d25dcff9972207?s=96&d=mm&r=g","contentUrl":"https:\/\/secure.gravatar.com\/avatar\/dee735d7b19944762d18cdf00966586c0ffcea9da4d03f8be9d25dcff9972207?s=96&d=mm&r=g","caption":"Info"}}]}},"jetpack_featured_media_url":"https:\/\/espiritodacomporta.com\/app\/uploads\/2022\/03\/corkunits.jpeg","_links":{"self":[{"href":"https:\/\/espiritodacomporta.com\/fr\/wp-json\/wp\/v2\/posts\/26592","targetHints":{"allow":["GET"]}}],"collection":[{"href":"https:\/\/espiritodacomporta.com\/fr\/wp-json\/wp\/v2\/posts"}],"about":[{"href":"https:\/\/espiritodacomporta.com\/fr\/wp-json\/wp\/v2\/types\/post"}],"author":[{"embeddable":true,"href":"https:\/\/espiritodacomporta.com\/fr\/wp-json\/wp\/v2\/users\/7"}],"replies":[{"embeddable":true,"href":"https:\/\/espiritodacomporta.com\/fr\/wp-json\/wp\/v2\/comments?post=26592"}],"version-history":[{"count":0,"href":"https:\/\/espiritodacomporta.com\/fr\/wp-json\/wp\/v2\/posts\/26592\/revisions"}],"wp:featuredmedia":[{"embeddable":true,"href":"https:\/\/espiritodacomporta.com\/fr\/wp-json\/wp\/v2\/media\/26576"}],"wp:attachment":[{"href":"https:\/\/espiritodacomporta.com\/fr\/wp-json\/wp\/v2\/media?parent=26592"}],"wp:term":[{"taxonomy":"category","embeddable":true,"href":"https:\/\/espiritodacomporta.com\/fr\/wp-json\/wp\/v2\/categories?post=26592"},{"taxonomy":"post_tag","embeddable":true,"href":"https:\/\/espiritodacomporta.com\/fr\/wp-json\/wp\/v2\/tags?post=26592"}],"curies":[{"name":"wp","href":"https:\/\/api.w.org\/{rel}","templated":true}]}}