{"id":3705,"date":"2023-01-06T19:51:00","date_gmt":"2023-01-06T17:51:00","guid":{"rendered":"https:\/\/espiritodacomporta.com\/?p=3705"},"modified":"2024-03-06T14:55:42","modified_gmt":"2024-03-06T12:55:42","slug":"les-secrets-de-melides-au-portugal","status":"publish","type":"post","link":"https:\/\/espiritodacomporta.com\/fr\/les-secrets-de-melides-au-portugal\/","title":{"rendered":"Les secrets de Melides au Portugal"},"content":{"rendered":"\n<p class=\"is-style-text-intro\">L\u2019engouement grandissant pour Comporta entra\u00eene dans son sillage les villes et villages qui se trouvent autour de l\u2019Herdade da <a href=\"https:\/\/espiritodacomporta.com\/fr\/\">Comporta<\/a>. C\u2019est le cas de Melides, un charmant refuge situ\u00e9 un peu plus au sud, \u00e0 20 mn de route.&nbsp;Ici vous trouverez une jolie cit\u00e9 blanchie \u00e0 la chaux, des maisons color\u00e9es de bleu, un march\u00e9 couvert au coeur du centre et, \u00e0 l\u2019ouest, une magnifique lagune et les m\u00eames longues <a href=\"https:\/\/espiritodacomporta.com\/fr\/les-plus-belles-plages-de-comporta\/\">plages<\/a> vierges qu&rsquo;\u00e0 Comporta.&nbsp;<\/p>\n\n\n<section class=\"homeblocks   \">\n    <section class=\"homeblocks-image \">\n                  <!-- <img decoding=\"async\" src=\"https:\/\/espiritodacomporta.com\/app\/uploads\/2019\/05\/melides-beach-scaled.webp\" alt=\"kids-beach-comporta\"> -->\n          <img decoding=\"async\" width=\"2560\" height=\"1440\" src=\"https:\/\/espiritodacomporta.com\/app\/uploads\/2019\/05\/melides-beach-scaled.webp\" class=\"attachment-full size-full\" alt=\"kids-beach-comporta\" loading=\"lazy\" srcset=\"https:\/\/espiritodacomporta.com\/app\/uploads\/2019\/05\/melides-beach-scaled.webp 2560w, https:\/\/espiritodacomporta.com\/app\/uploads\/2019\/05\/melides-beach-300x169.webp 300w, https:\/\/espiritodacomporta.com\/app\/uploads\/2019\/05\/melides-beach-768x432.webp 768w, https:\/\/espiritodacomporta.com\/app\/uploads\/2019\/05\/melides-beach-1024x576.webp 1024w, https:\/\/espiritodacomporta.com\/app\/uploads\/2019\/05\/melides-beach-1536x864.webp 1536w, https:\/\/espiritodacomporta.com\/app\/uploads\/2019\/05\/melides-beach-2048x1152.webp 2048w\" sizes=\"auto, (max-width: 2560px) 100vw, 2560px\" data-attachment-id=\"29094\" data-permalink=\"https:\/\/espiritodacomporta.com\/fr\/les-plus-belles-plages-de-comporta\/melides-beach\/\" data-orig-file=\"https:\/\/espiritodacomporta.com\/app\/uploads\/2019\/05\/melides-beach-scaled.webp\" data-orig-size=\"2560,1440\" data-comments-opened=\"0\" data-image-meta=\"{&quot;aperture&quot;:&quot;0&quot;,&quot;credit&quot;:&quot;&quot;,&quot;camera&quot;:&quot;&quot;,&quot;caption&quot;:&quot;&quot;,&quot;created_timestamp&quot;:&quot;0&quot;,&quot;copyright&quot;:&quot;&quot;,&quot;focal_length&quot;:&quot;0&quot;,&quot;iso&quot;:&quot;0&quot;,&quot;shutter_speed&quot;:&quot;0&quot;,&quot;title&quot;:&quot;&quot;,&quot;orientation&quot;:&quot;0&quot;}\" data-image-title=\"melides-beach\" data-image-description=\"\" data-image-caption=\"\" data-medium-file=\"https:\/\/espiritodacomporta.com\/app\/uploads\/2019\/05\/melides-beach-300x169.webp\" data-large-file=\"https:\/\/espiritodacomporta.com\/app\/uploads\/2019\/05\/melides-beach-1024x576.webp\" \/>\n            <\/section>\n    <section class=\"homeblocks-content\">\n        <div class=\"homeblocks-content-inside\">\n            <h2 style=\"text-align: left;\"><strong>Melides au Portugal, village authentique de l\u2019Alentejo<\/strong><\/h2>\n<p style=\"text-align: left;\">Le village de Melides appartient \u00e0 la municipalit\u00e9 de Gr\u00e2ndola. Il est situ\u00e9 sur la c\u00f4te de l\u2019Alentejo \u00e0 130 km au sud de Lisbonne. Melides devient de plus en plus renomm\u00e9 ces derni\u00e8res ann\u00e9es en raison du d\u00e9veloppement touristique de la r\u00e9gion, et gr\u00e2ce \u00e0 ses nombreux atouts : tranquillit\u00e9, nature sauvage, village de charme, activit\u00e9s et une <a href=\"https:\/\/espiritodacomporta.com\/fr\/quand-partir-a-comporta-au-portugal\/\">m\u00e9t\u00e9o<\/a> cl\u00e9mente tout au long de l&rsquo;ann\u00e9e. Ces derni\u00e8res ann\u00e9es plusieurs villas et maisons d\u2019architectes ont pris place le long de la lagune. Mais malgr\u00e9 un march\u00e9 immobilier de plus en plus dynamique, Melides reste un endroit fr\u00e9quent\u00e9 principalement par les locaux. En 2023, la grande nouveaut\u00e9 est l&rsquo;h\u00f4tel <a href=\"https:\/\/espiritodacomporta.com\/fr\/christian-louboutins-hotel\/\">Christian Louboutin<\/a>.<\/p>\n\n\n            \n                    <\/div>\n    <\/section>\n<\/section>\n\n\n<section class=\"homeblocks   \">\n    <section class=\"homeblocks-image  homeblocks-right \">\n                  <!-- <img decoding=\"async\" src=\"https:\/\/espiritodacomporta.com\/app\/uploads\/2023\/09\/01ef73f6-dfd8-437a-828e-bfd4dcc473ab.webp\" alt=\"Melides_beach\"> -->\n          <img decoding=\"async\" width=\"2048\" height=\"1536\" src=\"https:\/\/espiritodacomporta.com\/app\/uploads\/2023\/09\/01ef73f6-dfd8-437a-828e-bfd4dcc473ab.webp\" class=\"attachment-full size-full\" alt=\"Melides_beach\" loading=\"lazy\" srcset=\"https:\/\/espiritodacomporta.com\/app\/uploads\/2023\/09\/01ef73f6-dfd8-437a-828e-bfd4dcc473ab.webp 2048w, https:\/\/espiritodacomporta.com\/app\/uploads\/2023\/09\/01ef73f6-dfd8-437a-828e-bfd4dcc473ab-300x225.webp 300w, https:\/\/espiritodacomporta.com\/app\/uploads\/2023\/09\/01ef73f6-dfd8-437a-828e-bfd4dcc473ab-768x576.webp 768w, https:\/\/espiritodacomporta.com\/app\/uploads\/2023\/09\/01ef73f6-dfd8-437a-828e-bfd4dcc473ab-1024x768.webp 1024w, https:\/\/espiritodacomporta.com\/app\/uploads\/2023\/09\/01ef73f6-dfd8-437a-828e-bfd4dcc473ab-1536x1152.webp 1536w\" sizes=\"auto, (max-width: 2048px) 100vw, 2048px\" data-attachment-id=\"54270\" data-permalink=\"https:\/\/espiritodacomporta.com\/fr\/comporta-explorer-la-cote-vicentine\/01ef73f6-dfd8-437a-828e-bfd4dcc473ab-2\/\" data-orig-file=\"https:\/\/espiritodacomporta.com\/app\/uploads\/2023\/09\/01ef73f6-dfd8-437a-828e-bfd4dcc473ab.webp\" data-orig-size=\"2048,1536\" data-comments-opened=\"0\" data-image-meta=\"{&quot;aperture&quot;:&quot;0&quot;,&quot;credit&quot;:&quot;&quot;,&quot;camera&quot;:&quot;&quot;,&quot;caption&quot;:&quot;&quot;,&quot;created_timestamp&quot;:&quot;0&quot;,&quot;copyright&quot;:&quot;&quot;,&quot;focal_length&quot;:&quot;0&quot;,&quot;iso&quot;:&quot;0&quot;,&quot;shutter_speed&quot;:&quot;0&quot;,&quot;title&quot;:&quot;&quot;,&quot;orientation&quot;:&quot;0&quot;}\" data-image-title=\"Melides_beach\" data-image-description=\"\" data-image-caption=\"\" data-medium-file=\"https:\/\/espiritodacomporta.com\/app\/uploads\/2023\/09\/01ef73f6-dfd8-437a-828e-bfd4dcc473ab-300x225.webp\" data-large-file=\"https:\/\/espiritodacomporta.com\/app\/uploads\/2023\/09\/01ef73f6-dfd8-437a-828e-bfd4dcc473ab-1024x768.webp\" \/>\n            <\/section>\n    <section class=\"homeblocks-content\">\n        <div class=\"homeblocks-content-inside\">\n            <p><!-- wp:paragraph --><\/p>\n<p>Le village de Melides n\u2019est pas tr\u00e8s grand mais il est particuli\u00e8rement charmant. L\u2019ambiance est tranquille, conviviale et tr\u00e8s agr\u00e9able. Une traditionnelle \u00e9glise blanchie \u00e0 la chaux et un march\u00e9 couvert animent la vie locale. Agriculteurs et p\u00eacheurs y vendent du poisson frais et les l\u00e9gumes et fruits de leur exploitation. En se baladant dans les ruelles du centre antique du village, on peut observer des propri\u00e9t\u00e9s du XVIIIe et du XIXe si\u00e8cles avec des menuiseries et des balcons en fer forg\u00e9 d\u2019\u00e9poque. Les ruines de l\u2019ancienne \u00e9glise \u201cSanta Marinha\u201d (fin du XVe si\u00e8cle) m\u00e9ritent \u00e9galement le d\u00e9tour. Ses piliers, murs et contreforts impressionnants sont encore bien visibles.<\/p>\n<p><!-- \/wp:paragraph --><\/p>\n\n\n            \n                    <\/div>\n    <\/section>\n<\/section>\n\n\n<section class=\"homeblocks   \">\n    <section class=\"homeblocks-image \">\n                  <!-- <img decoding=\"async\" src=\"https:\/\/espiritodacomporta.com\/app\/uploads\/2019\/08\/melides2-e1566676206359.jpg\" alt=\"melides portugal\"> -->\n          <img decoding=\"async\" width=\"1100\" height=\"619\" src=\"https:\/\/espiritodacomporta.com\/app\/uploads\/2019\/08\/melides2-e1566676206359.jpg\" class=\"attachment-full size-full\" alt=\"melides portugal\" loading=\"lazy\" srcset=\"https:\/\/espiritodacomporta.com\/app\/uploads\/2019\/08\/melides2-e1566676206359.jpg 1100w, https:\/\/espiritodacomporta.com\/app\/uploads\/2019\/08\/melides2-e1566676206359-300x169.jpg 300w, https:\/\/espiritodacomporta.com\/app\/uploads\/2019\/08\/melides2-e1566676206359-1024x576.jpg 1024w, https:\/\/espiritodacomporta.com\/app\/uploads\/2019\/08\/melides2-e1566676206359-768x432.jpg 768w\" sizes=\"auto, (max-width: 1100px) 100vw, 1100px\" data-attachment-id=\"3712\" data-permalink=\"https:\/\/espiritodacomporta.com\/fr\/les-secrets-de-melides-au-portugal\/melides2-2\/\" data-orig-file=\"https:\/\/espiritodacomporta.com\/app\/uploads\/2019\/08\/melides2-e1566676206359.jpg\" data-orig-size=\"1100,619\" data-comments-opened=\"0\" data-image-meta=\"{&quot;aperture&quot;:&quot;1.7&quot;,&quot;credit&quot;:&quot;&quot;,&quot;camera&quot;:&quot;SM-G955F&quot;,&quot;caption&quot;:&quot;&quot;,&quot;created_timestamp&quot;:&quot;1548337166&quot;,&quot;copyright&quot;:&quot;&quot;,&quot;focal_length&quot;:&quot;4.2&quot;,&quot;iso&quot;:&quot;40&quot;,&quot;shutter_speed&quot;:&quot;0.000625&quot;,&quot;title&quot;:&quot;&quot;,&quot;orientation&quot;:&quot;0&quot;}\" data-image-title=\"melides2\" data-image-description=\"\" data-image-caption=\"\" data-medium-file=\"https:\/\/espiritodacomporta.com\/app\/uploads\/2019\/08\/melides2-e1566676206359-300x169.jpg\" data-large-file=\"https:\/\/espiritodacomporta.com\/app\/uploads\/2019\/08\/melides2-e1566676206359-1024x576.jpg\" \/>\n            <\/section>\n    <section class=\"homeblocks-content\">\n        <div class=\"homeblocks-content-inside\">\n            <p><!-- wp:heading --><\/p>\n<h2 id=\"h-la-lagune-de-melides-au-portugal\" class=\"wp-block-heading\" style=\"text-align: left;\"><strong>La lagune de Melides au Portugal<\/strong><\/h2>\n<p style=\"text-align: left;\"><!-- \/wp:heading --> <!-- wp:paragraph --><\/p>\n<p style=\"text-align: left;\">La particularit\u00e9 de Melides est la grande lagune qui traverse les terres et qui coule jusqu\u2019\u00e0 la plage. Cette \u00e9tendue d\u2019eau traverse la pin\u00e8de, les rizi\u00e8res et les prairies de Melides. Elle cr\u00e9e ainsi une zone naturelle riche pour la faune et la flore qu\u2019elle abrite. Depuis 2010, elle est d\u2019ailleurs class\u00e9e comme \u201czone prot\u00e9g\u00e9e d\u2019int\u00e9r\u00eat national\u201d.\u00a0 Un observatoire \u00e0 oiseaux a \u00e9t\u00e9 plac\u00e9 au coeur de la lagune. On peut y guetter en toute tranquillit\u00e9 les canards, oiseaux de proie ou \u00e9chassiers qui se nourrissent ici. Des informations sont \u00e9galement disponibles sur les esp\u00e8ces que l\u2019on peut croiser dans la lagune telles que le b\u00e9casseau, le hupp\u00e9 ou le stonechat commun.<\/p>\n<p><!-- \/wp:paragraph --><\/p>\n\n\n            \n                    <\/div>\n    <\/section>\n<\/section>\n\n\n\n<h2 class=\"wp-block-heading\" id=\"h-\"><\/h2>\n\n\n<section class=\"homeblocks   \">\n    <section class=\"homeblocks-image  homeblocks-right \">\n                  <!-- <img decoding=\"async\" src=\"https:\/\/espiritodacomporta.com\/app\/uploads\/2023\/01\/a8a13bc2-17b1-44f3-9aa7-ee8bccab6146.webp\" alt=\"Melides_Dunes\"> -->\n          <img decoding=\"async\" width=\"2048\" height=\"1536\" src=\"https:\/\/espiritodacomporta.com\/app\/uploads\/2023\/01\/a8a13bc2-17b1-44f3-9aa7-ee8bccab6146.webp\" class=\"attachment-full size-full\" alt=\"Melides_Dunes\" loading=\"lazy\" srcset=\"https:\/\/espiritodacomporta.com\/app\/uploads\/2023\/01\/a8a13bc2-17b1-44f3-9aa7-ee8bccab6146.webp 2048w, https:\/\/espiritodacomporta.com\/app\/uploads\/2023\/01\/a8a13bc2-17b1-44f3-9aa7-ee8bccab6146-300x225.webp 300w, https:\/\/espiritodacomporta.com\/app\/uploads\/2023\/01\/a8a13bc2-17b1-44f3-9aa7-ee8bccab6146-768x576.webp 768w, https:\/\/espiritodacomporta.com\/app\/uploads\/2023\/01\/a8a13bc2-17b1-44f3-9aa7-ee8bccab6146-1024x768.webp 1024w, https:\/\/espiritodacomporta.com\/app\/uploads\/2023\/01\/a8a13bc2-17b1-44f3-9aa7-ee8bccab6146-1536x1152.webp 1536w\" sizes=\"auto, (max-width: 2048px) 100vw, 2048px\" data-attachment-id=\"53977\" data-permalink=\"https:\/\/espiritodacomporta.com\/fr\/les-secrets-de-melides-au-portugal\/a8a13bc2-17b1-44f3-9aa7-ee8bccab6146-2\/\" data-orig-file=\"https:\/\/espiritodacomporta.com\/app\/uploads\/2023\/01\/a8a13bc2-17b1-44f3-9aa7-ee8bccab6146.webp\" data-orig-size=\"2048,1536\" data-comments-opened=\"0\" data-image-meta=\"{&quot;aperture&quot;:&quot;0&quot;,&quot;credit&quot;:&quot;&quot;,&quot;camera&quot;:&quot;&quot;,&quot;caption&quot;:&quot;&quot;,&quot;created_timestamp&quot;:&quot;0&quot;,&quot;copyright&quot;:&quot;&quot;,&quot;focal_length&quot;:&quot;0&quot;,&quot;iso&quot;:&quot;0&quot;,&quot;shutter_speed&quot;:&quot;0&quot;,&quot;title&quot;:&quot;&quot;,&quot;orientation&quot;:&quot;0&quot;}\" data-image-title=\"Melides_Dunes\" data-image-description=\"\" data-image-caption=\"\" data-medium-file=\"https:\/\/espiritodacomporta.com\/app\/uploads\/2023\/01\/a8a13bc2-17b1-44f3-9aa7-ee8bccab6146-300x225.webp\" data-large-file=\"https:\/\/espiritodacomporta.com\/app\/uploads\/2023\/01\/a8a13bc2-17b1-44f3-9aa7-ee8bccab6146-1024x768.webp\" \/>\n            <\/section>\n    <section class=\"homeblocks-content\">\n        <div class=\"homeblocks-content-inside\">\n            <p><!-- wp:paragraph --><\/p>\n<p style=\"text-align: left;\">La lagune est accessible par les deux rives. La rive sud est desservie par une route pav\u00e9e et la rive nord par un chemin de terre. Un autre moyen original de d\u00e9couvrir la lagune est d\u2019y faire une balade en stand-up paddle. Ana et Daniel, de <a href=\"https:\/\/espiritodacomporta.com\/fr\/surf-in-comporta\/\">Surf in Comporta<\/a>, proposent des balades en paddle inoubliables dans la lagune de Melides au coucher du soleil. L\u2019occasion de faire du sport dans un milieu unique et pr\u00e9serv\u00e9, ce qui fait de cette activit\u00e9 l&rsquo;une des <a href=\"https:\/\/espiritodacomporta.com\/fr\/10-choses-a-faire-comporta\/\">10 choses \u00e0 faire \u00e0 comporta<\/a>.<\/p>\n<p><!-- \/wp:paragraph --><\/p>\n\n\n            \n                    <\/div>\n    <\/section>\n<\/section>\n\n\n\n<h2 class=\"wp-block-heading\" id=\"h-nbsp\">&nbsp;<\/h2>\n\n\n\n<div class=\"wp-block-columns is-layout-flex wp-container-core-columns-is-layout-9d6595d7 wp-block-columns-is-layout-flex\">\n<div class=\"wp-block-column is-layout-flow wp-block-column-is-layout-flow\">\n<h2 class=\"wp-block-heading is-style-big-title\" id=\"h-les-plages-sauvages-de-melides-au-portugal\"><strong>Les plages sauvages de Melides au Portugal<\/strong><\/h2>\n<\/div>\n<\/div>\n\n\n\n<p><br><\/p>\n\n\n\n<h3 class=\"wp-block-heading\" id=\"h-plage-de-melides\">Plage de Melides<\/h3>\n\n\n\n<p class=\"is-style-text-intro\">La Plage de Melides est un long bras de sable qui s\u00e9pare la mer de la Lagune de Melides. Entre ces deux \u00e9tendues d\u2019eau, Praia de Melides offre un cadre splendide et sauvage qu\u2019on ne se lasse pas de contempler. Le coucher de soleil y est magnifique. Un moment id\u00e9al pour les amateurs de photographie lorsque les derniers rayons du soleil se refl\u00e8tent dans la lagune.<\/p>\n\n\n<section class=\"homeblocks   \">\n    <section class=\"homeblocks-image \">\n                  <!-- <img decoding=\"async\" src=\"https:\/\/espiritodacomporta.com\/app\/uploads\/2023\/02\/aTOA.webp\" alt=\"melides-restaurantes\"> -->\n          <img decoding=\"async\" width=\"1920\" height=\"1008\" src=\"https:\/\/espiritodacomporta.com\/app\/uploads\/2023\/02\/aTOA.webp\" class=\"attachment-full size-full\" alt=\"melides-restaurantes\" loading=\"lazy\" srcset=\"https:\/\/espiritodacomporta.com\/app\/uploads\/2023\/02\/aTOA.webp 1920w, https:\/\/espiritodacomporta.com\/app\/uploads\/2023\/02\/aTOA-300x158.webp 300w, https:\/\/espiritodacomporta.com\/app\/uploads\/2023\/02\/aTOA-768x403.webp 768w, https:\/\/espiritodacomporta.com\/app\/uploads\/2023\/02\/aTOA-1024x538.webp 1024w, https:\/\/espiritodacomporta.com\/app\/uploads\/2023\/02\/aTOA-1536x806.webp 1536w\" sizes=\"auto, (max-width: 1920px) 100vw, 1920px\" data-attachment-id=\"48886\" data-permalink=\"https:\/\/espiritodacomporta.com\/fr\/ete-2023-nouveautes\/atoa-2\/\" data-orig-file=\"https:\/\/espiritodacomporta.com\/app\/uploads\/2023\/02\/aTOA.webp\" data-orig-size=\"1920,1008\" data-comments-opened=\"0\" data-image-meta=\"{&quot;aperture&quot;:&quot;0&quot;,&quot;credit&quot;:&quot;&quot;,&quot;camera&quot;:&quot;&quot;,&quot;caption&quot;:&quot;&quot;,&quot;created_timestamp&quot;:&quot;0&quot;,&quot;copyright&quot;:&quot;&quot;,&quot;focal_length&quot;:&quot;0&quot;,&quot;iso&quot;:&quot;0&quot;,&quot;shutter_speed&quot;:&quot;0&quot;,&quot;title&quot;:&quot;&quot;,&quot;orientation&quot;:&quot;0&quot;}\" data-image-title=\"aTOA\" data-image-description=\"\" data-image-caption=\"\" data-medium-file=\"https:\/\/espiritodacomporta.com\/app\/uploads\/2023\/02\/aTOA-300x158.webp\" data-large-file=\"https:\/\/espiritodacomporta.com\/app\/uploads\/2023\/02\/aTOA-1024x538.webp\" \/>\n            <\/section>\n    <section class=\"homeblocks-content\">\n        <div class=\"homeblocks-content-inside\">\n            <p style=\"text-align: left;\">Sur la plage, le restaurant Lagoa o Mar propose des snacks et des plats plus \u00e9labor\u00e9s dans une ambiance d\u00e9contract\u00e9e, les pieds dans le sable. Id\u00e9al avec des enfants ! Des chaises longues et des parasols sont disponibles \u00e0 la location pendant tout l\u2019\u00e9t\u00e9.\u00a0A dix minutes du centre ville de Melides en direction du sud, l\u2019acc\u00e8s par la route est facile. Cette plage b\u00e9n\u00e9ficie \u00e9galement d\u2019un grand parking.<\/p>\n\n\n            \n                    <\/div>\n    <\/section>\n<\/section>\n\n\n\n<p class=\"is-style-text-intro\"><br><\/p>\n\n\n<section class=\"homeblocks   \">\n    <section class=\"homeblocks-image  homeblocks-right \">\n                  <!-- <img decoding=\"async\" src=\"https:\/\/espiritodacomporta.com\/app\/uploads\/2022\/05\/comporta-melides.webp\" alt=\"comporta-melides\"> -->\n          <img decoding=\"async\" width=\"754\" height=\"394\" src=\"https:\/\/espiritodacomporta.com\/app\/uploads\/2022\/05\/comporta-melides.webp\" class=\"attachment-full size-full\" alt=\"comporta-melides\" loading=\"lazy\" srcset=\"https:\/\/espiritodacomporta.com\/app\/uploads\/2022\/05\/comporta-melides.webp 754w, https:\/\/espiritodacomporta.com\/app\/uploads\/2022\/05\/comporta-melides-300x157.webp 300w\" sizes=\"auto, (max-width: 754px) 100vw, 754px\" data-attachment-id=\"28812\" data-permalink=\"https:\/\/espiritodacomporta.com\/fr\/comporta-villages\/comporta-melides-2\/\" data-orig-file=\"https:\/\/espiritodacomporta.com\/app\/uploads\/2022\/05\/comporta-melides.webp\" data-orig-size=\"754,394\" data-comments-opened=\"0\" data-image-meta=\"{&quot;aperture&quot;:&quot;0&quot;,&quot;credit&quot;:&quot;&quot;,&quot;camera&quot;:&quot;&quot;,&quot;caption&quot;:&quot;&quot;,&quot;created_timestamp&quot;:&quot;0&quot;,&quot;copyright&quot;:&quot;&quot;,&quot;focal_length&quot;:&quot;0&quot;,&quot;iso&quot;:&quot;0&quot;,&quot;shutter_speed&quot;:&quot;0&quot;,&quot;title&quot;:&quot;&quot;,&quot;orientation&quot;:&quot;0&quot;}\" data-image-title=\"comporta-melides\" data-image-description=\"\" data-image-caption=\"\" data-medium-file=\"https:\/\/espiritodacomporta.com\/app\/uploads\/2022\/05\/comporta-melides-300x157.webp\" data-large-file=\"https:\/\/espiritodacomporta.com\/app\/uploads\/2022\/05\/comporta-melides.webp\" \/>\n            <\/section>\n    <section class=\"homeblocks-content\">\n        <div class=\"homeblocks-content-inside\">\n            <h3 id=\"h-plage-de-viga\" class=\"wp-block-heading\" style=\"text-align: left;\">Plage de Viga<\/h3>\n<p style=\"text-align: left;\"><!-- \/wp:heading --> <!-- wp:paragraph --><\/p>\n<p style=\"text-align: left;\">Face \u00e0 Praia de Melides, de l\u2019autre c\u00f4t\u00e9 de la lagune, se trouve une des derni\u00e8res plages totalement vierges de l\u2019Alentejo : Praia da Vigia. On y d\u00e9couvre une eau transparente et un sable fin et blanc \u00e0 perte de vue. Elle est particuli\u00e8rement appr\u00e9ci\u00e9e des parapentistes qui trouvent ici un escarpement de plus de cinq m\u00e8tres et un vent prononc\u00e9. Un endroit id\u00e9al pour lancer son vol et admirer des paysages hors du commun. Sur la EN261, en direction du sud, prenez la route qui indique le cimeti\u00e8re et continuez jusqu&rsquo;\u00e0 ce que la dune apparaisse devant. Traversez-la et profitez de votre d\u00e9couverte.<\/p>\n<p style=\"text-align: left;\"><!-- \/wp:paragraph --> <!-- wp:heading --><\/p>\n<h2 id=\"h-des-activites-pour-toutes-les-envies-nbsp\" class=\"wp-block-heading\" style=\"text-align: left;\"><\/h2>\n<p><!-- \/wp:heading --><\/p>\n\n\n            \n                    <\/div>\n    <\/section>\n<\/section>\n\n\n\n<p><\/p>\n\n\n\n<div class=\"wp-block-columns is-layout-flex wp-container-core-columns-is-layout-9d6595d7 wp-block-columns-is-layout-flex\">\n<div class=\"wp-block-column is-layout-flow wp-block-column-is-layout-flow\">\n<h2 class=\"wp-block-heading is-style-big-title\" id=\"h-des-activites-pour-toutes-les-envies\"><strong>Des activit\u00e9s pour toutes les envies<\/strong><\/h2>\n<\/div>\n<\/div>\n\n\n\n<h3 class=\"wp-block-heading\" id=\"h-nbsp-balades-equestres\"><strong>&nbsp;<\/strong>Balades \u00e9questres<\/h3>\n\n\n\n<p class=\"is-style-text-intro\">Tout au long de l\u2019ann\u00e9e <a href=\"https:\/\/www.passeiosacavalomelides.com\/en\/\" rel=\"nofollow\">\u201cPasseios a Cavalo\u201d<\/a> \u00e0 Melides propose des balades \u00e9questres uniques qui vous feront d\u00e9couvrir les paysages sauvages de l\u2019Alentejo. Vous pourrez choisir des promenades sur la plage ou bien dans les collines de la Serra de Gr\u00e2ndola qui sont adapt\u00e9es aux d\u00e9butants comme aux cavaliers confirm\u00e9s. C\u2019est un excellent moyen de d\u00e9couvrir des vues panoramiques de la campagne et de la c\u00f4te \u00e0 couper le souffle.\u00a0 Lu\u00eds Lamas : +351 917 474 865 \/ info@passeiosacavalomelides.com<\/p>\n\n\n\n<figure class=\"wp-block-gallery has-nested-images columns-default is-cropped wp-block-gallery-1 is-layout-flex wp-block-gallery-is-layout-flex\">\n<figure class=\"wp-block-image size-large\"><img loading=\"lazy\" decoding=\"async\" width=\"1024\" height=\"576\" data-attachment-id=\"25939\" data-permalink=\"https:\/\/espiritodacomporta.com\/fr\/comporta-activites\/comporta-horseriding-2\/\" data-orig-file=\"https:\/\/espiritodacomporta.com\/app\/uploads\/2022\/02\/comporta-horseriding.png\" data-orig-size=\"1366,768\" data-comments-opened=\"0\" data-image-meta=\"{&quot;aperture&quot;:&quot;0&quot;,&quot;credit&quot;:&quot;&quot;,&quot;camera&quot;:&quot;&quot;,&quot;caption&quot;:&quot;&quot;,&quot;created_timestamp&quot;:&quot;0&quot;,&quot;copyright&quot;:&quot;&quot;,&quot;focal_length&quot;:&quot;0&quot;,&quot;iso&quot;:&quot;0&quot;,&quot;shutter_speed&quot;:&quot;0&quot;,&quot;title&quot;:&quot;&quot;,&quot;orientation&quot;:&quot;0&quot;}\" data-image-title=\"comporta-horseriding\" data-image-description=\"\" data-image-caption=\"\" data-medium-file=\"https:\/\/espiritodacomporta.com\/app\/uploads\/2022\/02\/comporta-horseriding-300x169.png\" data-large-file=\"https:\/\/espiritodacomporta.com\/app\/uploads\/2022\/02\/comporta-horseriding-1024x576.png\" data-id=\"25939\" src=\"https:\/\/espiritodacomporta.com\/app\/uploads\/2022\/02\/comporta-horseriding-1024x576.png\" alt=\"comporta-horseriding\" class=\"wp-image-25939\" srcset=\"https:\/\/espiritodacomporta.com\/app\/uploads\/2022\/02\/comporta-horseriding-1024x576.png 1024w, https:\/\/espiritodacomporta.com\/app\/uploads\/2022\/02\/comporta-horseriding-300x169.png 300w, https:\/\/espiritodacomporta.com\/app\/uploads\/2022\/02\/comporta-horseriding-768x432.png 768w, https:\/\/espiritodacomporta.com\/app\/uploads\/2022\/02\/comporta-horseriding.png 1366w\" sizes=\"auto, (max-width: 1024px) 100vw, 1024px\" \/><\/figure>\n<\/figure>\n\n\n\n<p><\/p>\n\n\n\n<h3 class=\"wp-block-heading\" id=\"h-surfer-a-melides-au-portugal\">Surfer \u00e0 Melides au Portugal<\/h3>\n\n\n\n<p class=\"is-style-text-intro\"><a href=\"https:\/\/espiritodacomporta.com\/fr\/surf-in-comporta\/\" rel=\"nofollow\">Dreamsea Surf Camp<\/a> est situ\u00e9 dans la pin\u00e8de \u00e0 c\u00f4t\u00e9 de la magnifique plage de Gal\u00e9. Ils proposent des programmes de surf adapt\u00e9s \u00e0 tous les niveaux et \u00e0 toutes les conditions physiques. L\u2019objectif est d\u2019apprendre et d\u2019am\u00e9liorer vos comp\u00e9tences et, plus important encore, d\u2019acqu\u00e9rir les connaissances n\u00e9cessaires pour continuer votre entra\u00eenement et progresser seul.&nbsp; Dreamsea Surf Camp : +34 662580012 \/ portugal@dreamseasurfcamp.com<\/p>\n\n\n\n<h3 class=\"wp-block-heading\" id=\"h-foire-feira-de-melides\">Foire (feira) de Melides<\/h3>\n\n\n\n<p class=\"is-style-text-intro\">La foire de Melides a lieu chaque ann\u00e9e, le troisi\u00e8me weekend de novembre. Les visiteurs y viennent nombreux. On y trouve divers objets de l\u2019artisanat de l\u2019Alentejo et de l\u2019Algarve, tels que des paniers en osier, des chaises en bois ou des sculptures en argile. On peut \u00e9galement y d\u00e9guster des sp\u00e9cialit\u00e9s locales, comme des fruits secs, le pain de l\u2019Alentejo, les \u00abAlcomonias\u00bb et \u00abPinh\u00e3o Candy\u00bb, deux g\u00e2teaux typiques, et du vin r\u00e9gional. Des spectacles et des danses folkloriques animent cet \u00e9v\u00e8nement tout au long du weekend.<\/p>\n\n\n\n<div class=\"wp-block-columns is-layout-flex wp-container-core-columns-is-layout-9d6595d7 wp-block-columns-is-layout-flex\">\n<div class=\"wp-block-column is-layout-flow wp-block-column-is-layout-flow\">\n<h2 class=\"wp-block-heading is-style-big-title\" id=\"h-restaurants-amp-food-experiences\"><strong>Restaurants &amp; food exp\u00e9riences<\/strong><\/h2>\n<\/div>\n<\/div>\n\n\n\n<h2 class=\"wp-block-heading\" id=\"h-\"><\/h2>\n\n\n\n<h3 class=\"wp-block-heading\" id=\"h-flor-de-sal\">Flor de Sal<\/h3>\n\n\n\n<p class=\"is-style-text-intro\">Cet \u00e9tablissement se distingue des autres restaurants proches de la plage de Melides. Il est particuli\u00e8rement agr\u00e9able pour un d\u00eener au coucher du soleil. On peut y d\u00e9guster les petits plats et les tapas du chef Sandra Rito. La cuisine est portugaise et contemporaine, c\u2019est le restaurant \u201cchic\u201d de Melides.  Flor de Sal : +351 960 311 057 .Nous conseillons d&rsquo;effectuer une r\u00e9servation pour votre d\u00eener. <\/p>\n\n\n\n<h3 class=\"wp-block-heading\" id=\"h-twopack-kitchen-pique-nique-champetre\">Twopack kitchen \u2013 Pique-nique champ\u00eatre<\/h3>\n\n\n\n<p class=\"is-style-text-intro\">Marta &amp; Ant\u00f3nio vous embarquent pour un <a href=\"https:\/\/espiritodacomporta.com\/fr\/cours-de-cuisine-a-la-ferme-melides\/\">barbecue gourmand<\/a> au milieu de la nature. Ils partagent ainsi leur d\u00e9licieuse cuisine inspir\u00e9e de leurs voyages autour du monde. Une exp\u00e9rience originale \u00e0 ne pas manquer ! Marta: +351 915 433 788 \/ twopacktravel@gmail.com<\/p>\n\n\n\n<figure class=\"wp-block-image size-large\"><img loading=\"lazy\" decoding=\"async\" width=\"1024\" height=\"682\" data-attachment-id=\"15923\" data-permalink=\"https:\/\/espiritodacomporta.com\/fr\/chef-comporta\/two-pack-2\/\" data-orig-file=\"https:\/\/espiritodacomporta.com\/app\/uploads\/2020\/08\/two-pack.jpg\" data-orig-size=\"1400,933\" data-comments-opened=\"0\" data-image-meta=\"{&quot;aperture&quot;:&quot;0&quot;,&quot;credit&quot;:&quot;&quot;,&quot;camera&quot;:&quot;&quot;,&quot;caption&quot;:&quot;&quot;,&quot;created_timestamp&quot;:&quot;0&quot;,&quot;copyright&quot;:&quot;Miguel Guedes Ramos&quot;,&quot;focal_length&quot;:&quot;0&quot;,&quot;iso&quot;:&quot;0&quot;,&quot;shutter_speed&quot;:&quot;0&quot;,&quot;title&quot;:&quot;&quot;,&quot;orientation&quot;:&quot;0&quot;}\" data-image-title=\"two-pack\" data-image-description=\"\" data-image-caption=\"\" data-medium-file=\"https:\/\/espiritodacomporta.com\/app\/uploads\/2020\/08\/two-pack-300x200.jpg\" data-large-file=\"https:\/\/espiritodacomporta.com\/app\/uploads\/2020\/08\/two-pack-1024x682.jpg\" src=\"https:\/\/espiritodacomporta.com\/app\/uploads\/2020\/08\/two-pack-1024x682.jpg\" alt=\"two-pack-melides\" class=\"wp-image-15923\" srcset=\"https:\/\/espiritodacomporta.com\/app\/uploads\/2020\/08\/two-pack-1024x682.jpg 1024w, https:\/\/espiritodacomporta.com\/app\/uploads\/2020\/08\/two-pack-300x200.jpg 300w, https:\/\/espiritodacomporta.com\/app\/uploads\/2020\/08\/two-pack-768x512.jpg 768w, https:\/\/espiritodacomporta.com\/app\/uploads\/2020\/08\/two-pack.jpg 1400w\" sizes=\"auto, (max-width: 1024px) 100vw, 1024px\" \/><\/figure>\n\n\n\n<h3 class=\"wp-block-heading\" id=\"h-rotisserie-tia-rosa\">R\u00f4tisserie Tia Rosa<\/h3>\n\n\n\n<p class=\"is-style-text-intro\">Tia Rosa est une \u201cchurrasqueira\u201d de canard. L\u2019ambiance y est d\u00e9contract\u00e9e, la cuisine est familiale et g\u00e9n\u00e9reuse. On commande des canards ou demi-canards grill\u00e9s \u00e0 l\u2019orange. Les desserts sont faits maison.Pour ceux qui n\u2019appr\u00e9cient pas le canard, d\u2019autres plats sont propos\u00e9s. Tous ces plats sont typiques de la c\u00f4te de l&rsquo;Alentejo. Tia Rosa: Fontainhas do Mar Melides &#8211; Melides \/ +351 269 907 144<\/p>\n\n\n\n<h3 class=\"wp-block-heading\" id=\"h-boulangerie-tia-jesuina\">Boulangerie Tia Jesu\u00edna<\/h3>\n\n\n\n<p class=\"is-style-text-intro\">A Vale Figueira, vous trouverez la boulangerie de Tia Jesu\u00edna qui propose l&rsquo;authentique pain Alentejo. Ce pain est de en plus en plus compliqu\u00e9 \u00e0 trouver dans la r\u00e9gion, alors n\u2019h\u00e9sitez pas \u00e0 faire un tour \u00e0 cette adresse.&nbsp;<\/p>\n\n\n\n<h3 class=\"wp-block-heading\" id=\"h-quinta-do-lourenco\">Quinta do Louren\u00e7o<\/h3>\n\n\n\n<p class=\"is-style-text-intro\">C\u2019est un restaurant toujours tr\u00e8s fr\u00e9quent\u00e9 qui se situe sur la EN261. Venez y d\u00e9guster la sp\u00e9cialit\u00e9 de la maison \u00e0 base de viande m\u00e9lang\u00e9e \u00e0 des palourdes et des crevettes. Les migas avec la viande sont d\u00e9licieuses, comme les cataplanas de poisson et de fruits de mer. Le week-end, les escargots sont \u00e0 l\u2019honneur !Quinta do Louren\u00e7o : Estrada National 261 &#8211; Melides \/ +351 269 907 329<\/p>\n\n\n\n<h3 class=\"wp-block-heading\">Tosca<\/h3>\n\n\n\n<p class=\"is-style-text-intro\">Un nouveau restaurant \u00e0 Melides, situ\u00e9 sur la EN261, avec des p\u00e2tes et des pizzas divines. Mais la carte est prometteuse : tout est vari\u00e9. Poissons, viandes, le tout avec des ingr\u00e9dients frais et biologiques. Les animaux sont les bienvenus et le d\u00e9cor est magnifique.<\/p>\n\n\n\n<figure class=\"wp-block-gallery has-nested-images columns-default is-cropped wp-block-gallery-2 is-layout-flex wp-block-gallery-is-layout-flex\">\n<figure class=\"wp-block-image size-large\"><img loading=\"lazy\" decoding=\"async\" width=\"1024\" height=\"682\" data-attachment-id=\"3709\" data-permalink=\"https:\/\/espiritodacomporta.com\/fr\/les-secrets-de-melides-au-portugal\/eglisemelides\/\" data-orig-file=\"https:\/\/espiritodacomporta.com\/app\/uploads\/2019\/08\/eglisemelides.jpg\" data-orig-size=\"1520,1013\" data-comments-opened=\"0\" data-image-meta=\"{&quot;aperture&quot;:&quot;0&quot;,&quot;credit&quot;:&quot;&quot;,&quot;camera&quot;:&quot;&quot;,&quot;caption&quot;:&quot;&quot;,&quot;created_timestamp&quot;:&quot;0&quot;,&quot;copyright&quot;:&quot;&quot;,&quot;focal_length&quot;:&quot;0&quot;,&quot;iso&quot;:&quot;0&quot;,&quot;shutter_speed&quot;:&quot;0&quot;,&quot;title&quot;:&quot;&quot;,&quot;orientation&quot;:&quot;0&quot;}\" data-image-title=\"eglisemelides\" data-image-description=\"\" data-image-caption=\"\" data-medium-file=\"https:\/\/espiritodacomporta.com\/app\/uploads\/2019\/08\/eglisemelides-300x200.jpg\" data-large-file=\"https:\/\/espiritodacomporta.com\/app\/uploads\/2019\/08\/eglisemelides-1024x682.jpg\" data-id=\"3709\" src=\"https:\/\/espiritodacomporta.com\/app\/uploads\/2019\/08\/eglisemelides-1024x682.jpg\" alt=\"melides portugal\" class=\"wp-image-3709\" srcset=\"https:\/\/espiritodacomporta.com\/app\/uploads\/2019\/08\/eglisemelides-1024x682.jpg 1024w, https:\/\/espiritodacomporta.com\/app\/uploads\/2019\/08\/eglisemelides-300x200.jpg 300w, https:\/\/espiritodacomporta.com\/app\/uploads\/2019\/08\/eglisemelides-768x512.jpg 768w, https:\/\/espiritodacomporta.com\/app\/uploads\/2019\/08\/eglisemelides.jpg 1520w\" sizes=\"auto, (max-width: 1024px) 100vw, 1024px\" \/><\/figure>\n\n\n\n<figure class=\"wp-block-image size-large\"><img decoding=\"async\" data-attachment-id=\"538\" data-permalink=\"https:\/\/espiritodacomporta.com\/fr\/two-pack-jan2019-80-2\/\" data-orig-file=\"https:\/\/espiritodacomporta.com\/app\/uploads\/2019\/03\/two-pack-jan2019-80-e1560262217726.jpg\" data-orig-size=\"720,1080\" data-comments-opened=\"0\" data-image-meta=\"{&quot;aperture&quot;:&quot;0&quot;,&quot;credit&quot;:&quot;&quot;,&quot;camera&quot;:&quot;&quot;,&quot;caption&quot;:&quot;&quot;,&quot;created_timestamp&quot;:&quot;0&quot;,&quot;copyright&quot;:&quot;Miguel Guedes Ramos&quot;,&quot;focal_length&quot;:&quot;0&quot;,&quot;iso&quot;:&quot;0&quot;,&quot;shutter_speed&quot;:&quot;0&quot;,&quot;title&quot;:&quot;&quot;,&quot;orientation&quot;:&quot;0&quot;}\" data-image-title=\"two-pack-jan2019-80\" data-image-description=\"\" data-image-caption=\"\" data-medium-file=\"https:\/\/espiritodacomporta.com\/app\/uploads\/2019\/03\/two-pack-jan2019-80-e1560262217726-200x300.jpg\" data-large-file=\"https:\/\/espiritodacomporta.com\/app\/uploads\/2019\/03\/two-pack-jan2019-80-e1560262217726-683x1024.jpg\" data-id=\"538\" src=\"https:\/\/espiritodacomporta.com\/app\/uploads\/2019\/03\/two-pack-jan2019-80-683x1024.jpg\" alt=\"melides comporta portugal\" class=\"wp-image-538\"\/><\/figure>\n<\/figure>\n\n\n\n<p><\/p>\n\n\n\n<div class=\"wp-block-columns is-layout-flex wp-container-core-columns-is-layout-9d6595d7 wp-block-columns-is-layout-flex\">\n<div class=\"wp-block-column is-layout-flow wp-block-column-is-layout-flow\">\n<h2 class=\"wp-block-heading is-style-big-title\" id=\"h-informations-touristiques\"><strong>Informations touristiques<\/strong><\/h2>\n<\/div>\n<\/div>\n\n\n\n<h2 class=\"wp-block-heading\" id=\"h-\"><\/h2>\n\n\n\n<p class=\"is-style-text-intro\">L\u2019Office de tourisme de Melides au Portugal est situ\u00e9 dans l\u2019ancien moulin, au centre du village. Il r\u00e9pond \u00e0 vos demandes d&rsquo;informations sur les h\u00e9bergements, les chambres, le tourisme, les activit\u00e9s, les pr\u00e9visions m\u00e9t\u00e9orologiques&#8230; Il propose \u00e9galement des expositions et des ventes de produits artisanaux. Ne manquez pas l&rsquo;occasion de visiter les villages de la c\u00f4te tels que Comporta, Carvalhal, <a href=\"https:\/\/espiritodacomporta.com\/fr\/muda-comporta-portugal\/\">Muda<\/a> et Brejos. Office du tourisme : largo 25 de Abril &#8211; Melides \/ + 351 269 \u200b\u200b979 066 \/ turismo@cm-grandola.pt<\/p>\n\n\n\n<div class=\"wp-block-columns is-layout-flex wp-container-core-columns-is-layout-9d6595d7 wp-block-columns-is-layout-flex\">\n<div class=\"wp-block-column is-layout-flow wp-block-column-is-layout-flow\">\n<h2 class=\"wp-block-heading is-style-big-title\" id=\"h-ou-sejourner\">O\u00d9 S\u00c9JOURNER ?<\/h2>\n\n\n\n<p class=\"is-style-text-intro\">Toute la r\u00e9gion compte quelques h\u00e9bergements. Ce qui est bien, c&rsquo;est que tout peut \u00eatre explor\u00e9 \u00e0 courte distance. \u00c0 proximit\u00e9 de Melides, il y a le c\u00e9l\u00e8bre village de comporta, qui est aussi un excellent endroit pour passer la nuit. Jetez un coup d&rsquo;\u0153il aux <a href=\"https:\/\/espiritodacomporta.com\/fr\/les-hotels-a-comporta\/\">h\u00f4tels<\/a> et aux <a href=\"https:\/\/espiritodacomporta.com\/fr\/\">maisons de vacances priv\u00e9es <\/a>d&rsquo;Espirito da Comporta. Bon voyage!<\/p>\n<\/div>\n<\/div>\n","protected":false},"excerpt":{"rendered":"<p>L\u2019engouement grandissant pour Comporta entra\u00eene dans son sillage les villes et villages qui se trouvent autour de l\u2019Herdade da Comporta. C\u2019est le cas de Melides, un charmant refuge situ\u00e9 un peu plus au sud, \u00e0 20 mn de route.&nbsp;Ici vous trouverez une jolie cit\u00e9 blanchie \u00e0 la chaux, des maisons color\u00e9es de bleu, un march\u00e9 <\/p>\n<div class=\"goto\"><a href=\"https:\/\/espiritodacomporta.com\/fr\/les-secrets-de-melides-au-portugal\/\">Lire la suite<\/a><\/div>\n","protected":false},"author":2,"featured_media":3706,"comment_status":"open","ping_status":"open","sticky":false,"template":"","format":"standard","meta":{"_acf_changed":false,"inline_featured_image":false,"footnotes":""},"categories":[22],"tags":[],"class_list":["post-3705","post","type-post","status-publish","format-standard","has-post-thumbnail","hentry","category-chercher-le-beau"],"acf":[],"yoast_head":"<!-- This site is optimized with the Yoast SEO Premium plugin v27.2 (Yoast SEO v27.2) - https:\/\/yoast.com\/product\/yoast-seo-premium-wordpress\/ -->\n<title>Les secrets de Melides Portugal - Restaurants, Plages &amp; Activit\u00e9s<\/title>\n<meta name=\"description\" content=\"D\u00e9couvrez tous les secrets de Melides au Portugal : un village de charme, les meilleurs restaurants et activit\u00e9s, et les plus belles plages.\" \/>\n<meta name=\"robots\" content=\"index, follow, max-snippet:-1, max-image-preview:large, max-video-preview:-1\" \/>\n<link rel=\"canonical\" href=\"https:\/\/espiritodacomporta.com\/fr\/les-secrets-de-melides-au-portugal\/\" \/>\n<meta property=\"og:locale\" content=\"fr_FR\" \/>\n<meta property=\"og:type\" content=\"article\" \/>\n<meta property=\"og:title\" content=\"Les secrets de Melides au Portugal\" \/>\n<meta property=\"og:description\" content=\"D\u00e9couvrez tous les secrets de Melides au Portugal : un village de charme, les meilleurs restaurants et activit\u00e9s, et les plus belles plages.\" \/>\n<meta property=\"og:url\" content=\"https:\/\/espiritodacomporta.com\/fr\/les-secrets-de-melides-au-portugal\/\" \/>\n<meta property=\"og:site_name\" content=\"Live &amp; Feel Comporta Portugal\" \/>\n<meta property=\"article:published_time\" content=\"2023-01-06T17:51:00+00:00\" \/>\n<meta property=\"article:modified_time\" content=\"2024-03-06T12:55:42+00:00\" \/>\n<meta property=\"og:image\" content=\"https:\/\/espiritodacomporta.com\/app\/uploads\/2019\/08\/melides3.jpg\" \/>\n\t<meta property=\"og:image:width\" content=\"1280\" \/>\n\t<meta property=\"og:image:height\" content=\"853\" \/>\n\t<meta property=\"og:image:type\" content=\"image\/jpeg\" \/>\n<meta name=\"author\" content=\"Charline Noblet\" \/>\n<meta name=\"twitter:card\" content=\"summary_large_image\" \/>\n<meta name=\"twitter:label1\" content=\"\u00c9crit par\" \/>\n\t<meta name=\"twitter:data1\" content=\"Charline Noblet\" \/>\n\t<meta name=\"twitter:label2\" content=\"Dur\u00e9e de lecture estim\u00e9e\" \/>\n\t<meta name=\"twitter:data2\" content=\"5 minutes\" \/>\n<script type=\"application\/ld+json\" class=\"yoast-schema-graph\">{\"@context\":\"https:\/\/schema.org\",\"@graph\":[{\"@type\":\"Article\",\"@id\":\"https:\/\/espiritodacomporta.com\/fr\/les-secrets-de-melides-au-portugal\/#article\",\"isPartOf\":{\"@id\":\"https:\/\/espiritodacomporta.com\/fr\/les-secrets-de-melides-au-portugal\/\"},\"author\":{\"name\":\"Charline Noblet\",\"@id\":\"https:\/\/espiritodacomporta.com\/fr\/#\/schema\/person\/6e1c66cf1c46ee5b2e07e9b72600eaee\"},\"headline\":\"Les secrets de Melides au Portugal\",\"datePublished\":\"2023-01-06T17:51:00+00:00\",\"dateModified\":\"2024-03-06T12:55:42+00:00\",\"mainEntityOfPage\":{\"@id\":\"https:\/\/espiritodacomporta.com\/fr\/les-secrets-de-melides-au-portugal\/\"},\"wordCount\":962,\"commentCount\":0,\"publisher\":{\"@id\":\"https:\/\/espiritodacomporta.com\/fr\/#organization\"},\"image\":{\"@id\":\"https:\/\/espiritodacomporta.com\/fr\/les-secrets-de-melides-au-portugal\/#primaryimage\"},\"thumbnailUrl\":\"https:\/\/espiritodacomporta.com\/app\/uploads\/2019\/08\/melides3.jpg\",\"articleSection\":[\"Chercher le beau\"],\"inLanguage\":\"fr-FR\",\"potentialAction\":[{\"@type\":\"CommentAction\",\"name\":\"Comment\",\"target\":[\"https:\/\/espiritodacomporta.com\/fr\/les-secrets-de-melides-au-portugal\/#respond\"]}]},{\"@type\":\"WebPage\",\"@id\":\"https:\/\/espiritodacomporta.com\/fr\/les-secrets-de-melides-au-portugal\/\",\"url\":\"https:\/\/espiritodacomporta.com\/fr\/les-secrets-de-melides-au-portugal\/\",\"name\":\"Les secrets de Melides Portugal - Restaurants, Plages & Activit\u00e9s\",\"isPartOf\":{\"@id\":\"https:\/\/espiritodacomporta.com\/fr\/#website\"},\"primaryImageOfPage\":{\"@id\":\"https:\/\/espiritodacomporta.com\/fr\/les-secrets-de-melides-au-portugal\/#primaryimage\"},\"image\":{\"@id\":\"https:\/\/espiritodacomporta.com\/fr\/les-secrets-de-melides-au-portugal\/#primaryimage\"},\"thumbnailUrl\":\"https:\/\/espiritodacomporta.com\/app\/uploads\/2019\/08\/melides3.jpg\",\"datePublished\":\"2023-01-06T17:51:00+00:00\",\"dateModified\":\"2024-03-06T12:55:42+00:00\",\"description\":\"D\u00e9couvrez tous les secrets de Melides au Portugal : un village de charme, les meilleurs restaurants et activit\u00e9s, et les plus belles plages.\",\"breadcrumb\":{\"@id\":\"https:\/\/espiritodacomporta.com\/fr\/les-secrets-de-melides-au-portugal\/#breadcrumb\"},\"inLanguage\":\"fr-FR\",\"potentialAction\":[{\"@type\":\"ReadAction\",\"target\":[\"https:\/\/espiritodacomporta.com\/fr\/les-secrets-de-melides-au-portugal\/\"]}]},{\"@type\":\"ImageObject\",\"inLanguage\":\"fr-FR\",\"@id\":\"https:\/\/espiritodacomporta.com\/fr\/les-secrets-de-melides-au-portugal\/#primaryimage\",\"url\":\"https:\/\/espiritodacomporta.com\/app\/uploads\/2019\/08\/melides3.jpg\",\"contentUrl\":\"https:\/\/espiritodacomporta.com\/app\/uploads\/2019\/08\/melides3.jpg\",\"width\":1280,\"height\":853,\"caption\":\"melides\"},{\"@type\":\"BreadcrumbList\",\"@id\":\"https:\/\/espiritodacomporta.com\/fr\/les-secrets-de-melides-au-portugal\/#breadcrumb\",\"itemListElement\":[{\"@type\":\"ListItem\",\"position\":1,\"name\":\"Home\",\"item\":\"https:\/\/espiritodacomporta.com\/fr\/\"},{\"@type\":\"ListItem\",\"position\":2,\"name\":\"D\u00e9couvrez Comporta\",\"item\":\"https:\/\/espiritodacomporta.com\/fr\/categorie\/decouvrez-comporta\/\"},{\"@type\":\"ListItem\",\"position\":3,\"name\":\"Chercher le beau\",\"item\":\"https:\/\/espiritodacomporta.com\/fr\/categorie\/decouvrez-comporta\/chercher-le-beau\/\"},{\"@type\":\"ListItem\",\"position\":4,\"name\":\"Les secrets de Melides au Portugal\"}]},{\"@type\":\"WebSite\",\"@id\":\"https:\/\/espiritodacomporta.com\/fr\/#website\",\"url\":\"https:\/\/espiritodacomporta.com\/fr\/\",\"name\":\"Live & Feel Comporta Portugal\",\"description\":\"\",\"publisher\":{\"@id\":\"https:\/\/espiritodacomporta.com\/fr\/#organization\"},\"potentialAction\":[{\"@type\":\"SearchAction\",\"target\":{\"@type\":\"EntryPoint\",\"urlTemplate\":\"https:\/\/espiritodacomporta.com\/fr\/?s={search_term_string}\"},\"query-input\":{\"@type\":\"PropertyValueSpecification\",\"valueRequired\":true,\"valueName\":\"search_term_string\"}}],\"inLanguage\":\"fr-FR\"},{\"@type\":\"Organization\",\"@id\":\"https:\/\/espiritodacomporta.com\/fr\/#organization\",\"name\":\"Espirito da Comporta\",\"url\":\"https:\/\/espiritodacomporta.com\/fr\/\",\"logo\":{\"@type\":\"ImageObject\",\"inLanguage\":\"fr-FR\",\"@id\":\"https:\/\/espiritodacomporta.com\/fr\/#\/schema\/logo\/image\/\",\"url\":\"https:\/\/espiritodacomporta.com\/app\/uploads\/2023\/09\/LOGO-SIGNATURE@4x.png\",\"contentUrl\":\"https:\/\/espiritodacomporta.com\/app\/uploads\/2023\/09\/LOGO-SIGNATURE@4x.png\",\"width\":321,\"height\":385,\"caption\":\"Espirito da Comporta\"},\"image\":{\"@id\":\"https:\/\/espiritodacomporta.com\/fr\/#\/schema\/logo\/image\/\"},\"sameAs\":[\"https:\/\/www.instagram.com\/almadacomporta\/\"]},{\"@type\":\"Person\",\"@id\":\"https:\/\/espiritodacomporta.com\/fr\/#\/schema\/person\/6e1c66cf1c46ee5b2e07e9b72600eaee\",\"name\":\"Charline Noblet\",\"image\":{\"@type\":\"ImageObject\",\"inLanguage\":\"fr-FR\",\"@id\":\"https:\/\/secure.gravatar.com\/avatar\/1cb8650c0f3cd8a96e31ebc41d5472b4785cb7753c9d361dbcb6ffc123643350?s=96&d=mm&r=g\",\"url\":\"https:\/\/secure.gravatar.com\/avatar\/1cb8650c0f3cd8a96e31ebc41d5472b4785cb7753c9d361dbcb6ffc123643350?s=96&d=mm&r=g\",\"contentUrl\":\"https:\/\/secure.gravatar.com\/avatar\/1cb8650c0f3cd8a96e31ebc41d5472b4785cb7753c9d361dbcb6ffc123643350?s=96&d=mm&r=g\",\"caption\":\"Charline Noblet\"}}]}<\/script>\n<!-- \/ Yoast SEO Premium plugin. -->","yoast_head_json":{"title":"Les secrets de Melides Portugal - Restaurants, Plages & Activit\u00e9s","description":"D\u00e9couvrez tous les secrets de Melides au Portugal : un village de charme, les meilleurs restaurants et activit\u00e9s, et les plus belles plages.","robots":{"index":"index","follow":"follow","max-snippet":"max-snippet:-1","max-image-preview":"max-image-preview:large","max-video-preview":"max-video-preview:-1"},"canonical":"https:\/\/espiritodacomporta.com\/fr\/les-secrets-de-melides-au-portugal\/","og_locale":"fr_FR","og_type":"article","og_title":"Les secrets de Melides au Portugal","og_description":"D\u00e9couvrez tous les secrets de Melides au Portugal : un village de charme, les meilleurs restaurants et activit\u00e9s, et les plus belles plages.","og_url":"https:\/\/espiritodacomporta.com\/fr\/les-secrets-de-melides-au-portugal\/","og_site_name":"Live &amp; Feel Comporta Portugal","article_published_time":"2023-01-06T17:51:00+00:00","article_modified_time":"2024-03-06T12:55:42+00:00","og_image":[{"width":1280,"height":853,"url":"https:\/\/espiritodacomporta.com\/app\/uploads\/2019\/08\/melides3.jpg","type":"image\/jpeg"}],"author":"Charline Noblet","twitter_card":"summary_large_image","twitter_misc":{"\u00c9crit par":"Charline Noblet","Dur\u00e9e de lecture estim\u00e9e":"5 minutes"},"schema":{"@context":"https:\/\/schema.org","@graph":[{"@type":"Article","@id":"https:\/\/espiritodacomporta.com\/fr\/les-secrets-de-melides-au-portugal\/#article","isPartOf":{"@id":"https:\/\/espiritodacomporta.com\/fr\/les-secrets-de-melides-au-portugal\/"},"author":{"name":"Charline Noblet","@id":"https:\/\/espiritodacomporta.com\/fr\/#\/schema\/person\/6e1c66cf1c46ee5b2e07e9b72600eaee"},"headline":"Les secrets de Melides au Portugal","datePublished":"2023-01-06T17:51:00+00:00","dateModified":"2024-03-06T12:55:42+00:00","mainEntityOfPage":{"@id":"https:\/\/espiritodacomporta.com\/fr\/les-secrets-de-melides-au-portugal\/"},"wordCount":962,"commentCount":0,"publisher":{"@id":"https:\/\/espiritodacomporta.com\/fr\/#organization"},"image":{"@id":"https:\/\/espiritodacomporta.com\/fr\/les-secrets-de-melides-au-portugal\/#primaryimage"},"thumbnailUrl":"https:\/\/espiritodacomporta.com\/app\/uploads\/2019\/08\/melides3.jpg","articleSection":["Chercher le beau"],"inLanguage":"fr-FR","potentialAction":[{"@type":"CommentAction","name":"Comment","target":["https:\/\/espiritodacomporta.com\/fr\/les-secrets-de-melides-au-portugal\/#respond"]}]},{"@type":"WebPage","@id":"https:\/\/espiritodacomporta.com\/fr\/les-secrets-de-melides-au-portugal\/","url":"https:\/\/espiritodacomporta.com\/fr\/les-secrets-de-melides-au-portugal\/","name":"Les secrets de Melides Portugal - Restaurants, Plages & Activit\u00e9s","isPartOf":{"@id":"https:\/\/espiritodacomporta.com\/fr\/#website"},"primaryImageOfPage":{"@id":"https:\/\/espiritodacomporta.com\/fr\/les-secrets-de-melides-au-portugal\/#primaryimage"},"image":{"@id":"https:\/\/espiritodacomporta.com\/fr\/les-secrets-de-melides-au-portugal\/#primaryimage"},"thumbnailUrl":"https:\/\/espiritodacomporta.com\/app\/uploads\/2019\/08\/melides3.jpg","datePublished":"2023-01-06T17:51:00+00:00","dateModified":"2024-03-06T12:55:42+00:00","description":"D\u00e9couvrez tous les secrets de Melides au Portugal : un village de charme, les meilleurs restaurants et activit\u00e9s, et les plus belles plages.","breadcrumb":{"@id":"https:\/\/espiritodacomporta.com\/fr\/les-secrets-de-melides-au-portugal\/#breadcrumb"},"inLanguage":"fr-FR","potentialAction":[{"@type":"ReadAction","target":["https:\/\/espiritodacomporta.com\/fr\/les-secrets-de-melides-au-portugal\/"]}]},{"@type":"ImageObject","inLanguage":"fr-FR","@id":"https:\/\/espiritodacomporta.com\/fr\/les-secrets-de-melides-au-portugal\/#primaryimage","url":"https:\/\/espiritodacomporta.com\/app\/uploads\/2019\/08\/melides3.jpg","contentUrl":"https:\/\/espiritodacomporta.com\/app\/uploads\/2019\/08\/melides3.jpg","width":1280,"height":853,"caption":"melides"},{"@type":"BreadcrumbList","@id":"https:\/\/espiritodacomporta.com\/fr\/les-secrets-de-melides-au-portugal\/#breadcrumb","itemListElement":[{"@type":"ListItem","position":1,"name":"Home","item":"https:\/\/espiritodacomporta.com\/fr\/"},{"@type":"ListItem","position":2,"name":"D\u00e9couvrez Comporta","item":"https:\/\/espiritodacomporta.com\/fr\/categorie\/decouvrez-comporta\/"},{"@type":"ListItem","position":3,"name":"Chercher le beau","item":"https:\/\/espiritodacomporta.com\/fr\/categorie\/decouvrez-comporta\/chercher-le-beau\/"},{"@type":"ListItem","position":4,"name":"Les secrets de Melides au Portugal"}]},{"@type":"WebSite","@id":"https:\/\/espiritodacomporta.com\/fr\/#website","url":"https:\/\/espiritodacomporta.com\/fr\/","name":"Live & Feel Comporta Portugal","description":"","publisher":{"@id":"https:\/\/espiritodacomporta.com\/fr\/#organization"},"potentialAction":[{"@type":"SearchAction","target":{"@type":"EntryPoint","urlTemplate":"https:\/\/espiritodacomporta.com\/fr\/?s={search_term_string}"},"query-input":{"@type":"PropertyValueSpecification","valueRequired":true,"valueName":"search_term_string"}}],"inLanguage":"fr-FR"},{"@type":"Organization","@id":"https:\/\/espiritodacomporta.com\/fr\/#organization","name":"Espirito da Comporta","url":"https:\/\/espiritodacomporta.com\/fr\/","logo":{"@type":"ImageObject","inLanguage":"fr-FR","@id":"https:\/\/espiritodacomporta.com\/fr\/#\/schema\/logo\/image\/","url":"https:\/\/espiritodacomporta.com\/app\/uploads\/2023\/09\/LOGO-SIGNATURE@4x.png","contentUrl":"https:\/\/espiritodacomporta.com\/app\/uploads\/2023\/09\/LOGO-SIGNATURE@4x.png","width":321,"height":385,"caption":"Espirito da Comporta"},"image":{"@id":"https:\/\/espiritodacomporta.com\/fr\/#\/schema\/logo\/image\/"},"sameAs":["https:\/\/www.instagram.com\/almadacomporta\/"]},{"@type":"Person","@id":"https:\/\/espiritodacomporta.com\/fr\/#\/schema\/person\/6e1c66cf1c46ee5b2e07e9b72600eaee","name":"Charline Noblet","image":{"@type":"ImageObject","inLanguage":"fr-FR","@id":"https:\/\/secure.gravatar.com\/avatar\/1cb8650c0f3cd8a96e31ebc41d5472b4785cb7753c9d361dbcb6ffc123643350?s=96&d=mm&r=g","url":"https:\/\/secure.gravatar.com\/avatar\/1cb8650c0f3cd8a96e31ebc41d5472b4785cb7753c9d361dbcb6ffc123643350?s=96&d=mm&r=g","contentUrl":"https:\/\/secure.gravatar.com\/avatar\/1cb8650c0f3cd8a96e31ebc41d5472b4785cb7753c9d361dbcb6ffc123643350?s=96&d=mm&r=g","caption":"Charline Noblet"}}]}},"jetpack_featured_media_url":"https:\/\/espiritodacomporta.com\/app\/uploads\/2019\/08\/melides3.jpg","_links":{"self":[{"href":"https:\/\/espiritodacomporta.com\/fr\/wp-json\/wp\/v2\/posts\/3705","targetHints":{"allow":["GET"]}}],"collection":[{"href":"https:\/\/espiritodacomporta.com\/fr\/wp-json\/wp\/v2\/posts"}],"about":[{"href":"https:\/\/espiritodacomporta.com\/fr\/wp-json\/wp\/v2\/types\/post"}],"author":[{"embeddable":true,"href":"https:\/\/espiritodacomporta.com\/fr\/wp-json\/wp\/v2\/users\/2"}],"replies":[{"embeddable":true,"href":"https:\/\/espiritodacomporta.com\/fr\/wp-json\/wp\/v2\/comments?post=3705"}],"version-history":[{"count":0,"href":"https:\/\/espiritodacomporta.com\/fr\/wp-json\/wp\/v2\/posts\/3705\/revisions"}],"wp:featuredmedia":[{"embeddable":true,"href":"https:\/\/espiritodacomporta.com\/fr\/wp-json\/wp\/v2\/media\/3706"}],"wp:attachment":[{"href":"https:\/\/espiritodacomporta.com\/fr\/wp-json\/wp\/v2\/media?parent=3705"}],"wp:term":[{"taxonomy":"category","embeddable":true,"href":"https:\/\/espiritodacomporta.com\/fr\/wp-json\/wp\/v2\/categories?post=3705"},{"taxonomy":"post_tag","embeddable":true,"href":"https:\/\/espiritodacomporta.com\/fr\/wp-json\/wp\/v2\/tags?post=3705"}],"curies":[{"name":"wp","href":"https:\/\/api.w.org\/{rel}","templated":true}]}}