{"id":48131,"date":"2025-12-03T19:49:00","date_gmt":"2025-12-03T17:49:00","guid":{"rendered":"https:\/\/espiritodacomporta.com\/?p=48131"},"modified":"2025-12-04T19:33:04","modified_gmt":"2025-12-04T17:33:04","slug":"le-portugal-au-printemps","status":"publish","type":"post","link":"https:\/\/espiritodacomporta.com\/fr\/le-portugal-au-printemps\/","title":{"rendered":"Le Portugal au printemps &#8211; Les meilleurs endroits"},"content":{"rendered":"\n<p class=\"is-style-text-intro\">Le Portugal est un pays d&rsquo;une superficie de 92 212 km\u00b2, situ\u00e9 dans le sud-ouest de l&rsquo;Europe et comptant environ 10 millions d&rsquo;habitants. En raison de sa position g\u00e9ographique, c&rsquo;est un pays privil\u00e9gi\u00e9 avec un littoral d&rsquo;environ 943 km sur l&rsquo;oc\u00e9an Atlantique. Le printemps est un excellent choix pour voyager au Portugal. Quelles que soient vos pr\u00e9f\u00e9rences de voyage, nous sommes certains que vous trouverez ce que vous cherchez dans ce pays qui, bien que petit, a beaucoup \u00e0 offrir ! D\u00e9couvrez nos recommandations pour cette p\u00e9riode de l&rsquo;ann\u00e9e.<\/p>\n\n\n<section class=\"homeblocks   \">\n    <section class=\"homeblocks-image \">\n                  <!-- <img decoding=\"async\" src=\"https:\/\/espiritodacomporta.com\/app\/uploads\/2023\/01\/lisboa.webp\" alt=\"lisboa\"> -->\n          <img decoding=\"async\" width=\"1100\" height=\"962\" src=\"https:\/\/espiritodacomporta.com\/app\/uploads\/2023\/01\/lisboa.webp\" class=\"attachment-full size-full\" alt=\"lisboa\" loading=\"lazy\" srcset=\"https:\/\/espiritodacomporta.com\/app\/uploads\/2023\/01\/lisboa.webp 1100w, https:\/\/espiritodacomporta.com\/app\/uploads\/2023\/01\/lisboa-300x262.webp 300w, https:\/\/espiritodacomporta.com\/app\/uploads\/2023\/01\/lisboa-1024x896.webp 1024w, https:\/\/espiritodacomporta.com\/app\/uploads\/2023\/01\/lisboa-768x672.webp 768w\" sizes=\"auto, (max-width: 1100px) 100vw, 1100px\" data-attachment-id=\"79238\" data-permalink=\"https:\/\/espiritodacomporta.com\/fr\/le-portugal-au-printemps\/lisboa-2\/\" data-orig-file=\"https:\/\/espiritodacomporta.com\/app\/uploads\/2023\/01\/lisboa.webp\" data-orig-size=\"1100,962\" data-comments-opened=\"0\" data-image-meta=\"{&quot;aperture&quot;:&quot;0&quot;,&quot;credit&quot;:&quot;&quot;,&quot;camera&quot;:&quot;&quot;,&quot;caption&quot;:&quot;&quot;,&quot;created_timestamp&quot;:&quot;0&quot;,&quot;copyright&quot;:&quot;&quot;,&quot;focal_length&quot;:&quot;0&quot;,&quot;iso&quot;:&quot;0&quot;,&quot;shutter_speed&quot;:&quot;0&quot;,&quot;title&quot;:&quot;&quot;,&quot;orientation&quot;:&quot;0&quot;}\" data-image-title=\"lisboa\" data-image-description=\"\" data-image-caption=\"\" data-medium-file=\"https:\/\/espiritodacomporta.com\/app\/uploads\/2023\/01\/lisboa-300x262.webp\" data-large-file=\"https:\/\/espiritodacomporta.com\/app\/uploads\/2023\/01\/lisboa-1024x896.webp\" \/>\n            <\/section>\n    <section class=\"homeblocks-content\">\n        <div class=\"homeblocks-content-inside\">\n            <p><!-- wp:heading --><\/p>\n<h2 id=\"h-quelle-est-la-meilleure-periode-de-l-annee-pour-visiter-lisbonne-au-portugal\" class=\"wp-block-heading\">Quelle est la meilleure p\u00e9riode de l&rsquo;ann\u00e9e pour visiter Lisbonne au Portugal ?<\/h2>\n<p><!-- \/wp:heading --> <!-- wp:paragraph --><\/p>\n<p>C&rsquo;est un pays relativement petit, mais qui a beaucoup \u00e0 offrir. La diversit\u00e9 des paysages est incroyable et il y en a pour tous les go\u00fbts. Plages, for\u00eats, r\u00e9serves et parcs naturels, chutes d&rsquo;eau, sources chaudes et m\u00eame de la neige sont \u00e0 d\u00e9couvrir au Portugal. Ce pays peut \u00eatre visit\u00e9 tout au long de l&rsquo;ann\u00e9e, mais nous nous concentrerons ici sur le printemps et sur les meilleurs endroits \u00e0 explorer \u00e0 cette p\u00e9riode, comme Porto, Lisbonne ou <a href=\"https:\/\/espiritodacomporta.com\/fr\/\">Comporta<\/a>. Si vous envisagez de venir \u00e0 d&rsquo;autres saisons, comme <a href=\"https:\/\/espiritodacomporta.com\/fr\/automne-au-portugal\/\">l&rsquo;automne<\/a> ou <a href=\"https:\/\/espiritodacomporta.com\/fr\/lhiver-au-portugal\/\">l&rsquo;hiver,<\/a> consultez nos autres articles. D\u00e9couvrez avec nous les meilleurs endroits pour la saison avant l&rsquo;\u00e9t\u00e9 :<\/p>\n<p><!-- \/wp:paragraph --><\/p>\n\n\n            \n                    <\/div>\n    <\/section>\n<\/section>\n\n\n\n<h2 class=\"wp-block-heading\" id=\"h-\"><\/h2>\n\n\n<section class=\"homeblocks   \">\n    <section class=\"homeblocks-image  homeblocks-right \">\n                  <!-- <img decoding=\"async\" src=\"https:\/\/espiritodacomporta.com\/app\/uploads\/2023\/12\/boat-winter.png\" alt=\"boat-winter\"> -->\n          <img decoding=\"async\" width=\"742\" height=\"752\" src=\"https:\/\/espiritodacomporta.com\/app\/uploads\/2023\/12\/boat-winter.png\" class=\"attachment-full size-full\" alt=\"boat-winter\" loading=\"lazy\" srcset=\"https:\/\/espiritodacomporta.com\/app\/uploads\/2023\/12\/boat-winter.png 742w, https:\/\/espiritodacomporta.com\/app\/uploads\/2023\/12\/boat-winter-296x300.png 296w\" sizes=\"auto, (max-width: 742px) 100vw, 742px\" data-attachment-id=\"75761\" data-permalink=\"https:\/\/espiritodacomporta.com\/fr\/lhiver-au-portugal\/boat-winter-2\/\" data-orig-file=\"https:\/\/espiritodacomporta.com\/app\/uploads\/2023\/12\/boat-winter.png\" data-orig-size=\"742,752\" data-comments-opened=\"0\" data-image-meta=\"{&quot;aperture&quot;:&quot;0&quot;,&quot;credit&quot;:&quot;&quot;,&quot;camera&quot;:&quot;&quot;,&quot;caption&quot;:&quot;&quot;,&quot;created_timestamp&quot;:&quot;0&quot;,&quot;copyright&quot;:&quot;&quot;,&quot;focal_length&quot;:&quot;0&quot;,&quot;iso&quot;:&quot;0&quot;,&quot;shutter_speed&quot;:&quot;0&quot;,&quot;title&quot;:&quot;&quot;,&quot;orientation&quot;:&quot;0&quot;}\" data-image-title=\"boat-winter\" data-image-description=\"\" data-image-caption=\"\" data-medium-file=\"https:\/\/espiritodacomporta.com\/app\/uploads\/2023\/12\/boat-winter-296x300.png\" data-large-file=\"https:\/\/espiritodacomporta.com\/app\/uploads\/2023\/12\/boat-winter.png\" \/>\n            <\/section>\n    <section class=\"homeblocks-content\">\n        <div class=\"homeblocks-content-inside\">\n            <p><!-- wp:list --><\/p>\n<h2><strong>Meilleures villes \u00e0 visiter au Portugal au printemps<\/strong><\/h2>\n<p><!-- \/wp:list --> <!-- wp:paragraph --><\/p>\n<p><a href=\"#Porto\">Porto<\/a><\/p>\n<p><!-- \/wp:paragraph --> <!-- wp:paragraph --><\/p>\n<p><a href=\"#Braga\">Braga<\/a><\/p>\n<p><!-- \/wp:paragraph --> <!-- wp:paragraph --><\/p>\n<p><a href=\"#Guimaraes\">Guimar\u00e3es<\/a><\/p>\n<p><!-- \/wp:paragraph --> <!-- wp:paragraph --><\/p>\n<p><a href=\"#Aveiro\">Aveiro<\/a><\/p>\n<p><!-- \/wp:paragraph --> <!-- wp:paragraph --><\/p>\n<p><a href=\"#Coimbra\">Coimbra<\/a><\/p>\n<p><!-- \/wp:paragraph --> <!-- wp:paragraph --><\/p>\n<p><a href=\"#Lisboa\">Lisboa<\/a><\/p>\n<p><!-- \/wp:paragraph --> <!-- wp:paragraph --><\/p>\n<p><a href=\"#Sintra\">Sintra<\/a><\/p>\n<p><!-- \/wp:paragraph --> <!-- wp:paragraph --><\/p>\n<p><a href=\"#Obidos\">Obidos<\/a><\/p>\n<p><!-- \/wp:paragraph --> <!-- wp:paragraph --><\/p>\n<p><a href=\"#comporta\">Comporta<\/a><\/p>\n<p><!-- \/wp:paragraph --> <!-- wp:paragraph --><\/p>\n<p><a href=\"#Evora\">\u00c9vora<\/a><\/p>\n<p><!-- \/wp:paragraph --> <!-- wp:paragraph --><\/p>\n<p><a href=\"#Lagos\">Lagos<\/a><\/p>\n<p><!-- \/wp:paragraph --> <!-- wp:paragraph --><\/p>\n<p><a href=\"#Tavira\">Tavira<\/a><\/p>\n<p><!-- \/wp:paragraph --> <!-- wp:paragraph --><\/p>\n<p><a href=\"#Madeira\">Archipels (Mad\u00e8re et A\u00e7ores)<\/a><\/p>\n<p><!-- \/wp:paragraph --> <!-- wp:list --><\/p>\n<ul class=\"wp-block-list\"><!-- wp:list-item --><\/p>\n<li><strong><a href=\"#5-parks\">Les 5 meilleurs parcs nationaux du Portugal au printemps<\/a><\/strong><\/li>\n<p><!-- \/wp:list-item --> <!-- wp:list-item --><\/p>\n<li><strong><a href=\"#Advantages\">Avantages et inconv\u00e9nients de partir au printemps au Portugal<\/a><\/strong><\/li>\n<p><!-- \/wp:list-item --><\/ul>\n<p><!-- \/wp:list --><\/p>\n\n\n            \n                    <\/div>\n    <\/section>\n<\/section>\n\n\n\n<p><\/p>\n\n\n<section class=\"homeblocks   \">\n    <section class=\"homeblocks-image \">\n                  <!-- <img decoding=\"async\" src=\"https:\/\/espiritodacomporta.com\/app\/uploads\/2022\/04\/flor-de-arroz-2-scaled.webp\" alt=\"flor-de-arroz-\"> -->\n          <img decoding=\"async\" width=\"2560\" height=\"1707\" src=\"https:\/\/espiritodacomporta.com\/app\/uploads\/2022\/04\/flor-de-arroz-2-scaled.webp\" class=\"attachment-full size-full\" alt=\"flor-de-arroz-\" loading=\"lazy\" data-attachment-id=\"27128\" data-permalink=\"https:\/\/espiritodacomporta.com\/fr\/quand-partir-a-comporta-au-portugal\/flor-de-arroz-2-3\/\" data-orig-file=\"https:\/\/espiritodacomporta.com\/app\/uploads\/2022\/04\/flor-de-arroz-2-scaled.webp\" data-orig-size=\"2560,1707\" data-comments-opened=\"0\" data-image-meta=\"{&quot;aperture&quot;:&quot;0&quot;,&quot;credit&quot;:&quot;&quot;,&quot;camera&quot;:&quot;&quot;,&quot;caption&quot;:&quot;&quot;,&quot;created_timestamp&quot;:&quot;0&quot;,&quot;copyright&quot;:&quot;&quot;,&quot;focal_length&quot;:&quot;0&quot;,&quot;iso&quot;:&quot;0&quot;,&quot;shutter_speed&quot;:&quot;0&quot;,&quot;title&quot;:&quot;&quot;,&quot;orientation&quot;:&quot;0&quot;}\" data-image-title=\"flor-de-arroz\" data-image-description=\"\" data-image-caption=\"\" data-medium-file=\"https:\/\/espiritodacomporta.com\/app\/uploads\/2022\/04\/flor-de-arroz-2-scaled.webp\" data-large-file=\"https:\/\/espiritodacomporta.com\/app\/uploads\/2022\/04\/flor-de-arroz-2-scaled.webp\" \/>\n            <\/section>\n    <section class=\"homeblocks-content\">\n        <div class=\"homeblocks-content-inside\">\n            <p><!-- wp:heading --><\/p>\n<h2 class=\"wp-block-heading\">Le printemps est-il une bonne p\u00e9riode pour visiter le Portugal?<\/h2>\n<p><!-- \/wp:heading --> <!-- wp:paragraph --><\/p>\n<p>Cela d\u00e9pend beaucoup du style de vacances que vous recherchez. Cependant, si vous partez \u00e0 partir de mars (jusqu&rsquo;en mai), vous ne trouverez pas le pays aussi rempli de touristes et vous pourrez d\u00e9j\u00e0 profiter de journ\u00e9es ensoleill\u00e9es pour faire de longues promenades tranquilles. Les temp\u00e9ratures d\u00e9pendent de la partie du pays o\u00f9 vous vous trouvez. Lisbonne, \u00e9tant la capitale, a en cette saison,10\u02daC -18\u02daC en mars et 13\u00ba \u00e0 22\u00ba en mai. Quant au nord, les temp\u00e9ratures sont un peu plus fra\u00eeches, avec un maximum d&rsquo;environ 19\u00ba en mai. Dans les archipels du Portugal (Mad\u00e8re et A\u00e7ores), les temp\u00e9ratures sont diff\u00e9rentes. Mad\u00e8re est g\u00e9n\u00e9ralement plus chaude que les A\u00e7ores, en raison de sa position g\u00e9ographique.<\/p>\n<p><!-- \/wp:paragraph --><\/p>\n\n\n            \n                    <\/div>\n    <\/section>\n<\/section>\n\n\n\n<h2 class=\"wp-block-heading\" id=\"h-\"><\/h2>\n\n\n<section class=\"homeblocks   \">\n    <section class=\"homeblocks-image  homeblocks-right \">\n                  <!-- <img decoding=\"async\" src=\"https:\/\/espiritodacomporta.com\/app\/uploads\/2023\/01\/porto.webp\" alt=\"porto\"> -->\n          <img decoding=\"async\" width=\"1058\" height=\"996\" src=\"https:\/\/espiritodacomporta.com\/app\/uploads\/2023\/01\/porto.webp\" class=\"attachment-full size-full\" alt=\"porto\" loading=\"lazy\" srcset=\"https:\/\/espiritodacomporta.com\/app\/uploads\/2023\/01\/porto.webp 1058w, https:\/\/espiritodacomporta.com\/app\/uploads\/2023\/01\/porto-300x282.webp 300w, https:\/\/espiritodacomporta.com\/app\/uploads\/2023\/01\/porto-1024x964.webp 1024w, https:\/\/espiritodacomporta.com\/app\/uploads\/2023\/01\/porto-768x723.webp 768w\" sizes=\"auto, (max-width: 1058px) 100vw, 1058px\" data-attachment-id=\"79244\" data-permalink=\"https:\/\/espiritodacomporta.com\/fr\/le-portugal-au-printemps\/porto-2-2\/\" data-orig-file=\"https:\/\/espiritodacomporta.com\/app\/uploads\/2023\/01\/porto.webp\" data-orig-size=\"1058,996\" data-comments-opened=\"0\" data-image-meta=\"{&quot;aperture&quot;:&quot;0&quot;,&quot;credit&quot;:&quot;&quot;,&quot;camera&quot;:&quot;&quot;,&quot;caption&quot;:&quot;&quot;,&quot;created_timestamp&quot;:&quot;0&quot;,&quot;copyright&quot;:&quot;&quot;,&quot;focal_length&quot;:&quot;0&quot;,&quot;iso&quot;:&quot;0&quot;,&quot;shutter_speed&quot;:&quot;0&quot;,&quot;title&quot;:&quot;&quot;,&quot;orientation&quot;:&quot;0&quot;}\" data-image-title=\"porto\" data-image-description=\"\" data-image-caption=\"\" data-medium-file=\"https:\/\/espiritodacomporta.com\/app\/uploads\/2023\/01\/porto-300x282.webp\" data-large-file=\"https:\/\/espiritodacomporta.com\/app\/uploads\/2023\/01\/porto-1024x964.webp\" \/>\n            <\/section>\n    <section class=\"homeblocks-content\">\n        <div class=\"homeblocks-content-inside\">\n            <h2 id=\"h-best-cities-to-visit-in-portugal-in-spring\" class=\"wp-block-heading\">Best cities to visit in Portugal in Spring<\/h2>\n<p><!-- wp:heading {\"level\":3} --><\/p>\n<p id=\"Porto\"><strong>Porto- <\/strong>La deuxi\u00e8me plus grande ville du Portugal, \u00e0 l&rsquo;origine du nom du pays. Une ville avec des ponts centenaires, des b\u00e2timents historiques, des parcs et le magnifique fleuve Douro. Connue pour ses caves \u00e0 vin de Porto, ses espaces culturels et la riche gastronomie de la r\u00e9gion nord.\u00a0 <strong>Conseil<\/strong>: au printemps, faire une croisi\u00e8re sur le fleuve Douro parmi les vall\u00e9es de cette r\u00e9gion est l&rsquo;une des plus belles exp\u00e9riences.<\/p>\n<p><!-- wp:paragraph --><\/p>\n<p><!-- \/wp:paragraph --> <!-- wp:paragraph --><\/p>\n<p id=\"Braga\"><strong>Braga &#8211; <\/strong>Braga est la ville qui a plus de 2000 ans d&rsquo;histoire. Connue pour ses sc\u00e9narios m\u00e9di\u00e9vaux et religieux, elle est en m\u00eame temps une ville dynamique et \u00e9nergique pour avoir l&rsquo;un des plus grands coll\u00e8ges du pays.<\/p>\n<p><!-- \/wp:paragraph --> <!-- wp:paragraph --><\/p>\n<p id=\"Guimaraes\"><strong>Guimar\u00e3es &#8211; <\/strong>Situ\u00e9e dans le district de Braga, c&rsquo;est l&rsquo;une des villes les plus importantes pour l&rsquo;histoire du Portugal. Son incroyable centre historique est inscrit au patrimoine mondial de l&rsquo;Unesco depuis 2001. Le mieux est de se perdre dans les rues et d&rsquo;apprendre \u00e0 conna\u00eetre chaque recoin de la ville.<\/p>\n<p><!-- \/wp:paragraph --> <!-- wp:paragraph --><\/p>\n<p id=\"Aveiro\"><strong>Aveiro &#8211; <\/strong>La fameuse Venise du Portugal. Situ\u00e9e \u00e0 75 km de Porto, c&rsquo;est une petite ville entre la mer et le fleuve. Avec ses maisons color\u00e9es (celles des p\u00eacheurs), ses canaux et ses gondoles, c&rsquo;est une ville au charme authentique et parfaite pour ceux qui cherchent \u00e0 explorer les plages ou l&rsquo;histoire. <strong>Conseil<\/strong>: si vous aimez les sucreries, n&rsquo;oubliez pas de go\u00fbter les ovos moles d&rsquo;Aveiro.<\/p>\n<p><!-- \/wp:paragraph --> <!-- wp:paragraph --><\/p>\n<p id=\"Coimbra\"><strong>Coimbra &#8211; <\/strong>Une ville historiquement universitaire, en raison de l&rsquo;une des plus anciennes universit\u00e9s d&rsquo;Europe : Fondamentale dans l&rsquo;histoire de la culture scientifique europ\u00e9enne et mondiale, elle est inscrite au patrimoine mondial de l&rsquo;Unesco depuis 2013.\u00a0 G\u00e9ographiquement, elle se situe entre les deux grandes villes du Portugal ( Lisbonne et Porto), et c&rsquo;est une ville aux rues \u00e9troites, aux arcs m\u00e9di\u00e9vaux et aux petits escaliers vers les collines. Elle a \u00e9t\u00e9 le lieu de naissance de six rois du Portugal.<\/p>\n<p><!-- \/wp:paragraph --><\/p>\n<p><!-- \/wp:paragraph --><\/p>\n\n\n            \n                    <\/div>\n    <\/section>\n<\/section>\n\n\n\n<h2 class=\"wp-block-heading\" id=\"h-\"><\/h2>\n\n\n\n<h3 class=\"wp-block-heading\" id=\"h-\"><\/h3>\n\n\n<section class=\"homeblocks   \">\n    <section class=\"homeblocks-image \">\n                  <!-- <img decoding=\"async\" src=\"https:\/\/espiritodacomporta.com\/app\/uploads\/2024\/04\/ursa_sintra.webp\" alt=\"ursa_sintra\"> -->\n          <img decoding=\"async\" width=\"1102\" height=\"600\" src=\"https:\/\/espiritodacomporta.com\/app\/uploads\/2024\/04\/ursa_sintra.webp\" class=\"attachment-full size-full\" alt=\"ursa_sintra\" loading=\"lazy\" srcset=\"https:\/\/espiritodacomporta.com\/app\/uploads\/2024\/04\/ursa_sintra.webp 1102w, https:\/\/espiritodacomporta.com\/app\/uploads\/2024\/04\/ursa_sintra-300x163.webp 300w, https:\/\/espiritodacomporta.com\/app\/uploads\/2024\/04\/ursa_sintra-768x418.webp 768w, https:\/\/espiritodacomporta.com\/app\/uploads\/2024\/04\/ursa_sintra-1024x558.webp 1024w\" sizes=\"auto, (max-width: 1102px) 100vw, 1102px\" data-attachment-id=\"68528\" data-permalink=\"https:\/\/espiritodacomporta.com\/fr\/parcs-naturels-portugal\/ursa_sintra\/\" data-orig-file=\"https:\/\/espiritodacomporta.com\/app\/uploads\/2024\/04\/ursa_sintra.webp\" data-orig-size=\"1102,600\" data-comments-opened=\"0\" data-image-meta=\"{&quot;aperture&quot;:&quot;0&quot;,&quot;credit&quot;:&quot;&quot;,&quot;camera&quot;:&quot;&quot;,&quot;caption&quot;:&quot;&quot;,&quot;created_timestamp&quot;:&quot;0&quot;,&quot;copyright&quot;:&quot;&quot;,&quot;focal_length&quot;:&quot;0&quot;,&quot;iso&quot;:&quot;0&quot;,&quot;shutter_speed&quot;:&quot;0&quot;,&quot;title&quot;:&quot;&quot;,&quot;orientation&quot;:&quot;0&quot;}\" data-image-title=\"ursa_sintra\" data-image-description=\"\" data-image-caption=\"\" data-medium-file=\"https:\/\/espiritodacomporta.com\/app\/uploads\/2024\/04\/ursa_sintra-300x163.webp\" data-large-file=\"https:\/\/espiritodacomporta.com\/app\/uploads\/2024\/04\/ursa_sintra-1024x558.webp\" \/>\n            <\/section>\n    <section class=\"homeblocks-content\">\n        <div class=\"homeblocks-content-inside\">\n            <h3 class=\"wp-block-heading\">Centre du Portugal<\/h3>\n<p><!-- \/wp:heading --> <!-- wp:paragraph --><\/p>\n<p id=\"Lisboa\"><strong>Lisbonne &#8211; <\/strong>La ville avec ses immeubles bas et color\u00e9s, au bord du Tage. Ensoleill\u00e9e et connue pour ses 7 collines (au moins !), elle est la capitale du pays et la plus grande ville du Portugal. Elle compte environ 547 000 habitants. Avec plus de 20 si\u00e8cles d&rsquo;histoire, elle poss\u00e8de de riches monuments, des zones riveraines, des parcs, des points de vue, des maisons de fado, ce qui permet d&rsquo;explorer facilement le vaste patrimoine historique et culturel de la ville.<\/p>\n<p><!-- wp:paragraph --><\/p>\n<p id=\"Sintra\"><strong>Sintra &#8211; <\/strong>Sintra est un lieu unique, \u00e0 voir absolument et l&rsquo;un des plus recherch\u00e9s par les touristes. Elle est situ\u00e9e \u00e0 40 minutes de Lisbonne, dans une r\u00e9gion montagneuse o\u00f9 l&rsquo;on trouve des palais et des jardins datant du Xe si\u00e8cle et des ch\u00e2teaux ant\u00e9rieurs au IXe si\u00e8cle. Tout est monumental et les paysages sont \u00e0 couper le souffle ! <strong>Conseil:<\/strong> N&rsquo;oubliez pas de go\u00fbter les travesseiros de Sintra, un g\u00e2teau de la r\u00e9gion.<\/p>\n<p><!-- \/wp:paragraph --> <!-- wp:paragraph --><\/p>\n<p id=\"Obidos\"><strong>\u00d3bidos &#8211; <\/strong>La ville m\u00e9di\u00e9vale du Portugal. G\u00e9ographiquement, du fait d&rsquo;\u00eatre situ\u00e9e sur le point culminant et proche de la c\u00f4te atlantique, elle avait son importance strat\u00e9gique dans le territoire. \u00c0 l&rsquo;int\u00e9rieur des murs du ch\u00e2teau, elle pr\u00e9sente ses rues \u00e9troites et labyrinthiques, ses petites places, son architecture religieuse, avec ses petites maisons blanches qui \u00e9blouissent quiconque s&rsquo;y prom\u00e8ne. Il y a plusieurs \u00e9v\u00e9nements\/festivals comme le festival du chocolat. <strong>Conseil: <\/strong>N&rsquo;oubliez pas d&rsquo;essayer la ginjinha de \u00d3bidos dans un verre de chocolat.<\/p>\n<p><!-- \/wp:paragraph --><\/p>\n<p><!-- \/wp:paragraph --><\/p>\n\n\n            \n                    <\/div>\n    <\/section>\n<\/section>\n\n\n\n<h3 class=\"wp-block-heading\" id=\"h-\"><\/h3>\n\n\n\n<p id=\"Sintra\"><\/p>\n\n\n<section class=\"homeblocks   section-beige  \">\n    <section class=\"homeblocks-image  homeblocks-right \">\n                  <!-- <img decoding=\"async\" src=\"https:\/\/espiritodacomporta.com\/app\/uploads\/2024\/10\/floor-space-house-1.png\" alt=\"flor-de-arroz\"> -->\n          <img decoding=\"async\" width=\"440\" height=\"611\" src=\"https:\/\/espiritodacomporta.com\/app\/uploads\/2024\/10\/floor-space-house-1.png\" class=\"attachment-full size-full\" alt=\"flor-de-arroz\" loading=\"lazy\" srcset=\"https:\/\/espiritodacomporta.com\/app\/uploads\/2024\/10\/floor-space-house-1.png 440w, https:\/\/espiritodacomporta.com\/app\/uploads\/2024\/10\/floor-space-house-1-216x300.png 216w\" sizes=\"auto, (max-width: 440px) 100vw, 440px\" data-attachment-id=\"73170\" data-permalink=\"https:\/\/espiritodacomporta.com\/fr\/nos-maisons\/flor-de-arroz\/floor-space-house-2-2\/\" data-orig-file=\"https:\/\/espiritodacomporta.com\/app\/uploads\/2024\/10\/floor-space-house-1.png\" data-orig-size=\"440,611\" data-comments-opened=\"0\" data-image-meta=\"{&quot;aperture&quot;:&quot;0&quot;,&quot;credit&quot;:&quot;&quot;,&quot;camera&quot;:&quot;&quot;,&quot;caption&quot;:&quot;&quot;,&quot;created_timestamp&quot;:&quot;0&quot;,&quot;copyright&quot;:&quot;&quot;,&quot;focal_length&quot;:&quot;0&quot;,&quot;iso&quot;:&quot;0&quot;,&quot;shutter_speed&quot;:&quot;0&quot;,&quot;title&quot;:&quot;&quot;,&quot;orientation&quot;:&quot;0&quot;}\" data-image-title=\"flor-de-arroz\" data-image-description=\"&lt;p&gt;villa in espirito da comporta&lt;\/p&gt;\n\" data-image-caption=\"\" data-medium-file=\"https:\/\/espiritodacomporta.com\/app\/uploads\/2024\/10\/floor-space-house-1-216x300.png\" data-large-file=\"https:\/\/espiritodacomporta.com\/app\/uploads\/2024\/10\/floor-space-house-1.png\" \/>\n            <\/section>\n    <section class=\"homeblocks-content\">\n        <div class=\"homeblocks-content-inside\">\n            <h3 class=\"wp-block-heading\">Sud du Portugal<\/h3>\n<p><!-- \/wp:heading --> <!-- wp:paragraph --><\/p>\n<p id=\"Comporta\"><strong>Comporta &#8211; <\/strong>La plus longue plage d&rsquo;Europe se trouve sur cette c\u00f4te (45 km). Dot\u00e9e de superbes plages, Comporta est un ancien village de p\u00eacheurs, de plus en plus recherch\u00e9 par les touristes. Cependant, ce n&rsquo;est pas seulement une ville de plage. Comporta se trouve dans l&rsquo;Alentejo, la plus grande r\u00e9gion du Portugal et un endroit id\u00e9al pour passer vos journ\u00e9es de printemps, car le climat y est plus chaud. Comporta est faite pour ceux qui recherchent la tranquillit\u00e9 et des paysages idylliques. La temp\u00e9rature y est toujours douce et moins froide que dans le nord du Portugal. L&rsquo;une des exp\u00e9riences de la visite de cette r\u00e9gion est de s\u00e9journer dans l&rsquo;une <a href=\"https:\/\/espiritodacomporta.com\/fr\/nos-maisons\/\">des maisons de vacances<\/a> dont l&rsquo;identit\u00e9 locale a \u00e9t\u00e9 r\u00e9alis\u00e9e, avec tout le confort et des vues imprenables sur les rizi\u00e8res ou de profiter de l&rsquo;un des <a href=\"https:\/\/espiritodacomporta.com\/fr\/les-hotels-a-comporta\/\">h\u00f4tels de comporta. <\/a><strong>Conseil<\/strong>: profitez des diff\u00e9rentes exp\u00e9riences culturelles, vinicoles et <a href=\"https:\/\/espiritodacomporta.com\/fr\/cuisine-comporta\/\">gastronomiques<\/a> que vous offre la r\u00e9gion.<\/p>\n<p><!-- wp:paragraph --><\/p>\n<p><!-- \/wp:paragraph --> <!-- wp:paragraph --><\/p>\n<p id=\"Evora\"><strong>\u00c9vora &#8211; <\/strong>Une ville mus\u00e9e.\u00a0 Temples romains, mus\u00e9es, petites maisons blanches ou dans les tons de jaune sont les caract\u00e9ristiques de cette ville qui poss\u00e8de un centre historique unique et incontournable. Elle poss\u00e8de \u00e9galement l&rsquo;un des coll\u00e8ges les plus connus du pays et, pour cette raison, elle finit par \u00eatre une ville tr\u00e8s jeune et \u00e9nergique. Elle a \u00e9t\u00e9 consid\u00e9r\u00e9e comme la ville europ\u00e9enne de la culture pour 2027.<\/p>\n<p><!-- \/wp:paragraph --> <!-- wp:paragraph --><\/p>\n<p id=\"Lagos\"><strong>Lagos &#8211; <\/strong>Lagos est d\u00e9j\u00e0 dans la r\u00e9gion de l&rsquo;Algarve et elle est tr\u00e8s recherch\u00e9e par les touristes en \u00e9t\u00e9, cependant, y aller au printemps est un excellent choix si vous \u00eates un amoureux de la nature. Vous ne pourrez peut-\u00eatre pas faire de la plong\u00e9e, mais vous verrez certainement des grottes et des falaises \u00e0 couper le souffle sans grandes foules. Lagos est une ville historique \u00e0 l&rsquo;atmosph\u00e8re d\u00e9tendue.<\/p>\n<p><!-- \/wp:paragraph --> <!-- wp:paragraph --><\/p>\n<p><strong>Tavira\u00a0 &#8211; <\/strong>Avec son oc\u00e9an et sa rivi\u00e8re, cette ville poss\u00e8de certaines des meilleures (et des plus chaudes, en raison de sa position g\u00e9ographique) plages du pays. Il est possible de visiter l&rsquo;\u00eele de Tavira et Cabanas de Tavira depuis la ville, deux autres destinations tr\u00e8s populaires. <!-- wp:paragraph -->\u00c9glises, mus\u00e9es, places, monuments et jardins sont quelques-unes des attractions de son centre historique. Tavira est un excellent endroit pour ceux qui aiment profiter de la nature et \u00eatre \u00e9blouis par les plages existantes (et pour tous les go\u00fbts)!<\/p>\n<p id=\"Tavira\"><!-- \/wp:paragraph --><\/p>\n<p><!-- \/wp:paragraph --><\/p>\n<p>&nbsp;<\/p>\n<p><!-- \/wp:paragraph --><\/p>\n\n\n            \n                    <\/div>\n    <\/section>\n<\/section>\n\n\n\n<h3 class=\"wp-block-heading\" id=\"h-\"><\/h3>\n\n\n<section class=\"homeblocks   \">\n    <section class=\"homeblocks-image \">\n                  <!-- <img decoding=\"async\" src=\"https:\/\/espiritodacomporta.com\/app\/uploads\/2023\/01\/Azores.webp\" alt=\"Azores\"> -->\n          <img decoding=\"async\" width=\"1700\" height=\"1138\" src=\"https:\/\/espiritodacomporta.com\/app\/uploads\/2023\/01\/Azores.webp\" class=\"attachment-full size-full\" alt=\"Azores\" loading=\"lazy\" srcset=\"https:\/\/espiritodacomporta.com\/app\/uploads\/2023\/01\/Azores.webp 1700w, https:\/\/espiritodacomporta.com\/app\/uploads\/2023\/01\/Azores-300x201.webp 300w, https:\/\/espiritodacomporta.com\/app\/uploads\/2023\/01\/Azores-1024x685.webp 1024w, https:\/\/espiritodacomporta.com\/app\/uploads\/2023\/01\/Azores-768x514.webp 768w, https:\/\/espiritodacomporta.com\/app\/uploads\/2023\/01\/Azores-1536x1028.webp 1536w\" sizes=\"auto, (max-width: 1700px) 100vw, 1700px\" data-attachment-id=\"79250\" data-permalink=\"https:\/\/espiritodacomporta.com\/fr\/le-portugal-au-printemps\/azores-2\/\" data-orig-file=\"https:\/\/espiritodacomporta.com\/app\/uploads\/2023\/01\/Azores.webp\" data-orig-size=\"1700,1138\" data-comments-opened=\"0\" data-image-meta=\"{&quot;aperture&quot;:&quot;0&quot;,&quot;credit&quot;:&quot;&quot;,&quot;camera&quot;:&quot;&quot;,&quot;caption&quot;:&quot;&quot;,&quot;created_timestamp&quot;:&quot;0&quot;,&quot;copyright&quot;:&quot;&quot;,&quot;focal_length&quot;:&quot;0&quot;,&quot;iso&quot;:&quot;0&quot;,&quot;shutter_speed&quot;:&quot;0&quot;,&quot;title&quot;:&quot;&quot;,&quot;orientation&quot;:&quot;0&quot;}\" data-image-title=\"Azores\" data-image-description=\"\" data-image-caption=\"\" data-medium-file=\"https:\/\/espiritodacomporta.com\/app\/uploads\/2023\/01\/Azores-300x201.webp\" data-large-file=\"https:\/\/espiritodacomporta.com\/app\/uploads\/2023\/01\/Azores-1024x685.webp\" \/>\n            <\/section>\n    <section class=\"homeblocks-content\">\n        <div class=\"homeblocks-content-inside\">\n            <h3 class=\"wp-block-heading\">Archipels<\/h3>\n<p><!-- \/wp:heading --> <!-- wp:paragraph --><\/p>\n<p id=\"Madeira\"><strong>Mad\u00e8re\u00a0 &#8211; <\/strong>Form\u00e9 de trois \u00eeles et de deux \u00eelots, \u00e0 700 km de la c\u00f4te africaine, c&rsquo;est un archipel qui pr\u00e9sente des climats plus chauds tout au long de l&rsquo;ann\u00e9e. Au printemps, les temp\u00e9ratures moyennes se situent entre 19\u00ba et 22\u00ba degr\u00e9s. Funchal est la capitale et la plus visit\u00e9e. L&rsquo;id\u00e9al est de louer une voiture et de parcourir toute l&rsquo;histoire et les paysages qu&rsquo;offre cet archipel.<\/p>\n<p><!-- wp:paragraph --><\/p>\n<p><strong>A\u00e7ores &#8211; <\/strong>Un tr\u00e9sor du Portugal. Constitu\u00e9es de 9 \u00eeles de nature volcanique, les paysages sont idylliques. Les A\u00e7ores ont un climat instable, mais il ne faut pas le craindre. L&rsquo;\u00eele la plus connue est S\u00e3o Miguel (et aussi la plus grande). Les A\u00e7ores sont un voyage en pleine nature, dont les sentiers nous emm\u00e8nent vers des cascades et des paysages que l&rsquo;on n&rsquo;oubliera jamais.<\/p>\n<p><!-- \/wp:paragraph --><\/p>\n<p>&nbsp;<\/p>\n<p><!-- \/wp:paragraph --><\/p>\n\n\n            \n                    <\/div>\n    <\/section>\n<\/section>\n\n\n\n<h3 class=\"wp-block-heading\" id=\"h-\"><\/h3>\n\n\n<section class=\"homeblocks   \">\n    <section class=\"homeblocks-image  homeblocks-right \">\n                  <!-- <img decoding=\"async\" src=\"https:\/\/espiritodacomporta.com\/app\/uploads\/2024\/01\/natural_parks_.webp\" alt=\"natural_parks_\"> -->\n          <img decoding=\"async\" width=\"950\" height=\"1010\" src=\"https:\/\/espiritodacomporta.com\/app\/uploads\/2024\/01\/natural_parks_.webp\" class=\"attachment-full size-full\" alt=\"natural_parks_\" loading=\"lazy\" srcset=\"https:\/\/espiritodacomporta.com\/app\/uploads\/2024\/01\/natural_parks_.webp 950w, https:\/\/espiritodacomporta.com\/app\/uploads\/2024\/01\/natural_parks_-282x300.webp 282w, https:\/\/espiritodacomporta.com\/app\/uploads\/2024\/01\/natural_parks_-768x817.webp 768w\" sizes=\"auto, (max-width: 950px) 100vw, 950px\" data-attachment-id=\"79264\" data-permalink=\"https:\/\/espiritodacomporta.com\/fr\/le-portugal-au-printemps\/natural_parks_-2\/\" data-orig-file=\"https:\/\/espiritodacomporta.com\/app\/uploads\/2024\/01\/natural_parks_.webp\" data-orig-size=\"950,1010\" data-comments-opened=\"0\" data-image-meta=\"{&quot;aperture&quot;:&quot;0&quot;,&quot;credit&quot;:&quot;&quot;,&quot;camera&quot;:&quot;&quot;,&quot;caption&quot;:&quot;&quot;,&quot;created_timestamp&quot;:&quot;0&quot;,&quot;copyright&quot;:&quot;&quot;,&quot;focal_length&quot;:&quot;0&quot;,&quot;iso&quot;:&quot;0&quot;,&quot;shutter_speed&quot;:&quot;0&quot;,&quot;title&quot;:&quot;&quot;,&quot;orientation&quot;:&quot;0&quot;}\" data-image-title=\"natural_parks_\" data-image-description=\"\" data-image-caption=\"\" data-medium-file=\"https:\/\/espiritodacomporta.com\/app\/uploads\/2024\/01\/natural_parks_-282x300.webp\" data-large-file=\"https:\/\/espiritodacomporta.com\/app\/uploads\/2024\/01\/natural_parks_.webp\" \/>\n            <\/section>\n    <section class=\"homeblocks-content\">\n        <div class=\"homeblocks-content-inside\">\n            <p><!-- wp:heading --><\/p>\n<h2 class=\"wp-block-heading\"><strong>5 parcs nationaux \u00e0 visiter au printemps<\/strong><\/h2>\n<p><!-- \/wp:heading --> <!-- wp:paragraph --><\/p>\n<p id=\"5-parks\">Veillez \u00e0 combiner les lieux que vous avez choisis avec l&rsquo;un de ces parcs. Au printemps, avec les fleurs et les nouvelles couleurs que la saison elle-m\u00eame offre, ce sont des parcs incroyables \u00e0 visiter.<\/p>\n<p><strong style=\"font-size: inherit; background-color: var(--beige-fond); color: var(--noir-transparent);\">Parc naturel international du Douro &#8211; <\/strong><span style=\"font-size: inherit; background-color: var(--beige-fond); color: var(--noir-transparent);\">Il s&rsquo;agit de l&rsquo;une des plus grandes zones prot\u00e9g\u00e9es du pays avec 868 km2. Il se trouve \u00e9galement \u00e0 la fronti\u00e8re avec le Portugal et l&rsquo;Espagne et a \u00e9t\u00e9 cr\u00e9\u00e9 pour prot\u00e9ger l&rsquo;incroyable paysage de la r\u00e9gion, ainsi que sa flore et sa faune.<\/span><\/p>\n<p><strong style=\"font-size: inherit; background-color: var(--beige-fond); color: var(--noir-transparent);\">Parc national de Peneda-Geres &#8211; <\/strong>Situ\u00e9 dans le nord du Portugal, il a une superficie de 695km2 en 1971. D&rsquo;une diversit\u00e9 botanique remarquable, il compte plusieurs esp\u00e8ces rares et end\u00e9miques. C&rsquo;est le seul parc du Portugal qui poss\u00e8de un riche patrimoine historique et culturel. Il est possible de trouver des sources, des cascades, des villages centenaires et plusieurs vall\u00e9es.<\/p>\n<p><strong style=\"font-size: inherit; background-color: var(--beige-fond); color: var(--noir-transparent);\">Parc naturel de Serra da Estrela &#8211; <\/strong>Il poss\u00e8de la plus grande zone prot\u00e9g\u00e9e et se trouve dans la partie la plus \u00e9lev\u00e9e du pays. Avec deux rivi\u00e8res (Mondego et Zezere), ce parc est tr\u00e8s populaire pour les sports d&rsquo;hiver et les randonneurs qui traversent ses magnifiques vall\u00e9es et rochers.<\/p>\n<p><strong style=\"font-size: inherit; background-color: var(--beige-fond); color: var(--noir-transparent);\">Parc naturel d&rsquo;Arrabida &#8211; <\/strong>Ce parc, situ\u00e9 au bord de la mer, offre des paysages d&rsquo;un autre monde. L&rsquo;oc\u00e9an d&rsquo;eau cristalline et les falaises font de cette r\u00e9gion l&rsquo;une des plus uniques du Portugal. La richesse de la flore est l&rsquo;une des plus grandes attractions du parc.<\/p>\n<p><strong style=\"font-size: inherit; background-color: var(--beige-fond); color: var(--noir-transparent);\">Parc naturel de Sintra-Cascais &#8211; <\/strong>Au bord de la mer, c&rsquo;est l&rsquo;un des parcs les plus recherch\u00e9s de la r\u00e9gion centrale. Les falaises, les falaises basses, les plages, les dunes et le c\u00e9l\u00e8bre \u00ab\u00a0Cabo da Roca\u00a0\u00bb sont les principales attractions qui incitent les curieux \u00e0 l&rsquo;explorer. La beaut\u00e9 du paysage est \u00e9norme et c&rsquo;est pourquoi l&rsquo;Unesco a reconnu une partie du parc comme patrimoine mondial.<\/p>\n<p><!-- \/wp:paragraph --><\/p>\n\n\n            \n                    <\/div>\n    <\/section>\n<\/section>\n\n\n\n<h2 class=\"wp-block-heading\" id=\"h-\"><\/h2>\n\n\n<section class=\"homeblocks   \">\n    <section class=\"homeblocks-image \">\n                  <!-- <img decoding=\"async\" src=\"https:\/\/espiritodacomporta.com\/app\/uploads\/2019\/07\/campo-maison-verti-12.jpg\" alt=\"campo-maison\"> -->\n          <img decoding=\"async\" width=\"667\" height=\"900\" src=\"https:\/\/espiritodacomporta.com\/app\/uploads\/2019\/07\/campo-maison-verti-12.jpg\" class=\"attachment-full size-full\" alt=\"campo-maison\" loading=\"lazy\" srcset=\"https:\/\/espiritodacomporta.com\/app\/uploads\/2019\/07\/campo-maison-verti-12.jpg 667w, https:\/\/espiritodacomporta.com\/app\/uploads\/2019\/07\/campo-maison-verti-12-222x300.jpg 222w\" sizes=\"auto, (max-width: 667px) 100vw, 667px\" data-attachment-id=\"2004\" data-permalink=\"https:\/\/espiritodacomporta.com\/fr\/nos-maisons\/campo-de-arroz\/campo-maison-verti-12-2\/\" data-orig-file=\"https:\/\/espiritodacomporta.com\/app\/uploads\/2019\/07\/campo-maison-verti-12.jpg\" data-orig-size=\"667,900\" data-comments-opened=\"0\" data-image-meta=\"{&quot;aperture&quot;:&quot;0&quot;,&quot;credit&quot;:&quot;&quot;,&quot;camera&quot;:&quot;&quot;,&quot;caption&quot;:&quot;&quot;,&quot;created_timestamp&quot;:&quot;0&quot;,&quot;copyright&quot;:&quot;&quot;,&quot;focal_length&quot;:&quot;0&quot;,&quot;iso&quot;:&quot;0&quot;,&quot;shutter_speed&quot;:&quot;0&quot;,&quot;title&quot;:&quot;&quot;,&quot;orientation&quot;:&quot;0&quot;}\" data-image-title=\"campo-maison\" data-image-description=\"\" data-image-caption=\"\" data-medium-file=\"https:\/\/espiritodacomporta.com\/app\/uploads\/2019\/07\/campo-maison-verti-12-222x300.jpg\" data-large-file=\"https:\/\/espiritodacomporta.com\/app\/uploads\/2019\/07\/campo-maison-verti-12.jpg\" \/>\n            <\/section>\n    <section class=\"homeblocks-content\">\n        <div class=\"homeblocks-content-inside\">\n            <p><!-- wp:heading --><\/p>\n<h2 class=\"wp-block-heading\">Avantages et inconv\u00e9nients de partir au printemps au Portugal<\/h2>\n<p><!-- \/wp:heading --> <!-- wp:paragraph --><\/p>\n<p id=\"Advantages\"><strong>Avantages d&rsquo;une visite au printemps<\/strong><\/p>\n<p><!-- \/wp:paragraph --> <!-- wp:list --><\/p>\n<ul class=\"wp-block-list\"><!-- wp:list-item --><\/p>\n<li>Pas trop de monde<\/li>\n<p><!-- \/wp:list-item --> <!-- wp:list-item --><\/p>\n<li>Prix plus abordables<\/li>\n<p><!-- \/wp:list-item --> <!-- wp:list-item --><\/p>\n<li>Climat doux &#8211; ni trop chaud, ni trop froid.<\/li>\n<p><!-- \/wp:list-item --> <!-- wp:list-item --><\/p>\n<li>Selon le mois, les feuilles, les arbres et les paysages rendent justice \u00e0 la saison.<\/li>\n<p><!-- \/wp:list-item --><\/ul>\n<p><!-- \/wp:list --> <!-- wp:paragraph --><\/p>\n<p><strong>Inconv\u00e9nients du printemps<\/strong><\/p>\n<p><!-- \/wp:paragraph --> <!-- wp:list --><\/p>\n<ul class=\"wp-block-list\"><!-- wp:list-item --><\/p>\n<li>Le temps peut \u00eatre instable avec quelques pluies.<\/li>\n<p><!-- \/wp:list-item --> <!-- wp:list-item --><\/p>\n<li>Il fait plus froid pour plonger dans la mer<\/li>\n<p><!-- \/wp:list-item --> <!-- wp:list-item --><\/p>\n<li>La nature commence \u00e0 prendre des couleurs au printemps, mais si vous partez trop t\u00f4t, vous risquez de ne pas voir certains paysages aussi verts que vous le souhaiteriez.<\/li>\n<p><!-- \/wp:list-item --><\/ul>\n<p><!-- \/wp:list --> <!-- wp:paragraph --><\/p>\n<p>Le printemps est un excellent choix pour voyager au Portugal. Quelle que soit votre pr\u00e9f\u00e9rence de voyage, nous sommes s\u00fbrs que vous trouverez ce que vous cherchez dans ce pays qui, malgr\u00e9 sa petite taille, a beaucoup \u00e0 offrir !<\/p>\n<p><!-- \/wp:paragraph --> <!-- wp:paragraph --><\/p>\n<p>Bon voyage !<\/p>\n<p><!-- \/wp:paragraph --><\/p>\n\n\n            \n                    <\/div>\n    <\/section>\n<\/section>\n\n\n\n<h2 class=\"wp-block-heading\" id=\"h-\"><\/h2>\n\n\n\n<p><\/p>\n","protected":false},"excerpt":{"rendered":"<p>Le Portugal est un pays d&rsquo;une superficie de 92 212 km\u00b2, situ\u00e9 dans le sud-ouest de l&rsquo;Europe et comptant environ 10 millions d&rsquo;habitants. En raison de sa position g\u00e9ographique, c&rsquo;est un pays privil\u00e9gi\u00e9 avec un littoral d&rsquo;environ 943 km sur l&rsquo;oc\u00e9an Atlantique. Le printemps est un excellent choix pour voyager au Portugal. Quelles que soient <\/p>\n<div class=\"goto\"><a href=\"https:\/\/espiritodacomporta.com\/fr\/le-portugal-au-printemps\/\">Lire la suite<\/a><\/div>\n","protected":false},"author":7,"featured_media":48113,"comment_status":"open","ping_status":"open","sticky":false,"template":"","format":"standard","meta":{"_acf_changed":false,"inline_featured_image":false,"footnotes":""},"categories":[14,22],"tags":[],"class_list":["post-48131","post","type-post","status-publish","format-standard","has-post-thumbnail","hentry","category-se-perdre-dans-la-nature","category-chercher-le-beau"],"acf":[],"yoast_head":"<!-- This site is optimized with the Yoast SEO Premium plugin v27.2 (Yoast SEO v27.2) - https:\/\/yoast.com\/product\/yoast-seo-premium-wordpress\/ -->\n<title>Le Portugal au printemps - les meilleurs endroits<\/title>\n<meta name=\"description\" content=\"Le Portugal est un pays fantastique \u00e0 visiter au printemps. D\u00e9couvrez les meilleurs endroits \u00e0 visiter en cette belle saison.\" \/>\n<meta name=\"robots\" content=\"index, follow, max-snippet:-1, max-image-preview:large, max-video-preview:-1\" \/>\n<link rel=\"canonical\" href=\"https:\/\/espiritodacomporta.com\/fr\/le-portugal-au-printemps\/\" \/>\n<meta property=\"og:locale\" content=\"fr_FR\" \/>\n<meta property=\"og:type\" content=\"article\" \/>\n<meta property=\"og:title\" content=\"Le Portugal au printemps - Les meilleurs endroits\" \/>\n<meta property=\"og:description\" content=\"Le Portugal est un pays fantastique \u00e0 visiter au printemps. D\u00e9couvrez les meilleurs endroits \u00e0 visiter en cette belle saison.\" \/>\n<meta property=\"og:url\" content=\"https:\/\/espiritodacomporta.com\/fr\/le-portugal-au-printemps\/\" \/>\n<meta property=\"og:site_name\" content=\"Live &amp; Feel Comporta Portugal\" \/>\n<meta property=\"article:published_time\" content=\"2025-12-03T17:49:00+00:00\" \/>\n<meta property=\"article:modified_time\" content=\"2025-12-04T17:33:04+00:00\" \/>\n<meta property=\"og:image\" content=\"https:\/\/espiritodacomporta.com\/app\/uploads\/2023\/01\/2018-08-23-11.26.30-scaled.webp\" \/>\n\t<meta property=\"og:image:width\" content=\"2560\" \/>\n\t<meta property=\"og:image:height\" content=\"1440\" \/>\n\t<meta property=\"og:image:type\" content=\"image\/webp\" \/>\n<meta name=\"author\" content=\"Info\" \/>\n<meta name=\"twitter:card\" content=\"summary_large_image\" \/>\n<meta name=\"twitter:label1\" content=\"\u00c9crit par\" \/>\n\t<meta name=\"twitter:data1\" content=\"Info\" \/>\n\t<meta name=\"twitter:label2\" content=\"Dur\u00e9e de lecture estim\u00e9e\" \/>\n\t<meta name=\"twitter:data2\" content=\"1 minute\" \/>\n<script type=\"application\/ld+json\" class=\"yoast-schema-graph\">{\"@context\":\"https:\/\/schema.org\",\"@graph\":[{\"@type\":\"Article\",\"@id\":\"https:\/\/espiritodacomporta.com\/fr\/le-portugal-au-printemps\/#article\",\"isPartOf\":{\"@id\":\"https:\/\/espiritodacomporta.com\/fr\/le-portugal-au-printemps\/\"},\"author\":{\"name\":\"Info\",\"@id\":\"https:\/\/espiritodacomporta.com\/fr\/#\/schema\/person\/c76d29ce59d104bde14812d3465de878\"},\"headline\":\"Le Portugal au printemps &#8211; Les meilleurs endroits\",\"datePublished\":\"2025-12-03T17:49:00+00:00\",\"dateModified\":\"2025-12-04T17:33:04+00:00\",\"mainEntityOfPage\":{\"@id\":\"https:\/\/espiritodacomporta.com\/fr\/le-portugal-au-printemps\/\"},\"wordCount\":106,\"commentCount\":0,\"publisher\":{\"@id\":\"https:\/\/espiritodacomporta.com\/fr\/#organization\"},\"image\":{\"@id\":\"https:\/\/espiritodacomporta.com\/fr\/le-portugal-au-printemps\/#primaryimage\"},\"thumbnailUrl\":\"https:\/\/espiritodacomporta.com\/app\/uploads\/2023\/01\/2018-08-23-11.26.30-scaled.webp\",\"articleSection\":[\"Se perdre dans la nature\",\"Chercher le beau\"],\"inLanguage\":\"fr-FR\",\"potentialAction\":[{\"@type\":\"CommentAction\",\"name\":\"Comment\",\"target\":[\"https:\/\/espiritodacomporta.com\/fr\/le-portugal-au-printemps\/#respond\"]}]},{\"@type\":\"WebPage\",\"@id\":\"https:\/\/espiritodacomporta.com\/fr\/le-portugal-au-printemps\/\",\"url\":\"https:\/\/espiritodacomporta.com\/fr\/le-portugal-au-printemps\/\",\"name\":\"Le Portugal au printemps - les meilleurs endroits\",\"isPartOf\":{\"@id\":\"https:\/\/espiritodacomporta.com\/fr\/#website\"},\"primaryImageOfPage\":{\"@id\":\"https:\/\/espiritodacomporta.com\/fr\/le-portugal-au-printemps\/#primaryimage\"},\"image\":{\"@id\":\"https:\/\/espiritodacomporta.com\/fr\/le-portugal-au-printemps\/#primaryimage\"},\"thumbnailUrl\":\"https:\/\/espiritodacomporta.com\/app\/uploads\/2023\/01\/2018-08-23-11.26.30-scaled.webp\",\"datePublished\":\"2025-12-03T17:49:00+00:00\",\"dateModified\":\"2025-12-04T17:33:04+00:00\",\"description\":\"Le Portugal est un pays fantastique \u00e0 visiter au printemps. D\u00e9couvrez les meilleurs endroits \u00e0 visiter en cette belle saison.\",\"breadcrumb\":{\"@id\":\"https:\/\/espiritodacomporta.com\/fr\/le-portugal-au-printemps\/#breadcrumb\"},\"inLanguage\":\"fr-FR\",\"potentialAction\":[{\"@type\":\"ReadAction\",\"target\":[\"https:\/\/espiritodacomporta.com\/fr\/le-portugal-au-printemps\/\"]}]},{\"@type\":\"ImageObject\",\"inLanguage\":\"fr-FR\",\"@id\":\"https:\/\/espiritodacomporta.com\/fr\/le-portugal-au-printemps\/#primaryimage\",\"url\":\"https:\/\/espiritodacomporta.com\/app\/uploads\/2023\/01\/2018-08-23-11.26.30-scaled.webp\",\"contentUrl\":\"https:\/\/espiritodacomporta.com\/app\/uploads\/2023\/01\/2018-08-23-11.26.30-scaled.webp\",\"width\":2560,\"height\":1440,\"caption\":\"rice-field-comporta\"},{\"@type\":\"BreadcrumbList\",\"@id\":\"https:\/\/espiritodacomporta.com\/fr\/le-portugal-au-printemps\/#breadcrumb\",\"itemListElement\":[{\"@type\":\"ListItem\",\"position\":1,\"name\":\"Home\",\"item\":\"https:\/\/espiritodacomporta.com\/fr\/\"},{\"@type\":\"ListItem\",\"position\":2,\"name\":\"D\u00e9couvrez Comporta\",\"item\":\"https:\/\/espiritodacomporta.com\/fr\/categorie\/decouvrez-comporta\/\"},{\"@type\":\"ListItem\",\"position\":3,\"name\":\"Chercher le beau\",\"item\":\"https:\/\/espiritodacomporta.com\/fr\/categorie\/decouvrez-comporta\/chercher-le-beau\/\"},{\"@type\":\"ListItem\",\"position\":4,\"name\":\"Le Portugal au printemps &#8211; Les meilleurs endroits\"}]},{\"@type\":\"WebSite\",\"@id\":\"https:\/\/espiritodacomporta.com\/fr\/#website\",\"url\":\"https:\/\/espiritodacomporta.com\/fr\/\",\"name\":\"Live & Feel Comporta Portugal\",\"description\":\"\",\"publisher\":{\"@id\":\"https:\/\/espiritodacomporta.com\/fr\/#organization\"},\"potentialAction\":[{\"@type\":\"SearchAction\",\"target\":{\"@type\":\"EntryPoint\",\"urlTemplate\":\"https:\/\/espiritodacomporta.com\/fr\/?s={search_term_string}\"},\"query-input\":{\"@type\":\"PropertyValueSpecification\",\"valueRequired\":true,\"valueName\":\"search_term_string\"}}],\"inLanguage\":\"fr-FR\"},{\"@type\":\"Organization\",\"@id\":\"https:\/\/espiritodacomporta.com\/fr\/#organization\",\"name\":\"Espirito da Comporta\",\"url\":\"https:\/\/espiritodacomporta.com\/fr\/\",\"logo\":{\"@type\":\"ImageObject\",\"inLanguage\":\"fr-FR\",\"@id\":\"https:\/\/espiritodacomporta.com\/fr\/#\/schema\/logo\/image\/\",\"url\":\"https:\/\/espiritodacomporta.com\/app\/uploads\/2023\/09\/LOGO-SIGNATURE@4x.png\",\"contentUrl\":\"https:\/\/espiritodacomporta.com\/app\/uploads\/2023\/09\/LOGO-SIGNATURE@4x.png\",\"width\":321,\"height\":385,\"caption\":\"Espirito da Comporta\"},\"image\":{\"@id\":\"https:\/\/espiritodacomporta.com\/fr\/#\/schema\/logo\/image\/\"},\"sameAs\":[\"https:\/\/www.instagram.com\/almadacomporta\/\"]},{\"@type\":\"Person\",\"@id\":\"https:\/\/espiritodacomporta.com\/fr\/#\/schema\/person\/c76d29ce59d104bde14812d3465de878\",\"name\":\"Info\",\"image\":{\"@type\":\"ImageObject\",\"inLanguage\":\"fr-FR\",\"@id\":\"https:\/\/secure.gravatar.com\/avatar\/dee735d7b19944762d18cdf00966586c0ffcea9da4d03f8be9d25dcff9972207?s=96&d=mm&r=g\",\"url\":\"https:\/\/secure.gravatar.com\/avatar\/dee735d7b19944762d18cdf00966586c0ffcea9da4d03f8be9d25dcff9972207?s=96&d=mm&r=g\",\"contentUrl\":\"https:\/\/secure.gravatar.com\/avatar\/dee735d7b19944762d18cdf00966586c0ffcea9da4d03f8be9d25dcff9972207?s=96&d=mm&r=g\",\"caption\":\"Info\"}}]}<\/script>\n<!-- \/ Yoast SEO Premium plugin. -->","yoast_head_json":{"title":"Le Portugal au printemps - les meilleurs endroits","description":"Le Portugal est un pays fantastique \u00e0 visiter au printemps. D\u00e9couvrez les meilleurs endroits \u00e0 visiter en cette belle saison.","robots":{"index":"index","follow":"follow","max-snippet":"max-snippet:-1","max-image-preview":"max-image-preview:large","max-video-preview":"max-video-preview:-1"},"canonical":"https:\/\/espiritodacomporta.com\/fr\/le-portugal-au-printemps\/","og_locale":"fr_FR","og_type":"article","og_title":"Le Portugal au printemps - Les meilleurs endroits","og_description":"Le Portugal est un pays fantastique \u00e0 visiter au printemps. D\u00e9couvrez les meilleurs endroits \u00e0 visiter en cette belle saison.","og_url":"https:\/\/espiritodacomporta.com\/fr\/le-portugal-au-printemps\/","og_site_name":"Live &amp; Feel Comporta Portugal","article_published_time":"2025-12-03T17:49:00+00:00","article_modified_time":"2025-12-04T17:33:04+00:00","og_image":[{"width":2560,"height":1440,"url":"https:\/\/espiritodacomporta.com\/app\/uploads\/2023\/01\/2018-08-23-11.26.30-scaled.webp","type":"image\/webp"}],"author":"Info","twitter_card":"summary_large_image","twitter_misc":{"\u00c9crit par":"Info","Dur\u00e9e de lecture estim\u00e9e":"1 minute"},"schema":{"@context":"https:\/\/schema.org","@graph":[{"@type":"Article","@id":"https:\/\/espiritodacomporta.com\/fr\/le-portugal-au-printemps\/#article","isPartOf":{"@id":"https:\/\/espiritodacomporta.com\/fr\/le-portugal-au-printemps\/"},"author":{"name":"Info","@id":"https:\/\/espiritodacomporta.com\/fr\/#\/schema\/person\/c76d29ce59d104bde14812d3465de878"},"headline":"Le Portugal au printemps &#8211; Les meilleurs endroits","datePublished":"2025-12-03T17:49:00+00:00","dateModified":"2025-12-04T17:33:04+00:00","mainEntityOfPage":{"@id":"https:\/\/espiritodacomporta.com\/fr\/le-portugal-au-printemps\/"},"wordCount":106,"commentCount":0,"publisher":{"@id":"https:\/\/espiritodacomporta.com\/fr\/#organization"},"image":{"@id":"https:\/\/espiritodacomporta.com\/fr\/le-portugal-au-printemps\/#primaryimage"},"thumbnailUrl":"https:\/\/espiritodacomporta.com\/app\/uploads\/2023\/01\/2018-08-23-11.26.30-scaled.webp","articleSection":["Se perdre dans la nature","Chercher le beau"],"inLanguage":"fr-FR","potentialAction":[{"@type":"CommentAction","name":"Comment","target":["https:\/\/espiritodacomporta.com\/fr\/le-portugal-au-printemps\/#respond"]}]},{"@type":"WebPage","@id":"https:\/\/espiritodacomporta.com\/fr\/le-portugal-au-printemps\/","url":"https:\/\/espiritodacomporta.com\/fr\/le-portugal-au-printemps\/","name":"Le Portugal au printemps - les meilleurs endroits","isPartOf":{"@id":"https:\/\/espiritodacomporta.com\/fr\/#website"},"primaryImageOfPage":{"@id":"https:\/\/espiritodacomporta.com\/fr\/le-portugal-au-printemps\/#primaryimage"},"image":{"@id":"https:\/\/espiritodacomporta.com\/fr\/le-portugal-au-printemps\/#primaryimage"},"thumbnailUrl":"https:\/\/espiritodacomporta.com\/app\/uploads\/2023\/01\/2018-08-23-11.26.30-scaled.webp","datePublished":"2025-12-03T17:49:00+00:00","dateModified":"2025-12-04T17:33:04+00:00","description":"Le Portugal est un pays fantastique \u00e0 visiter au printemps. D\u00e9couvrez les meilleurs endroits \u00e0 visiter en cette belle saison.","breadcrumb":{"@id":"https:\/\/espiritodacomporta.com\/fr\/le-portugal-au-printemps\/#breadcrumb"},"inLanguage":"fr-FR","potentialAction":[{"@type":"ReadAction","target":["https:\/\/espiritodacomporta.com\/fr\/le-portugal-au-printemps\/"]}]},{"@type":"ImageObject","inLanguage":"fr-FR","@id":"https:\/\/espiritodacomporta.com\/fr\/le-portugal-au-printemps\/#primaryimage","url":"https:\/\/espiritodacomporta.com\/app\/uploads\/2023\/01\/2018-08-23-11.26.30-scaled.webp","contentUrl":"https:\/\/espiritodacomporta.com\/app\/uploads\/2023\/01\/2018-08-23-11.26.30-scaled.webp","width":2560,"height":1440,"caption":"rice-field-comporta"},{"@type":"BreadcrumbList","@id":"https:\/\/espiritodacomporta.com\/fr\/le-portugal-au-printemps\/#breadcrumb","itemListElement":[{"@type":"ListItem","position":1,"name":"Home","item":"https:\/\/espiritodacomporta.com\/fr\/"},{"@type":"ListItem","position":2,"name":"D\u00e9couvrez Comporta","item":"https:\/\/espiritodacomporta.com\/fr\/categorie\/decouvrez-comporta\/"},{"@type":"ListItem","position":3,"name":"Chercher le beau","item":"https:\/\/espiritodacomporta.com\/fr\/categorie\/decouvrez-comporta\/chercher-le-beau\/"},{"@type":"ListItem","position":4,"name":"Le Portugal au printemps &#8211; Les meilleurs endroits"}]},{"@type":"WebSite","@id":"https:\/\/espiritodacomporta.com\/fr\/#website","url":"https:\/\/espiritodacomporta.com\/fr\/","name":"Live & Feel Comporta Portugal","description":"","publisher":{"@id":"https:\/\/espiritodacomporta.com\/fr\/#organization"},"potentialAction":[{"@type":"SearchAction","target":{"@type":"EntryPoint","urlTemplate":"https:\/\/espiritodacomporta.com\/fr\/?s={search_term_string}"},"query-input":{"@type":"PropertyValueSpecification","valueRequired":true,"valueName":"search_term_string"}}],"inLanguage":"fr-FR"},{"@type":"Organization","@id":"https:\/\/espiritodacomporta.com\/fr\/#organization","name":"Espirito da Comporta","url":"https:\/\/espiritodacomporta.com\/fr\/","logo":{"@type":"ImageObject","inLanguage":"fr-FR","@id":"https:\/\/espiritodacomporta.com\/fr\/#\/schema\/logo\/image\/","url":"https:\/\/espiritodacomporta.com\/app\/uploads\/2023\/09\/LOGO-SIGNATURE@4x.png","contentUrl":"https:\/\/espiritodacomporta.com\/app\/uploads\/2023\/09\/LOGO-SIGNATURE@4x.png","width":321,"height":385,"caption":"Espirito da Comporta"},"image":{"@id":"https:\/\/espiritodacomporta.com\/fr\/#\/schema\/logo\/image\/"},"sameAs":["https:\/\/www.instagram.com\/almadacomporta\/"]},{"@type":"Person","@id":"https:\/\/espiritodacomporta.com\/fr\/#\/schema\/person\/c76d29ce59d104bde14812d3465de878","name":"Info","image":{"@type":"ImageObject","inLanguage":"fr-FR","@id":"https:\/\/secure.gravatar.com\/avatar\/dee735d7b19944762d18cdf00966586c0ffcea9da4d03f8be9d25dcff9972207?s=96&d=mm&r=g","url":"https:\/\/secure.gravatar.com\/avatar\/dee735d7b19944762d18cdf00966586c0ffcea9da4d03f8be9d25dcff9972207?s=96&d=mm&r=g","contentUrl":"https:\/\/secure.gravatar.com\/avatar\/dee735d7b19944762d18cdf00966586c0ffcea9da4d03f8be9d25dcff9972207?s=96&d=mm&r=g","caption":"Info"}}]}},"jetpack_featured_media_url":"https:\/\/espiritodacomporta.com\/app\/uploads\/2023\/01\/2018-08-23-11.26.30-scaled.webp","_links":{"self":[{"href":"https:\/\/espiritodacomporta.com\/fr\/wp-json\/wp\/v2\/posts\/48131","targetHints":{"allow":["GET"]}}],"collection":[{"href":"https:\/\/espiritodacomporta.com\/fr\/wp-json\/wp\/v2\/posts"}],"about":[{"href":"https:\/\/espiritodacomporta.com\/fr\/wp-json\/wp\/v2\/types\/post"}],"author":[{"embeddable":true,"href":"https:\/\/espiritodacomporta.com\/fr\/wp-json\/wp\/v2\/users\/7"}],"replies":[{"embeddable":true,"href":"https:\/\/espiritodacomporta.com\/fr\/wp-json\/wp\/v2\/comments?post=48131"}],"version-history":[{"count":0,"href":"https:\/\/espiritodacomporta.com\/fr\/wp-json\/wp\/v2\/posts\/48131\/revisions"}],"wp:featuredmedia":[{"embeddable":true,"href":"https:\/\/espiritodacomporta.com\/fr\/wp-json\/wp\/v2\/media\/48113"}],"wp:attachment":[{"href":"https:\/\/espiritodacomporta.com\/fr\/wp-json\/wp\/v2\/media?parent=48131"}],"wp:term":[{"taxonomy":"category","embeddable":true,"href":"https:\/\/espiritodacomporta.com\/fr\/wp-json\/wp\/v2\/categories?post=48131"},{"taxonomy":"post_tag","embeddable":true,"href":"https:\/\/espiritodacomporta.com\/fr\/wp-json\/wp\/v2\/tags?post=48131"}],"curies":[{"name":"wp","href":"https:\/\/api.w.org\/{rel}","templated":true}]}}