{"id":53764,"date":"2023-08-16T17:50:47","date_gmt":"2023-08-16T15:50:47","guid":{"rendered":"https:\/\/espiritodacomporta.com\/?p=53764"},"modified":"2023-08-17T11:14:50","modified_gmt":"2023-08-17T09:14:50","slug":"comporta-ideal-pour-se-detendre","status":"publish","type":"post","link":"https:\/\/espiritodacomporta.com\/fr\/comporta-ideal-pour-se-detendre\/","title":{"rendered":"Comporta: L&rsquo;endroit id\u00e9al pour se d\u00e9tendre et se ressourcer"},"content":{"rendered":"\n<p>Nich\u00e9 sur le littoral ensoleill\u00e9 de l&rsquo;Alentejo, au Portugal, se trouve le village idyllique de <a href=\"https:\/\/espiritodacomporta.com\/fr\/\">Comporta<\/a> &#8211; un joyau cach\u00e9 qui n&rsquo;a pas \u00e9t\u00e9 d\u00e9couvert par le tourisme de masse. Comporta est une r\u00e9gion o\u00f9 le temps semble se ralentir et o\u00f9 le stress de la vie actuelle s&rsquo;estompe \u00e0 chaque vague qui passe. <\/p>\n\n\n\n<p>Connue pour ses plages immacul\u00e9es, la beaut\u00e9 intacte de ses plantes et son atmosph\u00e8re d\u00e9contract\u00e9e, Comporta est une destination id\u00e9ale pour ceux qui cherchent un r\u00e9pit dans l&rsquo;agitation des m\u00e9tropoles, un endroit parfait pour se d\u00e9tendre et se ressourcer.<\/p>\n\n\n\n<figure class=\"wp-block-gallery has-nested-images columns-default is-cropped wp-block-gallery-1 is-layout-flex wp-block-gallery-is-layout-flex\">\n<figure class=\"wp-block-image size-large\"><img loading=\"lazy\" decoding=\"async\" width=\"768\" height=\"1024\" data-attachment-id=\"53743\" data-permalink=\"https:\/\/espiritodacomporta.com\/fr\/comporta-ideal-pour-se-detendre\/campo_arroz-2\/\" data-orig-file=\"https:\/\/espiritodacomporta.com\/app\/uploads\/2023\/08\/campo_arroz.webp\" data-orig-size=\"1500,2000\" data-comments-opened=\"0\" data-image-meta=\"{&quot;aperture&quot;:&quot;0&quot;,&quot;credit&quot;:&quot;&quot;,&quot;camera&quot;:&quot;&quot;,&quot;caption&quot;:&quot;&quot;,&quot;created_timestamp&quot;:&quot;0&quot;,&quot;copyright&quot;:&quot;&quot;,&quot;focal_length&quot;:&quot;0&quot;,&quot;iso&quot;:&quot;0&quot;,&quot;shutter_speed&quot;:&quot;0&quot;,&quot;title&quot;:&quot;&quot;,&quot;orientation&quot;:&quot;0&quot;}\" data-image-title=\"campo_arroz\" data-image-description=\"\" data-image-caption=\"\" data-medium-file=\"https:\/\/espiritodacomporta.com\/app\/uploads\/2023\/08\/campo_arroz-225x300.webp\" data-large-file=\"https:\/\/espiritodacomporta.com\/app\/uploads\/2023\/08\/campo_arroz-768x1024.webp\" data-id=\"53743\" src=\"https:\/\/espiritodacomporta.com\/app\/uploads\/2023\/08\/campo_arroz-768x1024.webp\" alt=\"campo_de_arroz\" class=\"wp-image-53743\" srcset=\"https:\/\/espiritodacomporta.com\/app\/uploads\/2023\/08\/campo_arroz-768x1024.webp 768w, https:\/\/espiritodacomporta.com\/app\/uploads\/2023\/08\/campo_arroz-225x300.webp 225w, https:\/\/espiritodacomporta.com\/app\/uploads\/2023\/08\/campo_arroz-1152x1536.webp 1152w, https:\/\/espiritodacomporta.com\/app\/uploads\/2023\/08\/campo_arroz.webp 1500w\" sizes=\"auto, (max-width: 768px) 100vw, 768px\" \/><\/figure>\n\n\n\n<figure class=\"wp-block-image size-large\"><img decoding=\"async\" data-attachment-id=\"51431\" data-permalink=\"https:\/\/espiritodacomporta.com\/fr\/villages-de-comporta\/beach-1-2\/\" data-orig-file=\"https:\/\/espiritodacomporta.com\/app\/uploads\/2023\/05\/beach-1-scaled.webp\" data-orig-size=\"2560,1440\" data-comments-opened=\"0\" data-image-meta=\"{&quot;aperture&quot;:&quot;0&quot;,&quot;credit&quot;:&quot;&quot;,&quot;camera&quot;:&quot;&quot;,&quot;caption&quot;:&quot;&quot;,&quot;created_timestamp&quot;:&quot;0&quot;,&quot;copyright&quot;:&quot;&quot;,&quot;focal_length&quot;:&quot;0&quot;,&quot;iso&quot;:&quot;0&quot;,&quot;shutter_speed&quot;:&quot;0&quot;,&quot;title&quot;:&quot;&quot;,&quot;orientation&quot;:&quot;0&quot;}\" data-image-title=\"beach-1\" data-image-description=\"\" data-image-caption=\"\" data-medium-file=\"https:\/\/espiritodacomporta.com\/app\/uploads\/2023\/05\/beach-1-300x169.webp\" data-large-file=\"https:\/\/espiritodacomporta.com\/app\/uploads\/2023\/05\/beach-1-1024x576.webp\" data-id=\"51431\" src=\"https:\/\/espiritodacomporta.com\/app\/uploads\/2023\/05\/beach-1.webp\" alt=\"Beach_Comporta\" class=\"wp-image-51431\"\/><\/figure>\n\n\n\n<figure class=\"wp-block-image size-large\"><img loading=\"lazy\" decoding=\"async\" width=\"1024\" height=\"768\" data-attachment-id=\"48098\" data-permalink=\"https:\/\/espiritodacomporta.com\/fr\/le-portugal-au-printemps\/stork-2\/\" data-orig-file=\"https:\/\/espiritodacomporta.com\/app\/uploads\/2023\/01\/Stork.webp\" data-orig-size=\"2016,1512\" data-comments-opened=\"0\" data-image-meta=\"{&quot;aperture&quot;:&quot;0&quot;,&quot;credit&quot;:&quot;&quot;,&quot;camera&quot;:&quot;&quot;,&quot;caption&quot;:&quot;&quot;,&quot;created_timestamp&quot;:&quot;0&quot;,&quot;copyright&quot;:&quot;&quot;,&quot;focal_length&quot;:&quot;0&quot;,&quot;iso&quot;:&quot;0&quot;,&quot;shutter_speed&quot;:&quot;0&quot;,&quot;title&quot;:&quot;&quot;,&quot;orientation&quot;:&quot;0&quot;}\" data-image-title=\"Stork\" data-image-description=\"\" data-image-caption=\"\" data-medium-file=\"https:\/\/espiritodacomporta.com\/app\/uploads\/2023\/01\/Stork-300x225.webp\" data-large-file=\"https:\/\/espiritodacomporta.com\/app\/uploads\/2023\/01\/Stork-1024x768.webp\" data-id=\"48098\" src=\"https:\/\/espiritodacomporta.com\/app\/uploads\/2023\/01\/Stork-1024x768.webp\" alt=\"Stork-Comporta\" class=\"wp-image-48098\" srcset=\"https:\/\/espiritodacomporta.com\/app\/uploads\/2023\/01\/Stork-1024x768.webp 1024w, https:\/\/espiritodacomporta.com\/app\/uploads\/2023\/01\/Stork-300x225.webp 300w, https:\/\/espiritodacomporta.com\/app\/uploads\/2023\/01\/Stork-768x576.webp 768w, https:\/\/espiritodacomporta.com\/app\/uploads\/2023\/01\/Stork-1536x1152.webp 1536w, https:\/\/espiritodacomporta.com\/app\/uploads\/2023\/01\/Stork.webp 2016w\" sizes=\"auto, (max-width: 1024px) 100vw, 1024px\" \/><\/figure>\n<\/figure>\n\n\n\n<h3 class=\"wp-block-heading\" id=\"h-voici-quelques-uns-des-meilleurs-endroits-pour-decouvrir-la-nature-et-trouver-la-tranquillite\">Voici quelques-uns des meilleurs endroits pour d\u00e9couvrir la nature et trouver la tranquillit\u00e9:<br><\/h3>\n\n\n\n<ul class=\"wp-block-list\">\n<li><a href=\"#Comporta\">Plage de Comporta (Praia da Comporta)<\/a><\/li>\n\n\n\n<li><a href=\"#herdade\">Rizi\u00e8res de l`Herdade da Comporta<\/a><\/li>\n\n\n\n<li><a href=\"#carvalhal\">Plage de Carvalhal (Praia do Carvalhal)<\/a><\/li>\n\n\n\n<li><a href=\"#pego\">Plage de Pego (Praia do Pego)<\/a><\/li>\n\n\n\n<li><a href=\"#reserva\">R\u00e9serve naturelle des dunes de Comporta (Reserva Natural das Dunas de Comporta)<\/a><\/li>\n\n\n\n<li><a href=\"#sado\">Estuaire du Sado (Estu\u00e1rio do Sado)<\/a><\/li>\n\n\n\n<li><a href=\"#campos\">Rizi\u00e8res du village de Comporta<\/a><\/li>\n<\/ul>\n\n\n\n<figure class=\"wp-block-gallery has-nested-images columns-default is-cropped wp-block-gallery-2 is-layout-flex wp-block-gallery-is-layout-flex\">\n<figure class=\"wp-block-image size-large\"><img loading=\"lazy\" decoding=\"async\" width=\"1024\" height=\"768\" data-attachment-id=\"50552\" data-permalink=\"https:\/\/espiritodacomporta.com\/fr\/excursion-en-bateau-a-comporta\/2022-09-03-12-54-49-_1_-2\/\" data-orig-file=\"https:\/\/espiritodacomporta.com\/app\/uploads\/2023\/04\/2022-09-03-12.54.49-_1_-scaled.webp\" data-orig-size=\"2560,1920\" data-comments-opened=\"0\" data-image-meta=\"{&quot;aperture&quot;:&quot;0&quot;,&quot;credit&quot;:&quot;&quot;,&quot;camera&quot;:&quot;&quot;,&quot;caption&quot;:&quot;&quot;,&quot;created_timestamp&quot;:&quot;0&quot;,&quot;copyright&quot;:&quot;&quot;,&quot;focal_length&quot;:&quot;0&quot;,&quot;iso&quot;:&quot;0&quot;,&quot;shutter_speed&quot;:&quot;0&quot;,&quot;title&quot;:&quot;&quot;,&quot;orientation&quot;:&quot;0&quot;}\" data-image-title=\"Arrabida\" data-image-description=\"\" data-image-caption=\"\" data-medium-file=\"https:\/\/espiritodacomporta.com\/app\/uploads\/2023\/04\/2022-09-03-12.54.49-_1_-300x225.webp\" data-large-file=\"https:\/\/espiritodacomporta.com\/app\/uploads\/2023\/04\/2022-09-03-12.54.49-_1_-1024x768.webp\" data-id=\"50552\" src=\"https:\/\/espiritodacomporta.com\/app\/uploads\/2023\/04\/2022-09-03-12.54.49-_1_-1024x768.webp\" alt=\"Arrabida\" class=\"wp-image-50552\" srcset=\"https:\/\/espiritodacomporta.com\/app\/uploads\/2023\/04\/2022-09-03-12.54.49-_1_-1024x768.webp 1024w, https:\/\/espiritodacomporta.com\/app\/uploads\/2023\/04\/2022-09-03-12.54.49-_1_-300x225.webp 300w, https:\/\/espiritodacomporta.com\/app\/uploads\/2023\/04\/2022-09-03-12.54.49-_1_-768x576.webp 768w, https:\/\/espiritodacomporta.com\/app\/uploads\/2023\/04\/2022-09-03-12.54.49-_1_-1536x1152.webp 1536w, https:\/\/espiritodacomporta.com\/app\/uploads\/2023\/04\/2022-09-03-12.54.49-_1_-2048x1536.webp 2048w\" sizes=\"auto, (max-width: 1024px) 100vw, 1024px\" \/><\/figure>\n\n\n\n<figure class=\"wp-block-image size-large\"><img loading=\"lazy\" decoding=\"async\" width=\"1024\" height=\"768\" data-attachment-id=\"51441\" data-permalink=\"https:\/\/espiritodacomporta.com\/fr\/villages-de-comporta\/cais_artigomay1-2\/\" data-orig-file=\"https:\/\/espiritodacomporta.com\/app\/uploads\/2023\/05\/Cais_artigomay1.webp\" data-orig-size=\"1024,768\" data-comments-opened=\"0\" data-image-meta=\"{&quot;aperture&quot;:&quot;0&quot;,&quot;credit&quot;:&quot;&quot;,&quot;camera&quot;:&quot;&quot;,&quot;caption&quot;:&quot;&quot;,&quot;created_timestamp&quot;:&quot;0&quot;,&quot;copyright&quot;:&quot;&quot;,&quot;focal_length&quot;:&quot;0&quot;,&quot;iso&quot;:&quot;0&quot;,&quot;shutter_speed&quot;:&quot;0&quot;,&quot;title&quot;:&quot;&quot;,&quot;orientation&quot;:&quot;0&quot;}\" data-image-title=\"CAIS-comporta\" data-image-description=\"\" data-image-caption=\"\" data-medium-file=\"https:\/\/espiritodacomporta.com\/app\/uploads\/2023\/05\/Cais_artigomay1-300x225.webp\" data-large-file=\"https:\/\/espiritodacomporta.com\/app\/uploads\/2023\/05\/Cais_artigomay1.webp\" data-id=\"51441\" src=\"https:\/\/espiritodacomporta.com\/app\/uploads\/2023\/05\/Cais_artigomay1.webp\" alt=\"cais-comporta\" class=\"wp-image-51441\" srcset=\"https:\/\/espiritodacomporta.com\/app\/uploads\/2023\/05\/Cais_artigomay1.webp 1024w, https:\/\/espiritodacomporta.com\/app\/uploads\/2023\/05\/Cais_artigomay1-300x225.webp 300w, https:\/\/espiritodacomporta.com\/app\/uploads\/2023\/05\/Cais_artigomay1-768x576.webp 768w\" sizes=\"auto, (max-width: 1024px) 100vw, 1024px\" \/><\/figure>\n\n\n\n<figure class=\"wp-block-image size-large\"><img loading=\"lazy\" decoding=\"async\" width=\"1024\" height=\"768\" data-attachment-id=\"48103\" data-permalink=\"https:\/\/espiritodacomporta.com\/fr\/le-portugal-au-printemps\/comporta1-2\/\" data-orig-file=\"https:\/\/espiritodacomporta.com\/app\/uploads\/2023\/01\/comporta1.webp\" data-orig-size=\"2016,1512\" data-comments-opened=\"0\" data-image-meta=\"{&quot;aperture&quot;:&quot;0&quot;,&quot;credit&quot;:&quot;&quot;,&quot;camera&quot;:&quot;&quot;,&quot;caption&quot;:&quot;&quot;,&quot;created_timestamp&quot;:&quot;0&quot;,&quot;copyright&quot;:&quot;&quot;,&quot;focal_length&quot;:&quot;0&quot;,&quot;iso&quot;:&quot;0&quot;,&quot;shutter_speed&quot;:&quot;0&quot;,&quot;title&quot;:&quot;&quot;,&quot;orientation&quot;:&quot;0&quot;}\" data-image-title=\"comporta\" data-image-description=\"\" data-image-caption=\"\" data-medium-file=\"https:\/\/espiritodacomporta.com\/app\/uploads\/2023\/01\/comporta1-300x225.webp\" data-large-file=\"https:\/\/espiritodacomporta.com\/app\/uploads\/2023\/01\/comporta1-1024x768.webp\" data-id=\"48103\" src=\"https:\/\/espiritodacomporta.com\/app\/uploads\/2023\/01\/comporta1-1024x768.webp\" alt=\"Comporta-road\" class=\"wp-image-48103\" srcset=\"https:\/\/espiritodacomporta.com\/app\/uploads\/2023\/01\/comporta1-1024x768.webp 1024w, https:\/\/espiritodacomporta.com\/app\/uploads\/2023\/01\/comporta1-300x225.webp 300w, https:\/\/espiritodacomporta.com\/app\/uploads\/2023\/01\/comporta1-768x576.webp 768w, https:\/\/espiritodacomporta.com\/app\/uploads\/2023\/01\/comporta1-1536x1152.webp 1536w, https:\/\/espiritodacomporta.com\/app\/uploads\/2023\/01\/comporta1.webp 2016w\" sizes=\"auto, (max-width: 1024px) 100vw, 1024px\" \/><\/figure>\n\n\n\n<figure class=\"wp-block-image size-large\"><img loading=\"lazy\" decoding=\"async\" width=\"1024\" height=\"576\" data-attachment-id=\"44726\" data-permalink=\"https:\/\/espiritodacomporta.com\/fr\/comporta-rice-fields-5-2\/\" data-orig-file=\"https:\/\/espiritodacomporta.com\/app\/uploads\/2022\/09\/comporta-rice-fields-scaled.jpg\" data-orig-size=\"2560,1440\" data-comments-opened=\"0\" data-image-meta=\"{&quot;aperture&quot;:&quot;2&quot;,&quot;credit&quot;:&quot;&quot;,&quot;camera&quot;:&quot;Pixel XL&quot;,&quot;caption&quot;:&quot;&quot;,&quot;created_timestamp&quot;:&quot;1494237002&quot;,&quot;copyright&quot;:&quot;&quot;,&quot;focal_length&quot;:&quot;4.67&quot;,&quot;iso&quot;:&quot;53&quot;,&quot;shutter_speed&quot;:&quot;0.000376&quot;,&quot;title&quot;:&quot;&quot;,&quot;orientation&quot;:&quot;1&quot;}\" data-image-title=\"comporta-rice-fields\" data-image-description=\"\" data-image-caption=\"\" data-medium-file=\"https:\/\/espiritodacomporta.com\/app\/uploads\/2022\/09\/comporta-rice-fields-300x169.jpg\" data-large-file=\"https:\/\/espiritodacomporta.com\/app\/uploads\/2022\/09\/comporta-rice-fields-1024x576.jpg\" data-id=\"44726\" src=\"https:\/\/espiritodacomporta.com\/app\/uploads\/2022\/09\/comporta-rice-fields-1024x576.jpg\" alt=\"comporta-rice-fields\" class=\"wp-image-44726\" srcset=\"https:\/\/espiritodacomporta.com\/app\/uploads\/2022\/09\/comporta-rice-fields-1024x576.jpg 1024w, https:\/\/espiritodacomporta.com\/app\/uploads\/2022\/09\/comporta-rice-fields-300x169.jpg 300w, https:\/\/espiritodacomporta.com\/app\/uploads\/2022\/09\/comporta-rice-fields-768x432.jpg 768w, https:\/\/espiritodacomporta.com\/app\/uploads\/2022\/09\/comporta-rice-fields-1536x864.jpg 1536w, https:\/\/espiritodacomporta.com\/app\/uploads\/2022\/09\/comporta-rice-fields-2048x1152.jpg 2048w\" sizes=\"auto, (max-width: 1024px) 100vw, 1024px\" \/><\/figure>\n<\/figure>\n\n\n\n<h2 class=\"wp-block-heading\" id=\"Comporta\">Plage de Comporta ( Praia da Comporta)<\/h2>\n\n\n\n<p>La plage de Comporta est un v\u00e9ritable coin de paradis, avec sa longue \u00e9tendue de sable dor\u00e9 et ses eaux cristallines. Promenez-vous tranquillement le long du rivage, d\u00e9couvrez un endroit isol\u00e9 pour vous asseoir et vous concentrer sur le son apaisant des vagues, ou bien pr\u00e9lassez-vous au soleil tout en lisant votre livre pr\u00e9f\u00e9r\u00e9. La splendeur intacte de ce bord de mer apaisera certainement vos sens et vous permettra de rompre sereinement avec la vie ordinaire.<\/p>\n\n\n\n<figure class=\"wp-block-image size-large\"><img decoding=\"async\" data-attachment-id=\"815\" data-permalink=\"https:\/\/espiritodacomporta.com\/fr\/comporta-portugal-maison-hotel\/plage-sunset-2\/\" data-orig-file=\"https:\/\/espiritodacomporta.com\/app\/uploads\/2019\/05\/plage-sunset-e1560261616312.jpg\" data-orig-size=\"1280,667\" data-comments-opened=\"0\" data-image-meta=\"{&quot;aperture&quot;:&quot;0&quot;,&quot;credit&quot;:&quot;&quot;,&quot;camera&quot;:&quot;&quot;,&quot;caption&quot;:&quot;&quot;,&quot;created_timestamp&quot;:&quot;0&quot;,&quot;copyright&quot;:&quot;&quot;,&quot;focal_length&quot;:&quot;0&quot;,&quot;iso&quot;:&quot;0&quot;,&quot;shutter_speed&quot;:&quot;0&quot;,&quot;title&quot;:&quot;&quot;,&quot;orientation&quot;:&quot;0&quot;}\" data-image-title=\"plage-sunset\" data-image-description=\"\" data-image-caption=\"\" data-medium-file=\"https:\/\/espiritodacomporta.com\/app\/uploads\/2019\/05\/plage-sunset-e1560261616312-300x156.jpg\" data-large-file=\"https:\/\/espiritodacomporta.com\/app\/uploads\/2019\/05\/plage-sunset-e1560261616312-1024x534.jpg\" src=\"https:\/\/espiritodacomporta.com\/app\/uploads\/2019\/05\/plage-sunset-1024x534.jpg\" alt=\"sal comporta\" class=\"wp-image-815\"\/><\/figure>\n\n\n\n<h2 class=\"wp-block-heading\" id=\"herdade\">Rizi\u00e8res de Herdade da Comporta<\/h2>\n\n\n\n<p>Les rizi\u00e8res de Herdade da Comporta offrent un spectacle tout \u00e0 fait unique. Les vastes \u00e9tendues de campagne vierge cr\u00e9ent un environnement tranquille qui vous permet de vous reconnecter \u00e0 la nature. Faites une promenade en buggy ou promenez-vous dans les champs et admirez la splendeur du paysage. C&rsquo;est un endroit id\u00e9al pour m\u00e9diter et trouver la paix int\u00e9rieure au milieu d&rsquo;un environnement de plantes sereines.<\/p>\n\n\n\n<figure class=\"wp-block-image size-large\"><img loading=\"lazy\" decoding=\"async\" width=\"1024\" height=\"768\" data-attachment-id=\"47209\" data-permalink=\"https:\/\/espiritodacomporta.com\/fr\/basse-saison-comporta\/rice-fields-comporta-2\/\" data-orig-file=\"https:\/\/espiritodacomporta.com\/app\/uploads\/2022\/12\/rice-fields-comporta-scaled.webp\" data-orig-size=\"2560,1920\" data-comments-opened=\"0\" data-image-meta=\"{&quot;aperture&quot;:&quot;0&quot;,&quot;credit&quot;:&quot;&quot;,&quot;camera&quot;:&quot;&quot;,&quot;caption&quot;:&quot;&quot;,&quot;created_timestamp&quot;:&quot;0&quot;,&quot;copyright&quot;:&quot;&quot;,&quot;focal_length&quot;:&quot;0&quot;,&quot;iso&quot;:&quot;0&quot;,&quot;shutter_speed&quot;:&quot;0&quot;,&quot;title&quot;:&quot;&quot;,&quot;orientation&quot;:&quot;0&quot;}\" data-image-title=\"rice-fields-comporta\" data-image-description=\"\" data-image-caption=\"\" data-medium-file=\"https:\/\/espiritodacomporta.com\/app\/uploads\/2022\/12\/rice-fields-comporta-300x225.webp\" data-large-file=\"https:\/\/espiritodacomporta.com\/app\/uploads\/2022\/12\/rice-fields-comporta-1024x768.webp\" src=\"https:\/\/espiritodacomporta.com\/app\/uploads\/2022\/12\/rice-fields-comporta-1024x768.webp\" alt=\"rice-fields-comporta\" class=\"wp-image-47209\" srcset=\"https:\/\/espiritodacomporta.com\/app\/uploads\/2022\/12\/rice-fields-comporta-1024x768.webp 1024w, https:\/\/espiritodacomporta.com\/app\/uploads\/2022\/12\/rice-fields-comporta-300x225.webp 300w, https:\/\/espiritodacomporta.com\/app\/uploads\/2022\/12\/rice-fields-comporta-768x576.webp 768w, https:\/\/espiritodacomporta.com\/app\/uploads\/2022\/12\/rice-fields-comporta-1536x1152.webp 1536w, https:\/\/espiritodacomporta.com\/app\/uploads\/2022\/12\/rice-fields-comporta-2048x1536.webp 2048w\" sizes=\"auto, (max-width: 1024px) 100vw, 1024px\" \/><\/figure>\n\n\n\n<h2 class=\"wp-block-heading\" id=\"carvalhal\">Plage de Carvalhal (Praia do Carvalhal)<\/h2>\n\n\n\n<p>La plage de Carvalhal est diff\u00e9rente de celle de Comporta. C&rsquo;est un lieu de vacances extraordinaire pour les surfeurs et les amateurs de <a href=\"https:\/\/espiritodacomporta.com\/fr\/10-choses-a-faire-comporta\/\">sports nautiques<\/a>, mais elle offre \u00e9galement suffisamment de possibilit\u00e9s de repos. Trouvez un endroit tranquille au bord de la mer pour regarder les surfeurs chevaucher les vagues ou pour vous baigner dans l&rsquo;oc\u00e9an Atlantique. La splendeur sauvage et v\u00e9g\u00e9tale du bord de mer, avec ses falaises escarp\u00e9es et son large littoral, donne une impression de tranquillit\u00e9 \u00e0 la fois vivifiante et apaisante.<\/p>\n\n\n\n<figure class=\"wp-block-image size-large\"><img loading=\"lazy\" decoding=\"async\" width=\"1024\" height=\"768\" data-attachment-id=\"51416\" data-permalink=\"https:\/\/espiritodacomporta.com\/fr\/villages-de-comporta\/carvalhal-3\/\" data-orig-file=\"https:\/\/espiritodacomporta.com\/app\/uploads\/2023\/05\/Carvalhal.webp\" data-orig-size=\"2016,1512\" data-comments-opened=\"0\" data-image-meta=\"{&quot;aperture&quot;:&quot;0&quot;,&quot;credit&quot;:&quot;&quot;,&quot;camera&quot;:&quot;&quot;,&quot;caption&quot;:&quot;&quot;,&quot;created_timestamp&quot;:&quot;0&quot;,&quot;copyright&quot;:&quot;&quot;,&quot;focal_length&quot;:&quot;0&quot;,&quot;iso&quot;:&quot;0&quot;,&quot;shutter_speed&quot;:&quot;0&quot;,&quot;title&quot;:&quot;&quot;,&quot;orientation&quot;:&quot;0&quot;}\" data-image-title=\"Carvalhal\" data-image-description=\"\" data-image-caption=\"\" data-medium-file=\"https:\/\/espiritodacomporta.com\/app\/uploads\/2023\/05\/Carvalhal-300x225.webp\" data-large-file=\"https:\/\/espiritodacomporta.com\/app\/uploads\/2023\/05\/Carvalhal-1024x768.webp\" src=\"https:\/\/espiritodacomporta.com\/app\/uploads\/2023\/05\/Carvalhal-1024x768.webp\" alt=\"Carvalhal\" class=\"wp-image-51416\" srcset=\"https:\/\/espiritodacomporta.com\/app\/uploads\/2023\/05\/Carvalhal-1024x768.webp 1024w, https:\/\/espiritodacomporta.com\/app\/uploads\/2023\/05\/Carvalhal-300x225.webp 300w, https:\/\/espiritodacomporta.com\/app\/uploads\/2023\/05\/Carvalhal-768x576.webp 768w, https:\/\/espiritodacomporta.com\/app\/uploads\/2023\/05\/Carvalhal-1536x1152.webp 1536w, https:\/\/espiritodacomporta.com\/app\/uploads\/2023\/05\/Carvalhal.webp 2016w\" sizes=\"auto, (max-width: 1024px) 100vw, 1024px\" \/><\/figure>\n\n\n\n<h2 class=\"wp-block-heading\" id=\"pego\">Plage de Pego (Praia do Pego)<\/h2>\n\n\n\n<p>Ce joli bord de mer pr\u00e8s de Carvalhal est connu pour son paysage particulier, dans lequel de grandes dunes de sable rencontrent les eaux bleues de l&rsquo;oc\u00e9an. Les falaises environnantes ajoutent une touche de drame au paysage, ce qui en fait un endroit id\u00e9al pour la contemplation et le repos. Faites une longue promenade le long du rivage, admirez la splendeur du coucher de soleil et laissez l&rsquo;environnement apaisant de la plage de Pego vous d\u00e9barrasser de vos soucis.<\/p>\n\n\n\n<figure class=\"wp-block-image size-large\"><img loading=\"lazy\" decoding=\"async\" width=\"768\" height=\"1024\" data-attachment-id=\"51401\" data-permalink=\"https:\/\/espiritodacomporta.com\/fr\/villages-de-comporta\/pego-2\/\" data-orig-file=\"https:\/\/espiritodacomporta.com\/app\/uploads\/2023\/05\/Pego-scaled.webp\" data-orig-size=\"1920,2560\" data-comments-opened=\"0\" data-image-meta=\"{&quot;aperture&quot;:&quot;0&quot;,&quot;credit&quot;:&quot;&quot;,&quot;camera&quot;:&quot;&quot;,&quot;caption&quot;:&quot;&quot;,&quot;created_timestamp&quot;:&quot;0&quot;,&quot;copyright&quot;:&quot;&quot;,&quot;focal_length&quot;:&quot;0&quot;,&quot;iso&quot;:&quot;0&quot;,&quot;shutter_speed&quot;:&quot;0&quot;,&quot;title&quot;:&quot;&quot;,&quot;orientation&quot;:&quot;0&quot;}\" data-image-title=\"restauant_Comporta\" data-image-description=\"\" data-image-caption=\"\" data-medium-file=\"https:\/\/espiritodacomporta.com\/app\/uploads\/2023\/05\/Pego-225x300.webp\" data-large-file=\"https:\/\/espiritodacomporta.com\/app\/uploads\/2023\/05\/Pego-768x1024.webp\" src=\"https:\/\/espiritodacomporta.com\/app\/uploads\/2023\/05\/Pego-768x1024.webp\" alt=\"restauant_Comporta\" class=\"wp-image-51401\" srcset=\"https:\/\/espiritodacomporta.com\/app\/uploads\/2023\/05\/Pego-768x1024.webp 768w, https:\/\/espiritodacomporta.com\/app\/uploads\/2023\/05\/Pego-225x300.webp 225w, https:\/\/espiritodacomporta.com\/app\/uploads\/2023\/05\/Pego-1152x1536.webp 1152w, https:\/\/espiritodacomporta.com\/app\/uploads\/2023\/05\/Pego-1536x2048.webp 1536w, https:\/\/espiritodacomporta.com\/app\/uploads\/2023\/05\/Pego-scaled.webp 1920w\" sizes=\"auto, (max-width: 768px) 100vw, 768px\" \/><\/figure>\n\n\n\n<h2 class=\"wp-block-heading\" id=\"reserva\">R\u00e9serve naturelle des dunes de Comporta (Reserva Natural das Dunas de Comporta)<\/h2>\n\n\n\n<p>Cette r\u00e9gion incluse est un havre pour les amoureux de la nature. Elle comprend une vari\u00e9t\u00e9 d&rsquo;environnements de dunes de sable, de marais salants, ainsi qu&rsquo;une v\u00e9g\u00e9tation et une faune particuli\u00e8res. Participez \u00e0 une excursion guid\u00e9e dans la r\u00e9serve pour d\u00e9couvrir la biodiversit\u00e9 environnante ou partez \u00e0 votre mani\u00e8re pour comprendre la splendeur intacte de cet habitat c\u00f4tier. Les amateurs d&rsquo;ornithologie trouveront suffisamment de possibilit\u00e9s d&rsquo;identifier diverses esp\u00e8ces de leur habitat naturel.<\/p>\n\n\n\n<figure class=\"wp-block-image size-large\"><img loading=\"lazy\" decoding=\"async\" width=\"1024\" height=\"768\" data-attachment-id=\"52122\" data-permalink=\"https:\/\/espiritodacomporta.com\/fr\/dunas-golf-comporta\/brejos_beach-2\/\" data-orig-file=\"https:\/\/espiritodacomporta.com\/app\/uploads\/2023\/06\/Brejos_Beach.webp\" data-orig-size=\"2048,1536\" data-comments-opened=\"0\" data-image-meta=\"{&quot;aperture&quot;:&quot;0&quot;,&quot;credit&quot;:&quot;&quot;,&quot;camera&quot;:&quot;&quot;,&quot;caption&quot;:&quot;&quot;,&quot;created_timestamp&quot;:&quot;0&quot;,&quot;copyright&quot;:&quot;&quot;,&quot;focal_length&quot;:&quot;0&quot;,&quot;iso&quot;:&quot;0&quot;,&quot;shutter_speed&quot;:&quot;0&quot;,&quot;title&quot;:&quot;&quot;,&quot;orientation&quot;:&quot;0&quot;}\" data-image-title=\"Brejos_Beach\" data-image-description=\"\" data-image-caption=\"\" data-medium-file=\"https:\/\/espiritodacomporta.com\/app\/uploads\/2023\/06\/Brejos_Beach-300x225.webp\" data-large-file=\"https:\/\/espiritodacomporta.com\/app\/uploads\/2023\/06\/Brejos_Beach-1024x768.webp\" src=\"https:\/\/espiritodacomporta.com\/app\/uploads\/2023\/06\/Brejos_Beach-1024x768.webp\" alt=\"Brejos_Beach\" class=\"wp-image-52122\" srcset=\"https:\/\/espiritodacomporta.com\/app\/uploads\/2023\/06\/Brejos_Beach-1024x768.webp 1024w, https:\/\/espiritodacomporta.com\/app\/uploads\/2023\/06\/Brejos_Beach-300x225.webp 300w, https:\/\/espiritodacomporta.com\/app\/uploads\/2023\/06\/Brejos_Beach-768x576.webp 768w, https:\/\/espiritodacomporta.com\/app\/uploads\/2023\/06\/Brejos_Beach-1536x1152.webp 1536w, https:\/\/espiritodacomporta.com\/app\/uploads\/2023\/06\/Brejos_Beach.webp 2048w\" sizes=\"auto, (max-width: 1024px) 100vw, 1024px\" \/><\/figure>\n\n\n\n<h2 class=\"wp-block-heading\" id=\"sado\">Estuaire du Sado (Estu\u00e1rio do Sado)<\/h2>\n\n\n\n<p>L&rsquo;estuaire du Sado est un tr\u00e9sor v\u00e9g\u00e9tal qui offre une pause tranquille dans la nature. Vous pouvez faire une excursion en bateau le long de l&rsquo;estuaire pour observer les dauphins, les flamants roses et d&rsquo;autres animaux sauvages. L&rsquo;environnement non violent et le doux clapotis des vagues offrent un lieu serein propice au repos et \u00e0 la contemplation.<\/p>\n\n\n\n<figure class=\"wp-block-image size-large\"><img loading=\"lazy\" decoding=\"async\" width=\"1024\" height=\"768\" data-attachment-id=\"50568\" data-permalink=\"https:\/\/espiritodacomporta.com\/fr\/excursion-en-bateau-a-comporta\/sado-2\/\" data-orig-file=\"https:\/\/espiritodacomporta.com\/app\/uploads\/2023\/04\/Sado.webp\" data-orig-size=\"2016,1512\" data-comments-opened=\"0\" data-image-meta=\"{&quot;aperture&quot;:&quot;0&quot;,&quot;credit&quot;:&quot;&quot;,&quot;camera&quot;:&quot;&quot;,&quot;caption&quot;:&quot;&quot;,&quot;created_timestamp&quot;:&quot;0&quot;,&quot;copyright&quot;:&quot;&quot;,&quot;focal_length&quot;:&quot;0&quot;,&quot;iso&quot;:&quot;0&quot;,&quot;shutter_speed&quot;:&quot;0&quot;,&quot;title&quot;:&quot;&quot;,&quot;orientation&quot;:&quot;0&quot;}\" data-image-title=\"Sado-river\" data-image-description=\"\" data-image-caption=\"\" data-medium-file=\"https:\/\/espiritodacomporta.com\/app\/uploads\/2023\/04\/Sado-300x225.webp\" data-large-file=\"https:\/\/espiritodacomporta.com\/app\/uploads\/2023\/04\/Sado-1024x768.webp\" src=\"https:\/\/espiritodacomporta.com\/app\/uploads\/2023\/04\/Sado-1024x768.webp\" alt=\"Sado-river\" class=\"wp-image-50568\" srcset=\"https:\/\/espiritodacomporta.com\/app\/uploads\/2023\/04\/Sado-1024x768.webp 1024w, https:\/\/espiritodacomporta.com\/app\/uploads\/2023\/04\/Sado-300x225.webp 300w, https:\/\/espiritodacomporta.com\/app\/uploads\/2023\/04\/Sado-768x576.webp 768w, https:\/\/espiritodacomporta.com\/app\/uploads\/2023\/04\/Sado-1536x1152.webp 1536w, https:\/\/espiritodacomporta.com\/app\/uploads\/2023\/04\/Sado.webp 2016w\" sizes=\"auto, (max-width: 1024px) 100vw, 1024px\" \/><\/figure>\n\n\n\n<h2 class=\"wp-block-heading\" id=\"campos\">Rizi\u00e8res du village de Comporta<\/h2>\n\n\n\n<p>Tout en explorant le village de Comporta, faites une promenade dans les rizi\u00e8res voisines. Les champs sont normalement remplis d&rsquo;eau, ce qui produit un effet de miroir qui affiche le ciel et les paysages environnants. C&rsquo;est un endroit pittoresque pour prendre quelques photos \u00e0 couper le souffle et se d\u00e9lecter de la simplicit\u00e9 de la vie rurale.<\/p>\n\n\n\n<figure class=\"wp-block-image size-large\"><img loading=\"lazy\" decoding=\"async\" width=\"1024\" height=\"576\" data-attachment-id=\"48113\" data-permalink=\"https:\/\/espiritodacomporta.com\/fr\/le-portugal-au-printemps\/2018-08-23-11-26-30-2\/\" data-orig-file=\"https:\/\/espiritodacomporta.com\/app\/uploads\/2023\/01\/2018-08-23-11.26.30-scaled.webp\" data-orig-size=\"2560,1440\" data-comments-opened=\"0\" data-image-meta=\"{&quot;aperture&quot;:&quot;0&quot;,&quot;credit&quot;:&quot;&quot;,&quot;camera&quot;:&quot;&quot;,&quot;caption&quot;:&quot;&quot;,&quot;created_timestamp&quot;:&quot;0&quot;,&quot;copyright&quot;:&quot;&quot;,&quot;focal_length&quot;:&quot;0&quot;,&quot;iso&quot;:&quot;0&quot;,&quot;shutter_speed&quot;:&quot;0&quot;,&quot;title&quot;:&quot;&quot;,&quot;orientation&quot;:&quot;0&quot;}\" data-image-title=\"rice-field-comporta\" data-image-description=\"\" data-image-caption=\"\" data-medium-file=\"https:\/\/espiritodacomporta.com\/app\/uploads\/2023\/01\/2018-08-23-11.26.30-300x169.webp\" data-large-file=\"https:\/\/espiritodacomporta.com\/app\/uploads\/2023\/01\/2018-08-23-11.26.30-1024x576.webp\" src=\"https:\/\/espiritodacomporta.com\/app\/uploads\/2023\/01\/2018-08-23-11.26.30-1024x576.webp\" alt=\"rice-field-comporta\" class=\"wp-image-48113\" srcset=\"https:\/\/espiritodacomporta.com\/app\/uploads\/2023\/01\/2018-08-23-11.26.30-1024x576.webp 1024w, https:\/\/espiritodacomporta.com\/app\/uploads\/2023\/01\/2018-08-23-11.26.30-300x169.webp 300w, https:\/\/espiritodacomporta.com\/app\/uploads\/2023\/01\/2018-08-23-11.26.30-768x432.webp 768w, https:\/\/espiritodacomporta.com\/app\/uploads\/2023\/01\/2018-08-23-11.26.30-1536x864.webp 1536w, https:\/\/espiritodacomporta.com\/app\/uploads\/2023\/01\/2018-08-23-11.26.30-2048x1152.webp 2048w\" sizes=\"auto, (max-width: 1024px) 100vw, 1024px\" \/><\/figure>\n\n\n\n<p>Outre ses paysages idylliques, Comporta propose de nombreuses activit\u00e9s qui contribuent \u00e0 la d\u00e9tente et \u00e0 la tranquillit\u00e9 de vos journ\u00e9es. Spas, massages \u00e0 domicile ou cours de yoga sont quelques-uns des services disponibles dans la r\u00e9gion, contribuant \u00e0 faire de ce village un endroit id\u00e9al pour se d\u00e9tendre.<\/p>\n\n\n\n<h2 class=\"wp-block-heading\">Les meilleurs h\u00e9bergements \u00e0 Comporta<\/h2>\n\n\n\n<p>Nich\u00e9es dans les paysages enchanteurs de Comporta et de Carvalhal, les <a href=\"https:\/\/espiritodacomporta.com\/fr\/nos-maisons\/\">maisons de vacances<\/a> de l&rsquo;Espirito da Comporta sont un joyau cach\u00e9 qui promet une escapade apaisante comme aucune autre. <\/p>\n\n\n\n<figure class=\"wp-block-image size-large\"><img loading=\"lazy\" decoding=\"async\" width=\"1024\" height=\"767\" data-attachment-id=\"29769\" data-permalink=\"https:\/\/espiritodacomporta.com\/fr\/les-hotels-a-comporta\/campo-de-arroz-3-2\/\" data-orig-file=\"https:\/\/espiritodacomporta.com\/app\/uploads\/2022\/06\/Campo-de-arroz-3-scaled.webp\" data-orig-size=\"2560,1919\" data-comments-opened=\"0\" data-image-meta=\"{&quot;aperture&quot;:&quot;0&quot;,&quot;credit&quot;:&quot;&quot;,&quot;camera&quot;:&quot;&quot;,&quot;caption&quot;:&quot;&quot;,&quot;created_timestamp&quot;:&quot;0&quot;,&quot;copyright&quot;:&quot;&quot;,&quot;focal_length&quot;:&quot;0&quot;,&quot;iso&quot;:&quot;0&quot;,&quot;shutter_speed&quot;:&quot;0&quot;,&quot;title&quot;:&quot;&quot;,&quot;orientation&quot;:&quot;0&quot;}\" data-image-title=\"Campo-de-arroz\" data-image-description=\"\" data-image-caption=\"\" data-medium-file=\"https:\/\/espiritodacomporta.com\/app\/uploads\/2022\/06\/Campo-de-arroz-3-300x225.webp\" data-large-file=\"https:\/\/espiritodacomporta.com\/app\/uploads\/2022\/06\/Campo-de-arroz-3-1024x767.webp\" src=\"https:\/\/espiritodacomporta.com\/app\/uploads\/2022\/06\/Campo-de-arroz-3-1024x767.webp\" alt=\"Campo-de-arroz\" class=\"wp-image-29769\" srcset=\"https:\/\/espiritodacomporta.com\/app\/uploads\/2022\/06\/Campo-de-arroz-3-1024x767.webp 1024w, https:\/\/espiritodacomporta.com\/app\/uploads\/2022\/06\/Campo-de-arroz-3-300x225.webp 300w, https:\/\/espiritodacomporta.com\/app\/uploads\/2022\/06\/Campo-de-arroz-3-768x576.webp 768w, https:\/\/espiritodacomporta.com\/app\/uploads\/2022\/06\/Campo-de-arroz-3-1536x1151.webp 1536w, https:\/\/espiritodacomporta.com\/app\/uploads\/2022\/06\/Campo-de-arroz-3-2048x1535.webp 2048w\" sizes=\"auto, (max-width: 1024px) 100vw, 1024px\" \/><\/figure>\n\n\n\n<p>Cet h\u00e9bergement offre une exp\u00e9rience sans pareille, o\u00f9 les clients peuvent se pr\u00e9lasser dans la beaut\u00e9 tranquille des rizi\u00e8res environnantes tout en profitant de tout le confort n\u00e9cessaire pour un s\u00e9jour vraiment inoubliable. Il existe \u00e9galement quelques <a href=\"https:\/\/espiritodacomporta.com\/fr\/les-hotels-a-comporta\/\">h\u00f4tels<\/a> dans la r\u00e9gion.<\/p>\n\n\n\n<h2 class=\"wp-block-heading\">Comporta: un v\u00e9ritable joyau cach\u00e9<\/h2>\n\n\n\n<p>Comporta, dans l&rsquo;Alentejo, au Portugal, est un v\u00e9ritable joyau cach\u00e9 de la p\u00e9ninsule ib\u00e9rique. Avec ses plages pr\u00e9serv\u00e9es, ses paysages de plantes et son ambiance sereine, ce village c\u00f4tier offre une pause sans pareille. La simplicit\u00e9 des modes de vie ici et la r\u00e9f\u00e9rence \u00e0 la nature offrent la bonne recette pour le repos et le rajeunissement.<\/p>\n\n\n\n<figure class=\"wp-block-image size-large\"><img loading=\"lazy\" decoding=\"async\" width=\"1024\" height=\"768\" data-attachment-id=\"51446\" data-permalink=\"https:\/\/espiritodacomporta.com\/fr\/villages-de-comporta\/comporta2-2-2\/\" data-orig-file=\"https:\/\/espiritodacomporta.com\/app\/uploads\/2023\/05\/comporta2.webp\" data-orig-size=\"2016,1512\" data-comments-opened=\"0\" data-image-meta=\"{&quot;aperture&quot;:&quot;0&quot;,&quot;credit&quot;:&quot;&quot;,&quot;camera&quot;:&quot;&quot;,&quot;caption&quot;:&quot;&quot;,&quot;created_timestamp&quot;:&quot;0&quot;,&quot;copyright&quot;:&quot;&quot;,&quot;focal_length&quot;:&quot;0&quot;,&quot;iso&quot;:&quot;0&quot;,&quot;shutter_speed&quot;:&quot;0&quot;,&quot;title&quot;:&quot;&quot;,&quot;orientation&quot;:&quot;0&quot;}\" data-image-title=\"comporta_symbol\" data-image-description=\"\" data-image-caption=\"\" data-medium-file=\"https:\/\/espiritodacomporta.com\/app\/uploads\/2023\/05\/comporta2-300x225.webp\" data-large-file=\"https:\/\/espiritodacomporta.com\/app\/uploads\/2023\/05\/comporta2-1024x768.webp\" src=\"https:\/\/espiritodacomporta.com\/app\/uploads\/2023\/05\/comporta2-1024x768.webp\" alt=\"comporta_symbol\" class=\"wp-image-51446\" srcset=\"https:\/\/espiritodacomporta.com\/app\/uploads\/2023\/05\/comporta2-1024x768.webp 1024w, https:\/\/espiritodacomporta.com\/app\/uploads\/2023\/05\/comporta2-300x225.webp 300w, https:\/\/espiritodacomporta.com\/app\/uploads\/2023\/05\/comporta2-768x576.webp 768w, https:\/\/espiritodacomporta.com\/app\/uploads\/2023\/05\/comporta2-1536x1152.webp 1536w, https:\/\/espiritodacomporta.com\/app\/uploads\/2023\/05\/comporta2.webp 2016w\" sizes=\"auto, (max-width: 1024px) 100vw, 1024px\" \/><\/figure>\n\n\n\n<p>Alors que les touristes recherchent des endroits qui offrent des commentaires authentiques loin des foules, Comporta t\u00e9moigne de la splendeur de conserver les tr\u00e9sors de la nature. Ainsi, si vous aspirez \u00e0 une escapade m\u00ealant de belles plages, des possibilit\u00e9s de se d\u00e9tendre au milieu de la nature et une saveur de la culture portugaise traditionnelle, Comporta doit certainement figurer au sommet de votre liste de voyages \u00e0 faire. C&rsquo;est un endroit parfait pour se d\u00e9tendre, mais attention : lorsque vous aurez go\u00fbt\u00e9 \u00e0 la tranquillit\u00e9 de Comporta, vous aurez du mal \u00e0 dire adieu \u00e0 ce coin de pays fascinant.<\/p>\n","protected":false},"excerpt":{"rendered":"<p>Nich\u00e9 sur le littoral ensoleill\u00e9 de l&rsquo;Alentejo, au Portugal, se trouve le village idyllique de Comporta &#8211; un joyau cach\u00e9 qui n&rsquo;a pas \u00e9t\u00e9 d\u00e9couvert par le tourisme de masse. Comporta est une r\u00e9gion o\u00f9 le temps semble se ralentir et o\u00f9 le stress de la vie actuelle s&rsquo;estompe \u00e0 chaque vague qui passe. Connue <\/p>\n<div class=\"goto\"><a href=\"https:\/\/espiritodacomporta.com\/fr\/comporta-ideal-pour-se-detendre\/\">Lire la suite<\/a><\/div>\n","protected":false},"author":7,"featured_media":53753,"comment_status":"open","ping_status":"open","sticky":false,"template":"","format":"standard","meta":{"_acf_changed":false,"inline_featured_image":false,"footnotes":""},"categories":[14,22],"tags":[],"class_list":["post-53764","post","type-post","status-publish","format-standard","has-post-thumbnail","hentry","category-se-perdre-dans-la-nature","category-chercher-le-beau"],"acf":[],"yoast_head":"<!-- This site is optimized with the Yoast SEO Premium plugin v27.2 (Yoast SEO v27.2) - https:\/\/yoast.com\/product\/yoast-seo-premium-wordpress\/ -->\n<title>Comporta: L&#039;endroit id\u00e9al pour se d\u00e9tendre et se ressourcer<\/title>\n<meta name=\"description\" content=\"Comporta: Ce petit paradis situ\u00e9 \u00e0 1h15 de Lisbonne est l&#039;endroit id\u00e9al pour se d\u00e9tendre et se ressourcer.\" \/>\n<meta name=\"robots\" content=\"index, follow, max-snippet:-1, max-image-preview:large, max-video-preview:-1\" \/>\n<link rel=\"canonical\" href=\"https:\/\/espiritodacomporta.com\/fr\/comporta-ideal-pour-se-detendre\/\" \/>\n<meta property=\"og:locale\" content=\"fr_FR\" \/>\n<meta property=\"og:type\" content=\"article\" \/>\n<meta property=\"og:title\" content=\"Comporta: L&#039;endroit id\u00e9al pour se d\u00e9tendre et se ressourcer\" \/>\n<meta property=\"og:description\" content=\"Comporta: Ce petit paradis situ\u00e9 \u00e0 1h15 de Lisbonne est l&#039;endroit id\u00e9al pour se d\u00e9tendre et se ressourcer.\" \/>\n<meta property=\"og:url\" content=\"https:\/\/espiritodacomporta.com\/fr\/comporta-ideal-pour-se-detendre\/\" \/>\n<meta property=\"og:site_name\" content=\"Live &amp; Feel Comporta Portugal\" \/>\n<meta property=\"article:published_time\" content=\"2023-08-16T15:50:47+00:00\" \/>\n<meta property=\"article:modified_time\" content=\"2023-08-17T09:14:50+00:00\" \/>\n<meta property=\"og:image\" content=\"https:\/\/espiritodacomporta.com\/app\/uploads\/2023\/08\/Screenshot-2023-08-16-at-15.54.13.png\" \/>\n\t<meta property=\"og:image:width\" content=\"2120\" \/>\n\t<meta property=\"og:image:height\" content=\"1412\" \/>\n\t<meta property=\"og:image:type\" content=\"image\/png\" \/>\n<meta name=\"author\" content=\"Info\" \/>\n<meta name=\"twitter:card\" content=\"summary_large_image\" \/>\n<meta name=\"twitter:label1\" content=\"\u00c9crit par\" \/>\n\t<meta name=\"twitter:data1\" content=\"Info\" \/>\n\t<meta name=\"twitter:label2\" content=\"Dur\u00e9e de lecture estim\u00e9e\" \/>\n\t<meta name=\"twitter:data2\" content=\"8 minutes\" \/>\n<script type=\"application\/ld+json\" class=\"yoast-schema-graph\">{\"@context\":\"https:\/\/schema.org\",\"@graph\":[{\"@type\":\"Article\",\"@id\":\"https:\/\/espiritodacomporta.com\/fr\/comporta-ideal-pour-se-detendre\/#article\",\"isPartOf\":{\"@id\":\"https:\/\/espiritodacomporta.com\/fr\/comporta-ideal-pour-se-detendre\/\"},\"author\":{\"name\":\"Info\",\"@id\":\"https:\/\/espiritodacomporta.com\/fr\/#\/schema\/person\/c76d29ce59d104bde14812d3465de878\"},\"headline\":\"Comporta: L&rsquo;endroit id\u00e9al pour se d\u00e9tendre et se ressourcer\",\"datePublished\":\"2023-08-16T15:50:47+00:00\",\"dateModified\":\"2023-08-17T09:14:50+00:00\",\"mainEntityOfPage\":{\"@id\":\"https:\/\/espiritodacomporta.com\/fr\/comporta-ideal-pour-se-detendre\/\"},\"wordCount\":1082,\"commentCount\":0,\"publisher\":{\"@id\":\"https:\/\/espiritodacomporta.com\/fr\/#organization\"},\"image\":{\"@id\":\"https:\/\/espiritodacomporta.com\/fr\/comporta-ideal-pour-se-detendre\/#primaryimage\"},\"thumbnailUrl\":\"https:\/\/espiritodacomporta.com\/app\/uploads\/2023\/08\/Screenshot-2023-08-16-at-15.54.13.png\",\"articleSection\":[\"Se perdre dans la nature\",\"Chercher le beau\"],\"inLanguage\":\"fr-FR\",\"potentialAction\":[{\"@type\":\"CommentAction\",\"name\":\"Comment\",\"target\":[\"https:\/\/espiritodacomporta.com\/fr\/comporta-ideal-pour-se-detendre\/#respond\"]}]},{\"@type\":\"WebPage\",\"@id\":\"https:\/\/espiritodacomporta.com\/fr\/comporta-ideal-pour-se-detendre\/\",\"url\":\"https:\/\/espiritodacomporta.com\/fr\/comporta-ideal-pour-se-detendre\/\",\"name\":\"Comporta: L'endroit id\u00e9al pour se d\u00e9tendre et se ressourcer\",\"isPartOf\":{\"@id\":\"https:\/\/espiritodacomporta.com\/fr\/#website\"},\"primaryImageOfPage\":{\"@id\":\"https:\/\/espiritodacomporta.com\/fr\/comporta-ideal-pour-se-detendre\/#primaryimage\"},\"image\":{\"@id\":\"https:\/\/espiritodacomporta.com\/fr\/comporta-ideal-pour-se-detendre\/#primaryimage\"},\"thumbnailUrl\":\"https:\/\/espiritodacomporta.com\/app\/uploads\/2023\/08\/Screenshot-2023-08-16-at-15.54.13.png\",\"datePublished\":\"2023-08-16T15:50:47+00:00\",\"dateModified\":\"2023-08-17T09:14:50+00:00\",\"description\":\"Comporta: Ce petit paradis situ\u00e9 \u00e0 1h15 de Lisbonne est l'endroit id\u00e9al pour se d\u00e9tendre et se ressourcer.\",\"breadcrumb\":{\"@id\":\"https:\/\/espiritodacomporta.com\/fr\/comporta-ideal-pour-se-detendre\/#breadcrumb\"},\"inLanguage\":\"fr-FR\",\"potentialAction\":[{\"@type\":\"ReadAction\",\"target\":[\"https:\/\/espiritodacomporta.com\/fr\/comporta-ideal-pour-se-detendre\/\"]}]},{\"@type\":\"ImageObject\",\"inLanguage\":\"fr-FR\",\"@id\":\"https:\/\/espiritodacomporta.com\/fr\/comporta-ideal-pour-se-detendre\/#primaryimage\",\"url\":\"https:\/\/espiritodacomporta.com\/app\/uploads\/2023\/08\/Screenshot-2023-08-16-at-15.54.13.png\",\"contentUrl\":\"https:\/\/espiritodacomporta.com\/app\/uploads\/2023\/08\/Screenshot-2023-08-16-at-15.54.13.png\",\"width\":2120,\"height\":1412,\"caption\":\"Flor_de_arroz\"},{\"@type\":\"BreadcrumbList\",\"@id\":\"https:\/\/espiritodacomporta.com\/fr\/comporta-ideal-pour-se-detendre\/#breadcrumb\",\"itemListElement\":[{\"@type\":\"ListItem\",\"position\":1,\"name\":\"Home\",\"item\":\"https:\/\/espiritodacomporta.com\/fr\/\"},{\"@type\":\"ListItem\",\"position\":2,\"name\":\"D\u00e9couvrez Comporta\",\"item\":\"https:\/\/espiritodacomporta.com\/fr\/categorie\/decouvrez-comporta\/\"},{\"@type\":\"ListItem\",\"position\":3,\"name\":\"Se perdre dans la nature\",\"item\":\"https:\/\/espiritodacomporta.com\/fr\/categorie\/decouvrez-comporta\/se-perdre-dans-la-nature\/\"},{\"@type\":\"ListItem\",\"position\":4,\"name\":\"Comporta: L&#8217;endroit id\u00e9al pour se d\u00e9tendre et se ressourcer\"}]},{\"@type\":\"WebSite\",\"@id\":\"https:\/\/espiritodacomporta.com\/fr\/#website\",\"url\":\"https:\/\/espiritodacomporta.com\/fr\/\",\"name\":\"Live & Feel Comporta Portugal\",\"description\":\"\",\"publisher\":{\"@id\":\"https:\/\/espiritodacomporta.com\/fr\/#organization\"},\"potentialAction\":[{\"@type\":\"SearchAction\",\"target\":{\"@type\":\"EntryPoint\",\"urlTemplate\":\"https:\/\/espiritodacomporta.com\/fr\/?s={search_term_string}\"},\"query-input\":{\"@type\":\"PropertyValueSpecification\",\"valueRequired\":true,\"valueName\":\"search_term_string\"}}],\"inLanguage\":\"fr-FR\"},{\"@type\":\"Organization\",\"@id\":\"https:\/\/espiritodacomporta.com\/fr\/#organization\",\"name\":\"Espirito da Comporta\",\"url\":\"https:\/\/espiritodacomporta.com\/fr\/\",\"logo\":{\"@type\":\"ImageObject\",\"inLanguage\":\"fr-FR\",\"@id\":\"https:\/\/espiritodacomporta.com\/fr\/#\/schema\/logo\/image\/\",\"url\":\"https:\/\/espiritodacomporta.com\/app\/uploads\/2023\/09\/LOGO-SIGNATURE@4x.png\",\"contentUrl\":\"https:\/\/espiritodacomporta.com\/app\/uploads\/2023\/09\/LOGO-SIGNATURE@4x.png\",\"width\":321,\"height\":385,\"caption\":\"Espirito da Comporta\"},\"image\":{\"@id\":\"https:\/\/espiritodacomporta.com\/fr\/#\/schema\/logo\/image\/\"},\"sameAs\":[\"https:\/\/www.instagram.com\/almadacomporta\/\"]},{\"@type\":\"Person\",\"@id\":\"https:\/\/espiritodacomporta.com\/fr\/#\/schema\/person\/c76d29ce59d104bde14812d3465de878\",\"name\":\"Info\",\"image\":{\"@type\":\"ImageObject\",\"inLanguage\":\"fr-FR\",\"@id\":\"https:\/\/secure.gravatar.com\/avatar\/dee735d7b19944762d18cdf00966586c0ffcea9da4d03f8be9d25dcff9972207?s=96&d=mm&r=g\",\"url\":\"https:\/\/secure.gravatar.com\/avatar\/dee735d7b19944762d18cdf00966586c0ffcea9da4d03f8be9d25dcff9972207?s=96&d=mm&r=g\",\"contentUrl\":\"https:\/\/secure.gravatar.com\/avatar\/dee735d7b19944762d18cdf00966586c0ffcea9da4d03f8be9d25dcff9972207?s=96&d=mm&r=g\",\"caption\":\"Info\"}}]}<\/script>\n<!-- \/ Yoast SEO Premium plugin. -->","yoast_head_json":{"title":"Comporta: L'endroit id\u00e9al pour se d\u00e9tendre et se ressourcer","description":"Comporta: Ce petit paradis situ\u00e9 \u00e0 1h15 de Lisbonne est l'endroit id\u00e9al pour se d\u00e9tendre et se ressourcer.","robots":{"index":"index","follow":"follow","max-snippet":"max-snippet:-1","max-image-preview":"max-image-preview:large","max-video-preview":"max-video-preview:-1"},"canonical":"https:\/\/espiritodacomporta.com\/fr\/comporta-ideal-pour-se-detendre\/","og_locale":"fr_FR","og_type":"article","og_title":"Comporta: L'endroit id\u00e9al pour se d\u00e9tendre et se ressourcer","og_description":"Comporta: Ce petit paradis situ\u00e9 \u00e0 1h15 de Lisbonne est l'endroit id\u00e9al pour se d\u00e9tendre et se ressourcer.","og_url":"https:\/\/espiritodacomporta.com\/fr\/comporta-ideal-pour-se-detendre\/","og_site_name":"Live &amp; Feel Comporta Portugal","article_published_time":"2023-08-16T15:50:47+00:00","article_modified_time":"2023-08-17T09:14:50+00:00","og_image":[{"width":2120,"height":1412,"url":"https:\/\/espiritodacomporta.com\/app\/uploads\/2023\/08\/Screenshot-2023-08-16-at-15.54.13.png","type":"image\/png"}],"author":"Info","twitter_card":"summary_large_image","twitter_misc":{"\u00c9crit par":"Info","Dur\u00e9e de lecture estim\u00e9e":"8 minutes"},"schema":{"@context":"https:\/\/schema.org","@graph":[{"@type":"Article","@id":"https:\/\/espiritodacomporta.com\/fr\/comporta-ideal-pour-se-detendre\/#article","isPartOf":{"@id":"https:\/\/espiritodacomporta.com\/fr\/comporta-ideal-pour-se-detendre\/"},"author":{"name":"Info","@id":"https:\/\/espiritodacomporta.com\/fr\/#\/schema\/person\/c76d29ce59d104bde14812d3465de878"},"headline":"Comporta: L&rsquo;endroit id\u00e9al pour se d\u00e9tendre et se ressourcer","datePublished":"2023-08-16T15:50:47+00:00","dateModified":"2023-08-17T09:14:50+00:00","mainEntityOfPage":{"@id":"https:\/\/espiritodacomporta.com\/fr\/comporta-ideal-pour-se-detendre\/"},"wordCount":1082,"commentCount":0,"publisher":{"@id":"https:\/\/espiritodacomporta.com\/fr\/#organization"},"image":{"@id":"https:\/\/espiritodacomporta.com\/fr\/comporta-ideal-pour-se-detendre\/#primaryimage"},"thumbnailUrl":"https:\/\/espiritodacomporta.com\/app\/uploads\/2023\/08\/Screenshot-2023-08-16-at-15.54.13.png","articleSection":["Se perdre dans la nature","Chercher le beau"],"inLanguage":"fr-FR","potentialAction":[{"@type":"CommentAction","name":"Comment","target":["https:\/\/espiritodacomporta.com\/fr\/comporta-ideal-pour-se-detendre\/#respond"]}]},{"@type":"WebPage","@id":"https:\/\/espiritodacomporta.com\/fr\/comporta-ideal-pour-se-detendre\/","url":"https:\/\/espiritodacomporta.com\/fr\/comporta-ideal-pour-se-detendre\/","name":"Comporta: L'endroit id\u00e9al pour se d\u00e9tendre et se ressourcer","isPartOf":{"@id":"https:\/\/espiritodacomporta.com\/fr\/#website"},"primaryImageOfPage":{"@id":"https:\/\/espiritodacomporta.com\/fr\/comporta-ideal-pour-se-detendre\/#primaryimage"},"image":{"@id":"https:\/\/espiritodacomporta.com\/fr\/comporta-ideal-pour-se-detendre\/#primaryimage"},"thumbnailUrl":"https:\/\/espiritodacomporta.com\/app\/uploads\/2023\/08\/Screenshot-2023-08-16-at-15.54.13.png","datePublished":"2023-08-16T15:50:47+00:00","dateModified":"2023-08-17T09:14:50+00:00","description":"Comporta: Ce petit paradis situ\u00e9 \u00e0 1h15 de Lisbonne est l'endroit id\u00e9al pour se d\u00e9tendre et se ressourcer.","breadcrumb":{"@id":"https:\/\/espiritodacomporta.com\/fr\/comporta-ideal-pour-se-detendre\/#breadcrumb"},"inLanguage":"fr-FR","potentialAction":[{"@type":"ReadAction","target":["https:\/\/espiritodacomporta.com\/fr\/comporta-ideal-pour-se-detendre\/"]}]},{"@type":"ImageObject","inLanguage":"fr-FR","@id":"https:\/\/espiritodacomporta.com\/fr\/comporta-ideal-pour-se-detendre\/#primaryimage","url":"https:\/\/espiritodacomporta.com\/app\/uploads\/2023\/08\/Screenshot-2023-08-16-at-15.54.13.png","contentUrl":"https:\/\/espiritodacomporta.com\/app\/uploads\/2023\/08\/Screenshot-2023-08-16-at-15.54.13.png","width":2120,"height":1412,"caption":"Flor_de_arroz"},{"@type":"BreadcrumbList","@id":"https:\/\/espiritodacomporta.com\/fr\/comporta-ideal-pour-se-detendre\/#breadcrumb","itemListElement":[{"@type":"ListItem","position":1,"name":"Home","item":"https:\/\/espiritodacomporta.com\/fr\/"},{"@type":"ListItem","position":2,"name":"D\u00e9couvrez Comporta","item":"https:\/\/espiritodacomporta.com\/fr\/categorie\/decouvrez-comporta\/"},{"@type":"ListItem","position":3,"name":"Se perdre dans la nature","item":"https:\/\/espiritodacomporta.com\/fr\/categorie\/decouvrez-comporta\/se-perdre-dans-la-nature\/"},{"@type":"ListItem","position":4,"name":"Comporta: L&#8217;endroit id\u00e9al pour se d\u00e9tendre et se ressourcer"}]},{"@type":"WebSite","@id":"https:\/\/espiritodacomporta.com\/fr\/#website","url":"https:\/\/espiritodacomporta.com\/fr\/","name":"Live & Feel Comporta Portugal","description":"","publisher":{"@id":"https:\/\/espiritodacomporta.com\/fr\/#organization"},"potentialAction":[{"@type":"SearchAction","target":{"@type":"EntryPoint","urlTemplate":"https:\/\/espiritodacomporta.com\/fr\/?s={search_term_string}"},"query-input":{"@type":"PropertyValueSpecification","valueRequired":true,"valueName":"search_term_string"}}],"inLanguage":"fr-FR"},{"@type":"Organization","@id":"https:\/\/espiritodacomporta.com\/fr\/#organization","name":"Espirito da Comporta","url":"https:\/\/espiritodacomporta.com\/fr\/","logo":{"@type":"ImageObject","inLanguage":"fr-FR","@id":"https:\/\/espiritodacomporta.com\/fr\/#\/schema\/logo\/image\/","url":"https:\/\/espiritodacomporta.com\/app\/uploads\/2023\/09\/LOGO-SIGNATURE@4x.png","contentUrl":"https:\/\/espiritodacomporta.com\/app\/uploads\/2023\/09\/LOGO-SIGNATURE@4x.png","width":321,"height":385,"caption":"Espirito da Comporta"},"image":{"@id":"https:\/\/espiritodacomporta.com\/fr\/#\/schema\/logo\/image\/"},"sameAs":["https:\/\/www.instagram.com\/almadacomporta\/"]},{"@type":"Person","@id":"https:\/\/espiritodacomporta.com\/fr\/#\/schema\/person\/c76d29ce59d104bde14812d3465de878","name":"Info","image":{"@type":"ImageObject","inLanguage":"fr-FR","@id":"https:\/\/secure.gravatar.com\/avatar\/dee735d7b19944762d18cdf00966586c0ffcea9da4d03f8be9d25dcff9972207?s=96&d=mm&r=g","url":"https:\/\/secure.gravatar.com\/avatar\/dee735d7b19944762d18cdf00966586c0ffcea9da4d03f8be9d25dcff9972207?s=96&d=mm&r=g","contentUrl":"https:\/\/secure.gravatar.com\/avatar\/dee735d7b19944762d18cdf00966586c0ffcea9da4d03f8be9d25dcff9972207?s=96&d=mm&r=g","caption":"Info"}}]}},"jetpack_featured_media_url":"https:\/\/espiritodacomporta.com\/app\/uploads\/2023\/08\/Screenshot-2023-08-16-at-15.54.13.png","_links":{"self":[{"href":"https:\/\/espiritodacomporta.com\/fr\/wp-json\/wp\/v2\/posts\/53764","targetHints":{"allow":["GET"]}}],"collection":[{"href":"https:\/\/espiritodacomporta.com\/fr\/wp-json\/wp\/v2\/posts"}],"about":[{"href":"https:\/\/espiritodacomporta.com\/fr\/wp-json\/wp\/v2\/types\/post"}],"author":[{"embeddable":true,"href":"https:\/\/espiritodacomporta.com\/fr\/wp-json\/wp\/v2\/users\/7"}],"replies":[{"embeddable":true,"href":"https:\/\/espiritodacomporta.com\/fr\/wp-json\/wp\/v2\/comments?post=53764"}],"version-history":[{"count":0,"href":"https:\/\/espiritodacomporta.com\/fr\/wp-json\/wp\/v2\/posts\/53764\/revisions"}],"wp:featuredmedia":[{"embeddable":true,"href":"https:\/\/espiritodacomporta.com\/fr\/wp-json\/wp\/v2\/media\/53753"}],"wp:attachment":[{"href":"https:\/\/espiritodacomporta.com\/fr\/wp-json\/wp\/v2\/media?parent=53764"}],"wp:term":[{"taxonomy":"category","embeddable":true,"href":"https:\/\/espiritodacomporta.com\/fr\/wp-json\/wp\/v2\/categories?post=53764"},{"taxonomy":"post_tag","embeddable":true,"href":"https:\/\/espiritodacomporta.com\/fr\/wp-json\/wp\/v2\/tags?post=53764"}],"curies":[{"name":"wp","href":"https:\/\/api.w.org\/{rel}","templated":true}]}}