{"id":5876,"date":"2023-06-02T16:00:05","date_gmt":"2023-06-02T14:00:05","guid":{"rendered":"https:\/\/espiritodacomporta.com\/?p=5876"},"modified":"2023-06-21T17:02:57","modified_gmt":"2023-06-21T15:02:57","slug":"decouvrez-setubal","status":"publish","type":"post","link":"https:\/\/espiritodacomporta.com\/fr\/decouvrez-setubal\/","title":{"rendered":"Que faire \u00e0 Set\u00fabal au Portugal ?"},"content":{"rendered":"\n<p>Si vous \u00eates en vacances \u00e0 <a href=\"https:\/\/espiritodacomporta.com\/fr\">Comporta<\/a> au Portugal, n\u2019h\u00e9sitez pas \u00e0 vous rendre \u00e0 Set\u00fabal pour une escapade d\u2019une journ\u00e9e. Cette ville se trouve \u00e0 20 mn <a href=\"https:\/\/espiritodacomporta.com\/fr\/comment-se-rendre-a-comporta\/\">en ferry <\/a>depuis la p\u00e9ninsule de Tr\u00f3ia, et vous pouvez embarquer avec votre voiture. Il est donc tout \u00e0 fait possible de pr\u00e9voir cette visite lorsque vous s\u00e9journez dans une de nos <a href=\"https:\/\/espiritodacomporta.com\/fr\/nos-maisons\/\">maisons \u00e0 Comporta<\/a>.\u00a0<br>La travers\u00e9e en ferry est l\u2019occasion d\u2019admirer la r\u00e9serve naturelle de l\u2019estuaire du Sado, et si vous \u00eates chanceux vous pourrez m\u00eame voir des dauphins.<\/p>\n\n\n\n<figure class=\"wp-block-image size-large\"><img loading=\"lazy\" decoding=\"async\" width=\"1024\" height=\"768\" data-attachment-id=\"27677\" data-permalink=\"https:\/\/espiritodacomporta.com\/fr\/distance-comporta-lisbonne\/comporta-ferry-2-2\/\" data-orig-file=\"https:\/\/espiritodacomporta.com\/app\/uploads\/2022\/05\/comporta-ferry-scaled.webp\" data-orig-size=\"2560,1920\" data-comments-opened=\"0\" data-image-meta=\"{&quot;aperture&quot;:&quot;0&quot;,&quot;credit&quot;:&quot;&quot;,&quot;camera&quot;:&quot;&quot;,&quot;caption&quot;:&quot;&quot;,&quot;created_timestamp&quot;:&quot;0&quot;,&quot;copyright&quot;:&quot;&quot;,&quot;focal_length&quot;:&quot;0&quot;,&quot;iso&quot;:&quot;0&quot;,&quot;shutter_speed&quot;:&quot;0&quot;,&quot;title&quot;:&quot;&quot;,&quot;orientation&quot;:&quot;0&quot;}\" data-image-title=\"comporta-ferry\" data-image-description=\"\" data-image-caption=\"\" data-medium-file=\"https:\/\/espiritodacomporta.com\/app\/uploads\/2022\/05\/comporta-ferry-300x225.webp\" data-large-file=\"https:\/\/espiritodacomporta.com\/app\/uploads\/2022\/05\/comporta-ferry-1024x768.webp\" src=\"https:\/\/espiritodacomporta.com\/app\/uploads\/2022\/05\/comporta-ferry-1024x768.webp\" alt=\"comporta-sea-activities\" class=\"wp-image-27677\" srcset=\"https:\/\/espiritodacomporta.com\/app\/uploads\/2022\/05\/comporta-ferry-1024x768.webp 1024w, https:\/\/espiritodacomporta.com\/app\/uploads\/2022\/05\/comporta-ferry-300x225.webp 300w, https:\/\/espiritodacomporta.com\/app\/uploads\/2022\/05\/comporta-ferry-768x576.webp 768w, https:\/\/espiritodacomporta.com\/app\/uploads\/2022\/05\/comporta-ferry-1536x1152.webp 1536w, https:\/\/espiritodacomporta.com\/app\/uploads\/2022\/05\/comporta-ferry-2048x1536.webp 2048w\" sizes=\"auto, (max-width: 1024px) 100vw, 1024px\" \/><\/figure>\n\n\n\n<p>La <a href=\"https:\/\/espiritodacomporta.com\/fr\/quand-partir-a-comporta-au-portugal\/\">m\u00e9t\u00e9o<\/a> \u00e0 Set\u00fabal est cl\u00e9mente toute l\u2019ann\u00e9e. Cette ville portuaire est une destination qui se situe \u00e0 45 mn de Lisbonne. Elle abrite un vieux quartier charmant, un fort impressionnant, la jolie \u00e9glise&nbsp;de J\u00e9sus (Convento de Jesus), un march\u00e9 couvert anim\u00e9 et les meilleurs restaurants de fruits de mer du Portugal. Elle est \u00e9galement tr\u00e8s r\u00e9put\u00e9e au Portugal pour son club de football, le Vit\u00f3ria Set\u00fabal Futebol Clube.<\/p>\n\n\n\n<h2 class=\"wp-block-heading\" id=\"h-que-faire-a-setubal-au-portugal\"><strong>Que faire \u00e0 Set\u00fabal au Portugal ?<\/strong><\/h2>\n\n\n\n<h3 class=\"wp-block-heading\" id=\"h-la-vieille-ville-de-setubal\">La vieille ville de Set\u00fabal<\/h3>\n\n\n\n<p>La meilleure fa\u00e7on de d\u00e9couvrir la ville est de d\u00e9ambuler dans les rues de son joli centre historique. Fl\u00e2nez rue \u00c1lvaro Castel\u00f5es ou sur l\u2019avenue principale Luisa Todi qui est bord\u00e9e de b\u00e2timents traditionnels et d\u2019anciens h\u00f4tels particuliers ou mus\u00e9es, ainsi que sur les docks du port de p\u00eache.<\/p>\n\n\n\n<h3 class=\"wp-block-heading\" id=\"h-un-marche-tres-anime\">Un march\u00e9 tr\u00e8s anim\u00e9<\/h3>\n\n\n\n<p>Arr\u00eatez-vous au beau march\u00e9 \u00ab Mercado do Livramento \u00bb le matin, aux heures les plus anim\u00e9es. Il est souvent consid\u00e9r\u00e9 comme le meilleur du Portugal pour le poisson et les produits frais. Vous y trouverez \u00e9galement d\u2019autres choses, comme des produits de l\u2019artisanat local et de beaux \u00e9talages de fruits et de l\u00e9gumes. Le b\u00e2timent est orn\u00e9 de carreaux azulejos qui racontent l\u2019histoire de Set\u00fabal.&nbsp;<\/p>\n\n\n\n<h3 class=\"wp-block-heading\" id=\"h-un-port-de-peche-colore\">Un port de p\u00eache color\u00e9<\/h3>\n\n\n\n<p>Le port de p\u00eache de Set\u00fabal est plein de petits bateaux color\u00e9s en bois. On peut les admirer en se baladant le long des docks. C\u2019est l\u2019endroit id\u00e9al pour r\u00e9aliser de magnifiques photographies au coucher du soleil. Sur les Doca dos Pescadores vous trouverez \u00e9galement d\u2019excellents restaurants de poissons, en particulier des sardines et des fruits de mer frais. La seiche frite, \u201cchoco frito\u201d, est une sp\u00e9cialit\u00e9 locale \u00e0 ne pas manquer.<\/p>\n\n\n\n<h3 class=\"wp-block-heading\" id=\"h-le-fort-de-sao-filipe\">Le fort de S\u00e3o Filipe<\/h3>\n\n\n\n<p>Le \u201cFortaleza de Sao Filipe\u201d a \u00e9t\u00e9 b\u00e2ti au XVIe si\u00e8cle. Ce ch\u00e2teau, qui surplombe Set\u00fabal, servait \u00e0 d\u00e9fendre l\u2019estuaire du Sado des attaques des pirates et des pilleurs nord-africains. Cette importante b\u00e2tisse en forme d\u2019\u00e9toile a \u00e9t\u00e9 construite sous les ordres du roi Dom Filipe I.<\/p>\n\n\n\n<p>Du haut de ses remparts imprenables, on profite d\u2019une vue \u00e9poustouflante sur la ville et la r\u00e9serve naturelle du Sado. Le caf\u00e9 se trouvant sur les remparts est probablement le mieux plac\u00e9 de tout Set\u00fabal. C\u2019est l\u2019endroit id\u00e9al o\u00f9 d\u00e9guster un verre de moscatel de Set\u00fabal en admirant la p\u00e9ninsule de Tr\u00f3ia.<\/p>\n\n\n\n<h3 class=\"wp-block-heading\" id=\"h-le-couvent-da-arrabida\">Le couvent da Arr\u00e1bida<\/h3>\n\n\n\n<p>Le monast\u00e8re d\u2019Arr\u00e1bida, construit au XVIe si\u00e8cle, est cach\u00e9 dans les collines couvertes de pins de la Serra da Arr\u00e1bida. C\u2019\u00e9tait \u00e0 l\u2019origine un monast\u00e8re franciscain. Il s\u2019\u00e9tend sur 25 hectares et comprend un plusieurs b\u00e2timents, sanctuaires et bois qui surplombent la p\u00e9ninsule de Set\u00fabal.<\/p>\n\n\n\n<p>Fond\u00e9 en 1542 par un moine castillan, le fr\u00e8re Martinho de Santa Maria, le couvent fut construit sur un terrain appartenant au duc d\u2019Aveiro \u2013 D. Jo\u00e3o de Lencastre. Ce site particulier a \u00e9t\u00e9 choisi car c\u2019est l\u00e0 que la vision de la Vierge Marie chevauchant une mule sur le flanc de la colline aurait eu lieu.<\/p>\n\n\n\n<p>Les ruines du vieux monast\u00e8re se trouvent au-dessus des b\u00e2timents principaux, sur l\u2019un des points les plus \u00e9lev\u00e9s de la Serra da Arr\u00e1bida. On trouve \u00e9galement les vestiges de plusieurs petites chapelles, des sanctuaires et des cellules d\u2019ermitage \u00e9parpill\u00e9s dans les collines.&nbsp;<\/p>\n\n\n\n<p>Le Convento da Arr\u00e1bida a cess\u00e9 d\u2019\u00eatre un monast\u00e8re dans les ann\u00e9es 1830. Apr\u00e8s de nombreuses ann\u00e9es de n\u00e9gligence, il a \u00e9t\u00e9 achet\u00e9 par la famille Palmela en 1860, mais les travaux de restauration n\u2019ont commenc\u00e9 que dans les ann\u00e9es 1940. Quarante ans plus tard, le propri\u00e9taire a d\u00e9cid\u00e9 de le vendre \u00e0 la Funda\u00e7\u00e3o Oriente. Cette fondation culturelle y organise maintenant des retraites et s\u00e9minaires. Le monument reste ouvert pour des visites guid\u00e9es du mercredi au dimanche.&nbsp;<\/p>\n\n\n\n<h2 class=\"wp-block-heading\" id=\"h-ou-sejourner-a-setubal-au-portugal\"><strong>O\u00f9 s\u00e9journer \u00e0 Set\u00fabal au Portugal ?<\/strong><\/h2>\n\n\n\n<h3 class=\"wp-block-heading\" id=\"h-espirito-de-comporta\">Espirito de Comporta<\/h3>\n\n\n\n<p>A 1h de Lisbonne, Espirito da Comporta propose des locations de cabanes et villas typiques de Comporta. Situ\u00e9es face aux rizi\u00e8res et proches des plages, c\u2019est l\u2019endroit id\u00e9al o\u00f9 passer des vacances en famille ou entre amis. L\u2019architecture des maisons reprend les codes des cabanes de p\u00eacheur de la r\u00e9gion et la d\u00e9coration est simple et chaleureuse. Les chambres sont agr\u00e9ables, baign\u00e9es de soleil et ouvertes sur la nature environnante. Les piscines surplombent les prairies sauvages de Comporta. Les services et les attentions des h\u00f4tes finiront de rendre votre s\u00e9jour inoubliable. D\u00e9couvrez ici nos <a href=\"https:\/\/espiritodacomporta.com\/fr\/nos-maisons\/\">locations de vacances \u00e0 Comporta.<\/a><br><\/p>\n\n\n\n<figure class=\"wp-block-gallery has-nested-images columns-default is-cropped wp-block-gallery-1 is-layout-flex wp-block-gallery-is-layout-flex\">\n<figure class=\"wp-block-image size-large\"><img loading=\"lazy\" decoding=\"async\" width=\"1024\" height=\"768\" data-attachment-id=\"30222\" data-permalink=\"https:\/\/espiritodacomporta.com\/fr\/les-meilleurs-spots-pour-vos-vacances-dete-au-portugal\/comporta-flor-2\/\" data-orig-file=\"https:\/\/espiritodacomporta.com\/app\/uploads\/2022\/06\/Comporta-flor-scaled.webp\" data-orig-size=\"2560,1920\" data-comments-opened=\"0\" data-image-meta=\"{&quot;aperture&quot;:&quot;0&quot;,&quot;credit&quot;:&quot;&quot;,&quot;camera&quot;:&quot;&quot;,&quot;caption&quot;:&quot;&quot;,&quot;created_timestamp&quot;:&quot;0&quot;,&quot;copyright&quot;:&quot;&quot;,&quot;focal_length&quot;:&quot;0&quot;,&quot;iso&quot;:&quot;0&quot;,&quot;shutter_speed&quot;:&quot;0&quot;,&quot;title&quot;:&quot;&quot;,&quot;orientation&quot;:&quot;0&quot;}\" data-image-title=\"Comporta-flor\" data-image-description=\"\" data-image-caption=\"\" data-medium-file=\"https:\/\/espiritodacomporta.com\/app\/uploads\/2022\/06\/Comporta-flor-300x225.webp\" data-large-file=\"https:\/\/espiritodacomporta.com\/app\/uploads\/2022\/06\/Comporta-flor-1024x768.webp\" data-id=\"30222\" src=\"https:\/\/espiritodacomporta.com\/app\/uploads\/2022\/06\/Comporta-flor-1024x768.webp\" alt=\"Comporta-flor\" class=\"wp-image-30222\" srcset=\"https:\/\/espiritodacomporta.com\/app\/uploads\/2022\/06\/Comporta-flor-1024x768.webp 1024w, https:\/\/espiritodacomporta.com\/app\/uploads\/2022\/06\/Comporta-flor-300x225.webp 300w, https:\/\/espiritodacomporta.com\/app\/uploads\/2022\/06\/Comporta-flor-768x576.webp 768w, https:\/\/espiritodacomporta.com\/app\/uploads\/2022\/06\/Comporta-flor-1536x1152.webp 1536w, https:\/\/espiritodacomporta.com\/app\/uploads\/2022\/06\/Comporta-flor-2048x1536.webp 2048w\" sizes=\"auto, (max-width: 1024px) 100vw, 1024px\" \/><\/figure>\n\n\n\n<figure class=\"wp-block-image size-large\"><img loading=\"lazy\" decoding=\"async\" width=\"759\" height=\"1024\" data-attachment-id=\"22023\" data-permalink=\"https:\/\/espiritodacomporta.com\/fr\/nos-maisons\/casas-de-arroz\/202108-flor-4-2-2\/\" data-orig-file=\"https:\/\/espiritodacomporta.com\/app\/uploads\/2021\/08\/202108-flor-4-1.jpg\" data-orig-size=\"1334,1800\" data-comments-opened=\"0\" data-image-meta=\"{&quot;aperture&quot;:&quot;0&quot;,&quot;credit&quot;:&quot;&quot;,&quot;camera&quot;:&quot;&quot;,&quot;caption&quot;:&quot;&quot;,&quot;created_timestamp&quot;:&quot;0&quot;,&quot;copyright&quot;:&quot;&quot;,&quot;focal_length&quot;:&quot;0&quot;,&quot;iso&quot;:&quot;0&quot;,&quot;shutter_speed&quot;:&quot;0&quot;,&quot;title&quot;:&quot;&quot;,&quot;orientation&quot;:&quot;0&quot;}\" data-image-title=\"202108-flor-4\" data-image-description=\"\" data-image-caption=\"\" data-medium-file=\"https:\/\/espiritodacomporta.com\/app\/uploads\/2021\/08\/202108-flor-4-1-222x300.jpg\" data-large-file=\"https:\/\/espiritodacomporta.com\/app\/uploads\/2021\/08\/202108-flor-4-1-759x1024.jpg\" data-id=\"22023\" src=\"https:\/\/espiritodacomporta.com\/app\/uploads\/2021\/08\/202108-flor-4-1-759x1024.jpg\" alt=\"\" class=\"wp-image-22023\" srcset=\"https:\/\/espiritodacomporta.com\/app\/uploads\/2021\/08\/202108-flor-4-1-759x1024.jpg 759w, https:\/\/espiritodacomporta.com\/app\/uploads\/2021\/08\/202108-flor-4-1-222x300.jpg 222w, https:\/\/espiritodacomporta.com\/app\/uploads\/2021\/08\/202108-flor-4-1-768x1036.jpg 768w, https:\/\/espiritodacomporta.com\/app\/uploads\/2021\/08\/202108-flor-4-1-1138x1536.jpg 1138w, https:\/\/espiritodacomporta.com\/app\/uploads\/2021\/08\/202108-flor-4-1.jpg 1334w\" sizes=\"auto, (max-width: 759px) 100vw, 759px\" \/><\/figure>\n\n\n\n<figure class=\"wp-block-image size-large\"><img loading=\"lazy\" decoding=\"async\" width=\"1024\" height=\"767\" data-attachment-id=\"29769\" data-permalink=\"https:\/\/espiritodacomporta.com\/fr\/les-hotels-a-comporta\/campo-de-arroz-3-2\/\" data-orig-file=\"https:\/\/espiritodacomporta.com\/app\/uploads\/2022\/06\/Campo-de-arroz-3-scaled.webp\" data-orig-size=\"2560,1919\" data-comments-opened=\"0\" data-image-meta=\"{&quot;aperture&quot;:&quot;0&quot;,&quot;credit&quot;:&quot;&quot;,&quot;camera&quot;:&quot;&quot;,&quot;caption&quot;:&quot;&quot;,&quot;created_timestamp&quot;:&quot;0&quot;,&quot;copyright&quot;:&quot;&quot;,&quot;focal_length&quot;:&quot;0&quot;,&quot;iso&quot;:&quot;0&quot;,&quot;shutter_speed&quot;:&quot;0&quot;,&quot;title&quot;:&quot;&quot;,&quot;orientation&quot;:&quot;0&quot;}\" data-image-title=\"Campo-de-arroz\" data-image-description=\"\" data-image-caption=\"\" data-medium-file=\"https:\/\/espiritodacomporta.com\/app\/uploads\/2022\/06\/Campo-de-arroz-3-300x225.webp\" data-large-file=\"https:\/\/espiritodacomporta.com\/app\/uploads\/2022\/06\/Campo-de-arroz-3-1024x767.webp\" data-id=\"29769\" src=\"https:\/\/espiritodacomporta.com\/app\/uploads\/2022\/06\/Campo-de-arroz-3-1024x767.webp\" alt=\"Campo-de-arroz\" class=\"wp-image-29769\" srcset=\"https:\/\/espiritodacomporta.com\/app\/uploads\/2022\/06\/Campo-de-arroz-3-1024x767.webp 1024w, https:\/\/espiritodacomporta.com\/app\/uploads\/2022\/06\/Campo-de-arroz-3-300x225.webp 300w, https:\/\/espiritodacomporta.com\/app\/uploads\/2022\/06\/Campo-de-arroz-3-768x576.webp 768w, https:\/\/espiritodacomporta.com\/app\/uploads\/2022\/06\/Campo-de-arroz-3-1536x1151.webp 1536w, https:\/\/espiritodacomporta.com\/app\/uploads\/2022\/06\/Campo-de-arroz-3-2048x1535.webp 2048w\" sizes=\"auto, (max-width: 1024px) 100vw, 1024px\" \/><\/figure>\n<\/figure>\n\n\n\n<h2 class=\"wp-block-heading\" id=\"h-les-meilleurs-restaurants-de-setubal-au-portugal\"><strong>Les meilleurs restaurants de <\/strong>Set\u00fabal<strong> au Portugal<\/strong><\/h2>\n\n\n\n<h3 class=\"wp-block-heading\" id=\"h-xtoria\">Xt\u00f3ria<\/h3>\n\n\n\n<p>Le Chef de ce restaurant porte une attention particuli\u00e8re aux produits locaux et \u00e0 la saisonnalit\u00e9. \u00abNous avons donc cr\u00e9\u00e9 un menu original avec des produits traditionnels mais r\u00e9interpr\u00e9t\u00e9s\u00bb, explique Rute. Le menu change tous les trois mois pour suivre la saisonnalit\u00e9. Les plats sont frais et exquis.<\/p>\n\n\n\n<p>Rua Guilherme Gomes Fernandes, 17 &#8211; Set\u00fabal<\/p>\n\n\n\n<h3 class=\"wp-block-heading\" id=\"h-casa-santiago\">Casa Santiago<\/h3>\n\n\n\n<p>C&rsquo;est cet \u00e9tablissement qui a cr\u00e9\u00e9 le Choco Frito en 1974. Ce plat est depuis devenu tr\u00e8s c\u00e9l\u00e8bre au Portugal. Il est servi ici en fines lamelles frites avec du lard de porc. Nous vous conseillons de les d\u00e9guster sur du pain.<\/p>\n\n\n\n<p>Avenida Lu\u00edsa Todi 92 &#8211; Set\u00fabal<\/p>\n\n\n\n<h3 class=\"wp-block-heading\" id=\"h-tasca-do-ze-maria\">Tasca do Z\u00e9 Maria<\/h3>\n\n\n\n<p>Un restaurant \u201cdans son jus\u201d, mais ses coquillages sont d\u00e9licieux. Le menu est \u00e9crit sur un tableau au mur. On y trouve g\u00e9n\u00e9ralement des palourdes, du crabe, des coquillages frits ou bouillis et leur sp\u00e9cialit\u00e9 : les \u0153ufs de seiche frits.<\/p>\n\n\n\n<h2 class=\"wp-block-heading\" id=\"h-les-plages-de-setubal-au-portugal\"><strong>Les plages de <\/strong>Set\u00fabal<strong> au Portugal<\/strong><\/h2>\n\n\n\n<p>Contrairement \u00e0 la c\u00f4te atlantique, les plages de Set\u00fabal sont prot\u00e9g\u00e9es des courants par des bancs de sable. Il y a donc peu de vagues et cela est appr\u00e9ciable avec de jeunes enfants.&nbsp;<\/p>\n\n\n\n<p>Les locaux y viennent nombreux les weekend et pendant les vacances. Le stationnement peut alors devenir compliqu\u00e9. Il est pr\u00e9f\u00e9rable d\u2019utiliser les navettes depuis la ville ou le catamaran depuis Tr\u00f3ia.<\/p>\n\n\n\n<figure class=\"wp-block-image size-large\"><img loading=\"lazy\" decoding=\"async\" width=\"1024\" height=\"576\" data-attachment-id=\"41695\" data-permalink=\"https:\/\/espiritodacomporta.com\/fr\/automne-au-portugal\/setubal-arrabida-2\/\" data-orig-file=\"https:\/\/espiritodacomporta.com\/app\/uploads\/2022\/07\/setubal-arrabida-scaled.webp\" data-orig-size=\"2560,1440\" data-comments-opened=\"0\" data-image-meta=\"{&quot;aperture&quot;:&quot;0&quot;,&quot;credit&quot;:&quot;&quot;,&quot;camera&quot;:&quot;&quot;,&quot;caption&quot;:&quot;&quot;,&quot;created_timestamp&quot;:&quot;0&quot;,&quot;copyright&quot;:&quot;&quot;,&quot;focal_length&quot;:&quot;0&quot;,&quot;iso&quot;:&quot;0&quot;,&quot;shutter_speed&quot;:&quot;0&quot;,&quot;title&quot;:&quot;&quot;,&quot;orientation&quot;:&quot;0&quot;}\" data-image-title=\"setubal-arrabida\" data-image-description=\"\" data-image-caption=\"\" data-medium-file=\"https:\/\/espiritodacomporta.com\/app\/uploads\/2022\/07\/setubal-arrabida-300x169.webp\" data-large-file=\"https:\/\/espiritodacomporta.com\/app\/uploads\/2022\/07\/setubal-arrabida-1024x576.webp\" src=\"https:\/\/espiritodacomporta.com\/app\/uploads\/2022\/07\/setubal-arrabida-1024x576.webp\" alt=\"setubal-arrabida\" class=\"wp-image-41695\" srcset=\"https:\/\/espiritodacomporta.com\/app\/uploads\/2022\/07\/setubal-arrabida-1024x576.webp 1024w, https:\/\/espiritodacomporta.com\/app\/uploads\/2022\/07\/setubal-arrabida-300x169.webp 300w, https:\/\/espiritodacomporta.com\/app\/uploads\/2022\/07\/setubal-arrabida-768x432.webp 768w, https:\/\/espiritodacomporta.com\/app\/uploads\/2022\/07\/setubal-arrabida-1536x864.webp 1536w, https:\/\/espiritodacomporta.com\/app\/uploads\/2022\/07\/setubal-arrabida-2048x1152.webp 2048w\" sizes=\"auto, (max-width: 1024px) 100vw, 1024px\" \/><\/figure>\n\n\n\n<h3 class=\"wp-block-heading\" id=\"h-la-plage-de-figueirinha\">La plage de Figueirinha<\/h3>\n\n\n\n<p>La plage de Figueirinha est la plus grande des plages de l\u2019Arr\u00e1bida. Son sable fin et la mer calme sont id\u00e9als pour les familles et pour nager sans se soucier des vagues.&nbsp;<\/p>\n\n\n\n<p>Il y a un bar, un restaurant, des toilettes, ainsi que des surveillants de baignade et des chaises longues durant l\u2019\u00e9t\u00e9. La plage est accessible aux personnes \u00e0 mobilit\u00e9 r\u00e9duite, et un grand parking permet de stationner sa voiture sans probl\u00e8me.<\/p>\n\n\n\n<h3 class=\"wp-block-heading\" id=\"h-la-plage-portinho-da-arrabida\">La plage Portinho da Arr\u00e1bida<\/h3>\n\n\n\n<p>Portinho da Arr\u00e1bida est r\u00e9put\u00e9e pour \u00eatre la plus belle plage du parc. Beaucoup de personnes viennent ici pour le snorkeling, l\u2019observation des oiseaux et pour la plong\u00e9e sous-marine autour de la petite \u00eele d\u2019Anixa, qui se trouve juste en face. Il y a aussi un bar et un mus\u00e9e maritime au sud de la plage.<\/p>\n\n\n\n<h3 class=\"wp-block-heading\" id=\"h-les-plages-de-galapos-et-de-galapinhos\">Les plages de Galapos et de Galapinhos<\/h3>\n\n\n\n<p>Les superbes criques \u201cPraia dos Galapinhos\u201d et \u201cPraia dos Galapos\u201d se m\u00e9ritent ! L\u2019acc\u00e8s est en effet plus compliqu\u00e9, car elles se trouvent en bas d\u2019un escalier raide qui court le long de la falaise. L\u2019avantage c\u2019est qu\u2019elles sont beaucoup moins fr\u00e9quent\u00e9es que les autres plages de l\u2019Arrabida.<\/p>\n\n\n\n<p>Les bois verdoyants entourent ces croissants de sable qui plongent dans la mer calme et transparente. Ces spots sont parfait pour les amateurs de plong\u00e9e.<\/p>\n\n\n\n<figure class=\"wp-block-image size-large\"><img loading=\"lazy\" decoding=\"async\" width=\"1024\" height=\"768\" data-attachment-id=\"52155\" data-permalink=\"https:\/\/espiritodacomporta.com\/fr\/decouvrez-setubal\/galapinhos2-2\/\" data-orig-file=\"https:\/\/espiritodacomporta.com\/app\/uploads\/2019\/10\/galapinhos2.webp\" data-orig-size=\"2048,1536\" data-comments-opened=\"0\" data-image-meta=\"{&quot;aperture&quot;:&quot;0&quot;,&quot;credit&quot;:&quot;&quot;,&quot;camera&quot;:&quot;&quot;,&quot;caption&quot;:&quot;&quot;,&quot;created_timestamp&quot;:&quot;0&quot;,&quot;copyright&quot;:&quot;&quot;,&quot;focal_length&quot;:&quot;0&quot;,&quot;iso&quot;:&quot;0&quot;,&quot;shutter_speed&quot;:&quot;0&quot;,&quot;title&quot;:&quot;&quot;,&quot;orientation&quot;:&quot;0&quot;}\" data-image-title=\"galapinhos\" data-image-description=\"\" data-image-caption=\"\" data-medium-file=\"https:\/\/espiritodacomporta.com\/app\/uploads\/2019\/10\/galapinhos2-300x225.webp\" data-large-file=\"https:\/\/espiritodacomporta.com\/app\/uploads\/2019\/10\/galapinhos2-1024x768.webp\" src=\"https:\/\/espiritodacomporta.com\/app\/uploads\/2019\/10\/galapinhos2-1024x768.webp\" alt=\"galapinhos_beach\" class=\"wp-image-52155\" srcset=\"https:\/\/espiritodacomporta.com\/app\/uploads\/2019\/10\/galapinhos2-1024x768.webp 1024w, https:\/\/espiritodacomporta.com\/app\/uploads\/2019\/10\/galapinhos2-300x225.webp 300w, https:\/\/espiritodacomporta.com\/app\/uploads\/2019\/10\/galapinhos2-768x576.webp 768w, https:\/\/espiritodacomporta.com\/app\/uploads\/2019\/10\/galapinhos2-1536x1152.webp 1536w, https:\/\/espiritodacomporta.com\/app\/uploads\/2019\/10\/galapinhos2.webp 2048w\" sizes=\"auto, (max-width: 1024px) 100vw, 1024px\" \/><\/figure>\n\n\n\n<p>Diverses activit\u00e9s permettent de d\u00e9couvrir le parc naturel de l\u2019Arr\u00e1bida : la randonn\u00e9e, le bateau, le paddle, le kayak ou le snorkeling le long de la c\u00f4te\u2026 N\u2019h\u00e9sitez pas \u00e0 pr\u00e9voir une excursion en amont de votre escapade, en r\u00e9servant par exemple une des <a href=\"https:\/\/www.airbnb.pt\/s\/setubal\/experiences?refinement_paths%5B%5D=%2Fexperiences&amp;screen_size=large&amp;search_type=search_query\">exp\u00e9riences<\/a> propos\u00e9es par la plateforme Airbnb.<\/p>\n\n\n\n<h2 class=\"wp-block-heading\" id=\"h-si-vous-avez-le-temps-une-petite-visite-a-sesimbra\"><strong>Si vous avez le temps\u2026 Une petite visite \u00e0 Sesimbra<\/strong><\/h2>\n\n\n\n<p>\u00c0 30 mn de Set\u00fabal, Sesimbra est une agr\u00e9able station baln\u00e9aire touristique ador\u00e9e des Portugais. Cette ville est c\u00e9l\u00e8bre pour la beaut\u00e9 de son littoral, un fort impressionnant et ses remparts particuli\u00e8rement bien pr\u00e9serv\u00e9s. C\u2019est l\u2019endroit id\u00e9al pour une excursion d\u2019une journ\u00e9e.<br><\/p>\n","protected":false},"excerpt":{"rendered":"<p>Si vous \u00eates en vacances \u00e0 Comporta au Portugal, n\u2019h\u00e9sitez pas \u00e0 vous rendre \u00e0 Set\u00fabal pour une escapade d\u2019une journ\u00e9e. Cette ville se trouve \u00e0 20 mn en ferry depuis la p\u00e9ninsule de Tr\u00f3ia, et vous pouvez embarquer avec votre voiture. Il est donc tout \u00e0 fait possible de pr\u00e9voir cette visite lorsque vous <\/p>\n<div class=\"goto\"><a href=\"https:\/\/espiritodacomporta.com\/fr\/decouvrez-setubal\/\">Lire la suite<\/a><\/div>\n","protected":false},"author":2,"featured_media":5877,"comment_status":"open","ping_status":"open","sticky":false,"template":"","format":"standard","meta":{"_acf_changed":false,"inline_featured_image":false,"footnotes":""},"categories":[22],"tags":[],"class_list":["post-5876","post","type-post","status-publish","format-standard","has-post-thumbnail","hentry","category-chercher-le-beau"],"acf":[],"yoast_head":"<!-- This site is optimized with the Yoast SEO Premium plugin v27.2 (Yoast SEO v27.2) - https:\/\/yoast.com\/product\/yoast-seo-premium-wordpress\/ -->\n<title>Guide de la ville de Setubal et de l\u2019Arr\u00e1bida<\/title>\n<meta name=\"description\" content=\"D\u00e9couvrez les secrets de Set\u00fabal et de l\u2019Arr\u00e1bida : le centre historique, la r\u00e9serve naturelle du Sado, les activit\u00e9s et les plus belles plages.\" \/>\n<meta name=\"robots\" content=\"index, follow, max-snippet:-1, max-image-preview:large, max-video-preview:-1\" \/>\n<link rel=\"canonical\" href=\"https:\/\/espiritodacomporta.com\/fr\/decouvrez-setubal\/\" \/>\n<meta property=\"og:locale\" content=\"fr_FR\" \/>\n<meta property=\"og:type\" content=\"article\" \/>\n<meta property=\"og:title\" content=\"Que faire \u00e0 Set\u00fabal au Portugal ?\" \/>\n<meta property=\"og:description\" content=\"D\u00e9couvrez les secrets de Set\u00fabal et de l\u2019Arr\u00e1bida : le centre historique, la r\u00e9serve naturelle du Sado, les activit\u00e9s et les plus belles plages.\" \/>\n<meta property=\"og:url\" content=\"https:\/\/espiritodacomporta.com\/fr\/decouvrez-setubal\/\" \/>\n<meta property=\"og:site_name\" content=\"Live &amp; Feel Comporta Portugal\" \/>\n<meta property=\"article:published_time\" content=\"2023-06-02T14:00:05+00:00\" \/>\n<meta property=\"article:modified_time\" content=\"2023-06-21T15:02:57+00:00\" \/>\n<meta property=\"og:image\" content=\"https:\/\/espiritodacomporta.com\/app\/uploads\/2019\/10\/2017-10-28-13.27.56-e1570029405593.jpg\" \/>\n\t<meta property=\"og:image:width\" content=\"1280\" \/>\n\t<meta property=\"og:image:height\" content=\"720\" \/>\n\t<meta property=\"og:image:type\" content=\"image\/jpeg\" \/>\n<meta name=\"author\" content=\"Charline Noblet\" \/>\n<meta name=\"twitter:card\" content=\"summary_large_image\" \/>\n<meta name=\"twitter:label1\" content=\"\u00c9crit par\" \/>\n\t<meta name=\"twitter:data1\" content=\"Charline Noblet\" \/>\n\t<meta name=\"twitter:label2\" content=\"Dur\u00e9e de lecture estim\u00e9e\" \/>\n\t<meta name=\"twitter:data2\" content=\"8 minutes\" \/>\n<script type=\"application\/ld+json\" class=\"yoast-schema-graph\">{\"@context\":\"https:\/\/schema.org\",\"@graph\":[{\"@type\":\"Article\",\"@id\":\"https:\/\/espiritodacomporta.com\/fr\/decouvrez-setubal\/#article\",\"isPartOf\":{\"@id\":\"https:\/\/espiritodacomporta.com\/fr\/decouvrez-setubal\/\"},\"author\":{\"name\":\"Charline Noblet\",\"@id\":\"https:\/\/espiritodacomporta.com\/fr\/#\/schema\/person\/6e1c66cf1c46ee5b2e07e9b72600eaee\"},\"headline\":\"Que faire \u00e0 Set\u00fabal au Portugal ?\",\"datePublished\":\"2023-06-02T14:00:05+00:00\",\"dateModified\":\"2023-06-21T15:02:57+00:00\",\"mainEntityOfPage\":{\"@id\":\"https:\/\/espiritodacomporta.com\/fr\/decouvrez-setubal\/\"},\"wordCount\":1537,\"commentCount\":0,\"publisher\":{\"@id\":\"https:\/\/espiritodacomporta.com\/fr\/#organization\"},\"image\":{\"@id\":\"https:\/\/espiritodacomporta.com\/fr\/decouvrez-setubal\/#primaryimage\"},\"thumbnailUrl\":\"https:\/\/espiritodacomporta.com\/app\/uploads\/2019\/10\/2017-10-28-13.27.56-e1570029405593.jpg\",\"articleSection\":[\"Chercher le beau\"],\"inLanguage\":\"fr-FR\",\"potentialAction\":[{\"@type\":\"CommentAction\",\"name\":\"Comment\",\"target\":[\"https:\/\/espiritodacomporta.com\/fr\/decouvrez-setubal\/#respond\"]}]},{\"@type\":\"WebPage\",\"@id\":\"https:\/\/espiritodacomporta.com\/fr\/decouvrez-setubal\/\",\"url\":\"https:\/\/espiritodacomporta.com\/fr\/decouvrez-setubal\/\",\"name\":\"Guide de la ville de Setubal et de l\u2019Arr\u00e1bida\",\"isPartOf\":{\"@id\":\"https:\/\/espiritodacomporta.com\/fr\/#website\"},\"primaryImageOfPage\":{\"@id\":\"https:\/\/espiritodacomporta.com\/fr\/decouvrez-setubal\/#primaryimage\"},\"image\":{\"@id\":\"https:\/\/espiritodacomporta.com\/fr\/decouvrez-setubal\/#primaryimage\"},\"thumbnailUrl\":\"https:\/\/espiritodacomporta.com\/app\/uploads\/2019\/10\/2017-10-28-13.27.56-e1570029405593.jpg\",\"datePublished\":\"2023-06-02T14:00:05+00:00\",\"dateModified\":\"2023-06-21T15:02:57+00:00\",\"description\":\"D\u00e9couvrez les secrets de Set\u00fabal et de l\u2019Arr\u00e1bida : le centre historique, la r\u00e9serve naturelle du Sado, les activit\u00e9s et les plus belles plages.\",\"breadcrumb\":{\"@id\":\"https:\/\/espiritodacomporta.com\/fr\/decouvrez-setubal\/#breadcrumb\"},\"inLanguage\":\"fr-FR\",\"potentialAction\":[{\"@type\":\"ReadAction\",\"target\":[\"https:\/\/espiritodacomporta.com\/fr\/decouvrez-setubal\/\"]}]},{\"@type\":\"ImageObject\",\"inLanguage\":\"fr-FR\",\"@id\":\"https:\/\/espiritodacomporta.com\/fr\/decouvrez-setubal\/#primaryimage\",\"url\":\"https:\/\/espiritodacomporta.com\/app\/uploads\/2019\/10\/2017-10-28-13.27.56-e1570029405593.jpg\",\"contentUrl\":\"https:\/\/espiritodacomporta.com\/app\/uploads\/2019\/10\/2017-10-28-13.27.56-e1570029405593.jpg\",\"width\":1280,\"height\":720,\"caption\":\"comporta\"},{\"@type\":\"BreadcrumbList\",\"@id\":\"https:\/\/espiritodacomporta.com\/fr\/decouvrez-setubal\/#breadcrumb\",\"itemListElement\":[{\"@type\":\"ListItem\",\"position\":1,\"name\":\"Home\",\"item\":\"https:\/\/espiritodacomporta.com\/fr\/\"},{\"@type\":\"ListItem\",\"position\":2,\"name\":\"D\u00e9couvrez Comporta\",\"item\":\"https:\/\/espiritodacomporta.com\/fr\/categorie\/decouvrez-comporta\/\"},{\"@type\":\"ListItem\",\"position\":3,\"name\":\"Chercher le beau\",\"item\":\"https:\/\/espiritodacomporta.com\/fr\/categorie\/decouvrez-comporta\/chercher-le-beau\/\"},{\"@type\":\"ListItem\",\"position\":4,\"name\":\"Que faire \u00e0 Set\u00fabal au Portugal ?\"}]},{\"@type\":\"WebSite\",\"@id\":\"https:\/\/espiritodacomporta.com\/fr\/#website\",\"url\":\"https:\/\/espiritodacomporta.com\/fr\/\",\"name\":\"Live & Feel Comporta Portugal\",\"description\":\"\",\"publisher\":{\"@id\":\"https:\/\/espiritodacomporta.com\/fr\/#organization\"},\"potentialAction\":[{\"@type\":\"SearchAction\",\"target\":{\"@type\":\"EntryPoint\",\"urlTemplate\":\"https:\/\/espiritodacomporta.com\/fr\/?s={search_term_string}\"},\"query-input\":{\"@type\":\"PropertyValueSpecification\",\"valueRequired\":true,\"valueName\":\"search_term_string\"}}],\"inLanguage\":\"fr-FR\"},{\"@type\":\"Organization\",\"@id\":\"https:\/\/espiritodacomporta.com\/fr\/#organization\",\"name\":\"Espirito da Comporta\",\"url\":\"https:\/\/espiritodacomporta.com\/fr\/\",\"logo\":{\"@type\":\"ImageObject\",\"inLanguage\":\"fr-FR\",\"@id\":\"https:\/\/espiritodacomporta.com\/fr\/#\/schema\/logo\/image\/\",\"url\":\"https:\/\/espiritodacomporta.com\/app\/uploads\/2023\/09\/LOGO-SIGNATURE@4x.png\",\"contentUrl\":\"https:\/\/espiritodacomporta.com\/app\/uploads\/2023\/09\/LOGO-SIGNATURE@4x.png\",\"width\":321,\"height\":385,\"caption\":\"Espirito da Comporta\"},\"image\":{\"@id\":\"https:\/\/espiritodacomporta.com\/fr\/#\/schema\/logo\/image\/\"},\"sameAs\":[\"https:\/\/www.instagram.com\/almadacomporta\/\"]},{\"@type\":\"Person\",\"@id\":\"https:\/\/espiritodacomporta.com\/fr\/#\/schema\/person\/6e1c66cf1c46ee5b2e07e9b72600eaee\",\"name\":\"Charline Noblet\",\"image\":{\"@type\":\"ImageObject\",\"inLanguage\":\"fr-FR\",\"@id\":\"https:\/\/secure.gravatar.com\/avatar\/1cb8650c0f3cd8a96e31ebc41d5472b4785cb7753c9d361dbcb6ffc123643350?s=96&d=mm&r=g\",\"url\":\"https:\/\/secure.gravatar.com\/avatar\/1cb8650c0f3cd8a96e31ebc41d5472b4785cb7753c9d361dbcb6ffc123643350?s=96&d=mm&r=g\",\"contentUrl\":\"https:\/\/secure.gravatar.com\/avatar\/1cb8650c0f3cd8a96e31ebc41d5472b4785cb7753c9d361dbcb6ffc123643350?s=96&d=mm&r=g\",\"caption\":\"Charline Noblet\"}}]}<\/script>\n<!-- \/ Yoast SEO Premium plugin. -->","yoast_head_json":{"title":"Guide de la ville de Setubal et de l\u2019Arr\u00e1bida","description":"D\u00e9couvrez les secrets de Set\u00fabal et de l\u2019Arr\u00e1bida : le centre historique, la r\u00e9serve naturelle du Sado, les activit\u00e9s et les plus belles plages.","robots":{"index":"index","follow":"follow","max-snippet":"max-snippet:-1","max-image-preview":"max-image-preview:large","max-video-preview":"max-video-preview:-1"},"canonical":"https:\/\/espiritodacomporta.com\/fr\/decouvrez-setubal\/","og_locale":"fr_FR","og_type":"article","og_title":"Que faire \u00e0 Set\u00fabal au Portugal ?","og_description":"D\u00e9couvrez les secrets de Set\u00fabal et de l\u2019Arr\u00e1bida : le centre historique, la r\u00e9serve naturelle du Sado, les activit\u00e9s et les plus belles plages.","og_url":"https:\/\/espiritodacomporta.com\/fr\/decouvrez-setubal\/","og_site_name":"Live &amp; Feel Comporta Portugal","article_published_time":"2023-06-02T14:00:05+00:00","article_modified_time":"2023-06-21T15:02:57+00:00","og_image":[{"width":1280,"height":720,"url":"https:\/\/espiritodacomporta.com\/app\/uploads\/2019\/10\/2017-10-28-13.27.56-e1570029405593.jpg","type":"image\/jpeg"}],"author":"Charline Noblet","twitter_card":"summary_large_image","twitter_misc":{"\u00c9crit par":"Charline Noblet","Dur\u00e9e de lecture estim\u00e9e":"8 minutes"},"schema":{"@context":"https:\/\/schema.org","@graph":[{"@type":"Article","@id":"https:\/\/espiritodacomporta.com\/fr\/decouvrez-setubal\/#article","isPartOf":{"@id":"https:\/\/espiritodacomporta.com\/fr\/decouvrez-setubal\/"},"author":{"name":"Charline Noblet","@id":"https:\/\/espiritodacomporta.com\/fr\/#\/schema\/person\/6e1c66cf1c46ee5b2e07e9b72600eaee"},"headline":"Que faire \u00e0 Set\u00fabal au Portugal ?","datePublished":"2023-06-02T14:00:05+00:00","dateModified":"2023-06-21T15:02:57+00:00","mainEntityOfPage":{"@id":"https:\/\/espiritodacomporta.com\/fr\/decouvrez-setubal\/"},"wordCount":1537,"commentCount":0,"publisher":{"@id":"https:\/\/espiritodacomporta.com\/fr\/#organization"},"image":{"@id":"https:\/\/espiritodacomporta.com\/fr\/decouvrez-setubal\/#primaryimage"},"thumbnailUrl":"https:\/\/espiritodacomporta.com\/app\/uploads\/2019\/10\/2017-10-28-13.27.56-e1570029405593.jpg","articleSection":["Chercher le beau"],"inLanguage":"fr-FR","potentialAction":[{"@type":"CommentAction","name":"Comment","target":["https:\/\/espiritodacomporta.com\/fr\/decouvrez-setubal\/#respond"]}]},{"@type":"WebPage","@id":"https:\/\/espiritodacomporta.com\/fr\/decouvrez-setubal\/","url":"https:\/\/espiritodacomporta.com\/fr\/decouvrez-setubal\/","name":"Guide de la ville de Setubal et de l\u2019Arr\u00e1bida","isPartOf":{"@id":"https:\/\/espiritodacomporta.com\/fr\/#website"},"primaryImageOfPage":{"@id":"https:\/\/espiritodacomporta.com\/fr\/decouvrez-setubal\/#primaryimage"},"image":{"@id":"https:\/\/espiritodacomporta.com\/fr\/decouvrez-setubal\/#primaryimage"},"thumbnailUrl":"https:\/\/espiritodacomporta.com\/app\/uploads\/2019\/10\/2017-10-28-13.27.56-e1570029405593.jpg","datePublished":"2023-06-02T14:00:05+00:00","dateModified":"2023-06-21T15:02:57+00:00","description":"D\u00e9couvrez les secrets de Set\u00fabal et de l\u2019Arr\u00e1bida : le centre historique, la r\u00e9serve naturelle du Sado, les activit\u00e9s et les plus belles plages.","breadcrumb":{"@id":"https:\/\/espiritodacomporta.com\/fr\/decouvrez-setubal\/#breadcrumb"},"inLanguage":"fr-FR","potentialAction":[{"@type":"ReadAction","target":["https:\/\/espiritodacomporta.com\/fr\/decouvrez-setubal\/"]}]},{"@type":"ImageObject","inLanguage":"fr-FR","@id":"https:\/\/espiritodacomporta.com\/fr\/decouvrez-setubal\/#primaryimage","url":"https:\/\/espiritodacomporta.com\/app\/uploads\/2019\/10\/2017-10-28-13.27.56-e1570029405593.jpg","contentUrl":"https:\/\/espiritodacomporta.com\/app\/uploads\/2019\/10\/2017-10-28-13.27.56-e1570029405593.jpg","width":1280,"height":720,"caption":"comporta"},{"@type":"BreadcrumbList","@id":"https:\/\/espiritodacomporta.com\/fr\/decouvrez-setubal\/#breadcrumb","itemListElement":[{"@type":"ListItem","position":1,"name":"Home","item":"https:\/\/espiritodacomporta.com\/fr\/"},{"@type":"ListItem","position":2,"name":"D\u00e9couvrez Comporta","item":"https:\/\/espiritodacomporta.com\/fr\/categorie\/decouvrez-comporta\/"},{"@type":"ListItem","position":3,"name":"Chercher le beau","item":"https:\/\/espiritodacomporta.com\/fr\/categorie\/decouvrez-comporta\/chercher-le-beau\/"},{"@type":"ListItem","position":4,"name":"Que faire \u00e0 Set\u00fabal au Portugal ?"}]},{"@type":"WebSite","@id":"https:\/\/espiritodacomporta.com\/fr\/#website","url":"https:\/\/espiritodacomporta.com\/fr\/","name":"Live & Feel Comporta Portugal","description":"","publisher":{"@id":"https:\/\/espiritodacomporta.com\/fr\/#organization"},"potentialAction":[{"@type":"SearchAction","target":{"@type":"EntryPoint","urlTemplate":"https:\/\/espiritodacomporta.com\/fr\/?s={search_term_string}"},"query-input":{"@type":"PropertyValueSpecification","valueRequired":true,"valueName":"search_term_string"}}],"inLanguage":"fr-FR"},{"@type":"Organization","@id":"https:\/\/espiritodacomporta.com\/fr\/#organization","name":"Espirito da Comporta","url":"https:\/\/espiritodacomporta.com\/fr\/","logo":{"@type":"ImageObject","inLanguage":"fr-FR","@id":"https:\/\/espiritodacomporta.com\/fr\/#\/schema\/logo\/image\/","url":"https:\/\/espiritodacomporta.com\/app\/uploads\/2023\/09\/LOGO-SIGNATURE@4x.png","contentUrl":"https:\/\/espiritodacomporta.com\/app\/uploads\/2023\/09\/LOGO-SIGNATURE@4x.png","width":321,"height":385,"caption":"Espirito da Comporta"},"image":{"@id":"https:\/\/espiritodacomporta.com\/fr\/#\/schema\/logo\/image\/"},"sameAs":["https:\/\/www.instagram.com\/almadacomporta\/"]},{"@type":"Person","@id":"https:\/\/espiritodacomporta.com\/fr\/#\/schema\/person\/6e1c66cf1c46ee5b2e07e9b72600eaee","name":"Charline Noblet","image":{"@type":"ImageObject","inLanguage":"fr-FR","@id":"https:\/\/secure.gravatar.com\/avatar\/1cb8650c0f3cd8a96e31ebc41d5472b4785cb7753c9d361dbcb6ffc123643350?s=96&d=mm&r=g","url":"https:\/\/secure.gravatar.com\/avatar\/1cb8650c0f3cd8a96e31ebc41d5472b4785cb7753c9d361dbcb6ffc123643350?s=96&d=mm&r=g","contentUrl":"https:\/\/secure.gravatar.com\/avatar\/1cb8650c0f3cd8a96e31ebc41d5472b4785cb7753c9d361dbcb6ffc123643350?s=96&d=mm&r=g","caption":"Charline Noblet"}}]}},"jetpack_featured_media_url":"https:\/\/espiritodacomporta.com\/app\/uploads\/2019\/10\/2017-10-28-13.27.56-e1570029405593.jpg","_links":{"self":[{"href":"https:\/\/espiritodacomporta.com\/fr\/wp-json\/wp\/v2\/posts\/5876","targetHints":{"allow":["GET"]}}],"collection":[{"href":"https:\/\/espiritodacomporta.com\/fr\/wp-json\/wp\/v2\/posts"}],"about":[{"href":"https:\/\/espiritodacomporta.com\/fr\/wp-json\/wp\/v2\/types\/post"}],"author":[{"embeddable":true,"href":"https:\/\/espiritodacomporta.com\/fr\/wp-json\/wp\/v2\/users\/2"}],"replies":[{"embeddable":true,"href":"https:\/\/espiritodacomporta.com\/fr\/wp-json\/wp\/v2\/comments?post=5876"}],"version-history":[{"count":0,"href":"https:\/\/espiritodacomporta.com\/fr\/wp-json\/wp\/v2\/posts\/5876\/revisions"}],"wp:featuredmedia":[{"embeddable":true,"href":"https:\/\/espiritodacomporta.com\/fr\/wp-json\/wp\/v2\/media\/5877"}],"wp:attachment":[{"href":"https:\/\/espiritodacomporta.com\/fr\/wp-json\/wp\/v2\/media?parent=5876"}],"wp:term":[{"taxonomy":"category","embeddable":true,"href":"https:\/\/espiritodacomporta.com\/fr\/wp-json\/wp\/v2\/categories?post=5876"},{"taxonomy":"post_tag","embeddable":true,"href":"https:\/\/espiritodacomporta.com\/fr\/wp-json\/wp\/v2\/tags?post=5876"}],"curies":[{"name":"wp","href":"https:\/\/api.w.org\/{rel}","templated":true}]}}