{"id":45680,"date":"2024-01-25T20:38:00","date_gmt":"2024-01-25T18:38:00","guid":{"rendered":"https:\/\/espiritodacomporta.com\/?p=45680"},"modified":"2024-04-02T18:26:17","modified_gmt":"2024-04-02T16:26:17","slug":"de-beste-plaatsen-in-de-buurt-van-lissabon","status":"publish","type":"post","link":"https:\/\/espiritodacomporta.com\/nl\/de-beste-plaatsen-in-de-buurt-van-lissabon\/","title":{"rendered":"De beste plaatsen in de buurt van Lissabon"},"content":{"rendered":"\n<p class=\"is-style-text-intro\">Lissabon is de hoofdstad van Portugal en heeft veel te bieden. Bekend om zijn 7 heuvels, draag comfortabele schoenen want als het je doel is om te lopen zul je je doel bereiken. Elke inspanning heeft echter zijn beloning. De stad heeft prachtige en cinematografische uitzichten. Het is een stad met veel geschiedenis en heeft veel verschillende wijken, musea, klooster, kerken, straatmarkten, een kasteel, veel terrassen om te ontspannen en uitstekende restaurants. Geografisch gezien ligt het dicht bij andere unieke plaatsen zoals Sintra, \u00d3bidos of <a href=\"https:\/\/espiritodacomporta.com\/nl\/\">Comporta<\/a> waardoor het een must is om te bezoeken.<\/p>\n\n\n\n<p><\/p>\n\n\n<section class=\"homeblocks   \">\n    <section class=\"homeblocks-image \">\n                  <!-- <img decoding=\"async\" src=\"https:\/\/espiritodacomporta.com\/app\/uploads\/2022\/09\/lisbon-winter-portugal.webp\" alt=\"lisbon-portugal\"> -->\n          <img decoding=\"async\" width=\"2560\" height=\"1707\" src=\"https:\/\/espiritodacomporta.com\/app\/uploads\/2022\/09\/lisbon-winter-portugal.webp\" class=\"attachment-full size-full\" alt=\"lisbon-portugal\" loading=\"lazy\" srcset=\"https:\/\/espiritodacomporta.com\/app\/uploads\/2022\/09\/lisbon-winter-portugal.webp 2560w, https:\/\/espiritodacomporta.com\/app\/uploads\/2022\/09\/lisbon-winter-portugal-300x200.webp 300w, https:\/\/espiritodacomporta.com\/app\/uploads\/2022\/09\/lisbon-winter-portugal-1024x683.webp 1024w, https:\/\/espiritodacomporta.com\/app\/uploads\/2022\/09\/lisbon-winter-portugal-768x512.webp 768w, https:\/\/espiritodacomporta.com\/app\/uploads\/2022\/09\/lisbon-winter-portugal-1536x1024.webp 1536w, https:\/\/espiritodacomporta.com\/app\/uploads\/2022\/09\/lisbon-winter-portugal-2048x1366.webp 2048w\" sizes=\"auto, (max-width: 2560px) 100vw, 2560px\" data-attachment-id=\"44720\" data-permalink=\"https:\/\/espiritodacomporta.com\/nl\/lisbon-winter-portugal-2\/\" data-orig-file=\"https:\/\/espiritodacomporta.com\/app\/uploads\/2022\/09\/lisbon-winter-portugal.webp\" data-orig-size=\"2560,1707\" data-comments-opened=\"0\" data-image-meta=\"{&quot;aperture&quot;:&quot;0&quot;,&quot;credit&quot;:&quot;&quot;,&quot;camera&quot;:&quot;&quot;,&quot;caption&quot;:&quot;&quot;,&quot;created_timestamp&quot;:&quot;0&quot;,&quot;copyright&quot;:&quot;&quot;,&quot;focal_length&quot;:&quot;0&quot;,&quot;iso&quot;:&quot;0&quot;,&quot;shutter_speed&quot;:&quot;0&quot;,&quot;title&quot;:&quot;&quot;,&quot;orientation&quot;:&quot;0&quot;}\" data-image-title=\"lisbon-portugal\" data-image-description=\"\" data-image-caption=\"\" data-medium-file=\"https:\/\/espiritodacomporta.com\/app\/uploads\/2022\/09\/lisbon-winter-portugal-300x200.webp\" data-large-file=\"https:\/\/espiritodacomporta.com\/app\/uploads\/2022\/09\/lisbon-winter-portugal-1024x683.webp\" \/>\n            <\/section>\n    <section class=\"homeblocks-content\">\n        <div class=\"homeblocks-content-inside\">\n            <h2 style=\"text-align: left;\">HOEVEEL DAGEN ZIJN GENOEG VOOR LISSABON?<\/h2>\n<p style=\"text-align: left;\">Lissabon verkennen betekent dwalen door de geplaveide steegjes van Alfama, de monumenten van Bel\u00e9m bewonderen en het uitzicht vanaf het kasteel van S\u00e3o Jorge bewonderen. Als je verder weg gaat, betovert Sintra met sprookjesachtige paleizen, Cascais lonkt met zandstranden, Comporta en Sesimbra betoveren met hun natuurlijke schoonheid en \u00d3bidos met zijn dorp in een kasteel. Afhankelijk van hoeveel vakantiedagen je hebt, raden we je aan om ten minste 3 volle dagen te boeken, maar we raden je aan om er een paar meer te boeken om van de beste plekken rond Lissabon te kunnen genieten.<\/p>\n\n\n            \n                    <\/div>\n    <\/section>\n<\/section>\n\n\n\n<p><\/p>\n\n\n<section class=\"homeblocks   \">\n    <section class=\"homeblocks-image  homeblocks-right \">\n                  <!-- <img decoding=\"async\" src=\"https:\/\/espiritodacomporta.com\/app\/uploads\/2019\/07\/Campo_view.webp\" alt=\"Campo-de-arroz\"> -->\n          <img decoding=\"async\" width=\"1544\" height=\"1026\" src=\"https:\/\/espiritodacomporta.com\/app\/uploads\/2019\/07\/Campo_view.webp\" class=\"attachment-full size-full\" alt=\"Campo-de-arroz\" loading=\"lazy\" srcset=\"https:\/\/espiritodacomporta.com\/app\/uploads\/2019\/07\/Campo_view.webp 1544w, https:\/\/espiritodacomporta.com\/app\/uploads\/2019\/07\/Campo_view-300x199.webp 300w, https:\/\/espiritodacomporta.com\/app\/uploads\/2019\/07\/Campo_view-1024x680.webp 1024w, https:\/\/espiritodacomporta.com\/app\/uploads\/2019\/07\/Campo_view-768x510.webp 768w, https:\/\/espiritodacomporta.com\/app\/uploads\/2019\/07\/Campo_view-1536x1021.webp 1536w\" sizes=\"auto, (max-width: 1544px) 100vw, 1544px\" data-attachment-id=\"57553\" data-permalink=\"https:\/\/espiritodacomporta.com\/nl\/beste-periode-om-naar-comporta-portugal-te-gaan\/campo_view-2\/\" data-orig-file=\"https:\/\/espiritodacomporta.com\/app\/uploads\/2019\/07\/Campo_view.webp\" data-orig-size=\"1544,1026\" data-comments-opened=\"0\" data-image-meta=\"{&quot;aperture&quot;:&quot;0&quot;,&quot;credit&quot;:&quot;&quot;,&quot;camera&quot;:&quot;&quot;,&quot;caption&quot;:&quot;&quot;,&quot;created_timestamp&quot;:&quot;0&quot;,&quot;copyright&quot;:&quot;&quot;,&quot;focal_length&quot;:&quot;0&quot;,&quot;iso&quot;:&quot;0&quot;,&quot;shutter_speed&quot;:&quot;0&quot;,&quot;title&quot;:&quot;&quot;,&quot;orientation&quot;:&quot;0&quot;}\" data-image-title=\"Campo_view\" data-image-description=\"\" data-image-caption=\"\" data-medium-file=\"https:\/\/espiritodacomporta.com\/app\/uploads\/2019\/07\/Campo_view-300x199.webp\" data-large-file=\"https:\/\/espiritodacomporta.com\/app\/uploads\/2019\/07\/Campo_view-1024x680.webp\" \/>\n            <\/section>\n    <section class=\"homeblocks-content\">\n        <div class=\"homeblocks-content-inside\">\n            <p><!-- wp:heading --><\/p>\n<h2 class=\"wp-block-heading\">Welke steden liggen in de buurt van Lissabon?<\/h2>\n<p><!-- \/wp:heading --> <!-- wp:paragraph --><\/p>\n<p>Er zijn goede en uitstekende mogelijkheden in de buurt van Lissabon. We laten hier onze lijst van de beste plaatsen in de buurt van de hoofdstad van het land.<\/p>\n<p><!-- \/wp:paragraph --><\/p>\n<p><!-- wp:list --><\/p>\n<ul><!-- wp:list-item --><\/p>\n<li>Sintra<\/li>\n<p><!-- \/wp:list-item --> <!-- wp:list-item --><\/p>\n<li>\u00d3bidos<\/li>\n<p><!-- \/wp:list-item --> <!-- wp:list-item --><\/p>\n<li>Cascais<\/li>\n<p><!-- \/wp:list-item --> <!-- wp:list-item --><\/p>\n<li>Comporta<\/li>\n<p><!-- \/wp:list-item --> <!-- wp:list-item --><\/p>\n<li>Sesimbra<\/li>\n<p><!-- \/wp:list-item --><\/ul>\n<p><!-- \/wp:list --><\/p>\n\n\n            \n                    <\/div>\n    <\/section>\n<\/section>\n\n\n\n<h2 class=\"wp-block-heading\" id=\"h-\"><\/h2>\n\n\n<section class=\"homeblocks   \">\n    <section class=\"homeblocks-image \">\n                  <!-- <img decoding=\"async\" src=\"https:\/\/espiritodacomporta.com\/app\/uploads\/2022\/10\/Sintra-portugal-1.webp\" alt=\"Sintra-portugal\"> -->\n          <img decoding=\"async\" width=\"1600\" height=\"900\" src=\"https:\/\/espiritodacomporta.com\/app\/uploads\/2022\/10\/Sintra-portugal-1.webp\" class=\"attachment-full size-full\" alt=\"Sintra-portugal\" loading=\"lazy\" srcset=\"https:\/\/espiritodacomporta.com\/app\/uploads\/2022\/10\/Sintra-portugal-1.webp 1600w, https:\/\/espiritodacomporta.com\/app\/uploads\/2022\/10\/Sintra-portugal-1-300x169.webp 300w, https:\/\/espiritodacomporta.com\/app\/uploads\/2022\/10\/Sintra-portugal-1-1024x576.webp 1024w, https:\/\/espiritodacomporta.com\/app\/uploads\/2022\/10\/Sintra-portugal-1-768x432.webp 768w, https:\/\/espiritodacomporta.com\/app\/uploads\/2022\/10\/Sintra-portugal-1-1536x864.webp 1536w\" sizes=\"auto, (max-width: 1600px) 100vw, 1600px\" data-attachment-id=\"45522\" data-permalink=\"https:\/\/espiritodacomporta.com\/nl\/sintra-portugal-1-2\/\" data-orig-file=\"https:\/\/espiritodacomporta.com\/app\/uploads\/2022\/10\/Sintra-portugal-1.webp\" data-orig-size=\"1600,900\" data-comments-opened=\"0\" data-image-meta=\"{&quot;aperture&quot;:&quot;0&quot;,&quot;credit&quot;:&quot;&quot;,&quot;camera&quot;:&quot;&quot;,&quot;caption&quot;:&quot;&quot;,&quot;created_timestamp&quot;:&quot;0&quot;,&quot;copyright&quot;:&quot;&quot;,&quot;focal_length&quot;:&quot;0&quot;,&quot;iso&quot;:&quot;0&quot;,&quot;shutter_speed&quot;:&quot;0&quot;,&quot;title&quot;:&quot;&quot;,&quot;orientation&quot;:&quot;0&quot;}\" data-image-title=\"Sintra-portugal-1\" data-image-description=\"\" data-image-caption=\"\" data-medium-file=\"https:\/\/espiritodacomporta.com\/app\/uploads\/2022\/10\/Sintra-portugal-1-300x169.webp\" data-large-file=\"https:\/\/espiritodacomporta.com\/app\/uploads\/2022\/10\/Sintra-portugal-1-1024x576.webp\" \/>\n            <\/section>\n    <section class=\"homeblocks-content\">\n        <div class=\"homeblocks-content-inside\">\n            <h2 style=\"text-align: left;\">Is Sintra een bezoek waard?<\/h2>\n<p>het sprookje van Portugal. Op slechts 40 minuten van Lissabon is het een plaats met veel geschiedenis en veel te ontdekken. Het is mogelijk om op dezelfde dag te komen en te gaan, maar wij raden u aan te kiezen welke paleizen of kastelen u wilt bezoeken, want het is een zeer toeristische stad en soms kunnen de wachtrijen lang zijn (afhankelijk van de maand van het jaar waarin u gaat). Het is echter een niet te missen plaats en bijna verplicht voor wie in de hoofdstad is. Vergeet niet de &#8220;queijadas de sintra&#8221; of de &#8220;travesseiros&#8221; te proeven in het beroemde caf\u00e9 &#8220;periquita&#8221;.<\/p>\n\n\n            \n                    <\/div>\n    <\/section>\n<\/section>\n\n\n\n<h2 class=\"wp-block-heading\" id=\"h-\"><\/h2>\n\n\n\n<p id=\"sintra\"><\/p>\n\n\n<section class=\"homeblocks   \">\n    <section class=\"homeblocks-image  homeblocks-right \">\n                  <!-- <img decoding=\"async\" src=\"https:\/\/espiritodacomporta.com\/app\/uploads\/2022\/10\/o\u0301bidos-Portugal-1.webp\" alt=\"o\u0301bidos-Portugal\"> -->\n          <img decoding=\"async\" width=\"2048\" height=\"1462\" src=\"https:\/\/espiritodacomporta.com\/app\/uploads\/2022\/10\/o\u0301bidos-Portugal-1.webp\" class=\"attachment-full size-full\" alt=\"o\u0301bidos-Portugal\" loading=\"lazy\" srcset=\"https:\/\/espiritodacomporta.com\/app\/uploads\/2022\/10\/o\u0301bidos-Portugal-1.webp 2048w, https:\/\/espiritodacomporta.com\/app\/uploads\/2022\/10\/o\u0301bidos-Portugal-1-300x214.webp 300w, https:\/\/espiritodacomporta.com\/app\/uploads\/2022\/10\/o\u0301bidos-Portugal-1-1024x731.webp 1024w, https:\/\/espiritodacomporta.com\/app\/uploads\/2022\/10\/o\u0301bidos-Portugal-1-768x548.webp 768w, https:\/\/espiritodacomporta.com\/app\/uploads\/2022\/10\/o\u0301bidos-Portugal-1-1536x1097.webp 1536w\" sizes=\"auto, (max-width: 2048px) 100vw, 2048px\" data-attachment-id=\"45527\" data-permalink=\"https:\/\/espiritodacomporta.com\/nl\/obidos-portugal-1-2\/\" data-orig-file=\"https:\/\/espiritodacomporta.com\/app\/uploads\/2022\/10\/o\u0301bidos-Portugal-1.webp\" data-orig-size=\"2048,1462\" data-comments-opened=\"0\" data-image-meta=\"{&quot;aperture&quot;:&quot;0&quot;,&quot;credit&quot;:&quot;&quot;,&quot;camera&quot;:&quot;&quot;,&quot;caption&quot;:&quot;&quot;,&quot;created_timestamp&quot;:&quot;0&quot;,&quot;copyright&quot;:&quot;&quot;,&quot;focal_length&quot;:&quot;0&quot;,&quot;iso&quot;:&quot;0&quot;,&quot;shutter_speed&quot;:&quot;0&quot;,&quot;title&quot;:&quot;&quot;,&quot;orientation&quot;:&quot;0&quot;}\" data-image-title=\"o\u0301bidos-Portugal-1\" data-image-description=\"\" data-image-caption=\"\" data-medium-file=\"https:\/\/espiritodacomporta.com\/app\/uploads\/2022\/10\/o\u0301bidos-Portugal-1-300x214.webp\" data-large-file=\"https:\/\/espiritodacomporta.com\/app\/uploads\/2022\/10\/o\u0301bidos-Portugal-1-1024x731.webp\" \/>\n            <\/section>\n    <section class=\"homeblocks-content\">\n        <div class=\"homeblocks-content-inside\">\n            <h3 style=\"text-align: left;\">\u00d3bidos &#8211; historische stad<\/h3>\n<p style=\"text-align: left;\">Op 1u10 van Lissabon ligt dit middeleeuwse en pittoreske stadje. Omringd door muren is dit een dorp met veel charme. Het is klein en gemakkelijk te verkennen. Perfect om te verdwalen in de geplaveide straatjes, lage huizen met blauw-witte of geel-witte tinten. Geniet van een lunch op een van de vele terrassen die het dorp rijk is, en vergeet niet de beroemde ginjinha de \u00d3bidos te proberen. Elk jaar is er een kerst- en chocolademarkt. \u00d3bidos is echt een charmant middeleeuws stadje met geplaveide straten, historische muren en kleurrijke huizen.<\/p>\n\n\n            \n                    <\/div>\n    <\/section>\n<\/section>\n\n\n\n<h3 class=\"wp-block-heading\" id=\"h-\"><\/h3>\n\n\n<section class=\"homeblocks   \">\n    <section class=\"homeblocks-image \">\n                  <!-- <img decoding=\"async\" src=\"https:\/\/espiritodacomporta.com\/app\/uploads\/2022\/10\/cascais-portugal-lisbon.webp\" alt=\"cascais-portugal-lisbon\"> -->\n          <img decoding=\"async\" width=\"1920\" height=\"1200\" src=\"https:\/\/espiritodacomporta.com\/app\/uploads\/2022\/10\/cascais-portugal-lisbon.webp\" class=\"attachment-full size-full\" alt=\"cascais-portugal-lisbon\" loading=\"lazy\" srcset=\"https:\/\/espiritodacomporta.com\/app\/uploads\/2022\/10\/cascais-portugal-lisbon.webp 1920w, https:\/\/espiritodacomporta.com\/app\/uploads\/2022\/10\/cascais-portugal-lisbon-300x188.webp 300w, https:\/\/espiritodacomporta.com\/app\/uploads\/2022\/10\/cascais-portugal-lisbon-1024x640.webp 1024w, https:\/\/espiritodacomporta.com\/app\/uploads\/2022\/10\/cascais-portugal-lisbon-768x480.webp 768w, https:\/\/espiritodacomporta.com\/app\/uploads\/2022\/10\/cascais-portugal-lisbon-1536x960.webp 1536w\" sizes=\"auto, (max-width: 1920px) 100vw, 1920px\" data-attachment-id=\"45482\" data-permalink=\"https:\/\/espiritodacomporta.com\/nl\/de-beste-plaatsen-in-de-buurt-van-lissabon\/cascais-portugal-lisbon-2\/\" data-orig-file=\"https:\/\/espiritodacomporta.com\/app\/uploads\/2022\/10\/cascais-portugal-lisbon.webp\" data-orig-size=\"1920,1200\" data-comments-opened=\"0\" data-image-meta=\"{&quot;aperture&quot;:&quot;0&quot;,&quot;credit&quot;:&quot;&quot;,&quot;camera&quot;:&quot;&quot;,&quot;caption&quot;:&quot;&quot;,&quot;created_timestamp&quot;:&quot;0&quot;,&quot;copyright&quot;:&quot;&quot;,&quot;focal_length&quot;:&quot;0&quot;,&quot;iso&quot;:&quot;0&quot;,&quot;shutter_speed&quot;:&quot;0&quot;,&quot;title&quot;:&quot;&quot;,&quot;orientation&quot;:&quot;0&quot;}\" data-image-title=\"cascais-portugal-lisbon\" data-image-description=\"\" data-image-caption=\"\" data-medium-file=\"https:\/\/espiritodacomporta.com\/app\/uploads\/2022\/10\/cascais-portugal-lisbon-300x188.webp\" data-large-file=\"https:\/\/espiritodacomporta.com\/app\/uploads\/2022\/10\/cascais-portugal-lisbon-1024x640.webp\" \/>\n            <\/section>\n    <section class=\"homeblocks-content\">\n        <div class=\"homeblocks-content-inside\">\n            <h3 style=\"text-align: left;\">Cascais<\/h3>\n<p style=\"text-align: left;\">Cascais ligt op 27 km van Lissabon en wordt door veel toeristen bezocht. Het is een dorp met stranden en een adembenemend landschap. Een vissersdorp dat steeds bekender is geworden en nu een van de populairste vakantiebestemmingen is. Er zijn landschappen voor elk wat wils, rustige stranden voor wie wil genieten of stranden met de nodige golven voor surfliefhebbers. Het is een stad die je niet mag missen. Het heeft elk jaar jazzfestivals en andere culturele attracties.<\/p>\n\n\n            \n                    <\/div>\n    <\/section>\n<\/section>\n\n\n\n<h2 class=\"wp-block-heading\" id=\"h-\"><\/h2>\n\n\n\n<h3 class=\"wp-block-heading\" id=\"h-\"><\/h3>\n\n\n<section class=\"homeblocks   section-beige  \">\n    <section class=\"homeblocks-image  homeblocks-right \">\n                  <!-- <img decoding=\"async\" src=\"https:\/\/espiritodacomporta.com\/app\/uploads\/2022\/06\/Comporta-flor-scaled.webp\" alt=\"Comporta-flor\"> -->\n          <img decoding=\"async\" width=\"2560\" height=\"1920\" src=\"https:\/\/espiritodacomporta.com\/app\/uploads\/2022\/06\/Comporta-flor-scaled.webp\" class=\"attachment-full size-full\" alt=\"Comporta-flor\" loading=\"lazy\" srcset=\"https:\/\/espiritodacomporta.com\/app\/uploads\/2022\/06\/Comporta-flor-scaled.webp 2560w, https:\/\/espiritodacomporta.com\/app\/uploads\/2022\/06\/Comporta-flor-300x225.webp 300w, https:\/\/espiritodacomporta.com\/app\/uploads\/2022\/06\/Comporta-flor-1024x768.webp 1024w, https:\/\/espiritodacomporta.com\/app\/uploads\/2022\/06\/Comporta-flor-768x576.webp 768w, https:\/\/espiritodacomporta.com\/app\/uploads\/2022\/06\/Comporta-flor-1536x1152.webp 1536w, https:\/\/espiritodacomporta.com\/app\/uploads\/2022\/06\/Comporta-flor-2048x1536.webp 2048w\" sizes=\"auto, (max-width: 2560px) 100vw, 2560px\" data-attachment-id=\"30221\" data-permalink=\"https:\/\/espiritodacomporta.com\/nl\/beste-plaatsen-voor-zomervakantie-portugal\/comporta-flor-2\/\" data-orig-file=\"https:\/\/espiritodacomporta.com\/app\/uploads\/2022\/06\/Comporta-flor-scaled.webp\" data-orig-size=\"2560,1920\" data-comments-opened=\"0\" data-image-meta=\"{&quot;aperture&quot;:&quot;0&quot;,&quot;credit&quot;:&quot;&quot;,&quot;camera&quot;:&quot;&quot;,&quot;caption&quot;:&quot;&quot;,&quot;created_timestamp&quot;:&quot;0&quot;,&quot;copyright&quot;:&quot;&quot;,&quot;focal_length&quot;:&quot;0&quot;,&quot;iso&quot;:&quot;0&quot;,&quot;shutter_speed&quot;:&quot;0&quot;,&quot;title&quot;:&quot;&quot;,&quot;orientation&quot;:&quot;0&quot;}\" data-image-title=\"Comporta-flor\" data-image-description=\"\" data-image-caption=\"\" data-medium-file=\"https:\/\/espiritodacomporta.com\/app\/uploads\/2022\/06\/Comporta-flor-300x225.webp\" data-large-file=\"https:\/\/espiritodacomporta.com\/app\/uploads\/2022\/06\/Comporta-flor-1024x768.webp\" \/>\n            <\/section>\n    <section class=\"homeblocks-content\">\n        <div class=\"homeblocks-content-inside\">\n            <h3 class=\"wp-block-heading\" style=\"text-align: left;\">Comporta<\/h3>\n<p style=\"text-align: left;\"><!-- \/wp:heading --> <!-- wp:paragraph --><\/p>\n<p id=\"comporta\" style=\"text-align: left;\">Comporta is een dorp op 1u20 min van Lissabon, ofwel met de veerboot vanuit Setubal (stad op 40 min van Lissabon) ofwel via de snelweg. Een dorp dat elk jaar groeit en de plaats bij uitstek wordt voor de meeste Europeanen. In Comporta staat de tijd stil en is alles harmonieus en rustig. Zelfs op de drukste zomerdagen is er nog plaats voor iedereen. Aan het begin van de Alentejokust staat dit blauw-witte dorp bekend om zijn ontelbare kristalheldere wilde stranden, om de ooievaars die overal te vinden zijn en om zijn prachtige rijstvelden.<\/p>\n<p><!-- \/wp:paragraph --><\/p>\n\n\n            \n                    <\/div>\n    <\/section>\n<\/section>\n\n\n\n<h3 class=\"wp-block-heading\" id=\"h-\"><\/h3>\n\n\n<section class=\"homeblocks   section-beige  \">\n    <section class=\"homeblocks-image \">\n                  <!-- <img decoding=\"async\" src=\"https:\/\/espiritodacomporta.com\/app\/uploads\/2023\/02\/Espirito2-63-scaled.webp\" alt=\"campo de arroz\"> -->\n          <img decoding=\"async\" width=\"2560\" height=\"1707\" src=\"https:\/\/espiritodacomporta.com\/app\/uploads\/2023\/02\/Espirito2-63-scaled.webp\" class=\"attachment-full size-full\" alt=\"campo de arroz\" loading=\"lazy\" srcset=\"https:\/\/espiritodacomporta.com\/app\/uploads\/2023\/02\/Espirito2-63-scaled.webp 2560w, https:\/\/espiritodacomporta.com\/app\/uploads\/2023\/02\/Espirito2-63-300x200.webp 300w, https:\/\/espiritodacomporta.com\/app\/uploads\/2023\/02\/Espirito2-63-1024x683.webp 1024w, https:\/\/espiritodacomporta.com\/app\/uploads\/2023\/02\/Espirito2-63-768x512.webp 768w, https:\/\/espiritodacomporta.com\/app\/uploads\/2023\/02\/Espirito2-63-1536x1024.webp 1536w, https:\/\/espiritodacomporta.com\/app\/uploads\/2023\/02\/Espirito2-63-2048x1365.webp 2048w\" sizes=\"auto, (max-width: 2560px) 100vw, 2560px\" data-attachment-id=\"48890\" data-permalink=\"https:\/\/espiritodacomporta.com\/nl\/zomer-2023-in-comporta\/alma2-63-2\/\" data-orig-file=\"https:\/\/espiritodacomporta.com\/app\/uploads\/2023\/02\/Espirito2-63-scaled.webp\" data-orig-size=\"2560,1707\" data-comments-opened=\"0\" data-image-meta=\"{&quot;aperture&quot;:&quot;0&quot;,&quot;credit&quot;:&quot;&quot;,&quot;camera&quot;:&quot;&quot;,&quot;caption&quot;:&quot;&quot;,&quot;created_timestamp&quot;:&quot;0&quot;,&quot;copyright&quot;:&quot;&quot;,&quot;focal_length&quot;:&quot;0&quot;,&quot;iso&quot;:&quot;0&quot;,&quot;shutter_speed&quot;:&quot;0&quot;,&quot;title&quot;:&quot;&quot;,&quot;orientation&quot;:&quot;0&quot;}\" data-image-title=\"campo de arroz\" data-image-description=\"\" data-image-caption=\"\" data-medium-file=\"https:\/\/espiritodacomporta.com\/app\/uploads\/2023\/02\/Espirito2-63-300x200.webp\" data-large-file=\"https:\/\/espiritodacomporta.com\/app\/uploads\/2023\/02\/Espirito2-63-1024x683.webp\" \/>\n            <\/section>\n    <section class=\"homeblocks-content\">\n        <div class=\"homeblocks-content-inside\">\n            <p style=\"text-align: left;\">Vanuit Lissabon raad ik u aan om wat tijd uit te trekken en in het dorp te overnachten. Met de auto gaan is essentieel om van de hele regio te kunnen genieten. Er zijn enkele <a href=\"https:\/\/espiritodacomporta.com\/nl\/hotels-in-comporta-portugal\/\">hotels In Comporta<\/a> of <a href=\"https:\/\/espiritodacomporta.com\/nl\/huur-uw-villa-in-comporta\/\">vakantiehuizen<\/a> te huur met alle comfort van winter of zomer en met vrij uitzicht op de rijstvelden. Een authentieke retraite. Yoga, surfen, fietstochten, boottochten, paddle boarding zijn allemaal populaire activiteiten.<\/p>\n\n\n            \n                    <\/div>\n    <\/section>\n<\/section>\n\n\n<section class=\"homeblocks   \">\n    <section class=\"homeblocks-image  homeblocks-right \">\n                  <!-- <img decoding=\"async\" src=\"https:\/\/espiritodacomporta.com\/app\/uploads\/2022\/10\/sesimbra-Portugal.webp\" alt=\"sesimbra-Portugal\"> -->\n          <img decoding=\"async\" width=\"1080\" height=\"810\" src=\"https:\/\/espiritodacomporta.com\/app\/uploads\/2022\/10\/sesimbra-Portugal.webp\" class=\"attachment-full size-full\" alt=\"sesimbra-Portugal\" loading=\"lazy\" srcset=\"https:\/\/espiritodacomporta.com\/app\/uploads\/2022\/10\/sesimbra-Portugal.webp 1080w, https:\/\/espiritodacomporta.com\/app\/uploads\/2022\/10\/sesimbra-Portugal-300x225.webp 300w, https:\/\/espiritodacomporta.com\/app\/uploads\/2022\/10\/sesimbra-Portugal-1024x768.webp 1024w, https:\/\/espiritodacomporta.com\/app\/uploads\/2022\/10\/sesimbra-Portugal-768x576.webp 768w\" sizes=\"auto, (max-width: 1080px) 100vw, 1080px\" data-attachment-id=\"45492\" data-permalink=\"https:\/\/espiritodacomporta.com\/nl\/de-beste-plaatsen-in-de-buurt-van-lissabon\/sesimbra-portugal-2\/\" data-orig-file=\"https:\/\/espiritodacomporta.com\/app\/uploads\/2022\/10\/sesimbra-Portugal.webp\" data-orig-size=\"1080,810\" data-comments-opened=\"0\" data-image-meta=\"{&quot;aperture&quot;:&quot;0&quot;,&quot;credit&quot;:&quot;&quot;,&quot;camera&quot;:&quot;&quot;,&quot;caption&quot;:&quot;&quot;,&quot;created_timestamp&quot;:&quot;0&quot;,&quot;copyright&quot;:&quot;&quot;,&quot;focal_length&quot;:&quot;0&quot;,&quot;iso&quot;:&quot;0&quot;,&quot;shutter_speed&quot;:&quot;0&quot;,&quot;title&quot;:&quot;&quot;,&quot;orientation&quot;:&quot;0&quot;}\" data-image-title=\"sesimbra-Portugal\" data-image-description=\"\" data-image-caption=\"\" data-medium-file=\"https:\/\/espiritodacomporta.com\/app\/uploads\/2022\/10\/sesimbra-Portugal-300x225.webp\" data-large-file=\"https:\/\/espiritodacomporta.com\/app\/uploads\/2022\/10\/sesimbra-Portugal-1024x768.webp\" \/>\n            <\/section>\n    <section class=\"homeblocks-content\">\n        <div class=\"homeblocks-content-inside\">\n            <h3 class=\"wp-block-heading\" style=\"text-align: left;\">Sesimbra<\/h3>\n<p style=\"text-align: left;\"><!-- \/wp:heading --> <!-- wp:paragraph --><\/p>\n<p id=\"sesimbra\" style=\"text-align: left;\">Op een uur afstand van Lissabon ligt het dorp Sesimbra. Een vissersdorp met stranden in het centrum van de stad, maar als u rondkijkt vindt u plaatsen en andere adembenemende stranden. Vanuit Lissabon, hoewel het dichtbij is, adviseer ik u om in het dorp te slapen. Het is echter ook mogelijk om een van de prachtige stranden te kiezen en de rondreis vanuit de hoofdstad te maken.<br \/>\nIn dit gebied liggen de bergen van Arr\u00e1bida en Set\u00fabal. Serra da Arr\u00e1bida is een van de schatten van Portugal met bijzondere vegetatie en kristalblauwe waterstranden (hoewel iets kouder).<br \/>\nDe regio verkennen en van Sesimbra naar Serra de Arr\u00e1bida klimmen met een stop bij de stranden is uniek en niet te missen.<\/p>\n<p><!-- \/wp:paragraph --><\/p>\n\n\n            \n                    <\/div>\n    <\/section>\n<\/section>\n\n\n\n<h3 class=\"wp-block-heading\" id=\"h-\"><\/h3>\n\n\n\n<div class=\"wp-block-columns is-layout-flex wp-container-core-columns-is-layout-9d6595d7 wp-block-columns-is-layout-flex\">\n<div class=\"wp-block-column is-layout-flow wp-block-column-is-layout-flow\">\n<h2 class=\"wp-block-heading is-style-big-title\" id=\"h-beste-plaatsen-rondom-lissabon\">BESTE PLAATSEN RONDOM LISSABON<\/h2>\n<\/div>\n<\/div>\n\n\n\n<p class=\"is-style-text-intro\">Portugal is een land dat met zijn 10 miljoen inwoners relatief klein is, maar dankzij zijn geografische ligging van alles wat kan bieden.<br>Lissabon is een fantastische hoofdstad en is het vertrekpunt voor andere plaatsen. Als het uw bestemming is om de hoofdstad te bezoeken maar u hebt tijd om van andere landschappen te genieten, mis dan niet een van de bovengenoemde dorpen. Heeft u uw koffers gepakt? Heb een geweldige reis!<\/p>\n","protected":false},"excerpt":{"rendered":"<p>Lissabon is de hoofdstad van Portugal en heeft veel te bieden. Bekend om zijn 7 heuvels, draag comfortabele schoenen want als het je doel is om te lopen zul je je doel bereiken. Elke inspanning heeft echter zijn beloning. De stad heeft prachtige en cinematografische uitzichten. Het is een stad met veel geschiedenis en heeft <\/p>\n<div class=\"goto\"><a href=\"https:\/\/espiritodacomporta.com\/nl\/de-beste-plaatsen-in-de-buurt-van-lissabon\/\">Lees verder<\/a><\/div>\n","protected":false},"author":7,"featured_media":44704,"comment_status":"open","ping_status":"open","sticky":false,"template":"","format":"standard","meta":{"_acf_changed":false,"inline_featured_image":false,"footnotes":""},"categories":[1861,1858],"tags":[],"class_list":["post-45680","post","type-post","status-publish","format-standard","has-post-thumbnail","hentry","category-op-zoek-naar-schoonheid","category-verken-geschiedenis"],"acf":[],"yoast_head":"<!-- This site is optimized with the Yoast SEO Premium plugin v27.2 (Yoast SEO v27.2) - https:\/\/yoast.com\/product\/yoast-seo-premium-wordpress\/ -->\n<title>De beste plaatsen in de buurt van Lissabon<\/title>\n<meta name=\"description\" content=\"Lissabon is een fantastische hoofdstad. Geografisch bevoorrecht, heeft het vele plaatsen om te ontdekken in de buurt.\" \/>\n<meta name=\"robots\" content=\"index, follow, max-snippet:-1, max-image-preview:large, max-video-preview:-1\" \/>\n<link rel=\"canonical\" href=\"https:\/\/espiritodacomporta.com\/nl\/de-beste-plaatsen-in-de-buurt-van-lissabon\/\" \/>\n<meta property=\"og:locale\" content=\"nl_NL\" \/>\n<meta property=\"og:type\" content=\"article\" \/>\n<meta property=\"og:title\" content=\"De beste plaatsen in de buurt van Lissabon\" \/>\n<meta property=\"og:description\" content=\"Lissabon is een fantastische hoofdstad. Geografisch bevoorrecht, heeft het vele plaatsen om te ontdekken in de buurt.\" \/>\n<meta property=\"og:url\" content=\"https:\/\/espiritodacomporta.com\/nl\/de-beste-plaatsen-in-de-buurt-van-lissabon\/\" \/>\n<meta property=\"og:site_name\" content=\"Live &amp; Feel Comporta Portugal\" \/>\n<meta property=\"article:published_time\" content=\"2024-01-25T18:38:00+00:00\" \/>\n<meta property=\"article:modified_time\" content=\"2024-04-02T16:26:17+00:00\" \/>\n<meta property=\"og:image\" content=\"https:\/\/espiritodacomporta.com\/app\/uploads\/2022\/09\/casas-de-arroz-scaled.webp\" \/>\n\t<meta property=\"og:image:width\" content=\"2560\" \/>\n\t<meta property=\"og:image:height\" content=\"1920\" \/>\n\t<meta property=\"og:image:type\" content=\"image\/webp\" \/>\n<meta name=\"author\" content=\"Info\" \/>\n<meta name=\"twitter:card\" content=\"summary_large_image\" \/>\n<meta name=\"twitter:label1\" content=\"Written by\" \/>\n\t<meta name=\"twitter:data1\" content=\"Info\" \/>\n\t<meta name=\"twitter:label2\" content=\"Est. reading time\" \/>\n\t<meta name=\"twitter:data2\" content=\"1 minute\" \/>\n<script type=\"application\/ld+json\" class=\"yoast-schema-graph\">{\"@context\":\"https:\/\/schema.org\",\"@graph\":[{\"@type\":\"Article\",\"@id\":\"https:\/\/espiritodacomporta.com\/nl\/de-beste-plaatsen-in-de-buurt-van-lissabon\/#article\",\"isPartOf\":{\"@id\":\"https:\/\/espiritodacomporta.com\/nl\/de-beste-plaatsen-in-de-buurt-van-lissabon\/\"},\"author\":{\"name\":\"Info\",\"@id\":\"https:\/\/espiritodacomporta.com\/nl\/#\/schema\/person\/c76d29ce59d104bde14812d3465de878\"},\"headline\":\"De beste plaatsen in de buurt van Lissabon\",\"datePublished\":\"2024-01-25T18:38:00+00:00\",\"dateModified\":\"2024-04-02T16:26:17+00:00\",\"mainEntityOfPage\":{\"@id\":\"https:\/\/espiritodacomporta.com\/nl\/de-beste-plaatsen-in-de-buurt-van-lissabon\/\"},\"wordCount\":176,\"commentCount\":0,\"publisher\":{\"@id\":\"https:\/\/espiritodacomporta.com\/nl\/#organization\"},\"image\":{\"@id\":\"https:\/\/espiritodacomporta.com\/nl\/de-beste-plaatsen-in-de-buurt-van-lissabon\/#primaryimage\"},\"thumbnailUrl\":\"https:\/\/espiritodacomporta.com\/app\/uploads\/2022\/09\/casas-de-arroz-scaled.webp\",\"articleSection\":[\"Op zoek naar schoonheid\",\"Verken geschiedenis\"],\"inLanguage\":\"nl-NL\",\"potentialAction\":[{\"@type\":\"CommentAction\",\"name\":\"Comment\",\"target\":[\"https:\/\/espiritodacomporta.com\/nl\/de-beste-plaatsen-in-de-buurt-van-lissabon\/#respond\"]}]},{\"@type\":\"WebPage\",\"@id\":\"https:\/\/espiritodacomporta.com\/nl\/de-beste-plaatsen-in-de-buurt-van-lissabon\/\",\"url\":\"https:\/\/espiritodacomporta.com\/nl\/de-beste-plaatsen-in-de-buurt-van-lissabon\/\",\"name\":\"De beste plaatsen in de buurt van Lissabon\",\"isPartOf\":{\"@id\":\"https:\/\/espiritodacomporta.com\/nl\/#website\"},\"primaryImageOfPage\":{\"@id\":\"https:\/\/espiritodacomporta.com\/nl\/de-beste-plaatsen-in-de-buurt-van-lissabon\/#primaryimage\"},\"image\":{\"@id\":\"https:\/\/espiritodacomporta.com\/nl\/de-beste-plaatsen-in-de-buurt-van-lissabon\/#primaryimage\"},\"thumbnailUrl\":\"https:\/\/espiritodacomporta.com\/app\/uploads\/2022\/09\/casas-de-arroz-scaled.webp\",\"datePublished\":\"2024-01-25T18:38:00+00:00\",\"dateModified\":\"2024-04-02T16:26:17+00:00\",\"description\":\"Lissabon is een fantastische hoofdstad. Geografisch bevoorrecht, heeft het vele plaatsen om te ontdekken in de buurt.\",\"breadcrumb\":{\"@id\":\"https:\/\/espiritodacomporta.com\/nl\/de-beste-plaatsen-in-de-buurt-van-lissabon\/#breadcrumb\"},\"inLanguage\":\"nl-NL\",\"potentialAction\":[{\"@type\":\"ReadAction\",\"target\":[\"https:\/\/espiritodacomporta.com\/nl\/de-beste-plaatsen-in-de-buurt-van-lissabon\/\"]}]},{\"@type\":\"ImageObject\",\"inLanguage\":\"nl-NL\",\"@id\":\"https:\/\/espiritodacomporta.com\/nl\/de-beste-plaatsen-in-de-buurt-van-lissabon\/#primaryimage\",\"url\":\"https:\/\/espiritodacomporta.com\/app\/uploads\/2022\/09\/casas-de-arroz-scaled.webp\",\"contentUrl\":\"https:\/\/espiritodacomporta.com\/app\/uploads\/2022\/09\/casas-de-arroz-scaled.webp\",\"width\":2560,\"height\":1920,\"caption\":\"casas-de-arroz\"},{\"@type\":\"BreadcrumbList\",\"@id\":\"https:\/\/espiritodacomporta.com\/nl\/de-beste-plaatsen-in-de-buurt-van-lissabon\/#breadcrumb\",\"itemListElement\":[{\"@type\":\"ListItem\",\"position\":1,\"name\":\"Home\",\"item\":\"https:\/\/espiritodacomporta.com\/nl\/\"},{\"@type\":\"ListItem\",\"position\":2,\"name\":\"Ontdek Comporta\",\"item\":\"https:\/\/espiritodacomporta.com\/nl\/category\/ontdek-comporta\/\"},{\"@type\":\"ListItem\",\"position\":3,\"name\":\"Op zoek naar schoonheid\",\"item\":\"https:\/\/espiritodacomporta.com\/nl\/category\/ontdek-comporta\/op-zoek-naar-schoonheid\/\"},{\"@type\":\"ListItem\",\"position\":4,\"name\":\"De beste plaatsen in de buurt van Lissabon\"}]},{\"@type\":\"WebSite\",\"@id\":\"https:\/\/espiritodacomporta.com\/nl\/#website\",\"url\":\"https:\/\/espiritodacomporta.com\/nl\/\",\"name\":\"Live & Feel Comporta Portugal\",\"description\":\"\",\"publisher\":{\"@id\":\"https:\/\/espiritodacomporta.com\/nl\/#organization\"},\"potentialAction\":[{\"@type\":\"SearchAction\",\"target\":{\"@type\":\"EntryPoint\",\"urlTemplate\":\"https:\/\/espiritodacomporta.com\/nl\/?s={search_term_string}\"},\"query-input\":{\"@type\":\"PropertyValueSpecification\",\"valueRequired\":true,\"valueName\":\"search_term_string\"}}],\"inLanguage\":\"nl-NL\"},{\"@type\":\"Organization\",\"@id\":\"https:\/\/espiritodacomporta.com\/nl\/#organization\",\"name\":\"Espirito da Comporta\",\"url\":\"https:\/\/espiritodacomporta.com\/nl\/\",\"logo\":{\"@type\":\"ImageObject\",\"inLanguage\":\"nl-NL\",\"@id\":\"https:\/\/espiritodacomporta.com\/nl\/#\/schema\/logo\/image\/\",\"url\":\"https:\/\/espiritodacomporta.com\/app\/uploads\/2023\/09\/LOGO-SIGNATURE@4x.png\",\"contentUrl\":\"https:\/\/espiritodacomporta.com\/app\/uploads\/2023\/09\/LOGO-SIGNATURE@4x.png\",\"width\":321,\"height\":385,\"caption\":\"Espirito da Comporta\"},\"image\":{\"@id\":\"https:\/\/espiritodacomporta.com\/nl\/#\/schema\/logo\/image\/\"},\"sameAs\":[\"https:\/\/www.instagram.com\/almadacomporta\/\"]},{\"@type\":\"Person\",\"@id\":\"https:\/\/espiritodacomporta.com\/nl\/#\/schema\/person\/c76d29ce59d104bde14812d3465de878\",\"name\":\"Info\",\"image\":{\"@type\":\"ImageObject\",\"inLanguage\":\"nl-NL\",\"@id\":\"https:\/\/secure.gravatar.com\/avatar\/dee735d7b19944762d18cdf00966586c0ffcea9da4d03f8be9d25dcff9972207?s=96&d=mm&r=g\",\"url\":\"https:\/\/secure.gravatar.com\/avatar\/dee735d7b19944762d18cdf00966586c0ffcea9da4d03f8be9d25dcff9972207?s=96&d=mm&r=g\",\"contentUrl\":\"https:\/\/secure.gravatar.com\/avatar\/dee735d7b19944762d18cdf00966586c0ffcea9da4d03f8be9d25dcff9972207?s=96&d=mm&r=g\",\"caption\":\"Info\"}}]}<\/script>\n<!-- \/ Yoast SEO Premium plugin. -->","yoast_head_json":{"title":"De beste plaatsen in de buurt van Lissabon","description":"Lissabon is een fantastische hoofdstad. Geografisch bevoorrecht, heeft het vele plaatsen om te ontdekken in de buurt.","robots":{"index":"index","follow":"follow","max-snippet":"max-snippet:-1","max-image-preview":"max-image-preview:large","max-video-preview":"max-video-preview:-1"},"canonical":"https:\/\/espiritodacomporta.com\/nl\/de-beste-plaatsen-in-de-buurt-van-lissabon\/","og_locale":"nl_NL","og_type":"article","og_title":"De beste plaatsen in de buurt van Lissabon","og_description":"Lissabon is een fantastische hoofdstad. Geografisch bevoorrecht, heeft het vele plaatsen om te ontdekken in de buurt.","og_url":"https:\/\/espiritodacomporta.com\/nl\/de-beste-plaatsen-in-de-buurt-van-lissabon\/","og_site_name":"Live &amp; Feel Comporta Portugal","article_published_time":"2024-01-25T18:38:00+00:00","article_modified_time":"2024-04-02T16:26:17+00:00","og_image":[{"width":2560,"height":1920,"url":"https:\/\/espiritodacomporta.com\/app\/uploads\/2022\/09\/casas-de-arroz-scaled.webp","type":"image\/webp"}],"author":"Info","twitter_card":"summary_large_image","twitter_misc":{"Written by":"Info","Est. reading time":"1 minute"},"schema":{"@context":"https:\/\/schema.org","@graph":[{"@type":"Article","@id":"https:\/\/espiritodacomporta.com\/nl\/de-beste-plaatsen-in-de-buurt-van-lissabon\/#article","isPartOf":{"@id":"https:\/\/espiritodacomporta.com\/nl\/de-beste-plaatsen-in-de-buurt-van-lissabon\/"},"author":{"name":"Info","@id":"https:\/\/espiritodacomporta.com\/nl\/#\/schema\/person\/c76d29ce59d104bde14812d3465de878"},"headline":"De beste plaatsen in de buurt van Lissabon","datePublished":"2024-01-25T18:38:00+00:00","dateModified":"2024-04-02T16:26:17+00:00","mainEntityOfPage":{"@id":"https:\/\/espiritodacomporta.com\/nl\/de-beste-plaatsen-in-de-buurt-van-lissabon\/"},"wordCount":176,"commentCount":0,"publisher":{"@id":"https:\/\/espiritodacomporta.com\/nl\/#organization"},"image":{"@id":"https:\/\/espiritodacomporta.com\/nl\/de-beste-plaatsen-in-de-buurt-van-lissabon\/#primaryimage"},"thumbnailUrl":"https:\/\/espiritodacomporta.com\/app\/uploads\/2022\/09\/casas-de-arroz-scaled.webp","articleSection":["Op zoek naar schoonheid","Verken geschiedenis"],"inLanguage":"nl-NL","potentialAction":[{"@type":"CommentAction","name":"Comment","target":["https:\/\/espiritodacomporta.com\/nl\/de-beste-plaatsen-in-de-buurt-van-lissabon\/#respond"]}]},{"@type":"WebPage","@id":"https:\/\/espiritodacomporta.com\/nl\/de-beste-plaatsen-in-de-buurt-van-lissabon\/","url":"https:\/\/espiritodacomporta.com\/nl\/de-beste-plaatsen-in-de-buurt-van-lissabon\/","name":"De beste plaatsen in de buurt van Lissabon","isPartOf":{"@id":"https:\/\/espiritodacomporta.com\/nl\/#website"},"primaryImageOfPage":{"@id":"https:\/\/espiritodacomporta.com\/nl\/de-beste-plaatsen-in-de-buurt-van-lissabon\/#primaryimage"},"image":{"@id":"https:\/\/espiritodacomporta.com\/nl\/de-beste-plaatsen-in-de-buurt-van-lissabon\/#primaryimage"},"thumbnailUrl":"https:\/\/espiritodacomporta.com\/app\/uploads\/2022\/09\/casas-de-arroz-scaled.webp","datePublished":"2024-01-25T18:38:00+00:00","dateModified":"2024-04-02T16:26:17+00:00","description":"Lissabon is een fantastische hoofdstad. Geografisch bevoorrecht, heeft het vele plaatsen om te ontdekken in de buurt.","breadcrumb":{"@id":"https:\/\/espiritodacomporta.com\/nl\/de-beste-plaatsen-in-de-buurt-van-lissabon\/#breadcrumb"},"inLanguage":"nl-NL","potentialAction":[{"@type":"ReadAction","target":["https:\/\/espiritodacomporta.com\/nl\/de-beste-plaatsen-in-de-buurt-van-lissabon\/"]}]},{"@type":"ImageObject","inLanguage":"nl-NL","@id":"https:\/\/espiritodacomporta.com\/nl\/de-beste-plaatsen-in-de-buurt-van-lissabon\/#primaryimage","url":"https:\/\/espiritodacomporta.com\/app\/uploads\/2022\/09\/casas-de-arroz-scaled.webp","contentUrl":"https:\/\/espiritodacomporta.com\/app\/uploads\/2022\/09\/casas-de-arroz-scaled.webp","width":2560,"height":1920,"caption":"casas-de-arroz"},{"@type":"BreadcrumbList","@id":"https:\/\/espiritodacomporta.com\/nl\/de-beste-plaatsen-in-de-buurt-van-lissabon\/#breadcrumb","itemListElement":[{"@type":"ListItem","position":1,"name":"Home","item":"https:\/\/espiritodacomporta.com\/nl\/"},{"@type":"ListItem","position":2,"name":"Ontdek Comporta","item":"https:\/\/espiritodacomporta.com\/nl\/category\/ontdek-comporta\/"},{"@type":"ListItem","position":3,"name":"Op zoek naar schoonheid","item":"https:\/\/espiritodacomporta.com\/nl\/category\/ontdek-comporta\/op-zoek-naar-schoonheid\/"},{"@type":"ListItem","position":4,"name":"De beste plaatsen in de buurt van Lissabon"}]},{"@type":"WebSite","@id":"https:\/\/espiritodacomporta.com\/nl\/#website","url":"https:\/\/espiritodacomporta.com\/nl\/","name":"Live & Feel Comporta Portugal","description":"","publisher":{"@id":"https:\/\/espiritodacomporta.com\/nl\/#organization"},"potentialAction":[{"@type":"SearchAction","target":{"@type":"EntryPoint","urlTemplate":"https:\/\/espiritodacomporta.com\/nl\/?s={search_term_string}"},"query-input":{"@type":"PropertyValueSpecification","valueRequired":true,"valueName":"search_term_string"}}],"inLanguage":"nl-NL"},{"@type":"Organization","@id":"https:\/\/espiritodacomporta.com\/nl\/#organization","name":"Espirito da Comporta","url":"https:\/\/espiritodacomporta.com\/nl\/","logo":{"@type":"ImageObject","inLanguage":"nl-NL","@id":"https:\/\/espiritodacomporta.com\/nl\/#\/schema\/logo\/image\/","url":"https:\/\/espiritodacomporta.com\/app\/uploads\/2023\/09\/LOGO-SIGNATURE@4x.png","contentUrl":"https:\/\/espiritodacomporta.com\/app\/uploads\/2023\/09\/LOGO-SIGNATURE@4x.png","width":321,"height":385,"caption":"Espirito da Comporta"},"image":{"@id":"https:\/\/espiritodacomporta.com\/nl\/#\/schema\/logo\/image\/"},"sameAs":["https:\/\/www.instagram.com\/almadacomporta\/"]},{"@type":"Person","@id":"https:\/\/espiritodacomporta.com\/nl\/#\/schema\/person\/c76d29ce59d104bde14812d3465de878","name":"Info","image":{"@type":"ImageObject","inLanguage":"nl-NL","@id":"https:\/\/secure.gravatar.com\/avatar\/dee735d7b19944762d18cdf00966586c0ffcea9da4d03f8be9d25dcff9972207?s=96&d=mm&r=g","url":"https:\/\/secure.gravatar.com\/avatar\/dee735d7b19944762d18cdf00966586c0ffcea9da4d03f8be9d25dcff9972207?s=96&d=mm&r=g","contentUrl":"https:\/\/secure.gravatar.com\/avatar\/dee735d7b19944762d18cdf00966586c0ffcea9da4d03f8be9d25dcff9972207?s=96&d=mm&r=g","caption":"Info"}}]}},"jetpack_featured_media_url":"https:\/\/espiritodacomporta.com\/app\/uploads\/2022\/09\/casas-de-arroz-scaled.webp","_links":{"self":[{"href":"https:\/\/espiritodacomporta.com\/nl\/wp-json\/wp\/v2\/posts\/45680","targetHints":{"allow":["GET"]}}],"collection":[{"href":"https:\/\/espiritodacomporta.com\/nl\/wp-json\/wp\/v2\/posts"}],"about":[{"href":"https:\/\/espiritodacomporta.com\/nl\/wp-json\/wp\/v2\/types\/post"}],"author":[{"embeddable":true,"href":"https:\/\/espiritodacomporta.com\/nl\/wp-json\/wp\/v2\/users\/7"}],"replies":[{"embeddable":true,"href":"https:\/\/espiritodacomporta.com\/nl\/wp-json\/wp\/v2\/comments?post=45680"}],"version-history":[{"count":0,"href":"https:\/\/espiritodacomporta.com\/nl\/wp-json\/wp\/v2\/posts\/45680\/revisions"}],"wp:featuredmedia":[{"embeddable":true,"href":"https:\/\/espiritodacomporta.com\/nl\/wp-json\/wp\/v2\/media\/44704"}],"wp:attachment":[{"href":"https:\/\/espiritodacomporta.com\/nl\/wp-json\/wp\/v2\/media?parent=45680"}],"wp:term":[{"taxonomy":"category","embeddable":true,"href":"https:\/\/espiritodacomporta.com\/nl\/wp-json\/wp\/v2\/categories?post=45680"},{"taxonomy":"post_tag","embeddable":true,"href":"https:\/\/espiritodacomporta.com\/nl\/wp-json\/wp\/v2\/tags?post=45680"}],"curies":[{"name":"wp","href":"https:\/\/api.w.org\/{rel}","templated":true}]}}