{"id":60564,"date":"2023-11-29T17:53:00","date_gmt":"2023-11-29T15:53:00","guid":{"rendered":"https:\/\/espiritodacomporta.com\/?p=60564"},"modified":"2026-02-06T12:38:24","modified_gmt":"2026-02-06T10:38:24","slug":"comporta-de-ideale-plek-voor-telewerken","status":"publish","type":"post","link":"https:\/\/espiritodacomporta.com\/nl\/comporta-de-ideale-plek-voor-telewerken\/","title":{"rendered":"Comporta, de ideale plek voor telewerken"},"content":{"rendered":"\n<p class=\"is-style-text-intro\">De wereldwijde pandemie bracht ons nieuwe paradigma&#8217;s en de manier van werken werd enigszins geherstructureerd. Telewerken was niet iets nieuws, maar met de huidige gebeurtenissen moesten velen, die geen andere keuze hadden, zich aan deze trend aanpassen. In Portugal was het een nieuwigheid in de meeste professionele activiteiten. Met geen andere optie, was het een verplichte maatregel en er wordt veel gezegd dat deze trend zal blijven bestaan.<\/p>\n<section class=\"homeblocks   \">\n    <section class=\"homeblocks-image \">\n                  <!-- <img decoding=\"async\" src=\"https:\/\/espiritodacomporta.com\/app\/uploads\/2024\/01\/Flor-de-arroz-livingroom.webp\" alt=\"Flor-de-arroz-livingroom\"> -->\n          <img decoding=\"async\" width=\"1532\" height=\"1010\" src=\"https:\/\/espiritodacomporta.com\/app\/uploads\/2024\/01\/Flor-de-arroz-livingroom.webp\" class=\"attachment-full size-full\" alt=\"Flor-de-arroz-livingroom\" loading=\"lazy\" srcset=\"https:\/\/espiritodacomporta.com\/app\/uploads\/2024\/01\/Flor-de-arroz-livingroom.webp 1532w, https:\/\/espiritodacomporta.com\/app\/uploads\/2024\/01\/Flor-de-arroz-livingroom-300x198.webp 300w, https:\/\/espiritodacomporta.com\/app\/uploads\/2024\/01\/Flor-de-arroz-livingroom-1024x675.webp 1024w, https:\/\/espiritodacomporta.com\/app\/uploads\/2024\/01\/Flor-de-arroz-livingroom-768x506.webp 768w\" sizes=\"auto, (max-width: 1532px) 100vw, 1532px\" data-attachment-id=\"57877\" data-permalink=\"https:\/\/espiritodacomporta.com\/nl\/beste-periode-om-naar-comporta-portugal-te-gaan\/flor-de-arroz-livingroom-2\/\" data-orig-file=\"https:\/\/espiritodacomporta.com\/app\/uploads\/2024\/01\/Flor-de-arroz-livingroom.webp\" data-orig-size=\"1532,1010\" data-comments-opened=\"0\" data-image-meta=\"{&quot;aperture&quot;:&quot;0&quot;,&quot;credit&quot;:&quot;&quot;,&quot;camera&quot;:&quot;&quot;,&quot;caption&quot;:&quot;&quot;,&quot;created_timestamp&quot;:&quot;0&quot;,&quot;copyright&quot;:&quot;&quot;,&quot;focal_length&quot;:&quot;0&quot;,&quot;iso&quot;:&quot;0&quot;,&quot;shutter_speed&quot;:&quot;0&quot;,&quot;title&quot;:&quot;&quot;,&quot;orientation&quot;:&quot;0&quot;}\" data-image-title=\"Flor-de-arroz-livingroom\" data-image-description=\"\" data-image-caption=\"\" data-medium-file=\"https:\/\/espiritodacomporta.com\/app\/uploads\/2024\/01\/Flor-de-arroz-livingroom-300x198.webp\" data-large-file=\"https:\/\/espiritodacomporta.com\/app\/uploads\/2024\/01\/Flor-de-arroz-livingroom-1024x675.webp\" \/>\n            <\/section>\n    <section class=\"homeblocks-content\">\n        <div class=\"homeblocks-content-inside\">\n            <p><!-- wp:heading --><\/p>\n<h2 id=\"h-the-new-possibilities\" class=\"wp-block-heading\" style=\"text-align: left;\">De nieuwe mogelijkheden<\/h2>\n<p style=\"text-align: left;\"><!-- \/wp:heading --> <!-- wp:paragraph --><\/p>\n<p style=\"text-align: left;\">Thuis kunnen werken doet ons denken aan de talloze mogelijkheden, en \u00e9\u00e9n daarvan is: de optie om ergens anders te werken. Telewerken heeft nieuwe professionele perspectieven gecre\u00eberd. Overal vandaan kunnen werken is een toegevoegde waarde voor wie graag nieuwe plaatsen verkent. De stad ontvluchten om te genieten van wat het platteland en de natuur te bieden hebben, begint een trend te worden voor veel werknemers.   <\/p>\n<p><!-- \/wp:paragraph --> <!-- wp:heading --><\/p>\n<h2 class=\"wp-block-heading\"><\/h2>\n<p><!-- \/wp:heading --><\/p>\n\n\n            \n                    <\/div>\n    <\/section>\n<\/section>\n\n<p><\/p>\n<section class=\"homeblocks   \">\n    <section class=\"homeblocks-image  homeblocks-right \">\n                  <!-- <img decoding=\"async\" src=\"https:\/\/espiritodacomporta.com\/app\/uploads\/2024\/01\/Campo-de-arroz-room.webp\" alt=\"Campo-de-arroz-room\"> -->\n          <img decoding=\"async\" width=\"2112\" height=\"1398\" src=\"https:\/\/espiritodacomporta.com\/app\/uploads\/2024\/01\/Campo-de-arroz-room.webp\" class=\"attachment-full size-full\" alt=\"Campo-de-arroz-room\" loading=\"lazy\" srcset=\"https:\/\/espiritodacomporta.com\/app\/uploads\/2024\/01\/Campo-de-arroz-room.webp 2112w, https:\/\/espiritodacomporta.com\/app\/uploads\/2024\/01\/Campo-de-arroz-room-300x199.webp 300w, https:\/\/espiritodacomporta.com\/app\/uploads\/2024\/01\/Campo-de-arroz-room-1024x678.webp 1024w, https:\/\/espiritodacomporta.com\/app\/uploads\/2024\/01\/Campo-de-arroz-room-768x508.webp 768w, https:\/\/espiritodacomporta.com\/app\/uploads\/2024\/01\/Campo-de-arroz-room-1536x1017.webp 1536w, https:\/\/espiritodacomporta.com\/app\/uploads\/2024\/01\/Campo-de-arroz-room-2048x1356.webp 2048w\" sizes=\"auto, (max-width: 2112px) 100vw, 2112px\" data-attachment-id=\"57866\" data-permalink=\"https:\/\/espiritodacomporta.com\/nl\/beste-periode-om-naar-comporta-portugal-te-gaan\/campo-de-arroz-room-2\/\" data-orig-file=\"https:\/\/espiritodacomporta.com\/app\/uploads\/2024\/01\/Campo-de-arroz-room.webp\" data-orig-size=\"2112,1398\" data-comments-opened=\"0\" data-image-meta=\"{&quot;aperture&quot;:&quot;0&quot;,&quot;credit&quot;:&quot;&quot;,&quot;camera&quot;:&quot;&quot;,&quot;caption&quot;:&quot;&quot;,&quot;created_timestamp&quot;:&quot;0&quot;,&quot;copyright&quot;:&quot;&quot;,&quot;focal_length&quot;:&quot;0&quot;,&quot;iso&quot;:&quot;0&quot;,&quot;shutter_speed&quot;:&quot;0&quot;,&quot;title&quot;:&quot;&quot;,&quot;orientation&quot;:&quot;0&quot;}\" data-image-title=\"Campo-de-arroz-room\" data-image-description=\"\" data-image-caption=\"\" data-medium-file=\"https:\/\/espiritodacomporta.com\/app\/uploads\/2024\/01\/Campo-de-arroz-room-300x199.webp\" data-large-file=\"https:\/\/espiritodacomporta.com\/app\/uploads\/2024\/01\/Campo-de-arroz-room-1024x678.webp\" \/>\n            <\/section>\n    <section class=\"homeblocks-content\">\n        <div class=\"homeblocks-content-inside\">\n            <p><!-- wp:heading --><\/p>\n<h2 id=\"h-comporta-where-the-days-are-lighter\" class=\"wp-block-heading\">Comporta, waar de dagen lichter zijn<\/h2>\n<p><!-- \/wp:heading --> <!-- wp:paragraph --><\/p>\n<p><a href=\"https:\/\/espiritodacomporta.com\/nl\/\">Comporta<\/a>, dat internationaal steeds bekender wordt, is een klein dorp op 1H15 van Lissabon en ligt in de regio Alentejo. Gekenmerkt door zijn blauwe en witte tinten en omringd door ooievaars die hun nesten in hoge structuren houden, presenteert het dorp elke keer weer nieuwe gastronomische opties, winkels, vrije tijd en activiteiten. De stranden langs deze kust zijn wild en adembenemend. In de zomer is het natuurlijk meer in trek, maar er is nooit sprake van massatoerisme. Natuur en rust staan centraal voor degenen die deze vakantiebestemming zoeken. Comporta is niet alleen zomer. In elk seizoen presenteert deze regio van Portugal haar schoonheid.      <\/p>\n<p><!-- \/wp:paragraph --> <!-- wp:paragraph --><\/p>\n<p>&nbsp;<\/p>\n<p><!-- \/wp:paragraph --><\/p>\n\n\n            \n                    <\/div>\n    <\/section>\n<\/section>\n\n<h2 class=\"wp-block-heading\" id=\"h-\"><\/h2>\n<section class=\"homeblocks   \">\n    <section class=\"homeblocks-image \">\n                  <!-- <img decoding=\"async\" src=\"https:\/\/espiritodacomporta.com\/app\/uploads\/2021\/12\/muda_comporta.webp\" alt=\"muda-comporta\"> -->\n          <img decoding=\"async\" width=\"2560\" height=\"1899\" src=\"https:\/\/espiritodacomporta.com\/app\/uploads\/2021\/12\/muda_comporta.webp\" class=\"attachment-full size-full\" alt=\"muda-comporta\" loading=\"lazy\" srcset=\"https:\/\/espiritodacomporta.com\/app\/uploads\/2021\/12\/muda_comporta.webp 2560w, https:\/\/espiritodacomporta.com\/app\/uploads\/2021\/12\/muda_comporta-300x223.webp 300w, https:\/\/espiritodacomporta.com\/app\/uploads\/2021\/12\/muda_comporta-1024x760.webp 1024w, https:\/\/espiritodacomporta.com\/app\/uploads\/2021\/12\/muda_comporta-768x570.webp 768w, https:\/\/espiritodacomporta.com\/app\/uploads\/2021\/12\/muda_comporta-1536x1139.webp 1536w, https:\/\/espiritodacomporta.com\/app\/uploads\/2021\/12\/muda_comporta-2048x1519.webp 2048w\" sizes=\"auto, (max-width: 2560px) 100vw, 2560px\" data-attachment-id=\"28806\" data-permalink=\"https:\/\/espiritodacomporta.com\/nl\/comporta-dorpen\/muda_comporta-2-2\/\" data-orig-file=\"https:\/\/espiritodacomporta.com\/app\/uploads\/2021\/12\/muda_comporta.webp\" data-orig-size=\"2560,1899\" data-comments-opened=\"0\" data-image-meta=\"{&quot;aperture&quot;:&quot;0&quot;,&quot;credit&quot;:&quot;&quot;,&quot;camera&quot;:&quot;&quot;,&quot;caption&quot;:&quot;&quot;,&quot;created_timestamp&quot;:&quot;0&quot;,&quot;copyright&quot;:&quot;&quot;,&quot;focal_length&quot;:&quot;0&quot;,&quot;iso&quot;:&quot;0&quot;,&quot;shutter_speed&quot;:&quot;0&quot;,&quot;title&quot;:&quot;&quot;,&quot;orientation&quot;:&quot;0&quot;}\" data-image-title=\"muda_comporta\" data-image-description=\"\" data-image-caption=\"\" data-medium-file=\"https:\/\/espiritodacomporta.com\/app\/uploads\/2021\/12\/muda_comporta-300x223.webp\" data-large-file=\"https:\/\/espiritodacomporta.com\/app\/uploads\/2021\/12\/muda_comporta-1024x760.webp\" \/>\n            <\/section>\n    <section class=\"homeblocks-content\">\n        <div class=\"homeblocks-content-inside\">\n            <p>In de winter, ondanks de van nature lagere temperaturen, zorgt de blauwe lucht overdag en de sterrenhemel &#8216;s nachts voor unieke dagen. En de leegere landschappen en stranden zorgen ervoor dat we ons dit moment voor altijd herinneren. Het is echt uniek! Het is verrijkend om van al deze natuurlijke schoonheid te kunnen genieten, ongeacht het seizoen, en professioneel werk of telewerken te kunnen combineren. Comporta is natuur, rust met een eigen identiteit, het is gastronomie, het is wijnproductie, het is <a href=\"https:\/\/espiritodacomporta.com\/nl\/adresboek\/\">activiteiten<\/a>, het zijn wilde stranden, het is rust, naast andere kenmerken. De perfecte plek om de nodige inspiratie op te doen en uw professionele dagen lichter te maken.     <\/p>\n\n\n            \n                    <\/div>\n    <\/section>\n<\/section>\n<section class=\"homeblocks   section-beige  \">\n    <section class=\"homeblocks-image  homeblocks-right \">\n                  <!-- <img decoding=\"async\" src=\"https:\/\/espiritodacomporta.com\/app\/uploads\/2023\/02\/Espirito2-63-scaled.webp\" alt=\"campo de arroz\"> -->\n          <img decoding=\"async\" width=\"2560\" height=\"1707\" src=\"https:\/\/espiritodacomporta.com\/app\/uploads\/2023\/02\/Espirito2-63-scaled.webp\" class=\"attachment-full size-full\" alt=\"campo de arroz\" loading=\"lazy\" srcset=\"https:\/\/espiritodacomporta.com\/app\/uploads\/2023\/02\/Espirito2-63-scaled.webp 2560w, https:\/\/espiritodacomporta.com\/app\/uploads\/2023\/02\/Espirito2-63-300x200.webp 300w, https:\/\/espiritodacomporta.com\/app\/uploads\/2023\/02\/Espirito2-63-1024x683.webp 1024w, https:\/\/espiritodacomporta.com\/app\/uploads\/2023\/02\/Espirito2-63-768x512.webp 768w, https:\/\/espiritodacomporta.com\/app\/uploads\/2023\/02\/Espirito2-63-1536x1024.webp 1536w, https:\/\/espiritodacomporta.com\/app\/uploads\/2023\/02\/Espirito2-63-2048x1365.webp 2048w\" sizes=\"auto, (max-width: 2560px) 100vw, 2560px\" data-attachment-id=\"48890\" data-permalink=\"https:\/\/espiritodacomporta.com\/nl\/zomer-2023-in-comporta\/alma2-63-2\/\" data-orig-file=\"https:\/\/espiritodacomporta.com\/app\/uploads\/2023\/02\/Espirito2-63-scaled.webp\" data-orig-size=\"2560,1707\" data-comments-opened=\"0\" data-image-meta=\"{&quot;aperture&quot;:&quot;0&quot;,&quot;credit&quot;:&quot;&quot;,&quot;camera&quot;:&quot;&quot;,&quot;caption&quot;:&quot;&quot;,&quot;created_timestamp&quot;:&quot;0&quot;,&quot;copyright&quot;:&quot;&quot;,&quot;focal_length&quot;:&quot;0&quot;,&quot;iso&quot;:&quot;0&quot;,&quot;shutter_speed&quot;:&quot;0&quot;,&quot;title&quot;:&quot;&quot;,&quot;orientation&quot;:&quot;0&quot;}\" data-image-title=\"campo de arroz\" data-image-description=\"\" data-image-caption=\"\" data-medium-file=\"https:\/\/espiritodacomporta.com\/app\/uploads\/2023\/02\/Espirito2-63-300x200.webp\" data-large-file=\"https:\/\/espiritodacomporta.com\/app\/uploads\/2023\/02\/Espirito2-63-1024x683.webp\" \/>\n            <\/section>\n    <section class=\"homeblocks-content\">\n        <div class=\"homeblocks-content-inside\">\n            <p><!-- wp:heading --><\/p>\n<h2 class=\"wp-block-heading\">Werk comfortabel combineren<\/h2>\n<p><!-- \/wp:heading --> <!-- wp:paragraph --><\/p>\n<p>Het kiezen van een <a href=\"https:\/\/espiritodacomporta.com\/nl\/huur-uw-villa-in-comporta\/\">uitstekende accommodatie<\/a> is ideaal om een positieve ervaring te hebben. Naast snel internet (Fiber) bieden onze villa&#8217;s al het comfort dat u nodig heeft, ongeacht het seizoen. Naast overloopzwembaden maken open haarden deel uit van het interieur van onze villa&#8217;s en bieden ze onmiskenbaar uitzicht door hun lichte en open architectuur. Voor degenen die hun telewerk &#8220;kantoor&#8221; graag verplaatsen, is comporta een uitstekende keuze. Niets geeft meer voldoening dan na een dag werken nog steeds een duik te kunnen nemen in het strand, op de heetste dagen, of een zonsondergang te kunnen bekijken met uitzicht op de rijstvelden of zelfs de bekende pier &#8220;palaf\u00edtico da carrasqueira&#8221;.En niet te vergeten het heerlijke diner dat de talloze restaurants in deze regio te bieden hebben. <\/p>\n<p><!-- \/wp:paragraph --> <!-- wp:paragraph --><\/p>\n<p>Hoe licht zou het zijn om zo te werken?<\/p>\n<p><!-- \/wp:paragraph --><\/p>\n\n\n            \n                    <\/div>\n    <\/section>\n<\/section>\n\n<h2 class=\"wp-block-heading\" id=\"h-\"><\/h2>\n","protected":false},"excerpt":{"rendered":"<p>De wereldwijde pandemie bracht ons nieuwe paradigma&#8217;s en de manier van werken werd enigszins geherstructureerd. Telewerken was niet iets nieuws, maar met de huidige gebeurtenissen moesten velen, die geen andere keuze hadden, zich aan deze trend aanpassen. In Portugal was het een nieuwigheid in de meeste professionele activiteiten. Met geen andere optie, was het een <\/p>\n<div class=\"goto\"><a href=\"https:\/\/espiritodacomporta.com\/nl\/comporta-de-ideale-plek-voor-telewerken\/\">Lees verder<\/a><\/div>\n","protected":false},"author":7,"featured_media":60267,"comment_status":"open","ping_status":"open","sticky":false,"template":"","format":"standard","meta":{"_acf_changed":false,"inline_featured_image":false,"footnotes":""},"categories":[1861,1859],"tags":[],"class_list":["post-60564","post","type-post","status-publish","format-standard","has-post-thumbnail","hentry","category-op-zoek-naar-schoonheid","category-voel-de-natuur"],"acf":[],"yoast_head":"<!-- This site is optimized with the Yoast SEO Premium plugin v27.2 (Yoast SEO v27.2) - https:\/\/yoast.com\/product\/yoast-seo-premium-wordpress\/ -->\n<title>Comporta, de ideale plek voor telewerken met prachtige landschappen<\/title>\n<meta name=\"description\" content=\"Pandemie bracht ons telewerken en de mogelijkheid om overal te werken. Comporta in Portugal wordt hiervoor een gewilde plaats.\" \/>\n<meta name=\"robots\" content=\"index, follow, max-snippet:-1, max-image-preview:large, max-video-preview:-1\" \/>\n<link rel=\"canonical\" href=\"https:\/\/espiritodacomporta.com\/nl\/comporta-de-ideale-plek-voor-telewerken\/\" \/>\n<meta property=\"og:locale\" content=\"nl_NL\" \/>\n<meta property=\"og:type\" content=\"article\" \/>\n<meta property=\"og:title\" content=\"Comporta, de ideale plek voor telewerken\" \/>\n<meta property=\"og:description\" content=\"Pandemie bracht ons telewerken en de mogelijkheid om overal te werken. Comporta in Portugal wordt hiervoor een gewilde plaats.\" \/>\n<meta property=\"og:url\" content=\"https:\/\/espiritodacomporta.com\/nl\/comporta-de-ideale-plek-voor-telewerken\/\" \/>\n<meta property=\"og:site_name\" content=\"Live &amp; Feel Comporta Portugal\" \/>\n<meta property=\"article:published_time\" content=\"2023-11-29T15:53:00+00:00\" \/>\n<meta property=\"article:modified_time\" content=\"2026-02-06T10:38:24+00:00\" \/>\n<meta property=\"og:image\" content=\"https:\/\/espiritodacomporta.com\/app\/uploads\/2021\/11\/Teleworking_comporta.webp\" \/>\n\t<meta property=\"og:image:width\" content=\"2500\" \/>\n\t<meta property=\"og:image:height\" content=\"1500\" \/>\n\t<meta property=\"og:image:type\" content=\"image\/webp\" \/>\n<meta name=\"author\" content=\"Info\" \/>\n<meta name=\"twitter:card\" content=\"summary_large_image\" \/>\n<meta name=\"twitter:label1\" content=\"Written by\" \/>\n\t<meta name=\"twitter:data1\" content=\"Info\" \/>\n\t<meta name=\"twitter:label2\" content=\"Est. reading time\" \/>\n\t<meta name=\"twitter:data2\" content=\"1 minute\" \/>\n<script type=\"application\/ld+json\" class=\"yoast-schema-graph\">{\"@context\":\"https:\/\/schema.org\",\"@graph\":[{\"@type\":\"Article\",\"@id\":\"https:\/\/espiritodacomporta.com\/nl\/comporta-de-ideale-plek-voor-telewerken\/#article\",\"isPartOf\":{\"@id\":\"https:\/\/espiritodacomporta.com\/nl\/comporta-de-ideale-plek-voor-telewerken\/\"},\"author\":{\"name\":\"Info\",\"@id\":\"https:\/\/espiritodacomporta.com\/nl\/#\/schema\/person\/c76d29ce59d104bde14812d3465de878\"},\"headline\":\"Comporta, de ideale plek voor telewerken\",\"datePublished\":\"2023-11-29T15:53:00+00:00\",\"dateModified\":\"2026-02-06T10:38:24+00:00\",\"mainEntityOfPage\":{\"@id\":\"https:\/\/espiritodacomporta.com\/nl\/comporta-de-ideale-plek-voor-telewerken\/\"},\"wordCount\":75,\"commentCount\":0,\"publisher\":{\"@id\":\"https:\/\/espiritodacomporta.com\/nl\/#organization\"},\"image\":{\"@id\":\"https:\/\/espiritodacomporta.com\/nl\/comporta-de-ideale-plek-voor-telewerken\/#primaryimage\"},\"thumbnailUrl\":\"https:\/\/espiritodacomporta.com\/app\/uploads\/2021\/11\/Teleworking_comporta.webp\",\"articleSection\":[\"Op zoek naar schoonheid\",\"Voel de natuur\"],\"inLanguage\":\"nl-NL\",\"potentialAction\":[{\"@type\":\"CommentAction\",\"name\":\"Comment\",\"target\":[\"https:\/\/espiritodacomporta.com\/nl\/comporta-de-ideale-plek-voor-telewerken\/#respond\"]}]},{\"@type\":\"WebPage\",\"@id\":\"https:\/\/espiritodacomporta.com\/nl\/comporta-de-ideale-plek-voor-telewerken\/\",\"url\":\"https:\/\/espiritodacomporta.com\/nl\/comporta-de-ideale-plek-voor-telewerken\/\",\"name\":\"Comporta, de ideale plek voor telewerken met prachtige landschappen\",\"isPartOf\":{\"@id\":\"https:\/\/espiritodacomporta.com\/nl\/#website\"},\"primaryImageOfPage\":{\"@id\":\"https:\/\/espiritodacomporta.com\/nl\/comporta-de-ideale-plek-voor-telewerken\/#primaryimage\"},\"image\":{\"@id\":\"https:\/\/espiritodacomporta.com\/nl\/comporta-de-ideale-plek-voor-telewerken\/#primaryimage\"},\"thumbnailUrl\":\"https:\/\/espiritodacomporta.com\/app\/uploads\/2021\/11\/Teleworking_comporta.webp\",\"datePublished\":\"2023-11-29T15:53:00+00:00\",\"dateModified\":\"2026-02-06T10:38:24+00:00\",\"description\":\"Pandemie bracht ons telewerken en de mogelijkheid om overal te werken. Comporta in Portugal wordt hiervoor een gewilde plaats.\",\"breadcrumb\":{\"@id\":\"https:\/\/espiritodacomporta.com\/nl\/comporta-de-ideale-plek-voor-telewerken\/#breadcrumb\"},\"inLanguage\":\"nl-NL\",\"potentialAction\":[{\"@type\":\"ReadAction\",\"target\":[\"https:\/\/espiritodacomporta.com\/nl\/comporta-de-ideale-plek-voor-telewerken\/\"]}]},{\"@type\":\"ImageObject\",\"inLanguage\":\"nl-NL\",\"@id\":\"https:\/\/espiritodacomporta.com\/nl\/comporta-de-ideale-plek-voor-telewerken\/#primaryimage\",\"url\":\"https:\/\/espiritodacomporta.com\/app\/uploads\/2021\/11\/Teleworking_comporta.webp\",\"contentUrl\":\"https:\/\/espiritodacomporta.com\/app\/uploads\/2021\/11\/Teleworking_comporta.webp\",\"width\":2500,\"height\":1500,\"caption\":\"Teleworking_comporta\"},{\"@type\":\"BreadcrumbList\",\"@id\":\"https:\/\/espiritodacomporta.com\/nl\/comporta-de-ideale-plek-voor-telewerken\/#breadcrumb\",\"itemListElement\":[{\"@type\":\"ListItem\",\"position\":1,\"name\":\"Home\",\"item\":\"https:\/\/espiritodacomporta.com\/nl\/\"},{\"@type\":\"ListItem\",\"position\":2,\"name\":\"Ontdek Comporta\",\"item\":\"https:\/\/espiritodacomporta.com\/nl\/category\/ontdek-comporta\/\"},{\"@type\":\"ListItem\",\"position\":3,\"name\":\"Op zoek naar schoonheid\",\"item\":\"https:\/\/espiritodacomporta.com\/nl\/category\/ontdek-comporta\/op-zoek-naar-schoonheid\/\"},{\"@type\":\"ListItem\",\"position\":4,\"name\":\"Comporta, de ideale plek voor telewerken\"}]},{\"@type\":\"WebSite\",\"@id\":\"https:\/\/espiritodacomporta.com\/nl\/#website\",\"url\":\"https:\/\/espiritodacomporta.com\/nl\/\",\"name\":\"Live & Feel Comporta Portugal\",\"description\":\"\",\"publisher\":{\"@id\":\"https:\/\/espiritodacomporta.com\/nl\/#organization\"},\"potentialAction\":[{\"@type\":\"SearchAction\",\"target\":{\"@type\":\"EntryPoint\",\"urlTemplate\":\"https:\/\/espiritodacomporta.com\/nl\/?s={search_term_string}\"},\"query-input\":{\"@type\":\"PropertyValueSpecification\",\"valueRequired\":true,\"valueName\":\"search_term_string\"}}],\"inLanguage\":\"nl-NL\"},{\"@type\":\"Organization\",\"@id\":\"https:\/\/espiritodacomporta.com\/nl\/#organization\",\"name\":\"Espirito da Comporta\",\"url\":\"https:\/\/espiritodacomporta.com\/nl\/\",\"logo\":{\"@type\":\"ImageObject\",\"inLanguage\":\"nl-NL\",\"@id\":\"https:\/\/espiritodacomporta.com\/nl\/#\/schema\/logo\/image\/\",\"url\":\"https:\/\/espiritodacomporta.com\/app\/uploads\/2023\/09\/LOGO-SIGNATURE@4x.png\",\"contentUrl\":\"https:\/\/espiritodacomporta.com\/app\/uploads\/2023\/09\/LOGO-SIGNATURE@4x.png\",\"width\":321,\"height\":385,\"caption\":\"Espirito da Comporta\"},\"image\":{\"@id\":\"https:\/\/espiritodacomporta.com\/nl\/#\/schema\/logo\/image\/\"},\"sameAs\":[\"https:\/\/www.instagram.com\/almadacomporta\/\"]},{\"@type\":\"Person\",\"@id\":\"https:\/\/espiritodacomporta.com\/nl\/#\/schema\/person\/c76d29ce59d104bde14812d3465de878\",\"name\":\"Info\",\"image\":{\"@type\":\"ImageObject\",\"inLanguage\":\"nl-NL\",\"@id\":\"https:\/\/secure.gravatar.com\/avatar\/dee735d7b19944762d18cdf00966586c0ffcea9da4d03f8be9d25dcff9972207?s=96&d=mm&r=g\",\"url\":\"https:\/\/secure.gravatar.com\/avatar\/dee735d7b19944762d18cdf00966586c0ffcea9da4d03f8be9d25dcff9972207?s=96&d=mm&r=g\",\"contentUrl\":\"https:\/\/secure.gravatar.com\/avatar\/dee735d7b19944762d18cdf00966586c0ffcea9da4d03f8be9d25dcff9972207?s=96&d=mm&r=g\",\"caption\":\"Info\"}}]}<\/script>\n<!-- \/ Yoast SEO Premium plugin. -->","yoast_head_json":{"title":"Comporta, de ideale plek voor telewerken met prachtige landschappen","description":"Pandemie bracht ons telewerken en de mogelijkheid om overal te werken. Comporta in Portugal wordt hiervoor een gewilde plaats.","robots":{"index":"index","follow":"follow","max-snippet":"max-snippet:-1","max-image-preview":"max-image-preview:large","max-video-preview":"max-video-preview:-1"},"canonical":"https:\/\/espiritodacomporta.com\/nl\/comporta-de-ideale-plek-voor-telewerken\/","og_locale":"nl_NL","og_type":"article","og_title":"Comporta, de ideale plek voor telewerken","og_description":"Pandemie bracht ons telewerken en de mogelijkheid om overal te werken. Comporta in Portugal wordt hiervoor een gewilde plaats.","og_url":"https:\/\/espiritodacomporta.com\/nl\/comporta-de-ideale-plek-voor-telewerken\/","og_site_name":"Live &amp; Feel Comporta Portugal","article_published_time":"2023-11-29T15:53:00+00:00","article_modified_time":"2026-02-06T10:38:24+00:00","og_image":[{"width":2500,"height":1500,"url":"https:\/\/espiritodacomporta.com\/app\/uploads\/2021\/11\/Teleworking_comporta.webp","type":"image\/webp"}],"author":"Info","twitter_card":"summary_large_image","twitter_misc":{"Written by":"Info","Est. reading time":"1 minute"},"schema":{"@context":"https:\/\/schema.org","@graph":[{"@type":"Article","@id":"https:\/\/espiritodacomporta.com\/nl\/comporta-de-ideale-plek-voor-telewerken\/#article","isPartOf":{"@id":"https:\/\/espiritodacomporta.com\/nl\/comporta-de-ideale-plek-voor-telewerken\/"},"author":{"name":"Info","@id":"https:\/\/espiritodacomporta.com\/nl\/#\/schema\/person\/c76d29ce59d104bde14812d3465de878"},"headline":"Comporta, de ideale plek voor telewerken","datePublished":"2023-11-29T15:53:00+00:00","dateModified":"2026-02-06T10:38:24+00:00","mainEntityOfPage":{"@id":"https:\/\/espiritodacomporta.com\/nl\/comporta-de-ideale-plek-voor-telewerken\/"},"wordCount":75,"commentCount":0,"publisher":{"@id":"https:\/\/espiritodacomporta.com\/nl\/#organization"},"image":{"@id":"https:\/\/espiritodacomporta.com\/nl\/comporta-de-ideale-plek-voor-telewerken\/#primaryimage"},"thumbnailUrl":"https:\/\/espiritodacomporta.com\/app\/uploads\/2021\/11\/Teleworking_comporta.webp","articleSection":["Op zoek naar schoonheid","Voel de natuur"],"inLanguage":"nl-NL","potentialAction":[{"@type":"CommentAction","name":"Comment","target":["https:\/\/espiritodacomporta.com\/nl\/comporta-de-ideale-plek-voor-telewerken\/#respond"]}]},{"@type":"WebPage","@id":"https:\/\/espiritodacomporta.com\/nl\/comporta-de-ideale-plek-voor-telewerken\/","url":"https:\/\/espiritodacomporta.com\/nl\/comporta-de-ideale-plek-voor-telewerken\/","name":"Comporta, de ideale plek voor telewerken met prachtige landschappen","isPartOf":{"@id":"https:\/\/espiritodacomporta.com\/nl\/#website"},"primaryImageOfPage":{"@id":"https:\/\/espiritodacomporta.com\/nl\/comporta-de-ideale-plek-voor-telewerken\/#primaryimage"},"image":{"@id":"https:\/\/espiritodacomporta.com\/nl\/comporta-de-ideale-plek-voor-telewerken\/#primaryimage"},"thumbnailUrl":"https:\/\/espiritodacomporta.com\/app\/uploads\/2021\/11\/Teleworking_comporta.webp","datePublished":"2023-11-29T15:53:00+00:00","dateModified":"2026-02-06T10:38:24+00:00","description":"Pandemie bracht ons telewerken en de mogelijkheid om overal te werken. Comporta in Portugal wordt hiervoor een gewilde plaats.","breadcrumb":{"@id":"https:\/\/espiritodacomporta.com\/nl\/comporta-de-ideale-plek-voor-telewerken\/#breadcrumb"},"inLanguage":"nl-NL","potentialAction":[{"@type":"ReadAction","target":["https:\/\/espiritodacomporta.com\/nl\/comporta-de-ideale-plek-voor-telewerken\/"]}]},{"@type":"ImageObject","inLanguage":"nl-NL","@id":"https:\/\/espiritodacomporta.com\/nl\/comporta-de-ideale-plek-voor-telewerken\/#primaryimage","url":"https:\/\/espiritodacomporta.com\/app\/uploads\/2021\/11\/Teleworking_comporta.webp","contentUrl":"https:\/\/espiritodacomporta.com\/app\/uploads\/2021\/11\/Teleworking_comporta.webp","width":2500,"height":1500,"caption":"Teleworking_comporta"},{"@type":"BreadcrumbList","@id":"https:\/\/espiritodacomporta.com\/nl\/comporta-de-ideale-plek-voor-telewerken\/#breadcrumb","itemListElement":[{"@type":"ListItem","position":1,"name":"Home","item":"https:\/\/espiritodacomporta.com\/nl\/"},{"@type":"ListItem","position":2,"name":"Ontdek Comporta","item":"https:\/\/espiritodacomporta.com\/nl\/category\/ontdek-comporta\/"},{"@type":"ListItem","position":3,"name":"Op zoek naar schoonheid","item":"https:\/\/espiritodacomporta.com\/nl\/category\/ontdek-comporta\/op-zoek-naar-schoonheid\/"},{"@type":"ListItem","position":4,"name":"Comporta, de ideale plek voor telewerken"}]},{"@type":"WebSite","@id":"https:\/\/espiritodacomporta.com\/nl\/#website","url":"https:\/\/espiritodacomporta.com\/nl\/","name":"Live & Feel Comporta Portugal","description":"","publisher":{"@id":"https:\/\/espiritodacomporta.com\/nl\/#organization"},"potentialAction":[{"@type":"SearchAction","target":{"@type":"EntryPoint","urlTemplate":"https:\/\/espiritodacomporta.com\/nl\/?s={search_term_string}"},"query-input":{"@type":"PropertyValueSpecification","valueRequired":true,"valueName":"search_term_string"}}],"inLanguage":"nl-NL"},{"@type":"Organization","@id":"https:\/\/espiritodacomporta.com\/nl\/#organization","name":"Espirito da Comporta","url":"https:\/\/espiritodacomporta.com\/nl\/","logo":{"@type":"ImageObject","inLanguage":"nl-NL","@id":"https:\/\/espiritodacomporta.com\/nl\/#\/schema\/logo\/image\/","url":"https:\/\/espiritodacomporta.com\/app\/uploads\/2023\/09\/LOGO-SIGNATURE@4x.png","contentUrl":"https:\/\/espiritodacomporta.com\/app\/uploads\/2023\/09\/LOGO-SIGNATURE@4x.png","width":321,"height":385,"caption":"Espirito da Comporta"},"image":{"@id":"https:\/\/espiritodacomporta.com\/nl\/#\/schema\/logo\/image\/"},"sameAs":["https:\/\/www.instagram.com\/almadacomporta\/"]},{"@type":"Person","@id":"https:\/\/espiritodacomporta.com\/nl\/#\/schema\/person\/c76d29ce59d104bde14812d3465de878","name":"Info","image":{"@type":"ImageObject","inLanguage":"nl-NL","@id":"https:\/\/secure.gravatar.com\/avatar\/dee735d7b19944762d18cdf00966586c0ffcea9da4d03f8be9d25dcff9972207?s=96&d=mm&r=g","url":"https:\/\/secure.gravatar.com\/avatar\/dee735d7b19944762d18cdf00966586c0ffcea9da4d03f8be9d25dcff9972207?s=96&d=mm&r=g","contentUrl":"https:\/\/secure.gravatar.com\/avatar\/dee735d7b19944762d18cdf00966586c0ffcea9da4d03f8be9d25dcff9972207?s=96&d=mm&r=g","caption":"Info"}}]}},"jetpack_featured_media_url":"https:\/\/espiritodacomporta.com\/app\/uploads\/2021\/11\/Teleworking_comporta.webp","_links":{"self":[{"href":"https:\/\/espiritodacomporta.com\/nl\/wp-json\/wp\/v2\/posts\/60564","targetHints":{"allow":["GET"]}}],"collection":[{"href":"https:\/\/espiritodacomporta.com\/nl\/wp-json\/wp\/v2\/posts"}],"about":[{"href":"https:\/\/espiritodacomporta.com\/nl\/wp-json\/wp\/v2\/types\/post"}],"author":[{"embeddable":true,"href":"https:\/\/espiritodacomporta.com\/nl\/wp-json\/wp\/v2\/users\/7"}],"replies":[{"embeddable":true,"href":"https:\/\/espiritodacomporta.com\/nl\/wp-json\/wp\/v2\/comments?post=60564"}],"version-history":[{"count":2,"href":"https:\/\/espiritodacomporta.com\/nl\/wp-json\/wp\/v2\/posts\/60564\/revisions"}],"predecessor-version":[{"id":99153,"href":"https:\/\/espiritodacomporta.com\/nl\/wp-json\/wp\/v2\/posts\/60564\/revisions\/99153"}],"wp:featuredmedia":[{"embeddable":true,"href":"https:\/\/espiritodacomporta.com\/nl\/wp-json\/wp\/v2\/media\/60267"}],"wp:attachment":[{"href":"https:\/\/espiritodacomporta.com\/nl\/wp-json\/wp\/v2\/media?parent=60564"}],"wp:term":[{"taxonomy":"category","embeddable":true,"href":"https:\/\/espiritodacomporta.com\/nl\/wp-json\/wp\/v2\/categories?post=60564"},{"taxonomy":"post_tag","embeddable":true,"href":"https:\/\/espiritodacomporta.com\/nl\/wp-json\/wp\/v2\/tags?post=60564"}],"curies":[{"name":"wp","href":"https:\/\/api.w.org\/{rel}","templated":true}]}}