{"id":71999,"date":"2024-06-08T11:13:00","date_gmt":"2024-06-08T09:13:00","guid":{"rendered":"https:\/\/espiritodacomporta.com\/?p=71999"},"modified":"2026-02-06T12:37:28","modified_gmt":"2026-02-06T10:37:28","slug":"muda-atraccoes-da-comporta","status":"publish","type":"post","link":"https:\/\/espiritodacomporta.com\/pt-pt\/muda-atraccoes-da-comporta\/","title":{"rendered":"Muda, uma das atrac\u00e7\u00f5es da Comporta"},"content":{"rendered":"\n<p class=\"is-style-text-intro\">A <a href=\"https:\/\/espiritodacomporta.com\/pt-pt\/\">Comporta<\/a> pertence ao Alentejo e \u00e9 uma vila de Portugal que fica a apenas 1h15 minutos de Lisboa. Esta aldeia, caracterizada pelos seus tons azuis e brancos e pelos ninhos de cegonhas gigantes, \u00e9 procurada por turistas que gostam de desfrutar do sil\u00eancio. Com uma extensa \u00e1rea de costa, as praias s\u00e3o diversas: Praia do carvalhal, praia do pego, praia da comporta, praia da raposa, praia do pinheirinho, praia dos brejos s\u00e3o algumas das muitas praias que a costa oferece. As actividades crescem de ano para ano: desde aulas de surf, observa\u00e7\u00e3o da vida selvagem, passeios a cavalo, passeios de barco e yoga s\u00e3o algumas das muitas outras actividades. Mas quando falamos da costa alentejana, n\u00e3o podemos falar apenas da vila da Comporta, pois todas as vilas circundantes s\u00e3o facilmente exploradas de carro a curtas dist\u00e2ncias e fazem parte do cen\u00e1rio id\u00edlico desta regi\u00e3o.<\/p>\n\n\n\n<p><\/p>\n\n\n<section class=\"homeblocks   \">\n    <section class=\"homeblocks-image \">\n                  <!-- <img decoding=\"async\" src=\"https:\/\/espiritodacomporta.com\/app\/uploads\/2021\/12\/muda_comporta.webp\" alt=\"\"> -->\n          <img decoding=\"async\" width=\"2560\" height=\"1899\" src=\"https:\/\/espiritodacomporta.com\/app\/uploads\/2021\/12\/muda_comporta.webp\" class=\"attachment-full size-full\" alt=\"\" loading=\"lazy\" srcset=\"https:\/\/espiritodacomporta.com\/app\/uploads\/2021\/12\/muda_comporta.webp 2560w, https:\/\/espiritodacomporta.com\/app\/uploads\/2021\/12\/muda_comporta-300x223.webp 300w, https:\/\/espiritodacomporta.com\/app\/uploads\/2021\/12\/muda_comporta-1024x760.webp 1024w, https:\/\/espiritodacomporta.com\/app\/uploads\/2021\/12\/muda_comporta-768x570.webp 768w, https:\/\/espiritodacomporta.com\/app\/uploads\/2021\/12\/muda_comporta-1536x1139.webp 1536w, https:\/\/espiritodacomporta.com\/app\/uploads\/2021\/12\/muda_comporta-2048x1519.webp 2048w\" sizes=\"auto, (max-width: 2560px) 100vw, 2560px\" data-attachment-id=\"72009\" data-permalink=\"https:\/\/espiritodacomporta.com\/pt-pt\/muda-atraccoes-da-comporta\/muda_comporta-2\/\" data-orig-file=\"https:\/\/espiritodacomporta.com\/app\/uploads\/2021\/12\/muda_comporta.webp\" data-orig-size=\"2560,1899\" data-comments-opened=\"0\" data-image-meta=\"{&quot;aperture&quot;:&quot;0&quot;,&quot;credit&quot;:&quot;&quot;,&quot;camera&quot;:&quot;&quot;,&quot;caption&quot;:&quot;&quot;,&quot;created_timestamp&quot;:&quot;0&quot;,&quot;copyright&quot;:&quot;&quot;,&quot;focal_length&quot;:&quot;0&quot;,&quot;iso&quot;:&quot;0&quot;,&quot;shutter_speed&quot;:&quot;0&quot;,&quot;title&quot;:&quot;&quot;,&quot;orientation&quot;:&quot;0&quot;}\" data-image-title=\"muda_comporta\" data-image-description=\"\" data-image-caption=\"\" data-medium-file=\"https:\/\/espiritodacomporta.com\/app\/uploads\/2021\/12\/muda_comporta-300x223.webp\" data-large-file=\"https:\/\/espiritodacomporta.com\/app\/uploads\/2021\/12\/muda_comporta-1024x760.webp\" \/>\n            <\/section>\n    <section class=\"homeblocks-content\">\n        <div class=\"homeblocks-content-inside\">\n            <h2>Aldeias com paisagens de cortar a respira\u00e7\u00e3o<\/h2>\n<h3>Muda<\/h3>\n<p style=\"text-align: left;\">Muda, um lugar na Estrada Nacional 261 entre Gr\u00e2ndola e Carvalhal, onde s\u00f3 viviam os habitantes locais. Desde que foi criado o famoso hotel sublime, esta aldeia ganhou outra notoriedade. Hoje, est\u00e1 rodeada de outros hot\u00e9is e \u00e9 um lugar no meio da natureza, rodeado de pinheiros mansos, sobreiros e arrozais! \u00c9 perfeito para quem procura o puro relaxamento. No entanto, a aldeia de Muda ainda n\u00e3o disp\u00f5e de muitos restaurantes ou actividades, mas estes podem ser facilmente encontrados nas aldeias vizinhas ou nos hot\u00e9is.<\/p>\n\n\n            \n                    <\/div>\n    <\/section>\n<\/section>\n\n\n<section class=\"homeblocks   \">\n    <section class=\"homeblocks-image  homeblocks-right \">\n                  <!-- <img decoding=\"async\" src=\"https:\/\/espiritodacomporta.com\/app\/uploads\/2022\/04\/carvalhal-beach-winter.webp\" alt=\"\"> -->\n          <img decoding=\"async\" width=\"2016\" height=\"1512\" src=\"https:\/\/espiritodacomporta.com\/app\/uploads\/2022\/04\/carvalhal-beach-winter.webp\" class=\"attachment-full size-full\" alt=\"\" loading=\"lazy\" srcset=\"https:\/\/espiritodacomporta.com\/app\/uploads\/2022\/04\/carvalhal-beach-winter.webp 2016w, https:\/\/espiritodacomporta.com\/app\/uploads\/2022\/04\/carvalhal-beach-winter-300x225.webp 300w, https:\/\/espiritodacomporta.com\/app\/uploads\/2022\/04\/carvalhal-beach-winter-1024x768.webp 1024w, https:\/\/espiritodacomporta.com\/app\/uploads\/2022\/04\/carvalhal-beach-winter-768x576.webp 768w, https:\/\/espiritodacomporta.com\/app\/uploads\/2022\/04\/carvalhal-beach-winter-1536x1152.webp 1536w\" sizes=\"auto, (max-width: 2016px) 100vw, 2016px\" data-attachment-id=\"72000\" data-permalink=\"https:\/\/espiritodacomporta.com\/pt-pt\/melhor-epoca-para-ir-a-comporta\/carvalhal-beach-winter\/\" data-orig-file=\"https:\/\/espiritodacomporta.com\/app\/uploads\/2022\/04\/carvalhal-beach-winter.webp\" data-orig-size=\"2016,1512\" data-comments-opened=\"0\" data-image-meta=\"{&quot;aperture&quot;:&quot;0&quot;,&quot;credit&quot;:&quot;&quot;,&quot;camera&quot;:&quot;&quot;,&quot;caption&quot;:&quot;&quot;,&quot;created_timestamp&quot;:&quot;0&quot;,&quot;copyright&quot;:&quot;&quot;,&quot;focal_length&quot;:&quot;0&quot;,&quot;iso&quot;:&quot;0&quot;,&quot;shutter_speed&quot;:&quot;0&quot;,&quot;title&quot;:&quot;&quot;,&quot;orientation&quot;:&quot;0&quot;}\" data-image-title=\"carvalhal_beach\" data-image-description=\"\" data-image-caption=\"\" data-medium-file=\"https:\/\/espiritodacomporta.com\/app\/uploads\/2022\/04\/carvalhal-beach-winter-300x225.webp\" data-large-file=\"https:\/\/espiritodacomporta.com\/app\/uploads\/2022\/04\/carvalhal-beach-winter-1024x768.webp\" \/>\n            <\/section>\n    <section class=\"homeblocks-content\">\n        <div class=\"homeblocks-content-inside\">\n            <h3>Carvalhal<\/h3>\n<p style=\"text-align: left;\">\u00c9 uma pequena aldeia com algumas op\u00e7\u00f5es de restaurantes, mercearias e boutiques. A praia do Carvalhal \u00e9 cada vez mais procurada para lazer ou surf. Tem restaurantes famosos na praia, e muitos dos alojamentos t\u00eam vista obstru\u00edda para os campos de arroz. Apenas a 10 minutos de carro da aldeia da comporta, esta aldeia \u00e9 perfeita para quem procura sossego nas suas f\u00e9rias.<\/p>\n\n\n            \n                    <\/div>\n    <\/section>\n<\/section>\n\n\n<section class=\"homeblocks   \">\n    <section class=\"homeblocks-image \">\n                  <!-- <img decoding=\"async\" src=\"https:\/\/espiritodacomporta.com\/app\/uploads\/2023\/06\/Brejos_Beach.webp\" alt=\"Brejos_Beach\"> -->\n          <img decoding=\"async\" width=\"2048\" height=\"1536\" src=\"https:\/\/espiritodacomporta.com\/app\/uploads\/2023\/06\/Brejos_Beach.webp\" class=\"attachment-full size-full\" alt=\"Brejos_Beach\" loading=\"lazy\" srcset=\"https:\/\/espiritodacomporta.com\/app\/uploads\/2023\/06\/Brejos_Beach.webp 2048w, https:\/\/espiritodacomporta.com\/app\/uploads\/2023\/06\/Brejos_Beach-300x225.webp 300w, https:\/\/espiritodacomporta.com\/app\/uploads\/2023\/06\/Brejos_Beach-1024x768.webp 1024w, https:\/\/espiritodacomporta.com\/app\/uploads\/2023\/06\/Brejos_Beach-768x576.webp 768w, https:\/\/espiritodacomporta.com\/app\/uploads\/2023\/06\/Brejos_Beach-1536x1152.webp 1536w\" sizes=\"auto, (max-width: 2048px) 100vw, 2048px\" data-attachment-id=\"99125\" data-permalink=\"https:\/\/espiritodacomporta.com\/pt-pt\/dunas-golf-comporta\/brejos_beach-2\/\" data-orig-file=\"https:\/\/espiritodacomporta.com\/app\/uploads\/2023\/06\/Brejos_Beach.webp\" data-orig-size=\"2048,1536\" data-comments-opened=\"0\" data-image-meta=\"{&quot;aperture&quot;:&quot;0&quot;,&quot;credit&quot;:&quot;&quot;,&quot;camera&quot;:&quot;&quot;,&quot;caption&quot;:&quot;&quot;,&quot;created_timestamp&quot;:&quot;0&quot;,&quot;copyright&quot;:&quot;&quot;,&quot;focal_length&quot;:&quot;0&quot;,&quot;iso&quot;:&quot;0&quot;,&quot;shutter_speed&quot;:&quot;0&quot;,&quot;title&quot;:&quot;&quot;,&quot;orientation&quot;:&quot;0&quot;}\" data-image-title=\"Brejos_Beach\" data-image-description=\"\" data-image-caption=\"\" data-medium-file=\"https:\/\/espiritodacomporta.com\/app\/uploads\/2023\/06\/Brejos_Beach-300x225.webp\" data-large-file=\"https:\/\/espiritodacomporta.com\/app\/uploads\/2023\/06\/Brejos_Beach-1024x768.webp\" \/>\n            <\/section>\n    <section class=\"homeblocks-content\">\n        <div class=\"homeblocks-content-inside\">\n            <h3>Brejos<\/h3>\n<p>Entre a vila do carvalhal e a Comporta, encontramos os brejos da carregueira. Caracteriza-se pelo facto de apresentar muitos alojamentos de luxo. Brejos, ainda em crescimento, \u00e9 conhecida pela sua beleza natural quase selvagem. A praia \u00e9 perfeita para quem quer afastar-se das outras mais procuradas, \u00e9 ideal para quem procura tranquilidade. O acesso \u00e0 praia \u00e9 feito por uma estrada de terra batida. O centro desta vila tem op\u00e7\u00f5es de restaurantes simples mas bons, mas ao seu redor \u00e9 poss\u00edvel encontrar outras op\u00e7\u00f5es.<\/p>\n\n\n            \n                    <\/div>\n    <\/section>\n<\/section>\n\n\n<section class=\"homeblocks   \">\n    <section class=\"homeblocks-image  homeblocks-right \">\n                  <!-- <img decoding=\"async\" src=\"https:\/\/espiritodacomporta.com\/app\/uploads\/2019\/05\/melides-beach-1-scaled.webp\" alt=\"melides-beach\"> -->\n          <img decoding=\"async\" width=\"2560\" height=\"1440\" src=\"https:\/\/espiritodacomporta.com\/app\/uploads\/2019\/05\/melides-beach-1-scaled.webp\" class=\"attachment-full size-full\" alt=\"melides-beach\" loading=\"lazy\" srcset=\"https:\/\/espiritodacomporta.com\/app\/uploads\/2019\/05\/melides-beach-1-scaled.webp 2560w, https:\/\/espiritodacomporta.com\/app\/uploads\/2019\/05\/melides-beach-1-300x169.webp 300w, https:\/\/espiritodacomporta.com\/app\/uploads\/2019\/05\/melides-beach-1-1024x576.webp 1024w, https:\/\/espiritodacomporta.com\/app\/uploads\/2019\/05\/melides-beach-1-768x432.webp 768w, https:\/\/espiritodacomporta.com\/app\/uploads\/2019\/05\/melides-beach-1-1536x864.webp 1536w, https:\/\/espiritodacomporta.com\/app\/uploads\/2019\/05\/melides-beach-1-2048x1152.webp 2048w\" sizes=\"auto, (max-width: 2560px) 100vw, 2560px\" data-attachment-id=\"29111\" data-permalink=\"https:\/\/espiritodacomporta.com\/pt-pt\/comporta-most-beautiful-beaches\/melides-beach-2-2\/\" data-orig-file=\"https:\/\/espiritodacomporta.com\/app\/uploads\/2019\/05\/melides-beach-1-scaled.webp\" data-orig-size=\"2560,1440\" data-comments-opened=\"0\" data-image-meta=\"{&quot;aperture&quot;:&quot;0&quot;,&quot;credit&quot;:&quot;&quot;,&quot;camera&quot;:&quot;&quot;,&quot;caption&quot;:&quot;&quot;,&quot;created_timestamp&quot;:&quot;0&quot;,&quot;copyright&quot;:&quot;&quot;,&quot;focal_length&quot;:&quot;0&quot;,&quot;iso&quot;:&quot;0&quot;,&quot;shutter_speed&quot;:&quot;0&quot;,&quot;title&quot;:&quot;&quot;,&quot;orientation&quot;:&quot;0&quot;}\" data-image-title=\"melides-beach\" data-image-description=\"\" data-image-caption=\"\" data-medium-file=\"https:\/\/espiritodacomporta.com\/app\/uploads\/2019\/05\/melides-beach-1-300x169.webp\" data-large-file=\"https:\/\/espiritodacomporta.com\/app\/uploads\/2019\/05\/melides-beach-1-1024x576.webp\" \/>\n            <\/section>\n    <section class=\"homeblocks-content\">\n        <div class=\"homeblocks-content-inside\">\n            <h3>Melides<\/h3>\n<p style=\"text-align: left;\">Melides fica a apenas 20 minutos da Comporta e \u00e9 cada vez mais procurada e procurada por turistas. Seu pequeno centro apresenta op\u00e7\u00f5es de lanches, restaurantes e revela a identidade da regi\u00e3o nas casas ao seu redor. Um verdadeiro encanto! A praia de Melides, maioritariamente selvagem, tem rochas e fal\u00e9sias que fazem desta um cen\u00e1rio \u00fanico. O seu extenso areal separa o oceano da lagoa de Melides. Melides \u00e9 uma aldeia rodeada de arrozais e apresenta a diversidade de fauna e flora que a regi\u00e3o do Alentejo oferece.<\/p>\n<p>&nbsp;<\/p>\n\n\n            \n                    <\/div>\n    <\/section>\n<\/section>\n\n\n<section class=\"homeblocks   section-beige  \">\n    <section class=\"homeblocks-image \">\n                  <!-- <img decoding=\"async\" src=\"https:\/\/espiritodacomporta.com\/app\/uploads\/2023\/08\/flor_de_arroz.webp\" alt=\"flor_de_arroz_comporta\"> -->\n          <img decoding=\"async\" src=\"https:\/\/espiritodacomporta.com\/app\/uploads\/2023\/08\/flor_de_arroz.webp\" class=\"attachment-full size-full\" alt=\"flor_de_arroz_comporta\" loading=\"lazy\" data-attachment-id=\"99180\" data-permalink=\"https:\/\/espiritodacomporta.com\/pt-pt\/comporta-o-local-perfeito-para-relaxar-e-recarregar-energias\/flor_de_arroz-2\/\" data-orig-file=\"https:\/\/espiritodacomporta.com\/app\/uploads\/2023\/08\/flor_de_arroz.webp\" data-orig-size=\"\" data-comments-opened=\"0\" data-image-meta=\"[]\" data-image-title=\"flor_de_arroz\" data-image-description=\"\" data-image-caption=\"\" data-medium-file=\"https:\/\/espiritodacomporta.com\/app\/uploads\/2023\/08\/flor_de_arroz.webp\" data-large-file=\"https:\/\/espiritodacomporta.com\/app\/uploads\/2023\/08\/flor_de_arroz.webp\" \/>\n            <\/section>\n    <section class=\"homeblocks-content\">\n        <div class=\"homeblocks-content-inside\">\n            <p>A aldeia da Comporta situa-se, de facto, numa \u00e1rea muito extensa de praias, centros e outras aldeias. Facilmente explor\u00e1vel de carro ou para os mais aventureiros de bicicleta, as paisagens s\u00e3o \u00fanicas e deslumbrantes. A Comporta e as aldeias circundantes est\u00e3o preparadas com <a href=\"https:\/\/espiritodacomporta.com\/pt-pt\/alugue-sua-vila-em-comporta\/\">alojamentos de luxo<\/a> com todo o conforto necess\u00e1rio para umas f\u00e9rias inesquec\u00edveis.Um destino de sonho!<\/p>\n<p>&nbsp;<\/p>\n\n\n            \n                    <\/div>\n    <\/section>\n<\/section>\n","protected":false},"excerpt":{"rendered":"<p>A Comporta pertence ao Alentejo e \u00e9 uma vila de Portugal que fica a apenas 1h15 minutos de Lisboa. Esta aldeia, caracterizada pelos seus tons azuis e brancos e pelos ninhos de cegonhas gigantes, \u00e9 procurada por turistas que gostam de desfrutar do sil\u00eancio. Com uma extensa \u00e1rea de costa, as praias s\u00e3o diversas: Praia <\/p>\n<div class=\"goto\"><a href=\"https:\/\/espiritodacomporta.com\/pt-pt\/muda-atraccoes-da-comporta\/\">Ler mais<\/a><\/div>\n","protected":false},"author":7,"featured_media":28805,"comment_status":"open","ping_status":"open","sticky":false,"template":"","format":"standard","meta":{"_acf_changed":false,"inline_featured_image":false,"footnotes":""},"categories":[3969,3971],"tags":[],"class_list":["post-71999","post","type-post","status-publish","format-standard","has-post-thumbnail","hentry","category-sinta-a-natureza","category-procurando-por-beleza"],"acf":[],"yoast_head":"<!-- This site is optimized with the Yoast SEO Premium plugin v27.2 (Yoast SEO v27.2) - https:\/\/yoast.com\/product\/yoast-seo-premium-wordpress\/ -->\n<title>Muda e as aldeias pr\u00f3ximas da Comporta<\/title>\n<meta name=\"description\" content=\"A Comporta, cada vez mais conhecida como destino de f\u00e9rias, tem \u00e0 sua volta outras aldeias com paisagens de cortar a respira\u00e7\u00e3o.\" \/>\n<meta name=\"robots\" content=\"index, follow, max-snippet:-1, max-image-preview:large, max-video-preview:-1\" \/>\n<link rel=\"canonical\" href=\"https:\/\/espiritodacomporta.com\/pt-pt\/muda-atraccoes-da-comporta\/\" \/>\n<meta property=\"og:locale\" content=\"pt_PT\" \/>\n<meta property=\"og:type\" content=\"article\" \/>\n<meta property=\"og:title\" content=\"Muda, uma das atrac\u00e7\u00f5es da Comporta\" \/>\n<meta property=\"og:description\" content=\"A Comporta, cada vez mais conhecida como destino de f\u00e9rias, tem \u00e0 sua volta outras aldeias com paisagens de cortar a respira\u00e7\u00e3o.\" \/>\n<meta property=\"og:url\" content=\"https:\/\/espiritodacomporta.com\/pt-pt\/muda-atraccoes-da-comporta\/\" \/>\n<meta property=\"og:site_name\" content=\"Live &amp; Feel Comporta Portugal\" \/>\n<meta property=\"article:published_time\" content=\"2024-06-08T09:13:00+00:00\" \/>\n<meta property=\"article:modified_time\" content=\"2026-02-06T10:37:28+00:00\" \/>\n<meta property=\"og:image\" content=\"https:\/\/espiritodacomporta.com\/app\/uploads\/2021\/12\/muda_comporta.webp\" \/>\n\t<meta property=\"og:image:width\" content=\"2560\" \/>\n\t<meta property=\"og:image:height\" content=\"1899\" \/>\n\t<meta property=\"og:image:type\" content=\"image\/webp\" \/>\n<meta name=\"author\" content=\"Info\" \/>\n<meta name=\"twitter:card\" content=\"summary_large_image\" \/>\n<meta name=\"twitter:label1\" content=\"Written by\" \/>\n\t<meta name=\"twitter:data1\" content=\"Info\" \/>\n\t<meta name=\"twitter:label2\" content=\"Est. reading time\" \/>\n\t<meta name=\"twitter:data2\" content=\"1 minute\" \/>\n<script type=\"application\/ld+json\" class=\"yoast-schema-graph\">{\"@context\":\"https:\/\/schema.org\",\"@graph\":[{\"@type\":\"Article\",\"@id\":\"https:\/\/espiritodacomporta.com\/pt-pt\/muda-atraccoes-da-comporta\/#article\",\"isPartOf\":{\"@id\":\"https:\/\/espiritodacomporta.com\/pt-pt\/muda-atraccoes-da-comporta\/\"},\"author\":{\"name\":\"Info\",\"@id\":\"https:\/\/espiritodacomporta.com\/pt-pt\/#\/schema\/person\/c76d29ce59d104bde14812d3465de878\"},\"headline\":\"Muda, uma das atrac\u00e7\u00f5es da Comporta\",\"datePublished\":\"2024-06-08T09:13:00+00:00\",\"dateModified\":\"2026-02-06T10:37:28+00:00\",\"mainEntityOfPage\":{\"@id\":\"https:\/\/espiritodacomporta.com\/pt-pt\/muda-atraccoes-da-comporta\/\"},\"wordCount\":161,\"commentCount\":0,\"publisher\":{\"@id\":\"https:\/\/espiritodacomporta.com\/pt-pt\/#organization\"},\"image\":{\"@id\":\"https:\/\/espiritodacomporta.com\/pt-pt\/muda-atraccoes-da-comporta\/#primaryimage\"},\"thumbnailUrl\":\"https:\/\/espiritodacomporta.com\/app\/uploads\/2021\/12\/muda_comporta.webp\",\"articleSection\":[\"Sinta a natureza\",\"Procurando por beleza\"],\"inLanguage\":\"pt-PT\",\"potentialAction\":[{\"@type\":\"CommentAction\",\"name\":\"Comment\",\"target\":[\"https:\/\/espiritodacomporta.com\/pt-pt\/muda-atraccoes-da-comporta\/#respond\"]}]},{\"@type\":\"WebPage\",\"@id\":\"https:\/\/espiritodacomporta.com\/pt-pt\/muda-atraccoes-da-comporta\/\",\"url\":\"https:\/\/espiritodacomporta.com\/pt-pt\/muda-atraccoes-da-comporta\/\",\"name\":\"Muda e as aldeias pr\u00f3ximas da Comporta\",\"isPartOf\":{\"@id\":\"https:\/\/espiritodacomporta.com\/pt-pt\/#website\"},\"primaryImageOfPage\":{\"@id\":\"https:\/\/espiritodacomporta.com\/pt-pt\/muda-atraccoes-da-comporta\/#primaryimage\"},\"image\":{\"@id\":\"https:\/\/espiritodacomporta.com\/pt-pt\/muda-atraccoes-da-comporta\/#primaryimage\"},\"thumbnailUrl\":\"https:\/\/espiritodacomporta.com\/app\/uploads\/2021\/12\/muda_comporta.webp\",\"datePublished\":\"2024-06-08T09:13:00+00:00\",\"dateModified\":\"2026-02-06T10:37:28+00:00\",\"description\":\"A Comporta, cada vez mais conhecida como destino de f\u00e9rias, tem \u00e0 sua volta outras aldeias com paisagens de cortar a respira\u00e7\u00e3o.\",\"breadcrumb\":{\"@id\":\"https:\/\/espiritodacomporta.com\/pt-pt\/muda-atraccoes-da-comporta\/#breadcrumb\"},\"inLanguage\":\"pt-PT\",\"potentialAction\":[{\"@type\":\"ReadAction\",\"target\":[\"https:\/\/espiritodacomporta.com\/pt-pt\/muda-atraccoes-da-comporta\/\"]}]},{\"@type\":\"ImageObject\",\"inLanguage\":\"pt-PT\",\"@id\":\"https:\/\/espiritodacomporta.com\/pt-pt\/muda-atraccoes-da-comporta\/#primaryimage\",\"url\":\"https:\/\/espiritodacomporta.com\/app\/uploads\/2021\/12\/muda_comporta.webp\",\"contentUrl\":\"https:\/\/espiritodacomporta.com\/app\/uploads\/2021\/12\/muda_comporta.webp\",\"width\":2560,\"height\":1899,\"caption\":\"muda-comporta\"},{\"@type\":\"BreadcrumbList\",\"@id\":\"https:\/\/espiritodacomporta.com\/pt-pt\/muda-atraccoes-da-comporta\/#breadcrumb\",\"itemListElement\":[{\"@type\":\"ListItem\",\"position\":1,\"name\":\"Home\",\"item\":\"https:\/\/espiritodacomporta.com\/pt-pt\/\"},{\"@type\":\"ListItem\",\"position\":2,\"name\":\"Descubra a Comporta\",\"item\":\"https:\/\/espiritodacomporta.com\/pt-pt\/category\/descubra-a-comporta\/\"},{\"@type\":\"ListItem\",\"position\":3,\"name\":\"Procurando por beleza\",\"item\":\"https:\/\/espiritodacomporta.com\/pt-pt\/category\/descubra-a-comporta\/procurando-por-beleza\/\"},{\"@type\":\"ListItem\",\"position\":4,\"name\":\"Muda, uma das atrac\u00e7\u00f5es da Comporta\"}]},{\"@type\":\"WebSite\",\"@id\":\"https:\/\/espiritodacomporta.com\/pt-pt\/#website\",\"url\":\"https:\/\/espiritodacomporta.com\/pt-pt\/\",\"name\":\"Live & Feel Comporta Portugal\",\"description\":\"\",\"publisher\":{\"@id\":\"https:\/\/espiritodacomporta.com\/pt-pt\/#organization\"},\"potentialAction\":[{\"@type\":\"SearchAction\",\"target\":{\"@type\":\"EntryPoint\",\"urlTemplate\":\"https:\/\/espiritodacomporta.com\/pt-pt\/?s={search_term_string}\"},\"query-input\":{\"@type\":\"PropertyValueSpecification\",\"valueRequired\":true,\"valueName\":\"search_term_string\"}}],\"inLanguage\":\"pt-PT\"},{\"@type\":\"Organization\",\"@id\":\"https:\/\/espiritodacomporta.com\/pt-pt\/#organization\",\"name\":\"Espirito da Comporta\",\"url\":\"https:\/\/espiritodacomporta.com\/pt-pt\/\",\"logo\":{\"@type\":\"ImageObject\",\"inLanguage\":\"pt-PT\",\"@id\":\"https:\/\/espiritodacomporta.com\/pt-pt\/#\/schema\/logo\/image\/\",\"url\":\"https:\/\/espiritodacomporta.com\/app\/uploads\/2023\/09\/LOGO-SIGNATURE@4x.png\",\"contentUrl\":\"https:\/\/espiritodacomporta.com\/app\/uploads\/2023\/09\/LOGO-SIGNATURE@4x.png\",\"width\":321,\"height\":385,\"caption\":\"Espirito da Comporta\"},\"image\":{\"@id\":\"https:\/\/espiritodacomporta.com\/pt-pt\/#\/schema\/logo\/image\/\"},\"sameAs\":[\"https:\/\/www.instagram.com\/almadacomporta\/\"]},{\"@type\":\"Person\",\"@id\":\"https:\/\/espiritodacomporta.com\/pt-pt\/#\/schema\/person\/c76d29ce59d104bde14812d3465de878\",\"name\":\"Info\",\"image\":{\"@type\":\"ImageObject\",\"inLanguage\":\"pt-PT\",\"@id\":\"https:\/\/secure.gravatar.com\/avatar\/dee735d7b19944762d18cdf00966586c0ffcea9da4d03f8be9d25dcff9972207?s=96&d=mm&r=g\",\"url\":\"https:\/\/secure.gravatar.com\/avatar\/dee735d7b19944762d18cdf00966586c0ffcea9da4d03f8be9d25dcff9972207?s=96&d=mm&r=g\",\"contentUrl\":\"https:\/\/secure.gravatar.com\/avatar\/dee735d7b19944762d18cdf00966586c0ffcea9da4d03f8be9d25dcff9972207?s=96&d=mm&r=g\",\"caption\":\"Info\"}}]}<\/script>\n<!-- \/ Yoast SEO Premium plugin. -->","yoast_head_json":{"title":"Muda e as aldeias pr\u00f3ximas da Comporta","description":"A Comporta, cada vez mais conhecida como destino de f\u00e9rias, tem \u00e0 sua volta outras aldeias com paisagens de cortar a respira\u00e7\u00e3o.","robots":{"index":"index","follow":"follow","max-snippet":"max-snippet:-1","max-image-preview":"max-image-preview:large","max-video-preview":"max-video-preview:-1"},"canonical":"https:\/\/espiritodacomporta.com\/pt-pt\/muda-atraccoes-da-comporta\/","og_locale":"pt_PT","og_type":"article","og_title":"Muda, uma das atrac\u00e7\u00f5es da Comporta","og_description":"A Comporta, cada vez mais conhecida como destino de f\u00e9rias, tem \u00e0 sua volta outras aldeias com paisagens de cortar a respira\u00e7\u00e3o.","og_url":"https:\/\/espiritodacomporta.com\/pt-pt\/muda-atraccoes-da-comporta\/","og_site_name":"Live &amp; Feel Comporta Portugal","article_published_time":"2024-06-08T09:13:00+00:00","article_modified_time":"2026-02-06T10:37:28+00:00","og_image":[{"width":2560,"height":1899,"url":"https:\/\/espiritodacomporta.com\/app\/uploads\/2021\/12\/muda_comporta.webp","type":"image\/webp"}],"author":"Info","twitter_card":"summary_large_image","twitter_misc":{"Written by":"Info","Est. reading time":"1 minute"},"schema":{"@context":"https:\/\/schema.org","@graph":[{"@type":"Article","@id":"https:\/\/espiritodacomporta.com\/pt-pt\/muda-atraccoes-da-comporta\/#article","isPartOf":{"@id":"https:\/\/espiritodacomporta.com\/pt-pt\/muda-atraccoes-da-comporta\/"},"author":{"name":"Info","@id":"https:\/\/espiritodacomporta.com\/pt-pt\/#\/schema\/person\/c76d29ce59d104bde14812d3465de878"},"headline":"Muda, uma das atrac\u00e7\u00f5es da Comporta","datePublished":"2024-06-08T09:13:00+00:00","dateModified":"2026-02-06T10:37:28+00:00","mainEntityOfPage":{"@id":"https:\/\/espiritodacomporta.com\/pt-pt\/muda-atraccoes-da-comporta\/"},"wordCount":161,"commentCount":0,"publisher":{"@id":"https:\/\/espiritodacomporta.com\/pt-pt\/#organization"},"image":{"@id":"https:\/\/espiritodacomporta.com\/pt-pt\/muda-atraccoes-da-comporta\/#primaryimage"},"thumbnailUrl":"https:\/\/espiritodacomporta.com\/app\/uploads\/2021\/12\/muda_comporta.webp","articleSection":["Sinta a natureza","Procurando por beleza"],"inLanguage":"pt-PT","potentialAction":[{"@type":"CommentAction","name":"Comment","target":["https:\/\/espiritodacomporta.com\/pt-pt\/muda-atraccoes-da-comporta\/#respond"]}]},{"@type":"WebPage","@id":"https:\/\/espiritodacomporta.com\/pt-pt\/muda-atraccoes-da-comporta\/","url":"https:\/\/espiritodacomporta.com\/pt-pt\/muda-atraccoes-da-comporta\/","name":"Muda e as aldeias pr\u00f3ximas da Comporta","isPartOf":{"@id":"https:\/\/espiritodacomporta.com\/pt-pt\/#website"},"primaryImageOfPage":{"@id":"https:\/\/espiritodacomporta.com\/pt-pt\/muda-atraccoes-da-comporta\/#primaryimage"},"image":{"@id":"https:\/\/espiritodacomporta.com\/pt-pt\/muda-atraccoes-da-comporta\/#primaryimage"},"thumbnailUrl":"https:\/\/espiritodacomporta.com\/app\/uploads\/2021\/12\/muda_comporta.webp","datePublished":"2024-06-08T09:13:00+00:00","dateModified":"2026-02-06T10:37:28+00:00","description":"A Comporta, cada vez mais conhecida como destino de f\u00e9rias, tem \u00e0 sua volta outras aldeias com paisagens de cortar a respira\u00e7\u00e3o.","breadcrumb":{"@id":"https:\/\/espiritodacomporta.com\/pt-pt\/muda-atraccoes-da-comporta\/#breadcrumb"},"inLanguage":"pt-PT","potentialAction":[{"@type":"ReadAction","target":["https:\/\/espiritodacomporta.com\/pt-pt\/muda-atraccoes-da-comporta\/"]}]},{"@type":"ImageObject","inLanguage":"pt-PT","@id":"https:\/\/espiritodacomporta.com\/pt-pt\/muda-atraccoes-da-comporta\/#primaryimage","url":"https:\/\/espiritodacomporta.com\/app\/uploads\/2021\/12\/muda_comporta.webp","contentUrl":"https:\/\/espiritodacomporta.com\/app\/uploads\/2021\/12\/muda_comporta.webp","width":2560,"height":1899,"caption":"muda-comporta"},{"@type":"BreadcrumbList","@id":"https:\/\/espiritodacomporta.com\/pt-pt\/muda-atraccoes-da-comporta\/#breadcrumb","itemListElement":[{"@type":"ListItem","position":1,"name":"Home","item":"https:\/\/espiritodacomporta.com\/pt-pt\/"},{"@type":"ListItem","position":2,"name":"Descubra a Comporta","item":"https:\/\/espiritodacomporta.com\/pt-pt\/category\/descubra-a-comporta\/"},{"@type":"ListItem","position":3,"name":"Procurando por beleza","item":"https:\/\/espiritodacomporta.com\/pt-pt\/category\/descubra-a-comporta\/procurando-por-beleza\/"},{"@type":"ListItem","position":4,"name":"Muda, uma das atrac\u00e7\u00f5es da Comporta"}]},{"@type":"WebSite","@id":"https:\/\/espiritodacomporta.com\/pt-pt\/#website","url":"https:\/\/espiritodacomporta.com\/pt-pt\/","name":"Live & Feel Comporta Portugal","description":"","publisher":{"@id":"https:\/\/espiritodacomporta.com\/pt-pt\/#organization"},"potentialAction":[{"@type":"SearchAction","target":{"@type":"EntryPoint","urlTemplate":"https:\/\/espiritodacomporta.com\/pt-pt\/?s={search_term_string}"},"query-input":{"@type":"PropertyValueSpecification","valueRequired":true,"valueName":"search_term_string"}}],"inLanguage":"pt-PT"},{"@type":"Organization","@id":"https:\/\/espiritodacomporta.com\/pt-pt\/#organization","name":"Espirito da Comporta","url":"https:\/\/espiritodacomporta.com\/pt-pt\/","logo":{"@type":"ImageObject","inLanguage":"pt-PT","@id":"https:\/\/espiritodacomporta.com\/pt-pt\/#\/schema\/logo\/image\/","url":"https:\/\/espiritodacomporta.com\/app\/uploads\/2023\/09\/LOGO-SIGNATURE@4x.png","contentUrl":"https:\/\/espiritodacomporta.com\/app\/uploads\/2023\/09\/LOGO-SIGNATURE@4x.png","width":321,"height":385,"caption":"Espirito da Comporta"},"image":{"@id":"https:\/\/espiritodacomporta.com\/pt-pt\/#\/schema\/logo\/image\/"},"sameAs":["https:\/\/www.instagram.com\/almadacomporta\/"]},{"@type":"Person","@id":"https:\/\/espiritodacomporta.com\/pt-pt\/#\/schema\/person\/c76d29ce59d104bde14812d3465de878","name":"Info","image":{"@type":"ImageObject","inLanguage":"pt-PT","@id":"https:\/\/secure.gravatar.com\/avatar\/dee735d7b19944762d18cdf00966586c0ffcea9da4d03f8be9d25dcff9972207?s=96&d=mm&r=g","url":"https:\/\/secure.gravatar.com\/avatar\/dee735d7b19944762d18cdf00966586c0ffcea9da4d03f8be9d25dcff9972207?s=96&d=mm&r=g","contentUrl":"https:\/\/secure.gravatar.com\/avatar\/dee735d7b19944762d18cdf00966586c0ffcea9da4d03f8be9d25dcff9972207?s=96&d=mm&r=g","caption":"Info"}}]}},"jetpack_featured_media_url":"https:\/\/espiritodacomporta.com\/app\/uploads\/2021\/12\/muda_comporta.webp","_links":{"self":[{"href":"https:\/\/espiritodacomporta.com\/pt-pt\/wp-json\/wp\/v2\/posts\/71999","targetHints":{"allow":["GET"]}}],"collection":[{"href":"https:\/\/espiritodacomporta.com\/pt-pt\/wp-json\/wp\/v2\/posts"}],"about":[{"href":"https:\/\/espiritodacomporta.com\/pt-pt\/wp-json\/wp\/v2\/types\/post"}],"author":[{"embeddable":true,"href":"https:\/\/espiritodacomporta.com\/pt-pt\/wp-json\/wp\/v2\/users\/7"}],"replies":[{"embeddable":true,"href":"https:\/\/espiritodacomporta.com\/pt-pt\/wp-json\/wp\/v2\/comments?post=71999"}],"version-history":[{"count":1,"href":"https:\/\/espiritodacomporta.com\/pt-pt\/wp-json\/wp\/v2\/posts\/71999\/revisions"}],"predecessor-version":[{"id":99095,"href":"https:\/\/espiritodacomporta.com\/pt-pt\/wp-json\/wp\/v2\/posts\/71999\/revisions\/99095"}],"wp:featuredmedia":[{"embeddable":true,"href":"https:\/\/espiritodacomporta.com\/pt-pt\/wp-json\/wp\/v2\/media\/28805"}],"wp:attachment":[{"href":"https:\/\/espiritodacomporta.com\/pt-pt\/wp-json\/wp\/v2\/media?parent=71999"}],"wp:term":[{"taxonomy":"category","embeddable":true,"href":"https:\/\/espiritodacomporta.com\/pt-pt\/wp-json\/wp\/v2\/categories?post=71999"},{"taxonomy":"post_tag","embeddable":true,"href":"https:\/\/espiritodacomporta.com\/pt-pt\/wp-json\/wp\/v2\/tags?post=71999"}],"curies":[{"name":"wp","href":"https:\/\/api.w.org\/{rel}","templated":true}]}}