{"id":78887,"date":"2024-12-14T12:15:00","date_gmt":"2024-12-14T10:15:00","guid":{"rendered":"https:\/\/espiritodacomporta.com\/?p=78887"},"modified":"2025-01-14T13:52:55","modified_gmt":"2025-01-14T11:52:55","slug":"o-que-fazer-quando-chove-na-comporta","status":"publish","type":"post","link":"https:\/\/espiritodacomporta.com\/pt-pt\/o-que-fazer-quando-chove-na-comporta\/","title":{"rendered":"O que fazer quando chove na comporta?"},"content":{"rendered":"\n<p class=\"is-style-text-intro\">Embora a regi\u00e3o da <a href=\"https:\/\/espiritodacomporta.com\/pt-pt\/\">Comporta<\/a> goze de bom tempo ao longo de todo o ano, acontece por vezes que algumas gotas de chuva podem ser vistas durante a sua estadia, especialmente em fevereiro-mar\u00e7o. De facto, o inverno em Portugal \u00e9 mais solarengo do que na maioria dos pa\u00edses europeus. Essenciais para a agricultura local, estas chuvas ajudam a moldar as paisagens verdes do Alentejo, entre arrozais e florestas. Tamb\u00e9m lhe permitem concentrar-se nas muitas actividades de interior na Comporta, sejam elas culturais ou de relaxamento. Concentre-se nas melhores coisas para fazer na Comporta quando chove!<\/p>\n\n\n<section class=\"homeblocks   \">\n    <section class=\"homeblocks-image \">\n                  <!-- <img decoding=\"async\" src=\"https:\/\/espiritodacomporta.com\/app\/uploads\/2022\/11\/flor-de-arroz-comporta.webp\" alt=\"flor de arroz comporta villa\"> -->\n          <img decoding=\"async\" width=\"2084\" height=\"1380\" src=\"https:\/\/espiritodacomporta.com\/app\/uploads\/2022\/11\/flor-de-arroz-comporta.webp\" class=\"attachment-full size-full\" alt=\"flor de arroz comporta villa\" loading=\"lazy\" srcset=\"https:\/\/espiritodacomporta.com\/app\/uploads\/2022\/11\/flor-de-arroz-comporta.webp 2084w, https:\/\/espiritodacomporta.com\/app\/uploads\/2022\/11\/flor-de-arroz-comporta-300x199.webp 300w, https:\/\/espiritodacomporta.com\/app\/uploads\/2022\/11\/flor-de-arroz-comporta-1024x678.webp 1024w, https:\/\/espiritodacomporta.com\/app\/uploads\/2022\/11\/flor-de-arroz-comporta-768x509.webp 768w, https:\/\/espiritodacomporta.com\/app\/uploads\/2022\/11\/flor-de-arroz-comporta-1536x1017.webp 1536w, https:\/\/espiritodacomporta.com\/app\/uploads\/2022\/11\/flor-de-arroz-comporta-2048x1356.webp 2048w\" sizes=\"auto, (max-width: 2084px) 100vw, 2084px\" data-attachment-id=\"78472\" data-permalink=\"https:\/\/espiritodacomporta.com\/pt-pt\/o-que-fazer-quando-chove-na-comporta\/flor-de-arroz-comporta-2\/\" data-orig-file=\"https:\/\/espiritodacomporta.com\/app\/uploads\/2022\/11\/flor-de-arroz-comporta.webp\" data-orig-size=\"2084,1380\" data-comments-opened=\"0\" data-image-meta=\"{&quot;aperture&quot;:&quot;0&quot;,&quot;credit&quot;:&quot;&quot;,&quot;camera&quot;:&quot;&quot;,&quot;caption&quot;:&quot;&quot;,&quot;created_timestamp&quot;:&quot;0&quot;,&quot;copyright&quot;:&quot;&quot;,&quot;focal_length&quot;:&quot;0&quot;,&quot;iso&quot;:&quot;0&quot;,&quot;shutter_speed&quot;:&quot;0&quot;,&quot;title&quot;:&quot;&quot;,&quot;orientation&quot;:&quot;0&quot;}\" data-image-title=\"flor-de-arroz-comporta\" data-image-description=\"&lt;p&gt;hotel em comporta&lt;\/p&gt;\n\" data-image-caption=\"\" data-medium-file=\"https:\/\/espiritodacomporta.com\/app\/uploads\/2022\/11\/flor-de-arroz-comporta-300x199.webp\" data-large-file=\"https:\/\/espiritodacomporta.com\/app\/uploads\/2022\/11\/flor-de-arroz-comporta-1024x678.webp\" \/>\n            <\/section>\n    <section class=\"homeblocks-content\">\n        <div class=\"homeblocks-content-inside\">\n            <h2>Um dia de tratamentos em belos spas na Comporta<\/h2>\n<p>Reconete o seu corpo e mente nos spas do Sublime Hotel de Comporta. Todos os tratamentos oferecidos s\u00e3o baseados em produtos naturais locais, como arroz, sal marinho e at\u00e9 plantas cultivadas na horta biol\u00f3gica. Envolvimento corporal, esfolia\u00e7\u00e3o corporal, m\u00e1scara desintoxicante s\u00e3o apenas algumas das possibilidades para uma sess\u00e3o de desintoxica\u00e7\u00e3o e bem-estar. Outra op\u00e7\u00e3o s\u00e3o os servi\u00e7os personalizados dos terapeutas do Hotel Quinta da Comporta. Em fun\u00e7\u00e3o das suas necessidades, preparam uma mistura de \u00f3leos essenciais para despertar os seus sentidos num ambiente de calma e prazer.<\/p>\n\n\n            \n                    <\/div>\n    <\/section>\n<\/section>\n\n\n<section class=\"homeblocks   \">\n    <section class=\"homeblocks-image  homeblocks-right \">\n                  <!-- <img decoding=\"async\" src=\"https:\/\/espiritodacomporta.com\/app\/uploads\/2024\/01\/Flor-de-arroz-livingroom.webp\" alt=\"Flor-de-arroz-livingroom\"> -->\n          <img decoding=\"async\" width=\"1532\" height=\"1010\" src=\"https:\/\/espiritodacomporta.com\/app\/uploads\/2024\/01\/Flor-de-arroz-livingroom.webp\" class=\"attachment-full size-full\" alt=\"Flor-de-arroz-livingroom\" loading=\"lazy\" srcset=\"https:\/\/espiritodacomporta.com\/app\/uploads\/2024\/01\/Flor-de-arroz-livingroom.webp 1532w, https:\/\/espiritodacomporta.com\/app\/uploads\/2024\/01\/Flor-de-arroz-livingroom-300x198.webp 300w, https:\/\/espiritodacomporta.com\/app\/uploads\/2024\/01\/Flor-de-arroz-livingroom-1024x675.webp 1024w, https:\/\/espiritodacomporta.com\/app\/uploads\/2024\/01\/Flor-de-arroz-livingroom-768x506.webp 768w\" sizes=\"auto, (max-width: 1532px) 100vw, 1532px\" data-attachment-id=\"72505\" data-permalink=\"https:\/\/espiritodacomporta.com\/pt-pt\/melhor-epoca-para-ir-a-comporta\/flor-de-arroz-livingroom-2\/\" data-orig-file=\"https:\/\/espiritodacomporta.com\/app\/uploads\/2024\/01\/Flor-de-arroz-livingroom.webp\" data-orig-size=\"1532,1010\" data-comments-opened=\"0\" data-image-meta=\"{&quot;aperture&quot;:&quot;0&quot;,&quot;credit&quot;:&quot;&quot;,&quot;camera&quot;:&quot;&quot;,&quot;caption&quot;:&quot;&quot;,&quot;created_timestamp&quot;:&quot;0&quot;,&quot;copyright&quot;:&quot;&quot;,&quot;focal_length&quot;:&quot;0&quot;,&quot;iso&quot;:&quot;0&quot;,&quot;shutter_speed&quot;:&quot;0&quot;,&quot;title&quot;:&quot;&quot;,&quot;orientation&quot;:&quot;0&quot;}\" data-image-title=\"Flor-de-arroz-livingroom\" data-image-description=\"\" data-image-caption=\"\" data-medium-file=\"https:\/\/espiritodacomporta.com\/app\/uploads\/2024\/01\/Flor-de-arroz-livingroom-300x198.webp\" data-large-file=\"https:\/\/espiritodacomporta.com\/app\/uploads\/2024\/01\/Flor-de-arroz-livingroom-1024x675.webp\" \/>\n            <\/section>\n    <section class=\"homeblocks-content\">\n        <div class=\"homeblocks-content-inside\">\n            <h2>uma massagem em casa<\/h2>\n<p>Para uma sess\u00e3o de massagem hol\u00edstica que engloba todo o corpo e mente, confie em Alina Sosnova! Esta massagista profissional utiliza diferentes t\u00e9cnicas das escolas cl\u00e1ssica, sueca e asi\u00e1tica e adapta a sua abordagem para sess\u00f5es personalizadas. Globalmente, a sua pr\u00e1tica combina m\u00fasica, cosm\u00e9ticos biol\u00f3gicos artesanais e \u00f3leos essenciais escolhidos especificamente pelas suas propriedades relaxantes, circulat\u00f3rias ou rejuvenescedoras. A Alina desloca-se \u00e0 sua casa de f\u00e9rias na Comporta, uma excelente forma de desfrutar do ambiente excecional da casa em dias de chuva. Contactar a Alina: +351920442347 (WhatsApp) \/ alinasosnova@gmail.com<\/p>\n\n\n            \n                    <\/div>\n    <\/section>\n<\/section>\n\n\n<section class=\"homeblocks   \">\n    <section class=\"homeblocks-image \">\n                  <!-- <img decoding=\"async\" src=\"https:\/\/espiritodacomporta.com\/app\/uploads\/2024\/10\/house-flor-section-3.png\" alt=\"yoga-flor-de-arroz\"> -->\n          <img decoding=\"async\" width=\"812\" height=\"734\" src=\"https:\/\/espiritodacomporta.com\/app\/uploads\/2024\/10\/house-flor-section-3.png\" class=\"attachment-full size-full\" alt=\"yoga-flor-de-arroz\" loading=\"lazy\" data-attachment-id=\"73158\" data-permalink=\"https:\/\/espiritodacomporta.com\/pt-pt\/alugue-sua-vila-em-comporta\/flor-de-arroz\/2868069cf0b8b02ac746c8c32d5b87a6-2-2\/\" data-orig-file=\"https:\/\/espiritodacomporta.com\/app\/uploads\/2024\/10\/house-flor-section-3.png\" data-orig-size=\"812,734\" data-comments-opened=\"0\" data-image-meta=\"{&quot;aperture&quot;:&quot;0&quot;,&quot;credit&quot;:&quot;&quot;,&quot;camera&quot;:&quot;&quot;,&quot;caption&quot;:&quot;&quot;,&quot;created_timestamp&quot;:&quot;0&quot;,&quot;copyright&quot;:&quot;&quot;,&quot;focal_length&quot;:&quot;0&quot;,&quot;iso&quot;:&quot;0&quot;,&quot;shutter_speed&quot;:&quot;0&quot;,&quot;title&quot;:&quot;&quot;,&quot;orientation&quot;:&quot;0&quot;}\" data-image-title=\"yoga-flor-de-arroz\" data-image-description=\"\" data-image-caption=\"\" data-medium-file=\"https:\/\/espiritodacomporta.com\/app\/uploads\/2024\/10\/2868069cf0b8b02ac746c8c32d5b87a6-2-300x271.png\" data-large-file=\"https:\/\/espiritodacomporta.com\/app\/uploads\/2024\/10\/house-flor-section-3.png\" \/>\n            <\/section>\n    <section class=\"homeblocks-content\">\n        <div class=\"homeblocks-content-inside\">\n            <h2>Uma aula de yoga em casa na Comporta<\/h2>\n<p>Tire o m\u00e1ximo partido da localiza\u00e7\u00e3o da sua casa na Comporta, chamando um professor de yoga em casa para uma aula em frente aos arrozais! Abrigado dos aguaceiros no terra\u00e7o ou por detr\u00e1s de grandes janelas, ser\u00e1 recebido pelo sol num ambiente que faz lembrar a long\u00ednqua \u00c1sia. Uma boa maneira de deixar o seu esp\u00edrito escapar e desfrutar da atmosfera serena de uma estadia na Comporta.<\/p>\n\n\n            \n                    <\/div>\n    <\/section>\n<\/section>\n\n\n<section class=\"homeblocks   \">\n    <section class=\"homeblocks-image  homeblocks-right \">\n                  <!-- <img decoding=\"async\" src=\"https:\/\/espiritodacomporta.com\/app\/uploads\/2019\/09\/Screenshot-2024-10-10-at-12.27.21.png\" alt=\"casas-de-arroz\"> -->\n          <img decoding=\"async\" width=\"738\" height=\"416\" src=\"https:\/\/espiritodacomporta.com\/app\/uploads\/2019\/09\/Screenshot-2024-10-10-at-12.27.21.png\" class=\"attachment-full size-full\" alt=\"casas-de-arroz\" loading=\"lazy\" srcset=\"https:\/\/espiritodacomporta.com\/app\/uploads\/2019\/09\/Screenshot-2024-10-10-at-12.27.21.png 738w, https:\/\/espiritodacomporta.com\/app\/uploads\/2019\/09\/Screenshot-2024-10-10-at-12.27.21-300x169.png 300w\" sizes=\"auto, (max-width: 738px) 100vw, 738px\" data-attachment-id=\"73267\" data-permalink=\"https:\/\/espiritodacomporta.com\/pt-pt\/screenshot-2024-10-10-at-12-27-21-2\/\" data-orig-file=\"https:\/\/espiritodacomporta.com\/app\/uploads\/2019\/09\/Screenshot-2024-10-10-at-12.27.21.png\" data-orig-size=\"738,416\" data-comments-opened=\"0\" data-image-meta=\"{&quot;aperture&quot;:&quot;0&quot;,&quot;credit&quot;:&quot;&quot;,&quot;camera&quot;:&quot;&quot;,&quot;caption&quot;:&quot;&quot;,&quot;created_timestamp&quot;:&quot;0&quot;,&quot;copyright&quot;:&quot;&quot;,&quot;focal_length&quot;:&quot;0&quot;,&quot;iso&quot;:&quot;0&quot;,&quot;shutter_speed&quot;:&quot;0&quot;,&quot;title&quot;:&quot;&quot;,&quot;orientation&quot;:&quot;0&quot;}\" data-image-title=\"casas-de-arroz\" data-image-description=\"\" data-image-caption=\"\" data-medium-file=\"https:\/\/espiritodacomporta.com\/app\/uploads\/2019\/09\/Screenshot-2024-10-10-at-12.27.21-300x169.png\" data-large-file=\"https:\/\/espiritodacomporta.com\/app\/uploads\/2019\/09\/Screenshot-2024-10-10-at-12.27.21.png\" \/>\n            <\/section>\n    <section class=\"homeblocks-content\">\n        <div class=\"homeblocks-content-inside\">\n            <h2>Almo\u00e7o num restaurante da moda na Comporta<\/h2>\n<p>A Comporta \u00e9 o novo destino da moda para f\u00e9rias em Portugal. Para satisfazer os desejos culin\u00e1rios dos veraneantes e dos habitantes locais, muitos chefes criativos estabeleceram-se na zona. Seja nos restaurantes dos hot\u00e9is de luxo, no centro da vila ou com os p\u00e9s na areia da praia, descobrir\u00e1 mesas de qualidade e uma cozinha criativa com produtos locais. Para o ajudar a fazer a sua escolha, eis uma sele\u00e7\u00e3o dos<a href=\"https:\/\/espiritodacomporta.com\/pt-pt\/onde-comer-na-comporta\/\"> melhores restaurantes da Comporta<\/a>, para experimentar nos dias de chuva!<\/p>\n\n\n            \n                    <\/div>\n    <\/section>\n<\/section>\n\n\n<section class=\"homeblocks   \">\n    <section class=\"homeblocks-image \">\n                  <!-- <img decoding=\"async\" src=\"https:\/\/espiritodacomporta.com\/app\/uploads\/2024\/12\/WINE-FLOR-DE-ARROZ.png\" alt=\"WINE-FLOR-DE-ARROZ\"> -->\n          <img decoding=\"async\" width=\"760\" height=\"506\" src=\"https:\/\/espiritodacomporta.com\/app\/uploads\/2024\/12\/WINE-FLOR-DE-ARROZ.png\" class=\"attachment-full size-full\" alt=\"WINE-FLOR-DE-ARROZ\" loading=\"lazy\" srcset=\"https:\/\/espiritodacomporta.com\/app\/uploads\/2024\/12\/WINE-FLOR-DE-ARROZ.png 760w, https:\/\/espiritodacomporta.com\/app\/uploads\/2024\/12\/WINE-FLOR-DE-ARROZ-300x200.png 300w\" sizes=\"auto, (max-width: 760px) 100vw, 760px\" data-attachment-id=\"78492\" data-permalink=\"https:\/\/espiritodacomporta.com\/pt-pt\/o-que-fazer-quando-chove-na-comporta\/wine-flor-de-arroz-2\/\" data-orig-file=\"https:\/\/espiritodacomporta.com\/app\/uploads\/2024\/12\/WINE-FLOR-DE-ARROZ.png\" data-orig-size=\"760,506\" data-comments-opened=\"0\" data-image-meta=\"{&quot;aperture&quot;:&quot;0&quot;,&quot;credit&quot;:&quot;&quot;,&quot;camera&quot;:&quot;&quot;,&quot;caption&quot;:&quot;&quot;,&quot;created_timestamp&quot;:&quot;0&quot;,&quot;copyright&quot;:&quot;&quot;,&quot;focal_length&quot;:&quot;0&quot;,&quot;iso&quot;:&quot;0&quot;,&quot;shutter_speed&quot;:&quot;0&quot;,&quot;title&quot;:&quot;&quot;,&quot;orientation&quot;:&quot;0&quot;}\" data-image-title=\"WINE-FLOR-DE-ARROZ\" data-image-description=\"\" data-image-caption=\"\" data-medium-file=\"https:\/\/espiritodacomporta.com\/app\/uploads\/2024\/12\/WINE-FLOR-DE-ARROZ-300x200.png\" data-large-file=\"https:\/\/espiritodacomporta.com\/app\/uploads\/2024\/12\/WINE-FLOR-DE-ARROZ.png\" \/>\n            <\/section>\n    <section class=\"homeblocks-content\">\n        <div class=\"homeblocks-content-inside\">\n            <h2>Uma prova de vinhos quando chove na Comporta<\/h2>\n<p>A regi\u00e3o da Comporta \u00e9 o lar de alguns dos melhores produtores de vinho do pa\u00eds. Descubra as adegas do Brejinho da Costa e da Herdade da Comporta durante uma visita e uma prova de vinhos. Aprender\u00e1 (quase) todos os segredos do fabrico destes n\u00e9ctares doces e cheios de sabor, desenvolvidos a partir das uvas da costa atl\u00e2ntica. Uma oportunidade para levar uma recorda\u00e7\u00e3o original da sua estadia na Comporta!<\/p>\n\n\n            \n                    <\/div>\n    <\/section>\n<\/section>\n\n\n<section class=\"homeblocks   \">\n    <section class=\"homeblocks-image  homeblocks-right \">\n                  <!-- <img decoding=\"async\" src=\"https:\/\/espiritodacomporta.com\/app\/uploads\/2023\/01\/Stork.webp\" alt=\"\"> -->\n          <img decoding=\"async\" width=\"2016\" height=\"1512\" src=\"https:\/\/espiritodacomporta.com\/app\/uploads\/2023\/01\/Stork.webp\" class=\"attachment-full size-full\" alt=\"\" loading=\"lazy\" srcset=\"https:\/\/espiritodacomporta.com\/app\/uploads\/2023\/01\/Stork.webp 2016w, https:\/\/espiritodacomporta.com\/app\/uploads\/2023\/01\/Stork-300x225.webp 300w, https:\/\/espiritodacomporta.com\/app\/uploads\/2023\/01\/Stork-1024x768.webp 1024w, https:\/\/espiritodacomporta.com\/app\/uploads\/2023\/01\/Stork-768x576.webp 768w, https:\/\/espiritodacomporta.com\/app\/uploads\/2023\/01\/Stork-1536x1152.webp 1536w\" sizes=\"auto, (max-width: 2016px) 100vw, 2016px\" data-attachment-id=\"79773\" data-permalink=\"https:\/\/espiritodacomporta.com\/pt-pt\/portugal-na-primavera\/stork\/\" data-orig-file=\"https:\/\/espiritodacomporta.com\/app\/uploads\/2023\/01\/Stork.webp\" data-orig-size=\"2016,1512\" data-comments-opened=\"0\" data-image-meta=\"{&quot;aperture&quot;:&quot;0&quot;,&quot;credit&quot;:&quot;&quot;,&quot;camera&quot;:&quot;&quot;,&quot;caption&quot;:&quot;&quot;,&quot;created_timestamp&quot;:&quot;0&quot;,&quot;copyright&quot;:&quot;&quot;,&quot;focal_length&quot;:&quot;0&quot;,&quot;iso&quot;:&quot;0&quot;,&quot;shutter_speed&quot;:&quot;0&quot;,&quot;title&quot;:&quot;&quot;,&quot;orientation&quot;:&quot;0&quot;}\" data-image-title=\"Stork\" data-image-description=\"\" data-image-caption=\"\" data-medium-file=\"https:\/\/espiritodacomporta.com\/app\/uploads\/2023\/01\/Stork-300x225.webp\" data-large-file=\"https:\/\/espiritodacomporta.com\/app\/uploads\/2023\/01\/Stork-1024x768.webp\" \/>\n            <\/section>\n    <section class=\"homeblocks-content\">\n        <div class=\"homeblocks-content-inside\">\n            <h2>Visitar o museu do arroz num dia de chuva na Comporta<\/h2>\n<p>Para perceber porque \u00e9 que a Comporta est\u00e1 rodeada de campos de arroz, uma visita ao museu do arroz \u00e9 obrigat\u00f3ria. Descobrir\u00e1 a hist\u00f3ria da cultura do arroz local e as suas tradi\u00e7\u00f5es na antiga f\u00e1brica de descasque de arroz. Depois de passar pela exposi\u00e7\u00e3o e pelas v\u00e1rias oficinas, pode sentar-se no restaurante com o mesmo nome para saborear pratos feitos com arroz local.<\/p>\n<p>&nbsp;<\/p>\n\n\n            \n                    <\/div>\n    <\/section>\n<\/section>\n\n\n<section class=\"homeblocks   \">\n    <section class=\"homeblocks-image \">\n                  <!-- <img decoding=\"async\" src=\"https:\/\/espiritodacomporta.com\/app\/uploads\/2023\/05\/comporta2.webp\" alt=\"comporta\"> -->\n          <img decoding=\"async\" width=\"2016\" height=\"1512\" src=\"https:\/\/espiritodacomporta.com\/app\/uploads\/2023\/05\/comporta2.webp\" class=\"attachment-full size-full\" alt=\"comporta\" loading=\"lazy\" srcset=\"https:\/\/espiritodacomporta.com\/app\/uploads\/2023\/05\/comporta2.webp 2016w, https:\/\/espiritodacomporta.com\/app\/uploads\/2023\/05\/comporta2-300x225.webp 300w, https:\/\/espiritodacomporta.com\/app\/uploads\/2023\/05\/comporta2-1024x768.webp 1024w, https:\/\/espiritodacomporta.com\/app\/uploads\/2023\/05\/comporta2-768x576.webp 768w, https:\/\/espiritodacomporta.com\/app\/uploads\/2023\/05\/comporta2-1536x1152.webp 1536w\" sizes=\"auto, (max-width: 2016px) 100vw, 2016px\" data-attachment-id=\"98873\" data-permalink=\"https:\/\/espiritodacomporta.com\/pt-pt\/quais-sao-as-7-aldeias-da-comporta\/comporta2-2-2\/\" data-orig-file=\"https:\/\/espiritodacomporta.com\/app\/uploads\/2023\/05\/comporta2.webp\" data-orig-size=\"2016,1512\" data-comments-opened=\"0\" data-image-meta=\"{&quot;aperture&quot;:&quot;0&quot;,&quot;credit&quot;:&quot;&quot;,&quot;camera&quot;:&quot;&quot;,&quot;caption&quot;:&quot;&quot;,&quot;created_timestamp&quot;:&quot;0&quot;,&quot;copyright&quot;:&quot;&quot;,&quot;focal_length&quot;:&quot;0&quot;,&quot;iso&quot;:&quot;0&quot;,&quot;shutter_speed&quot;:&quot;0&quot;,&quot;title&quot;:&quot;&quot;,&quot;orientation&quot;:&quot;0&quot;}\" data-image-title=\"comporta\" data-image-description=\"\" data-image-caption=\"\" data-medium-file=\"https:\/\/espiritodacomporta.com\/app\/uploads\/2023\/05\/comporta2-300x225.webp\" data-large-file=\"https:\/\/espiritodacomporta.com\/app\/uploads\/2023\/05\/comporta2-1024x768.webp\" \/>\n            <\/section>\n    <section class=\"homeblocks-content\">\n        <div class=\"homeblocks-content-inside\">\n            <h2>Uma excurs\u00e3o \u00e0 Casa da Cultura da Comporta<\/h2>\n<p>Situada no cora\u00e7\u00e3o da aldeia, a Casa da Cultura dedica-se a promover a cultura e o artesanato portugueses. Est\u00e1 aberta durante o ver\u00e3o e acolhe exposi\u00e7\u00f5es de artistas locais e nacionais. Mesmo ao lado do sal\u00e3o principal, uma sala alberga uma d\u00fazia de lojas ef\u00e9meras que exibem artesanato local, como tecidos, malas e sapatos. Ao empurrar as portas da Maison de la Culture, combinar\u00e1 as compras de recorda\u00e7\u00f5es com uma visita cultural!<\/p>\n<p>&nbsp;<\/p>\n\n\n            \n                    <\/div>\n    <\/section>\n<\/section>\n\n\n<section class=\"homeblocks   \">\n    <section class=\"homeblocks-image  homeblocks-right \">\n                  <!-- <img decoding=\"async\" src=\"https:\/\/espiritodacomporta.com\/app\/uploads\/2022\/11\/Campo-de-arroz-e1776345291687.webp\" alt=\"Campo-de-arroz\"> -->\n          <img decoding=\"async\" width=\"1978\" height=\"1252\" src=\"https:\/\/espiritodacomporta.com\/app\/uploads\/2022\/11\/Campo-de-arroz-e1776345291687.webp\" class=\"attachment-full size-full\" alt=\"Campo-de-arroz\" loading=\"lazy\" data-attachment-id=\"78466\" data-permalink=\"https:\/\/espiritodacomporta.com\/pt-pt\/o-que-fazer-quando-chove-na-comporta\/campo-de-arroz-2-2\/\" data-orig-file=\"https:\/\/espiritodacomporta.com\/app\/uploads\/2022\/11\/Campo-de-arroz-e1776345291687.webp\" data-orig-size=\"1978,1252\" data-comments-opened=\"0\" data-image-meta=\"{&quot;aperture&quot;:&quot;0&quot;,&quot;credit&quot;:&quot;&quot;,&quot;camera&quot;:&quot;&quot;,&quot;caption&quot;:&quot;&quot;,&quot;created_timestamp&quot;:&quot;0&quot;,&quot;copyright&quot;:&quot;&quot;,&quot;focal_length&quot;:&quot;0&quot;,&quot;iso&quot;:&quot;0&quot;,&quot;shutter_speed&quot;:&quot;0&quot;,&quot;title&quot;:&quot;&quot;,&quot;orientation&quot;:&quot;0&quot;}\" data-image-title=\"Campo-de-arroz\" data-image-description=\"&lt;p&gt;Campo de arroz Comporta&lt;\/p&gt;\n\" data-image-caption=\"\" data-medium-file=\"https:\/\/espiritodacomporta.com\/app\/uploads\/2022\/11\/Campo-de-arroz-300x190.webp\" data-large-file=\"https:\/\/espiritodacomporta.com\/app\/uploads\/2022\/11\/Campo-de-arroz-1024x648.webp\" \/>\n            <\/section>\n    <section class=\"homeblocks-content\">\n        <div class=\"homeblocks-content-inside\">\n            <h2>Desfrutar de uma fogueira em casa<\/h2>\n<p>Depois de todas estas actividades, n\u00e3o h\u00e1 nada melhor do que relaxar junto \u00e0 lareira com um bom livro. Para isso, n\u00e3o deixe de reservar uma casa com lareira, como as<a href=\"https:\/\/espiritodacomporta.com\/pt-pt\/alugue-sua-vila-em-comporta\/\"> casas do Esp\u00edrito da Comporta<\/a>. Com todo o conforto, as propriedades do Esp\u00edrito da comporta t\u00eam vistas desafogadas para os arrozais e t\u00eam todos os pormenores para tornar a sua estadia \u00fanica.<\/p>\n<p>&nbsp;<\/p>\n\n\n            \n                    <\/div>\n    <\/section>\n<\/section>\n","protected":false},"excerpt":{"rendered":"<p>Embora a regi\u00e3o da Comporta goze de bom tempo ao longo de todo o ano, acontece por vezes que algumas gotas de chuva podem ser vistas durante a sua estadia, especialmente em fevereiro-mar\u00e7o. De facto, o inverno em Portugal \u00e9 mais solarengo do que na maioria dos pa\u00edses europeus. Essenciais para a agricultura local, estas <\/p>\n<div class=\"goto\"><a href=\"https:\/\/espiritodacomporta.com\/pt-pt\/o-que-fazer-quando-chove-na-comporta\/\">Ler mais<\/a><\/div>\n","protected":false},"author":7,"featured_media":78485,"comment_status":"open","ping_status":"open","sticky":false,"template":"","format":"standard","meta":{"_acf_changed":false,"inline_featured_image":false,"footnotes":""},"categories":[3967,3969,3970],"tags":[],"class_list":["post-78887","post","type-post","status-publish","format-standard","has-post-thumbnail","hentry","category-comer-e-beber","category-sinta-a-natureza","category-liberte-a-sua-mente-e-o-seu-corpo"],"acf":[],"yoast_head":"<!-- This site is optimized with the Yoast SEO Premium plugin v27.2 (Yoast SEO v27.2) - https:\/\/yoast.com\/product\/yoast-seo-premium-wordpress\/ -->\n<title>O que fazer quando chove na comporta?<\/title>\n<meta name=\"description\" content=\"A regi\u00e3o \u00e9 ensolarada todo o ano mas existem sempre alguns dias de chuva, no inverno. Saiba o que pode fazer nesses dias!\" \/>\n<meta name=\"robots\" content=\"index, follow, max-snippet:-1, max-image-preview:large, max-video-preview:-1\" \/>\n<link rel=\"canonical\" href=\"https:\/\/espiritodacomporta.com\/pt-pt\/o-que-fazer-quando-chove-na-comporta\/\" \/>\n<meta property=\"og:locale\" content=\"pt_PT\" \/>\n<meta property=\"og:type\" content=\"article\" \/>\n<meta property=\"og:title\" content=\"O que fazer quando chove na comporta?\" \/>\n<meta property=\"og:description\" content=\"A regi\u00e3o \u00e9 ensolarada todo o ano mas existem sempre alguns dias de chuva, no inverno. Saiba o que pode fazer nesses dias!\" \/>\n<meta property=\"og:url\" content=\"https:\/\/espiritodacomporta.com\/pt-pt\/o-que-fazer-quando-chove-na-comporta\/\" \/>\n<meta property=\"og:site_name\" content=\"Live &amp; Feel Comporta Portugal\" \/>\n<meta property=\"article:published_time\" content=\"2024-12-14T10:15:00+00:00\" \/>\n<meta property=\"article:modified_time\" content=\"2025-01-14T11:52:55+00:00\" \/>\n<meta property=\"og:image\" content=\"https:\/\/espiritodacomporta.com\/app\/uploads\/2024\/12\/wineAThome.png\" \/>\n\t<meta property=\"og:image:width\" content=\"780\" \/>\n\t<meta property=\"og:image:height\" content=\"888\" \/>\n\t<meta property=\"og:image:type\" content=\"image\/png\" \/>\n<meta name=\"author\" content=\"Info\" \/>\n<meta name=\"twitter:card\" content=\"summary_large_image\" \/>\n<meta name=\"twitter:label1\" content=\"Written by\" \/>\n\t<meta name=\"twitter:data1\" content=\"Info\" \/>\n\t<meta name=\"twitter:label2\" content=\"Est. reading time\" \/>\n\t<meta name=\"twitter:data2\" content=\"1 minute\" \/>\n<script type=\"application\/ld+json\" class=\"yoast-schema-graph\">{\"@context\":\"https:\/\/schema.org\",\"@graph\":[{\"@type\":\"Article\",\"@id\":\"https:\/\/espiritodacomporta.com\/pt-pt\/o-que-fazer-quando-chove-na-comporta\/#article\",\"isPartOf\":{\"@id\":\"https:\/\/espiritodacomporta.com\/pt-pt\/o-que-fazer-quando-chove-na-comporta\/\"},\"author\":{\"name\":\"Info\",\"@id\":\"https:\/\/espiritodacomporta.com\/pt-pt\/#\/schema\/person\/c76d29ce59d104bde14812d3465de878\"},\"headline\":\"O que fazer quando chove na comporta?\",\"datePublished\":\"2024-12-14T10:15:00+00:00\",\"dateModified\":\"2025-01-14T11:52:55+00:00\",\"mainEntityOfPage\":{\"@id\":\"https:\/\/espiritodacomporta.com\/pt-pt\/o-que-fazer-quando-chove-na-comporta\/\"},\"wordCount\":105,\"commentCount\":0,\"publisher\":{\"@id\":\"https:\/\/espiritodacomporta.com\/pt-pt\/#organization\"},\"image\":{\"@id\":\"https:\/\/espiritodacomporta.com\/pt-pt\/o-que-fazer-quando-chove-na-comporta\/#primaryimage\"},\"thumbnailUrl\":\"https:\/\/espiritodacomporta.com\/app\/uploads\/2024\/12\/wineAThome.png\",\"articleSection\":[\"Comer e beber\",\"Sinta a natureza\",\"Liberte a sua mente e o seu corpo\"],\"inLanguage\":\"pt-PT\",\"potentialAction\":[{\"@type\":\"CommentAction\",\"name\":\"Comment\",\"target\":[\"https:\/\/espiritodacomporta.com\/pt-pt\/o-que-fazer-quando-chove-na-comporta\/#respond\"]}]},{\"@type\":\"WebPage\",\"@id\":\"https:\/\/espiritodacomporta.com\/pt-pt\/o-que-fazer-quando-chove-na-comporta\/\",\"url\":\"https:\/\/espiritodacomporta.com\/pt-pt\/o-que-fazer-quando-chove-na-comporta\/\",\"name\":\"O que fazer quando chove na comporta?\",\"isPartOf\":{\"@id\":\"https:\/\/espiritodacomporta.com\/pt-pt\/#website\"},\"primaryImageOfPage\":{\"@id\":\"https:\/\/espiritodacomporta.com\/pt-pt\/o-que-fazer-quando-chove-na-comporta\/#primaryimage\"},\"image\":{\"@id\":\"https:\/\/espiritodacomporta.com\/pt-pt\/o-que-fazer-quando-chove-na-comporta\/#primaryimage\"},\"thumbnailUrl\":\"https:\/\/espiritodacomporta.com\/app\/uploads\/2024\/12\/wineAThome.png\",\"datePublished\":\"2024-12-14T10:15:00+00:00\",\"dateModified\":\"2025-01-14T11:52:55+00:00\",\"description\":\"A regi\u00e3o \u00e9 ensolarada todo o ano mas existem sempre alguns dias de chuva, no inverno. Saiba o que pode fazer nesses dias!\",\"breadcrumb\":{\"@id\":\"https:\/\/espiritodacomporta.com\/pt-pt\/o-que-fazer-quando-chove-na-comporta\/#breadcrumb\"},\"inLanguage\":\"pt-PT\",\"potentialAction\":[{\"@type\":\"ReadAction\",\"target\":[\"https:\/\/espiritodacomporta.com\/pt-pt\/o-que-fazer-quando-chove-na-comporta\/\"]}]},{\"@type\":\"ImageObject\",\"inLanguage\":\"pt-PT\",\"@id\":\"https:\/\/espiritodacomporta.com\/pt-pt\/o-que-fazer-quando-chove-na-comporta\/#primaryimage\",\"url\":\"https:\/\/espiritodacomporta.com\/app\/uploads\/2024\/12\/wineAThome.png\",\"contentUrl\":\"https:\/\/espiritodacomporta.com\/app\/uploads\/2024\/12\/wineAThome.png\",\"width\":780,\"height\":888,\"caption\":\"wineAThome\"},{\"@type\":\"BreadcrumbList\",\"@id\":\"https:\/\/espiritodacomporta.com\/pt-pt\/o-que-fazer-quando-chove-na-comporta\/#breadcrumb\",\"itemListElement\":[{\"@type\":\"ListItem\",\"position\":1,\"name\":\"Home\",\"item\":\"https:\/\/espiritodacomporta.com\/pt-pt\/\"},{\"@type\":\"ListItem\",\"position\":2,\"name\":\"Descubra a Comporta\",\"item\":\"https:\/\/espiritodacomporta.com\/pt-pt\/category\/descubra-a-comporta\/\"},{\"@type\":\"ListItem\",\"position\":3,\"name\":\"Liberte a sua mente e o seu corpo\",\"item\":\"https:\/\/espiritodacomporta.com\/pt-pt\/category\/descubra-a-comporta\/liberte-a-sua-mente-e-o-seu-corpo\/\"},{\"@type\":\"ListItem\",\"position\":4,\"name\":\"O que fazer quando chove na comporta?\"}]},{\"@type\":\"WebSite\",\"@id\":\"https:\/\/espiritodacomporta.com\/pt-pt\/#website\",\"url\":\"https:\/\/espiritodacomporta.com\/pt-pt\/\",\"name\":\"Live & Feel Comporta Portugal\",\"description\":\"\",\"publisher\":{\"@id\":\"https:\/\/espiritodacomporta.com\/pt-pt\/#organization\"},\"potentialAction\":[{\"@type\":\"SearchAction\",\"target\":{\"@type\":\"EntryPoint\",\"urlTemplate\":\"https:\/\/espiritodacomporta.com\/pt-pt\/?s={search_term_string}\"},\"query-input\":{\"@type\":\"PropertyValueSpecification\",\"valueRequired\":true,\"valueName\":\"search_term_string\"}}],\"inLanguage\":\"pt-PT\"},{\"@type\":\"Organization\",\"@id\":\"https:\/\/espiritodacomporta.com\/pt-pt\/#organization\",\"name\":\"Espirito da Comporta\",\"url\":\"https:\/\/espiritodacomporta.com\/pt-pt\/\",\"logo\":{\"@type\":\"ImageObject\",\"inLanguage\":\"pt-PT\",\"@id\":\"https:\/\/espiritodacomporta.com\/pt-pt\/#\/schema\/logo\/image\/\",\"url\":\"https:\/\/espiritodacomporta.com\/app\/uploads\/2023\/09\/LOGO-SIGNATURE@4x.png\",\"contentUrl\":\"https:\/\/espiritodacomporta.com\/app\/uploads\/2023\/09\/LOGO-SIGNATURE@4x.png\",\"width\":321,\"height\":385,\"caption\":\"Espirito da Comporta\"},\"image\":{\"@id\":\"https:\/\/espiritodacomporta.com\/pt-pt\/#\/schema\/logo\/image\/\"},\"sameAs\":[\"https:\/\/www.instagram.com\/almadacomporta\/\"]},{\"@type\":\"Person\",\"@id\":\"https:\/\/espiritodacomporta.com\/pt-pt\/#\/schema\/person\/c76d29ce59d104bde14812d3465de878\",\"name\":\"Info\",\"image\":{\"@type\":\"ImageObject\",\"inLanguage\":\"pt-PT\",\"@id\":\"https:\/\/secure.gravatar.com\/avatar\/dee735d7b19944762d18cdf00966586c0ffcea9da4d03f8be9d25dcff9972207?s=96&d=mm&r=g\",\"url\":\"https:\/\/secure.gravatar.com\/avatar\/dee735d7b19944762d18cdf00966586c0ffcea9da4d03f8be9d25dcff9972207?s=96&d=mm&r=g\",\"contentUrl\":\"https:\/\/secure.gravatar.com\/avatar\/dee735d7b19944762d18cdf00966586c0ffcea9da4d03f8be9d25dcff9972207?s=96&d=mm&r=g\",\"caption\":\"Info\"}}]}<\/script>\n<!-- \/ Yoast SEO Premium plugin. -->","yoast_head_json":{"title":"O que fazer quando chove na comporta?","description":"A regi\u00e3o \u00e9 ensolarada todo o ano mas existem sempre alguns dias de chuva, no inverno. Saiba o que pode fazer nesses dias!","robots":{"index":"index","follow":"follow","max-snippet":"max-snippet:-1","max-image-preview":"max-image-preview:large","max-video-preview":"max-video-preview:-1"},"canonical":"https:\/\/espiritodacomporta.com\/pt-pt\/o-que-fazer-quando-chove-na-comporta\/","og_locale":"pt_PT","og_type":"article","og_title":"O que fazer quando chove na comporta?","og_description":"A regi\u00e3o \u00e9 ensolarada todo o ano mas existem sempre alguns dias de chuva, no inverno. Saiba o que pode fazer nesses dias!","og_url":"https:\/\/espiritodacomporta.com\/pt-pt\/o-que-fazer-quando-chove-na-comporta\/","og_site_name":"Live &amp; Feel Comporta Portugal","article_published_time":"2024-12-14T10:15:00+00:00","article_modified_time":"2025-01-14T11:52:55+00:00","og_image":[{"width":780,"height":888,"url":"https:\/\/espiritodacomporta.com\/app\/uploads\/2024\/12\/wineAThome.png","type":"image\/png"}],"author":"Info","twitter_card":"summary_large_image","twitter_misc":{"Written by":"Info","Est. reading time":"1 minute"},"schema":{"@context":"https:\/\/schema.org","@graph":[{"@type":"Article","@id":"https:\/\/espiritodacomporta.com\/pt-pt\/o-que-fazer-quando-chove-na-comporta\/#article","isPartOf":{"@id":"https:\/\/espiritodacomporta.com\/pt-pt\/o-que-fazer-quando-chove-na-comporta\/"},"author":{"name":"Info","@id":"https:\/\/espiritodacomporta.com\/pt-pt\/#\/schema\/person\/c76d29ce59d104bde14812d3465de878"},"headline":"O que fazer quando chove na comporta?","datePublished":"2024-12-14T10:15:00+00:00","dateModified":"2025-01-14T11:52:55+00:00","mainEntityOfPage":{"@id":"https:\/\/espiritodacomporta.com\/pt-pt\/o-que-fazer-quando-chove-na-comporta\/"},"wordCount":105,"commentCount":0,"publisher":{"@id":"https:\/\/espiritodacomporta.com\/pt-pt\/#organization"},"image":{"@id":"https:\/\/espiritodacomporta.com\/pt-pt\/o-que-fazer-quando-chove-na-comporta\/#primaryimage"},"thumbnailUrl":"https:\/\/espiritodacomporta.com\/app\/uploads\/2024\/12\/wineAThome.png","articleSection":["Comer e beber","Sinta a natureza","Liberte a sua mente e o seu corpo"],"inLanguage":"pt-PT","potentialAction":[{"@type":"CommentAction","name":"Comment","target":["https:\/\/espiritodacomporta.com\/pt-pt\/o-que-fazer-quando-chove-na-comporta\/#respond"]}]},{"@type":"WebPage","@id":"https:\/\/espiritodacomporta.com\/pt-pt\/o-que-fazer-quando-chove-na-comporta\/","url":"https:\/\/espiritodacomporta.com\/pt-pt\/o-que-fazer-quando-chove-na-comporta\/","name":"O que fazer quando chove na comporta?","isPartOf":{"@id":"https:\/\/espiritodacomporta.com\/pt-pt\/#website"},"primaryImageOfPage":{"@id":"https:\/\/espiritodacomporta.com\/pt-pt\/o-que-fazer-quando-chove-na-comporta\/#primaryimage"},"image":{"@id":"https:\/\/espiritodacomporta.com\/pt-pt\/o-que-fazer-quando-chove-na-comporta\/#primaryimage"},"thumbnailUrl":"https:\/\/espiritodacomporta.com\/app\/uploads\/2024\/12\/wineAThome.png","datePublished":"2024-12-14T10:15:00+00:00","dateModified":"2025-01-14T11:52:55+00:00","description":"A regi\u00e3o \u00e9 ensolarada todo o ano mas existem sempre alguns dias de chuva, no inverno. Saiba o que pode fazer nesses dias!","breadcrumb":{"@id":"https:\/\/espiritodacomporta.com\/pt-pt\/o-que-fazer-quando-chove-na-comporta\/#breadcrumb"},"inLanguage":"pt-PT","potentialAction":[{"@type":"ReadAction","target":["https:\/\/espiritodacomporta.com\/pt-pt\/o-que-fazer-quando-chove-na-comporta\/"]}]},{"@type":"ImageObject","inLanguage":"pt-PT","@id":"https:\/\/espiritodacomporta.com\/pt-pt\/o-que-fazer-quando-chove-na-comporta\/#primaryimage","url":"https:\/\/espiritodacomporta.com\/app\/uploads\/2024\/12\/wineAThome.png","contentUrl":"https:\/\/espiritodacomporta.com\/app\/uploads\/2024\/12\/wineAThome.png","width":780,"height":888,"caption":"wineAThome"},{"@type":"BreadcrumbList","@id":"https:\/\/espiritodacomporta.com\/pt-pt\/o-que-fazer-quando-chove-na-comporta\/#breadcrumb","itemListElement":[{"@type":"ListItem","position":1,"name":"Home","item":"https:\/\/espiritodacomporta.com\/pt-pt\/"},{"@type":"ListItem","position":2,"name":"Descubra a Comporta","item":"https:\/\/espiritodacomporta.com\/pt-pt\/category\/descubra-a-comporta\/"},{"@type":"ListItem","position":3,"name":"Liberte a sua mente e o seu corpo","item":"https:\/\/espiritodacomporta.com\/pt-pt\/category\/descubra-a-comporta\/liberte-a-sua-mente-e-o-seu-corpo\/"},{"@type":"ListItem","position":4,"name":"O que fazer quando chove na comporta?"}]},{"@type":"WebSite","@id":"https:\/\/espiritodacomporta.com\/pt-pt\/#website","url":"https:\/\/espiritodacomporta.com\/pt-pt\/","name":"Live & Feel Comporta Portugal","description":"","publisher":{"@id":"https:\/\/espiritodacomporta.com\/pt-pt\/#organization"},"potentialAction":[{"@type":"SearchAction","target":{"@type":"EntryPoint","urlTemplate":"https:\/\/espiritodacomporta.com\/pt-pt\/?s={search_term_string}"},"query-input":{"@type":"PropertyValueSpecification","valueRequired":true,"valueName":"search_term_string"}}],"inLanguage":"pt-PT"},{"@type":"Organization","@id":"https:\/\/espiritodacomporta.com\/pt-pt\/#organization","name":"Espirito da Comporta","url":"https:\/\/espiritodacomporta.com\/pt-pt\/","logo":{"@type":"ImageObject","inLanguage":"pt-PT","@id":"https:\/\/espiritodacomporta.com\/pt-pt\/#\/schema\/logo\/image\/","url":"https:\/\/espiritodacomporta.com\/app\/uploads\/2023\/09\/LOGO-SIGNATURE@4x.png","contentUrl":"https:\/\/espiritodacomporta.com\/app\/uploads\/2023\/09\/LOGO-SIGNATURE@4x.png","width":321,"height":385,"caption":"Espirito da Comporta"},"image":{"@id":"https:\/\/espiritodacomporta.com\/pt-pt\/#\/schema\/logo\/image\/"},"sameAs":["https:\/\/www.instagram.com\/almadacomporta\/"]},{"@type":"Person","@id":"https:\/\/espiritodacomporta.com\/pt-pt\/#\/schema\/person\/c76d29ce59d104bde14812d3465de878","name":"Info","image":{"@type":"ImageObject","inLanguage":"pt-PT","@id":"https:\/\/secure.gravatar.com\/avatar\/dee735d7b19944762d18cdf00966586c0ffcea9da4d03f8be9d25dcff9972207?s=96&d=mm&r=g","url":"https:\/\/secure.gravatar.com\/avatar\/dee735d7b19944762d18cdf00966586c0ffcea9da4d03f8be9d25dcff9972207?s=96&d=mm&r=g","contentUrl":"https:\/\/secure.gravatar.com\/avatar\/dee735d7b19944762d18cdf00966586c0ffcea9da4d03f8be9d25dcff9972207?s=96&d=mm&r=g","caption":"Info"}}]}},"jetpack_featured_media_url":"https:\/\/espiritodacomporta.com\/app\/uploads\/2024\/12\/wineAThome.png","_links":{"self":[{"href":"https:\/\/espiritodacomporta.com\/pt-pt\/wp-json\/wp\/v2\/posts\/78887","targetHints":{"allow":["GET"]}}],"collection":[{"href":"https:\/\/espiritodacomporta.com\/pt-pt\/wp-json\/wp\/v2\/posts"}],"about":[{"href":"https:\/\/espiritodacomporta.com\/pt-pt\/wp-json\/wp\/v2\/types\/post"}],"author":[{"embeddable":true,"href":"https:\/\/espiritodacomporta.com\/pt-pt\/wp-json\/wp\/v2\/users\/7"}],"replies":[{"embeddable":true,"href":"https:\/\/espiritodacomporta.com\/pt-pt\/wp-json\/wp\/v2\/comments?post=78887"}],"version-history":[{"count":0,"href":"https:\/\/espiritodacomporta.com\/pt-pt\/wp-json\/wp\/v2\/posts\/78887\/revisions"}],"wp:featuredmedia":[{"embeddable":true,"href":"https:\/\/espiritodacomporta.com\/pt-pt\/wp-json\/wp\/v2\/media\/78485"}],"wp:attachment":[{"href":"https:\/\/espiritodacomporta.com\/pt-pt\/wp-json\/wp\/v2\/media?parent=78887"}],"wp:term":[{"taxonomy":"category","embeddable":true,"href":"https:\/\/espiritodacomporta.com\/pt-pt\/wp-json\/wp\/v2\/categories?post=78887"},{"taxonomy":"post_tag","embeddable":true,"href":"https:\/\/espiritodacomporta.com\/pt-pt\/wp-json\/wp\/v2\/tags?post=78887"}],"curies":[{"name":"wp","href":"https:\/\/api.w.org\/{rel}","templated":true}]}}