{"id":98854,"date":"2026-02-06T12:33:37","date_gmt":"2026-02-06T10:33:37","guid":{"rendered":"https:\/\/espiritodacomporta.com\/10-coisas-mais-importantes-para-fazer-em-comporta\/"},"modified":"2026-02-06T12:33:38","modified_gmt":"2026-02-06T10:33:38","slug":"10-coisas-mais-importantes-para-fazer-em-comporta","status":"publish","type":"post","link":"https:\/\/espiritodacomporta.com\/pt-pt\/10-coisas-mais-importantes-para-fazer-em-comporta\/","title":{"rendered":"10 Coisas mais importantes para fazer em comporta"},"content":{"rendered":"\n<p class=\"is-style-text-intro\"><a href=\"https:\/\/espiritodacomporta.com\/pt-pt\/\">A Comporta <\/a>\u00e9 um local que desperta cada vez mais a curiosidade dos turistas, principalmente dos europeus.\u00c9 um aut\u00eantico retiro onde a paz e a harmonia s\u00e3o predominantes e viver uns dias de f\u00e9rias rodeado de uma natureza exuberante \u00e9 algo que faz com que muitos repitam esta experi\u00eancia. Para al\u00e9m das praias, das actividades, das feiras e da diversificada gastronomia que se pode encontrar na regi\u00e3o, deixamos-lhe a nossa opini\u00e3o 10 coisas top para fazer na comporta.   <\/p>\n\n<div class=\"wp-block-columns is-layout-flex wp-container-core-columns-is-layout-9d6595d7 wp-block-columns-is-layout-flex\">\n<div class=\"wp-block-column is-layout-flow wp-block-column-is-layout-flow\">\n<h2 class=\"wp-block-heading is-style-big-title\" id=\"h-what-to-do-in-comporta\"><strong>O que fazer na Comporta<\/strong><\/h2>\n<\/div>\n<\/div>\n\n<h2 class=\"wp-block-heading\" id=\"h-\"><\/h2>\n\n<ul class=\"wp-block-list\">\n<li><a href=\"#top-things-boat-ride\">Passeio de barco no rio Sado<\/a><\/li>\n\n\n\n<li><a href=\"#top-things-exploring\">Explorar e relaxar nas praias com estilo<\/a><\/li>\n\n\n\n<li> <a href=\"#top-things-horse-riding\">Passeios a cavalo na praia<\/a><\/li>\n\n\n\n<li><a href=\"#top-things-cycling\">Andar de bicicleta nos arrozais<\/a><\/li>\n\n\n\n<li><a href=\"#top-things-surf\">Surf na Comporta<\/a><\/li>\n\n\n\n<li><a href=\"#top-things-paddle\">Reme na lagoa de Melides<\/a><\/li>\n\n\n\n<li><a href=\"#top-things-sleeping\">Dormir numa propriedade aut\u00eantica<\/a><\/li>\n\n\n\n<li><a href=\"#top-things-sunset\">P\u00f4r do sol na Comporta<\/a><\/li>\n\n\n\n<li><a href=\"#top-things-wine\">Prove os vinhos da regi\u00e3o<\/a><\/li>\n\n\n\n<li><a href=\"#top-things-gastronomy\">Experimente a rica gastronomia<\/a><\/li>\n<\/ul>\n<section class=\"homeblocks   \">\n    <section class=\"homeblocks-image \">\n                  <!-- <img decoding=\"async\" src=\"https:\/\/espiritodacomporta.com\/app\/uploads\/2023\/04\/2022-09-03-12.54.49-_1_-scaled.webp\" alt=\"\"> -->\n          <img decoding=\"async\" width=\"2560\" height=\"1920\" src=\"https:\/\/espiritodacomporta.com\/app\/uploads\/2023\/04\/2022-09-03-12.54.49-_1_-scaled.webp\" class=\"attachment-full size-full\" alt=\"\" loading=\"lazy\" srcset=\"https:\/\/espiritodacomporta.com\/app\/uploads\/2023\/04\/2022-09-03-12.54.49-_1_-scaled.webp 2560w, https:\/\/espiritodacomporta.com\/app\/uploads\/2023\/04\/2022-09-03-12.54.49-_1_-300x225.webp 300w, https:\/\/espiritodacomporta.com\/app\/uploads\/2023\/04\/2022-09-03-12.54.49-_1_-1024x768.webp 1024w, https:\/\/espiritodacomporta.com\/app\/uploads\/2023\/04\/2022-09-03-12.54.49-_1_-768x576.webp 768w, https:\/\/espiritodacomporta.com\/app\/uploads\/2023\/04\/2022-09-03-12.54.49-_1_-1536x1152.webp 1536w, https:\/\/espiritodacomporta.com\/app\/uploads\/2023\/04\/2022-09-03-12.54.49-_1_-2048x1536.webp 2048w\" sizes=\"auto, (max-width: 2560px) 100vw, 2560px\" data-attachment-id=\"72043\" data-permalink=\"https:\/\/espiritodacomporta.com\/pt-pt\/passeio-barco-comporta\/2022-09-03-12-54-49-_1_\/\" data-orig-file=\"https:\/\/espiritodacomporta.com\/app\/uploads\/2023\/04\/2022-09-03-12.54.49-_1_-scaled.webp\" data-orig-size=\"2560,1920\" data-comments-opened=\"0\" data-image-meta=\"{&quot;aperture&quot;:&quot;0&quot;,&quot;credit&quot;:&quot;&quot;,&quot;camera&quot;:&quot;&quot;,&quot;caption&quot;:&quot;&quot;,&quot;created_timestamp&quot;:&quot;0&quot;,&quot;copyright&quot;:&quot;&quot;,&quot;focal_length&quot;:&quot;0&quot;,&quot;iso&quot;:&quot;0&quot;,&quot;shutter_speed&quot;:&quot;0&quot;,&quot;title&quot;:&quot;&quot;,&quot;orientation&quot;:&quot;0&quot;}\" data-image-title=\"arrabida-setubal\" data-image-description=\"\" data-image-caption=\"\" data-medium-file=\"https:\/\/espiritodacomporta.com\/app\/uploads\/2023\/04\/2022-09-03-12.54.49-_1_-300x225.webp\" data-large-file=\"https:\/\/espiritodacomporta.com\/app\/uploads\/2023\/04\/2022-09-03-12.54.49-_1_-1024x768.webp\" \/>\n            <\/section>\n    <section class=\"homeblocks-content\">\n        <div class=\"homeblocks-content-inside\">\n            <h2 style=\"text-align: left;\"><strong>Passeio de barco no rio Sado<\/strong><\/h2>\n<p><!-- wp:paragraph --><\/p>\n<p id=\"top-things-boat-ride\" style=\"text-align: left;\">As <a href=\"https:\/\/espiritodacomporta.com\/sea-activities-comporta\/\">actividades mar\u00edtimas na Comporta<\/a> s\u00e3o uma das actividades mais procuradas. Ter a oportunidade de passear de barco com a sua fam\u00edlia e amigos n\u00e3o tem pre\u00e7o. O rio Sado, um dos maiores do pa\u00eds, nasce a 230m de altura, na Serra da Vigia e percorre 180 quil\u00f3metros at\u00e9 desaguar no Oceano Atl\u00e2ntico, perto de Set\u00fabal. As paisagens s\u00e3o de cortar a respira\u00e7\u00e3o. \u00c9 tamb\u00e9m neste rio que se encontram as tr\u00eas \u00fanicas comunidades sedent\u00e1rias de golfinhos de toda a Europa, o que torna este passeio ainda mais especial. A partir de Troia existe a possibilidade de percorrer o Rio Sado e consequentemente parar no Oceano Atl\u00e2ntico se o objetivo for dar um mergulho e tamb\u00e9m ir at\u00e9 Sesimbra. Outro local com praias de \u00e1guas cristalinas (mas mais frias) mas que tornar\u00e3o o seu dia inesquec\u00edvel.      <\/p>\n<p><!-- \/wp:paragraph --><\/p>\n\n\n            \n                    <\/div>\n    <\/section>\n<\/section>\n\n<h3 class=\"wp-block-heading\" id=\"h-\"><\/h3>\n\n<p id=\"top-things-boat-ride\"><\/p>\n<section class=\"homeblocks   \">\n    <section class=\"homeblocks-image  homeblocks-right \">\n                  <!-- <img decoding=\"async\" src=\"https:\/\/espiritodacomporta.com\/app\/uploads\/2023\/04\/Espirito2-83-_1_-scaled.webp\" alt=\"\"> -->\n          <img decoding=\"async\" width=\"2560\" height=\"1707\" src=\"https:\/\/espiritodacomporta.com\/app\/uploads\/2023\/04\/Espirito2-83-_1_-scaled.webp\" class=\"attachment-full size-full\" alt=\"\" loading=\"lazy\" srcset=\"https:\/\/espiritodacomporta.com\/app\/uploads\/2023\/04\/Espirito2-83-_1_-scaled.webp 2560w, https:\/\/espiritodacomporta.com\/app\/uploads\/2023\/04\/Espirito2-83-_1_-300x200.webp 300w, https:\/\/espiritodacomporta.com\/app\/uploads\/2023\/04\/Espirito2-83-_1_-1024x683.webp 1024w, https:\/\/espiritodacomporta.com\/app\/uploads\/2023\/04\/Espirito2-83-_1_-768x512.webp 768w, https:\/\/espiritodacomporta.com\/app\/uploads\/2023\/04\/Espirito2-83-_1_-1536x1024.webp 1536w, https:\/\/espiritodacomporta.com\/app\/uploads\/2023\/04\/Espirito2-83-_1_-2048x1365.webp 2048w\" sizes=\"auto, (max-width: 2560px) 100vw, 2560px\" data-attachment-id=\"72044\" data-permalink=\"https:\/\/espiritodacomporta.com\/pt-pt\/passeio-barco-comporta\/alma2-83-_1_\/\" data-orig-file=\"https:\/\/espiritodacomporta.com\/app\/uploads\/2023\/04\/Espirito2-83-_1_-scaled.webp\" data-orig-size=\"2560,1707\" data-comments-opened=\"0\" data-image-meta=\"{&quot;aperture&quot;:&quot;0&quot;,&quot;credit&quot;:&quot;&quot;,&quot;camera&quot;:&quot;&quot;,&quot;caption&quot;:&quot;&quot;,&quot;created_timestamp&quot;:&quot;0&quot;,&quot;copyright&quot;:&quot;&quot;,&quot;focal_length&quot;:&quot;0&quot;,&quot;iso&quot;:&quot;0&quot;,&quot;shutter_speed&quot;:&quot;0&quot;,&quot;title&quot;:&quot;&quot;,&quot;orientation&quot;:&quot;0&quot;}\" data-image-title=\"Land-rover-comporta\" data-image-description=\"\" data-image-caption=\"\" data-medium-file=\"https:\/\/espiritodacomporta.com\/app\/uploads\/2023\/04\/Espirito2-83-_1_-300x200.webp\" data-large-file=\"https:\/\/espiritodacomporta.com\/app\/uploads\/2023\/04\/Espirito2-83-_1_-1024x683.webp\" \/>\n            <\/section>\n    <section class=\"homeblocks-content\">\n        <div class=\"homeblocks-content-inside\">\n            <h2 style=\"text-align: left;\"><strong>Explorar e relaxar nas praias com estilo<\/strong><\/h2>\n<p style=\"text-align: left;\">Quem conhece a regi\u00e3o da comporta, sabe o quanto \u00e9 importante ter um carro para explorar tudo o que ela tem para oferecer. Nada melhor do que um carro que atravessa dunas e torna os seus dias mais aventureiros. \u00c9 bastante comum ver este tipo de ve\u00edculo na comporta e \u00e9 muito procurado por quem gosta de adrenalina sobre quatro rodas. Embarque numa viagem de Land Rover pelas encantadoras dunas da Comporta. A natureza revela uma tape\u00e7aria hipnotizante de areias douradas, ondas ondulantes e beleza indom\u00e1vel. O fasc\u00ednio costeiro de Portugal, visto a partir do abra\u00e7o robusto de um Land Rover, pinta um retrato v\u00edvido de aventura e descoberta. Existem agora outros meios como os buggies ou os quadriciclos. A divers\u00e3o \u00e9 certa! Conhe\u00e7a algumas <a href=\"https:\/\/espiritodacomporta.com\/comporta-most-beautiful-beaches\/\">praias da Comporta, os locais mais bonitos <\/a>para os seus dias de f\u00e9rias.        <\/p>\n\n\n            \n                    <\/div>\n    <\/section>\n<\/section>\n\n<p><\/p>\n\n<h3 class=\"wp-block-heading\" id=\"top-things-exploring\"><\/h3>\n\n<p><\/p>\n<section class=\"homeblocks   \">\n    <section class=\"homeblocks-image \">\n                  <!-- <img decoding=\"async\" src=\"https:\/\/espiritodacomporta.com\/app\/uploads\/2023\/04\/horse_riding.webp\" alt=\"horse_riding\"> -->\n          <img decoding=\"async\" width=\"2256\" height=\"1500\" src=\"https:\/\/espiritodacomporta.com\/app\/uploads\/2023\/04\/horse_riding.webp\" class=\"attachment-full size-full\" alt=\"horse_riding\" loading=\"lazy\" srcset=\"https:\/\/espiritodacomporta.com\/app\/uploads\/2023\/04\/horse_riding.webp 2256w, https:\/\/espiritodacomporta.com\/app\/uploads\/2023\/04\/horse_riding-300x199.webp 300w, https:\/\/espiritodacomporta.com\/app\/uploads\/2023\/04\/horse_riding-768x511.webp 768w, https:\/\/espiritodacomporta.com\/app\/uploads\/2023\/04\/horse_riding-1024x681.webp 1024w, https:\/\/espiritodacomporta.com\/app\/uploads\/2023\/04\/horse_riding-1536x1021.webp 1536w, https:\/\/espiritodacomporta.com\/app\/uploads\/2023\/04\/horse_riding-2048x1362.webp 2048w\" sizes=\"auto, (max-width: 2256px) 100vw, 2256px\" data-attachment-id=\"99618\" data-permalink=\"https:\/\/espiritodacomporta.com\/pt-pt\/passeios-a-cavalo-na-comporta\/horse_riding-2\/\" data-orig-file=\"https:\/\/espiritodacomporta.com\/app\/uploads\/2023\/04\/horse_riding.webp\" data-orig-size=\"2256,1500\" data-comments-opened=\"0\" data-image-meta=\"{&quot;aperture&quot;:&quot;0&quot;,&quot;credit&quot;:&quot;&quot;,&quot;camera&quot;:&quot;&quot;,&quot;caption&quot;:&quot;&quot;,&quot;created_timestamp&quot;:&quot;0&quot;,&quot;copyright&quot;:&quot;&quot;,&quot;focal_length&quot;:&quot;0&quot;,&quot;iso&quot;:&quot;0&quot;,&quot;shutter_speed&quot;:&quot;0&quot;,&quot;title&quot;:&quot;&quot;,&quot;orientation&quot;:&quot;0&quot;}\" data-image-title=\"horse_riding\" data-image-description=\"\" data-image-caption=\"\" data-medium-file=\"https:\/\/espiritodacomporta.com\/app\/uploads\/2023\/04\/horse_riding-300x199.webp\" data-large-file=\"https:\/\/espiritodacomporta.com\/app\/uploads\/2023\/04\/horse_riding-1024x681.webp\" \/>\n            <\/section>\n    <section class=\"homeblocks-content\">\n        <div class=\"homeblocks-content-inside\">\n            <h2 id=\"top-things-horse-riding\" class=\"wp-block-heading inside-title\" style=\"text-align: left;\"><strong>Passeios a cavalo na praia<\/strong><\/h2>\n<p style=\"text-align: left;\">I<!-- wp:paragraph -->figuras de renome internacional t\u00eam feito desta atividade uma das mais requisitadas com a sua divulga\u00e7\u00e3o nas redes sociais.\u00c9 de facto uma atividade que pode ser feita em qualquer altura do ano. Se gosta de andar a cavalo, imagine faz\u00ea-lo numa praia ou no meio de arrozais ou em qualquer outro cen\u00e1rio id\u00edlico que a Comporta e a regi\u00e3o oferecem. Por isso, esta \u00e9 uma das 10 melhores coisas para fazer na Comporta. A cavalo, percorra as praias imaculadas da Comporta, sentindo a cad\u00eancia r\u00edtmica dos cascos dentro das areias suaves. A natureza revela os seus segredos e t\u00e9cnicas \u00e0 medida que viaja ao longo do para\u00edso costeiro de Portugal, onde as ondas fazem serenatas e as dunas sussurram mem\u00f3rias de esplendor selvagem sob o c\u00e9u iluminado pelo sol.    <\/p>\n<p><!-- \/wp:paragraph --><\/p>\n\n\n            \n                    <\/div>\n    <\/section>\n<\/section>\n<section class=\"homeblocks   \">\n    <section class=\"homeblocks-image  homeblocks-right \">\n                  <!-- <img decoding=\"async\" src=\"https:\/\/espiritodacomporta.com\/app\/uploads\/2022\/08\/bike-rice-fields.webp\" alt=\"bike-rice-fields\"> -->\n          <img decoding=\"async\" width=\"1030\" height=\"773\" src=\"https:\/\/espiritodacomporta.com\/app\/uploads\/2022\/08\/bike-rice-fields.webp\" class=\"attachment-full size-full\" alt=\"bike-rice-fields\" loading=\"lazy\" srcset=\"https:\/\/espiritodacomporta.com\/app\/uploads\/2022\/08\/bike-rice-fields.webp 1030w, https:\/\/espiritodacomporta.com\/app\/uploads\/2022\/08\/bike-rice-fields-300x225.webp 300w, https:\/\/espiritodacomporta.com\/app\/uploads\/2022\/08\/bike-rice-fields-1024x768.webp 1024w, https:\/\/espiritodacomporta.com\/app\/uploads\/2022\/08\/bike-rice-fields-768x576.webp 768w\" sizes=\"auto, (max-width: 1030px) 100vw, 1030px\" data-attachment-id=\"98855\" data-permalink=\"https:\/\/espiritodacomporta.com\/pt-pt\/10-coisas-mais-importantes-para-fazer-em-comporta\/bike-rice-fields-2\/\" data-orig-file=\"https:\/\/espiritodacomporta.com\/app\/uploads\/2022\/08\/bike-rice-fields.webp\" data-orig-size=\"1030,773\" data-comments-opened=\"0\" data-image-meta=\"{&quot;aperture&quot;:&quot;0&quot;,&quot;credit&quot;:&quot;&quot;,&quot;camera&quot;:&quot;&quot;,&quot;caption&quot;:&quot;&quot;,&quot;created_timestamp&quot;:&quot;0&quot;,&quot;copyright&quot;:&quot;&quot;,&quot;focal_length&quot;:&quot;0&quot;,&quot;iso&quot;:&quot;0&quot;,&quot;shutter_speed&quot;:&quot;0&quot;,&quot;title&quot;:&quot;&quot;,&quot;orientation&quot;:&quot;0&quot;}\" data-image-title=\"bike-rice-fields\" data-image-description=\"\" data-image-caption=\"\" data-medium-file=\"https:\/\/espiritodacomporta.com\/app\/uploads\/2022\/08\/bike-rice-fields-300x225.webp\" data-large-file=\"https:\/\/espiritodacomporta.com\/app\/uploads\/2022\/08\/bike-rice-fields-1024x768.webp\" \/>\n            <\/section>\n    <section class=\"homeblocks-content\">\n        <div class=\"homeblocks-content-inside\">\n            <p><!-- wp:heading {\"level\":3} --><\/p>\n<h2 id=\"top-things-horse-riding\" class=\"wp-block-heading\" style=\"text-align: left;\"><strong>Andar de bicicleta nos arrozais<\/strong><\/h2>\n<p><!-- \/wp:heading --> <!-- wp:paragraph --><\/p>\n<p style=\"text-align: left;\">Esta pode ser a atividade mais simples da lista devido \u00e0 sua facilidade e acredite: \u00e9 \u00fanica. Assim como \u00e9 poss\u00edvel fazer a cavalo, a bicicleta \u00e9 uma excelente op\u00e7\u00e3o. \u00c9 poss\u00edvel fazer este passeio durante todo o ano e dependendo da \u00e9poca podemos deparar-nos com flamingos. Sim, flamingos! A imagem \u00e9 inesquec\u00edvel. Os arrozais est\u00e3o espalhados por toda a regi\u00e3o e alguns deles s\u00e3o cortadores de mato para chegar ao topo de magn\u00edficas vistas para a praia.Pedale pelos verdejantes arrozais da Comporta numa bicicleta, em que o suave farfalhar das folhas e o perfume da natureza em flor o rodeiam. A atra\u00e7\u00e3o rural da Comporta \u00e9 famosa por si s\u00f3, proporcionando-lhe uma aventura tranquila atrav\u00e9s do panorama pitoresco dos campos e da beleza intocada.      <\/p>\n<p><!-- \/wp:heading --><\/p>\n<p><!-- \/wp:paragraph --><\/p>\n\n\n            \n                    <\/div>\n    <\/section>\n<\/section>\n\n<h3 class=\"wp-block-heading\" id=\"top-things-horse-riding\"><\/h3>\n<section class=\"homeblocks   \">\n    <section class=\"homeblocks-image \">\n                  <!-- <img decoding=\"async\" src=\"https:\/\/espiritodacomporta.com\/app\/uploads\/2019\/03\/407f8e_382f2b8b57084847bb57260e7ea714bdmv2.webp\" alt=\"surf-in-Portugal\"> -->\n          <img decoding=\"async\" width=\"1114\" height=\"848\" src=\"https:\/\/espiritodacomporta.com\/app\/uploads\/2019\/03\/407f8e_382f2b8b57084847bb57260e7ea714bdmv2.webp\" class=\"attachment-full size-full\" alt=\"surf-in-Portugal\" loading=\"lazy\" srcset=\"https:\/\/espiritodacomporta.com\/app\/uploads\/2019\/03\/407f8e_382f2b8b57084847bb57260e7ea714bdmv2.webp 1114w, https:\/\/espiritodacomporta.com\/app\/uploads\/2019\/03\/407f8e_382f2b8b57084847bb57260e7ea714bdmv2-300x228.webp 300w, https:\/\/espiritodacomporta.com\/app\/uploads\/2019\/03\/407f8e_382f2b8b57084847bb57260e7ea714bdmv2-1024x779.webp 1024w, https:\/\/espiritodacomporta.com\/app\/uploads\/2019\/03\/407f8e_382f2b8b57084847bb57260e7ea714bdmv2-768x585.webp 768w\" sizes=\"auto, (max-width: 1114px) 100vw, 1114px\" data-attachment-id=\"99213\" data-permalink=\"https:\/\/espiritodacomporta.com\/pt-pt\/surf-na-comporta-portugal\/407f8e_382f2b8b57084847bb57260e7ea714bdmv2-2\/\" data-orig-file=\"https:\/\/espiritodacomporta.com\/app\/uploads\/2019\/03\/407f8e_382f2b8b57084847bb57260e7ea714bdmv2.webp\" data-orig-size=\"1114,848\" data-comments-opened=\"0\" data-image-meta=\"{&quot;aperture&quot;:&quot;0&quot;,&quot;credit&quot;:&quot;&quot;,&quot;camera&quot;:&quot;&quot;,&quot;caption&quot;:&quot;&quot;,&quot;created_timestamp&quot;:&quot;0&quot;,&quot;copyright&quot;:&quot;&quot;,&quot;focal_length&quot;:&quot;0&quot;,&quot;iso&quot;:&quot;0&quot;,&quot;shutter_speed&quot;:&quot;0&quot;,&quot;title&quot;:&quot;&quot;,&quot;orientation&quot;:&quot;0&quot;}\" data-image-title=\"surf in Portugal\" data-image-description=\"\" data-image-caption=\"\" data-medium-file=\"https:\/\/espiritodacomporta.com\/app\/uploads\/2019\/03\/407f8e_382f2b8b57084847bb57260e7ea714bdmv2-300x228.webp\" data-large-file=\"https:\/\/espiritodacomporta.com\/app\/uploads\/2019\/03\/407f8e_382f2b8b57084847bb57260e7ea714bdmv2-1024x779.webp\" \/>\n            <\/section>\n    <section class=\"homeblocks-content\">\n        <div class=\"homeblocks-content-inside\">\n            <p><!-- wp:paragraph --><\/p>\n<h2 style=\"text-align: left;\"><strong>Surf na Comporta<\/strong><\/h2>\n<p style=\"text-align: left;\"><!-- \/wp:paragraph --> <!-- wp:paragraph --><\/p>\n<p style=\"text-align: left;\">As ondas n\u00e3o s\u00e3o muito grandes e apenas algumas praias t\u00eam escolas de surf &#8211; o que se torna um \u00f3timo motivo para experimentar pela primeira vez ou para quem gosta de praticar esta atividade de forma moderna. Para mi\u00fados e gra\u00fados. As escolas tamb\u00e9m alugam equipamento para aqueles que querem ser mais aut\u00f3nomos. Aproveite e passe um dia das suas f\u00e9rias na praia a praticar um dos desportos mais famosos do mundo com as \u00e1guas cristalinas que a regi\u00e3o apresenta. Mergulhe na cultura do surf da Comporta, onde as ondas do Atl\u00e2ntico o convidam. Deslize por \u00e1guas azuis, sentindo o pulsar estimulante da costa portuguesa. Na Comporta, o surf torna-se uma dan\u00e7a com o mar, uma fus\u00e3o entre a per\u00edcia e o abra\u00e7o r\u00edtmico da natureza.      <\/p>\n<p><!-- \/wp:paragraph --><\/p>\n\n\n            \n                    <\/div>\n    <\/section>\n<\/section>\n\n<p><\/p>\n<section class=\"homeblocks   \">\n    <section class=\"homeblocks-image  homeblocks-right \">\n                  <!-- <img decoding=\"async\" src=\"https:\/\/espiritodacomporta.com\/app\/uploads\/2019\/08\/melides2.jpg\" alt=\"melides portugal\"> -->\n          <img decoding=\"async\" width=\"1200\" height=\"675\" src=\"https:\/\/espiritodacomporta.com\/app\/uploads\/2019\/08\/melides2.jpg\" class=\"attachment-full size-full\" alt=\"melides portugal\" loading=\"lazy\" srcset=\"https:\/\/espiritodacomporta.com\/app\/uploads\/2019\/08\/melides2.jpg 1200w, https:\/\/espiritodacomporta.com\/app\/uploads\/2019\/08\/melides2-300x169.jpg 300w, https:\/\/espiritodacomporta.com\/app\/uploads\/2019\/08\/melides2-768x432.jpg 768w, https:\/\/espiritodacomporta.com\/app\/uploads\/2019\/08\/melides2-1024x576.jpg 1024w\" sizes=\"auto, (max-width: 1200px) 100vw, 1200px\" data-attachment-id=\"99300\" data-permalink=\"https:\/\/espiritodacomporta.com\/pt-pt\/os-segredos-de-melides-em-portugal\/melides2-2-2-2\/\" data-orig-file=\"https:\/\/espiritodacomporta.com\/app\/uploads\/2019\/08\/melides2.jpg\" data-orig-size=\"1200,675\" data-comments-opened=\"0\" data-image-meta=\"{&quot;aperture&quot;:&quot;1.7&quot;,&quot;credit&quot;:&quot;&quot;,&quot;camera&quot;:&quot;SM-G955F&quot;,&quot;caption&quot;:&quot;&quot;,&quot;created_timestamp&quot;:&quot;1548337166&quot;,&quot;copyright&quot;:&quot;&quot;,&quot;focal_length&quot;:&quot;4.2&quot;,&quot;iso&quot;:&quot;40&quot;,&quot;shutter_speed&quot;:&quot;0.000625&quot;,&quot;title&quot;:&quot;&quot;,&quot;orientation&quot;:&quot;0&quot;}\" data-image-title=\"melides2\" data-image-description=\"\" data-image-caption=\"\" data-medium-file=\"https:\/\/espiritodacomporta.com\/app\/uploads\/2019\/08\/melides2-300x169.jpg\" data-large-file=\"https:\/\/espiritodacomporta.com\/app\/uploads\/2019\/08\/melides2-1024x576.jpg\" \/>\n            <\/section>\n    <section class=\"homeblocks-content\">\n        <div class=\"homeblocks-content-inside\">\n            <p><!-- wp:heading {\"level\":3} --><\/p>\n<h2 id=\"top-things-paddle\" class=\"wp-block-heading\" style=\"text-align: left;\"><strong>Reme na lagoa de Melides<\/strong><\/h2>\n<p style=\"text-align: left;\"><!-- \/wp:heading --> <!-- wp:paragraph --><\/p>\n<p style=\"text-align: left;\">A lagoa de melides fica perto de uma das praias mais famosas (praia de melides) e o cen\u00e1rio \u00e9 fant\u00e1stico. \u00c9 uma atividade que requer um pouco de equil\u00edbrio, mas certamente que se a desfrutar com este cen\u00e1rio, nada ser\u00e1 mais relaxante para si. Saiba mais sobre os <a href=\"https:\/\/espiritodacomporta.com\/the-secrets-of-melides-portugal\/\">segredos de melides em Portugal<\/a>. Embarque numa viagem serena de paddleboarding em Melides, Portugal. Deslize sobre \u00e1guas tranquilas, rodeado pelo esplendor intocado da natureza. Explore enseadas escondidas, sentindo o ritmo das remadas a ecoar o pulsar do Atl\u00e2ntico. Melides \u00e9 um ref\u00fagio n\u00e3o violento para os entusiastas do paddleboard, no qual o oceano e o c\u00e9u se fundem numa harmonia ideal.      <\/p>\n<p><!-- \/wp:paragraph --><\/p>\n\n\n            \n                    <\/div>\n    <\/section>\n<\/section>\n\n<h3 class=\"wp-block-heading\" id=\"top-things-paddle\"><\/h3>\n<section class=\"homeblocks   section-beige  \">\n    <section class=\"homeblocks-image \">\n                  <!-- <img decoding=\"async\" src=\"https:\/\/espiritodacomporta.com\/app\/uploads\/2023\/08\/flor_de_arroz.webp\" alt=\"flor_de_arroz_comporta\"> -->\n          <img decoding=\"async\" src=\"https:\/\/espiritodacomporta.com\/app\/uploads\/2023\/08\/flor_de_arroz.webp\" class=\"attachment-full size-full\" alt=\"flor_de_arroz_comporta\" loading=\"lazy\" data-attachment-id=\"99180\" data-permalink=\"https:\/\/espiritodacomporta.com\/pt-pt\/comporta-o-local-perfeito-para-relaxar-e-recarregar-energias\/flor_de_arroz-2\/\" data-orig-file=\"https:\/\/espiritodacomporta.com\/app\/uploads\/2023\/08\/flor_de_arroz.webp\" data-orig-size=\"\" data-comments-opened=\"0\" data-image-meta=\"[]\" data-image-title=\"flor_de_arroz\" data-image-description=\"\" data-image-caption=\"\" data-medium-file=\"https:\/\/espiritodacomporta.com\/app\/uploads\/2023\/08\/flor_de_arroz.webp\" data-large-file=\"https:\/\/espiritodacomporta.com\/app\/uploads\/2023\/08\/flor_de_arroz.webp\" \/>\n            <\/section>\n    <section class=\"homeblocks-content\">\n        <div class=\"homeblocks-content-inside\">\n            <h2 style=\"text-align: left;\"><strong>Dormir numa propriedade aut\u00eantica<\/strong><\/h2>\n<p style=\"text-align: left;\">As novas propriedades na comporta e na sua regi\u00e3o apresentam um estilo simples, mas com muito glamour. O objetivo \u00e9 seguir a identidade da regi\u00e3o, com os seus telhados de colmo e p\u00e9rgulas. No entanto, a zona apresenta cada vez mais op\u00e7\u00f5es de alojamento. N\u00e3o deixe de conhecer as <a href=\"https:\/\/espiritodacomporta.com\/pt-pt\/alugue-sua-vila-em-comporta\/\">propriedades de veraneio<\/a> do Esp\u00edrito da comporta. Todas viradas para os arrozais, v\u00e3o tornar os seus dias, de ver\u00e3o ou de inverno, mais completos e confort\u00e1veis, fazendo desta experi\u00eancia uma das 10 melhores coisas para fazer na comporta. Aninhe-se na serenidade, durma em aut\u00eanticos retiros. Abrace a tranquilidade, rodeado pelos sussurros da natureza. A autenticidade e o sono tranquilo entrela\u00e7am-se nestes ref\u00fagios \u00fanicos.       <\/p>\n\n\n            \n                    <\/div>\n    <\/section>\n<\/section>\n\n<h3 class=\"wp-block-heading\" id=\"top-things-sleeping\"><\/h3>\n<section class=\"homeblocks   \">\n    <section class=\"homeblocks-image  homeblocks-right \">\n                  <!-- <img decoding=\"async\" src=\"https:\/\/espiritodacomporta.com\/app\/uploads\/2022\/05\/comporta-rice-fields-scaled.webp\" alt=\"comporta-arrozales\"> -->\n          <img decoding=\"async\" width=\"2560\" height=\"1707\" src=\"https:\/\/espiritodacomporta.com\/app\/uploads\/2022\/05\/comporta-rice-fields-scaled.webp\" class=\"attachment-full size-full\" alt=\"comporta-arrozales\" loading=\"lazy\" srcset=\"https:\/\/espiritodacomporta.com\/app\/uploads\/2022\/05\/comporta-rice-fields-scaled.webp 2560w, https:\/\/espiritodacomporta.com\/app\/uploads\/2022\/05\/comporta-rice-fields-300x200.webp 300w, https:\/\/espiritodacomporta.com\/app\/uploads\/2022\/05\/comporta-rice-fields-1024x683.webp 1024w, https:\/\/espiritodacomporta.com\/app\/uploads\/2022\/05\/comporta-rice-fields-768x512.webp 768w, https:\/\/espiritodacomporta.com\/app\/uploads\/2022\/05\/comporta-rice-fields-1536x1024.webp 1536w, https:\/\/espiritodacomporta.com\/app\/uploads\/2022\/05\/comporta-rice-fields-2048x1365.webp 2048w\" sizes=\"auto, (max-width: 2560px) 100vw, 2560px\" data-attachment-id=\"29011\" data-permalink=\"https:\/\/espiritodacomporta.com\/pt-pt\/sunset-comporta\/comporta-rice-fields\/\" data-orig-file=\"https:\/\/espiritodacomporta.com\/app\/uploads\/2022\/05\/comporta-rice-fields-scaled.webp\" data-orig-size=\"2560,1707\" data-comments-opened=\"0\" data-image-meta=\"{&quot;aperture&quot;:&quot;0&quot;,&quot;credit&quot;:&quot;&quot;,&quot;camera&quot;:&quot;&quot;,&quot;caption&quot;:&quot;&quot;,&quot;created_timestamp&quot;:&quot;0&quot;,&quot;copyright&quot;:&quot;&quot;,&quot;focal_length&quot;:&quot;0&quot;,&quot;iso&quot;:&quot;0&quot;,&quot;shutter_speed&quot;:&quot;0&quot;,&quot;title&quot;:&quot;&quot;,&quot;orientation&quot;:&quot;0&quot;}\" data-image-title=\"comporta-rice-fields\" data-image-description=\"\" data-image-caption=\"\" data-medium-file=\"https:\/\/espiritodacomporta.com\/app\/uploads\/2022\/05\/comporta-rice-fields-300x200.webp\" data-large-file=\"https:\/\/espiritodacomporta.com\/app\/uploads\/2022\/05\/comporta-rice-fields-1024x683.webp\" \/>\n            <\/section>\n    <section class=\"homeblocks-content\">\n        <div class=\"homeblocks-content-inside\">\n            <h2 style=\"text-align: left;\"><strong>P\u00f4r do sol na Comporta<\/strong><\/h2>\n<p style=\"text-align: left;\"><!-- wp:paragraph --><\/p>\n<p>Esta atividade \u00e9 obrigat\u00f3ria. At\u00e9 porque n\u00e3o precisa de organizar ou programar nada. Precisa apenas de apreciar a d\u00e1diva di\u00e1ria da natureza. No ver\u00e3o, o c\u00e9u alaranjado \u00e9 uma verdadeira pintura. Para al\u00e9m das praias, n\u00e3o deixe de visitar o cais palaf\u00edtico da carrasqueira para um dos mais belos pores-do-sol. Assista \u00e0 descida do sol no Atl\u00e2ntico, retratando o c\u00e9u com cores de coral e dourado. O horizonte tranquilo transforma-se numa tela de cortar a respira\u00e7\u00e3o, filmando a sinfonia nocturna da natureza. Saiba tudo sobre o <a href=\"https:\/\/espiritodacomporta.com\/sunset-comporta\/\">p\u00f4r do sol na comporta<\/a>.      <\/p>\n<p><!-- \/wp:paragraph --><\/p>\n\n\n            \n                    <\/div>\n    <\/section>\n<\/section>\n\n<h3 class=\"wp-block-heading\" id=\"top-things-sunset\"><\/h3>\n<section class=\"homeblocks   \">\n    <section class=\"homeblocks-image \">\n                  <!-- <img decoding=\"async\" src=\"https:\/\/espiritodacomporta.com\/app\/uploads\/2022\/08\/ALENTEJO_VINHO.webp\" alt=\"ALENTEJO_VINHO\"> -->\n          <img decoding=\"async\" width=\"2250\" height=\"1500\" src=\"https:\/\/espiritodacomporta.com\/app\/uploads\/2022\/08\/ALENTEJO_VINHO.webp\" class=\"attachment-full size-full\" alt=\"ALENTEJO_VINHO\" loading=\"lazy\" srcset=\"https:\/\/espiritodacomporta.com\/app\/uploads\/2022\/08\/ALENTEJO_VINHO.webp 2250w, https:\/\/espiritodacomporta.com\/app\/uploads\/2022\/08\/ALENTEJO_VINHO-300x200.webp 300w, https:\/\/espiritodacomporta.com\/app\/uploads\/2022\/08\/ALENTEJO_VINHO-1024x683.webp 1024w, https:\/\/espiritodacomporta.com\/app\/uploads\/2022\/08\/ALENTEJO_VINHO-768x512.webp 768w, https:\/\/espiritodacomporta.com\/app\/uploads\/2022\/08\/ALENTEJO_VINHO-1536x1024.webp 1536w, https:\/\/espiritodacomporta.com\/app\/uploads\/2022\/08\/ALENTEJO_VINHO-2048x1365.webp 2048w\" sizes=\"auto, (max-width: 2250px) 100vw, 2250px\" data-attachment-id=\"98862\" data-permalink=\"https:\/\/espiritodacomporta.com\/pt-pt\/10-coisas-mais-importantes-para-fazer-em-comporta\/alentejo_vinho-2\/\" data-orig-file=\"https:\/\/espiritodacomporta.com\/app\/uploads\/2022\/08\/ALENTEJO_VINHO.webp\" data-orig-size=\"2250,1500\" data-comments-opened=\"0\" data-image-meta=\"{&quot;aperture&quot;:&quot;0&quot;,&quot;credit&quot;:&quot;&quot;,&quot;camera&quot;:&quot;&quot;,&quot;caption&quot;:&quot;&quot;,&quot;created_timestamp&quot;:&quot;0&quot;,&quot;copyright&quot;:&quot;&quot;,&quot;focal_length&quot;:&quot;0&quot;,&quot;iso&quot;:&quot;0&quot;,&quot;shutter_speed&quot;:&quot;0&quot;,&quot;title&quot;:&quot;&quot;,&quot;orientation&quot;:&quot;0&quot;}\" data-image-title=\"ALENTEJO_VINHO\" data-image-description=\"\" data-image-caption=\"\" data-medium-file=\"https:\/\/espiritodacomporta.com\/app\/uploads\/2022\/08\/ALENTEJO_VINHO-300x200.webp\" data-large-file=\"https:\/\/espiritodacomporta.com\/app\/uploads\/2022\/08\/ALENTEJO_VINHO-1024x683.webp\" \/>\n            <\/section>\n    <section class=\"homeblocks-content\">\n        <div class=\"homeblocks-content-inside\">\n            <p><!-- wp:heading {\"level\":3} --><\/p>\n<h2 id=\"top-things-wine\" class=\"wp-block-heading\" style=\"text-align: left;\"><strong>Prove os vinhos da regi\u00e3o<\/strong><\/h2>\n<p style=\"text-align: left;\"><!-- \/wp:heading --> <!-- wp:paragraph --><\/p>\n<p style=\"text-align: left;\">Para al\u00e9m da natureza, conhecer a regi\u00e3o significa conhecer a sua gastronomia e a sua riqueza de vinhos. Os vinhos do Alentejo (Alentejo \u00e9 o nome dado \u00e0 regi\u00e3o) s\u00e3o variados e agradam a todos os gostos. Para al\u00e9m do Norte, \u00e9 aqui que se produzem os melhores vinhos de Portugal. Se \u00e9 apreciador de vinhos, vai ficar surpreendido com a qualidade que esta regi\u00e3o oferece. Uma das mais famosas provas de vinho pode ser feita na Herdade da comporta. Tem vinhos ricos e encorpados que reflectem as paisagens ensolaradas. Com tintos profundos e brancos arom\u00e1ticos, os vinhos do Alentejo reflectem a diversidade do terroir da regi\u00e3o, oferecendo-lhe um sabor de excel\u00eancia mediterr\u00e2nica.      <\/p>\n<p><!-- \/wp:paragraph --><\/p>\n\n\n            \n                    <\/div>\n    <\/section>\n<\/section>\n\n<h3 class=\"wp-block-heading\" id=\"top-things-wine\"><\/h3>\n<section class=\"homeblocks   \">\n    <section class=\"homeblocks-image  homeblocks-right \">\n                  <!-- <img decoding=\"async\" src=\"https:\/\/espiritodacomporta.com\/app\/uploads\/2020\/08\/two-pack.jpg\" alt=\"two-pack-melides\"> -->\n          <img decoding=\"async\" width=\"1400\" height=\"933\" src=\"https:\/\/espiritodacomporta.com\/app\/uploads\/2020\/08\/two-pack.jpg\" class=\"attachment-full size-full\" alt=\"two-pack-melides\" loading=\"lazy\" srcset=\"https:\/\/espiritodacomporta.com\/app\/uploads\/2020\/08\/two-pack.jpg 1400w, https:\/\/espiritodacomporta.com\/app\/uploads\/2020\/08\/two-pack-300x200.jpg 300w, https:\/\/espiritodacomporta.com\/app\/uploads\/2020\/08\/two-pack-768x512.jpg 768w, https:\/\/espiritodacomporta.com\/app\/uploads\/2020\/08\/two-pack-1024x682.jpg 1024w\" sizes=\"auto, (max-width: 1400px) 100vw, 1400px\" data-attachment-id=\"99254\" data-permalink=\"https:\/\/espiritodacomporta.com\/pt-pt\/reserve-o-seu-chef-em-casa-na-comporta\/two-pack-2\/\" data-orig-file=\"https:\/\/espiritodacomporta.com\/app\/uploads\/2020\/08\/two-pack.jpg\" data-orig-size=\"1400,933\" data-comments-opened=\"0\" data-image-meta=\"{&quot;aperture&quot;:&quot;0&quot;,&quot;credit&quot;:&quot;&quot;,&quot;camera&quot;:&quot;&quot;,&quot;caption&quot;:&quot;&quot;,&quot;created_timestamp&quot;:&quot;0&quot;,&quot;copyright&quot;:&quot;Miguel Guedes Ramos&quot;,&quot;focal_length&quot;:&quot;0&quot;,&quot;iso&quot;:&quot;0&quot;,&quot;shutter_speed&quot;:&quot;0&quot;,&quot;title&quot;:&quot;&quot;,&quot;orientation&quot;:&quot;0&quot;}\" data-image-title=\"two-pack-melides\" data-image-description=\"\" data-image-caption=\"\" data-medium-file=\"https:\/\/espiritodacomporta.com\/app\/uploads\/2020\/08\/two-pack-300x200.jpg\" data-large-file=\"https:\/\/espiritodacomporta.com\/app\/uploads\/2020\/08\/two-pack-1024x682.jpg\" \/>\n            <\/section>\n    <section class=\"homeblocks-content\">\n        <div class=\"homeblocks-content-inside\">\n            <p><!-- wp:heading {\"level\":3} --><\/p>\n<h2 id=\"top-things-gastronomy\" class=\"wp-block-heading\" style=\"text-align: left;\"><strong>Experimente a rica gastronomia<\/strong><\/h2>\n<p style=\"text-align: left;\"><!-- \/wp:heading --> <!-- wp:paragraph --><\/p>\n<p style=\"text-align: left;\">Se falamos de bebida, temos de ter em conta tamb\u00e9m a comida. <a href=\"https:\/\/espiritodacomporta.com\/cooking-comporta\/\">As del\u00edcias do Alentejo.<\/a><br \/>\nUma regi\u00e3o rica em gastronomia. Da carne de porco, ao peixe grelhado ou ao imenso marisco, ficar\u00e1 surpreendido com a oferta variada.<br \/>\nA gastronomia alentejana \u00e9 um banquete para os sentidos, celebrando a simplicidade e o sabor. Delicie-se com pratos como a A\u00e7orda e as Migas, onde o p\u00e3o do bairro e o azeite s\u00e3o os protagonistas. Saboreie carnes suculentas, acompanhadas de vinhos fortes. As iguarias alentejanas s\u00e3o uma fus\u00e3o de estilo de vida e inova\u00e7\u00e3o, convidando-o a saborear a ess\u00eancia da heran\u00e7a culin\u00e1ria de Portugal.    <\/p>\n<p><!-- \/wp:paragraph --><\/p>\n\n\n            \n                    <\/div>\n    <\/section>\n<\/section>\n\n<h3 class=\"wp-block-heading\" id=\"top-things-gastronomy\"><\/h3>\n\n<div class=\"wp-block-columns is-layout-flex wp-container-core-columns-is-layout-9d6595d7 wp-block-columns-is-layout-flex\">\n<div class=\"wp-block-column is-layout-flow wp-block-column-is-layout-flow\">\n<h2 class=\"wp-block-heading is-style-big-title\" id=\"h-10-top-things-in-comporta\">10 COISAS MAIS IMPORTANTES EM COMPORTA<\/h2>\n<\/div>\n<\/div>\n\n<p class=\"is-style-text-intro\">Estas s\u00e3o as 10 coisas para fazer na comporta que consideramos mais especiais, no entanto existem muitas outras actividades para todos os gostos! \u00c9 uma regi\u00e3o onde a natureza \u00e9 o foco principal. Mesmo no ver\u00e3o, sendo mais concorrida, h\u00e1 espa\u00e7o para todos terem umas f\u00e9rias calmas e memor\u00e1veis. <a href=\"https:\/\/espiritodacomporta.com\/comporta-activities\/\">Saiba o que fazer na Comporta e arredores<\/a> de acordo com a sua personalidade. Tenha umas boas f\u00e9rias!   <\/p>\n","protected":false},"excerpt":{"rendered":"<p>A Comporta \u00e9 um local que desperta cada vez mais a curiosidade dos turistas, principalmente dos europeus.\u00c9 um aut\u00eantico retiro onde a paz e a harmonia s\u00e3o predominantes e viver uns dias de f\u00e9rias rodeado de uma natureza exuberante \u00e9 algo que faz com que muitos repitam esta experi\u00eancia. Para al\u00e9m das praias, das actividades, <\/p>\n<div class=\"goto\"><a href=\"https:\/\/espiritodacomporta.com\/pt-pt\/10-coisas-mais-importantes-para-fazer-em-comporta\/\">Ler mais<\/a><\/div>\n","protected":false},"author":7,"featured_media":98861,"comment_status":"open","ping_status":"open","sticky":false,"template":"","format":"standard","meta":{"_acf_changed":false,"inline_featured_image":false,"footnotes":""},"categories":[3969,3971],"tags":[],"class_list":["post-98854","post","type-post","status-publish","format-standard","has-post-thumbnail","hentry","category-sinta-a-natureza","category-procurando-por-beleza"],"acf":[],"yoast_head":"<!-- This site is optimized with the Yoast SEO Premium plugin v27.2 (Yoast SEO v27.2) - https:\/\/yoast.com\/product\/yoast-seo-premium-wordpress\/ -->\n<title>10 Coisas mais importantes para fazer em comporta<\/title>\n<meta name=\"description\" content=\"A Comporta \u00e9 um para\u00edso a apenas 1h15 de Lisboa. Conhe\u00e7a as 10 melhores coisas para fazer na comporta. Tenha umas boas f\u00e9rias!\" \/>\n<meta name=\"robots\" content=\"index, follow, max-snippet:-1, max-image-preview:large, max-video-preview:-1\" \/>\n<link rel=\"canonical\" href=\"https:\/\/espiritodacomporta.com\/pt-pt\/10-coisas-mais-importantes-para-fazer-em-comporta\/\" \/>\n<meta property=\"og:locale\" content=\"pt_PT\" \/>\n<meta property=\"og:type\" content=\"article\" \/>\n<meta property=\"og:title\" content=\"10 Coisas mais importantes para fazer em comporta\" \/>\n<meta property=\"og:description\" content=\"A Comporta \u00e9 um para\u00edso a apenas 1h15 de Lisboa. Conhe\u00e7a as 10 melhores coisas para fazer na comporta. Tenha umas boas f\u00e9rias!\" \/>\n<meta property=\"og:url\" content=\"https:\/\/espiritodacomporta.com\/pt-pt\/10-coisas-mais-importantes-para-fazer-em-comporta\/\" \/>\n<meta property=\"og:site_name\" content=\"Live &amp; Feel Comporta Portugal\" \/>\n<meta property=\"article:published_time\" content=\"2026-02-06T10:33:37+00:00\" \/>\n<meta property=\"article:modified_time\" content=\"2026-02-06T10:33:38+00:00\" \/>\n<meta property=\"og:image\" content=\"https:\/\/espiritodacomporta.com\/app\/uploads\/2022\/08\/comporta-flor-arroz.webp\" \/>\n\t<meta property=\"og:image:width\" content=\"2016\" \/>\n\t<meta property=\"og:image:height\" content=\"1512\" \/>\n\t<meta property=\"og:image:type\" content=\"image\/webp\" \/>\n<meta name=\"author\" content=\"Info\" \/>\n<meta name=\"twitter:card\" content=\"summary_large_image\" \/>\n<meta name=\"twitter:label1\" content=\"Written by\" \/>\n\t<meta name=\"twitter:data1\" content=\"Info\" \/>\n\t<meta name=\"twitter:label2\" content=\"Est. reading time\" \/>\n\t<meta name=\"twitter:data2\" content=\"1 minute\" \/>\n<script type=\"application\/ld+json\" class=\"yoast-schema-graph\">{\"@context\":\"https:\/\/schema.org\",\"@graph\":[{\"@type\":\"Article\",\"@id\":\"https:\/\/espiritodacomporta.com\/pt-pt\/10-coisas-mais-importantes-para-fazer-em-comporta\/#article\",\"isPartOf\":{\"@id\":\"https:\/\/espiritodacomporta.com\/pt-pt\/10-coisas-mais-importantes-para-fazer-em-comporta\/\"},\"author\":{\"name\":\"Info\",\"@id\":\"https:\/\/espiritodacomporta.com\/pt-pt\/#\/schema\/person\/c76d29ce59d104bde14812d3465de878\"},\"headline\":\"10 Coisas mais importantes para fazer em comporta\",\"datePublished\":\"2026-02-06T10:33:37+00:00\",\"dateModified\":\"2026-02-06T10:33:38+00:00\",\"mainEntityOfPage\":{\"@id\":\"https:\/\/espiritodacomporta.com\/pt-pt\/10-coisas-mais-importantes-para-fazer-em-comporta\/\"},\"wordCount\":222,\"commentCount\":0,\"publisher\":{\"@id\":\"https:\/\/espiritodacomporta.com\/pt-pt\/#organization\"},\"image\":{\"@id\":\"https:\/\/espiritodacomporta.com\/pt-pt\/10-coisas-mais-importantes-para-fazer-em-comporta\/#primaryimage\"},\"thumbnailUrl\":\"https:\/\/espiritodacomporta.com\/app\/uploads\/2022\/08\/comporta-flor-arroz.webp\",\"articleSection\":[\"Sinta a natureza\",\"Procurando por beleza\"],\"inLanguage\":\"pt-PT\",\"potentialAction\":[{\"@type\":\"CommentAction\",\"name\":\"Comment\",\"target\":[\"https:\/\/espiritodacomporta.com\/pt-pt\/10-coisas-mais-importantes-para-fazer-em-comporta\/#respond\"]}]},{\"@type\":\"WebPage\",\"@id\":\"https:\/\/espiritodacomporta.com\/pt-pt\/10-coisas-mais-importantes-para-fazer-em-comporta\/\",\"url\":\"https:\/\/espiritodacomporta.com\/pt-pt\/10-coisas-mais-importantes-para-fazer-em-comporta\/\",\"name\":\"10 Coisas mais importantes para fazer em comporta\",\"isPartOf\":{\"@id\":\"https:\/\/espiritodacomporta.com\/pt-pt\/#website\"},\"primaryImageOfPage\":{\"@id\":\"https:\/\/espiritodacomporta.com\/pt-pt\/10-coisas-mais-importantes-para-fazer-em-comporta\/#primaryimage\"},\"image\":{\"@id\":\"https:\/\/espiritodacomporta.com\/pt-pt\/10-coisas-mais-importantes-para-fazer-em-comporta\/#primaryimage\"},\"thumbnailUrl\":\"https:\/\/espiritodacomporta.com\/app\/uploads\/2022\/08\/comporta-flor-arroz.webp\",\"datePublished\":\"2026-02-06T10:33:37+00:00\",\"dateModified\":\"2026-02-06T10:33:38+00:00\",\"description\":\"A Comporta \u00e9 um para\u00edso a apenas 1h15 de Lisboa. Conhe\u00e7a as 10 melhores coisas para fazer na comporta. Tenha umas boas f\u00e9rias!\",\"breadcrumb\":{\"@id\":\"https:\/\/espiritodacomporta.com\/pt-pt\/10-coisas-mais-importantes-para-fazer-em-comporta\/#breadcrumb\"},\"inLanguage\":\"pt-PT\",\"potentialAction\":[{\"@type\":\"ReadAction\",\"target\":[\"https:\/\/espiritodacomporta.com\/pt-pt\/10-coisas-mais-importantes-para-fazer-em-comporta\/\"]}]},{\"@type\":\"ImageObject\",\"inLanguage\":\"pt-PT\",\"@id\":\"https:\/\/espiritodacomporta.com\/pt-pt\/10-coisas-mais-importantes-para-fazer-em-comporta\/#primaryimage\",\"url\":\"https:\/\/espiritodacomporta.com\/app\/uploads\/2022\/08\/comporta-flor-arroz.webp\",\"contentUrl\":\"https:\/\/espiritodacomporta.com\/app\/uploads\/2022\/08\/comporta-flor-arroz.webp\",\"width\":2016,\"height\":1512,\"caption\":\"comporta-flor-arroz\"},{\"@type\":\"BreadcrumbList\",\"@id\":\"https:\/\/espiritodacomporta.com\/pt-pt\/10-coisas-mais-importantes-para-fazer-em-comporta\/#breadcrumb\",\"itemListElement\":[{\"@type\":\"ListItem\",\"position\":1,\"name\":\"Home\",\"item\":\"https:\/\/espiritodacomporta.com\/pt-pt\/\"},{\"@type\":\"ListItem\",\"position\":2,\"name\":\"Sem categoria\",\"item\":\"https:\/\/espiritodacomporta.com\/pt-pt\/category\/sem-categoria\/\"},{\"@type\":\"ListItem\",\"position\":3,\"name\":\"10 Coisas mais importantes para fazer em comporta\"}]},{\"@type\":\"WebSite\",\"@id\":\"https:\/\/espiritodacomporta.com\/pt-pt\/#website\",\"url\":\"https:\/\/espiritodacomporta.com\/pt-pt\/\",\"name\":\"Live & Feel Comporta Portugal\",\"description\":\"\",\"publisher\":{\"@id\":\"https:\/\/espiritodacomporta.com\/pt-pt\/#organization\"},\"potentialAction\":[{\"@type\":\"SearchAction\",\"target\":{\"@type\":\"EntryPoint\",\"urlTemplate\":\"https:\/\/espiritodacomporta.com\/pt-pt\/?s={search_term_string}\"},\"query-input\":{\"@type\":\"PropertyValueSpecification\",\"valueRequired\":true,\"valueName\":\"search_term_string\"}}],\"inLanguage\":\"pt-PT\"},{\"@type\":\"Organization\",\"@id\":\"https:\/\/espiritodacomporta.com\/pt-pt\/#organization\",\"name\":\"Espirito da Comporta\",\"url\":\"https:\/\/espiritodacomporta.com\/pt-pt\/\",\"logo\":{\"@type\":\"ImageObject\",\"inLanguage\":\"pt-PT\",\"@id\":\"https:\/\/espiritodacomporta.com\/pt-pt\/#\/schema\/logo\/image\/\",\"url\":\"https:\/\/espiritodacomporta.com\/app\/uploads\/2023\/09\/LOGO-SIGNATURE@4x.png\",\"contentUrl\":\"https:\/\/espiritodacomporta.com\/app\/uploads\/2023\/09\/LOGO-SIGNATURE@4x.png\",\"width\":321,\"height\":385,\"caption\":\"Espirito da Comporta\"},\"image\":{\"@id\":\"https:\/\/espiritodacomporta.com\/pt-pt\/#\/schema\/logo\/image\/\"},\"sameAs\":[\"https:\/\/www.instagram.com\/almadacomporta\/\"]},{\"@type\":\"Person\",\"@id\":\"https:\/\/espiritodacomporta.com\/pt-pt\/#\/schema\/person\/c76d29ce59d104bde14812d3465de878\",\"name\":\"Info\",\"image\":{\"@type\":\"ImageObject\",\"inLanguage\":\"pt-PT\",\"@id\":\"https:\/\/secure.gravatar.com\/avatar\/dee735d7b19944762d18cdf00966586c0ffcea9da4d03f8be9d25dcff9972207?s=96&d=mm&r=g\",\"url\":\"https:\/\/secure.gravatar.com\/avatar\/dee735d7b19944762d18cdf00966586c0ffcea9da4d03f8be9d25dcff9972207?s=96&d=mm&r=g\",\"contentUrl\":\"https:\/\/secure.gravatar.com\/avatar\/dee735d7b19944762d18cdf00966586c0ffcea9da4d03f8be9d25dcff9972207?s=96&d=mm&r=g\",\"caption\":\"Info\"}}]}<\/script>\n<!-- \/ Yoast SEO Premium plugin. -->","yoast_head_json":{"title":"10 Coisas mais importantes para fazer em comporta","description":"A Comporta \u00e9 um para\u00edso a apenas 1h15 de Lisboa. Conhe\u00e7a as 10 melhores coisas para fazer na comporta. Tenha umas boas f\u00e9rias!","robots":{"index":"index","follow":"follow","max-snippet":"max-snippet:-1","max-image-preview":"max-image-preview:large","max-video-preview":"max-video-preview:-1"},"canonical":"https:\/\/espiritodacomporta.com\/pt-pt\/10-coisas-mais-importantes-para-fazer-em-comporta\/","og_locale":"pt_PT","og_type":"article","og_title":"10 Coisas mais importantes para fazer em comporta","og_description":"A Comporta \u00e9 um para\u00edso a apenas 1h15 de Lisboa. Conhe\u00e7a as 10 melhores coisas para fazer na comporta. Tenha umas boas f\u00e9rias!","og_url":"https:\/\/espiritodacomporta.com\/pt-pt\/10-coisas-mais-importantes-para-fazer-em-comporta\/","og_site_name":"Live &amp; Feel Comporta Portugal","article_published_time":"2026-02-06T10:33:37+00:00","article_modified_time":"2026-02-06T10:33:38+00:00","og_image":[{"width":2016,"height":1512,"url":"https:\/\/espiritodacomporta.com\/app\/uploads\/2022\/08\/comporta-flor-arroz.webp","type":"image\/webp"}],"author":"Info","twitter_card":"summary_large_image","twitter_misc":{"Written by":"Info","Est. reading time":"1 minute"},"schema":{"@context":"https:\/\/schema.org","@graph":[{"@type":"Article","@id":"https:\/\/espiritodacomporta.com\/pt-pt\/10-coisas-mais-importantes-para-fazer-em-comporta\/#article","isPartOf":{"@id":"https:\/\/espiritodacomporta.com\/pt-pt\/10-coisas-mais-importantes-para-fazer-em-comporta\/"},"author":{"name":"Info","@id":"https:\/\/espiritodacomporta.com\/pt-pt\/#\/schema\/person\/c76d29ce59d104bde14812d3465de878"},"headline":"10 Coisas mais importantes para fazer em comporta","datePublished":"2026-02-06T10:33:37+00:00","dateModified":"2026-02-06T10:33:38+00:00","mainEntityOfPage":{"@id":"https:\/\/espiritodacomporta.com\/pt-pt\/10-coisas-mais-importantes-para-fazer-em-comporta\/"},"wordCount":222,"commentCount":0,"publisher":{"@id":"https:\/\/espiritodacomporta.com\/pt-pt\/#organization"},"image":{"@id":"https:\/\/espiritodacomporta.com\/pt-pt\/10-coisas-mais-importantes-para-fazer-em-comporta\/#primaryimage"},"thumbnailUrl":"https:\/\/espiritodacomporta.com\/app\/uploads\/2022\/08\/comporta-flor-arroz.webp","articleSection":["Sinta a natureza","Procurando por beleza"],"inLanguage":"pt-PT","potentialAction":[{"@type":"CommentAction","name":"Comment","target":["https:\/\/espiritodacomporta.com\/pt-pt\/10-coisas-mais-importantes-para-fazer-em-comporta\/#respond"]}]},{"@type":"WebPage","@id":"https:\/\/espiritodacomporta.com\/pt-pt\/10-coisas-mais-importantes-para-fazer-em-comporta\/","url":"https:\/\/espiritodacomporta.com\/pt-pt\/10-coisas-mais-importantes-para-fazer-em-comporta\/","name":"10 Coisas mais importantes para fazer em comporta","isPartOf":{"@id":"https:\/\/espiritodacomporta.com\/pt-pt\/#website"},"primaryImageOfPage":{"@id":"https:\/\/espiritodacomporta.com\/pt-pt\/10-coisas-mais-importantes-para-fazer-em-comporta\/#primaryimage"},"image":{"@id":"https:\/\/espiritodacomporta.com\/pt-pt\/10-coisas-mais-importantes-para-fazer-em-comporta\/#primaryimage"},"thumbnailUrl":"https:\/\/espiritodacomporta.com\/app\/uploads\/2022\/08\/comporta-flor-arroz.webp","datePublished":"2026-02-06T10:33:37+00:00","dateModified":"2026-02-06T10:33:38+00:00","description":"A Comporta \u00e9 um para\u00edso a apenas 1h15 de Lisboa. Conhe\u00e7a as 10 melhores coisas para fazer na comporta. Tenha umas boas f\u00e9rias!","breadcrumb":{"@id":"https:\/\/espiritodacomporta.com\/pt-pt\/10-coisas-mais-importantes-para-fazer-em-comporta\/#breadcrumb"},"inLanguage":"pt-PT","potentialAction":[{"@type":"ReadAction","target":["https:\/\/espiritodacomporta.com\/pt-pt\/10-coisas-mais-importantes-para-fazer-em-comporta\/"]}]},{"@type":"ImageObject","inLanguage":"pt-PT","@id":"https:\/\/espiritodacomporta.com\/pt-pt\/10-coisas-mais-importantes-para-fazer-em-comporta\/#primaryimage","url":"https:\/\/espiritodacomporta.com\/app\/uploads\/2022\/08\/comporta-flor-arroz.webp","contentUrl":"https:\/\/espiritodacomporta.com\/app\/uploads\/2022\/08\/comporta-flor-arroz.webp","width":2016,"height":1512,"caption":"comporta-flor-arroz"},{"@type":"BreadcrumbList","@id":"https:\/\/espiritodacomporta.com\/pt-pt\/10-coisas-mais-importantes-para-fazer-em-comporta\/#breadcrumb","itemListElement":[{"@type":"ListItem","position":1,"name":"Home","item":"https:\/\/espiritodacomporta.com\/pt-pt\/"},{"@type":"ListItem","position":2,"name":"Sem categoria","item":"https:\/\/espiritodacomporta.com\/pt-pt\/category\/sem-categoria\/"},{"@type":"ListItem","position":3,"name":"10 Coisas mais importantes para fazer em comporta"}]},{"@type":"WebSite","@id":"https:\/\/espiritodacomporta.com\/pt-pt\/#website","url":"https:\/\/espiritodacomporta.com\/pt-pt\/","name":"Live & Feel Comporta Portugal","description":"","publisher":{"@id":"https:\/\/espiritodacomporta.com\/pt-pt\/#organization"},"potentialAction":[{"@type":"SearchAction","target":{"@type":"EntryPoint","urlTemplate":"https:\/\/espiritodacomporta.com\/pt-pt\/?s={search_term_string}"},"query-input":{"@type":"PropertyValueSpecification","valueRequired":true,"valueName":"search_term_string"}}],"inLanguage":"pt-PT"},{"@type":"Organization","@id":"https:\/\/espiritodacomporta.com\/pt-pt\/#organization","name":"Espirito da Comporta","url":"https:\/\/espiritodacomporta.com\/pt-pt\/","logo":{"@type":"ImageObject","inLanguage":"pt-PT","@id":"https:\/\/espiritodacomporta.com\/pt-pt\/#\/schema\/logo\/image\/","url":"https:\/\/espiritodacomporta.com\/app\/uploads\/2023\/09\/LOGO-SIGNATURE@4x.png","contentUrl":"https:\/\/espiritodacomporta.com\/app\/uploads\/2023\/09\/LOGO-SIGNATURE@4x.png","width":321,"height":385,"caption":"Espirito da Comporta"},"image":{"@id":"https:\/\/espiritodacomporta.com\/pt-pt\/#\/schema\/logo\/image\/"},"sameAs":["https:\/\/www.instagram.com\/almadacomporta\/"]},{"@type":"Person","@id":"https:\/\/espiritodacomporta.com\/pt-pt\/#\/schema\/person\/c76d29ce59d104bde14812d3465de878","name":"Info","image":{"@type":"ImageObject","inLanguage":"pt-PT","@id":"https:\/\/secure.gravatar.com\/avatar\/dee735d7b19944762d18cdf00966586c0ffcea9da4d03f8be9d25dcff9972207?s=96&d=mm&r=g","url":"https:\/\/secure.gravatar.com\/avatar\/dee735d7b19944762d18cdf00966586c0ffcea9da4d03f8be9d25dcff9972207?s=96&d=mm&r=g","contentUrl":"https:\/\/secure.gravatar.com\/avatar\/dee735d7b19944762d18cdf00966586c0ffcea9da4d03f8be9d25dcff9972207?s=96&d=mm&r=g","caption":"Info"}}]}},"jetpack_featured_media_url":"https:\/\/espiritodacomporta.com\/app\/uploads\/2022\/08\/comporta-flor-arroz.webp","_links":{"self":[{"href":"https:\/\/espiritodacomporta.com\/pt-pt\/wp-json\/wp\/v2\/posts\/98854","targetHints":{"allow":["GET"]}}],"collection":[{"href":"https:\/\/espiritodacomporta.com\/pt-pt\/wp-json\/wp\/v2\/posts"}],"about":[{"href":"https:\/\/espiritodacomporta.com\/pt-pt\/wp-json\/wp\/v2\/types\/post"}],"author":[{"embeddable":true,"href":"https:\/\/espiritodacomporta.com\/pt-pt\/wp-json\/wp\/v2\/users\/7"}],"replies":[{"embeddable":true,"href":"https:\/\/espiritodacomporta.com\/pt-pt\/wp-json\/wp\/v2\/comments?post=98854"}],"version-history":[{"count":1,"href":"https:\/\/espiritodacomporta.com\/pt-pt\/wp-json\/wp\/v2\/posts\/98854\/revisions"}],"predecessor-version":[{"id":98878,"href":"https:\/\/espiritodacomporta.com\/pt-pt\/wp-json\/wp\/v2\/posts\/98854\/revisions\/98878"}],"wp:featuredmedia":[{"embeddable":true,"href":"https:\/\/espiritodacomporta.com\/pt-pt\/wp-json\/wp\/v2\/media\/98861"}],"wp:attachment":[{"href":"https:\/\/espiritodacomporta.com\/pt-pt\/wp-json\/wp\/v2\/media?parent=98854"}],"wp:term":[{"taxonomy":"category","embeddable":true,"href":"https:\/\/espiritodacomporta.com\/pt-pt\/wp-json\/wp\/v2\/categories?post=98854"},{"taxonomy":"post_tag","embeddable":true,"href":"https:\/\/espiritodacomporta.com\/pt-pt\/wp-json\/wp\/v2\/tags?post=98854"}],"curies":[{"name":"wp","href":"https:\/\/api.w.org\/{rel}","templated":true}]}}