{"id":99395,"date":"2026-02-06T12:58:15","date_gmt":"2026-02-06T10:58:15","guid":{"rendered":"https:\/\/espiritodacomporta.com\/passeios-de-balao-no-alentejo\/"},"modified":"2026-02-06T12:58:18","modified_gmt":"2026-02-06T10:58:18","slug":"passeios-de-balao-no-alentejo","status":"publish","type":"post","link":"https:\/\/espiritodacomporta.com\/pt-pt\/passeios-de-balao-no-alentejo\/","title":{"rendered":"Passeios de bal\u00e3o no Alentejo"},"content":{"rendered":"\n<p>O Alentejo \u00e9 uma regi\u00e3o magn\u00edfica. As paisagens s\u00e3o muito variadas e admir\u00e1-las a partir do c\u00e9u torna-as ainda mais incr\u00edveis.   <\/p>\n\n<p>Durante a sua estadia na <a href=\"https:\/\/espiritodacomporta.com\/pt-pt\/\">Comporta<\/a>, fa\u00e7a um voo num bal\u00e3o de ar quente sobre esta regi\u00e3o que oferece vistas de cortar a respira\u00e7\u00e3o. \u00c0 deriva da brisa, pode admirar as casas caiadas de branco de Alc\u00e1cer do Sal, as \u00e1guas do rio Sado, a vila medieval de Monsaraz a sul, a extens\u00e3o de \u00e1gua da barragem do Alqueva e as igrejas de \u00c9vora. <\/p>\n\n<p>Um voo ao nascer ou ao p\u00f4r do sol aumenta a magia do momento. O sil\u00eancio reina no c\u00e9u e o mundo parece mais belo. A tranquilidade \u00e9 absoluta, quase irreal. S\u00f3 \u00e9 interrompido pelo rugido das chamas do queimador.     <\/p>\n\n<p>Pode desfrutar desta incr\u00edvel experi\u00eancia durante um voo exclusivo para dois ou num grupo maior com os seus amigos (at\u00e9 20 pessoas). Este sonho est\u00e1 apenas a uma curta viagem de carro da Comporta. Pode, por exemplo, voar com a Windpassanger (Alc\u00e1cer do Sal) ou com a Herdade dos Grous (Beja). Por isso, n\u00e3o hesite em trazer um pouco de magia para as suas vidas!   <\/p>\n\n<p><strong>Contactos<\/strong><br\/>Windpassenger<br\/><a href=\"https:\/\/www.windpassenger.pt\/\">www.windpassenger.pt<\/a> \/ +351 243 660 006 \/ geral@windpassenger.pt<\/p>\n","protected":false},"excerpt":{"rendered":"<p>O Alentejo \u00e9 uma regi\u00e3o magn\u00edfica. As paisagens s\u00e3o muito variadas e admir\u00e1-las a partir do c\u00e9u torna-as ainda mais incr\u00edveis. Durante a sua estadia na Comporta, fa\u00e7a um voo num bal\u00e3o de ar quente sobre esta regi\u00e3o que oferece vistas de cortar a respira\u00e7\u00e3o. \u00c0 deriva da brisa, pode admirar as casas caiadas de <\/p>\n<div class=\"goto\"><a href=\"https:\/\/espiritodacomporta.com\/pt-pt\/passeios-de-balao-no-alentejo\/\">Ler mais<\/a><\/div>\n","protected":false},"author":2,"featured_media":99282,"comment_status":"open","ping_status":"open","sticky":false,"template":"","format":"standard","meta":{"_acf_changed":false,"inline_featured_image":false,"footnotes":""},"categories":[3970],"tags":[],"class_list":["post-99395","post","type-post","status-publish","format-standard","has-post-thumbnail","hentry","category-liberte-a-sua-mente-e-o-seu-corpo"],"acf":[],"yoast_head":"<!-- This site is optimized with the Yoast SEO Premium plugin v27.2 (Yoast SEO v27.2) - https:\/\/yoast.com\/product\/yoast-seo-premium-wordpress\/ -->\n<title>Comporta Portugal - Organize o seu voo de bal\u00e3o de ar quente<\/title>\n<meta name=\"description\" content=\"Um voo de bal\u00e3o de ar quente sobre a Comporta, na bela regi\u00e3o do Alentejo, em Portugal, oferece-lhe vistas de cortar a respira\u00e7\u00e3o. Um momento m\u00e1gico!\" \/>\n<meta name=\"robots\" content=\"index, follow, max-snippet:-1, max-image-preview:large, max-video-preview:-1\" \/>\n<link rel=\"canonical\" href=\"https:\/\/espiritodacomporta.com\/pt-pt\/passeios-de-balao-no-alentejo\/\" \/>\n<meta property=\"og:locale\" content=\"pt_PT\" \/>\n<meta property=\"og:type\" content=\"article\" \/>\n<meta property=\"og:title\" content=\"Passeios de bal\u00e3o no Alentejo\" \/>\n<meta property=\"og:description\" content=\"Um voo de bal\u00e3o de ar quente sobre a Comporta, na bela regi\u00e3o do Alentejo, em Portugal, oferece-lhe vistas de cortar a respira\u00e7\u00e3o. Um momento m\u00e1gico!\" \/>\n<meta property=\"og:url\" content=\"https:\/\/espiritodacomporta.com\/pt-pt\/passeios-de-balao-no-alentejo\/\" \/>\n<meta property=\"og:site_name\" content=\"Live &amp; Feel Comporta Portugal\" \/>\n<meta property=\"article:published_time\" content=\"2026-02-06T10:58:15+00:00\" \/>\n<meta property=\"article:modified_time\" content=\"2026-02-06T10:58:18+00:00\" \/>\n<meta property=\"og:image\" content=\"https:\/\/espiritodacomporta.com\/app\/uploads\/2019\/01\/2018-08-23-11.37.47-e1559048725803.jpg\" \/>\n\t<meta property=\"og:image:width\" content=\"1180\" \/>\n\t<meta property=\"og:image:height\" content=\"664\" \/>\n\t<meta property=\"og:image:type\" content=\"image\/jpeg\" \/>\n<meta name=\"author\" content=\"Charline Noblet\" \/>\n<meta name=\"twitter:card\" content=\"summary_large_image\" \/>\n<meta name=\"twitter:label1\" content=\"Written by\" \/>\n\t<meta name=\"twitter:data1\" content=\"Charline Noblet\" \/>\n\t<meta name=\"twitter:label2\" content=\"Est. reading time\" \/>\n\t<meta name=\"twitter:data2\" content=\"1 minute\" \/>\n<script type=\"application\/ld+json\" class=\"yoast-schema-graph\">{\"@context\":\"https:\/\/schema.org\",\"@graph\":[{\"@type\":\"Article\",\"@id\":\"https:\/\/espiritodacomporta.com\/pt-pt\/passeios-de-balao-no-alentejo\/#article\",\"isPartOf\":{\"@id\":\"https:\/\/espiritodacomporta.com\/pt-pt\/passeios-de-balao-no-alentejo\/\"},\"author\":{\"name\":\"Charline Noblet\",\"@id\":\"https:\/\/espiritodacomporta.com\/pt-pt\/#\/schema\/person\/6e1c66cf1c46ee5b2e07e9b72600eaee\"},\"headline\":\"Passeios de bal\u00e3o no Alentejo\",\"datePublished\":\"2026-02-06T10:58:15+00:00\",\"dateModified\":\"2026-02-06T10:58:18+00:00\",\"mainEntityOfPage\":{\"@id\":\"https:\/\/espiritodacomporta.com\/pt-pt\/passeios-de-balao-no-alentejo\/\"},\"wordCount\":218,\"commentCount\":0,\"publisher\":{\"@id\":\"https:\/\/espiritodacomporta.com\/pt-pt\/#organization\"},\"image\":{\"@id\":\"https:\/\/espiritodacomporta.com\/pt-pt\/passeios-de-balao-no-alentejo\/#primaryimage\"},\"thumbnailUrl\":\"https:\/\/espiritodacomporta.com\/app\/uploads\/2019\/01\/2018-08-23-11.37.47-e1559048725803.jpg\",\"articleSection\":[\"Liberte a sua mente e o seu corpo\"],\"inLanguage\":\"pt-PT\",\"potentialAction\":[{\"@type\":\"CommentAction\",\"name\":\"Comment\",\"target\":[\"https:\/\/espiritodacomporta.com\/pt-pt\/passeios-de-balao-no-alentejo\/#respond\"]}]},{\"@type\":\"WebPage\",\"@id\":\"https:\/\/espiritodacomporta.com\/pt-pt\/passeios-de-balao-no-alentejo\/\",\"url\":\"https:\/\/espiritodacomporta.com\/pt-pt\/passeios-de-balao-no-alentejo\/\",\"name\":\"Comporta Portugal - Organize o seu voo de bal\u00e3o de ar quente\",\"isPartOf\":{\"@id\":\"https:\/\/espiritodacomporta.com\/pt-pt\/#website\"},\"primaryImageOfPage\":{\"@id\":\"https:\/\/espiritodacomporta.com\/pt-pt\/passeios-de-balao-no-alentejo\/#primaryimage\"},\"image\":{\"@id\":\"https:\/\/espiritodacomporta.com\/pt-pt\/passeios-de-balao-no-alentejo\/#primaryimage\"},\"thumbnailUrl\":\"https:\/\/espiritodacomporta.com\/app\/uploads\/2019\/01\/2018-08-23-11.37.47-e1559048725803.jpg\",\"datePublished\":\"2026-02-06T10:58:15+00:00\",\"dateModified\":\"2026-02-06T10:58:18+00:00\",\"description\":\"Um voo de bal\u00e3o de ar quente sobre a Comporta, na bela regi\u00e3o do Alentejo, em Portugal, oferece-lhe vistas de cortar a respira\u00e7\u00e3o. Um momento m\u00e1gico!\",\"breadcrumb\":{\"@id\":\"https:\/\/espiritodacomporta.com\/pt-pt\/passeios-de-balao-no-alentejo\/#breadcrumb\"},\"inLanguage\":\"pt-PT\",\"potentialAction\":[{\"@type\":\"ReadAction\",\"target\":[\"https:\/\/espiritodacomporta.com\/pt-pt\/passeios-de-balao-no-alentejo\/\"]}]},{\"@type\":\"ImageObject\",\"inLanguage\":\"pt-PT\",\"@id\":\"https:\/\/espiritodacomporta.com\/pt-pt\/passeios-de-balao-no-alentejo\/#primaryimage\",\"url\":\"https:\/\/espiritodacomporta.com\/app\/uploads\/2019\/01\/2018-08-23-11.37.47-e1559048725803.jpg\",\"contentUrl\":\"https:\/\/espiritodacomporta.com\/app\/uploads\/2019\/01\/2018-08-23-11.37.47-e1559048725803.jpg\",\"width\":1180,\"height\":664,\"caption\":\"DCIM100MEDIADJI_0142.JPG\"},{\"@type\":\"BreadcrumbList\",\"@id\":\"https:\/\/espiritodacomporta.com\/pt-pt\/passeios-de-balao-no-alentejo\/#breadcrumb\",\"itemListElement\":[{\"@type\":\"ListItem\",\"position\":1,\"name\":\"Home\",\"item\":\"https:\/\/espiritodacomporta.com\/pt-pt\/\"},{\"@type\":\"ListItem\",\"position\":2,\"name\":\"Sem categoria\",\"item\":\"https:\/\/espiritodacomporta.com\/pt-pt\/category\/sem-categoria\/\"},{\"@type\":\"ListItem\",\"position\":3,\"name\":\"Passeios de bal\u00e3o no Alentejo\"}]},{\"@type\":\"WebSite\",\"@id\":\"https:\/\/espiritodacomporta.com\/pt-pt\/#website\",\"url\":\"https:\/\/espiritodacomporta.com\/pt-pt\/\",\"name\":\"Live & Feel Comporta Portugal\",\"description\":\"\",\"publisher\":{\"@id\":\"https:\/\/espiritodacomporta.com\/pt-pt\/#organization\"},\"potentialAction\":[{\"@type\":\"SearchAction\",\"target\":{\"@type\":\"EntryPoint\",\"urlTemplate\":\"https:\/\/espiritodacomporta.com\/pt-pt\/?s={search_term_string}\"},\"query-input\":{\"@type\":\"PropertyValueSpecification\",\"valueRequired\":true,\"valueName\":\"search_term_string\"}}],\"inLanguage\":\"pt-PT\"},{\"@type\":\"Organization\",\"@id\":\"https:\/\/espiritodacomporta.com\/pt-pt\/#organization\",\"name\":\"Espirito da Comporta\",\"url\":\"https:\/\/espiritodacomporta.com\/pt-pt\/\",\"logo\":{\"@type\":\"ImageObject\",\"inLanguage\":\"pt-PT\",\"@id\":\"https:\/\/espiritodacomporta.com\/pt-pt\/#\/schema\/logo\/image\/\",\"url\":\"https:\/\/espiritodacomporta.com\/app\/uploads\/2023\/09\/LOGO-SIGNATURE@4x.png\",\"contentUrl\":\"https:\/\/espiritodacomporta.com\/app\/uploads\/2023\/09\/LOGO-SIGNATURE@4x.png\",\"width\":321,\"height\":385,\"caption\":\"Espirito da Comporta\"},\"image\":{\"@id\":\"https:\/\/espiritodacomporta.com\/pt-pt\/#\/schema\/logo\/image\/\"},\"sameAs\":[\"https:\/\/www.instagram.com\/almadacomporta\/\"]},{\"@type\":\"Person\",\"@id\":\"https:\/\/espiritodacomporta.com\/pt-pt\/#\/schema\/person\/6e1c66cf1c46ee5b2e07e9b72600eaee\",\"name\":\"Charline Noblet\",\"image\":{\"@type\":\"ImageObject\",\"inLanguage\":\"pt-PT\",\"@id\":\"https:\/\/secure.gravatar.com\/avatar\/1cb8650c0f3cd8a96e31ebc41d5472b4785cb7753c9d361dbcb6ffc123643350?s=96&d=mm&r=g\",\"url\":\"https:\/\/secure.gravatar.com\/avatar\/1cb8650c0f3cd8a96e31ebc41d5472b4785cb7753c9d361dbcb6ffc123643350?s=96&d=mm&r=g\",\"contentUrl\":\"https:\/\/secure.gravatar.com\/avatar\/1cb8650c0f3cd8a96e31ebc41d5472b4785cb7753c9d361dbcb6ffc123643350?s=96&d=mm&r=g\",\"caption\":\"Charline Noblet\"}}]}<\/script>\n<!-- \/ Yoast SEO Premium plugin. -->","yoast_head_json":{"title":"Comporta Portugal - Organize o seu voo de bal\u00e3o de ar quente","description":"Um voo de bal\u00e3o de ar quente sobre a Comporta, na bela regi\u00e3o do Alentejo, em Portugal, oferece-lhe vistas de cortar a respira\u00e7\u00e3o. Um momento m\u00e1gico!","robots":{"index":"index","follow":"follow","max-snippet":"max-snippet:-1","max-image-preview":"max-image-preview:large","max-video-preview":"max-video-preview:-1"},"canonical":"https:\/\/espiritodacomporta.com\/pt-pt\/passeios-de-balao-no-alentejo\/","og_locale":"pt_PT","og_type":"article","og_title":"Passeios de bal\u00e3o no Alentejo","og_description":"Um voo de bal\u00e3o de ar quente sobre a Comporta, na bela regi\u00e3o do Alentejo, em Portugal, oferece-lhe vistas de cortar a respira\u00e7\u00e3o. Um momento m\u00e1gico!","og_url":"https:\/\/espiritodacomporta.com\/pt-pt\/passeios-de-balao-no-alentejo\/","og_site_name":"Live &amp; Feel Comporta Portugal","article_published_time":"2026-02-06T10:58:15+00:00","article_modified_time":"2026-02-06T10:58:18+00:00","og_image":[{"width":1180,"height":664,"url":"https:\/\/espiritodacomporta.com\/app\/uploads\/2019\/01\/2018-08-23-11.37.47-e1559048725803.jpg","type":"image\/jpeg"}],"author":"Charline Noblet","twitter_card":"summary_large_image","twitter_misc":{"Written by":"Charline Noblet","Est. reading time":"1 minute"},"schema":{"@context":"https:\/\/schema.org","@graph":[{"@type":"Article","@id":"https:\/\/espiritodacomporta.com\/pt-pt\/passeios-de-balao-no-alentejo\/#article","isPartOf":{"@id":"https:\/\/espiritodacomporta.com\/pt-pt\/passeios-de-balao-no-alentejo\/"},"author":{"name":"Charline Noblet","@id":"https:\/\/espiritodacomporta.com\/pt-pt\/#\/schema\/person\/6e1c66cf1c46ee5b2e07e9b72600eaee"},"headline":"Passeios de bal\u00e3o no Alentejo","datePublished":"2026-02-06T10:58:15+00:00","dateModified":"2026-02-06T10:58:18+00:00","mainEntityOfPage":{"@id":"https:\/\/espiritodacomporta.com\/pt-pt\/passeios-de-balao-no-alentejo\/"},"wordCount":218,"commentCount":0,"publisher":{"@id":"https:\/\/espiritodacomporta.com\/pt-pt\/#organization"},"image":{"@id":"https:\/\/espiritodacomporta.com\/pt-pt\/passeios-de-balao-no-alentejo\/#primaryimage"},"thumbnailUrl":"https:\/\/espiritodacomporta.com\/app\/uploads\/2019\/01\/2018-08-23-11.37.47-e1559048725803.jpg","articleSection":["Liberte a sua mente e o seu corpo"],"inLanguage":"pt-PT","potentialAction":[{"@type":"CommentAction","name":"Comment","target":["https:\/\/espiritodacomporta.com\/pt-pt\/passeios-de-balao-no-alentejo\/#respond"]}]},{"@type":"WebPage","@id":"https:\/\/espiritodacomporta.com\/pt-pt\/passeios-de-balao-no-alentejo\/","url":"https:\/\/espiritodacomporta.com\/pt-pt\/passeios-de-balao-no-alentejo\/","name":"Comporta Portugal - Organize o seu voo de bal\u00e3o de ar quente","isPartOf":{"@id":"https:\/\/espiritodacomporta.com\/pt-pt\/#website"},"primaryImageOfPage":{"@id":"https:\/\/espiritodacomporta.com\/pt-pt\/passeios-de-balao-no-alentejo\/#primaryimage"},"image":{"@id":"https:\/\/espiritodacomporta.com\/pt-pt\/passeios-de-balao-no-alentejo\/#primaryimage"},"thumbnailUrl":"https:\/\/espiritodacomporta.com\/app\/uploads\/2019\/01\/2018-08-23-11.37.47-e1559048725803.jpg","datePublished":"2026-02-06T10:58:15+00:00","dateModified":"2026-02-06T10:58:18+00:00","description":"Um voo de bal\u00e3o de ar quente sobre a Comporta, na bela regi\u00e3o do Alentejo, em Portugal, oferece-lhe vistas de cortar a respira\u00e7\u00e3o. Um momento m\u00e1gico!","breadcrumb":{"@id":"https:\/\/espiritodacomporta.com\/pt-pt\/passeios-de-balao-no-alentejo\/#breadcrumb"},"inLanguage":"pt-PT","potentialAction":[{"@type":"ReadAction","target":["https:\/\/espiritodacomporta.com\/pt-pt\/passeios-de-balao-no-alentejo\/"]}]},{"@type":"ImageObject","inLanguage":"pt-PT","@id":"https:\/\/espiritodacomporta.com\/pt-pt\/passeios-de-balao-no-alentejo\/#primaryimage","url":"https:\/\/espiritodacomporta.com\/app\/uploads\/2019\/01\/2018-08-23-11.37.47-e1559048725803.jpg","contentUrl":"https:\/\/espiritodacomporta.com\/app\/uploads\/2019\/01\/2018-08-23-11.37.47-e1559048725803.jpg","width":1180,"height":664,"caption":"DCIM100MEDIADJI_0142.JPG"},{"@type":"BreadcrumbList","@id":"https:\/\/espiritodacomporta.com\/pt-pt\/passeios-de-balao-no-alentejo\/#breadcrumb","itemListElement":[{"@type":"ListItem","position":1,"name":"Home","item":"https:\/\/espiritodacomporta.com\/pt-pt\/"},{"@type":"ListItem","position":2,"name":"Sem categoria","item":"https:\/\/espiritodacomporta.com\/pt-pt\/category\/sem-categoria\/"},{"@type":"ListItem","position":3,"name":"Passeios de bal\u00e3o no Alentejo"}]},{"@type":"WebSite","@id":"https:\/\/espiritodacomporta.com\/pt-pt\/#website","url":"https:\/\/espiritodacomporta.com\/pt-pt\/","name":"Live & Feel Comporta Portugal","description":"","publisher":{"@id":"https:\/\/espiritodacomporta.com\/pt-pt\/#organization"},"potentialAction":[{"@type":"SearchAction","target":{"@type":"EntryPoint","urlTemplate":"https:\/\/espiritodacomporta.com\/pt-pt\/?s={search_term_string}"},"query-input":{"@type":"PropertyValueSpecification","valueRequired":true,"valueName":"search_term_string"}}],"inLanguage":"pt-PT"},{"@type":"Organization","@id":"https:\/\/espiritodacomporta.com\/pt-pt\/#organization","name":"Espirito da Comporta","url":"https:\/\/espiritodacomporta.com\/pt-pt\/","logo":{"@type":"ImageObject","inLanguage":"pt-PT","@id":"https:\/\/espiritodacomporta.com\/pt-pt\/#\/schema\/logo\/image\/","url":"https:\/\/espiritodacomporta.com\/app\/uploads\/2023\/09\/LOGO-SIGNATURE@4x.png","contentUrl":"https:\/\/espiritodacomporta.com\/app\/uploads\/2023\/09\/LOGO-SIGNATURE@4x.png","width":321,"height":385,"caption":"Espirito da Comporta"},"image":{"@id":"https:\/\/espiritodacomporta.com\/pt-pt\/#\/schema\/logo\/image\/"},"sameAs":["https:\/\/www.instagram.com\/almadacomporta\/"]},{"@type":"Person","@id":"https:\/\/espiritodacomporta.com\/pt-pt\/#\/schema\/person\/6e1c66cf1c46ee5b2e07e9b72600eaee","name":"Charline Noblet","image":{"@type":"ImageObject","inLanguage":"pt-PT","@id":"https:\/\/secure.gravatar.com\/avatar\/1cb8650c0f3cd8a96e31ebc41d5472b4785cb7753c9d361dbcb6ffc123643350?s=96&d=mm&r=g","url":"https:\/\/secure.gravatar.com\/avatar\/1cb8650c0f3cd8a96e31ebc41d5472b4785cb7753c9d361dbcb6ffc123643350?s=96&d=mm&r=g","contentUrl":"https:\/\/secure.gravatar.com\/avatar\/1cb8650c0f3cd8a96e31ebc41d5472b4785cb7753c9d361dbcb6ffc123643350?s=96&d=mm&r=g","caption":"Charline Noblet"}}]}},"jetpack_featured_media_url":"https:\/\/espiritodacomporta.com\/app\/uploads\/2019\/01\/2018-08-23-11.37.47-e1559048725803.jpg","_links":{"self":[{"href":"https:\/\/espiritodacomporta.com\/pt-pt\/wp-json\/wp\/v2\/posts\/99395","targetHints":{"allow":["GET"]}}],"collection":[{"href":"https:\/\/espiritodacomporta.com\/pt-pt\/wp-json\/wp\/v2\/posts"}],"about":[{"href":"https:\/\/espiritodacomporta.com\/pt-pt\/wp-json\/wp\/v2\/types\/post"}],"author":[{"embeddable":true,"href":"https:\/\/espiritodacomporta.com\/pt-pt\/wp-json\/wp\/v2\/users\/2"}],"replies":[{"embeddable":true,"href":"https:\/\/espiritodacomporta.com\/pt-pt\/wp-json\/wp\/v2\/comments?post=99395"}],"version-history":[{"count":1,"href":"https:\/\/espiritodacomporta.com\/pt-pt\/wp-json\/wp\/v2\/posts\/99395\/revisions"}],"predecessor-version":[{"id":99397,"href":"https:\/\/espiritodacomporta.com\/pt-pt\/wp-json\/wp\/v2\/posts\/99395\/revisions\/99397"}],"wp:featuredmedia":[{"embeddable":true,"href":"https:\/\/espiritodacomporta.com\/pt-pt\/wp-json\/wp\/v2\/media\/99282"}],"wp:attachment":[{"href":"https:\/\/espiritodacomporta.com\/pt-pt\/wp-json\/wp\/v2\/media?parent=99395"}],"wp:term":[{"taxonomy":"category","embeddable":true,"href":"https:\/\/espiritodacomporta.com\/pt-pt\/wp-json\/wp\/v2\/categories?post=99395"},{"taxonomy":"post_tag","embeddable":true,"href":"https:\/\/espiritodacomporta.com\/pt-pt\/wp-json\/wp\/v2\/tags?post=99395"}],"curies":[{"name":"wp","href":"https:\/\/api.w.org\/{rel}","templated":true}]}}