{"id":99577,"date":"2026-02-06T13:16:55","date_gmt":"2026-02-06T11:16:55","guid":{"rendered":"https:\/\/espiritodacomporta.com\/cidades-costeiras-em-portugal\/"},"modified":"2026-02-06T13:16:57","modified_gmt":"2026-02-06T11:16:57","slug":"cidades-costeiras-em-portugal","status":"publish","type":"post","link":"https:\/\/espiritodacomporta.com\/pt-pt\/cidades-costeiras-em-portugal\/","title":{"rendered":"Cidades costeiras em Portugal"},"content":{"rendered":"\n<p>Portugal situa-se no extremo sudoeste da Europa e \u00e9 um pa\u00eds com 10 milh\u00f5es de habitantes que, geograficamente, \u00e9 privilegiado pela sua costa, que tem 943 km de comprimento, sem esquecer os seus dois arquip\u00e9lagos, Madeira e A\u00e7ores, com 250 kms e 667 kms respetivamente.<\/p>\n\n<p>De norte a sul, cada cidade tem as suas pr\u00f3prias carater\u00edsticas. Descubra connosco os melhores locais da costa portuguesa! <\/p>\n\n<ul class=\"wp-block-list\">\n<li><a href=\"#madeira\">Madeira<\/a><\/li>\n\n\n\n<li><a href=\"#azores\">A\u00e7ores<\/a><\/li>\n\n\n\n<li><a href=\"#viana\">Viana do castelo<\/a><\/li>\n\n\n\n<li><a href=\"#gaia\">Vila nova de Gaia<\/a><\/li>\n\n\n\n<li><a href=\"#aveiro\">Aveiro<\/a><\/li>\n\n\n\n<li><a href=\"#nazare\">Nazar\u00e9<\/a><\/li>\n\n\n\n<li><a href=\"#peniche\">Peniche<\/a><\/li>\n\n\n\n<li><a href=\"#setubal\">Set\u00fabal<\/a><\/li>\n\n\n\n<li><a href=\"#comporta\">Comporta<\/a><\/li>\n\n\n\n<li><a href=\"#porto-covo\">Porto covo<\/a><\/li>\n\n\n\n<li><a href=\"#aljezur\">Aljezur<\/a><\/li>\n\n\n\n<li><a href=\"#tavira\">Tavira<\/a><\/li>\n<\/ul>\n\n<h2 class=\"wp-block-heading\" id=\"h-what-are-the-islands-off-the-coast-of-portugal-called\"><strong>Como se chamam as ilhas ao largo da costa de Portugal?<\/strong><\/h2>\n\n<h3 class=\"wp-block-heading\"><strong>Madeira  <\/strong><\/h3>\n\n<p id=\"madeira\">Este arquip\u00e9lago situa-se no meio do Oceano Atl\u00e2ntico e tem tr\u00eas ilhas, sendo as mais conhecidas a &#8220;Ilha da Madeira&#8221; e a &#8220;Ilha do Porto Santo&#8221;. A 978 km a sudoeste de Lisboa e a 700 km da costa africana, \u00e9 considerado territ\u00f3rio europeu mas, geograficamente, encontra-se na plataforma continental de \u00c1frica. <\/p>\n\n<p>O seu clima ameno, mais quente do que o de Portugal continental, faz com que seja um local muito procurado pelos turistas em qualquer altura do ano.<\/p>\n\n<p>O Funchal \u00e9 a capital desta ilha e a maior cidade da ilha. Com um aeroporto e muitas atrac\u00e7\u00f5es, como o seu belo centro hist\u00f3rico, \u00e9 o ponto de partida da maioria dos visitantes. <\/p>\n\n<figure class=\"wp-block-image size-full\"><img loading=\"lazy\" decoding=\"async\" width=\"1024\" height=\"768\" data-attachment-id=\"46235\" data-permalink=\"https:\/\/espiritodacomporta.com\/pt-pt\/coastal-towns-in-portugal\/pico-areeiro-1\/\" data-orig-file=\"https:\/\/espiritodacomporta.com\/app\/uploads\/2022\/11\/pico-areeiro-1.jpeg\" data-orig-size=\"1024,768\" data-comments-opened=\"0\" data-image-meta=\"{&quot;aperture&quot;:&quot;0&quot;,&quot;credit&quot;:&quot;&quot;,&quot;camera&quot;:&quot;&quot;,&quot;caption&quot;:&quot;&quot;,&quot;created_timestamp&quot;:&quot;0&quot;,&quot;copyright&quot;:&quot;&quot;,&quot;focal_length&quot;:&quot;0&quot;,&quot;iso&quot;:&quot;0&quot;,&quot;shutter_speed&quot;:&quot;0&quot;,&quot;title&quot;:&quot;&quot;,&quot;orientation&quot;:&quot;0&quot;}\" data-image-title=\"pico-areeiro-1\" data-image-description=\"\" data-image-caption=\"\" data-medium-file=\"https:\/\/espiritodacomporta.com\/app\/uploads\/2022\/11\/pico-areeiro-1-300x225.jpeg\" data-large-file=\"https:\/\/espiritodacomporta.com\/app\/uploads\/2022\/11\/pico-areeiro-1.jpeg\" src=\"\/app\/uploads\/2022\/11\/pico-areeiro-1.jpeg\" alt=\"madeira-portugal\" class=\"wp-image-46235\" srcset=\"https:\/\/espiritodacomporta.com\/app\/uploads\/2022\/11\/pico-areeiro-1.jpeg 1024w, https:\/\/espiritodacomporta.com\/app\/uploads\/2022\/11\/pico-areeiro-1-300x225.jpeg 300w, https:\/\/espiritodacomporta.com\/app\/uploads\/2022\/11\/pico-areeiro-1-768x576.jpeg 768w\" sizes=\"auto, (max-width: 1024px) 100vw, 1024px\" \/><figcaption class=\"wp-element-caption\">Flickr por Vitor Oliveira<\/figcaption><\/figure>\n\n<p>Alugar um carro \u00e9 essencial para explorar locais como:<\/p>\n\n<ul class=\"wp-block-list\">\n<li>C\u00e2mara de lobos<\/li>\n\n\n\n<li>Cabo Gir\u00e3o Belvedere<\/li>\n\n\n\n<li>Curral das Freiras<\/li>\n\n\n\n<li>Paulo da serra<\/li>\n\n\n\n<li>Pico do areeiro<\/li>\n\n\n\n<li>Pico Ruivo<\/li>\n\n\n\n<li>Santana<\/li>\n\n\n\n<li>Grutas de S\u00e3o Vicente<\/li>\n<\/ul>\n\n<p>O Porto Santo, muito mais pequeno do que a Madeira, \u00e9 uma ilha ideal para as f\u00e9rias de ver\u00e3o. Com areia dourada e mar cristalino, \u00e9 chamada de para\u00edso pela maioria dos visitantes. <\/p>\n\n<h3 class=\"wp-block-heading\"><strong>A\u00e7ores<\/strong> <\/h3>\n\n<p id=\"azores\">Este arquip\u00e9lago situado no Oceano Atl\u00e2ntico tem nove ilhas e faz parte da regi\u00e3o da Macaron\u00e9sia, que inclui as ilhas da Madeira, Can\u00e1rias, Cabo Verde e Noroeste de \u00c1frica.<\/p>\n\n<p>O seu clima \u00e9 diferente de ilha para ilha.  <\/p>\n\n<ul class=\"wp-block-list\">\n<li>Santa Maria<\/li>\n\n\n\n<li>S\u00e3o Miguel<\/li>\n\n\n\n<li>Terceira<\/li>\n\n\n\n<li>Graciosa<\/li>\n\n\n\n<li>S\u00e3o Jorge<\/li>\n\n\n\n<li>Pico<\/li>\n\n\n\n<li>Faial<\/li>\n\n\n\n<li>Flores<\/li>\n\n\n\n<li>Corvo<\/li>\n<\/ul>\n\n<p>A maior ilha \u00e9 S\u00e3o Miguel, com uma superf\u00edcie de 747 km.<\/p>\n\n<p>Os A\u00e7ores s\u00e3o conhecidos pelas suas paisagens id\u00edlicas, aldeias pitorescas, pastagens verdes e sistema de lagoas vulc\u00e2nicas. \u00c9 de cortar a respira\u00e7\u00e3o! <\/p>\n\n<figure class=\"wp-block-image size-large\"><img loading=\"lazy\" decoding=\"async\" width=\"1024\" height=\"683\" data-attachment-id=\"46240\" data-permalink=\"https:\/\/espiritodacomporta.com\/pt-pt\/coastal-towns-in-portugal\/sao_miguel_island_azores-_sete_cidades_caldera_lagoa_de_santiago_azores-1\/\" data-orig-file=\"https:\/\/espiritodacomporta.com\/app\/uploads\/2022\/11\/Sao_Miguel_Island_Azores._Sete_Cidades_Caldera_Lagoa_de_Santiago_Azores-1-scaled.jpg\" data-orig-size=\"2560,1707\" data-comments-opened=\"0\" data-image-meta=\"{&quot;aperture&quot;:&quot;4&quot;,&quot;credit&quot;:&quot;&quot;,&quot;camera&quot;:&quot;FinePix F31fd&quot;,&quot;caption&quot;:&quot;&quot;,&quot;created_timestamp&quot;:&quot;1250869064&quot;,&quot;copyright&quot;:&quot;&quot;,&quot;focal_length&quot;:&quot;8&quot;,&quot;iso&quot;:&quot;100&quot;,&quot;shutter_speed&quot;:&quot;0.0028571428571429&quot;,&quot;title&quot;:&quot;&quot;,&quot;orientation&quot;:&quot;1&quot;}\" data-image-title=\"Sao_Miguel_Island_Azores._Sete_Cidades_Caldera_Lagoa_de_Santiago_Azores-1\" data-image-description=\"\" data-image-caption=\"\" data-medium-file=\"https:\/\/espiritodacomporta.com\/app\/uploads\/2022\/11\/Sao_Miguel_Island_Azores._Sete_Cidades_Caldera_Lagoa_de_Santiago_Azores-1-300x200.jpg\" data-large-file=\"https:\/\/espiritodacomporta.com\/app\/uploads\/2022\/11\/Sao_Miguel_Island_Azores._Sete_Cidades_Caldera_Lagoa_de_Santiago_Azores-1-1024x683.jpg\" src=\"\/app\/uploads\/2022\/11\/Sao_Miguel_Island_Azores._Sete_Cidades_Caldera_Lagoa_de_Santiago_Azores-1-1024x683.jpg\" alt=\"A&#xE7;ores-portugal\" class=\"wp-image-46240\" srcset=\"https:\/\/espiritodacomporta.com\/app\/uploads\/2022\/11\/Sao_Miguel_Island_Azores._Sete_Cidades_Caldera_Lagoa_de_Santiago_Azores-1-1024x683.jpg 1024w, https:\/\/espiritodacomporta.com\/app\/uploads\/2022\/11\/Sao_Miguel_Island_Azores._Sete_Cidades_Caldera_Lagoa_de_Santiago_Azores-1-300x200.jpg 300w, https:\/\/espiritodacomporta.com\/app\/uploads\/2022\/11\/Sao_Miguel_Island_Azores._Sete_Cidades_Caldera_Lagoa_de_Santiago_Azores-1-768x512.jpg 768w, https:\/\/espiritodacomporta.com\/app\/uploads\/2022\/11\/Sao_Miguel_Island_Azores._Sete_Cidades_Caldera_Lagoa_de_Santiago_Azores-1-1536x1024.jpg 1536w, https:\/\/espiritodacomporta.com\/app\/uploads\/2022\/11\/Sao_Miguel_Island_Azores._Sete_Cidades_Caldera_Lagoa_de_Santiago_Azores-1-2048x1365.jpg 2048w\" sizes=\"auto, (max-width: 1024px) 100vw, 1024px\" \/><figcaption class=\"wp-element-caption\">  Wikimedia commons por Arnaud Mader<\/figcaption><\/figure>\n\n<h2 class=\"wp-block-heading\"><strong>Por que \u00e9 que o Norte de Portugal \u00e9 conhecido?<\/strong><\/h2>\n\n<p>Na regi\u00e3o norte, h\u00e1 muitas vilas e cidades encantadoras e a oferta \u00e9 grande. Desde Casas de Pedra, aldeias pitorescas, regi\u00f5es florestais (patrim\u00f3nio natural e cultural) ou cidades de praia, toda esta regi\u00e3o merece uma visita. Falamos-lhe de duas cidades costeiras imperd\u00edveis e deixamos-lhe outras sugest\u00f5es a n\u00e3o perder.  <\/p>\n\n<h3 class=\"wp-block-heading\"><strong>Viana do castelo<\/strong> <\/h3>\n\n<p id=\"viana\">Esta cidade \u00e9 considerada uma das mais belas da regi\u00e3o norte do pa\u00eds. Pal\u00e1cios, igrejas, conventos e fontes fazem desta cidade uma cidade patrim\u00f3nio com uma forte liga\u00e7\u00e3o ao mar. A apenas 30 minutos de Espanha e a menos de uma hora do Porto, n\u00e3o deixe de se perder propositadamente nas ruas e de se encantar com os monumentos hist\u00f3ricos da cidade e n\u00e3o deixe de conhecer todos os pontos tur\u00edsticos. Onde quer que v\u00e1, ver\u00e1 que acabar\u00e1 sempre no belo centro hist\u00f3rico. \u00c0 sua volta, h\u00e1 tamb\u00e9m outras actividades. Do surf \u00e0s caminhadas \u00e9 sem d\u00favida um dos segredos de Portugal.     <\/p>\n\n<figure class=\"wp-block-image size-large\"><img loading=\"lazy\" decoding=\"async\" width=\"1024\" height=\"768\" data-attachment-id=\"46245\" data-permalink=\"https:\/\/espiritodacomporta.com\/pt-pt\/coastal-towns-in-portugal\/viana_do_castelo_51028149152-1\/\" data-orig-file=\"https:\/\/espiritodacomporta.com\/app\/uploads\/2022\/11\/Viana_do_Castelo_51028149152-1-scaled.jpeg\" data-orig-size=\"2560,1920\" data-comments-opened=\"0\" data-image-meta=\"{&quot;aperture&quot;:&quot;2.4&quot;,&quot;credit&quot;:&quot;&quot;,&quot;camera&quot;:&quot;iPhone XS&quot;,&quot;caption&quot;:&quot;&quot;,&quot;created_timestamp&quot;:&quot;1593889271&quot;,&quot;copyright&quot;:&quot;&quot;,&quot;focal_length&quot;:&quot;6&quot;,&quot;iso&quot;:&quot;16&quot;,&quot;shutter_speed&quot;:&quot;0.00087565674255692&quot;,&quot;title&quot;:&quot;&quot;,&quot;orientation&quot;:&quot;0&quot;}\" data-image-title=\"Viana_do_Castelo_51028149152-1\" data-image-description=\"\" data-image-caption=\"\" data-medium-file=\"https:\/\/espiritodacomporta.com\/app\/uploads\/2022\/11\/Viana_do_Castelo_51028149152-1-300x225.jpeg\" data-large-file=\"https:\/\/espiritodacomporta.com\/app\/uploads\/2022\/11\/Viana_do_Castelo_51028149152-1-1024x768.jpeg\" src=\"\/app\/uploads\/2022\/11\/Viana_do_Castelo_51028149152-1-1024x768.jpeg\" alt=\"viana-castelo-portugal\" class=\"wp-image-46245\" srcset=\"https:\/\/espiritodacomporta.com\/app\/uploads\/2022\/11\/Viana_do_Castelo_51028149152-1-1024x768.jpeg 1024w, https:\/\/espiritodacomporta.com\/app\/uploads\/2022\/11\/Viana_do_Castelo_51028149152-1-300x225.jpeg 300w, https:\/\/espiritodacomporta.com\/app\/uploads\/2022\/11\/Viana_do_Castelo_51028149152-1-768x576.jpeg 768w, https:\/\/espiritodacomporta.com\/app\/uploads\/2022\/11\/Viana_do_Castelo_51028149152-1-1536x1152.jpeg 1536w, https:\/\/espiritodacomporta.com\/app\/uploads\/2022\/11\/Viana_do_Castelo_51028149152-1-2048x1536.jpeg 2048w\" sizes=\"auto, (max-width: 1024px) 100vw, 1024px\" \/><figcaption class=\"wp-element-caption\">Wikimedia commons por Sergei Gussev<\/figcaption><\/figure>\n\n<h3 class=\"wp-block-heading\"><strong>Vila nova de Gaia<\/strong> <\/h3>\n\n<p id=\"gaia\">Esta cidade fica no lado oposto do Porto. Ambas as cidades podem ser atravessadas por uma ponte. E uma das mais bonitas: a chamada ponte D. Lu\u00eds I.  <\/p>\n\n<p>Vila nova de gaia \u00e9 uma cidade com muitas e belas praias de areia branca. \u00c9 conhecida pelas suas muitas caves do famoso vinho do Porto, pelas suas muitas esplanadas com vistas id\u00edlicas, pelas suas muitas pontes, e por ser uma cidade que atravessa o mar e o rio. <\/p>\n\n<p>Quem for ao Porto n\u00e3o deixar\u00e1 de se encantar com esta cidade que tem tanto para oferecer.<\/p>\n\n<figure class=\"wp-block-image size-large\"><img loading=\"lazy\" decoding=\"async\" width=\"1024\" height=\"678\" data-attachment-id=\"46255\" data-permalink=\"https:\/\/espiritodacomporta.com\/pt-pt\/coastal-towns-in-portugal\/vila-nova-gaia-portugal\/\" data-orig-file=\"https:\/\/espiritodacomporta.com\/app\/uploads\/2022\/11\/vila-nova-gaia-portugal.webp\" data-orig-size=\"1600,1060\" data-comments-opened=\"0\" data-image-meta=\"{&quot;aperture&quot;:&quot;0&quot;,&quot;credit&quot;:&quot;&quot;,&quot;camera&quot;:&quot;&quot;,&quot;caption&quot;:&quot;&quot;,&quot;created_timestamp&quot;:&quot;0&quot;,&quot;copyright&quot;:&quot;&quot;,&quot;focal_length&quot;:&quot;0&quot;,&quot;iso&quot;:&quot;0&quot;,&quot;shutter_speed&quot;:&quot;0&quot;,&quot;title&quot;:&quot;&quot;,&quot;orientation&quot;:&quot;0&quot;}\" data-image-title=\"vila-nova-gaia-portugal\" data-image-description=\"\" data-image-caption=\"\" data-medium-file=\"https:\/\/espiritodacomporta.com\/app\/uploads\/2022\/11\/vila-nova-gaia-portugal-300x199.webp\" data-large-file=\"https:\/\/espiritodacomporta.com\/app\/uploads\/2022\/11\/vila-nova-gaia-portugal-1024x678.webp\" src=\"\/app\/uploads\/2022\/11\/vila-nova-gaia-portugal-1024x678.webp\" alt=\"\" class=\"wp-image-46255\" srcset=\"https:\/\/espiritodacomporta.com\/app\/uploads\/2022\/11\/vila-nova-gaia-portugal-1024x678.webp 1024w, https:\/\/espiritodacomporta.com\/app\/uploads\/2022\/11\/vila-nova-gaia-portugal-300x199.webp 300w, https:\/\/espiritodacomporta.com\/app\/uploads\/2022\/11\/vila-nova-gaia-portugal-768x509.webp 768w, https:\/\/espiritodacomporta.com\/app\/uploads\/2022\/11\/vila-nova-gaia-portugal-1536x1018.webp 1536w, https:\/\/espiritodacomporta.com\/app\/uploads\/2022\/11\/vila-nova-gaia-portugal.webp 1600w\" sizes=\"auto, (max-width: 1024px) 100vw, 1024px\" \/><figcaption class=\"wp-element-caption\">Wikimedia commons por Waxilexlilarose<\/figcaption><\/figure>\n\n<p><strong>N\u00e3o o perca como atra\u00e7\u00e3o da cidade:<\/strong><\/p>\n\n<ul class=\"wp-block-list\">\n<li>Mosteiro da Serra do Pilar<\/li>\n\n\n\n<li>Ponte Lu\u00eds I<\/li>\n\n\n\n<li>Caves de Vinho do Porto<\/li>\n\n\n\n<li>O cais de Gaia<\/li>\n\n\n\n<li>Capela do Senhor da Pedra  <\/li>\n<\/ul>\n\n<p><strong>Outras vilas ou cidades costeiras do Norte:<\/strong><\/p>\n\n<ul class=\"wp-block-list\">\n<li>P\u00f3voa do Varzim<\/li>\n\n\n\n<li>Vila do conde<\/li>\n\n\n\n<li>Matosinhos<\/li>\n\n\n\n<li>Espinho<\/li>\n<\/ul>\n\n<h2 class=\"wp-block-heading\"><strong>Por que \u00e9 que o centro de Portugal \u00e9 conhecido?<\/strong><\/h2>\n\n<p>O Centro de Portugal \u00e9 vasto e tem uma grande variedade de hist\u00f3ria e paisagens, desde montanhas a aldeias tradicionais e praias para todos os gostos! Aqui ficam algumas cidades\/aldeias a n\u00e3o perder e mencionamos outras que deve explorar. <\/p>\n\n<p id=\"aveiro\"><strong>Aveiro<\/strong> &#8211; A cidade conhecida como a Veneza portuguesa. \u00c9 uma cidade cheia de encanto e rodeada de \u00e1gua. Perfeita para explorar de bicicleta ou nos chamados barcos moliceiros, antigamente utilizados para a apanha de algas e sarga\u00e7o. Aveiro junta o mar com a ria e apresenta o estilo &#8220;art nouveau&#8221; nos edif\u00edcios. \u00c0 sua volta, pode visitar as salinas, a reserva natural das dunas de S\u00e3o Jacinto ou, em dire\u00e7\u00e3o ao sul, belas praias selvagens.    <\/p>\n\n<figure class=\"wp-block-image size-full\"><img loading=\"lazy\" decoding=\"async\" width=\"1024\" height=\"768\" data-attachment-id=\"46260\" data-permalink=\"https:\/\/espiritodacomporta.com\/pt-pt\/coastal-towns-in-portugal\/419095678_580f070ab2_b-2\/\" data-orig-file=\"https:\/\/espiritodacomporta.com\/app\/uploads\/2022\/11\/419095678_580f070ab2_b.webp\" data-orig-size=\"1024,768\" data-comments-opened=\"0\" data-image-meta=\"{&quot;aperture&quot;:&quot;0&quot;,&quot;credit&quot;:&quot;&quot;,&quot;camera&quot;:&quot;&quot;,&quot;caption&quot;:&quot;&quot;,&quot;created_timestamp&quot;:&quot;0&quot;,&quot;copyright&quot;:&quot;&quot;,&quot;focal_length&quot;:&quot;0&quot;,&quot;iso&quot;:&quot;0&quot;,&quot;shutter_speed&quot;:&quot;0&quot;,&quot;title&quot;:&quot;&quot;,&quot;orientation&quot;:&quot;0&quot;}\" data-image-title=\"419095678_580f070ab2_b\" data-image-description=\"\" data-image-caption=\"\" data-medium-file=\"https:\/\/espiritodacomporta.com\/app\/uploads\/2022\/11\/419095678_580f070ab2_b-300x225.webp\" data-large-file=\"https:\/\/espiritodacomporta.com\/app\/uploads\/2022\/11\/419095678_580f070ab2_b.webp\" src=\"\/app\/uploads\/2022\/11\/419095678_580f070ab2_b.webp\" alt=\"aveiro-portugal\" class=\"wp-image-46260\" srcset=\"https:\/\/espiritodacomporta.com\/app\/uploads\/2022\/11\/419095678_580f070ab2_b.webp 1024w, https:\/\/espiritodacomporta.com\/app\/uploads\/2022\/11\/419095678_580f070ab2_b-300x225.webp 300w, https:\/\/espiritodacomporta.com\/app\/uploads\/2022\/11\/419095678_580f070ab2_b-768x576.webp 768w\" sizes=\"auto, (max-width: 1024px) 100vw, 1024px\" \/><figcaption class=\"wp-element-caption\">Flickr por Vitor Oliveira<\/figcaption><\/figure>\n\n<p>N\u00e3o deixe de comer os deliciosos ovos moles de Aveiro.<\/p>\n\n<h3 class=\"wp-block-heading\"><strong>Nazar\u00e9<\/strong> <\/h3>\n\n<p id=\"nazare\">No centro oeste do pa\u00eds, a Nazar\u00e9 \u00e9 uma t\u00edpica vila costeira de Portugal. Internacionalmente conhecida pelos amantes do surf, \u00e9 nesta vila que muitos turistas se encontram para ver o fen\u00f3meno explicado pelas maiores ondas do mundo. No entanto, a Nazar\u00e9 \u00e9 mais do que ondas grandes. Para al\u00e9m da praia que oferece, tem atrac\u00e7\u00f5es imperd\u00edveis como santu\u00e1rios, miradouros, fortes, pra\u00e7as e mercados.   <\/p>\n\n<h3 class=\"wp-block-heading\"><strong>Peniche<\/strong><\/h3>\n\n<p id=\"peniche\">Na mesma costa, encontramos Peniche. A zona oeste de Portugal \u00e9 conhecida pelos seus ventos e por isso a pr\u00e1tica do surf \u00e9 bastante comum. No entanto, Peniche \u00e9 um para\u00edso geol\u00f3gico e um dos melhores locais para observar aves migrat\u00f3rias. A apenas 100 kms da capital, tem praias para todos os gostos, desde areia branca a \u00e1guas cristalinas ou \u00e1guas mais concorridas para a pr\u00e1tica de surf. No ver\u00e3o \u00e9 mais concorrida mas o ambiente \u00e9 sempre descontra\u00eddo. A atra\u00e7\u00e3o mais famosa \u00e9 a conhecida ilha das berlengas, no entanto, apesar de ser bonita e \u00fanica, h\u00e1 muito mais para explorar:     <\/p>\n\n<figure class=\"wp-block-image size-full\"><img loading=\"lazy\" decoding=\"async\" width=\"1024\" height=\"768\" data-attachment-id=\"46265\" data-permalink=\"https:\/\/espiritodacomporta.com\/pt-pt\/coastal-towns-in-portugal\/peniche\/\" data-orig-file=\"https:\/\/espiritodacomporta.com\/app\/uploads\/2022\/11\/peniche.jpeg\" data-orig-size=\"1024,768\" data-comments-opened=\"0\" data-image-meta=\"{&quot;aperture&quot;:&quot;0&quot;,&quot;credit&quot;:&quot;&quot;,&quot;camera&quot;:&quot;&quot;,&quot;caption&quot;:&quot;&quot;,&quot;created_timestamp&quot;:&quot;0&quot;,&quot;copyright&quot;:&quot;&quot;,&quot;focal_length&quot;:&quot;0&quot;,&quot;iso&quot;:&quot;0&quot;,&quot;shutter_speed&quot;:&quot;0&quot;,&quot;title&quot;:&quot;&quot;,&quot;orientation&quot;:&quot;0&quot;}\" data-image-title=\"peniche\" data-image-description=\"\" data-image-caption=\"\" data-medium-file=\"https:\/\/espiritodacomporta.com\/app\/uploads\/2022\/11\/peniche-300x225.jpeg\" data-large-file=\"https:\/\/espiritodacomporta.com\/app\/uploads\/2022\/11\/peniche.jpeg\" src=\"\/app\/uploads\/2022\/11\/peniche.jpeg\" alt=\"\" class=\"wp-image-46265\" srcset=\"https:\/\/espiritodacomporta.com\/app\/uploads\/2022\/11\/peniche.jpeg 1024w, https:\/\/espiritodacomporta.com\/app\/uploads\/2022\/11\/peniche-300x225.jpeg 300w, https:\/\/espiritodacomporta.com\/app\/uploads\/2022\/11\/peniche-768x576.jpeg 768w\" sizes=\"auto, (max-width: 1024px) 100vw, 1024px\" \/><figcaption class=\"wp-element-caption\">Flickr por Vitor Oliveira<\/figcaption><\/figure>\n\n<p><strong>Outras atrac\u00e7\u00f5es:<\/strong><\/p>\n\n<ul class=\"wp-block-list\">\n<li>Praia do baleal<\/li>\n\n\n\n<li>Cabo carvoeiro<\/li>\n\n\n\n<li>Pap\u00f4a<\/li>\n\n\n\n<li>Fotaleza de peniche<\/li>\n\n\n\n<li>Forte de S\u00e3o Jo\u00e3o Batista<\/li>\n\n\n\n<li>Bairro do visconde<\/li>\n<\/ul>\n\n<p><strong>Outras aldeias costeiras a n\u00e3o perder nesta regi\u00e3o<\/strong><\/p>\n\n<ul class=\"wp-block-list\">\n<li>Figueira da Foz<\/li>\n\n\n\n<li>Foz do arelho<\/li>\n\n\n\n<li>Ericeira<\/li>\n<\/ul>\n\n<p>Sintra e Cascais s\u00e3o duas outras cidades, a 40 minutos da capital, que n\u00e3o pode deixar de visitar.<a href=\"https:\/\/espiritodacomporta.com\/pt-pt\/os-melhores-locais-em-lisboa\/\"> Veja o nosso artigo sobre os melhores s\u00edtios nos arredores de Lisboa<\/a>.<\/p>\n\n<h2 class=\"wp-block-heading\"><strong>Onde fica a costa sul de Portugal?<\/strong><\/h2>\n\n<p>O sul de Portugal come\u00e7a na regi\u00e3o do Alentejo e termina na regi\u00e3o do Algarve, sendo esta \u00faltima a mais procurada pelos turistas.<\/p>\n\n<p>Dividido entre o Alentejo e o Algarve, siga as nossas recomenda\u00e7\u00f5es abaixo.<\/p>\n\n<h3 class=\"wp-block-heading\"><strong>Alentejo:<\/strong><\/h3>\n\n<h3 class=\"wp-block-heading\"><strong>Set\u00fabal<\/strong> <\/h3>\n\n<p id=\"setubal\">A 40 kms de Lisboa, esta cidade tem muitas atrac\u00e7\u00f5es \u00e0 sua volta. Para al\u00e9m de ser o melhor local do pa\u00eds para comer peixe grelhado e choco frito, Set\u00fabal tem o parque natural da Serra da Arr\u00e1bida, onde as paisagens s\u00e3o id\u00edlicas e \u00fanicas. As praias s\u00e3o de \u00e1guas cristalinas e os trilhos em densos bosques. \u00c9 de facto um local do pa\u00eds onde a natureza reina e a maioria das atrac\u00e7\u00f5es s\u00e3o ao ar livre. Em Set\u00fabal, sendo uma cidade, existem outros tipos de atrac\u00e7\u00f5es, como o castelo de S\u00e3o Filipe ou o mercado do livramento. \u00c9 tamb\u00e9m em Set\u00fabal que \u00e9 poss\u00edvel apanhar um ferry e explorar outra regi\u00e3o que tem sido muito popular nos \u00faltimos anos:       <\/p>\n\n<h3 class=\"wp-block-heading\"><strong>Comporta<\/strong><\/h3>\n\n<p id=\"comporta\"><a href=\"https:\/\/espiritodacomporta.com\/pt-pt\/\">A Comporta<\/a> \u00e9 outro para\u00edso em Portugal. Mais procurada no ver\u00e3o, aqui o tempo p\u00e1ra e tudo \u00e9 descontra\u00eddo e harmonioso. <\/p>\n\n<p>Conhecida pelos seus restaurantes de qualidade, pelas suas cegonhas e pelos tons azuis da regi\u00e3o, esta zona oferece muitas praias ao longo da costa para todos os gostos.<\/p>\n\n<figure class=\"wp-block-image size-large\"><img loading=\"lazy\" decoding=\"async\" width=\"1024\" height=\"576\" data-attachment-id=\"41659\" data-permalink=\"https:\/\/espiritodacomporta.com\/pt-pt\/autumn-in-portugal\/comporta-blue-sea\/\" data-orig-file=\"https:\/\/espiritodacomporta.com\/app\/uploads\/2022\/07\/comporta-blue-sea-scaled.webp\" data-orig-size=\"2560,1440\" data-comments-opened=\"0\" data-image-meta=\"{&quot;aperture&quot;:&quot;0&quot;,&quot;credit&quot;:&quot;&quot;,&quot;camera&quot;:&quot;&quot;,&quot;caption&quot;:&quot;&quot;,&quot;created_timestamp&quot;:&quot;0&quot;,&quot;copyright&quot;:&quot;&quot;,&quot;focal_length&quot;:&quot;0&quot;,&quot;iso&quot;:&quot;0&quot;,&quot;shutter_speed&quot;:&quot;0&quot;,&quot;title&quot;:&quot;&quot;,&quot;orientation&quot;:&quot;0&quot;}\" data-image-title=\"comporta-blue-sea\" data-image-description=\"\" data-image-caption=\"\" data-medium-file=\"https:\/\/espiritodacomporta.com\/app\/uploads\/2022\/07\/comporta-blue-sea-300x169.webp\" data-large-file=\"https:\/\/espiritodacomporta.com\/app\/uploads\/2022\/07\/comporta-blue-sea-1024x576.webp\" src=\"\/app\/uploads\/2022\/07\/comporta-blue-sea-1024x576.webp\" alt=\"comporta-azul-marinho\" class=\"wp-image-41659\" srcset=\"https:\/\/espiritodacomporta.com\/app\/uploads\/2022\/07\/comporta-blue-sea-1024x576.webp 1024w, https:\/\/espiritodacomporta.com\/app\/uploads\/2022\/07\/comporta-blue-sea-300x169.webp 300w, https:\/\/espiritodacomporta.com\/app\/uploads\/2022\/07\/comporta-blue-sea-768x432.webp 768w, https:\/\/espiritodacomporta.com\/app\/uploads\/2022\/07\/comporta-blue-sea-1536x864.webp 1536w, https:\/\/espiritodacomporta.com\/app\/uploads\/2022\/07\/comporta-blue-sea-2048x1152.webp 2048w\" sizes=\"auto, (max-width: 1024px) 100vw, 1024px\" \/><\/figure>\n\n<p>Andar a cavalo, andar de barco, andar de bicicleta pelos famosos campos de arroz ou explorar as dunas com um jipe todo-o-terreno s\u00e3o actividades muito populares.  <\/p>\n\n<p>A maioria dos<a href=\"https:\/\/espiritodacomporta.com\/pt-pt\/hoteis-na-comporta\/\"> hot\u00e9is na Comporta <\/a> ou nas magn\u00edficas<a href=\"https:\/\/espiritodacomporta.com\/pt-pt\/alugue-sua-vila-em-comporta\/\"> casas de ver\u00e3o<\/a> respeitam a identidade da regi\u00e3o com os seus telhados de colmo e p\u00e9rgulas e s\u00e3o aut\u00eanticos retiros para melhor desfrutar dos seus dias de descanso.<\/p>\n\n<h3 class=\"wp-block-heading\"><strong>Porto c\u00f4vo<\/strong> <\/h3>\n\n<p id=\"porto-covo\">No litoral alentejano \u00e9 poss\u00edvel parar nesta pequena aldeia de tons azuis e brancos e apreciar a paisagem natural que oferece. \u00c9 uma vila piscat\u00f3ria com menos de 1000 habitantes, no entanto \u00e9 muito procurada nos meses mais quentes pelas v\u00e1rias praias que possui e naturalmente nesta \u00e9poca apresenta mais anima\u00e7\u00e3o. A praia que todos procuram \u00e9 a praia do samoqueiro, no entanto \u00e9 uma das v\u00e1rias praias bonitas que existem nesta costa.  <\/p>\n\n<h3 class=\"wp-block-heading\"><strong>N\u00e3o deixe de visitar esta costa:<\/strong><\/h3>\n\n<ul class=\"wp-block-list\">\n<li>Vila nova de mil fontes<\/li>\n\n\n\n<li>Odeceixe<\/li>\n<\/ul>\n\n<h3 class=\"wp-block-heading\"><strong>Algarve  <\/strong><\/h3>\n\n<p>O Algarve \u00e9 a regi\u00e3o mais popular em Portugal para f\u00e9rias de ver\u00e3o. Albufeira, Vilamoura e Lagos s\u00e3o as mais populares. Para al\u00e9m de o aconselharmos a explorar estas cidades, recomendamos as seguintes, que s\u00e3o menos concorridas nos meses mais quentes:  <\/p>\n\n<h3 class=\"wp-block-heading\"><strong>Aljezur<\/strong> <\/h3>\n\n<p id=\"aljezur\">Fundada pelos \u00e1rabes no s\u00e9culo X, e tomada pelos mouros no s\u00e9culo XIII, \u00e9 uma aldeia que nos remete para um passado, pelos muitos vest\u00edgios arqueol\u00f3gicos encontrados. \u00c9 um concelho com 4 freguesias, onde as principais atrac\u00e7\u00f5es s\u00e3o as igrejas, os castelos e os fortes. No entanto esta regi\u00e3o tem muitas praias com fal\u00e9sias imponentes, que conquistam a curiosidade dos portugueses e estrangeiros. \u00c9 de cortar a respira\u00e7\u00e3o.   <\/p>\n\n<figure class=\"wp-block-image size-full\"><img loading=\"lazy\" decoding=\"async\" width=\"1024\" height=\"819\" data-attachment-id=\"46270\" data-permalink=\"https:\/\/espiritodacomporta.com\/pt-pt\/coastal-towns-in-portugal\/aljezur\/\" data-orig-file=\"https:\/\/espiritodacomporta.com\/app\/uploads\/2022\/11\/aljezur.webp\" data-orig-size=\"1024,819\" data-comments-opened=\"0\" data-image-meta=\"{&quot;aperture&quot;:&quot;0&quot;,&quot;credit&quot;:&quot;&quot;,&quot;camera&quot;:&quot;&quot;,&quot;caption&quot;:&quot;&quot;,&quot;created_timestamp&quot;:&quot;0&quot;,&quot;copyright&quot;:&quot;&quot;,&quot;focal_length&quot;:&quot;0&quot;,&quot;iso&quot;:&quot;0&quot;,&quot;shutter_speed&quot;:&quot;0&quot;,&quot;title&quot;:&quot;&quot;,&quot;orientation&quot;:&quot;0&quot;}\" data-image-title=\"aljezur\" data-image-description=\"\" data-image-caption=\"\" data-medium-file=\"https:\/\/espiritodacomporta.com\/app\/uploads\/2022\/11\/aljezur-300x240.webp\" data-large-file=\"https:\/\/espiritodacomporta.com\/app\/uploads\/2022\/11\/aljezur.webp\" src=\"\/app\/uploads\/2022\/11\/aljezur.webp\" alt=\"aljezur-portugal\" class=\"wp-image-46270\" srcset=\"https:\/\/espiritodacomporta.com\/app\/uploads\/2022\/11\/aljezur.webp 1024w, https:\/\/espiritodacomporta.com\/app\/uploads\/2022\/11\/aljezur-300x240.webp 300w, https:\/\/espiritodacomporta.com\/app\/uploads\/2022\/11\/aljezur-768x614.webp 768w\" sizes=\"auto, (max-width: 1024px) 100vw, 1024px\" \/><figcaption class=\"wp-element-caption\">Flickr por Geerd-Olaf Freyer<\/figcaption><\/figure>\n\n<h3 class=\"wp-block-heading\"><strong>Tavira<\/strong> <\/h3>\n\n<p id=\"tavira\">De origem pr\u00e9-romana, \u00e9 uma vila encantadora onde o tempo p\u00e1ra. A cidade atravessa o rio Gil\u00e3o, est\u00e1 virada para o mar e ainda tem a ria formosa. Nela podemos ter acesso a uma natureza diversificada. A melhor forma de explorar esta cidade \u00e9 passear e perceber os recantos de cada canto. \u00c0 sua volta, pode tamb\u00e9m encontrar as casas de campo de Tavira e a ilha de Tavira. As suas praias, com o seu extenso areal e \u00e1guas calmas, s\u00e3o a grande atra\u00e7\u00e3o de muitos turistas. \u00c9, de facto, um local a n\u00e3o perder.      <\/p>\n\n<p><strong>N\u00e3o se esque\u00e7a de o visitar tamb\u00e9m:<\/strong><\/p>\n\n<ul class=\"wp-block-list\">\n<li>Sagres<\/li>\n\n\n\n<li>Faro<\/li>\n\n\n\n<li>Olh\u00e3o<\/li>\n<\/ul>\n\n<p>Portugal \u00e9 um pa\u00eds pequeno mas com uma costa impressionante. As carater\u00edsticas do norte s\u00e3o diferentes das do centro e do sul. A hist\u00f3ria do pa\u00eds est\u00e1 dividida e as ocupa\u00e7\u00f5es deixaram marcas muito carater\u00edsticas em cada aldeia.  <\/p>\n\n<p>Desfrute de tudo o que este pa\u00eds tem para oferecer!<\/p>\n","protected":false},"excerpt":{"rendered":"<p>Portugal situa-se no extremo sudoeste da Europa e \u00e9 um pa\u00eds com 10 milh\u00f5es de habitantes que, geograficamente, \u00e9 privilegiado pela sua costa, que tem 943 km de comprimento, sem esquecer os seus dois arquip\u00e9lagos, Madeira e A\u00e7ores, com 250 kms e 667 kms respetivamente. De norte a sul, cada cidade tem as suas pr\u00f3prias <\/p>\n<div class=\"goto\"><a href=\"https:\/\/espiritodacomporta.com\/pt-pt\/cidades-costeiras-em-portugal\/\">Ler mais<\/a><\/div>\n","protected":false},"author":7,"featured_media":0,"comment_status":"open","ping_status":"open","sticky":false,"template":"","format":"standard","meta":{"_acf_changed":false,"inline_featured_image":false,"footnotes":""},"categories":[3969,3971],"tags":[],"class_list":["post-99577","post","type-post","status-publish","format-standard","hentry","category-sinta-a-natureza","category-procurando-por-beleza"],"acf":[],"yoast_head":"<!-- This site is optimized with the Yoast SEO Premium plugin v27.2 (Yoast SEO v27.2) - https:\/\/yoast.com\/product\/yoast-seo-premium-wordpress\/ -->\n<title>Cidades costeiras de Portugal<\/title>\n<meta name=\"description\" content=\"Portugal \u00e9 um pa\u00eds pequeno mas com uma costa impressionante. Descubra quais s\u00e3o os melhores s\u00edtios de norte a sul!\" \/>\n<meta name=\"robots\" content=\"index, follow, max-snippet:-1, max-image-preview:large, max-video-preview:-1\" \/>\n<link rel=\"canonical\" href=\"https:\/\/espiritodacomporta.com\/pt-pt\/cidades-costeiras-em-portugal\/\" \/>\n<meta property=\"og:locale\" content=\"pt_PT\" \/>\n<meta property=\"og:type\" content=\"article\" \/>\n<meta property=\"og:title\" content=\"Cidades costeiras em Portugal\" \/>\n<meta property=\"og:description\" content=\"Portugal \u00e9 um pa\u00eds pequeno mas com uma costa impressionante. Descubra quais s\u00e3o os melhores s\u00edtios de norte a sul!\" \/>\n<meta property=\"og:url\" content=\"https:\/\/espiritodacomporta.com\/pt-pt\/cidades-costeiras-em-portugal\/\" \/>\n<meta property=\"og:site_name\" content=\"Live &amp; Feel Comporta Portugal\" \/>\n<meta property=\"article:published_time\" content=\"2026-02-06T11:16:55+00:00\" \/>\n<meta property=\"article:modified_time\" content=\"2026-02-06T11:16:57+00:00\" \/>\n<meta name=\"author\" content=\"Info\" \/>\n<meta name=\"twitter:card\" content=\"summary_large_image\" \/>\n<meta name=\"twitter:label1\" content=\"Written by\" \/>\n\t<meta name=\"twitter:data1\" content=\"Info\" \/>\n\t<meta name=\"twitter:label2\" content=\"Est. reading time\" \/>\n\t<meta name=\"twitter:data2\" content=\"9 minutes\" \/>\n<script type=\"application\/ld+json\" class=\"yoast-schema-graph\">{\"@context\":\"https:\/\/schema.org\",\"@graph\":[{\"@type\":\"Article\",\"@id\":\"https:\/\/espiritodacomporta.com\/pt-pt\/cidades-costeiras-em-portugal\/#article\",\"isPartOf\":{\"@id\":\"https:\/\/espiritodacomporta.com\/pt-pt\/cidades-costeiras-em-portugal\/\"},\"author\":{\"name\":\"Info\",\"@id\":\"https:\/\/espiritodacomporta.com\/pt-pt\/#\/schema\/person\/c76d29ce59d104bde14812d3465de878\"},\"headline\":\"Cidades costeiras em Portugal\",\"datePublished\":\"2026-02-06T11:16:55+00:00\",\"dateModified\":\"2026-02-06T11:16:57+00:00\",\"mainEntityOfPage\":{\"@id\":\"https:\/\/espiritodacomporta.com\/pt-pt\/cidades-costeiras-em-portugal\/\"},\"wordCount\":1797,\"commentCount\":0,\"publisher\":{\"@id\":\"https:\/\/espiritodacomporta.com\/pt-pt\/#organization\"},\"articleSection\":[\"Sinta a natureza\",\"Procurando por beleza\"],\"inLanguage\":\"pt-PT\",\"potentialAction\":[{\"@type\":\"CommentAction\",\"name\":\"Comment\",\"target\":[\"https:\/\/espiritodacomporta.com\/pt-pt\/cidades-costeiras-em-portugal\/#respond\"]}]},{\"@type\":\"WebPage\",\"@id\":\"https:\/\/espiritodacomporta.com\/pt-pt\/cidades-costeiras-em-portugal\/\",\"url\":\"https:\/\/espiritodacomporta.com\/pt-pt\/cidades-costeiras-em-portugal\/\",\"name\":\"Cidades costeiras de Portugal\",\"isPartOf\":{\"@id\":\"https:\/\/espiritodacomporta.com\/pt-pt\/#website\"},\"datePublished\":\"2026-02-06T11:16:55+00:00\",\"dateModified\":\"2026-02-06T11:16:57+00:00\",\"description\":\"Portugal \u00e9 um pa\u00eds pequeno mas com uma costa impressionante. Descubra quais s\u00e3o os melhores s\u00edtios de norte a sul!\",\"breadcrumb\":{\"@id\":\"https:\/\/espiritodacomporta.com\/pt-pt\/cidades-costeiras-em-portugal\/#breadcrumb\"},\"inLanguage\":\"pt-PT\",\"potentialAction\":[{\"@type\":\"ReadAction\",\"target\":[\"https:\/\/espiritodacomporta.com\/pt-pt\/cidades-costeiras-em-portugal\/\"]}]},{\"@type\":\"BreadcrumbList\",\"@id\":\"https:\/\/espiritodacomporta.com\/pt-pt\/cidades-costeiras-em-portugal\/#breadcrumb\",\"itemListElement\":[{\"@type\":\"ListItem\",\"position\":1,\"name\":\"Home\",\"item\":\"https:\/\/espiritodacomporta.com\/pt-pt\/\"},{\"@type\":\"ListItem\",\"position\":2,\"name\":\"Sem categoria\",\"item\":\"https:\/\/espiritodacomporta.com\/pt-pt\/category\/sem-categoria\/\"},{\"@type\":\"ListItem\",\"position\":3,\"name\":\"Cidades costeiras em Portugal\"}]},{\"@type\":\"WebSite\",\"@id\":\"https:\/\/espiritodacomporta.com\/pt-pt\/#website\",\"url\":\"https:\/\/espiritodacomporta.com\/pt-pt\/\",\"name\":\"Live & Feel Comporta Portugal\",\"description\":\"\",\"publisher\":{\"@id\":\"https:\/\/espiritodacomporta.com\/pt-pt\/#organization\"},\"potentialAction\":[{\"@type\":\"SearchAction\",\"target\":{\"@type\":\"EntryPoint\",\"urlTemplate\":\"https:\/\/espiritodacomporta.com\/pt-pt\/?s={search_term_string}\"},\"query-input\":{\"@type\":\"PropertyValueSpecification\",\"valueRequired\":true,\"valueName\":\"search_term_string\"}}],\"inLanguage\":\"pt-PT\"},{\"@type\":\"Organization\",\"@id\":\"https:\/\/espiritodacomporta.com\/pt-pt\/#organization\",\"name\":\"Espirito da Comporta\",\"url\":\"https:\/\/espiritodacomporta.com\/pt-pt\/\",\"logo\":{\"@type\":\"ImageObject\",\"inLanguage\":\"pt-PT\",\"@id\":\"https:\/\/espiritodacomporta.com\/pt-pt\/#\/schema\/logo\/image\/\",\"url\":\"https:\/\/espiritodacomporta.com\/app\/uploads\/2023\/09\/LOGO-SIGNATURE@4x.png\",\"contentUrl\":\"https:\/\/espiritodacomporta.com\/app\/uploads\/2023\/09\/LOGO-SIGNATURE@4x.png\",\"width\":321,\"height\":385,\"caption\":\"Espirito da Comporta\"},\"image\":{\"@id\":\"https:\/\/espiritodacomporta.com\/pt-pt\/#\/schema\/logo\/image\/\"},\"sameAs\":[\"https:\/\/www.instagram.com\/almadacomporta\/\"]},{\"@type\":\"Person\",\"@id\":\"https:\/\/espiritodacomporta.com\/pt-pt\/#\/schema\/person\/c76d29ce59d104bde14812d3465de878\",\"name\":\"Info\",\"image\":{\"@type\":\"ImageObject\",\"inLanguage\":\"pt-PT\",\"@id\":\"https:\/\/secure.gravatar.com\/avatar\/dee735d7b19944762d18cdf00966586c0ffcea9da4d03f8be9d25dcff9972207?s=96&d=mm&r=g\",\"url\":\"https:\/\/secure.gravatar.com\/avatar\/dee735d7b19944762d18cdf00966586c0ffcea9da4d03f8be9d25dcff9972207?s=96&d=mm&r=g\",\"contentUrl\":\"https:\/\/secure.gravatar.com\/avatar\/dee735d7b19944762d18cdf00966586c0ffcea9da4d03f8be9d25dcff9972207?s=96&d=mm&r=g\",\"caption\":\"Info\"}}]}<\/script>\n<!-- \/ Yoast SEO Premium plugin. -->","yoast_head_json":{"title":"Cidades costeiras de Portugal","description":"Portugal \u00e9 um pa\u00eds pequeno mas com uma costa impressionante. Descubra quais s\u00e3o os melhores s\u00edtios de norte a sul!","robots":{"index":"index","follow":"follow","max-snippet":"max-snippet:-1","max-image-preview":"max-image-preview:large","max-video-preview":"max-video-preview:-1"},"canonical":"https:\/\/espiritodacomporta.com\/pt-pt\/cidades-costeiras-em-portugal\/","og_locale":"pt_PT","og_type":"article","og_title":"Cidades costeiras em Portugal","og_description":"Portugal \u00e9 um pa\u00eds pequeno mas com uma costa impressionante. Descubra quais s\u00e3o os melhores s\u00edtios de norte a sul!","og_url":"https:\/\/espiritodacomporta.com\/pt-pt\/cidades-costeiras-em-portugal\/","og_site_name":"Live &amp; Feel Comporta Portugal","article_published_time":"2026-02-06T11:16:55+00:00","article_modified_time":"2026-02-06T11:16:57+00:00","author":"Info","twitter_card":"summary_large_image","twitter_misc":{"Written by":"Info","Est. reading time":"9 minutes"},"schema":{"@context":"https:\/\/schema.org","@graph":[{"@type":"Article","@id":"https:\/\/espiritodacomporta.com\/pt-pt\/cidades-costeiras-em-portugal\/#article","isPartOf":{"@id":"https:\/\/espiritodacomporta.com\/pt-pt\/cidades-costeiras-em-portugal\/"},"author":{"name":"Info","@id":"https:\/\/espiritodacomporta.com\/pt-pt\/#\/schema\/person\/c76d29ce59d104bde14812d3465de878"},"headline":"Cidades costeiras em Portugal","datePublished":"2026-02-06T11:16:55+00:00","dateModified":"2026-02-06T11:16:57+00:00","mainEntityOfPage":{"@id":"https:\/\/espiritodacomporta.com\/pt-pt\/cidades-costeiras-em-portugal\/"},"wordCount":1797,"commentCount":0,"publisher":{"@id":"https:\/\/espiritodacomporta.com\/pt-pt\/#organization"},"articleSection":["Sinta a natureza","Procurando por beleza"],"inLanguage":"pt-PT","potentialAction":[{"@type":"CommentAction","name":"Comment","target":["https:\/\/espiritodacomporta.com\/pt-pt\/cidades-costeiras-em-portugal\/#respond"]}]},{"@type":"WebPage","@id":"https:\/\/espiritodacomporta.com\/pt-pt\/cidades-costeiras-em-portugal\/","url":"https:\/\/espiritodacomporta.com\/pt-pt\/cidades-costeiras-em-portugal\/","name":"Cidades costeiras de Portugal","isPartOf":{"@id":"https:\/\/espiritodacomporta.com\/pt-pt\/#website"},"datePublished":"2026-02-06T11:16:55+00:00","dateModified":"2026-02-06T11:16:57+00:00","description":"Portugal \u00e9 um pa\u00eds pequeno mas com uma costa impressionante. Descubra quais s\u00e3o os melhores s\u00edtios de norte a sul!","breadcrumb":{"@id":"https:\/\/espiritodacomporta.com\/pt-pt\/cidades-costeiras-em-portugal\/#breadcrumb"},"inLanguage":"pt-PT","potentialAction":[{"@type":"ReadAction","target":["https:\/\/espiritodacomporta.com\/pt-pt\/cidades-costeiras-em-portugal\/"]}]},{"@type":"BreadcrumbList","@id":"https:\/\/espiritodacomporta.com\/pt-pt\/cidades-costeiras-em-portugal\/#breadcrumb","itemListElement":[{"@type":"ListItem","position":1,"name":"Home","item":"https:\/\/espiritodacomporta.com\/pt-pt\/"},{"@type":"ListItem","position":2,"name":"Sem categoria","item":"https:\/\/espiritodacomporta.com\/pt-pt\/category\/sem-categoria\/"},{"@type":"ListItem","position":3,"name":"Cidades costeiras em Portugal"}]},{"@type":"WebSite","@id":"https:\/\/espiritodacomporta.com\/pt-pt\/#website","url":"https:\/\/espiritodacomporta.com\/pt-pt\/","name":"Live & Feel Comporta Portugal","description":"","publisher":{"@id":"https:\/\/espiritodacomporta.com\/pt-pt\/#organization"},"potentialAction":[{"@type":"SearchAction","target":{"@type":"EntryPoint","urlTemplate":"https:\/\/espiritodacomporta.com\/pt-pt\/?s={search_term_string}"},"query-input":{"@type":"PropertyValueSpecification","valueRequired":true,"valueName":"search_term_string"}}],"inLanguage":"pt-PT"},{"@type":"Organization","@id":"https:\/\/espiritodacomporta.com\/pt-pt\/#organization","name":"Espirito da Comporta","url":"https:\/\/espiritodacomporta.com\/pt-pt\/","logo":{"@type":"ImageObject","inLanguage":"pt-PT","@id":"https:\/\/espiritodacomporta.com\/pt-pt\/#\/schema\/logo\/image\/","url":"https:\/\/espiritodacomporta.com\/app\/uploads\/2023\/09\/LOGO-SIGNATURE@4x.png","contentUrl":"https:\/\/espiritodacomporta.com\/app\/uploads\/2023\/09\/LOGO-SIGNATURE@4x.png","width":321,"height":385,"caption":"Espirito da Comporta"},"image":{"@id":"https:\/\/espiritodacomporta.com\/pt-pt\/#\/schema\/logo\/image\/"},"sameAs":["https:\/\/www.instagram.com\/almadacomporta\/"]},{"@type":"Person","@id":"https:\/\/espiritodacomporta.com\/pt-pt\/#\/schema\/person\/c76d29ce59d104bde14812d3465de878","name":"Info","image":{"@type":"ImageObject","inLanguage":"pt-PT","@id":"https:\/\/secure.gravatar.com\/avatar\/dee735d7b19944762d18cdf00966586c0ffcea9da4d03f8be9d25dcff9972207?s=96&d=mm&r=g","url":"https:\/\/secure.gravatar.com\/avatar\/dee735d7b19944762d18cdf00966586c0ffcea9da4d03f8be9d25dcff9972207?s=96&d=mm&r=g","contentUrl":"https:\/\/secure.gravatar.com\/avatar\/dee735d7b19944762d18cdf00966586c0ffcea9da4d03f8be9d25dcff9972207?s=96&d=mm&r=g","caption":"Info"}}]}},"jetpack_featured_media_url":"","_links":{"self":[{"href":"https:\/\/espiritodacomporta.com\/pt-pt\/wp-json\/wp\/v2\/posts\/99577","targetHints":{"allow":["GET"]}}],"collection":[{"href":"https:\/\/espiritodacomporta.com\/pt-pt\/wp-json\/wp\/v2\/posts"}],"about":[{"href":"https:\/\/espiritodacomporta.com\/pt-pt\/wp-json\/wp\/v2\/types\/post"}],"author":[{"embeddable":true,"href":"https:\/\/espiritodacomporta.com\/pt-pt\/wp-json\/wp\/v2\/users\/7"}],"replies":[{"embeddable":true,"href":"https:\/\/espiritodacomporta.com\/pt-pt\/wp-json\/wp\/v2\/comments?post=99577"}],"version-history":[{"count":1,"href":"https:\/\/espiritodacomporta.com\/pt-pt\/wp-json\/wp\/v2\/posts\/99577\/revisions"}],"predecessor-version":[{"id":99579,"href":"https:\/\/espiritodacomporta.com\/pt-pt\/wp-json\/wp\/v2\/posts\/99577\/revisions\/99579"}],"wp:attachment":[{"href":"https:\/\/espiritodacomporta.com\/pt-pt\/wp-json\/wp\/v2\/media?parent=99577"}],"wp:term":[{"taxonomy":"category","embeddable":true,"href":"https:\/\/espiritodacomporta.com\/pt-pt\/wp-json\/wp\/v2\/categories?post=99577"},{"taxonomy":"post_tag","embeddable":true,"href":"https:\/\/espiritodacomporta.com\/pt-pt\/wp-json\/wp\/v2\/tags?post=99577"}],"curies":[{"name":"wp","href":"https:\/\/api.w.org\/{rel}","templated":true}]}}